{"id":154392,"date":"2022-11-16T14:30:26","date_gmt":"2022-11-16T13:30:26","guid":{"rendered":"https:\/\/www.salzburgerland.com\/cs\/?p=154392"},"modified":"2022-11-16T14:30:56","modified_gmt":"2022-11-16T13:30:56","slug":"ticha-noc-myty-a-legendy","status":"publish","type":"post","link":"https:\/\/www.salzburgerland.com\/cs\/ticha-noc-myty-a-legendy\/","title":{"rendered":"M\u00fdty a legendy"},"content":{"rendered":"<h2>Varhany v\u00a0kostele byly rozbit\u00e9 kv\u016fli my\u0161i<\/h2>\n<p><strong>Pravdivost: 0%<\/strong><\/p>\n<p>P\u0159edev\u0161\u00edm okolo prvn\u00edho uveden\u00ed p\u00edsn\u011b \u201eTich\u00e1 noc, svat\u00e1 noc\u201c, panuje mnoho legend a p\u0159ikr\u00e1\u0161len\u00fdch p\u0159\u00edb\u011bh\u016f. V\u00a0centru pozornosti je p\u0159itom nej\u010dast\u011bji ot\u00e1zka, pro\u010d byla koleda slo\u017eena Franzem Xaverem Gruberem pro dva s\u00f3lov\u00e9 hlasy a sbor s\u00a0kytarov\u00fdm doprovodem. P\u0159eci jen byla kytara v\u00a0tehdej\u0161\u00edch \u010dasech hudebn\u00edm n\u00e1strojem spjat\u00fdm p\u0159edev\u0161\u00edm s\u00a0prost\u0159ed\u00edm hostinc\u016f. V\u00a0kostele nem\u011bla podle dobov\u00e9ho m\u00edn\u011bn\u00ed co d\u011blat. Jako vysv\u011btlen\u00ed se objevil p\u0159\u00edb\u011bh s\u00a0my\u0161\u00ed, kter\u00fd se vypr\u00e1v\u00ed a\u017e dodnes. Hladov\u00e1 my\u0161 \u00fadajn\u011b nakousala m\u011bchy kosteln\u00edch varhan. Tento hudebn\u00ed n\u00e1stroj na \u0160t\u011bdr\u00fd ve\u010der nemohl vydat ani t\u00f3n a proto musela b\u00fdt melodie \u201eTich\u00e9 noci, svat\u00e9 noci\u201c hr\u00e1na na kytaru. P\u0159\u00edb\u011bh rozbit\u00fdch varhan se datuje a\u017e do roku 1909, kdy o t\u00e9to \u201eud\u00e1losti\u201c napsal Josef Gottlieb ve sv\u00e9m \u010dl\u00e1nku. Verze o nenasytn\u00e9 my\u0161i se pak nach\u00e1z\u00ed tak\u00e9 u Herthy Pauli v\u00a0roce 1954.<\/p>\n<ul>\n<li>Mnohem pravdiv\u011bj\u0161\u00ed je, \u017ee na varhany bylo mo\u017en\u00e9 hr\u00e1t. Tak\u00e9 je bylo ov\u0161em pot\u0159eba opravit. Je\u0161t\u011b v\u00a0t\u00e9m\u017ee roce byl povol\u00e1n stavitel varhan Carl Mauracher z\u00a0Zillertalu do Oberndorfu, aby se na hudebn\u00ed n\u00e1stroj pod\u00edval.<\/li>\n<li>Joseph Mohr a Franz Xaver Gruber se mohli p\u0159edem dohodnout, \u017ee b\u00e1se\u0148 zhudebn\u00ed za pomoci kytary, proto\u017ee skladbu m\u011bli v pl\u00e1nu zp\u00edvat teprve a\u017e na z\u00e1v\u011br p\u016flno\u010dn\u00ed m\u0161e p\u0159ed jesli\u010dkami.<\/li>\n<\/ul>\n<h2>P\u00edse\u0148 \u201eTich\u00e1 noc, svat\u00e1 noc\u201c slo\u017eil Michael Haydn<\/h2>\n<p><strong>Pravdivost: 0 %<\/strong><\/p>\n<p>Jm\u00e9na autor\u016f textu a hudby \u201eTich\u00e9 noci\u201c, Josepha Mohra a Franze Xavera Grubera, byla mnoho let nezn\u00e1m\u00e1. V\u00a0roce 1854 v\u0161ak kr\u00e1lovsk\u00e1 dvorn\u00ed kapela v\u00a0Berl\u00edn\u011b poslala do opatstv\u00ed Sv. Petra v\u00a0Salcburku dotaz ohledn\u011b p\u016fvodu p\u00edsn\u011b, kterou cht\u011bla za\u0159adit do sv\u00e9ho reperto\u00e1ru. P\u0159edpokl\u00e1dalo se, \u017ee \u201eTichou noc\u201c slo\u017eil Michael Haydn, kter\u00fd byl \u00fazce spjat\u00fd s kl\u00e1\u0161terem\u00a0Sv. Petra. Ve zdej\u0161\u00edm sboru v\u00a0t\u00e9 dob\u011b ov\u0161em zp\u00edval syn Franze Xavera Grubera Felix, kter\u00fd o dopise informoval sv\u00e9ho otce. Ten pak ve sv\u00e9m p\u016fsobi\u0161ti v\u00a0Halleinu napsal prohl\u00e1\u0161en\u00ed o autorstv\u00ed v\u00e1no\u010dn\u00ed p\u00edsn\u011b, kde tak\u00e9 p\u0159ibl\u00ed\u017eil p\u0159\u00edb\u011bh vzniku p\u00edsn\u011b.<\/p>\n<h2>\u201eTich\u00e1 noc, svat\u00e1 noc\u201c je tyrolskou p\u00edsn\u00ed<\/h2>\n<p><strong>Pravdivost: 0 %<\/strong><\/p>\n<p>Domn\u011bnka, \u017ee je p\u00edse\u0148 \u201eTich\u00e1 noc, svat\u00e1 noc\u201c tyrolskou p\u00edsn\u00ed, je \u00fazce spjat\u00e1 s\u00a0okolnost\u00ed, \u017ee se mezin\u00e1rodn\u011b proslavila d\u00edky farm\u00e1\u0159sk\u00e9 rodin\u011b z\u00a0tyrolsk\u00e9ho Zillertalu. Sem, do sv\u00e9 domoviny, p\u00edse\u0148 p\u0159ivezl Carl Mauracher ze sv\u00e9 pracovn\u00ed cesty za opravami varhan v\u00a0Oberndorfu. V\u00a0Zillertalu se koledu nau\u010dila p\u011bvecky nadan\u00e1 selsk\u00e1 rodina, kter\u00e1 si b\u011bhem zimy p\u0159ivyd\u011bl\u00e1vala na cest\u00e1ch po Evrop\u011b prodejem sv\u00e9ho zbo\u017e\u00ed. Takzvan\u00ed Tyrol\u0161t\u00ed n\u00e1rodn\u00ed p\u011bvci p\u0159evzali skladbu do sv\u00e9ho reperto\u00e1ru a zp\u00edvali ji na v\u00e1no\u010dn\u00edch trz\u00edch, kde prod\u00e1vali sv\u00e9 v\u00fdrobky. Nejprve to byli sourozenci Strasserovi a pot\u00e9 i Rainerovi, kte\u0159\u00ed proslavili p\u00edse\u0148 za hranicemi. Jedno z\u00a0prvn\u00edch uve\u0159ejn\u011bn\u00ed p\u00edsn\u011b se datuje v\u00a0Dr\u00e1\u017e\u010fanech do roku 1830. Nakladatel August Robert Friese publikoval skladbu ve sb\u00edrce s\u00a0n\u00e1zvem \u201e\u010cty\u0159i prav\u00e9 tyrolsk\u00e9 p\u00edsn\u011b\u201c. Tak vznikl m\u00fdtus, \u017ee je \u201eStille Nacht! Heilige Nacht!\u201c tyrolskou p\u00edsn\u00ed.<\/p>\n<h2>Lebka Josepha Mohra byla exhumov\u00e1na<\/h2>\n<p><strong>Pravdivost: 100 %<\/strong><\/p>\n<p>Na h\u0159bitov\u011b ve Wagrainu je skute\u010dn\u011b poh\u0159beno t\u011blo far\u00e1\u0159e, ne v\u0161ak jeho lebka. Jak je to mo\u017en\u00e9? V\u00a0roce 1912 cht\u011bl socha\u0159 a far\u00e1\u0159 Joseph M\u00fchlbacher zhotovit pomn\u00edk Grubera a Mohra. Ten se ale po cel\u00fd \u017eivot br\u00e1nil portr\u00e9tov\u00e1n\u00ed, tak\u017ee nebylo v\u016fbec z\u0159ejm\u00e9, jak vypadal. K\u00a0tomuto \u00fa\u010delu tedy byla za\u0159\u00edzena exhumace jeho lebky. Hrob ve Wagrainu byl nalezen a \u010d\u00e1st t\u011bla odebr\u00e1na. Po dokon\u010den\u00ed pomn\u00edku u\u017e ov\u0161em nebyla lebka dopravena zp\u011bt na wagrainsk\u00fd h\u0159bitov. Byla ulo\u017eena na\u00a0oberndorfsk\u00e9m obecn\u00edm \u00fa\u0159ad\u011b a\u017e do stavby vzpom\u00ednkov\u00e9 kapli\u010dky v\u011bnovan\u00e9 p\u00edsni Tich\u00e1 noc, kde byla nakonec zazd\u011bna. Odlitek reli\u00e9fu se nach\u00e1z\u00ed na \u00fapat\u00ed kopce, na kter\u00e9m stoj\u00ed kaple pojmenovan\u00e1 Stille-Nacht-Kapelle. Pravdou ov\u0161em je, \u017ee toto vyobrazen\u00ed Mohra m\u00e1 se skute\u010dnost\u00ed jen pram\u00e1lo spole\u010dn\u00e9ho. V\u00a0roce 1912 nebyly rozhodn\u011b tak dokonal\u00e9 techniky, aby bylo mo\u017en\u00e9 prov\u00e9st realistickou rekonstrukci lebky \u010dlov\u011bka.<\/p>\n<h2>Joseph Mohr a pytl\u00e1k z\u00a0Hintersee<\/h2>\n<p><strong>Pravdivost: 85 %<\/strong><\/p>\n<p>Dodnes se vypr\u00e1v\u00ed v\u00a0Hintersee, kde Joseph Mohr poprv\u00e9 za\u010d\u00ednal jako samostatn\u00fd far\u00e1\u0159, \u017ee odkoupil od pytl\u00e1ka maso, aby ho poskytl chud\u00e9 rodin\u011b s\u00a0mnoha d\u011btmi. Mnoz\u00ed lid\u00e9 z 272 obyvatel Hintersee si tehdy p\u0159ilep\u0161ovali d\u00edky p\u0159\u00edsn\u011b postihovan\u00e9mu pytl\u00e1ctv\u00ed. Odkud Mohr z\u00edskal pen\u00edze na \u201ezak\u00e1zanou\u201c zv\u011b\u0159inu, je nejasn\u00e9. Sotva k\u00a0tomu v\u0161ak mohl vynalo\u017eit vlastn\u00ed prost\u0159edky. \u0158\u00edk\u00e1 se, \u017ee si mo\u017en\u00e1 \u201ep\u016fj\u010dil\u201c pen\u00edze v\u00a0kostele z\u00a0m\u011b\u0161ce od zvon\u00edka. Kv\u016fli tomu mohl b\u00fdt tak\u00e9 dopaden a ud\u00e1n, neodpykal si za to ov\u0161em trest ve v\u011bzen\u00ed.<\/p>\n<h2>Existuje prav\u00fd \u010das, kdy se m\u016f\u017ee zp\u00edvat \u201eTich\u00e1 noc\u201c<\/h2>\n<p><strong>Pravdivost: 0 \u2013 100 %<\/strong><\/p>\n<p>Zat\u00edmco v\u00a0nejr\u016fzn\u011bj\u0161\u00edch zem\u00edch \u201eTich\u00e1 noc, svat\u00e1 noc\u201c hraje z\u00a0r\u00e1di\u00ed po celou dobu p\u0159ed V\u00e1nocemi, dr\u017e\u00ed se v\u011bt\u0161inou v\u00a0alpsk\u00fdch oblastech striktn\u00ed pravidla. \u201eTichou noc, svatou noc\u201c je nejlep\u0161\u00ed zp\u00edvat jen 24. prosince, a to teprve na \u0160t\u011bdr\u00fd ve\u010der.<\/p>\n<p>Jeden obzvl\u00e1\u0161t\u011b odstra\u0161uj\u00edc\u00ed p\u0159\u00edklad poru\u0161en\u00ed tohoto \u201epravidla\u201c se dokonce traduje mezi d\u011btmi v\u00a0Bavorsku. Tady se \u0159\u00edk\u00e1: \u201eKdy\u017e se zp\u00edv\u00e1 tato p\u00edsni\u010dka jin\u00fd den, ne\u017e 24. prosince, zem\u0159e kv\u016fli tomu n\u011bjak\u00fd \u010dlov\u011bk.\u201c<\/p>\n","protected":false},"excerpt":{"rendered":"<p>Varhany v\u00a0kostele byly rozbit\u00e9 kv\u016fli my\u0161i Pravdivost: 0% P\u0159edev\u0161\u00edm okolo prvn\u00edho uveden\u00ed p\u00edsn\u011b \u201eTich\u00e1 noc, svat\u00e1 noc\u201c, panuje mnoho legend a p\u0159ikr\u00e1\u0161len\u00fdch p\u0159\u00edb\u011bh\u016f. V\u00a0centru pozornosti je p\u0159itom nej\u010dast\u011bji ot\u00e1zka, pro\u010d byla koleda slo\u017eena Franzem Xaverem Gruberem pro dva s\u00f3lov\u00e9 hlasy a sbor s\u00a0kytarov\u00fdm doprovodem. P\u0159eci jen byla kytara v\u00a0tehdej\u0161\u00edch \u010dasech hudebn\u00edm n\u00e1strojem spjat\u00fdm p\u0159edev\u0161\u00edm s\u00a0prost\u0159ed\u00edm [&hellip;]<\/p>\n","protected":false},"author":6,"featured_media":154393,"comment_status":"closed","ping_status":"closed","sticky":false,"template":"","format":"standard","meta":{"_acf_changed":false,"wl_entities_gutenberg":"","_relevanssi_hide_post":"","_relevanssi_hide_content":"","_relevanssi_pin_for_all":"","_relevanssi_pin_keywords":"","_relevanssi_unpin_keywords":"","_relevanssi_related_keywords":"","_relevanssi_related_include_ids":"","_relevanssi_related_exclude_ids":"","_relevanssi_related_no_append":"","_relevanssi_related_not_related":"","_relevanssi_related_posts":"","_relevanssi_noindex_reason":"","footnotes":""},"categories":[1],"tags":[],"wl_entity_type":[706],"class_list":["post-154392","post","type-post","status-publish","format-standard","has-post-thumbnail","hentry","category-uncategorized","wl_entity_type-article"],"acf":[],"yoast_head":"<!-- This site is optimized with the Yoast SEO Premium plugin v27.4 (Yoast SEO v27.4) - https:\/\/yoast.com\/product\/yoast-seo-premium-wordpress\/ -->\n<title>M\u00fdty a legendy \u00bb SalzburgerLand.com<\/title>\n<meta name=\"robots\" content=\"index, follow, max-snippet:-1, max-image-preview:large, max-video-preview:-1\" \/>\n<link rel=\"canonical\" href=\"https:\/\/www.salzburgerland.com\/cs\/ticha-noc-myty-a-legendy\/\" \/>\n<meta property=\"og:locale\" content=\"cs_CZ\" \/>\n<meta property=\"og:type\" content=\"article\" \/>\n<meta property=\"og:title\" content=\"M\u00fdty a legendy\" \/>\n<meta property=\"og:description\" content=\"Varhany v\u00a0kostele byly rozbit\u00e9 kv\u016fli my\u0161i Pravdivost: 0% P\u0159edev\u0161\u00edm okolo prvn\u00edho uveden\u00ed p\u00edsn\u011b \u201eTich\u00e1 noc, svat\u00e1 noc\u201c, panuje mnoho legend a p\u0159ikr\u00e1\u0161len\u00fdch\" \/>\n<meta property=\"og:url\" content=\"https:\/\/www.salzburgerland.com\/cs\/ticha-noc-myty-a-legendy\/\" \/>\n<meta property=\"og:site_name\" content=\"SalzburgerLand.com\" \/>\n<meta property=\"article:publisher\" content=\"https:\/\/www.facebook.com\/visitsalzburgerland\/\" \/>\n<meta property=\"article:published_time\" content=\"2022-11-16T13:30:26+00:00\" \/>\n<meta property=\"article:modified_time\" content=\"2022-11-16T13:30:56+00:00\" \/>\n<meta property=\"og:image\" content=\"https:\/\/www.salzburgerland.com\/cs\/wp-content\/uploads\/2022\/11\/tirol-achensee-03-e1509118151363-1595x840-1-1200x675.jpg\" \/>\n\t<meta property=\"og:image:width\" content=\"1200\" \/>\n\t<meta property=\"og:image:height\" content=\"675\" \/>\n\t<meta property=\"og:image:type\" content=\"image\/jpeg\" \/>\n<meta name=\"author\" content=\"Andrea \u017d\u00e1\u010dkov\u00e1\" \/>\n<meta name=\"twitter:card\" content=\"summary_large_image\" \/>\n<meta name=\"twitter:creator\" content=\"@salzburgerland\" \/>\n<meta name=\"twitter:site\" content=\"@salzburgerland\" \/>\n<meta name=\"twitter:label1\" content=\"Napsal(a)\" \/>\n\t<meta name=\"twitter:data1\" content=\"Andrea \u017d\u00e1\u010dkov\u00e1\" \/>\n\t<meta name=\"twitter:label2\" content=\"Odhadovan\u00e1 doba \u010dten\u00ed\" \/>\n\t<meta name=\"twitter:data2\" content=\"5 minut\" \/>\n<script type=\"application\/ld+json\" class=\"yoast-schema-graph\">{\"@context\":\"https:\\\/\\\/schema.org\",\"@graph\":[{\"@type\":\"Article\",\"@id\":\"https:\\\/\\\/www.salzburgerland.com\\\/cs\\\/ticha-noc-myty-a-legendy\\\/#article\",\"isPartOf\":{\"@id\":\"https:\\\/\\\/www.salzburgerland.com\\\/cs\\\/ticha-noc-myty-a-legendy\\\/\"},\"author\":{\"name\":\"Andrea \u017d\u00e1\u010dkov\u00e1\",\"@id\":\"https:\\\/\\\/www.salzburgerland.com\\\/cs\\\/#\\\/schema\\\/person\\\/dd42a4661897004df109095dbf40eeff\"},\"headline\":\"M\u00fdty a legendy\",\"datePublished\":\"2022-11-16T13:30:26+00:00\",\"dateModified\":\"2022-11-16T13:30:56+00:00\",\"mainEntityOfPage\":{\"@id\":\"https:\\\/\\\/www.salzburgerland.com\\\/cs\\\/ticha-noc-myty-a-legendy\\\/\"},\"wordCount\":1020,\"image\":{\"@id\":\"https:\\\/\\\/www.salzburgerland.com\\\/cs\\\/ticha-noc-myty-a-legendy\\\/#primaryimage\"},\"thumbnailUrl\":\"https:\\\/\\\/www.salzburgerland.com\\\/cs\\\/wp-content\\\/uploads\\\/2022\\\/11\\\/tirol-achensee-03-e1509118151363-1595x840-1.jpg\",\"articleSection\":[\"Uncategorized\"],\"inLanguage\":\"cs\"},{\"@type\":\"WebPage\",\"@id\":\"https:\\\/\\\/www.salzburgerland.com\\\/cs\\\/ticha-noc-myty-a-legendy\\\/\",\"url\":\"https:\\\/\\\/www.salzburgerland.com\\\/cs\\\/ticha-noc-myty-a-legendy\\\/\",\"name\":\"M\u00fdty a legendy \u00bb SalzburgerLand.com\",\"isPartOf\":{\"@id\":\"https:\\\/\\\/www.salzburgerland.com\\\/cs\\\/#website\"},\"primaryImageOfPage\":{\"@id\":\"https:\\\/\\\/www.salzburgerland.com\\\/cs\\\/ticha-noc-myty-a-legendy\\\/#primaryimage\"},\"image\":{\"@id\":\"https:\\\/\\\/www.salzburgerland.com\\\/cs\\\/ticha-noc-myty-a-legendy\\\/#primaryimage\"},\"thumbnailUrl\":\"https:\\\/\\\/www.salzburgerland.com\\\/cs\\\/wp-content\\\/uploads\\\/2022\\\/11\\\/tirol-achensee-03-e1509118151363-1595x840-1.jpg\",\"datePublished\":\"2022-11-16T13:30:26+00:00\",\"dateModified\":\"2022-11-16T13:30:56+00:00\",\"author\":{\"@id\":\"https:\\\/\\\/www.salzburgerland.com\\\/cs\\\/#\\\/schema\\\/person\\\/dd42a4661897004df109095dbf40eeff\"},\"description\":\"Okolo p\u00edsn\u011b \\\"Tich\u00e1 noc, svat\u00e1 noc\\\" koluj\u00ed mnoh\u00e9 m\u00fdty a legendy. Mo\u017en\u00e1 tak\u00e9 pr\u00e1v\u011b proto jej\u00ed tajemstv\u00ed lidi u\u017e po stalet\u00ed fascinuje.\",\"breadcrumb\":{\"@id\":\"https:\\\/\\\/www.salzburgerland.com\\\/cs\\\/ticha-noc-myty-a-legendy\\\/#breadcrumb\"},\"inLanguage\":\"cs\",\"potentialAction\":[{\"@type\":\"ReadAction\",\"target\":[\"https:\\\/\\\/www.salzburgerland.com\\\/cs\\\/ticha-noc-myty-a-legendy\\\/\"]}]},{\"@type\":\"ImageObject\",\"inLanguage\":\"cs\",\"@id\":\"https:\\\/\\\/www.salzburgerland.com\\\/cs\\\/ticha-noc-myty-a-legendy\\\/#primaryimage\",\"url\":\"https:\\\/\\\/www.salzburgerland.com\\\/cs\\\/wp-content\\\/uploads\\\/2022\\\/11\\\/tirol-achensee-03-e1509118151363-1595x840-1.jpg\",\"contentUrl\":\"https:\\\/\\\/www.salzburgerland.com\\\/cs\\\/wp-content\\\/uploads\\\/2022\\\/11\\\/tirol-achensee-03-e1509118151363-1595x840-1.jpg\",\"width\":1595,\"height\":840,\"caption\":\"M\u00fdty a legendy okolo \\\"Tich\u00e9 noci\\\" \u00a9 Achensee Tourismus\"},{\"@type\":\"BreadcrumbList\",\"@id\":\"https:\\\/\\\/www.salzburgerland.com\\\/cs\\\/ticha-noc-myty-a-legendy\\\/#breadcrumb\",\"itemListElement\":[{\"@type\":\"ListItem\",\"position\":1,\"name\":\"Tam kde vznikla Tich\u00e1 noc\",\"item\":\"https:\\\/\\\/www.salzburgerland.com\\\/cs\\\/ticha-noc\\\/\"},{\"@type\":\"ListItem\",\"position\":2,\"name\":\"M\u00fdty a legendy\"}]},{\"@type\":\"WebSite\",\"@id\":\"https:\\\/\\\/www.salzburgerland.com\\\/cs\\\/#website\",\"url\":\"https:\\\/\\\/www.salzburgerland.com\\\/cs\\\/\",\"name\":\"SalzburgerLand.com\",\"description\":\"Va\u0161e dovolen\u00e1 v Salcburku, Rakousko\",\"potentialAction\":[{\"@type\":\"SearchAction\",\"target\":{\"@type\":\"EntryPoint\",\"urlTemplate\":\"https:\\\/\\\/www.salzburgerland.com\\\/cs\\\/?s={search_term_string}\"},\"query-input\":{\"@type\":\"PropertyValueSpecification\",\"valueRequired\":true,\"valueName\":\"search_term_string\"}}],\"inLanguage\":\"cs\"},{\"@type\":\"Person\",\"@id\":\"https:\\\/\\\/www.salzburgerland.com\\\/cs\\\/#\\\/schema\\\/person\\\/dd42a4661897004df109095dbf40eeff\",\"name\":\"Andrea \u017d\u00e1\u010dkov\u00e1\",\"image\":{\"@type\":\"ImageObject\",\"inLanguage\":\"cs\",\"@id\":\"https:\\\/\\\/secure.gravatar.com\\\/avatar\\\/338deec8d231d56d0ab7b2b7d6d0aedbcb3eb05390f6c027fd5b7ebe87b67dbf?s=96&d=mm&r=g\",\"url\":\"https:\\\/\\\/secure.gravatar.com\\\/avatar\\\/338deec8d231d56d0ab7b2b7d6d0aedbcb3eb05390f6c027fd5b7ebe87b67dbf?s=96&d=mm&r=g\",\"contentUrl\":\"https:\\\/\\\/secure.gravatar.com\\\/avatar\\\/338deec8d231d56d0ab7b2b7d6d0aedbcb3eb05390f6c027fd5b7ebe87b67dbf?s=96&d=mm&r=g\",\"caption\":\"Andrea \u017d\u00e1\u010dkov\u00e1\"}}]}<\/script>\n<!-- \/ Yoast SEO Premium plugin. -->","yoast_head_json":{"title":"M\u00fdty a legendy \u00bb SalzburgerLand.com","robots":{"index":"index","follow":"follow","max-snippet":"max-snippet:-1","max-image-preview":"max-image-preview:large","max-video-preview":"max-video-preview:-1"},"canonical":"https:\/\/www.salzburgerland.com\/cs\/ticha-noc-myty-a-legendy\/","og_locale":"cs_CZ","og_type":"article","og_title":"M\u00fdty a legendy","og_description":"Varhany v\u00a0kostele byly rozbit\u00e9 kv\u016fli my\u0161i Pravdivost: 0% P\u0159edev\u0161\u00edm okolo prvn\u00edho uveden\u00ed p\u00edsn\u011b \u201eTich\u00e1 noc, svat\u00e1 noc\u201c, panuje mnoho legend a p\u0159ikr\u00e1\u0161len\u00fdch","og_url":"https:\/\/www.salzburgerland.com\/cs\/ticha-noc-myty-a-legendy\/","og_site_name":"SalzburgerLand.com","article_publisher":"https:\/\/www.facebook.com\/visitsalzburgerland\/","article_published_time":"2022-11-16T13:30:26+00:00","article_modified_time":"2022-11-16T13:30:56+00:00","og_image":[{"width":1200,"height":675,"url":"https:\/\/www.salzburgerland.com\/cs\/wp-content\/uploads\/2022\/11\/tirol-achensee-03-e1509118151363-1595x840-1-1200x675.jpg","type":"image\/jpeg"}],"author":"Andrea \u017d\u00e1\u010dkov\u00e1","twitter_card":"summary_large_image","twitter_creator":"@salzburgerland","twitter_site":"@salzburgerland","twitter_misc":{"Napsal(a)":"Andrea \u017d\u00e1\u010dkov\u00e1","Odhadovan\u00e1 doba \u010dten\u00ed":"5 minut"},"schema":{"@context":"https:\/\/schema.org","@graph":[{"@type":"Article","@id":"https:\/\/www.salzburgerland.com\/cs\/ticha-noc-myty-a-legendy\/#article","isPartOf":{"@id":"https:\/\/www.salzburgerland.com\/cs\/ticha-noc-myty-a-legendy\/"},"author":{"name":"Andrea \u017d\u00e1\u010dkov\u00e1","@id":"https:\/\/www.salzburgerland.com\/cs\/#\/schema\/person\/dd42a4661897004df109095dbf40eeff"},"headline":"M\u00fdty a legendy","datePublished":"2022-11-16T13:30:26+00:00","dateModified":"2022-11-16T13:30:56+00:00","mainEntityOfPage":{"@id":"https:\/\/www.salzburgerland.com\/cs\/ticha-noc-myty-a-legendy\/"},"wordCount":1020,"image":{"@id":"https:\/\/www.salzburgerland.com\/cs\/ticha-noc-myty-a-legendy\/#primaryimage"},"thumbnailUrl":"https:\/\/www.salzburgerland.com\/cs\/wp-content\/uploads\/2022\/11\/tirol-achensee-03-e1509118151363-1595x840-1.jpg","articleSection":["Uncategorized"],"inLanguage":"cs"},{"@type":"WebPage","@id":"https:\/\/www.salzburgerland.com\/cs\/ticha-noc-myty-a-legendy\/","url":"https:\/\/www.salzburgerland.com\/cs\/ticha-noc-myty-a-legendy\/","name":"M\u00fdty a legendy \u00bb SalzburgerLand.com","isPartOf":{"@id":"https:\/\/www.salzburgerland.com\/cs\/#website"},"primaryImageOfPage":{"@id":"https:\/\/www.salzburgerland.com\/cs\/ticha-noc-myty-a-legendy\/#primaryimage"},"image":{"@id":"https:\/\/www.salzburgerland.com\/cs\/ticha-noc-myty-a-legendy\/#primaryimage"},"thumbnailUrl":"https:\/\/www.salzburgerland.com\/cs\/wp-content\/uploads\/2022\/11\/tirol-achensee-03-e1509118151363-1595x840-1.jpg","datePublished":"2022-11-16T13:30:26+00:00","dateModified":"2022-11-16T13:30:56+00:00","author":{"@id":"https:\/\/www.salzburgerland.com\/cs\/#\/schema\/person\/dd42a4661897004df109095dbf40eeff"},"description":"Okolo p\u00edsn\u011b \"Tich\u00e1 noc, svat\u00e1 noc\" koluj\u00ed mnoh\u00e9 m\u00fdty a legendy. Mo\u017en\u00e1 tak\u00e9 pr\u00e1v\u011b proto jej\u00ed tajemstv\u00ed lidi u\u017e po stalet\u00ed fascinuje.","breadcrumb":{"@id":"https:\/\/www.salzburgerland.com\/cs\/ticha-noc-myty-a-legendy\/#breadcrumb"},"inLanguage":"cs","potentialAction":[{"@type":"ReadAction","target":["https:\/\/www.salzburgerland.com\/cs\/ticha-noc-myty-a-legendy\/"]}]},{"@type":"ImageObject","inLanguage":"cs","@id":"https:\/\/www.salzburgerland.com\/cs\/ticha-noc-myty-a-legendy\/#primaryimage","url":"https:\/\/www.salzburgerland.com\/cs\/wp-content\/uploads\/2022\/11\/tirol-achensee-03-e1509118151363-1595x840-1.jpg","contentUrl":"https:\/\/www.salzburgerland.com\/cs\/wp-content\/uploads\/2022\/11\/tirol-achensee-03-e1509118151363-1595x840-1.jpg","width":1595,"height":840,"caption":"M\u00fdty a legendy okolo \"Tich\u00e9 noci\" \u00a9 Achensee Tourismus"},{"@type":"BreadcrumbList","@id":"https:\/\/www.salzburgerland.com\/cs\/ticha-noc-myty-a-legendy\/#breadcrumb","itemListElement":[{"@type":"ListItem","position":1,"name":"Tam kde vznikla Tich\u00e1 noc","item":"https:\/\/www.salzburgerland.com\/cs\/ticha-noc\/"},{"@type":"ListItem","position":2,"name":"M\u00fdty a legendy"}]},{"@type":"WebSite","@id":"https:\/\/www.salzburgerland.com\/cs\/#website","url":"https:\/\/www.salzburgerland.com\/cs\/","name":"SalzburgerLand.com","description":"Va\u0161e dovolen\u00e1 v Salcburku, Rakousko","potentialAction":[{"@type":"SearchAction","target":{"@type":"EntryPoint","urlTemplate":"https:\/\/www.salzburgerland.com\/cs\/?s={search_term_string}"},"query-input":{"@type":"PropertyValueSpecification","valueRequired":true,"valueName":"search_term_string"}}],"inLanguage":"cs"},{"@type":"Person","@id":"https:\/\/www.salzburgerland.com\/cs\/#\/schema\/person\/dd42a4661897004df109095dbf40eeff","name":"Andrea \u017d\u00e1\u010dkov\u00e1","image":{"@type":"ImageObject","inLanguage":"cs","@id":"https:\/\/secure.gravatar.com\/avatar\/338deec8d231d56d0ab7b2b7d6d0aedbcb3eb05390f6c027fd5b7ebe87b67dbf?s=96&d=mm&r=g","url":"https:\/\/secure.gravatar.com\/avatar\/338deec8d231d56d0ab7b2b7d6d0aedbcb3eb05390f6c027fd5b7ebe87b67dbf?s=96&d=mm&r=g","contentUrl":"https:\/\/secure.gravatar.com\/avatar\/338deec8d231d56d0ab7b2b7d6d0aedbcb3eb05390f6c027fd5b7ebe87b67dbf?s=96&d=mm&r=g","caption":"Andrea \u017d\u00e1\u010dkov\u00e1"}}]}},"_wl_alt_label":[],"wl:entity_url":"http:\/\/open.salzburgerland.com\/cs\/post\/ticha-noc-myty-a-legendy-154392","_links":{"self":[{"href":"https:\/\/www.salzburgerland.com\/cs\/wp-json\/wp\/v2\/posts\/154392","targetHints":{"allow":["GET"]}}],"collection":[{"href":"https:\/\/www.salzburgerland.com\/cs\/wp-json\/wp\/v2\/posts"}],"about":[{"href":"https:\/\/www.salzburgerland.com\/cs\/wp-json\/wp\/v2\/types\/post"}],"author":[{"embeddable":true,"href":"https:\/\/www.salzburgerland.com\/cs\/wp-json\/wp\/v2\/users\/6"}],"replies":[{"embeddable":true,"href":"https:\/\/www.salzburgerland.com\/cs\/wp-json\/wp\/v2\/comments?post=154392"}],"version-history":[{"count":3,"href":"https:\/\/www.salzburgerland.com\/cs\/wp-json\/wp\/v2\/posts\/154392\/revisions"}],"predecessor-version":[{"id":154397,"href":"https:\/\/www.salzburgerland.com\/cs\/wp-json\/wp\/v2\/posts\/154392\/revisions\/154397"}],"wp:featuredmedia":[{"embeddable":true,"href":"https:\/\/www.salzburgerland.com\/cs\/wp-json\/wp\/v2\/media\/154393"}],"wp:attachment":[{"href":"https:\/\/www.salzburgerland.com\/cs\/wp-json\/wp\/v2\/media?parent=154392"}],"wp:term":[{"taxonomy":"category","embeddable":true,"href":"https:\/\/www.salzburgerland.com\/cs\/wp-json\/wp\/v2\/categories?post=154392"},{"taxonomy":"post_tag","embeddable":true,"href":"https:\/\/www.salzburgerland.com\/cs\/wp-json\/wp\/v2\/tags?post=154392"},{"taxonomy":"wl_entity_type","embeddable":true,"href":"https:\/\/www.salzburgerland.com\/cs\/wp-json\/wp\/v2\/wl_entity_type?post=154392"}],"curies":[{"name":"wp","href":"https:\/\/api.w.org\/{rel}","templated":true}]}}