{"id":154388,"date":"2022-11-16T14:24:42","date_gmt":"2022-11-16T13:24:42","guid":{"rendered":"https:\/\/www.salzburgerland.com\/cs\/?p=154388"},"modified":"2022-11-16T14:25:19","modified_gmt":"2022-11-16T13:25:19","slug":"ticha-noc-vedecky-pohled","status":"publish","type":"post","link":"https:\/\/www.salzburgerland.com\/cs\/ticha-noc-vedecky-pohled\/","title":{"rendered":"V\u011bdeck\u00fd pohled"},"content":{"rendered":"<blockquote><p>Ji\u017e za m\u00e9ho d\u011btstv\u00ed ve V\u00eddni bylo spole\u010dn\u00e9 zp\u00edv\u00e1n\u00ed p\u00edsn\u011b \u201eTich\u00e1 noc, svat\u00e1 noc\u201c u strome\u010dku p\u0159ed nad\u00edlkou prodchnuto d\u016fstojnou atmosf\u00e9rou V\u00e1noc. P\u00edse\u0148 pat\u0159ila k\u00a0sv\u00e1tk\u016fm a tak tomu je dodnes. Je to hezk\u00fd pop\u011bvek, kter\u00fd d\u011bl\u00e1 radost, i kdy\u017e jsou v\u00a0jej\u00ed interpretaci st\u00e1le rezervy. J\u00e1 nap\u0159\u00edklad je\u0161t\u011b po\u0159\u00e1d sly\u0161\u00edm hlasit\u00fd a hrub\u00fd baryton sv\u00e9ho otce. To ale nevad\u00ed, v\u00a0hudb\u011b se to snese.<\/p>\n<p>Pozd\u011bji m\u011b velice zaujala v\u00a0Salcburku \u010dty\u0159hlasn\u00e1 verze p\u00edsn\u011b se smy\u010dcov\u00fdm triem, dv\u011bma hornisty a varhany, bylo to naprosto fascinuj\u00edc\u00ed. Skladatel Franz Xaver Gruber sv\u011btov\u00fd \u00fasp\u011bch sv\u00e9ho geni\u00e1ln\u00edho tahu je\u0161t\u011b sta\u010dil za\u017e\u00edt jako sbormistr v\u00a0kostele v\u00a0Halleinu. Tady se stala z\u00a0p\u00edsn\u011b mal\u00e1, p\u0159\u00edjemn\u00e1, klasick\u00e1<span>\u00a0<\/span><strong>kant\u00e1ta<\/strong>.<\/p>\n<p>Jak tomu n\u011bkdy b\u00fdv\u00e1, vznikaj\u00ed ty nejlep\u0161\u00ed v\u011bci vlastn\u011b ne\u0161\u0165astnou n\u00e1hodou. Z\u0159ejm\u011b to byl i p\u0159\u00edpad p\u00edsn\u011b \u201eTich\u00e1 noc, svat\u00e1 noc\u201c. Varhany v\u00a0kostele v\u00a0Oberndorfu, kter\u00fd byl dva roky odtr\u017een od sv\u00e9ho mate\u0159sk\u00e9ho Laufenu, se na \u0160t\u011bdr\u00fd den uk\u00e1zaly jako nefunk\u010dn\u00ed. Kn\u011bz a varhan\u00edk se tedy rozhodli na p\u016flno\u010dn\u00ed m\u0161i improvizovat. Duchovn\u00ed Joseph Mohr poch\u00e1zel z\u00a0t\u011bch nejnuzn\u011bj\u0161\u00edch podm\u00ednek. Tento soci\u00e1ln\u011b anga\u017eovan\u00fd Salcbur\u010dan byl ov\u0161em talentovan\u00fd b\u00e1sn\u00edk. Um\u011bl hr\u00e1t velice dob\u0159e na kytaru a m\u011bl p\u011bkn\u00fd tenor. Autor hudby k\u00a0p\u00edsni byl syn tkalce z\u00a0Horn\u00edho Rakouska. P\u016fsobil jako kantor a regenschori v\u00a0Salcbursku. Regenschori (Regenten des Chores) je star\u00e9 ozna\u010den\u00ed pro regenta, tedy vedouc\u00edho chr\u00e1mov\u00e9ho sboru v\u00a0kostelech katolick\u00e9ho Rakouska a Bavorska.<\/p>\n<p>Text napsal Mohr ji\u017e v\u00a0roce 1816 v\u00a0Mariapfarr v\u00a0Lungau. D\u00edky rozbit\u00fdm varhan\u00e1m vznikla na popud kn\u011bze jedna<span>\u00a0<\/span><strong>z\u00a0nej\u00fasp\u011b\u0161n\u011bj\u0161\u00edch p\u00edsn\u00ed hudebn\u00ed historie.<span>\u00a0<\/span><\/strong>Poprv\u00e9 byla p\u0159edstavena na \u0160t\u011bdr\u00fd ve\u010der 1818 v\u00a0pod\u00e1n\u00ed Mohra a basem zp\u00edvaj\u00edc\u00edho Grubera, s\u00a0kytarov\u00fdm doprovodem. \u010clov\u011bk, kter\u00fd o n\u011bco pozd\u011bji varhany opravoval, p\u0159ivezl notov\u00fd z\u00e1pis do tyrolsk\u00e9ho Zillertalu, kter\u00fd dodnes pat\u0159\u00ed k\u00a0salcbursk\u00e9 diec\u00e9zi. Tady, ve F\u00fcgenu, zazn\u011bla p\u00edse\u0148 znovu o V\u00e1noc\u00edch 1819. Zillertal\u0161t\u00ed n\u00e1rodn\u00ed p\u011bvci p\u00edse\u0148 proslavili ve Star\u00e9m i v\u00a0Nov\u00e9m sv\u011bt\u011b. A to v\u00a0mnoha podob\u00e1ch. Tak\u00e9 s\u00e1m Gruber napsal v\u00edce verz\u00ed. Ale to podstatn\u00e9 je substance.<\/p>\n<p>Jde o jednoduchou<span>\u00a0<\/span><strong>ukol\u00e9bavku<\/strong><span>\u00a0<\/span>v\u00a0nosn\u00e9m rytmu \u201e<strong>siciliana<\/strong>\u201c (pomal\u00e1 vok\u00e1ln\u00ed a instrument\u00e1ln\u00ed skladba v 6\/8 nebo 12\/8 taktu). Je pro n\u011bj typick\u00e1 n\u011b\u017enost a p\u0159\u00edjemn\u00e1 melancholie. V\u00a0baroku a klasicismu byl \u010dasto vyu\u017e\u00edv\u00e1n v\u00a0takzvan\u00fdch past\u00fd\u0159sk\u00fdch idyl\u00e1ch, nejen duchovn\u00edch, ale tak\u00e9 velice sv\u011btsk\u00fdch. Nap\u0159\u00edklad Pamina v\u00a0Mozartov\u011b ope\u0159e\u00a0<strong>Kouzeln\u00e1 fl\u00e9tna<\/strong>\u00a0zp\u00edv\u00e1 svou smutn\u011b okouzluj\u00edc\u00ed \u00e1rii o ztracen\u00e9 l\u00e1sce v\u00a0tomto rytmu. Tak\u00e9 Joseph Haydn v oratoriu<span>\u00a0<\/span><strong>Stvo\u0159en\u00ed<\/strong><span>\u00a0<\/span>takto chv\u00e1l\u00ed jaro. Gruber jist\u011b znal duchovn\u00ed siciliano ze sv\u00e9 ka\u017edodenn\u00ed praxe v\u00a0kostelech v\u00a0Arnsdorfu a Oberndorfu, pravd\u011bpodobn\u011b stejn\u011b tak od J. S. Bacha, bratr\u016f Haydnov\u00fdch nebo Mozarta. P\u0159edobraz\u016f bylo dost, ale Mohr s\u00a0Gruberem dos\u00e1hli perfektn\u00ed jednoty textu a hudby.<\/p>\n<p>P\u00edse\u0148 je v\u00a0<strong>n\u011bmeck\u00e9m jazyce<\/strong>, n\u00e1p\u011bv je v\u00a0nejlep\u0161\u00edm slova smyslu lidov\u00fd, jej\u00ed rytmus je pojmenovan\u00fd podle hry na dudy sicilsk\u00fdch past\u00fd\u0159\u016f. Text se nech\u00e1 dob\u0159e p\u0159ekl\u00e1dat. Kouzlo vnit\u0159n\u00ed kompozice nem\u016f\u017ee lidem uniknout, a\u0165 u\u017e vyzn\u00e1vaj\u00ed nejr\u016fzn\u011bj\u0161\u00ed n\u00e1bo\u017eenstv\u00ed, nebo jsou ateist\u00e9. Pomoc\u00ed jednoduch\u00fdch slov a motiv\u016f je vyj\u00e1d\u0159ena<span>\u00a0<\/span><strong>s\u00edla v\u00e1no\u010dn\u00edho p\u0159\u00edb\u011bhu<\/strong>. Hudba nezn\u00ed triumf\u00e1ln\u011b, ale<span>\u00a0<\/span><strong>dojemn\u011b<\/strong>. N\u011bkter\u00e9 lidi p\u00edse\u0148 doj\u00edm\u00e1 a\u017e k\u00a0slz\u00e1m, co\u017e spo\u010d\u00edv\u00e1 v\u00a0rytmu vyvol\u00e1vaj\u00edc\u00edm<span>\u00a0<\/span><strong>z\u00e1dum\u010divost<\/strong><span>\u00a0<\/span>\u2013 tak\u00e9 Pamina p\u0159i zp\u011bvu skoro pl\u00e1\u010de. U n\u011bkter\u00fdch vzbuzuje \u0161\u0165astn\u00fd<span>\u00a0<\/span><strong>\u00fasm\u011bv<\/strong>. Nebo se u n\u00ed \u010dlov\u011bk dokonce m\u016f\u017ee usm\u00edvat i p\u0159es slzy. Nen\u00ed liturgicky p\u0159\u00edsn\u00e1, je to skladba napln\u011bn\u00e1 l\u00e1skou k\u00a0novorozen\u00e9mu d\u011b\u0165\u00e1tku. Jedn\u00e1 se o p\u00edse\u0148\u00a0<strong>m\u00edru<\/strong><span>\u00a0<\/span>a spirituality, kter\u00e1 p\u0159ekra\u010duje hranice. A je nad\u010dasov\u00e1.<span>\u00a0<\/span><strong>Pat\u0159\u00ed v\u0161em lidem dobr\u00e9 v\u016fle na sv\u011bt\u011b.<\/strong><\/p><\/blockquote>\n<p>(\u00davahy profesora Gottfrieda Kasparka)<\/p>\n","protected":false},"excerpt":{"rendered":"<p>Ji\u017e za m\u00e9ho d\u011btstv\u00ed ve V\u00eddni bylo spole\u010dn\u00e9 zp\u00edv\u00e1n\u00ed p\u00edsn\u011b \u201eTich\u00e1 noc, svat\u00e1 noc\u201c u strome\u010dku p\u0159ed nad\u00edlkou prodchnuto d\u016fstojnou atmosf\u00e9rou V\u00e1noc. P\u00edse\u0148 pat\u0159ila k\u00a0sv\u00e1tk\u016fm a tak tomu je dodnes. Je to hezk\u00fd pop\u011bvek, kter\u00fd d\u011bl\u00e1 radost, i kdy\u017e jsou v\u00a0jej\u00ed interpretaci st\u00e1le rezervy. J\u00e1 nap\u0159\u00edklad je\u0161t\u011b po\u0159\u00e1d sly\u0161\u00edm hlasit\u00fd a hrub\u00fd baryton sv\u00e9ho otce. [&hellip;]<\/p>\n","protected":false},"author":6,"featured_media":154389,"comment_status":"closed","ping_status":"closed","sticky":false,"template":"","format":"standard","meta":{"_acf_changed":false,"wl_entities_gutenberg":"","_relevanssi_hide_post":"","_relevanssi_hide_content":"","_relevanssi_pin_for_all":"","_relevanssi_pin_keywords":"","_relevanssi_unpin_keywords":"","_relevanssi_related_keywords":"","_relevanssi_related_include_ids":"","_relevanssi_related_exclude_ids":"","_relevanssi_related_no_append":"","_relevanssi_related_not_related":"","_relevanssi_related_posts":"","_relevanssi_noindex_reason":"","footnotes":""},"categories":[1],"tags":[],"wl_entity_type":[706],"class_list":["post-154388","post","type-post","status-publish","format-standard","has-post-thumbnail","hentry","category-uncategorized","wl_entity_type-article"],"acf":[],"yoast_head":"<!-- This site is optimized with the Yoast SEO Premium plugin v27.4 (Yoast SEO v27.4) - https:\/\/yoast.com\/product\/yoast-seo-premium-wordpress\/ -->\n<title>V\u011bdeck\u00fd pohled \u00bb SalzburgerLand.com<\/title>\n<meta name=\"robots\" content=\"index, follow, max-snippet:-1, max-image-preview:large, max-video-preview:-1\" \/>\n<link rel=\"canonical\" href=\"https:\/\/www.salzburgerland.com\/cs\/ticha-noc-vedecky-pohled\/\" \/>\n<meta property=\"og:locale\" content=\"cs_CZ\" \/>\n<meta property=\"og:type\" content=\"article\" \/>\n<meta property=\"og:title\" content=\"V\u011bdeck\u00fd pohled\" \/>\n<meta property=\"og:description\" content=\"Ji\u017e za m\u00e9ho d\u011btstv\u00ed ve V\u00eddni bylo spole\u010dn\u00e9 zp\u00edv\u00e1n\u00ed p\u00edsn\u011b \u201eTich\u00e1 noc, svat\u00e1 noc\u201c u strome\u010dku p\u0159ed nad\u00edlkou prodchnuto d\u016fstojnou atmosf\u00e9rou V\u00e1noc. P\u00edse\u0148\" \/>\n<meta property=\"og:url\" content=\"https:\/\/www.salzburgerland.com\/cs\/ticha-noc-vedecky-pohled\/\" \/>\n<meta property=\"og:site_name\" content=\"SalzburgerLand.com\" \/>\n<meta property=\"article:publisher\" content=\"https:\/\/www.facebook.com\/visitsalzburgerland\/\" \/>\n<meta property=\"article:published_time\" content=\"2022-11-16T13:24:42+00:00\" \/>\n<meta property=\"article:modified_time\" content=\"2022-11-16T13:25:19+00:00\" \/>\n<meta property=\"og:image\" content=\"https:\/\/www.salzburgerland.com\/cs\/wp-content\/uploads\/2022\/11\/salzburgerland-weihnachten-13-1920x840-jpg-pagespeed-ce_-qg7vfluptp-1200x675.jpg\" \/>\n\t<meta property=\"og:image:width\" content=\"1200\" \/>\n\t<meta property=\"og:image:height\" content=\"675\" \/>\n\t<meta property=\"og:image:type\" content=\"image\/jpeg\" \/>\n<meta name=\"author\" content=\"Andrea \u017d\u00e1\u010dkov\u00e1\" \/>\n<meta name=\"twitter:card\" content=\"summary_large_image\" \/>\n<meta name=\"twitter:creator\" content=\"@salzburgerland\" \/>\n<meta name=\"twitter:site\" content=\"@salzburgerland\" \/>\n<meta name=\"twitter:label1\" content=\"Napsal(a)\" \/>\n\t<meta name=\"twitter:data1\" content=\"Andrea \u017d\u00e1\u010dkov\u00e1\" \/>\n\t<meta name=\"twitter:label2\" content=\"Odhadovan\u00e1 doba \u010dten\u00ed\" \/>\n\t<meta name=\"twitter:data2\" content=\"4 minuty\" \/>\n<script type=\"application\/ld+json\" class=\"yoast-schema-graph\">{\"@context\":\"https:\\\/\\\/schema.org\",\"@graph\":[{\"@type\":\"Article\",\"@id\":\"https:\\\/\\\/www.salzburgerland.com\\\/cs\\\/ticha-noc-vedecky-pohled\\\/#article\",\"isPartOf\":{\"@id\":\"https:\\\/\\\/www.salzburgerland.com\\\/cs\\\/ticha-noc-vedecky-pohled\\\/\"},\"author\":{\"name\":\"Andrea \u017d\u00e1\u010dkov\u00e1\",\"@id\":\"https:\\\/\\\/www.salzburgerland.com\\\/cs\\\/#\\\/schema\\\/person\\\/dd42a4661897004df109095dbf40eeff\"},\"headline\":\"V\u011bdeck\u00fd pohled\",\"datePublished\":\"2022-11-16T13:24:42+00:00\",\"dateModified\":\"2022-11-16T13:25:19+00:00\",\"mainEntityOfPage\":{\"@id\":\"https:\\\/\\\/www.salzburgerland.com\\\/cs\\\/ticha-noc-vedecky-pohled\\\/\"},\"wordCount\":770,\"image\":{\"@id\":\"https:\\\/\\\/www.salzburgerland.com\\\/cs\\\/ticha-noc-vedecky-pohled\\\/#primaryimage\"},\"thumbnailUrl\":\"https:\\\/\\\/www.salzburgerland.com\\\/cs\\\/wp-content\\\/uploads\\\/2022\\\/11\\\/salzburgerland-weihnachten-13-1920x840-jpg-pagespeed-ce_-qg7vfluptp.jpg\",\"articleSection\":[\"Uncategorized\"],\"inLanguage\":\"cs\"},{\"@type\":\"WebPage\",\"@id\":\"https:\\\/\\\/www.salzburgerland.com\\\/cs\\\/ticha-noc-vedecky-pohled\\\/\",\"url\":\"https:\\\/\\\/www.salzburgerland.com\\\/cs\\\/ticha-noc-vedecky-pohled\\\/\",\"name\":\"V\u011bdeck\u00fd pohled \u00bb SalzburgerLand.com\",\"isPartOf\":{\"@id\":\"https:\\\/\\\/www.salzburgerland.com\\\/cs\\\/#website\"},\"primaryImageOfPage\":{\"@id\":\"https:\\\/\\\/www.salzburgerland.com\\\/cs\\\/ticha-noc-vedecky-pohled\\\/#primaryimage\"},\"image\":{\"@id\":\"https:\\\/\\\/www.salzburgerland.com\\\/cs\\\/ticha-noc-vedecky-pohled\\\/#primaryimage\"},\"thumbnailUrl\":\"https:\\\/\\\/www.salzburgerland.com\\\/cs\\\/wp-content\\\/uploads\\\/2022\\\/11\\\/salzburgerland-weihnachten-13-1920x840-jpg-pagespeed-ce_-qg7vfluptp.jpg\",\"datePublished\":\"2022-11-16T13:24:42+00:00\",\"dateModified\":\"2022-11-16T13:25:19+00:00\",\"author\":{\"@id\":\"https:\\\/\\\/www.salzburgerland.com\\\/cs\\\/#\\\/schema\\\/person\\\/dd42a4661897004df109095dbf40eeff\"},\"description\":\"\u00davahy hudebn\u00edho odborn\u00edka nad oblibou koledy \\\"Tich\u00e1 noc, svat\u00e1 noc\\\".\",\"breadcrumb\":{\"@id\":\"https:\\\/\\\/www.salzburgerland.com\\\/cs\\\/ticha-noc-vedecky-pohled\\\/#breadcrumb\"},\"inLanguage\":\"cs\",\"potentialAction\":[{\"@type\":\"ReadAction\",\"target\":[\"https:\\\/\\\/www.salzburgerland.com\\\/cs\\\/ticha-noc-vedecky-pohled\\\/\"]}]},{\"@type\":\"ImageObject\",\"inLanguage\":\"cs\",\"@id\":\"https:\\\/\\\/www.salzburgerland.com\\\/cs\\\/ticha-noc-vedecky-pohled\\\/#primaryimage\",\"url\":\"https:\\\/\\\/www.salzburgerland.com\\\/cs\\\/wp-content\\\/uploads\\\/2022\\\/11\\\/salzburgerland-weihnachten-13-1920x840-jpg-pagespeed-ce_-qg7vfluptp.jpg\",\"contentUrl\":\"https:\\\/\\\/www.salzburgerland.com\\\/cs\\\/wp-content\\\/uploads\\\/2022\\\/11\\\/salzburgerland-weihnachten-13-1920x840-jpg-pagespeed-ce_-qg7vfluptp.jpg\",\"width\":1920,\"height\":840,\"caption\":\"V\u00e1no\u010dn\u00ed koledu \\\"Tich\u00e1 noc, svat\u00e1 noc\\\" znaj\u00ed v\u0161echny generace \u00a9 SalzburgerLand Tourismus\"},{\"@type\":\"BreadcrumbList\",\"@id\":\"https:\\\/\\\/www.salzburgerland.com\\\/cs\\\/ticha-noc-vedecky-pohled\\\/#breadcrumb\",\"itemListElement\":[{\"@type\":\"ListItem\",\"position\":1,\"name\":\"Tam kde vznikla Tich\u00e1 noc\",\"item\":\"https:\\\/\\\/www.salzburgerland.com\\\/cs\\\/ticha-noc\\\/\"},{\"@type\":\"ListItem\",\"position\":2,\"name\":\"V\u011bdeck\u00fd pohled\"}]},{\"@type\":\"WebSite\",\"@id\":\"https:\\\/\\\/www.salzburgerland.com\\\/cs\\\/#website\",\"url\":\"https:\\\/\\\/www.salzburgerland.com\\\/cs\\\/\",\"name\":\"SalzburgerLand.com\",\"description\":\"Va\u0161e dovolen\u00e1 v Salcburku, Rakousko\",\"potentialAction\":[{\"@type\":\"SearchAction\",\"target\":{\"@type\":\"EntryPoint\",\"urlTemplate\":\"https:\\\/\\\/www.salzburgerland.com\\\/cs\\\/?s={search_term_string}\"},\"query-input\":{\"@type\":\"PropertyValueSpecification\",\"valueRequired\":true,\"valueName\":\"search_term_string\"}}],\"inLanguage\":\"cs\"},{\"@type\":\"Person\",\"@id\":\"https:\\\/\\\/www.salzburgerland.com\\\/cs\\\/#\\\/schema\\\/person\\\/dd42a4661897004df109095dbf40eeff\",\"name\":\"Andrea \u017d\u00e1\u010dkov\u00e1\",\"image\":{\"@type\":\"ImageObject\",\"inLanguage\":\"cs\",\"@id\":\"https:\\\/\\\/secure.gravatar.com\\\/avatar\\\/338deec8d231d56d0ab7b2b7d6d0aedbcb3eb05390f6c027fd5b7ebe87b67dbf?s=96&d=mm&r=g\",\"url\":\"https:\\\/\\\/secure.gravatar.com\\\/avatar\\\/338deec8d231d56d0ab7b2b7d6d0aedbcb3eb05390f6c027fd5b7ebe87b67dbf?s=96&d=mm&r=g\",\"contentUrl\":\"https:\\\/\\\/secure.gravatar.com\\\/avatar\\\/338deec8d231d56d0ab7b2b7d6d0aedbcb3eb05390f6c027fd5b7ebe87b67dbf?s=96&d=mm&r=g\",\"caption\":\"Andrea \u017d\u00e1\u010dkov\u00e1\"}}]}<\/script>\n<!-- \/ Yoast SEO Premium plugin. -->","yoast_head_json":{"title":"V\u011bdeck\u00fd pohled \u00bb SalzburgerLand.com","robots":{"index":"index","follow":"follow","max-snippet":"max-snippet:-1","max-image-preview":"max-image-preview:large","max-video-preview":"max-video-preview:-1"},"canonical":"https:\/\/www.salzburgerland.com\/cs\/ticha-noc-vedecky-pohled\/","og_locale":"cs_CZ","og_type":"article","og_title":"V\u011bdeck\u00fd pohled","og_description":"Ji\u017e za m\u00e9ho d\u011btstv\u00ed ve V\u00eddni bylo spole\u010dn\u00e9 zp\u00edv\u00e1n\u00ed p\u00edsn\u011b \u201eTich\u00e1 noc, svat\u00e1 noc\u201c u strome\u010dku p\u0159ed nad\u00edlkou prodchnuto d\u016fstojnou atmosf\u00e9rou V\u00e1noc. P\u00edse\u0148","og_url":"https:\/\/www.salzburgerland.com\/cs\/ticha-noc-vedecky-pohled\/","og_site_name":"SalzburgerLand.com","article_publisher":"https:\/\/www.facebook.com\/visitsalzburgerland\/","article_published_time":"2022-11-16T13:24:42+00:00","article_modified_time":"2022-11-16T13:25:19+00:00","og_image":[{"width":1200,"height":675,"url":"https:\/\/www.salzburgerland.com\/cs\/wp-content\/uploads\/2022\/11\/salzburgerland-weihnachten-13-1920x840-jpg-pagespeed-ce_-qg7vfluptp-1200x675.jpg","type":"image\/jpeg"}],"author":"Andrea \u017d\u00e1\u010dkov\u00e1","twitter_card":"summary_large_image","twitter_creator":"@salzburgerland","twitter_site":"@salzburgerland","twitter_misc":{"Napsal(a)":"Andrea \u017d\u00e1\u010dkov\u00e1","Odhadovan\u00e1 doba \u010dten\u00ed":"4 minuty"},"schema":{"@context":"https:\/\/schema.org","@graph":[{"@type":"Article","@id":"https:\/\/www.salzburgerland.com\/cs\/ticha-noc-vedecky-pohled\/#article","isPartOf":{"@id":"https:\/\/www.salzburgerland.com\/cs\/ticha-noc-vedecky-pohled\/"},"author":{"name":"Andrea \u017d\u00e1\u010dkov\u00e1","@id":"https:\/\/www.salzburgerland.com\/cs\/#\/schema\/person\/dd42a4661897004df109095dbf40eeff"},"headline":"V\u011bdeck\u00fd pohled","datePublished":"2022-11-16T13:24:42+00:00","dateModified":"2022-11-16T13:25:19+00:00","mainEntityOfPage":{"@id":"https:\/\/www.salzburgerland.com\/cs\/ticha-noc-vedecky-pohled\/"},"wordCount":770,"image":{"@id":"https:\/\/www.salzburgerland.com\/cs\/ticha-noc-vedecky-pohled\/#primaryimage"},"thumbnailUrl":"https:\/\/www.salzburgerland.com\/cs\/wp-content\/uploads\/2022\/11\/salzburgerland-weihnachten-13-1920x840-jpg-pagespeed-ce_-qg7vfluptp.jpg","articleSection":["Uncategorized"],"inLanguage":"cs"},{"@type":"WebPage","@id":"https:\/\/www.salzburgerland.com\/cs\/ticha-noc-vedecky-pohled\/","url":"https:\/\/www.salzburgerland.com\/cs\/ticha-noc-vedecky-pohled\/","name":"V\u011bdeck\u00fd pohled \u00bb SalzburgerLand.com","isPartOf":{"@id":"https:\/\/www.salzburgerland.com\/cs\/#website"},"primaryImageOfPage":{"@id":"https:\/\/www.salzburgerland.com\/cs\/ticha-noc-vedecky-pohled\/#primaryimage"},"image":{"@id":"https:\/\/www.salzburgerland.com\/cs\/ticha-noc-vedecky-pohled\/#primaryimage"},"thumbnailUrl":"https:\/\/www.salzburgerland.com\/cs\/wp-content\/uploads\/2022\/11\/salzburgerland-weihnachten-13-1920x840-jpg-pagespeed-ce_-qg7vfluptp.jpg","datePublished":"2022-11-16T13:24:42+00:00","dateModified":"2022-11-16T13:25:19+00:00","author":{"@id":"https:\/\/www.salzburgerland.com\/cs\/#\/schema\/person\/dd42a4661897004df109095dbf40eeff"},"description":"\u00davahy hudebn\u00edho odborn\u00edka nad oblibou koledy \"Tich\u00e1 noc, svat\u00e1 noc\".","breadcrumb":{"@id":"https:\/\/www.salzburgerland.com\/cs\/ticha-noc-vedecky-pohled\/#breadcrumb"},"inLanguage":"cs","potentialAction":[{"@type":"ReadAction","target":["https:\/\/www.salzburgerland.com\/cs\/ticha-noc-vedecky-pohled\/"]}]},{"@type":"ImageObject","inLanguage":"cs","@id":"https:\/\/www.salzburgerland.com\/cs\/ticha-noc-vedecky-pohled\/#primaryimage","url":"https:\/\/www.salzburgerland.com\/cs\/wp-content\/uploads\/2022\/11\/salzburgerland-weihnachten-13-1920x840-jpg-pagespeed-ce_-qg7vfluptp.jpg","contentUrl":"https:\/\/www.salzburgerland.com\/cs\/wp-content\/uploads\/2022\/11\/salzburgerland-weihnachten-13-1920x840-jpg-pagespeed-ce_-qg7vfluptp.jpg","width":1920,"height":840,"caption":"V\u00e1no\u010dn\u00ed koledu \"Tich\u00e1 noc, svat\u00e1 noc\" znaj\u00ed v\u0161echny generace \u00a9 SalzburgerLand Tourismus"},{"@type":"BreadcrumbList","@id":"https:\/\/www.salzburgerland.com\/cs\/ticha-noc-vedecky-pohled\/#breadcrumb","itemListElement":[{"@type":"ListItem","position":1,"name":"Tam kde vznikla Tich\u00e1 noc","item":"https:\/\/www.salzburgerland.com\/cs\/ticha-noc\/"},{"@type":"ListItem","position":2,"name":"V\u011bdeck\u00fd pohled"}]},{"@type":"WebSite","@id":"https:\/\/www.salzburgerland.com\/cs\/#website","url":"https:\/\/www.salzburgerland.com\/cs\/","name":"SalzburgerLand.com","description":"Va\u0161e dovolen\u00e1 v Salcburku, Rakousko","potentialAction":[{"@type":"SearchAction","target":{"@type":"EntryPoint","urlTemplate":"https:\/\/www.salzburgerland.com\/cs\/?s={search_term_string}"},"query-input":{"@type":"PropertyValueSpecification","valueRequired":true,"valueName":"search_term_string"}}],"inLanguage":"cs"},{"@type":"Person","@id":"https:\/\/www.salzburgerland.com\/cs\/#\/schema\/person\/dd42a4661897004df109095dbf40eeff","name":"Andrea \u017d\u00e1\u010dkov\u00e1","image":{"@type":"ImageObject","inLanguage":"cs","@id":"https:\/\/secure.gravatar.com\/avatar\/338deec8d231d56d0ab7b2b7d6d0aedbcb3eb05390f6c027fd5b7ebe87b67dbf?s=96&d=mm&r=g","url":"https:\/\/secure.gravatar.com\/avatar\/338deec8d231d56d0ab7b2b7d6d0aedbcb3eb05390f6c027fd5b7ebe87b67dbf?s=96&d=mm&r=g","contentUrl":"https:\/\/secure.gravatar.com\/avatar\/338deec8d231d56d0ab7b2b7d6d0aedbcb3eb05390f6c027fd5b7ebe87b67dbf?s=96&d=mm&r=g","caption":"Andrea \u017d\u00e1\u010dkov\u00e1"}}]}},"_wl_alt_label":[],"wl:entity_url":"http:\/\/open.salzburgerland.com\/cs\/post\/ticha-noc-vedecky-pohled-154388","_links":{"self":[{"href":"https:\/\/www.salzburgerland.com\/cs\/wp-json\/wp\/v2\/posts\/154388","targetHints":{"allow":["GET"]}}],"collection":[{"href":"https:\/\/www.salzburgerland.com\/cs\/wp-json\/wp\/v2\/posts"}],"about":[{"href":"https:\/\/www.salzburgerland.com\/cs\/wp-json\/wp\/v2\/types\/post"}],"author":[{"embeddable":true,"href":"https:\/\/www.salzburgerland.com\/cs\/wp-json\/wp\/v2\/users\/6"}],"replies":[{"embeddable":true,"href":"https:\/\/www.salzburgerland.com\/cs\/wp-json\/wp\/v2\/comments?post=154388"}],"version-history":[{"count":2,"href":"https:\/\/www.salzburgerland.com\/cs\/wp-json\/wp\/v2\/posts\/154388\/revisions"}],"predecessor-version":[{"id":154391,"href":"https:\/\/www.salzburgerland.com\/cs\/wp-json\/wp\/v2\/posts\/154388\/revisions\/154391"}],"wp:featuredmedia":[{"embeddable":true,"href":"https:\/\/www.salzburgerland.com\/cs\/wp-json\/wp\/v2\/media\/154389"}],"wp:attachment":[{"href":"https:\/\/www.salzburgerland.com\/cs\/wp-json\/wp\/v2\/media?parent=154388"}],"wp:term":[{"taxonomy":"category","embeddable":true,"href":"https:\/\/www.salzburgerland.com\/cs\/wp-json\/wp\/v2\/categories?post=154388"},{"taxonomy":"post_tag","embeddable":true,"href":"https:\/\/www.salzburgerland.com\/cs\/wp-json\/wp\/v2\/tags?post=154388"},{"taxonomy":"wl_entity_type","embeddable":true,"href":"https:\/\/www.salzburgerland.com\/cs\/wp-json\/wp\/v2\/wl_entity_type?post=154388"}],"curies":[{"name":"wp","href":"https:\/\/api.w.org\/{rel}","templated":true}]}}