{"id":154381,"date":"2022-11-16T14:08:03","date_gmt":"2022-11-16T13:08:03","guid":{"rendered":"https:\/\/www.salzburgerland.com\/cs\/?p=154381"},"modified":"2024-12-16T22:34:26","modified_gmt":"2024-12-16T21:34:26","slug":"ticha-noc-text-a-melodie","status":"publish","type":"post","link":"https:\/\/www.salzburgerland.com\/cs\/ticha-noc-text-a-melodie\/","title":{"rendered":"Text koledy Tich\u00e1 noc"},"content":{"rendered":"<div class=\"container\">\n<h2>Origin\u00e1ln\u00ed n\u011bmeck\u00e1 verze textu<\/h2>\n<h3>Stille Nacht<\/h3>\n<p>Stille Nacht! Heilige Nacht!<br>\nAlles schl\u00e4ft, einsam wacht<br>\nNur das traute hochheilige Paar.<br>\nHolder Knabe im lockigen Haar,<br>\nSchlaf in himmlischer Ruh!<br>\nSchlaf in himmlischer Ruh!<\/p>\n<p>Stille Nacht! Heilige Nacht!<br>\nGottes Sohn, o wie lacht<br>\nLieb aus deinem g\u00f6ttlichen Mund,<br>\nDa uns schl\u00e4gt die rettende Stund\u2018.<br>\nChrist, in deiner Geburt!<br>\nChrist, in deiner Geburt!<\/p>\n<p>Stille Nacht! Heilige Nacht!<br>\nDie der Welt Heil gebracht,<br>\nAus des Himmels goldenen H\u00f6h\u2018n<br>\nUns der Gnaden F\u00fclle l\u00e4sst seh\u2018n<br>\nJesus, in Menschengestalt,<br>\nJesus, in Menschengestalt<\/p>\n<p>Stille Nacht! Heilige Nacht!<br>\nWo sich heute alle Macht<br>\nV\u00e4terlicher Liebe ergoss<br>\nUnd als Bruder huldvoll umschloss.<br>\nJesus, die V\u00f6lker der Welt,<br>\nJesus, die V\u00f6lker der Welt.<\/p>\n<p>Stille Nacht! Heilige Nacht!<br>\nLange schon uns bedacht,<br>\nAls der Herr vom Grimme befreit,<br>\nIn der V\u00e4ter urgrauer Zeit<br>\nAller Welt Schonung verhie\u00df,<br>\nAller Welt Schonung verhie\u00df.<\/p>\n<p>Stille Nacht! Heilige Nacht!<br>\nHirten erst kundgemacht<br>\nDurch der Engel Halleluja,<br>\nT\u00f6nt es laut von ferne und nah:<br>\nChristus, der Retter, ist da!<br>\nChristus, der Retter ist da!<\/p>\n<h3>\u010cesk\u00e9 p\u0159eklady<\/h3>\n<h4>Tich\u00e1 noc, svat\u00e1 noc<\/h4>\n<p>Tich\u00e1 noc, svat\u00e1 noc,<br>\njala lid v blah\u00fd klid.<br>\nDv\u00e9 jen srdc\u00ed tu v Betl\u00e9m\u011b bd\u00ed,<br>\nhv\u011bzdy p\u0159i svitu u jesl\u00ed dl\u00ed,<br>\nv nich\u017e mal\u00e9 d\u011b\u0165\u00e1tko sp\u00ed,<br>\nv nich\u017e mal\u00e9 d\u011b\u0165\u00e1tko sp\u00ed.<\/p>\n<p>Tich\u00e1 noc, svat\u00e1 noc!<br>\nCo and\u011bl vypr\u00e1v\u011bl, p\u0159i\u0161el s jasnost\u00ed v past\u00fd\u0159\u016fv stan,<br>\nzn\u00ed ji\u017e z v\u00fdsosti, z v\u0161ech zem\u011b stran:<br>\n\u201eV\u00e1m je dnes spasitel d\u00e1n;<br>\np\u0159i\u0161el Kristus P\u00e1n!\u201c<\/p>\n<p>Tich\u00e1 noc, svat\u00e1 noc!<br>\nJe\u017e\u00ed\u0161ku na l\u00ed\u010dku<br>\nbo\u017e\u00ed l\u00e1ska si s \u00fasm\u011bvem hr\u00e1,<br>\nzpod zlat\u00e9 \u0159asy k n\u00e1m vyz\u00edr\u00e1,<br>\n\u017ee n\u00e1m a\u017e srd\u00e9\u010dko pl\u00e1,<br>\nvst\u0159\u00edc mu vd\u011b\u010dn\u011b pl\u00e1.<\/p>\n<p><em>Druh\u00e1 varianta \u2013 kosteln\u00ed:<\/em><\/p>\n<p>1. Tich\u00e1 noc, p\u0159esvat\u00e1 noc,<br>\nv sp\u00e1nku sv\u00e9m, d\u00fdch\u00e1 zem,<br>\np\u016flnoc odbila, m\u011bsto \u0161lo sp\u00e1t.<br>\nzd\u0159\u00edmli d\u00e1vno i past\u00fd\u0159i st\u00e1d,<br>\njen Bo\u017e\u00ed l\u00e1ska tu bd\u00ed,<br>\njen Bo\u017e\u00ed l\u00e1ska tu bd\u00ed.<\/p>\n<p>2. Tich\u00e1 noc, p\u0159esvat\u00e1 noc,<br>\nn\u00e1hle v n\u00ed j\u00e1sot zn\u00ed, vst\u00e1vej, lide m\u016fj,<br>\ntmu z o\u010d\u00ed st\u0159es, v m\u011bst\u011b Betl\u00e9m\u011b<br>\nB\u016fh zrozen dnes,<br>\nz l\u00e1sky se \u010dlov\u011bkem stal,<br>\nz l\u00e1sky se \u010dlov\u011bkem stal.<\/p>\n<p>3. Tich\u00e1 noc, p\u0159esvat\u00e1 noc,<br>\nst\u00edn a mr\u00e1z v\u016fkol n\u00e1s,<br>\nv hloubi srdce v\u0161ak<br>\nGloria h\u0159m\u00ed,<br>\nd\u00edk, \u017ee h\u0159\u00ed\u0161n\u00edk se<br>\ns d\u016fv\u011brou sm\u00ed<br>\nu svat\u00e9 rodiny h\u0159\u00e1t,<br>\nu svat\u00e9 rodiny h\u0159\u00e1t.<\/p>\n<p>4. Ty, my\u0161ko, ji\u017e ml\u010d<br>\na v hn\u00edzd\u011b se skr\u010d!<br>\nA\u0165 umlkne shon,<br>\nkde lo\u017ee m\u00e1 On!<br>\nA ty, jen\u017e tady v jesl\u00edch sp\u00ed\u0161,<br>\ndej sv\u011btu m\u00edr a h\u00e1dky zti\u0161!<br>\nA z n\u00e1s vytvo\u0159 kruh<br>\nkde vl\u00e1dne tv\u016fj duch,<br>\na z n\u00e1s vytvo\u0159 kruh<br>\nkde vl\u00e1dne tv\u016fj duch.<\/p>\n<h4>Dal\u0161\u00ed verze \u010desk\u00e9ho p\u0159ekladu<\/h4>\n<p><em>V\u00e1clav Ren\u010d<\/em><\/p>\n<p>Tich\u00e1 noc, p\u0159esvat\u00e1 noc, v sp\u00e1nku sv\u00e9m d\u00fdch\u00e1 zem,<br>\np\u016flnoc odbila, m\u011bsto \u0161lo sp\u00e1t, zd\u0159\u00edmli d\u00e1vno i past\u00fd\u0159i st\u00e1d,<br>\n\/: jen bo\u017e\u00ed l\u00e1ska, ta bd\u00ed :\/<\/p>\n<p>Tich\u00e1 noc, svat\u00e1 noc, n\u00e1hle v n\u00ed j\u00e1sot zn\u00ed,<br>\nvst\u00e1vej, lide m\u016fj, tmu z o\u010d\u00ed st\u0159es, v m\u011bst\u011b Betl\u00e9m\u011b B\u016fh zrozen<br>\ndnes, \/: z l\u00e1sky se \u010dlov\u011bkem stal :\/<\/p>\n<p>Tich\u00e1 noc, svat\u00e1 noc, st\u00edn a mr\u00e1z v\u016fkol n\u00e1s,<br>\nv hloubi srdce v\u0161ak Gloria zn\u00ed, d\u00edk, \u017ee h\u0159\u00ed\u0161n\u00edk se s d\u016fv\u011brou sm\u00ed<br>\n\/: u svat\u00e9 rodiny h\u0159\u00e1t. :\/<\/p>\n<h4>Tich\u00e1 noc<\/h4>\n<p>Tich\u00e1 noc svat\u00e1 noc<br>\nHv\u011bzdn\u00fd t\u0159pyt sly\u0161\u00edm zn\u00edt<br>\nTi\u0161e st\u0159\u00edbrn\u00e9 zvonky hraj\u00ed<br>\nLidsk\u00e1 srdce se otv\u00edraj\u00ed<br>\nKrajem jde l\u00e1ska a m\u00edr<br>\nKrajem jde l\u00e1ska a m\u00edr.<\/p>\n<p>A v ten \u010das kolem n\u00e1s<br>\nV\u0161ude na sv\u011bt\u011b Marie jsou<br>\nM\u00e1my sklon\u011bn\u00e9 nad post\u00fdlkou<br>\nV n\u00ed\u017e mal\u00e9 d\u011b\u0165\u00e1tko sp\u00ed<br>\nV n\u00ed\u017e mal\u00e9 d\u011b\u0165\u00e1tko sp\u00ed.<\/p>\n<p>Tich\u00e1 noc svat\u00e1 noc<br>\nV\u00e1no\u010dn\u00ed zvon kdy\u017e zn\u00ed<br>\nLid\u00e9 pod zlatou sn\u00edtkou jmel\u00ed<br>\nVelc\u00ed s mal\u00fdmi rozechv\u011bl\u00ed<br>\nRadost si nad\u011bluj\u00ed<br>\nRadost si nad\u011bluj\u00ed.<\/p>\n<h3>\u201eTich\u00e1 noc, svat\u00e1 noc\u201c v pod\u00e1n\u00ed sboru St. Florianer S\u00e4ngerknaben<\/h3>\n<p><a href=\"http:\/\/www.florianer.at\/\">St. Florianer S\u00e4ngerknaben<\/a> je nejstar\u0161\u00ed instituc\u00ed v hudebn\u00ed oblasti v Horn\u00edm Rakousku. Uskupen\u00ed vzniklo ji\u017e v roce 1071, kdy augustini\u00e1n\u0161t\u00ed kanovn\u00edci p\u0159evzali kl\u00e1\u0161ter sv. Flori\u00e1na. V pr\u016fb\u011bhu stalet\u00ed chlapeck\u00fd sbor sv. Flori\u00e1na p\u0159iv\u00e1d\u011bl na sc\u00e9nu sam\u00e9 skv\u011bl\u00e9 hudebn\u00edky. Pravd\u011bpodobn\u011b nejslavn\u011bj\u0161\u00edm \u201eflorianistou\u201c je dodnes skladatel Anton Bruckner.<\/p>\n<\/div>\n<div class=\"container\">\n<div class=\"media-embed\">\n<p><iframe title=\"St. Florianer S\u00e4ngerknaben - Stille Nacht\" width=\"500\" height=\"281\" src=\"https:\/\/www.youtube-nocookie.com\/embed\/ixTym6gFTxQ?feature=oembed&amp;rel=0&amp;modestbranding=1\" frameborder=\"0\" allow=\"accelerometer; autoplay; clipboard-write; encrypted-media; gyroscope; picture-in-picture; web-share\" referrerpolicy=\"strict-origin-when-cross-origin\" allowfullscreen><\/iframe><\/p>\n<\/div>\n<div class=\"yarpp yarpp-related yarpp-related-website yarpp-template-yarpp-template-multilingual\"><\/div>\n<\/div>\n","protected":false},"excerpt":{"rendered":"<p>Origin\u00e1ln\u00ed n\u011bmeck\u00e1 verze textu Stille Nacht Stille Nacht! Heilige Nacht! Alles schl\u00e4ft, einsam wacht Nur das traute hochheilige Paar. Holder Knabe im lockigen Haar, Schlaf in himmlischer Ruh! Schlaf in himmlischer Ruh! Stille Nacht! Heilige Nacht! Gottes Sohn, o wie lacht Lieb aus deinem g\u00f6ttlichen Mund, Da uns schl\u00e4gt die rettende Stund\u2018. Christ, in deiner [&hellip;]<\/p>\n","protected":false},"author":6,"featured_media":154385,"comment_status":"closed","ping_status":"closed","sticky":false,"template":"","format":"standard","meta":{"_acf_changed":false,"wl_entities_gutenberg":"","_relevanssi_hide_post":"","_relevanssi_hide_content":"","_relevanssi_pin_for_all":"","_relevanssi_pin_keywords":"","_relevanssi_unpin_keywords":"","_relevanssi_related_keywords":"","_relevanssi_related_include_ids":"","_relevanssi_related_exclude_ids":"","_relevanssi_related_no_append":"","_relevanssi_related_not_related":"","_relevanssi_related_posts":"","_relevanssi_noindex_reason":"","footnotes":""},"categories":[1],"tags":[],"wl_entity_type":[706],"class_list":["post-154381","post","type-post","status-publish","format-standard","has-post-thumbnail","hentry","category-uncategorized","wl_entity_type-article"],"acf":[],"yoast_head":"<!-- This site is optimized with the Yoast SEO Premium plugin v27.4 (Yoast SEO v27.4) - https:\/\/yoast.com\/product\/yoast-seo-premium-wordpress\/ -->\n<title>Text koledy Tich\u00e1 noc \u00bb SalzburgerLand.com<\/title>\n<meta name=\"robots\" content=\"index, follow, max-snippet:-1, max-image-preview:large, max-video-preview:-1\" \/>\n<link rel=\"canonical\" href=\"https:\/\/www.salzburgerland.com\/cs\/ticha-noc-text-a-melodie\/\" \/>\n<meta property=\"og:locale\" content=\"cs_CZ\" \/>\n<meta property=\"og:type\" content=\"article\" \/>\n<meta property=\"og:title\" content=\"Text koledy Tich\u00e1 noc\" \/>\n<meta property=\"og:description\" content=\"Origin\u00e1ln\u00ed n\u011bmeck\u00e1 verze textu Stille Nacht Stille Nacht! Heilige Nacht! Alles schl\u00e4ft, einsam wacht Nur das traute hochheilige Paar. Holder Knabe im\" \/>\n<meta property=\"og:url\" content=\"https:\/\/www.salzburgerland.com\/cs\/ticha-noc-text-a-melodie\/\" \/>\n<meta property=\"og:site_name\" content=\"SalzburgerLand.com\" \/>\n<meta property=\"article:publisher\" content=\"https:\/\/www.facebook.com\/visitsalzburgerland\/\" \/>\n<meta property=\"article:published_time\" content=\"2022-11-16T13:08:03+00:00\" \/>\n<meta property=\"article:modified_time\" content=\"2024-12-16T21:34:26+00:00\" \/>\n<meta property=\"og:image\" content=\"https:\/\/www.salzburgerland.com\/cs\/wp-content\/uploads\/2022\/11\/rs2089_2017-12-21-stille-nacht-uebergossene-alm-by-michael-groessinger-img_7672-bearbeitet-scr-1100x675.jpg\" \/>\n\t<meta property=\"og:image:width\" content=\"1100\" \/>\n\t<meta property=\"og:image:height\" content=\"675\" \/>\n\t<meta property=\"og:image:type\" content=\"image\/jpeg\" \/>\n<meta name=\"author\" content=\"Andrea \u017d\u00e1\u010dkov\u00e1\" \/>\n<meta name=\"twitter:card\" content=\"summary_large_image\" \/>\n<meta name=\"twitter:creator\" content=\"@salzburgerland\" \/>\n<meta name=\"twitter:site\" content=\"@salzburgerland\" \/>\n<meta name=\"twitter:label1\" content=\"Napsal(a)\" \/>\n\t<meta name=\"twitter:data1\" content=\"Andrea \u017d\u00e1\u010dkov\u00e1\" \/>\n\t<meta name=\"twitter:label2\" content=\"Odhadovan\u00e1 doba \u010dten\u00ed\" \/>\n\t<meta name=\"twitter:data2\" content=\"4 minuty\" \/>\n<script type=\"application\/ld+json\" class=\"yoast-schema-graph\">{\"@context\":\"https:\\\/\\\/schema.org\",\"@graph\":[{\"@type\":\"Article\",\"@id\":\"https:\\\/\\\/www.salzburgerland.com\\\/cs\\\/ticha-noc-text-a-melodie\\\/#article\",\"isPartOf\":{\"@id\":\"https:\\\/\\\/www.salzburgerland.com\\\/cs\\\/ticha-noc-text-a-melodie\\\/\"},\"author\":{\"name\":\"Andrea \u017d\u00e1\u010dkov\u00e1\",\"@id\":\"https:\\\/\\\/www.salzburgerland.com\\\/cs\\\/#\\\/schema\\\/person\\\/dd42a4661897004df109095dbf40eeff\"},\"headline\":\"Text koledy Tich\u00e1 noc\",\"datePublished\":\"2022-11-16T13:08:03+00:00\",\"dateModified\":\"2024-12-16T21:34:26+00:00\",\"mainEntityOfPage\":{\"@id\":\"https:\\\/\\\/www.salzburgerland.com\\\/cs\\\/ticha-noc-text-a-melodie\\\/\"},\"wordCount\":813,\"image\":{\"@id\":\"https:\\\/\\\/www.salzburgerland.com\\\/cs\\\/ticha-noc-text-a-melodie\\\/#primaryimage\"},\"thumbnailUrl\":\"https:\\\/\\\/www.salzburgerland.com\\\/cs\\\/wp-content\\\/uploads\\\/2022\\\/11\\\/rs2089_2017-12-21-stille-nacht-uebergossene-alm-by-michael-groessinger-img_7672-bearbeitet-scr.jpg\",\"articleSection\":[\"Uncategorized\"],\"inLanguage\":\"cs\"},{\"@type\":\"WebPage\",\"@id\":\"https:\\\/\\\/www.salzburgerland.com\\\/cs\\\/ticha-noc-text-a-melodie\\\/\",\"url\":\"https:\\\/\\\/www.salzburgerland.com\\\/cs\\\/ticha-noc-text-a-melodie\\\/\",\"name\":\"Text koledy Tich\u00e1 noc \u00bb SalzburgerLand.com\",\"isPartOf\":{\"@id\":\"https:\\\/\\\/www.salzburgerland.com\\\/cs\\\/#website\"},\"primaryImageOfPage\":{\"@id\":\"https:\\\/\\\/www.salzburgerland.com\\\/cs\\\/ticha-noc-text-a-melodie\\\/#primaryimage\"},\"image\":{\"@id\":\"https:\\\/\\\/www.salzburgerland.com\\\/cs\\\/ticha-noc-text-a-melodie\\\/#primaryimage\"},\"thumbnailUrl\":\"https:\\\/\\\/www.salzburgerland.com\\\/cs\\\/wp-content\\\/uploads\\\/2022\\\/11\\\/rs2089_2017-12-21-stille-nacht-uebergossene-alm-by-michael-groessinger-img_7672-bearbeitet-scr.jpg\",\"datePublished\":\"2022-11-16T13:08:03+00:00\",\"dateModified\":\"2024-12-16T21:34:26+00:00\",\"author\":{\"@id\":\"https:\\\/\\\/www.salzburgerland.com\\\/cs\\\/#\\\/schema\\\/person\\\/dd42a4661897004df109095dbf40eeff\"},\"description\":\"Tich\u00e1 noc, svat\u00e1 noc byla p\u0159elo\u017eena do mnoha jazyk\u016f v\u010detn\u011b \u010de\u0161tiny, kde m\u00e1 n\u011bkolik verz\u00ed.\",\"breadcrumb\":{\"@id\":\"https:\\\/\\\/www.salzburgerland.com\\\/cs\\\/ticha-noc-text-a-melodie\\\/#breadcrumb\"},\"inLanguage\":\"cs\",\"potentialAction\":[{\"@type\":\"ReadAction\",\"target\":[\"https:\\\/\\\/www.salzburgerland.com\\\/cs\\\/ticha-noc-text-a-melodie\\\/\"]}]},{\"@type\":\"ImageObject\",\"inLanguage\":\"cs\",\"@id\":\"https:\\\/\\\/www.salzburgerland.com\\\/cs\\\/ticha-noc-text-a-melodie\\\/#primaryimage\",\"url\":\"https:\\\/\\\/www.salzburgerland.com\\\/cs\\\/wp-content\\\/uploads\\\/2022\\\/11\\\/rs2089_2017-12-21-stille-nacht-uebergossene-alm-by-michael-groessinger-img_7672-bearbeitet-scr.jpg\",\"contentUrl\":\"https:\\\/\\\/www.salzburgerland.com\\\/cs\\\/wp-content\\\/uploads\\\/2022\\\/11\\\/rs2089_2017-12-21-stille-nacht-uebergossene-alm-by-michael-groessinger-img_7672-bearbeitet-scr.jpg\",\"width\":1100,\"height\":734,\"caption\":\"K V\u00e1noc\u016fm pat\u0159\u00ed koleda \\\"Tich\u00e1 noc, svat\u00e1 noc\\\" @ SalzburgerLand Tourismus, Michael Groessinger\"},{\"@type\":\"BreadcrumbList\",\"@id\":\"https:\\\/\\\/www.salzburgerland.com\\\/cs\\\/ticha-noc-text-a-melodie\\\/#breadcrumb\",\"itemListElement\":[{\"@type\":\"ListItem\",\"position\":1,\"name\":\"Tam kde vznikla Tich\u00e1 noc\",\"item\":\"https:\\\/\\\/www.salzburgerland.com\\\/cs\\\/ticha-noc\\\/\"},{\"@type\":\"ListItem\",\"position\":2,\"name\":\"Text koledy Tich\u00e1 noc\"}]},{\"@type\":\"WebSite\",\"@id\":\"https:\\\/\\\/www.salzburgerland.com\\\/cs\\\/#website\",\"url\":\"https:\\\/\\\/www.salzburgerland.com\\\/cs\\\/\",\"name\":\"SalzburgerLand.com\",\"description\":\"Va\u0161e dovolen\u00e1 v Salcburku, Rakousko\",\"potentialAction\":[{\"@type\":\"SearchAction\",\"target\":{\"@type\":\"EntryPoint\",\"urlTemplate\":\"https:\\\/\\\/www.salzburgerland.com\\\/cs\\\/?s={search_term_string}\"},\"query-input\":{\"@type\":\"PropertyValueSpecification\",\"valueRequired\":true,\"valueName\":\"search_term_string\"}}],\"inLanguage\":\"cs\"},{\"@type\":\"Person\",\"@id\":\"https:\\\/\\\/www.salzburgerland.com\\\/cs\\\/#\\\/schema\\\/person\\\/dd42a4661897004df109095dbf40eeff\",\"name\":\"Andrea \u017d\u00e1\u010dkov\u00e1\",\"image\":{\"@type\":\"ImageObject\",\"inLanguage\":\"cs\",\"@id\":\"https:\\\/\\\/secure.gravatar.com\\\/avatar\\\/338deec8d231d56d0ab7b2b7d6d0aedbcb3eb05390f6c027fd5b7ebe87b67dbf?s=96&d=mm&r=g\",\"url\":\"https:\\\/\\\/secure.gravatar.com\\\/avatar\\\/338deec8d231d56d0ab7b2b7d6d0aedbcb3eb05390f6c027fd5b7ebe87b67dbf?s=96&d=mm&r=g\",\"contentUrl\":\"https:\\\/\\\/secure.gravatar.com\\\/avatar\\\/338deec8d231d56d0ab7b2b7d6d0aedbcb3eb05390f6c027fd5b7ebe87b67dbf?s=96&d=mm&r=g\",\"caption\":\"Andrea \u017d\u00e1\u010dkov\u00e1\"}}]}<\/script>\n<meta property=\"og:video\" content=\"https:\/\/www.youtube.com\/embed\/ixTym6gFTxQ\" \/>\n<meta property=\"og:video:type\" content=\"text\/html\" \/>\n<meta property=\"og:video:duration\" content=\"66\" \/>\n<meta property=\"og:video:width\" content=\"480\" \/>\n<meta property=\"og:video:height\" content=\"270\" \/>\n<meta property=\"ya:ovs:adult\" content=\"false\" \/>\n<meta property=\"ya:ovs:upload_date\" content=\"2022-11-16T13:08:03+00:00\" \/>\n<meta property=\"ya:ovs:allow_embed\" content=\"true\" \/>\n<!-- \/ Yoast SEO Premium plugin. -->","yoast_head_json":{"title":"Text koledy Tich\u00e1 noc \u00bb SalzburgerLand.com","robots":{"index":"index","follow":"follow","max-snippet":"max-snippet:-1","max-image-preview":"max-image-preview:large","max-video-preview":"max-video-preview:-1"},"canonical":"https:\/\/www.salzburgerland.com\/cs\/ticha-noc-text-a-melodie\/","og_locale":"cs_CZ","og_type":"article","og_title":"Text koledy Tich\u00e1 noc","og_description":"Origin\u00e1ln\u00ed n\u011bmeck\u00e1 verze textu Stille Nacht Stille Nacht! Heilige Nacht! Alles schl\u00e4ft, einsam wacht Nur das traute hochheilige Paar. Holder Knabe im","og_url":"https:\/\/www.salzburgerland.com\/cs\/ticha-noc-text-a-melodie\/","og_site_name":"SalzburgerLand.com","article_publisher":"https:\/\/www.facebook.com\/visitsalzburgerland\/","article_published_time":"2022-11-16T13:08:03+00:00","article_modified_time":"2024-12-16T21:34:26+00:00","og_image":[{"width":1100,"height":675,"url":"https:\/\/www.salzburgerland.com\/cs\/wp-content\/uploads\/2022\/11\/rs2089_2017-12-21-stille-nacht-uebergossene-alm-by-michael-groessinger-img_7672-bearbeitet-scr-1100x675.jpg","type":"image\/jpeg"}],"author":"Andrea \u017d\u00e1\u010dkov\u00e1","twitter_card":"summary_large_image","twitter_creator":"@salzburgerland","twitter_site":"@salzburgerland","twitter_misc":{"Napsal(a)":"Andrea \u017d\u00e1\u010dkov\u00e1","Odhadovan\u00e1 doba \u010dten\u00ed":"4 minuty"},"schema":{"@context":"https:\/\/schema.org","@graph":[{"@type":"Article","@id":"https:\/\/www.salzburgerland.com\/cs\/ticha-noc-text-a-melodie\/#article","isPartOf":{"@id":"https:\/\/www.salzburgerland.com\/cs\/ticha-noc-text-a-melodie\/"},"author":{"name":"Andrea \u017d\u00e1\u010dkov\u00e1","@id":"https:\/\/www.salzburgerland.com\/cs\/#\/schema\/person\/dd42a4661897004df109095dbf40eeff"},"headline":"Text koledy Tich\u00e1 noc","datePublished":"2022-11-16T13:08:03+00:00","dateModified":"2024-12-16T21:34:26+00:00","mainEntityOfPage":{"@id":"https:\/\/www.salzburgerland.com\/cs\/ticha-noc-text-a-melodie\/"},"wordCount":813,"image":{"@id":"https:\/\/www.salzburgerland.com\/cs\/ticha-noc-text-a-melodie\/#primaryimage"},"thumbnailUrl":"https:\/\/www.salzburgerland.com\/cs\/wp-content\/uploads\/2022\/11\/rs2089_2017-12-21-stille-nacht-uebergossene-alm-by-michael-groessinger-img_7672-bearbeitet-scr.jpg","articleSection":["Uncategorized"],"inLanguage":"cs"},{"@type":"WebPage","@id":"https:\/\/www.salzburgerland.com\/cs\/ticha-noc-text-a-melodie\/","url":"https:\/\/www.salzburgerland.com\/cs\/ticha-noc-text-a-melodie\/","name":"Text koledy Tich\u00e1 noc \u00bb SalzburgerLand.com","isPartOf":{"@id":"https:\/\/www.salzburgerland.com\/cs\/#website"},"primaryImageOfPage":{"@id":"https:\/\/www.salzburgerland.com\/cs\/ticha-noc-text-a-melodie\/#primaryimage"},"image":{"@id":"https:\/\/www.salzburgerland.com\/cs\/ticha-noc-text-a-melodie\/#primaryimage"},"thumbnailUrl":"https:\/\/www.salzburgerland.com\/cs\/wp-content\/uploads\/2022\/11\/rs2089_2017-12-21-stille-nacht-uebergossene-alm-by-michael-groessinger-img_7672-bearbeitet-scr.jpg","datePublished":"2022-11-16T13:08:03+00:00","dateModified":"2024-12-16T21:34:26+00:00","author":{"@id":"https:\/\/www.salzburgerland.com\/cs\/#\/schema\/person\/dd42a4661897004df109095dbf40eeff"},"description":"Tich\u00e1 noc, svat\u00e1 noc byla p\u0159elo\u017eena do mnoha jazyk\u016f v\u010detn\u011b \u010de\u0161tiny, kde m\u00e1 n\u011bkolik verz\u00ed.","breadcrumb":{"@id":"https:\/\/www.salzburgerland.com\/cs\/ticha-noc-text-a-melodie\/#breadcrumb"},"inLanguage":"cs","potentialAction":[{"@type":"ReadAction","target":["https:\/\/www.salzburgerland.com\/cs\/ticha-noc-text-a-melodie\/"]}]},{"@type":"ImageObject","inLanguage":"cs","@id":"https:\/\/www.salzburgerland.com\/cs\/ticha-noc-text-a-melodie\/#primaryimage","url":"https:\/\/www.salzburgerland.com\/cs\/wp-content\/uploads\/2022\/11\/rs2089_2017-12-21-stille-nacht-uebergossene-alm-by-michael-groessinger-img_7672-bearbeitet-scr.jpg","contentUrl":"https:\/\/www.salzburgerland.com\/cs\/wp-content\/uploads\/2022\/11\/rs2089_2017-12-21-stille-nacht-uebergossene-alm-by-michael-groessinger-img_7672-bearbeitet-scr.jpg","width":1100,"height":734,"caption":"K V\u00e1noc\u016fm pat\u0159\u00ed koleda \"Tich\u00e1 noc, svat\u00e1 noc\" @ SalzburgerLand Tourismus, Michael Groessinger"},{"@type":"BreadcrumbList","@id":"https:\/\/www.salzburgerland.com\/cs\/ticha-noc-text-a-melodie\/#breadcrumb","itemListElement":[{"@type":"ListItem","position":1,"name":"Tam kde vznikla Tich\u00e1 noc","item":"https:\/\/www.salzburgerland.com\/cs\/ticha-noc\/"},{"@type":"ListItem","position":2,"name":"Text koledy Tich\u00e1 noc"}]},{"@type":"WebSite","@id":"https:\/\/www.salzburgerland.com\/cs\/#website","url":"https:\/\/www.salzburgerland.com\/cs\/","name":"SalzburgerLand.com","description":"Va\u0161e dovolen\u00e1 v Salcburku, Rakousko","potentialAction":[{"@type":"SearchAction","target":{"@type":"EntryPoint","urlTemplate":"https:\/\/www.salzburgerland.com\/cs\/?s={search_term_string}"},"query-input":{"@type":"PropertyValueSpecification","valueRequired":true,"valueName":"search_term_string"}}],"inLanguage":"cs"},{"@type":"Person","@id":"https:\/\/www.salzburgerland.com\/cs\/#\/schema\/person\/dd42a4661897004df109095dbf40eeff","name":"Andrea \u017d\u00e1\u010dkov\u00e1","image":{"@type":"ImageObject","inLanguage":"cs","@id":"https:\/\/secure.gravatar.com\/avatar\/338deec8d231d56d0ab7b2b7d6d0aedbcb3eb05390f6c027fd5b7ebe87b67dbf?s=96&d=mm&r=g","url":"https:\/\/secure.gravatar.com\/avatar\/338deec8d231d56d0ab7b2b7d6d0aedbcb3eb05390f6c027fd5b7ebe87b67dbf?s=96&d=mm&r=g","contentUrl":"https:\/\/secure.gravatar.com\/avatar\/338deec8d231d56d0ab7b2b7d6d0aedbcb3eb05390f6c027fd5b7ebe87b67dbf?s=96&d=mm&r=g","caption":"Andrea \u017d\u00e1\u010dkov\u00e1"}}]},"og_video":"https:\/\/www.youtube.com\/embed\/ixTym6gFTxQ","og_video_type":"text\/html","og_video_duration":"66","og_video_width":"480","og_video_height":"270","ya_ovs_adult":"false","ya_ovs_upload_date":"2022-11-16T13:08:03+00:00","ya_ovs_allow_embed":"true"},"_wl_alt_label":[],"wl:entity_url":"http:\/\/open.salzburgerland.com\/cs\/post\/ticha-noc-text-a-melodie-154381","_links":{"self":[{"href":"https:\/\/www.salzburgerland.com\/cs\/wp-json\/wp\/v2\/posts\/154381","targetHints":{"allow":["GET"]}}],"collection":[{"href":"https:\/\/www.salzburgerland.com\/cs\/wp-json\/wp\/v2\/posts"}],"about":[{"href":"https:\/\/www.salzburgerland.com\/cs\/wp-json\/wp\/v2\/types\/post"}],"author":[{"embeddable":true,"href":"https:\/\/www.salzburgerland.com\/cs\/wp-json\/wp\/v2\/users\/6"}],"replies":[{"embeddable":true,"href":"https:\/\/www.salzburgerland.com\/cs\/wp-json\/wp\/v2\/comments?post=154381"}],"version-history":[{"count":4,"href":"https:\/\/www.salzburgerland.com\/cs\/wp-json\/wp\/v2\/posts\/154381\/revisions"}],"predecessor-version":[{"id":161527,"href":"https:\/\/www.salzburgerland.com\/cs\/wp-json\/wp\/v2\/posts\/154381\/revisions\/161527"}],"wp:featuredmedia":[{"embeddable":true,"href":"https:\/\/www.salzburgerland.com\/cs\/wp-json\/wp\/v2\/media\/154385"}],"wp:attachment":[{"href":"https:\/\/www.salzburgerland.com\/cs\/wp-json\/wp\/v2\/media?parent=154381"}],"wp:term":[{"taxonomy":"category","embeddable":true,"href":"https:\/\/www.salzburgerland.com\/cs\/wp-json\/wp\/v2\/categories?post=154381"},{"taxonomy":"post_tag","embeddable":true,"href":"https:\/\/www.salzburgerland.com\/cs\/wp-json\/wp\/v2\/tags?post=154381"},{"taxonomy":"wl_entity_type","embeddable":true,"href":"https:\/\/www.salzburgerland.com\/cs\/wp-json\/wp\/v2\/wl_entity_type?post=154381"}],"curies":[{"name":"wp","href":"https:\/\/api.w.org\/{rel}","templated":true}]}}