{"id":153998,"date":"2022-11-11T14:49:47","date_gmt":"2022-11-11T13:49:47","guid":{"rendered":"https:\/\/www.salzburgerland.com\/cs\/?p=153998"},"modified":"2022-11-11T15:09:50","modified_gmt":"2022-11-11T14:09:50","slug":"ticha-noc-poutni-muzeum-mariapfarr","status":"publish","type":"post","link":"https:\/\/www.salzburgerland.com\/cs\/ticha-noc-poutni-muzeum-mariapfarr\/","title":{"rendered":"Muzeum Tich\u00e9 noci v Mariapfarr"},"content":{"rendered":"<p>Obec <a href=\"https:\/\/www.salzburgerland.com\/cs\/salcbursky-lungau-advent-a-tradice\/\">Lungau<\/a> je pova\u017eov\u00e1na za nejslune\u010dn\u011bj\u0161\u00ed m\u00edsto v Rakousku. D\u00edky spoust\u011b hodin, kdy tady sv\u00edt\u00ed slunce, a p\u0159\u00edzniv\u00e9 nadmo\u0159sk\u00e9 v\u00fd\u0161ce se zde lid\u00e9 c\u00edt\u00ed velmi dob\u0159e. Nebylo tomu tak ale v\u017edy. Kdy\u017e se tady 23let\u00fd Joseph Mohr v roce 1815 ujal sv\u00e9 prvn\u00ed slu\u017eby jako pomocn\u00fd far\u00e1\u0159, za\u017e\u00edval odlehl\u00fd region Lungau t\u011b\u017ek\u00e9 \u010dasy. Byly poznamenan\u00e9 v\u00e1lkou, hladem a chudobou. Teprve kdy\u017e se Salcburk stal sou\u010d\u00e1st\u00ed Rakouska, situace se pomalu zlep\u0161ovala. Mlad\u00e9ho pastora tak napadla kr\u00e1sn\u00e1 b\u00e1se\u0148, kter\u00e1 je dnes p\u0159elo\u017eena do stovek jazyk\u016f, do \u010de\u0161tiny jako Tich\u00e1 noc, svat\u00e1 noc. \u0160est strof, kter\u00e9 d\u00e1vaj\u00ed nad\u011bji. Nad\u011bje na sp\u00e1su sv\u011bta, prom\u00edtnut\u00e1 ve v\u00e1no\u010dn\u00edm z\u00e1zraku.<\/p>\n<h3>Ko\u0159eny vedou do Lungau<\/h3>\n<p>Ve <a href=\"https:\/\/www.wallfahrtsmuseum.at\/en\/\" target=\"_blank\" rel=\"noopener\">farn\u00edm, poutn\u00edm muzeu s muzeem Tich\u00e9 noci<\/a> v Mariapfarru se m\u016f\u017eete podrobn\u011b sezn\u00e1mit s p\u0159\u00edb\u011bhem Josepha Mohra a jeho textem. V roce 1995 se na\u0161el v poz\u016fstalosti z\u00e1pis, kter\u00fd po d\u016fkladn\u00e9m v\u011bdeck\u00e9m zkoum\u00e1n\u00ed jasn\u011b dokazuje, \u017ee Joseph Mohr, napsal dnes sv\u011btozn\u00e1mou v\u00e1no\u010dn\u00ed koledu \u201eTich\u00e1 noc! Svat\u00e1 noc!\u201c v Mariapfarru. Bylo tedy samoz\u0159ejmost\u00ed zp\u0159\u00edstupnit ve zdej\u0161\u00edm Farn\u00edm a poutn\u00edm muzeu dokumentaci v\u011bnovanou Mohrovi a jeho p\u00edsni.<\/p>\n<p>V muzeu se nach\u00e1z\u00ed mnoho dokument\u016f o Josephu Mohrovi, po\u010d\u00ednaje rodokmenem jeho rodiny, kter\u00fd lze v Lungau vysledovat a\u017e do 17. stolet\u00ed, a\u017e po jeho smrt ve Wagrainu v roce 1848. O jeho lungausk\u00fdch ko\u0159enech sv\u011bd\u010d\u00ed nejen jeho p\u016fvod a pobyt ve funkci pomocn\u00e9ho kn\u011bze v letech 1815-1817 v Mariapfarru. Jeho prvn\u00ed u\u010ditel hudby, jeho nad\u0159\u00edzen\u00ed v Mariapfarru a Oberndorfu byli rovn\u011b\u017e z Lungau, stejn\u011b jako autor pomn\u00edku v Oberndorfu, zn\u00e1m\u00fd um\u011blec a kn\u011bz M\u00fchlbacher.<\/p>\n<p><strong>Kontakt:<\/strong><br>\nPfarr-, Wallfahrts- und Stille Nacht Museum<span>\u00a0<\/span><span id=\"urn:enhancement-66c32134-c6a4-4781-9f50-2402f5c756a3\" class=\"textannotation\">Mariapfarr<br>\n<\/span>Joseph Mohr Platz 1<br>\n5571<span>\u00a0<\/span><span id=\"urn:enhancement-475e8f60-44d3-4b9c-a400-86d575233c9e\" class=\"textannotation\">Mariapfarr<br>\n<\/span><span id=\"urn:enhancement-475e8f60-44d3-4b9c-a400-86d575233c9e\" class=\"textannotation\"><span>T +43 6473 8766<br>\n<\/span><a href=\"mailto:mariapfarr@tourismuslungau.at\" target=\"_blank\" rel=\"noopener\">mariapfarr@tourismuslungau.at<\/a><br>\n<a href=\"http:\/\/www.wallfahrtsmuseum.at\/\" target=\"_blank\" rel=\"noopener\">www.wallfahrtsmuseum.at<\/a><\/span><\/p>\n<p>Vstup do muzea je z Pfarrstra\u00dfe 19<\/p>\n","protected":false},"excerpt":{"rendered":"<p>Obec Lungau je pova\u017eov\u00e1na za nejslune\u010dn\u011bj\u0161\u00ed m\u00edsto v Rakousku. D\u00edky spoust\u011b hodin, kdy tady sv\u00edt\u00ed slunce, a p\u0159\u00edzniv\u00e9 nadmo\u0159sk\u00e9 v\u00fd\u0161ce se zde lid\u00e9 c\u00edt\u00ed velmi dob\u0159e. Nebylo tomu tak ale v\u017edy. Kdy\u017e se tady 23let\u00fd Joseph Mohr v roce 1815 ujal sv\u00e9 prvn\u00ed slu\u017eby jako pomocn\u00fd far\u00e1\u0159, za\u017e\u00edval odlehl\u00fd region Lungau t\u011b\u017ek\u00e9 \u010dasy. Byly poznamenan\u00e9 [&hellip;]<\/p>\n","protected":false},"author":6,"featured_media":154001,"comment_status":"closed","ping_status":"closed","sticky":false,"template":"","format":"standard","meta":{"_acf_changed":false,"wl_entities_gutenberg":"","_relevanssi_hide_post":"","_relevanssi_hide_content":"","_relevanssi_pin_for_all":"","_relevanssi_pin_keywords":"","_relevanssi_unpin_keywords":"","_relevanssi_related_keywords":"","_relevanssi_related_include_ids":"","_relevanssi_related_exclude_ids":"","_relevanssi_related_no_append":"","_relevanssi_related_not_related":"","_relevanssi_related_posts":"","_relevanssi_noindex_reason":"","footnotes":""},"categories":[1],"tags":[],"wl_entity_type":[706],"class_list":["post-153998","post","type-post","status-publish","format-standard","has-post-thumbnail","hentry","category-uncategorized","wl_entity_type-article"],"acf":[],"yoast_head":"<!-- This site is optimized with the Yoast SEO Premium plugin v27.4 (Yoast SEO v27.4) - https:\/\/yoast.com\/product\/yoast-seo-premium-wordpress\/ -->\n<title>Muzeum Tich\u00e9 noci v Mariapfarr \u00bb SalzburgerLand.com<\/title>\n<meta name=\"robots\" content=\"index, follow, max-snippet:-1, max-image-preview:large, max-video-preview:-1\" \/>\n<link rel=\"canonical\" href=\"https:\/\/www.salzburgerland.com\/cs\/ticha-noc-poutni-muzeum-mariapfarr\/\" \/>\n<meta property=\"og:locale\" content=\"cs_CZ\" \/>\n<meta property=\"og:type\" content=\"article\" \/>\n<meta property=\"og:title\" content=\"Muzeum Tich\u00e9 noci v Mariapfarr\" \/>\n<meta property=\"og:description\" content=\"Obec Lungau je pova\u017eov\u00e1na za nejslune\u010dn\u011bj\u0161\u00ed m\u00edsto v Rakousku. D\u00edky spoust\u011b hodin, kdy tady sv\u00edt\u00ed slunce, a p\u0159\u00edzniv\u00e9 nadmo\u0159sk\u00e9 v\u00fd\u0161ce se zde lid\u00e9 c\u00edt\u00ed velmi\" \/>\n<meta property=\"og:url\" content=\"https:\/\/www.salzburgerland.com\/cs\/ticha-noc-poutni-muzeum-mariapfarr\/\" \/>\n<meta property=\"og:site_name\" content=\"SalzburgerLand.com\" \/>\n<meta property=\"article:publisher\" content=\"https:\/\/www.facebook.com\/visitsalzburgerland\/\" \/>\n<meta property=\"article:published_time\" content=\"2022-11-11T13:49:47+00:00\" \/>\n<meta property=\"article:modified_time\" content=\"2022-11-11T14:09:50+00:00\" \/>\n<meta property=\"og:image\" content=\"https:\/\/www.salzburgerland.com\/cs\/wp-content\/uploads\/2022\/11\/rs1083_brunnen_mohr01-hpr-1920x840-jpg-pagespeed-ce_-xlutstorep-1170x658-1.jpg\" \/>\n\t<meta property=\"og:image:width\" content=\"1170\" \/>\n\t<meta property=\"og:image:height\" content=\"658\" \/>\n\t<meta property=\"og:image:type\" content=\"image\/jpeg\" \/>\n<meta name=\"author\" content=\"Andrea \u017d\u00e1\u010dkov\u00e1\" \/>\n<meta name=\"twitter:card\" content=\"summary_large_image\" \/>\n<meta name=\"twitter:creator\" content=\"@salzburgerland\" \/>\n<meta name=\"twitter:site\" content=\"@salzburgerland\" \/>\n<meta name=\"twitter:label1\" content=\"Napsal(a)\" \/>\n\t<meta name=\"twitter:data1\" content=\"Andrea \u017d\u00e1\u010dkov\u00e1\" \/>\n\t<meta name=\"twitter:label2\" content=\"Odhadovan\u00e1 doba \u010dten\u00ed\" \/>\n\t<meta name=\"twitter:data2\" content=\"2 minuty\" \/>\n<script type=\"application\/ld+json\" class=\"yoast-schema-graph\">{\"@context\":\"https:\\\/\\\/schema.org\",\"@graph\":[{\"@type\":\"Article\",\"@id\":\"https:\\\/\\\/www.salzburgerland.com\\\/cs\\\/ticha-noc-poutni-muzeum-mariapfarr\\\/#article\",\"isPartOf\":{\"@id\":\"https:\\\/\\\/www.salzburgerland.com\\\/cs\\\/ticha-noc-poutni-muzeum-mariapfarr\\\/\"},\"author\":{\"name\":\"Andrea \u017d\u00e1\u010dkov\u00e1\",\"@id\":\"https:\\\/\\\/www.salzburgerland.com\\\/cs\\\/#\\\/schema\\\/person\\\/dd42a4661897004df109095dbf40eeff\"},\"headline\":\"Muzeum Tich\u00e9 noci v Mariapfarr\",\"datePublished\":\"2022-11-11T13:49:47+00:00\",\"dateModified\":\"2022-11-11T14:09:50+00:00\",\"mainEntityOfPage\":{\"@id\":\"https:\\\/\\\/www.salzburgerland.com\\\/cs\\\/ticha-noc-poutni-muzeum-mariapfarr\\\/\"},\"wordCount\":351,\"image\":{\"@id\":\"https:\\\/\\\/www.salzburgerland.com\\\/cs\\\/ticha-noc-poutni-muzeum-mariapfarr\\\/#primaryimage\"},\"thumbnailUrl\":\"https:\\\/\\\/www.salzburgerland.com\\\/cs\\\/wp-content\\\/uploads\\\/2022\\\/11\\\/rs1083_brunnen_mohr01-hpr-1920x840-jpg-pagespeed-ce_-xlutstorep-1170x658-1.jpg\",\"articleSection\":[\"Uncategorized\"],\"inLanguage\":\"cs\"},{\"@type\":\"WebPage\",\"@id\":\"https:\\\/\\\/www.salzburgerland.com\\\/cs\\\/ticha-noc-poutni-muzeum-mariapfarr\\\/\",\"url\":\"https:\\\/\\\/www.salzburgerland.com\\\/cs\\\/ticha-noc-poutni-muzeum-mariapfarr\\\/\",\"name\":\"Muzeum Tich\u00e9 noci v Mariapfarr \u00bb SalzburgerLand.com\",\"isPartOf\":{\"@id\":\"https:\\\/\\\/www.salzburgerland.com\\\/cs\\\/#website\"},\"primaryImageOfPage\":{\"@id\":\"https:\\\/\\\/www.salzburgerland.com\\\/cs\\\/ticha-noc-poutni-muzeum-mariapfarr\\\/#primaryimage\"},\"image\":{\"@id\":\"https:\\\/\\\/www.salzburgerland.com\\\/cs\\\/ticha-noc-poutni-muzeum-mariapfarr\\\/#primaryimage\"},\"thumbnailUrl\":\"https:\\\/\\\/www.salzburgerland.com\\\/cs\\\/wp-content\\\/uploads\\\/2022\\\/11\\\/rs1083_brunnen_mohr01-hpr-1920x840-jpg-pagespeed-ce_-xlutstorep-1170x658-1.jpg\",\"datePublished\":\"2022-11-11T13:49:47+00:00\",\"dateModified\":\"2022-11-11T14:09:50+00:00\",\"author\":{\"@id\":\"https:\\\/\\\/www.salzburgerland.com\\\/cs\\\/#\\\/schema\\\/person\\\/dd42a4661897004df109095dbf40eeff\"},\"description\":\"Ve farn\u00edm, poutn\u00edm muzeu s muzeem Tich\u00e9 noci v Mariapfarru se m\u016f\u017eete podrobn\u011b sezn\u00e1mit s p\u0159\u00edb\u011bhem Josepha Mohra a jeho textem.\",\"breadcrumb\":{\"@id\":\"https:\\\/\\\/www.salzburgerland.com\\\/cs\\\/ticha-noc-poutni-muzeum-mariapfarr\\\/#breadcrumb\"},\"inLanguage\":\"cs\",\"potentialAction\":[{\"@type\":\"ReadAction\",\"target\":[\"https:\\\/\\\/www.salzburgerland.com\\\/cs\\\/ticha-noc-poutni-muzeum-mariapfarr\\\/\"]}]},{\"@type\":\"ImageObject\",\"inLanguage\":\"cs\",\"@id\":\"https:\\\/\\\/www.salzburgerland.com\\\/cs\\\/ticha-noc-poutni-muzeum-mariapfarr\\\/#primaryimage\",\"url\":\"https:\\\/\\\/www.salzburgerland.com\\\/cs\\\/wp-content\\\/uploads\\\/2022\\\/11\\\/rs1083_brunnen_mohr01-hpr-1920x840-jpg-pagespeed-ce_-xlutstorep-1170x658-1.jpg\",\"contentUrl\":\"https:\\\/\\\/www.salzburgerland.com\\\/cs\\\/wp-content\\\/uploads\\\/2022\\\/11\\\/rs1083_brunnen_mohr01-hpr-1920x840-jpg-pagespeed-ce_-xlutstorep-1170x658-1.jpg\",\"width\":1170,\"height\":658,\"caption\":\"Ka\u0161na s bustou Josepha Mohra v Mariapfarru \u00a9 Salzburgerland Tourismus\"},{\"@type\":\"BreadcrumbList\",\"@id\":\"https:\\\/\\\/www.salzburgerland.com\\\/cs\\\/ticha-noc-poutni-muzeum-mariapfarr\\\/#breadcrumb\",\"itemListElement\":[{\"@type\":\"ListItem\",\"position\":1,\"name\":\"Tam kde vznikla Tich\u00e1 noc\",\"item\":\"https:\\\/\\\/www.salzburgerland.com\\\/cs\\\/ticha-noc\\\/\"},{\"@type\":\"ListItem\",\"position\":2,\"name\":\"Muzeum Tich\u00e9 noci v Mariapfarr\"}]},{\"@type\":\"WebSite\",\"@id\":\"https:\\\/\\\/www.salzburgerland.com\\\/cs\\\/#website\",\"url\":\"https:\\\/\\\/www.salzburgerland.com\\\/cs\\\/\",\"name\":\"SalzburgerLand.com\",\"description\":\"Va\u0161e dovolen\u00e1 v Salcburku, Rakousko\",\"potentialAction\":[{\"@type\":\"SearchAction\",\"target\":{\"@type\":\"EntryPoint\",\"urlTemplate\":\"https:\\\/\\\/www.salzburgerland.com\\\/cs\\\/?s={search_term_string}\"},\"query-input\":{\"@type\":\"PropertyValueSpecification\",\"valueRequired\":true,\"valueName\":\"search_term_string\"}}],\"inLanguage\":\"cs\"},{\"@type\":\"Person\",\"@id\":\"https:\\\/\\\/www.salzburgerland.com\\\/cs\\\/#\\\/schema\\\/person\\\/dd42a4661897004df109095dbf40eeff\",\"name\":\"Andrea \u017d\u00e1\u010dkov\u00e1\",\"image\":{\"@type\":\"ImageObject\",\"inLanguage\":\"cs\",\"@id\":\"https:\\\/\\\/secure.gravatar.com\\\/avatar\\\/338deec8d231d56d0ab7b2b7d6d0aedbcb3eb05390f6c027fd5b7ebe87b67dbf?s=96&d=mm&r=g\",\"url\":\"https:\\\/\\\/secure.gravatar.com\\\/avatar\\\/338deec8d231d56d0ab7b2b7d6d0aedbcb3eb05390f6c027fd5b7ebe87b67dbf?s=96&d=mm&r=g\",\"contentUrl\":\"https:\\\/\\\/secure.gravatar.com\\\/avatar\\\/338deec8d231d56d0ab7b2b7d6d0aedbcb3eb05390f6c027fd5b7ebe87b67dbf?s=96&d=mm&r=g\",\"caption\":\"Andrea \u017d\u00e1\u010dkov\u00e1\"}}]}<\/script>\n<!-- \/ Yoast SEO Premium plugin. -->","yoast_head_json":{"title":"Muzeum Tich\u00e9 noci v Mariapfarr \u00bb SalzburgerLand.com","robots":{"index":"index","follow":"follow","max-snippet":"max-snippet:-1","max-image-preview":"max-image-preview:large","max-video-preview":"max-video-preview:-1"},"canonical":"https:\/\/www.salzburgerland.com\/cs\/ticha-noc-poutni-muzeum-mariapfarr\/","og_locale":"cs_CZ","og_type":"article","og_title":"Muzeum Tich\u00e9 noci v Mariapfarr","og_description":"Obec Lungau je pova\u017eov\u00e1na za nejslune\u010dn\u011bj\u0161\u00ed m\u00edsto v Rakousku. D\u00edky spoust\u011b hodin, kdy tady sv\u00edt\u00ed slunce, a p\u0159\u00edzniv\u00e9 nadmo\u0159sk\u00e9 v\u00fd\u0161ce se zde lid\u00e9 c\u00edt\u00ed velmi","og_url":"https:\/\/www.salzburgerland.com\/cs\/ticha-noc-poutni-muzeum-mariapfarr\/","og_site_name":"SalzburgerLand.com","article_publisher":"https:\/\/www.facebook.com\/visitsalzburgerland\/","article_published_time":"2022-11-11T13:49:47+00:00","article_modified_time":"2022-11-11T14:09:50+00:00","og_image":[{"url":"https:\/\/www.salzburgerland.com\/cs\/wp-content\/uploads\/2022\/11\/rs1083_brunnen_mohr01-hpr-1920x840-jpg-pagespeed-ce_-xlutstorep-1170x658-1.jpg","width":1170,"height":658,"type":"image\/jpeg"}],"author":"Andrea \u017d\u00e1\u010dkov\u00e1","twitter_card":"summary_large_image","twitter_creator":"@salzburgerland","twitter_site":"@salzburgerland","twitter_misc":{"Napsal(a)":"Andrea \u017d\u00e1\u010dkov\u00e1","Odhadovan\u00e1 doba \u010dten\u00ed":"2 minuty"},"schema":{"@context":"https:\/\/schema.org","@graph":[{"@type":"Article","@id":"https:\/\/www.salzburgerland.com\/cs\/ticha-noc-poutni-muzeum-mariapfarr\/#article","isPartOf":{"@id":"https:\/\/www.salzburgerland.com\/cs\/ticha-noc-poutni-muzeum-mariapfarr\/"},"author":{"name":"Andrea \u017d\u00e1\u010dkov\u00e1","@id":"https:\/\/www.salzburgerland.com\/cs\/#\/schema\/person\/dd42a4661897004df109095dbf40eeff"},"headline":"Muzeum Tich\u00e9 noci v Mariapfarr","datePublished":"2022-11-11T13:49:47+00:00","dateModified":"2022-11-11T14:09:50+00:00","mainEntityOfPage":{"@id":"https:\/\/www.salzburgerland.com\/cs\/ticha-noc-poutni-muzeum-mariapfarr\/"},"wordCount":351,"image":{"@id":"https:\/\/www.salzburgerland.com\/cs\/ticha-noc-poutni-muzeum-mariapfarr\/#primaryimage"},"thumbnailUrl":"https:\/\/www.salzburgerland.com\/cs\/wp-content\/uploads\/2022\/11\/rs1083_brunnen_mohr01-hpr-1920x840-jpg-pagespeed-ce_-xlutstorep-1170x658-1.jpg","articleSection":["Uncategorized"],"inLanguage":"cs"},{"@type":"WebPage","@id":"https:\/\/www.salzburgerland.com\/cs\/ticha-noc-poutni-muzeum-mariapfarr\/","url":"https:\/\/www.salzburgerland.com\/cs\/ticha-noc-poutni-muzeum-mariapfarr\/","name":"Muzeum Tich\u00e9 noci v Mariapfarr \u00bb SalzburgerLand.com","isPartOf":{"@id":"https:\/\/www.salzburgerland.com\/cs\/#website"},"primaryImageOfPage":{"@id":"https:\/\/www.salzburgerland.com\/cs\/ticha-noc-poutni-muzeum-mariapfarr\/#primaryimage"},"image":{"@id":"https:\/\/www.salzburgerland.com\/cs\/ticha-noc-poutni-muzeum-mariapfarr\/#primaryimage"},"thumbnailUrl":"https:\/\/www.salzburgerland.com\/cs\/wp-content\/uploads\/2022\/11\/rs1083_brunnen_mohr01-hpr-1920x840-jpg-pagespeed-ce_-xlutstorep-1170x658-1.jpg","datePublished":"2022-11-11T13:49:47+00:00","dateModified":"2022-11-11T14:09:50+00:00","author":{"@id":"https:\/\/www.salzburgerland.com\/cs\/#\/schema\/person\/dd42a4661897004df109095dbf40eeff"},"description":"Ve farn\u00edm, poutn\u00edm muzeu s muzeem Tich\u00e9 noci v Mariapfarru se m\u016f\u017eete podrobn\u011b sezn\u00e1mit s p\u0159\u00edb\u011bhem Josepha Mohra a jeho textem.","breadcrumb":{"@id":"https:\/\/www.salzburgerland.com\/cs\/ticha-noc-poutni-muzeum-mariapfarr\/#breadcrumb"},"inLanguage":"cs","potentialAction":[{"@type":"ReadAction","target":["https:\/\/www.salzburgerland.com\/cs\/ticha-noc-poutni-muzeum-mariapfarr\/"]}]},{"@type":"ImageObject","inLanguage":"cs","@id":"https:\/\/www.salzburgerland.com\/cs\/ticha-noc-poutni-muzeum-mariapfarr\/#primaryimage","url":"https:\/\/www.salzburgerland.com\/cs\/wp-content\/uploads\/2022\/11\/rs1083_brunnen_mohr01-hpr-1920x840-jpg-pagespeed-ce_-xlutstorep-1170x658-1.jpg","contentUrl":"https:\/\/www.salzburgerland.com\/cs\/wp-content\/uploads\/2022\/11\/rs1083_brunnen_mohr01-hpr-1920x840-jpg-pagespeed-ce_-xlutstorep-1170x658-1.jpg","width":1170,"height":658,"caption":"Ka\u0161na s bustou Josepha Mohra v Mariapfarru \u00a9 Salzburgerland Tourismus"},{"@type":"BreadcrumbList","@id":"https:\/\/www.salzburgerland.com\/cs\/ticha-noc-poutni-muzeum-mariapfarr\/#breadcrumb","itemListElement":[{"@type":"ListItem","position":1,"name":"Tam kde vznikla Tich\u00e1 noc","item":"https:\/\/www.salzburgerland.com\/cs\/ticha-noc\/"},{"@type":"ListItem","position":2,"name":"Muzeum Tich\u00e9 noci v Mariapfarr"}]},{"@type":"WebSite","@id":"https:\/\/www.salzburgerland.com\/cs\/#website","url":"https:\/\/www.salzburgerland.com\/cs\/","name":"SalzburgerLand.com","description":"Va\u0161e dovolen\u00e1 v Salcburku, Rakousko","potentialAction":[{"@type":"SearchAction","target":{"@type":"EntryPoint","urlTemplate":"https:\/\/www.salzburgerland.com\/cs\/?s={search_term_string}"},"query-input":{"@type":"PropertyValueSpecification","valueRequired":true,"valueName":"search_term_string"}}],"inLanguage":"cs"},{"@type":"Person","@id":"https:\/\/www.salzburgerland.com\/cs\/#\/schema\/person\/dd42a4661897004df109095dbf40eeff","name":"Andrea \u017d\u00e1\u010dkov\u00e1","image":{"@type":"ImageObject","inLanguage":"cs","@id":"https:\/\/secure.gravatar.com\/avatar\/338deec8d231d56d0ab7b2b7d6d0aedbcb3eb05390f6c027fd5b7ebe87b67dbf?s=96&d=mm&r=g","url":"https:\/\/secure.gravatar.com\/avatar\/338deec8d231d56d0ab7b2b7d6d0aedbcb3eb05390f6c027fd5b7ebe87b67dbf?s=96&d=mm&r=g","contentUrl":"https:\/\/secure.gravatar.com\/avatar\/338deec8d231d56d0ab7b2b7d6d0aedbcb3eb05390f6c027fd5b7ebe87b67dbf?s=96&d=mm&r=g","caption":"Andrea \u017d\u00e1\u010dkov\u00e1"}}]}},"_wl_alt_label":[],"wl:entity_url":"http:\/\/open.salzburgerland.com\/cs\/post\/ticha-noc-poutni-muzeum-153998","_links":{"self":[{"href":"https:\/\/www.salzburgerland.com\/cs\/wp-json\/wp\/v2\/posts\/153998","targetHints":{"allow":["GET"]}}],"collection":[{"href":"https:\/\/www.salzburgerland.com\/cs\/wp-json\/wp\/v2\/posts"}],"about":[{"href":"https:\/\/www.salzburgerland.com\/cs\/wp-json\/wp\/v2\/types\/post"}],"author":[{"embeddable":true,"href":"https:\/\/www.salzburgerland.com\/cs\/wp-json\/wp\/v2\/users\/6"}],"replies":[{"embeddable":true,"href":"https:\/\/www.salzburgerland.com\/cs\/wp-json\/wp\/v2\/comments?post=153998"}],"version-history":[{"count":4,"href":"https:\/\/www.salzburgerland.com\/cs\/wp-json\/wp\/v2\/posts\/153998\/revisions"}],"predecessor-version":[{"id":154003,"href":"https:\/\/www.salzburgerland.com\/cs\/wp-json\/wp\/v2\/posts\/153998\/revisions\/154003"}],"wp:featuredmedia":[{"embeddable":true,"href":"https:\/\/www.salzburgerland.com\/cs\/wp-json\/wp\/v2\/media\/154001"}],"wp:attachment":[{"href":"https:\/\/www.salzburgerland.com\/cs\/wp-json\/wp\/v2\/media?parent=153998"}],"wp:term":[{"taxonomy":"category","embeddable":true,"href":"https:\/\/www.salzburgerland.com\/cs\/wp-json\/wp\/v2\/categories?post=153998"},{"taxonomy":"post_tag","embeddable":true,"href":"https:\/\/www.salzburgerland.com\/cs\/wp-json\/wp\/v2\/tags?post=153998"},{"taxonomy":"wl_entity_type","embeddable":true,"href":"https:\/\/www.salzburgerland.com\/cs\/wp-json\/wp\/v2\/wl_entity_type?post=153998"}],"curies":[{"name":"wp","href":"https:\/\/api.w.org\/{rel}","templated":true}]}}