{"id":153986,"date":"2022-11-11T14:36:58","date_gmt":"2022-11-11T13:36:58","guid":{"rendered":"https:\/\/www.salzburgerland.com\/cs\/?p=153986"},"modified":"2022-11-16T20:18:09","modified_gmt":"2022-11-16T19:18:09","slug":"ticha-noc-muzeum-arnsdorf","status":"publish","type":"post","link":"https:\/\/www.salzburgerland.com\/cs\/ticha-noc-muzeum-arnsdorf\/","title":{"rendered":"Muzeum Tich\u00e9 noci v Arnsdorfu"},"content":{"rendered":"<p>V roce 1807 nastoupil mlad\u00fd Franz Xaver Gruber na sv\u00e9 prvn\u00ed m\u00edsto u\u010ditele na z\u00e1kladn\u00ed \u0161kole v Arnsdorfu. Byl tak\u00e9 pomocn\u00edkem a varhan\u00edkem v tehdy v\u00fdznamn\u00e9m poutn\u00edm kostele. O pouh\u00fd rok pozd\u011bji nastoupil do nedalek\u00e9ho Oberndorfu mlad\u00fd far\u00e1\u0159 Joseph Mohr. Netrvalo dlouho a jejich cesty se zk\u0159\u00ed\u017eily. Oba mu\u017ee spojovala l\u00e1ska k hudb\u011b, a tak nebylo divu, \u017ee se nedal Franz Xaver Gruber dlouho pob\u00edzet, aby zhudebnil Mohr\u016fv text <span>\u201eStille Nacht! Heilige Nacht!\u201c a doprov\u00e1zel ho na kytaru.\u00a0<\/span><\/p>\n<p>\u0160kola je v provozu dodnes. V prvn\u00edm pat\u0159e m\u016f\u017eete nav\u0161t\u00edvit muzeum Tich\u00e9 noci v Gruberov\u011b b\u00fdval\u00e9m dom\u011b. C\u00edlem expozice je o\u017eivit Gruberovu \u0161kolu a vypr\u00e1v\u011bt o dob\u011b, kdy byla Tich\u00e1 noc naps\u00e1na. V\u017edy\u0165 melodie Tich\u00e9 noci m\u00e1 sv\u00e9 ko\u0159eny pr\u00e1v\u011b zde, ve zcela konkr\u00e9tn\u00edm \u017eivot\u011b tehdej\u0161\u00edch lid\u00ed. Nen\u00ed to typick\u00e9 muzeum. N\u00e1v\u0161t\u011bvn\u00edci by si m\u011bli ud\u011blat \u010das a naslouchat p\u0159\u00edb\u011bh\u016fm, kter\u00e9 vypr\u00e1v\u011bj\u00ed vystaven\u00e9 p\u0159edm\u011bty, z nich\u017e n\u011bkter\u00e9 jsou origin\u00e1ln\u00ed. Muzeum slou\u017e\u00ed jako m\u00edsto setk\u00e1n\u00ed.<\/p>\n<p>Za n\u00e1v\u0161t\u011bvu stoj\u00ed tak\u00e9 kostel Maria im M\u00f6sl. Po stop\u00e1ch Grubera a Mohra se m\u016f\u017eete vydat na hezk\u00e9 Stezce m\u00edru mezi Arnsdorfem a Oberndorfem.<\/p>\n<p><strong>Kontakt:<br>\n<\/strong><span id=\"urn:enhancement-79e68544-3f42-4c67-a392-80f86326cc24\" class=\"textannotation\">Stille Nacht Museum Arnsdorf<br>\n<\/span><span>Stille Nacht Platz 1, 5112 Lamprechtshausen\/<\/span><span id=\"urn:enhancement-d9ebefa7-5a95-41f2-9180-4707ff282132\" class=\"textannotation\">Arnsdorf<br>\n<\/span><span>T +43 664 15 89 400<\/span><br>\n<a href=\"mailto:office@stillenachtarnsdorf.at\" target=\"_blank\" rel=\"noopener\">office@stillenachtarnsdorf.at<\/a><br>\n<a href=\"http:\/\/www.stillenachtarnsdorf.at\/\" target=\"_blank\" rel=\"noopener\">www.stillenachtarnsdorf.at<\/a><\/p>\n","protected":false},"excerpt":{"rendered":"<p>V roce 1807 nastoupil mlad\u00fd Franz Xaver Gruber na sv\u00e9 prvn\u00ed m\u00edsto u\u010ditele na z\u00e1kladn\u00ed \u0161kole v Arnsdorfu. Byl tak\u00e9 pomocn\u00edkem a varhan\u00edkem v tehdy v\u00fdznamn\u00e9m poutn\u00edm kostele. O pouh\u00fd rok pozd\u011bji nastoupil do nedalek\u00e9ho Oberndorfu mlad\u00fd far\u00e1\u0159 Joseph Mohr. Netrvalo dlouho a jejich cesty se zk\u0159\u00ed\u017eily. Oba mu\u017ee spojovala l\u00e1ska k hudb\u011b, a tak [&hellip;]<\/p>\n","protected":false},"author":6,"featured_media":153987,"comment_status":"closed","ping_status":"closed","sticky":false,"template":"","format":"standard","meta":{"_acf_changed":false,"wl_entities_gutenberg":"","_relevanssi_hide_post":"","_relevanssi_hide_content":"","_relevanssi_pin_for_all":"","_relevanssi_pin_keywords":"","_relevanssi_unpin_keywords":"","_relevanssi_related_keywords":"","_relevanssi_related_include_ids":"","_relevanssi_related_exclude_ids":"","_relevanssi_related_no_append":"","_relevanssi_related_not_related":"","_relevanssi_related_posts":"","_relevanssi_noindex_reason":"","footnotes":""},"categories":[1],"tags":[],"wl_entity_type":[706],"class_list":["post-153986","post","type-post","status-publish","format-standard","has-post-thumbnail","hentry","category-uncategorized","wl_entity_type-article"],"acf":[],"yoast_head":"<!-- This site is optimized with the Yoast SEO Premium plugin v27.4 (Yoast SEO v27.4) - https:\/\/yoast.com\/product\/yoast-seo-premium-wordpress\/ -->\n<title>Muzeum Tich\u00e9 noci v Arnsdorfu \u00bb SalzburgerLand.com<\/title>\n<meta name=\"robots\" content=\"index, follow, max-snippet:-1, max-image-preview:large, max-video-preview:-1\" \/>\n<link rel=\"canonical\" href=\"https:\/\/www.salzburgerland.com\/cs\/ticha-noc-muzeum-arnsdorf\/\" \/>\n<meta property=\"og:locale\" content=\"cs_CZ\" \/>\n<meta property=\"og:type\" content=\"article\" \/>\n<meta property=\"og:title\" content=\"Muzeum Tich\u00e9 noci v Arnsdorfu\" \/>\n<meta property=\"og:description\" content=\"V roce 1807 nastoupil mlad\u00fd Franz Xaver Gruber na sv\u00e9 prvn\u00ed m\u00edsto u\u010ditele na z\u00e1kladn\u00ed \u0161kole v Arnsdorfu. Byl tak\u00e9 pomocn\u00edkem a varhan\u00edkem v tehdy\" \/>\n<meta property=\"og:url\" content=\"https:\/\/www.salzburgerland.com\/cs\/ticha-noc-muzeum-arnsdorf\/\" \/>\n<meta property=\"og:site_name\" content=\"SalzburgerLand.com\" \/>\n<meta property=\"article:publisher\" content=\"https:\/\/www.facebook.com\/visitsalzburgerland\/\" \/>\n<meta property=\"article:published_time\" content=\"2022-11-11T13:36:58+00:00\" \/>\n<meta property=\"article:modified_time\" content=\"2022-11-16T19:18:09+00:00\" \/>\n<meta property=\"og:image\" content=\"https:\/\/www.salzburgerland.com\/cs\/wp-content\/uploads\/2022\/11\/salzurgerland_arnsdorf_rs1069_klassenzimmer01-1170x658-1.jpg\" \/>\n\t<meta property=\"og:image:width\" content=\"1170\" \/>\n\t<meta property=\"og:image:height\" content=\"658\" \/>\n\t<meta property=\"og:image:type\" content=\"image\/jpeg\" \/>\n<meta name=\"author\" content=\"Andrea \u017d\u00e1\u010dkov\u00e1\" \/>\n<meta name=\"twitter:card\" content=\"summary_large_image\" \/>\n<meta name=\"twitter:creator\" content=\"@salzburgerland\" \/>\n<meta name=\"twitter:site\" content=\"@salzburgerland\" \/>\n<meta name=\"twitter:label1\" content=\"Napsal(a)\" \/>\n\t<meta name=\"twitter:data1\" content=\"Andrea \u017d\u00e1\u010dkov\u00e1\" \/>\n\t<meta name=\"twitter:label2\" content=\"Odhadovan\u00e1 doba \u010dten\u00ed\" \/>\n\t<meta name=\"twitter:data2\" content=\"2 minuty\" \/>\n<script type=\"application\/ld+json\" class=\"yoast-schema-graph\">{\"@context\":\"https:\\\/\\\/schema.org\",\"@graph\":[{\"@type\":\"Article\",\"@id\":\"https:\\\/\\\/www.salzburgerland.com\\\/cs\\\/ticha-noc-muzeum-arnsdorf\\\/#article\",\"isPartOf\":{\"@id\":\"https:\\\/\\\/www.salzburgerland.com\\\/cs\\\/ticha-noc-muzeum-arnsdorf\\\/\"},\"author\":{\"name\":\"Andrea \u017d\u00e1\u010dkov\u00e1\",\"@id\":\"https:\\\/\\\/www.salzburgerland.com\\\/cs\\\/#\\\/schema\\\/person\\\/dd42a4661897004df109095dbf40eeff\"},\"headline\":\"Muzeum Tich\u00e9 noci v Arnsdorfu\",\"datePublished\":\"2022-11-11T13:36:58+00:00\",\"dateModified\":\"2022-11-16T19:18:09+00:00\",\"mainEntityOfPage\":{\"@id\":\"https:\\\/\\\/www.salzburgerland.com\\\/cs\\\/ticha-noc-muzeum-arnsdorf\\\/\"},\"wordCount\":255,\"image\":{\"@id\":\"https:\\\/\\\/www.salzburgerland.com\\\/cs\\\/ticha-noc-muzeum-arnsdorf\\\/#primaryimage\"},\"thumbnailUrl\":\"https:\\\/\\\/www.salzburgerland.com\\\/cs\\\/wp-content\\\/uploads\\\/2022\\\/11\\\/salzurgerland_arnsdorf_rs1069_klassenzimmer01-1170x658-1.jpg\",\"articleSection\":[\"Uncategorized\"],\"inLanguage\":\"cs\"},{\"@type\":\"WebPage\",\"@id\":\"https:\\\/\\\/www.salzburgerland.com\\\/cs\\\/ticha-noc-muzeum-arnsdorf\\\/\",\"url\":\"https:\\\/\\\/www.salzburgerland.com\\\/cs\\\/ticha-noc-muzeum-arnsdorf\\\/\",\"name\":\"Muzeum Tich\u00e9 noci v Arnsdorfu \u00bb SalzburgerLand.com\",\"isPartOf\":{\"@id\":\"https:\\\/\\\/www.salzburgerland.com\\\/cs\\\/#website\"},\"primaryImageOfPage\":{\"@id\":\"https:\\\/\\\/www.salzburgerland.com\\\/cs\\\/ticha-noc-muzeum-arnsdorf\\\/#primaryimage\"},\"image\":{\"@id\":\"https:\\\/\\\/www.salzburgerland.com\\\/cs\\\/ticha-noc-muzeum-arnsdorf\\\/#primaryimage\"},\"thumbnailUrl\":\"https:\\\/\\\/www.salzburgerland.com\\\/cs\\\/wp-content\\\/uploads\\\/2022\\\/11\\\/salzurgerland_arnsdorf_rs1069_klassenzimmer01-1170x658-1.jpg\",\"datePublished\":\"2022-11-11T13:36:58+00:00\",\"dateModified\":\"2022-11-16T19:18:09+00:00\",\"author\":{\"@id\":\"https:\\\/\\\/www.salzburgerland.com\\\/cs\\\/#\\\/schema\\\/person\\\/dd42a4661897004df109095dbf40eeff\"},\"description\":\"Mal\u00e1 obec s p\u016fvabn\u00fdm kostelem Maria im M\u00f6sl byla kdysi v\u00fdznamn\u00fdm poutn\u00edm m\u00edstem. Jako m\u00edsto spojen\u00e9 s Tichou noc\u00ed je Arndorf d\u016fle\u017eit\u00fd i dnes.\",\"breadcrumb\":{\"@id\":\"https:\\\/\\\/www.salzburgerland.com\\\/cs\\\/ticha-noc-muzeum-arnsdorf\\\/#breadcrumb\"},\"inLanguage\":\"cs\",\"potentialAction\":[{\"@type\":\"ReadAction\",\"target\":[\"https:\\\/\\\/www.salzburgerland.com\\\/cs\\\/ticha-noc-muzeum-arnsdorf\\\/\"]}]},{\"@type\":\"ImageObject\",\"inLanguage\":\"cs\",\"@id\":\"https:\\\/\\\/www.salzburgerland.com\\\/cs\\\/ticha-noc-muzeum-arnsdorf\\\/#primaryimage\",\"url\":\"https:\\\/\\\/www.salzburgerland.com\\\/cs\\\/wp-content\\\/uploads\\\/2022\\\/11\\\/salzurgerland_arnsdorf_rs1069_klassenzimmer01-1170x658-1.jpg\",\"contentUrl\":\"https:\\\/\\\/www.salzburgerland.com\\\/cs\\\/wp-content\\\/uploads\\\/2022\\\/11\\\/salzurgerland_arnsdorf_rs1069_klassenzimmer01-1170x658-1.jpg\",\"width\":1170,\"height\":658,\"caption\":\"Muzeum Tich\u00e9 noci v Arnsdorfu \u00a9 SalzburgerLand Tourismus \\\/ Arnsdorf\"},{\"@type\":\"BreadcrumbList\",\"@id\":\"https:\\\/\\\/www.salzburgerland.com\\\/cs\\\/ticha-noc-muzeum-arnsdorf\\\/#breadcrumb\",\"itemListElement\":[{\"@type\":\"ListItem\",\"position\":1,\"name\":\"Tam kde vznikla Tich\u00e1 noc\",\"item\":\"https:\\\/\\\/www.salzburgerland.com\\\/cs\\\/ticha-noc\\\/\"},{\"@type\":\"ListItem\",\"position\":2,\"name\":\"Muzeum Tich\u00e9 noci v Arnsdorfu\"}]},{\"@type\":\"WebSite\",\"@id\":\"https:\\\/\\\/www.salzburgerland.com\\\/cs\\\/#website\",\"url\":\"https:\\\/\\\/www.salzburgerland.com\\\/cs\\\/\",\"name\":\"SalzburgerLand.com\",\"description\":\"Va\u0161e dovolen\u00e1 v Salcburku, Rakousko\",\"potentialAction\":[{\"@type\":\"SearchAction\",\"target\":{\"@type\":\"EntryPoint\",\"urlTemplate\":\"https:\\\/\\\/www.salzburgerland.com\\\/cs\\\/?s={search_term_string}\"},\"query-input\":{\"@type\":\"PropertyValueSpecification\",\"valueRequired\":true,\"valueName\":\"search_term_string\"}}],\"inLanguage\":\"cs\"},{\"@type\":\"Person\",\"@id\":\"https:\\\/\\\/www.salzburgerland.com\\\/cs\\\/#\\\/schema\\\/person\\\/dd42a4661897004df109095dbf40eeff\",\"name\":\"Andrea \u017d\u00e1\u010dkov\u00e1\",\"image\":{\"@type\":\"ImageObject\",\"inLanguage\":\"cs\",\"@id\":\"https:\\\/\\\/secure.gravatar.com\\\/avatar\\\/338deec8d231d56d0ab7b2b7d6d0aedbcb3eb05390f6c027fd5b7ebe87b67dbf?s=96&d=mm&r=g\",\"url\":\"https:\\\/\\\/secure.gravatar.com\\\/avatar\\\/338deec8d231d56d0ab7b2b7d6d0aedbcb3eb05390f6c027fd5b7ebe87b67dbf?s=96&d=mm&r=g\",\"contentUrl\":\"https:\\\/\\\/secure.gravatar.com\\\/avatar\\\/338deec8d231d56d0ab7b2b7d6d0aedbcb3eb05390f6c027fd5b7ebe87b67dbf?s=96&d=mm&r=g\",\"caption\":\"Andrea \u017d\u00e1\u010dkov\u00e1\"}}]}<\/script>\n<!-- \/ Yoast SEO Premium plugin. -->","yoast_head_json":{"title":"Muzeum Tich\u00e9 noci v Arnsdorfu \u00bb SalzburgerLand.com","robots":{"index":"index","follow":"follow","max-snippet":"max-snippet:-1","max-image-preview":"max-image-preview:large","max-video-preview":"max-video-preview:-1"},"canonical":"https:\/\/www.salzburgerland.com\/cs\/ticha-noc-muzeum-arnsdorf\/","og_locale":"cs_CZ","og_type":"article","og_title":"Muzeum Tich\u00e9 noci v Arnsdorfu","og_description":"V roce 1807 nastoupil mlad\u00fd Franz Xaver Gruber na sv\u00e9 prvn\u00ed m\u00edsto u\u010ditele na z\u00e1kladn\u00ed \u0161kole v Arnsdorfu. Byl tak\u00e9 pomocn\u00edkem a varhan\u00edkem v tehdy","og_url":"https:\/\/www.salzburgerland.com\/cs\/ticha-noc-muzeum-arnsdorf\/","og_site_name":"SalzburgerLand.com","article_publisher":"https:\/\/www.facebook.com\/visitsalzburgerland\/","article_published_time":"2022-11-11T13:36:58+00:00","article_modified_time":"2022-11-16T19:18:09+00:00","og_image":[{"url":"https:\/\/www.salzburgerland.com\/cs\/wp-content\/uploads\/2022\/11\/salzurgerland_arnsdorf_rs1069_klassenzimmer01-1170x658-1.jpg","width":1170,"height":658,"type":"image\/jpeg"}],"author":"Andrea \u017d\u00e1\u010dkov\u00e1","twitter_card":"summary_large_image","twitter_creator":"@salzburgerland","twitter_site":"@salzburgerland","twitter_misc":{"Napsal(a)":"Andrea \u017d\u00e1\u010dkov\u00e1","Odhadovan\u00e1 doba \u010dten\u00ed":"2 minuty"},"schema":{"@context":"https:\/\/schema.org","@graph":[{"@type":"Article","@id":"https:\/\/www.salzburgerland.com\/cs\/ticha-noc-muzeum-arnsdorf\/#article","isPartOf":{"@id":"https:\/\/www.salzburgerland.com\/cs\/ticha-noc-muzeum-arnsdorf\/"},"author":{"name":"Andrea \u017d\u00e1\u010dkov\u00e1","@id":"https:\/\/www.salzburgerland.com\/cs\/#\/schema\/person\/dd42a4661897004df109095dbf40eeff"},"headline":"Muzeum Tich\u00e9 noci v Arnsdorfu","datePublished":"2022-11-11T13:36:58+00:00","dateModified":"2022-11-16T19:18:09+00:00","mainEntityOfPage":{"@id":"https:\/\/www.salzburgerland.com\/cs\/ticha-noc-muzeum-arnsdorf\/"},"wordCount":255,"image":{"@id":"https:\/\/www.salzburgerland.com\/cs\/ticha-noc-muzeum-arnsdorf\/#primaryimage"},"thumbnailUrl":"https:\/\/www.salzburgerland.com\/cs\/wp-content\/uploads\/2022\/11\/salzurgerland_arnsdorf_rs1069_klassenzimmer01-1170x658-1.jpg","articleSection":["Uncategorized"],"inLanguage":"cs"},{"@type":"WebPage","@id":"https:\/\/www.salzburgerland.com\/cs\/ticha-noc-muzeum-arnsdorf\/","url":"https:\/\/www.salzburgerland.com\/cs\/ticha-noc-muzeum-arnsdorf\/","name":"Muzeum Tich\u00e9 noci v Arnsdorfu \u00bb SalzburgerLand.com","isPartOf":{"@id":"https:\/\/www.salzburgerland.com\/cs\/#website"},"primaryImageOfPage":{"@id":"https:\/\/www.salzburgerland.com\/cs\/ticha-noc-muzeum-arnsdorf\/#primaryimage"},"image":{"@id":"https:\/\/www.salzburgerland.com\/cs\/ticha-noc-muzeum-arnsdorf\/#primaryimage"},"thumbnailUrl":"https:\/\/www.salzburgerland.com\/cs\/wp-content\/uploads\/2022\/11\/salzurgerland_arnsdorf_rs1069_klassenzimmer01-1170x658-1.jpg","datePublished":"2022-11-11T13:36:58+00:00","dateModified":"2022-11-16T19:18:09+00:00","author":{"@id":"https:\/\/www.salzburgerland.com\/cs\/#\/schema\/person\/dd42a4661897004df109095dbf40eeff"},"description":"Mal\u00e1 obec s p\u016fvabn\u00fdm kostelem Maria im M\u00f6sl byla kdysi v\u00fdznamn\u00fdm poutn\u00edm m\u00edstem. Jako m\u00edsto spojen\u00e9 s Tichou noc\u00ed je Arndorf d\u016fle\u017eit\u00fd i dnes.","breadcrumb":{"@id":"https:\/\/www.salzburgerland.com\/cs\/ticha-noc-muzeum-arnsdorf\/#breadcrumb"},"inLanguage":"cs","potentialAction":[{"@type":"ReadAction","target":["https:\/\/www.salzburgerland.com\/cs\/ticha-noc-muzeum-arnsdorf\/"]}]},{"@type":"ImageObject","inLanguage":"cs","@id":"https:\/\/www.salzburgerland.com\/cs\/ticha-noc-muzeum-arnsdorf\/#primaryimage","url":"https:\/\/www.salzburgerland.com\/cs\/wp-content\/uploads\/2022\/11\/salzurgerland_arnsdorf_rs1069_klassenzimmer01-1170x658-1.jpg","contentUrl":"https:\/\/www.salzburgerland.com\/cs\/wp-content\/uploads\/2022\/11\/salzurgerland_arnsdorf_rs1069_klassenzimmer01-1170x658-1.jpg","width":1170,"height":658,"caption":"Muzeum Tich\u00e9 noci v Arnsdorfu \u00a9 SalzburgerLand Tourismus \/ Arnsdorf"},{"@type":"BreadcrumbList","@id":"https:\/\/www.salzburgerland.com\/cs\/ticha-noc-muzeum-arnsdorf\/#breadcrumb","itemListElement":[{"@type":"ListItem","position":1,"name":"Tam kde vznikla Tich\u00e1 noc","item":"https:\/\/www.salzburgerland.com\/cs\/ticha-noc\/"},{"@type":"ListItem","position":2,"name":"Muzeum Tich\u00e9 noci v Arnsdorfu"}]},{"@type":"WebSite","@id":"https:\/\/www.salzburgerland.com\/cs\/#website","url":"https:\/\/www.salzburgerland.com\/cs\/","name":"SalzburgerLand.com","description":"Va\u0161e dovolen\u00e1 v Salcburku, Rakousko","potentialAction":[{"@type":"SearchAction","target":{"@type":"EntryPoint","urlTemplate":"https:\/\/www.salzburgerland.com\/cs\/?s={search_term_string}"},"query-input":{"@type":"PropertyValueSpecification","valueRequired":true,"valueName":"search_term_string"}}],"inLanguage":"cs"},{"@type":"Person","@id":"https:\/\/www.salzburgerland.com\/cs\/#\/schema\/person\/dd42a4661897004df109095dbf40eeff","name":"Andrea \u017d\u00e1\u010dkov\u00e1","image":{"@type":"ImageObject","inLanguage":"cs","@id":"https:\/\/secure.gravatar.com\/avatar\/338deec8d231d56d0ab7b2b7d6d0aedbcb3eb05390f6c027fd5b7ebe87b67dbf?s=96&d=mm&r=g","url":"https:\/\/secure.gravatar.com\/avatar\/338deec8d231d56d0ab7b2b7d6d0aedbcb3eb05390f6c027fd5b7ebe87b67dbf?s=96&d=mm&r=g","contentUrl":"https:\/\/secure.gravatar.com\/avatar\/338deec8d231d56d0ab7b2b7d6d0aedbcb3eb05390f6c027fd5b7ebe87b67dbf?s=96&d=mm&r=g","caption":"Andrea \u017d\u00e1\u010dkov\u00e1"}}]}},"_wl_alt_label":[],"wl:entity_url":"http:\/\/open.salzburgerland.com\/cs\/post\/ticha-noc-muzeum-arnsdorf-153986","_links":{"self":[{"href":"https:\/\/www.salzburgerland.com\/cs\/wp-json\/wp\/v2\/posts\/153986","targetHints":{"allow":["GET"]}}],"collection":[{"href":"https:\/\/www.salzburgerland.com\/cs\/wp-json\/wp\/v2\/posts"}],"about":[{"href":"https:\/\/www.salzburgerland.com\/cs\/wp-json\/wp\/v2\/types\/post"}],"author":[{"embeddable":true,"href":"https:\/\/www.salzburgerland.com\/cs\/wp-json\/wp\/v2\/users\/6"}],"replies":[{"embeddable":true,"href":"https:\/\/www.salzburgerland.com\/cs\/wp-json\/wp\/v2\/comments?post=153986"}],"version-history":[{"count":5,"href":"https:\/\/www.salzburgerland.com\/cs\/wp-json\/wp\/v2\/posts\/153986\/revisions"}],"predecessor-version":[{"id":154504,"href":"https:\/\/www.salzburgerland.com\/cs\/wp-json\/wp\/v2\/posts\/153986\/revisions\/154504"}],"wp:featuredmedia":[{"embeddable":true,"href":"https:\/\/www.salzburgerland.com\/cs\/wp-json\/wp\/v2\/media\/153987"}],"wp:attachment":[{"href":"https:\/\/www.salzburgerland.com\/cs\/wp-json\/wp\/v2\/media?parent=153986"}],"wp:term":[{"taxonomy":"category","embeddable":true,"href":"https:\/\/www.salzburgerland.com\/cs\/wp-json\/wp\/v2\/categories?post=153986"},{"taxonomy":"post_tag","embeddable":true,"href":"https:\/\/www.salzburgerland.com\/cs\/wp-json\/wp\/v2\/tags?post=153986"},{"taxonomy":"wl_entity_type","embeddable":true,"href":"https:\/\/www.salzburgerland.com\/cs\/wp-json\/wp\/v2\/wl_entity_type?post=153986"}],"curies":[{"name":"wp","href":"https:\/\/api.w.org\/{rel}","templated":true}]}}