{"id":153982,"date":"2022-11-11T14:25:24","date_gmt":"2022-11-11T13:25:24","guid":{"rendered":"https:\/\/www.salzburgerland.com\/cs\/?p=153982"},"modified":"2022-11-11T14:25:49","modified_gmt":"2022-11-11T13:25:49","slug":"ticha-noc-muzeum-v-oberndorfu","status":"publish","type":"post","link":"https:\/\/www.salzburgerland.com\/cs\/ticha-noc-muzeum-v-oberndorfu\/","title":{"rendered":"Muzeum Tich\u00e9 noci v Oberndorfu"},"content":{"rendered":"<p>Vedle Kapli\u010dky Tich\u00e9 noci se ve star\u00e9 fa\u0159e nach\u00e1z\u00ed Muzeum tich\u00e9 noci Oberndorf. Jeho posl\u00e1n\u00edm je p\u0159edstavit p\u00edse\u0148 a jej\u00ed historii v m\u00edst\u011b jej\u00edho prvn\u00edho uveden\u00ed. Nav\u0161t\u00edvit m\u016f\u017eete dv\u011b patra. Na t\u00e9to fa\u0159e kdysi bydlel Joseph Mohr, kdy\u017e p\u016fsobil jako pomocn\u00fd kn\u011bz v Oberndorfu.<\/p>\n<p>Prvn\u00ed patro muzea je v\u011bnov\u00e1no Josephu Mohrovi a oberndorfsk\u00fdm lodn\u00edk\u016fm, \u017eivotu a rodin\u00e1m lodn\u00edk\u016f a v\u00fdznam lodn\u00ed dopravy v Salzachu. Doba vzniku p\u00edsn\u011b, ve\u010der jej\u00edho prvn\u00edho uveden\u00ed a jej\u00ed dal\u0161\u00ed \u0161\u00ed\u0159en\u00ed jsou tematizov\u00e1ny ve druh\u00e9m pat\u0159e. Muzeum se zab\u00fdv\u00e1 i v\u00fdznamem textu p\u00edsn\u011b, jej\u00edm zneva\u017eov\u00e1n\u00edm a p\u0159episov\u00e1n\u00edm v r\u016fzn\u00fdch politick\u00fdch re\u017eimech, stejn\u011b jako m\u00edrov\u00fdm poselstv\u00edm p\u00edsn\u011b a jej\u00edm emocion\u00e1ln\u00edm v\u00fdznamem pro lidi. Dnes si p\u00edse\u0148 zp\u00edvaj\u00ed miliony lid\u00ed, a to nejen o V\u00e1noc\u00edch.<\/p>\n<p>Kontakt a dal\u0161\u00ed informace:<\/p>\n<p><span><span id=\"urn:enhancement-5862bfaf-fa9d-43a2-b2b6-f03b0fea37df\" class=\"textannotation\">Tourismusverband Oberndorf<br>\n<\/span><\/span><span>Stille-Nacht-Platz 7<br>\n5110\u00a0<span id=\"urn:enhancement-91da7e59-d67d-4f13-bdcf-a607e50f94b4\" class=\"textannotation\">Oberndorf bei Salzburg<br>\n<\/span><\/span><span>T +43 6272 4422<br>\n<\/span><a href=\"mailto:office@stillenacht-oberndorf.com\" target=\"_blank\" rel=\"noopener\">office@stillenacht-oberndorf.com<\/a><br>\n<a href=\"http:\/\/www.stillenacht-oberndorf.com\/\" target=\"_blank\" rel=\"noopener\">www.stillenacht-oberndorf.com<\/a><\/p>\n","protected":false},"excerpt":{"rendered":"<p>Vedle Kapli\u010dky Tich\u00e9 noci se ve star\u00e9 fa\u0159e nach\u00e1z\u00ed Muzeum tich\u00e9 noci Oberndorf. Jeho posl\u00e1n\u00edm je p\u0159edstavit p\u00edse\u0148 a jej\u00ed historii v m\u00edst\u011b jej\u00edho prvn\u00edho uveden\u00ed. Nav\u0161t\u00edvit m\u016f\u017eete dv\u011b patra. Na t\u00e9to fa\u0159e kdysi bydlel Joseph Mohr, kdy\u017e p\u016fsobil jako pomocn\u00fd kn\u011bz v Oberndorfu. Prvn\u00ed patro muzea je v\u011bnov\u00e1no Josephu Mohrovi a oberndorfsk\u00fdm lodn\u00edk\u016fm, \u017eivotu [&hellip;]<\/p>\n","protected":false},"author":6,"featured_media":153983,"comment_status":"closed","ping_status":"closed","sticky":false,"template":"","format":"standard","meta":{"_acf_changed":false,"wl_entities_gutenberg":"","_relevanssi_hide_post":"","_relevanssi_hide_content":"","_relevanssi_pin_for_all":"","_relevanssi_pin_keywords":"","_relevanssi_unpin_keywords":"","_relevanssi_related_keywords":"","_relevanssi_related_include_ids":"","_relevanssi_related_exclude_ids":"","_relevanssi_related_no_append":"","_relevanssi_related_not_related":"","_relevanssi_related_posts":"","_relevanssi_noindex_reason":"","footnotes":""},"categories":[1],"tags":[],"wl_entity_type":[706],"class_list":["post-153982","post","type-post","status-publish","format-standard","has-post-thumbnail","hentry","category-uncategorized","wl_entity_type-article"],"acf":[],"yoast_head":"<!-- This site is optimized with the Yoast SEO Premium plugin v27.4 (Yoast SEO v27.4) - https:\/\/yoast.com\/product\/yoast-seo-premium-wordpress\/ -->\n<title>Muzeum Tich\u00e9 noci v Oberndorfu \u00bb SalzburgerLand.com<\/title>\n<meta name=\"robots\" content=\"index, follow, max-snippet:-1, max-image-preview:large, max-video-preview:-1\" \/>\n<link rel=\"canonical\" href=\"https:\/\/www.salzburgerland.com\/cs\/ticha-noc-muzeum-v-oberndorfu\/\" \/>\n<meta property=\"og:locale\" content=\"cs_CZ\" \/>\n<meta property=\"og:type\" content=\"article\" \/>\n<meta property=\"og:title\" content=\"Muzeum Tich\u00e9 noci v Oberndorfu\" \/>\n<meta property=\"og:description\" content=\"Vedle Kapli\u010dky Tich\u00e9 noci se ve star\u00e9 fa\u0159e nach\u00e1z\u00ed Muzeum tich\u00e9 noci Oberndorf. Jeho posl\u00e1n\u00edm je p\u0159edstavit p\u00edse\u0148 a jej\u00ed historii v m\u00edst\u011b jej\u00edho prvn\u00edho\" \/>\n<meta property=\"og:url\" content=\"https:\/\/www.salzburgerland.com\/cs\/ticha-noc-muzeum-v-oberndorfu\/\" \/>\n<meta property=\"og:site_name\" content=\"SalzburgerLand.com\" \/>\n<meta property=\"article:publisher\" content=\"https:\/\/www.facebook.com\/visitsalzburgerland\/\" \/>\n<meta property=\"article:published_time\" content=\"2022-11-11T13:25:24+00:00\" \/>\n<meta property=\"article:modified_time\" content=\"2022-11-11T13:25:49+00:00\" \/>\n<meta property=\"og:image\" content=\"https:\/\/www.salzburgerland.com\/cs\/wp-content\/uploads\/2022\/11\/salzburgerseenland_oberndorf_stillenacht_museum-1.jpg\" \/>\n\t<meta property=\"og:image:width\" content=\"800\" \/>\n\t<meta property=\"og:image:height\" content=\"600\" \/>\n\t<meta property=\"og:image:type\" content=\"image\/jpeg\" \/>\n<meta name=\"author\" content=\"Andrea \u017d\u00e1\u010dkov\u00e1\" \/>\n<meta name=\"twitter:card\" content=\"summary_large_image\" \/>\n<meta name=\"twitter:creator\" content=\"@salzburgerland\" \/>\n<meta name=\"twitter:site\" content=\"@salzburgerland\" \/>\n<meta name=\"twitter:label1\" content=\"Napsal(a)\" \/>\n\t<meta name=\"twitter:data1\" content=\"Andrea \u017d\u00e1\u010dkov\u00e1\" \/>\n\t<meta name=\"twitter:label2\" content=\"Odhadovan\u00e1 doba \u010dten\u00ed\" \/>\n\t<meta name=\"twitter:data2\" content=\"1 minuta\" \/>\n<script type=\"application\/ld+json\" class=\"yoast-schema-graph\">{\"@context\":\"https:\\\/\\\/schema.org\",\"@graph\":[{\"@type\":\"Article\",\"@id\":\"https:\\\/\\\/www.salzburgerland.com\\\/cs\\\/ticha-noc-muzeum-v-oberndorfu\\\/#article\",\"isPartOf\":{\"@id\":\"https:\\\/\\\/www.salzburgerland.com\\\/cs\\\/ticha-noc-muzeum-v-oberndorfu\\\/\"},\"author\":{\"name\":\"Andrea \u017d\u00e1\u010dkov\u00e1\",\"@id\":\"https:\\\/\\\/www.salzburgerland.com\\\/cs\\\/#\\\/schema\\\/person\\\/dd42a4661897004df109095dbf40eeff\"},\"headline\":\"Muzeum Tich\u00e9 noci v Oberndorfu\",\"datePublished\":\"2022-11-11T13:25:24+00:00\",\"dateModified\":\"2022-11-11T13:25:49+00:00\",\"mainEntityOfPage\":{\"@id\":\"https:\\\/\\\/www.salzburgerland.com\\\/cs\\\/ticha-noc-muzeum-v-oberndorfu\\\/\"},\"wordCount\":197,\"image\":{\"@id\":\"https:\\\/\\\/www.salzburgerland.com\\\/cs\\\/ticha-noc-muzeum-v-oberndorfu\\\/#primaryimage\"},\"thumbnailUrl\":\"https:\\\/\\\/www.salzburgerland.com\\\/cs\\\/wp-content\\\/uploads\\\/2022\\\/11\\\/salzburgerseenland_oberndorf_stillenacht_museum-1.jpg\",\"articleSection\":[\"Uncategorized\"],\"inLanguage\":\"cs\"},{\"@type\":\"WebPage\",\"@id\":\"https:\\\/\\\/www.salzburgerland.com\\\/cs\\\/ticha-noc-muzeum-v-oberndorfu\\\/\",\"url\":\"https:\\\/\\\/www.salzburgerland.com\\\/cs\\\/ticha-noc-muzeum-v-oberndorfu\\\/\",\"name\":\"Muzeum Tich\u00e9 noci v Oberndorfu \u00bb SalzburgerLand.com\",\"isPartOf\":{\"@id\":\"https:\\\/\\\/www.salzburgerland.com\\\/cs\\\/#website\"},\"primaryImageOfPage\":{\"@id\":\"https:\\\/\\\/www.salzburgerland.com\\\/cs\\\/ticha-noc-muzeum-v-oberndorfu\\\/#primaryimage\"},\"image\":{\"@id\":\"https:\\\/\\\/www.salzburgerland.com\\\/cs\\\/ticha-noc-muzeum-v-oberndorfu\\\/#primaryimage\"},\"thumbnailUrl\":\"https:\\\/\\\/www.salzburgerland.com\\\/cs\\\/wp-content\\\/uploads\\\/2022\\\/11\\\/salzburgerseenland_oberndorf_stillenacht_museum-1.jpg\",\"datePublished\":\"2022-11-11T13:25:24+00:00\",\"dateModified\":\"2022-11-11T13:25:49+00:00\",\"author\":{\"@id\":\"https:\\\/\\\/www.salzburgerland.com\\\/cs\\\/#\\\/schema\\\/person\\\/dd42a4661897004df109095dbf40eeff\"},\"description\":\"Muzeum v Oberndorfu na fa\u0159e vedle Kapli\u010dky Tich\u00e9 noci, kde poprv\u00e9 sv\u011btozn\u00e1m\u00e1 koleda zazn\u011bla.\",\"breadcrumb\":{\"@id\":\"https:\\\/\\\/www.salzburgerland.com\\\/cs\\\/ticha-noc-muzeum-v-oberndorfu\\\/#breadcrumb\"},\"inLanguage\":\"cs\",\"potentialAction\":[{\"@type\":\"ReadAction\",\"target\":[\"https:\\\/\\\/www.salzburgerland.com\\\/cs\\\/ticha-noc-muzeum-v-oberndorfu\\\/\"]}]},{\"@type\":\"ImageObject\",\"inLanguage\":\"cs\",\"@id\":\"https:\\\/\\\/www.salzburgerland.com\\\/cs\\\/ticha-noc-muzeum-v-oberndorfu\\\/#primaryimage\",\"url\":\"https:\\\/\\\/www.salzburgerland.com\\\/cs\\\/wp-content\\\/uploads\\\/2022\\\/11\\\/salzburgerseenland_oberndorf_stillenacht_museum-1.jpg\",\"contentUrl\":\"https:\\\/\\\/www.salzburgerland.com\\\/cs\\\/wp-content\\\/uploads\\\/2022\\\/11\\\/salzburgerseenland_oberndorf_stillenacht_museum-1.jpg\",\"width\":800,\"height\":600,\"caption\":\"Muzeum Tich\u00e9 noci\"},{\"@type\":\"BreadcrumbList\",\"@id\":\"https:\\\/\\\/www.salzburgerland.com\\\/cs\\\/ticha-noc-muzeum-v-oberndorfu\\\/#breadcrumb\",\"itemListElement\":[{\"@type\":\"ListItem\",\"position\":1,\"name\":\"Tam kde vznikla Tich\u00e1 noc\",\"item\":\"https:\\\/\\\/www.salzburgerland.com\\\/cs\\\/ticha-noc\\\/\"},{\"@type\":\"ListItem\",\"position\":2,\"name\":\"Muzeum Tich\u00e9 noci v Oberndorfu\"}]},{\"@type\":\"WebSite\",\"@id\":\"https:\\\/\\\/www.salzburgerland.com\\\/cs\\\/#website\",\"url\":\"https:\\\/\\\/www.salzburgerland.com\\\/cs\\\/\",\"name\":\"SalzburgerLand.com\",\"description\":\"Va\u0161e dovolen\u00e1 v Salcburku, Rakousko\",\"potentialAction\":[{\"@type\":\"SearchAction\",\"target\":{\"@type\":\"EntryPoint\",\"urlTemplate\":\"https:\\\/\\\/www.salzburgerland.com\\\/cs\\\/?s={search_term_string}\"},\"query-input\":{\"@type\":\"PropertyValueSpecification\",\"valueRequired\":true,\"valueName\":\"search_term_string\"}}],\"inLanguage\":\"cs\"},{\"@type\":\"Person\",\"@id\":\"https:\\\/\\\/www.salzburgerland.com\\\/cs\\\/#\\\/schema\\\/person\\\/dd42a4661897004df109095dbf40eeff\",\"name\":\"Andrea \u017d\u00e1\u010dkov\u00e1\",\"image\":{\"@type\":\"ImageObject\",\"inLanguage\":\"cs\",\"@id\":\"https:\\\/\\\/secure.gravatar.com\\\/avatar\\\/338deec8d231d56d0ab7b2b7d6d0aedbcb3eb05390f6c027fd5b7ebe87b67dbf?s=96&d=mm&r=g\",\"url\":\"https:\\\/\\\/secure.gravatar.com\\\/avatar\\\/338deec8d231d56d0ab7b2b7d6d0aedbcb3eb05390f6c027fd5b7ebe87b67dbf?s=96&d=mm&r=g\",\"contentUrl\":\"https:\\\/\\\/secure.gravatar.com\\\/avatar\\\/338deec8d231d56d0ab7b2b7d6d0aedbcb3eb05390f6c027fd5b7ebe87b67dbf?s=96&d=mm&r=g\",\"caption\":\"Andrea \u017d\u00e1\u010dkov\u00e1\"}}]}<\/script>\n<!-- \/ Yoast SEO Premium plugin. -->","yoast_head_json":{"title":"Muzeum Tich\u00e9 noci v Oberndorfu \u00bb SalzburgerLand.com","robots":{"index":"index","follow":"follow","max-snippet":"max-snippet:-1","max-image-preview":"max-image-preview:large","max-video-preview":"max-video-preview:-1"},"canonical":"https:\/\/www.salzburgerland.com\/cs\/ticha-noc-muzeum-v-oberndorfu\/","og_locale":"cs_CZ","og_type":"article","og_title":"Muzeum Tich\u00e9 noci v Oberndorfu","og_description":"Vedle Kapli\u010dky Tich\u00e9 noci se ve star\u00e9 fa\u0159e nach\u00e1z\u00ed Muzeum tich\u00e9 noci Oberndorf. Jeho posl\u00e1n\u00edm je p\u0159edstavit p\u00edse\u0148 a jej\u00ed historii v m\u00edst\u011b jej\u00edho prvn\u00edho","og_url":"https:\/\/www.salzburgerland.com\/cs\/ticha-noc-muzeum-v-oberndorfu\/","og_site_name":"SalzburgerLand.com","article_publisher":"https:\/\/www.facebook.com\/visitsalzburgerland\/","article_published_time":"2022-11-11T13:25:24+00:00","article_modified_time":"2022-11-11T13:25:49+00:00","og_image":[{"url":"https:\/\/www.salzburgerland.com\/cs\/wp-content\/uploads\/2022\/11\/salzburgerseenland_oberndorf_stillenacht_museum-1.jpg","width":800,"height":600,"type":"image\/jpeg"}],"author":"Andrea \u017d\u00e1\u010dkov\u00e1","twitter_card":"summary_large_image","twitter_creator":"@salzburgerland","twitter_site":"@salzburgerland","twitter_misc":{"Napsal(a)":"Andrea \u017d\u00e1\u010dkov\u00e1","Odhadovan\u00e1 doba \u010dten\u00ed":"1 minuta"},"schema":{"@context":"https:\/\/schema.org","@graph":[{"@type":"Article","@id":"https:\/\/www.salzburgerland.com\/cs\/ticha-noc-muzeum-v-oberndorfu\/#article","isPartOf":{"@id":"https:\/\/www.salzburgerland.com\/cs\/ticha-noc-muzeum-v-oberndorfu\/"},"author":{"name":"Andrea \u017d\u00e1\u010dkov\u00e1","@id":"https:\/\/www.salzburgerland.com\/cs\/#\/schema\/person\/dd42a4661897004df109095dbf40eeff"},"headline":"Muzeum Tich\u00e9 noci v Oberndorfu","datePublished":"2022-11-11T13:25:24+00:00","dateModified":"2022-11-11T13:25:49+00:00","mainEntityOfPage":{"@id":"https:\/\/www.salzburgerland.com\/cs\/ticha-noc-muzeum-v-oberndorfu\/"},"wordCount":197,"image":{"@id":"https:\/\/www.salzburgerland.com\/cs\/ticha-noc-muzeum-v-oberndorfu\/#primaryimage"},"thumbnailUrl":"https:\/\/www.salzburgerland.com\/cs\/wp-content\/uploads\/2022\/11\/salzburgerseenland_oberndorf_stillenacht_museum-1.jpg","articleSection":["Uncategorized"],"inLanguage":"cs"},{"@type":"WebPage","@id":"https:\/\/www.salzburgerland.com\/cs\/ticha-noc-muzeum-v-oberndorfu\/","url":"https:\/\/www.salzburgerland.com\/cs\/ticha-noc-muzeum-v-oberndorfu\/","name":"Muzeum Tich\u00e9 noci v Oberndorfu \u00bb SalzburgerLand.com","isPartOf":{"@id":"https:\/\/www.salzburgerland.com\/cs\/#website"},"primaryImageOfPage":{"@id":"https:\/\/www.salzburgerland.com\/cs\/ticha-noc-muzeum-v-oberndorfu\/#primaryimage"},"image":{"@id":"https:\/\/www.salzburgerland.com\/cs\/ticha-noc-muzeum-v-oberndorfu\/#primaryimage"},"thumbnailUrl":"https:\/\/www.salzburgerland.com\/cs\/wp-content\/uploads\/2022\/11\/salzburgerseenland_oberndorf_stillenacht_museum-1.jpg","datePublished":"2022-11-11T13:25:24+00:00","dateModified":"2022-11-11T13:25:49+00:00","author":{"@id":"https:\/\/www.salzburgerland.com\/cs\/#\/schema\/person\/dd42a4661897004df109095dbf40eeff"},"description":"Muzeum v Oberndorfu na fa\u0159e vedle Kapli\u010dky Tich\u00e9 noci, kde poprv\u00e9 sv\u011btozn\u00e1m\u00e1 koleda zazn\u011bla.","breadcrumb":{"@id":"https:\/\/www.salzburgerland.com\/cs\/ticha-noc-muzeum-v-oberndorfu\/#breadcrumb"},"inLanguage":"cs","potentialAction":[{"@type":"ReadAction","target":["https:\/\/www.salzburgerland.com\/cs\/ticha-noc-muzeum-v-oberndorfu\/"]}]},{"@type":"ImageObject","inLanguage":"cs","@id":"https:\/\/www.salzburgerland.com\/cs\/ticha-noc-muzeum-v-oberndorfu\/#primaryimage","url":"https:\/\/www.salzburgerland.com\/cs\/wp-content\/uploads\/2022\/11\/salzburgerseenland_oberndorf_stillenacht_museum-1.jpg","contentUrl":"https:\/\/www.salzburgerland.com\/cs\/wp-content\/uploads\/2022\/11\/salzburgerseenland_oberndorf_stillenacht_museum-1.jpg","width":800,"height":600,"caption":"Muzeum Tich\u00e9 noci"},{"@type":"BreadcrumbList","@id":"https:\/\/www.salzburgerland.com\/cs\/ticha-noc-muzeum-v-oberndorfu\/#breadcrumb","itemListElement":[{"@type":"ListItem","position":1,"name":"Tam kde vznikla Tich\u00e1 noc","item":"https:\/\/www.salzburgerland.com\/cs\/ticha-noc\/"},{"@type":"ListItem","position":2,"name":"Muzeum Tich\u00e9 noci v Oberndorfu"}]},{"@type":"WebSite","@id":"https:\/\/www.salzburgerland.com\/cs\/#website","url":"https:\/\/www.salzburgerland.com\/cs\/","name":"SalzburgerLand.com","description":"Va\u0161e dovolen\u00e1 v Salcburku, Rakousko","potentialAction":[{"@type":"SearchAction","target":{"@type":"EntryPoint","urlTemplate":"https:\/\/www.salzburgerland.com\/cs\/?s={search_term_string}"},"query-input":{"@type":"PropertyValueSpecification","valueRequired":true,"valueName":"search_term_string"}}],"inLanguage":"cs"},{"@type":"Person","@id":"https:\/\/www.salzburgerland.com\/cs\/#\/schema\/person\/dd42a4661897004df109095dbf40eeff","name":"Andrea \u017d\u00e1\u010dkov\u00e1","image":{"@type":"ImageObject","inLanguage":"cs","@id":"https:\/\/secure.gravatar.com\/avatar\/338deec8d231d56d0ab7b2b7d6d0aedbcb3eb05390f6c027fd5b7ebe87b67dbf?s=96&d=mm&r=g","url":"https:\/\/secure.gravatar.com\/avatar\/338deec8d231d56d0ab7b2b7d6d0aedbcb3eb05390f6c027fd5b7ebe87b67dbf?s=96&d=mm&r=g","contentUrl":"https:\/\/secure.gravatar.com\/avatar\/338deec8d231d56d0ab7b2b7d6d0aedbcb3eb05390f6c027fd5b7ebe87b67dbf?s=96&d=mm&r=g","caption":"Andrea \u017d\u00e1\u010dkov\u00e1"}}]}},"_wl_alt_label":[],"wl:entity_url":"http:\/\/open.salzburgerland.com\/cs\/post\/ticha-noc-muzeum-v-oberndorfu-153982","_links":{"self":[{"href":"https:\/\/www.salzburgerland.com\/cs\/wp-json\/wp\/v2\/posts\/153982","targetHints":{"allow":["GET"]}}],"collection":[{"href":"https:\/\/www.salzburgerland.com\/cs\/wp-json\/wp\/v2\/posts"}],"about":[{"href":"https:\/\/www.salzburgerland.com\/cs\/wp-json\/wp\/v2\/types\/post"}],"author":[{"embeddable":true,"href":"https:\/\/www.salzburgerland.com\/cs\/wp-json\/wp\/v2\/users\/6"}],"replies":[{"embeddable":true,"href":"https:\/\/www.salzburgerland.com\/cs\/wp-json\/wp\/v2\/comments?post=153982"}],"version-history":[{"count":2,"href":"https:\/\/www.salzburgerland.com\/cs\/wp-json\/wp\/v2\/posts\/153982\/revisions"}],"predecessor-version":[{"id":153985,"href":"https:\/\/www.salzburgerland.com\/cs\/wp-json\/wp\/v2\/posts\/153982\/revisions\/153985"}],"wp:featuredmedia":[{"embeddable":true,"href":"https:\/\/www.salzburgerland.com\/cs\/wp-json\/wp\/v2\/media\/153983"}],"wp:attachment":[{"href":"https:\/\/www.salzburgerland.com\/cs\/wp-json\/wp\/v2\/media?parent=153982"}],"wp:term":[{"taxonomy":"category","embeddable":true,"href":"https:\/\/www.salzburgerland.com\/cs\/wp-json\/wp\/v2\/categories?post=153982"},{"taxonomy":"post_tag","embeddable":true,"href":"https:\/\/www.salzburgerland.com\/cs\/wp-json\/wp\/v2\/tags?post=153982"},{"taxonomy":"wl_entity_type","embeddable":true,"href":"https:\/\/www.salzburgerland.com\/cs\/wp-json\/wp\/v2\/wl_entity_type?post=153982"}],"curies":[{"name":"wp","href":"https:\/\/api.w.org\/{rel}","templated":true}]}}