{"id":153926,"date":"2022-11-10T20:12:28","date_gmt":"2022-11-10T19:12:28","guid":{"rendered":"https:\/\/www.salzburgerland.com\/cs\/?p=153926"},"modified":"2022-11-16T13:37:48","modified_gmt":"2022-11-16T12:37:48","slug":"ticha-noc-srdcovy-projekt","status":"publish","type":"post","link":"https:\/\/www.salzburgerland.com\/cs\/ticha-noc-srdcovy-projekt\/","title":{"rendered":"Srdcov\u00fd projekt &#8222;Tich\u00e1 noc! Svat\u00e1 noc!&#8220;"},"content":{"rendered":"<p>Kdy\u017e Hans Schwarzmayr za\u010dne vypr\u00e1v\u011bt p\u0159\u00edb\u011bhy, sv\u011bt za mal\u00fdmi okny jako by upadl v zapomn\u011bn\u00ed. Kur\u00e1tor Domu Franze Xavera Grubera v Hochburg-Achu mluv\u00ed tich\u00fdm hlasem a pe\u010dliv\u011b vol\u00ed slova. To, co m\u00e1 na srdci, je mu bl\u00edzk\u00e9. Proto\u017ee se jedn\u00e1 o nejslavn\u011bj\u0161\u00edho syna mal\u00e9 vesnice zde v hornorakousk\u00e9m Innviertelu. A mluv\u00ed pr\u00e1v\u011b o skladb\u011b, kter\u00e1 se za posledn\u00edch 200 let stala nejzn\u00e1m\u011bj\u0161\u00ed v\u00e1no\u010dn\u00ed koledou na sv\u011bt\u011b.<\/p>\n<h2>Tis\u00edce hodin pr\u00e1ce a fascinace<\/h2>\n<p>Hans Schwarzmayr je stejn\u011b jako Franz Xaver Gruber rod\u00e1kem z Hochburg-Achu: \u201eO t\u0159et\u00edm adventn\u00edm v\u00edkendu je d\u00edky vzpom\u00ednkov\u00fdm akc\u00edm, Stezce m\u00edru a historick\u00e9 h\u0159e koleda v obci v\u0161udyp\u0159\u00edtomn\u00e1. Hochburg-Ach na Franze Xavera Grubera nikdy nezapomn\u011bl. Prvn\u00ed Gruberova pam\u011btn\u00ed deska byla odhalena ji\u017e v roce 1900.\u201c Od roku 1976 je Gruber\u016fv d\u016fm muzeem a v roce 2017 byl kompletn\u011b zrekonstruov\u00e1n. Nyn\u00ed z\u00e1\u0159\u00ed v nov\u00e9 kr\u00e1se. V roce 2012 byla otev\u0159ena Stezka m\u00edru, po kter\u00e9 se ka\u017edoro\u010dn\u011b vyd\u00e1 asi 3 000 n\u00e1v\u0161t\u011bvn\u00edk\u016f. Hans Schwarzmayr, stejn\u011b jako mnoho jeho koleg\u016f ve <a href=\"https:\/\/fxgruber.at\/index.php?lang=english\" target=\"_blank\" rel=\"noopener\">sdru\u017een\u00ed<\/a>, pracuje tis\u00edce hodin jako \u010destn\u00fd \u010dlen. Krom\u011b toho ji\u017e n\u011bkolik let hraje v adventn\u00ed historick\u00e9 h\u0159e roli u\u010ditele Andrease Peterlechnera, kter\u00fd objevil hudebn\u00ed talent Franze Xavera Grubera. \u201eK projektu jsem se dostal, kdy\u017e jsem odch\u00e1zel do d\u016fchodu a st\u00e1le se m\u011b dot\u00fdk\u00e1,\u201c zd\u016fraz\u0148uje Schwarzmayr.<\/p>\n\n\t\t\t<div id=\"153926-1\" class=\"gallery gallery-153926 gallery-columns-3 gallery-size-1170_658\" itemscope itemtype=\"http:\/\/schema.org\/ImageGallery\">\n\t\t\t\t<ul class=\"gallery-row gallery-col-3 gallery-clear\">\n\t\t\t\t\t<li class=\"gallery-item col-3\" itemprop=\"associatedMedia\" itemscope itemtype=\"http:\/\/schema.org\/ImageObject\">\n\t\t\t\t\t\t<div class=\"gallery-icon landscape\"><a href=\"https:\/\/www.salzburgerland.com\/cs\/wp-content\/uploads\/2022\/11\/csm_fxgruberwegafrika_3s_f943f76ef6.jpg\" title=\"csm_FXGruberwegAfrika_3s_f943f76ef6\"><img decoding=\"async\" data-title=\"Jedna ze zast\u00e1vek Stezky m\u00edru \u00a9 Franz Xaver Gruber Gemeinschaft \" title=\"Jedna ze zast\u00e1vek Stezky m\u00edru \u00a9 Franz Xaver Gruber Gemeinschaft \" data-caption=\"Jedna ze zast\u00e1vek Stezky m\u00edru \u00a9 Franz Xaver Gruber Gemeinschaft \" width=\"1140\" height=\"641\" src=\"https:\/\/www.salzburgerland.com\/cs\/wp-content\/uploads\/2022\/11\/csm_fxgruberwegafrika_3s_f943f76ef6.jpg\" class=\"attachment-1170_658 size-1170_658\" alt=\"Zasn\u011b\u017een\u00e1 abstraktn\u00ed socha a sv\u00edt\u00edc\u00ed lucerny v noci na Stezce m\u00edru, v pozad\u00ed osv\u011btlen\u00fd kostel. (Zv\u011bt\u0161en\u00fd pohled)\" srcset=\"https:\/\/www.salzburgerland.com\/cs\/wp-content\/uploads\/2022\/11\/csm_fxgruberwegafrika_3s_f943f76ef6.jpg 1140w, https:\/\/www.salzburgerland.com\/cs\/wp-content\/uploads\/2022\/11\/csm_fxgruberwegafrika_3s_f943f76ef6-768x432.jpg 768w\" sizes=\"(max-width: 1140px) 100vw, 1140px\" aria-describedby=\"figcaption-153926-154359\" itemprop=\"thumbnail\"><\/a><\/div>\n\t\t\t\t\t\t<span id=\"figcaption-153926-154359\" class=\"gallery-caption\" itemprop=\"caption\"><span aria-hidden=\"true\">Jedna ze zast\u00e1vek Stezky m\u00edru \u00a9 Franz Xaver Gruber Gemeinschaft <\/span><\/span>\n\t\t\t\t\t<\/li>\n\t\t\t\t\t<li class=\"gallery-item col-3\" itemprop=\"associatedMedia\" itemscope itemtype=\"http:\/\/schema.org\/ImageObject\">\n\t\t\t\t\t\t<div class=\"gallery-icon landscape\"><a href=\"https:\/\/www.salzburgerland.com\/cs\/wp-content\/uploads\/2022\/11\/csm_gruberhaushochburg_3s_d6c0bc0bdd.jpg\" title=\"csm_GruberhausHochburg_3s_d6c0bc0bdd\"><img decoding=\"async\" data-title=\"Skulptury p\u0159ed Gruberov\u00fdm domem \u00a9 Franz Xaver Gruber Gemeinschaft \" title=\"Skulptury p\u0159ed Gruberov\u00fdm domem \u00a9 Franz Xaver Gruber Gemeinschaft \" data-caption=\"Skulptury p\u0159ed Gruberov\u00fdm domem \u00a9 Franz Xaver Gruber Gemeinschaft \" width=\"1140\" height=\"641\" src=\"https:\/\/www.salzburgerland.com\/cs\/wp-content\/uploads\/2022\/11\/csm_gruberhaushochburg_3s_d6c0bc0bdd.jpg\" class=\"attachment-1170_658 size-1170_658\" alt=\"Skulptury p\u0159ed Gruberov\u00fdm domem v Hochburg-Ach (Zv\u011bt\u0161en\u00fd pohled)\" srcset=\"https:\/\/www.salzburgerland.com\/cs\/wp-content\/uploads\/2022\/11\/csm_gruberhaushochburg_3s_d6c0bc0bdd.jpg 1140w, https:\/\/www.salzburgerland.com\/cs\/wp-content\/uploads\/2022\/11\/csm_gruberhaushochburg_3s_d6c0bc0bdd-768x432.jpg 768w\" sizes=\"(max-width: 1140px) 100vw, 1140px\" aria-describedby=\"figcaption-153926-154360\" itemprop=\"thumbnail\"><\/a><\/div>\n\t\t\t\t\t\t<span id=\"figcaption-153926-154360\" class=\"gallery-caption\" itemprop=\"caption\"><span aria-hidden=\"true\">Skulptury p\u0159ed Gruberov\u00fdm domem \u00a9 Franz Xaver Gruber Gemeinschaft <\/span><\/span>\n\t\t\t\t\t<\/li>\n\t\t\t\t\t<li class=\"gallery-item col-3\" itemprop=\"associatedMedia\" itemscope itemtype=\"http:\/\/schema.org\/ImageObject\">\n\t\t\t\t\t\t<div class=\"gallery-icon landscape\"><a href=\"https:\/\/www.salzburgerland.com\/cs\/wp-content\/uploads\/2022\/11\/csm_jschwarzmayrtuer_3s_b5af57d01d.png\" title=\"csm_JSchwarzmayrTuer_3s_b5af57d01d\"><img decoding=\"async\" data-title=\"Hans Schwarzmayr je stejn\u011b jako Franz Xaver Gruber rod\u00e1kem z Hochburg-Achu \u00a9 Ober\u00f6sterreich Tourismus GmbH\" title=\"Hans Schwarzmayr je stejn\u011b jako Franz Xaver Gruber rod\u00e1kem z Hochburg-Achu \u00a9 Ober\u00f6sterreich Tourismus GmbH\" data-caption=\"Hans Schwarzmayr je stejn\u011b jako Franz Xaver Gruber rod\u00e1kem z Hochburg-Achu \u00a9 Ober\u00f6sterreich Tourismus GmbH\" width=\"1140\" height=\"641\" src=\"https:\/\/www.salzburgerland.com\/cs\/wp-content\/uploads\/2022\/11\/csm_jschwarzmayrtuer_3s_b5af57d01d.png\" class=\"attachment-1170_658 size-1170_658\" alt=\"Kur\u00e1tor Domu Franze Xavera Grubera Hans Schwarzmayr (Zv\u011bt\u0161en\u00fd pohled)\" srcset=\"https:\/\/www.salzburgerland.com\/cs\/wp-content\/uploads\/2022\/11\/csm_jschwarzmayrtuer_3s_b5af57d01d.png 1140w, https:\/\/www.salzburgerland.com\/cs\/wp-content\/uploads\/2022\/11\/csm_jschwarzmayrtuer_3s_b5af57d01d-768x432.png 768w\" sizes=\"(max-width: 1140px) 100vw, 1140px\" aria-describedby=\"figcaption-153926-154361\" itemprop=\"thumbnail\"><\/a><\/div>\n\t\t\t\t\t\t<span id=\"figcaption-153926-154361\" class=\"gallery-caption\" itemprop=\"caption\"><span aria-hidden=\"true\">Hans Schwarzmayr je stejn\u011b jako Franz Xaver Gruber rod\u00e1kem z Hochburg-Achu \u00a9 Ober\u00f6sterreich Tourismus GmbH<\/span><\/span>\n\t\t\t\t\t<\/li>\n\t\t\t\t<\/ul>\n\t\t\t<\/div><!-- .gallery -->\n\n<p>\u010c\u00edm ho v\u0161ak tato p\u00edse\u0148 fascinuje? Jde zejm\u00e9na o dva body: \u201eJoseph Mohr a Franz Xaver Gruber, dva prost\u00ed mu\u017ei z chud\u00fdch pom\u011br\u016f, vytvo\u0159ili p\u00edse\u0148, kter\u00e1 p\u0159etrvala generace. Dovedu si p\u0159edstavit, \u017ee toto zji\u0161t\u011bn\u00ed bylo pro mnoh\u00e9 dokonce zklam\u00e1n\u00edm. Kdy\u017e Kr\u00e1lovsk\u00fd prusk\u00fd dvorn\u00ed orchestr (K\u00f6niglich Preussische Hofkapelle) poslal v roce 1854 do Salcburku \u017e\u00e1dost o zji\u0161t\u011bn\u00ed autorstv\u00ed, jist\u011b p\u0159edpokl\u00e1dal, \u017ee se jedn\u00e1 o v\u00fdznamn\u00e9ho skladatele, jako byl Michael Haydn. Ale ne, byl to oby\u010dejn\u00fd vesnick\u00fd u\u010ditel a pomocn\u00fd pastor. Druh\u00fdm bodem, kter\u00fd m\u011b fascinuje, je celosv\u011btov\u00e9 roz\u0161\u00ed\u0159en\u00ed p\u00edsn\u011b v dob\u011b, kdy je\u0161t\u011b neexistoval internet a soci\u00e1ln\u00ed s\u00edt\u011b.\u201c<\/p>\n<h2>Stezka s kam\u00ednky<\/h2>\n<p>Ti, kte\u0159\u00ed se vydaj\u00ed na t\u00e9m\u011b\u0159 dva kilometry dlouhou, kr\u00e1sn\u011b upravenou Stezku m\u00edru v Hochburg-Ach, mohou na trase vz\u00edt ru\u010dn\u011b malovan\u00fd k\u00e1men m\u00edru a na konci ho vr\u00e1tit. Za posledn\u00edch p\u011bt let namalovali Josef Schwaninger a Alfred Bachmair v\u00edce ne\u017e 6 000 m\u00edrov\u00fdch kamen\u016f. Jsou tak kr\u00e1sn\u00e9, \u017ee v\u011bt\u0161ina n\u00e1v\u0161t\u011bvn\u00edk\u016f kameny neodkl\u00e1d\u00e1, ale odn\u00e1\u0161\u00ed si je dom\u016f jako suven\u00fdr. To ob\u011bma mu\u017e\u016fm nevad\u00ed; malov\u00e1n\u00ed se u\u017e d\u00e1vno stalo jejich kon\u00ed\u010dkem a je jejich dobrovoln\u00fdm p\u0159\u00edsp\u011bvkem k t\u00e9matu \u201eTich\u00e1 noc! Svat\u00e1 noc!\u201c Malov\u00e1n\u00ed mal\u00e9ho kamene ze Salzachu trv\u00e1 \u010dtvrt a\u017e p\u016fl hodiny. Malba akrylovou barvou se zat\u0159e bezbarv\u00fdm lakem a na zadn\u00ed stranu se nap\u00ed\u0161e p\u00e1r hezk\u00fdch slov. O tom, \u017ee kameny jsou pot\u0159eba, se u\u017e d\u00e1vno v\u00ed, a tak je jich v\u017edycky dost. Obyvatel\u00e9 Hochburg-Ach toti\u017e, a\u0165 u\u017e d\u011bti nebo dosp\u011bl\u00ed, sb\u00edraj\u00ed vhodn\u00e9 kameny na sv\u00fdch v\u00fdletech do nedalek\u00e9ho Salzachu a nos\u00ed je ob\u011bma dobrovoln\u00fdm mal\u00ed\u0159\u016fm.<\/p>\n<p>Pam\u011btn\u00ed d\u016fm Franze Xavera Grubera je otev\u0159en denn\u011b od 13.30 do 16.30 hodin od Velikonoc do 26. \u0159\u00edjna. B\u011bhem pr\u00e1zdnin je otev\u0159eno tak\u00e9 od 9.00 do 12.00.<\/p>\n","protected":false},"excerpt":{"rendered":"<p>Kdy\u017e Hans Schwarzmayr za\u010dne vypr\u00e1v\u011bt p\u0159\u00edb\u011bhy, sv\u011bt za mal\u00fdmi okny jako by upadl v zapomn\u011bn\u00ed. Kur\u00e1tor Domu Franze Xavera Grubera v Hochburg-Achu mluv\u00ed tich\u00fdm hlasem a pe\u010dliv\u011b vol\u00ed slova. To, co m\u00e1 na srdci, je mu bl\u00edzk\u00e9. Proto\u017ee se jedn\u00e1 o nejslavn\u011bj\u0161\u00edho syna mal\u00e9 vesnice zde v hornorakousk\u00e9m Innviertelu. A mluv\u00ed pr\u00e1v\u011b o skladb\u011b, kter\u00e1 [&hellip;]<\/p>\n","protected":false},"author":6,"featured_media":154357,"comment_status":"closed","ping_status":"closed","sticky":false,"template":"","format":"standard","meta":{"_acf_changed":false,"wl_entities_gutenberg":"","_relevanssi_hide_post":"","_relevanssi_hide_content":"","_relevanssi_pin_for_all":"","_relevanssi_pin_keywords":"","_relevanssi_unpin_keywords":"","_relevanssi_related_keywords":"","_relevanssi_related_include_ids":"","_relevanssi_related_exclude_ids":"","_relevanssi_related_no_append":"","_relevanssi_related_not_related":"","_relevanssi_related_posts":"","_relevanssi_noindex_reason":"","footnotes":""},"categories":[1],"tags":[],"wl_entity_type":[706],"class_list":["post-153926","post","type-post","status-publish","format-standard","has-post-thumbnail","hentry","category-uncategorized","wl_entity_type-article"],"acf":[],"yoast_head":"<!-- This site is optimized with the Yoast SEO Premium plugin v27.4 (Yoast SEO v27.4) - https:\/\/yoast.com\/product\/yoast-seo-premium-wordpress\/ -->\n<title>Srdcov\u00fd projekt &quot;Tich\u00e1 noc! Svat\u00e1 noc!&quot; \u00bb SalzburgerLand.com<\/title>\n<meta name=\"robots\" content=\"index, follow, max-snippet:-1, max-image-preview:large, max-video-preview:-1\" \/>\n<link rel=\"canonical\" href=\"https:\/\/www.salzburgerland.com\/cs\/ticha-noc-srdcovy-projekt\/\" \/>\n<meta property=\"og:locale\" content=\"cs_CZ\" \/>\n<meta property=\"og:type\" content=\"article\" \/>\n<meta property=\"og:title\" content=\"Srdcov\u00fd projekt &quot;Tich\u00e1 noc! Svat\u00e1 noc!&quot;\" \/>\n<meta property=\"og:description\" content=\"Kdy\u017e Hans Schwarzmayr za\u010dne vypr\u00e1v\u011bt p\u0159\u00edb\u011bhy, sv\u011bt za mal\u00fdmi okny jako by upadl v zapomn\u011bn\u00ed. Kur\u00e1tor Domu Franze Xavera Grubera v Hochburg-Achu mluv\u00ed\" \/>\n<meta property=\"og:url\" content=\"https:\/\/www.salzburgerland.com\/cs\/ticha-noc-srdcovy-projekt\/\" \/>\n<meta property=\"og:site_name\" content=\"SalzburgerLand.com\" \/>\n<meta property=\"article:publisher\" content=\"https:\/\/www.facebook.com\/visitsalzburgerland\/\" \/>\n<meta property=\"article:published_time\" content=\"2022-11-10T19:12:28+00:00\" \/>\n<meta property=\"article:modified_time\" content=\"2022-11-16T12:37:48+00:00\" \/>\n<meta property=\"og:image\" content=\"https:\/\/www.salzburgerland.com\/cs\/wp-content\/uploads\/2022\/11\/oberoesterreich-hochburg-ach-friedensweg-afrika-05-1920x840-1-1200x675.jpg\" \/>\n\t<meta property=\"og:image:width\" content=\"1200\" \/>\n\t<meta property=\"og:image:height\" content=\"675\" \/>\n\t<meta property=\"og:image:type\" content=\"image\/jpeg\" \/>\n<meta name=\"author\" content=\"Andrea \u017d\u00e1\u010dkov\u00e1\" \/>\n<meta name=\"twitter:card\" content=\"summary_large_image\" \/>\n<meta name=\"twitter:creator\" content=\"@salzburgerland\" \/>\n<meta name=\"twitter:site\" content=\"@salzburgerland\" \/>\n<meta name=\"twitter:label1\" content=\"Napsal(a)\" \/>\n\t<meta name=\"twitter:data1\" content=\"Andrea \u017d\u00e1\u010dkov\u00e1\" \/>\n\t<meta name=\"twitter:label2\" content=\"Odhadovan\u00e1 doba \u010dten\u00ed\" \/>\n\t<meta name=\"twitter:data2\" content=\"3 minuty\" \/>\n<script type=\"application\/ld+json\" class=\"yoast-schema-graph\">{\"@context\":\"https:\\\/\\\/schema.org\",\"@graph\":[{\"@type\":\"Article\",\"@id\":\"https:\\\/\\\/www.salzburgerland.com\\\/cs\\\/ticha-noc-srdcovy-projekt\\\/#article\",\"isPartOf\":{\"@id\":\"https:\\\/\\\/www.salzburgerland.com\\\/cs\\\/ticha-noc-srdcovy-projekt\\\/\"},\"author\":{\"name\":\"Andrea \u017d\u00e1\u010dkov\u00e1\",\"@id\":\"https:\\\/\\\/www.salzburgerland.com\\\/cs\\\/#\\\/schema\\\/person\\\/dd42a4661897004df109095dbf40eeff\"},\"headline\":\"Srdcov\u00fd projekt &#8222;Tich\u00e1 noc! Svat\u00e1 noc!&#8220;\",\"datePublished\":\"2022-11-10T19:12:28+00:00\",\"dateModified\":\"2022-11-16T12:37:48+00:00\",\"mainEntityOfPage\":{\"@id\":\"https:\\\/\\\/www.salzburgerland.com\\\/cs\\\/ticha-noc-srdcovy-projekt\\\/\"},\"wordCount\":624,\"image\":{\"@id\":\"https:\\\/\\\/www.salzburgerland.com\\\/cs\\\/ticha-noc-srdcovy-projekt\\\/#primaryimage\"},\"thumbnailUrl\":\"https:\\\/\\\/www.salzburgerland.com\\\/cs\\\/wp-content\\\/uploads\\\/2022\\\/11\\\/oberoesterreich-hochburg-ach-friedensweg-afrika-05-1920x840-1.jpg\",\"articleSection\":[\"Uncategorized\"],\"inLanguage\":\"cs\"},{\"@type\":\"WebPage\",\"@id\":\"https:\\\/\\\/www.salzburgerland.com\\\/cs\\\/ticha-noc-srdcovy-projekt\\\/\",\"url\":\"https:\\\/\\\/www.salzburgerland.com\\\/cs\\\/ticha-noc-srdcovy-projekt\\\/\",\"name\":\"Srdcov\u00fd projekt \\\"Tich\u00e1 noc! Svat\u00e1 noc!\\\" \u00bb SalzburgerLand.com\",\"isPartOf\":{\"@id\":\"https:\\\/\\\/www.salzburgerland.com\\\/cs\\\/#website\"},\"primaryImageOfPage\":{\"@id\":\"https:\\\/\\\/www.salzburgerland.com\\\/cs\\\/ticha-noc-srdcovy-projekt\\\/#primaryimage\"},\"image\":{\"@id\":\"https:\\\/\\\/www.salzburgerland.com\\\/cs\\\/ticha-noc-srdcovy-projekt\\\/#primaryimage\"},\"thumbnailUrl\":\"https:\\\/\\\/www.salzburgerland.com\\\/cs\\\/wp-content\\\/uploads\\\/2022\\\/11\\\/oberoesterreich-hochburg-ach-friedensweg-afrika-05-1920x840-1.jpg\",\"datePublished\":\"2022-11-10T19:12:28+00:00\",\"dateModified\":\"2022-11-16T12:37:48+00:00\",\"author\":{\"@id\":\"https:\\\/\\\/www.salzburgerland.com\\\/cs\\\/#\\\/schema\\\/person\\\/dd42a4661897004df109095dbf40eeff\"},\"description\":\"Ti, kte\u0159\u00ed se vydaj\u00ed na t\u00e9m\u011b\u0159 dva kilometry dlouhou, kr\u00e1sn\u011b upravenou Stezku m\u00edru v Hochburg-Ach, mohou na trase vz\u00edt ru\u010dn\u011b malovan\u00fd k\u00e1men m\u00edru a na konci ho vr\u00e1tit\",\"breadcrumb\":{\"@id\":\"https:\\\/\\\/www.salzburgerland.com\\\/cs\\\/ticha-noc-srdcovy-projekt\\\/#breadcrumb\"},\"inLanguage\":\"cs\",\"potentialAction\":[{\"@type\":\"ReadAction\",\"target\":[\"https:\\\/\\\/www.salzburgerland.com\\\/cs\\\/ticha-noc-srdcovy-projekt\\\/\"]}]},{\"@type\":\"ImageObject\",\"inLanguage\":\"cs\",\"@id\":\"https:\\\/\\\/www.salzburgerland.com\\\/cs\\\/ticha-noc-srdcovy-projekt\\\/#primaryimage\",\"url\":\"https:\\\/\\\/www.salzburgerland.com\\\/cs\\\/wp-content\\\/uploads\\\/2022\\\/11\\\/oberoesterreich-hochburg-ach-friedensweg-afrika-05-1920x840-1.jpg\",\"contentUrl\":\"https:\\\/\\\/www.salzburgerland.com\\\/cs\\\/wp-content\\\/uploads\\\/2022\\\/11\\\/oberoesterreich-hochburg-ach-friedensweg-afrika-05-1920x840-1.jpg\",\"width\":1920,\"height\":840,\"caption\":\"Sou\u010d\u00e1st zasn\u011b\u017een\u00e9 Stezky m\u00edru \u00a9 Franz Gruber Gemeinschaft\"},{\"@type\":\"BreadcrumbList\",\"@id\":\"https:\\\/\\\/www.salzburgerland.com\\\/cs\\\/ticha-noc-srdcovy-projekt\\\/#breadcrumb\",\"itemListElement\":[{\"@type\":\"ListItem\",\"position\":1,\"name\":\"Tam kde vznikla Tich\u00e1 noc\",\"item\":\"https:\\\/\\\/www.salzburgerland.com\\\/cs\\\/ticha-noc\\\/\"},{\"@type\":\"ListItem\",\"position\":2,\"name\":\"Srdcov\u00fd projekt &#8220;Tich\u00e1 noc! Svat\u00e1 noc!&#8221;\"}]},{\"@type\":\"WebSite\",\"@id\":\"https:\\\/\\\/www.salzburgerland.com\\\/cs\\\/#website\",\"url\":\"https:\\\/\\\/www.salzburgerland.com\\\/cs\\\/\",\"name\":\"SalzburgerLand.com\",\"description\":\"Va\u0161e dovolen\u00e1 v Salcburku, Rakousko\",\"potentialAction\":[{\"@type\":\"SearchAction\",\"target\":{\"@type\":\"EntryPoint\",\"urlTemplate\":\"https:\\\/\\\/www.salzburgerland.com\\\/cs\\\/?s={search_term_string}\"},\"query-input\":{\"@type\":\"PropertyValueSpecification\",\"valueRequired\":true,\"valueName\":\"search_term_string\"}}],\"inLanguage\":\"cs\"},{\"@type\":\"Person\",\"@id\":\"https:\\\/\\\/www.salzburgerland.com\\\/cs\\\/#\\\/schema\\\/person\\\/dd42a4661897004df109095dbf40eeff\",\"name\":\"Andrea \u017d\u00e1\u010dkov\u00e1\",\"image\":{\"@type\":\"ImageObject\",\"inLanguage\":\"cs\",\"@id\":\"https:\\\/\\\/secure.gravatar.com\\\/avatar\\\/338deec8d231d56d0ab7b2b7d6d0aedbcb3eb05390f6c027fd5b7ebe87b67dbf?s=96&d=mm&r=g\",\"url\":\"https:\\\/\\\/secure.gravatar.com\\\/avatar\\\/338deec8d231d56d0ab7b2b7d6d0aedbcb3eb05390f6c027fd5b7ebe87b67dbf?s=96&d=mm&r=g\",\"contentUrl\":\"https:\\\/\\\/secure.gravatar.com\\\/avatar\\\/338deec8d231d56d0ab7b2b7d6d0aedbcb3eb05390f6c027fd5b7ebe87b67dbf?s=96&d=mm&r=g\",\"caption\":\"Andrea \u017d\u00e1\u010dkov\u00e1\"}}]}<\/script>\n<!-- \/ Yoast SEO Premium plugin. -->","yoast_head_json":{"title":"Srdcov\u00fd projekt \"Tich\u00e1 noc! Svat\u00e1 noc!\" \u00bb SalzburgerLand.com","robots":{"index":"index","follow":"follow","max-snippet":"max-snippet:-1","max-image-preview":"max-image-preview:large","max-video-preview":"max-video-preview:-1"},"canonical":"https:\/\/www.salzburgerland.com\/cs\/ticha-noc-srdcovy-projekt\/","og_locale":"cs_CZ","og_type":"article","og_title":"Srdcov\u00fd projekt \"Tich\u00e1 noc! Svat\u00e1 noc!\"","og_description":"Kdy\u017e Hans Schwarzmayr za\u010dne vypr\u00e1v\u011bt p\u0159\u00edb\u011bhy, sv\u011bt za mal\u00fdmi okny jako by upadl v zapomn\u011bn\u00ed. Kur\u00e1tor Domu Franze Xavera Grubera v Hochburg-Achu mluv\u00ed","og_url":"https:\/\/www.salzburgerland.com\/cs\/ticha-noc-srdcovy-projekt\/","og_site_name":"SalzburgerLand.com","article_publisher":"https:\/\/www.facebook.com\/visitsalzburgerland\/","article_published_time":"2022-11-10T19:12:28+00:00","article_modified_time":"2022-11-16T12:37:48+00:00","og_image":[{"width":1200,"height":675,"url":"https:\/\/www.salzburgerland.com\/cs\/wp-content\/uploads\/2022\/11\/oberoesterreich-hochburg-ach-friedensweg-afrika-05-1920x840-1-1200x675.jpg","type":"image\/jpeg"}],"author":"Andrea \u017d\u00e1\u010dkov\u00e1","twitter_card":"summary_large_image","twitter_creator":"@salzburgerland","twitter_site":"@salzburgerland","twitter_misc":{"Napsal(a)":"Andrea \u017d\u00e1\u010dkov\u00e1","Odhadovan\u00e1 doba \u010dten\u00ed":"3 minuty"},"schema":{"@context":"https:\/\/schema.org","@graph":[{"@type":"Article","@id":"https:\/\/www.salzburgerland.com\/cs\/ticha-noc-srdcovy-projekt\/#article","isPartOf":{"@id":"https:\/\/www.salzburgerland.com\/cs\/ticha-noc-srdcovy-projekt\/"},"author":{"name":"Andrea \u017d\u00e1\u010dkov\u00e1","@id":"https:\/\/www.salzburgerland.com\/cs\/#\/schema\/person\/dd42a4661897004df109095dbf40eeff"},"headline":"Srdcov\u00fd projekt &#8222;Tich\u00e1 noc! Svat\u00e1 noc!&#8220;","datePublished":"2022-11-10T19:12:28+00:00","dateModified":"2022-11-16T12:37:48+00:00","mainEntityOfPage":{"@id":"https:\/\/www.salzburgerland.com\/cs\/ticha-noc-srdcovy-projekt\/"},"wordCount":624,"image":{"@id":"https:\/\/www.salzburgerland.com\/cs\/ticha-noc-srdcovy-projekt\/#primaryimage"},"thumbnailUrl":"https:\/\/www.salzburgerland.com\/cs\/wp-content\/uploads\/2022\/11\/oberoesterreich-hochburg-ach-friedensweg-afrika-05-1920x840-1.jpg","articleSection":["Uncategorized"],"inLanguage":"cs"},{"@type":"WebPage","@id":"https:\/\/www.salzburgerland.com\/cs\/ticha-noc-srdcovy-projekt\/","url":"https:\/\/www.salzburgerland.com\/cs\/ticha-noc-srdcovy-projekt\/","name":"Srdcov\u00fd projekt \"Tich\u00e1 noc! Svat\u00e1 noc!\" \u00bb SalzburgerLand.com","isPartOf":{"@id":"https:\/\/www.salzburgerland.com\/cs\/#website"},"primaryImageOfPage":{"@id":"https:\/\/www.salzburgerland.com\/cs\/ticha-noc-srdcovy-projekt\/#primaryimage"},"image":{"@id":"https:\/\/www.salzburgerland.com\/cs\/ticha-noc-srdcovy-projekt\/#primaryimage"},"thumbnailUrl":"https:\/\/www.salzburgerland.com\/cs\/wp-content\/uploads\/2022\/11\/oberoesterreich-hochburg-ach-friedensweg-afrika-05-1920x840-1.jpg","datePublished":"2022-11-10T19:12:28+00:00","dateModified":"2022-11-16T12:37:48+00:00","author":{"@id":"https:\/\/www.salzburgerland.com\/cs\/#\/schema\/person\/dd42a4661897004df109095dbf40eeff"},"description":"Ti, kte\u0159\u00ed se vydaj\u00ed na t\u00e9m\u011b\u0159 dva kilometry dlouhou, kr\u00e1sn\u011b upravenou Stezku m\u00edru v Hochburg-Ach, mohou na trase vz\u00edt ru\u010dn\u011b malovan\u00fd k\u00e1men m\u00edru a na konci ho vr\u00e1tit","breadcrumb":{"@id":"https:\/\/www.salzburgerland.com\/cs\/ticha-noc-srdcovy-projekt\/#breadcrumb"},"inLanguage":"cs","potentialAction":[{"@type":"ReadAction","target":["https:\/\/www.salzburgerland.com\/cs\/ticha-noc-srdcovy-projekt\/"]}]},{"@type":"ImageObject","inLanguage":"cs","@id":"https:\/\/www.salzburgerland.com\/cs\/ticha-noc-srdcovy-projekt\/#primaryimage","url":"https:\/\/www.salzburgerland.com\/cs\/wp-content\/uploads\/2022\/11\/oberoesterreich-hochburg-ach-friedensweg-afrika-05-1920x840-1.jpg","contentUrl":"https:\/\/www.salzburgerland.com\/cs\/wp-content\/uploads\/2022\/11\/oberoesterreich-hochburg-ach-friedensweg-afrika-05-1920x840-1.jpg","width":1920,"height":840,"caption":"Sou\u010d\u00e1st zasn\u011b\u017een\u00e9 Stezky m\u00edru \u00a9 Franz Gruber Gemeinschaft"},{"@type":"BreadcrumbList","@id":"https:\/\/www.salzburgerland.com\/cs\/ticha-noc-srdcovy-projekt\/#breadcrumb","itemListElement":[{"@type":"ListItem","position":1,"name":"Tam kde vznikla Tich\u00e1 noc","item":"https:\/\/www.salzburgerland.com\/cs\/ticha-noc\/"},{"@type":"ListItem","position":2,"name":"Srdcov\u00fd projekt &#8220;Tich\u00e1 noc! Svat\u00e1 noc!&#8221;"}]},{"@type":"WebSite","@id":"https:\/\/www.salzburgerland.com\/cs\/#website","url":"https:\/\/www.salzburgerland.com\/cs\/","name":"SalzburgerLand.com","description":"Va\u0161e dovolen\u00e1 v Salcburku, Rakousko","potentialAction":[{"@type":"SearchAction","target":{"@type":"EntryPoint","urlTemplate":"https:\/\/www.salzburgerland.com\/cs\/?s={search_term_string}"},"query-input":{"@type":"PropertyValueSpecification","valueRequired":true,"valueName":"search_term_string"}}],"inLanguage":"cs"},{"@type":"Person","@id":"https:\/\/www.salzburgerland.com\/cs\/#\/schema\/person\/dd42a4661897004df109095dbf40eeff","name":"Andrea \u017d\u00e1\u010dkov\u00e1","image":{"@type":"ImageObject","inLanguage":"cs","@id":"https:\/\/secure.gravatar.com\/avatar\/338deec8d231d56d0ab7b2b7d6d0aedbcb3eb05390f6c027fd5b7ebe87b67dbf?s=96&d=mm&r=g","url":"https:\/\/secure.gravatar.com\/avatar\/338deec8d231d56d0ab7b2b7d6d0aedbcb3eb05390f6c027fd5b7ebe87b67dbf?s=96&d=mm&r=g","contentUrl":"https:\/\/secure.gravatar.com\/avatar\/338deec8d231d56d0ab7b2b7d6d0aedbcb3eb05390f6c027fd5b7ebe87b67dbf?s=96&d=mm&r=g","caption":"Andrea \u017d\u00e1\u010dkov\u00e1"}}]}},"_wl_alt_label":[],"wl:entity_url":"http:\/\/open.salzburgerland.com\/cs\/post\/srdcovy-projekt-ticha-noc-svata-noc-153926","_links":{"self":[{"href":"https:\/\/www.salzburgerland.com\/cs\/wp-json\/wp\/v2\/posts\/153926","targetHints":{"allow":["GET"]}}],"collection":[{"href":"https:\/\/www.salzburgerland.com\/cs\/wp-json\/wp\/v2\/posts"}],"about":[{"href":"https:\/\/www.salzburgerland.com\/cs\/wp-json\/wp\/v2\/types\/post"}],"author":[{"embeddable":true,"href":"https:\/\/www.salzburgerland.com\/cs\/wp-json\/wp\/v2\/users\/6"}],"replies":[{"embeddable":true,"href":"https:\/\/www.salzburgerland.com\/cs\/wp-json\/wp\/v2\/comments?post=153926"}],"version-history":[{"count":5,"href":"https:\/\/www.salzburgerland.com\/cs\/wp-json\/wp\/v2\/posts\/153926\/revisions"}],"predecessor-version":[{"id":154365,"href":"https:\/\/www.salzburgerland.com\/cs\/wp-json\/wp\/v2\/posts\/153926\/revisions\/154365"}],"wp:featuredmedia":[{"embeddable":true,"href":"https:\/\/www.salzburgerland.com\/cs\/wp-json\/wp\/v2\/media\/154357"}],"wp:attachment":[{"href":"https:\/\/www.salzburgerland.com\/cs\/wp-json\/wp\/v2\/media?parent=153926"}],"wp:term":[{"taxonomy":"category","embeddable":true,"href":"https:\/\/www.salzburgerland.com\/cs\/wp-json\/wp\/v2\/categories?post=153926"},{"taxonomy":"post_tag","embeddable":true,"href":"https:\/\/www.salzburgerland.com\/cs\/wp-json\/wp\/v2\/tags?post=153926"},{"taxonomy":"wl_entity_type","embeddable":true,"href":"https:\/\/www.salzburgerland.com\/cs\/wp-json\/wp\/v2\/wl_entity_type?post=153926"}],"curies":[{"name":"wp","href":"https:\/\/api.w.org\/{rel}","templated":true}]}}