{"id":153774,"date":"2022-11-09T14:43:14","date_gmt":"2022-11-09T13:43:14","guid":{"rendered":"https:\/\/www.salzburgerland.com\/cs\/?p=153774"},"modified":"2025-03-30T18:12:06","modified_gmt":"2025-03-30T16:12:06","slug":"dachstein-west-kuchyne","status":"publish","type":"post","link":"https:\/\/www.salzburgerland.com\/cs\/dachstein-west-kuchyne\/","title":{"rendered":"Region\u00e1ln\u00ed speciality a vyhl\u00e1\u0161en\u00e1 kuchyn\u011b v Dachstein West"},"content":{"rendered":"<p><a href=\"https:\/\/www.salzburgerland.com\/cs\/dachstein-west\/\">Dachstein West<\/a> je region zn\u00e1m\u00fd nejen kr\u00e1sn\u00fdmi <a href=\"https:\/\/www.salzburgerland.com\/cs\/dachstein-west-v-lete\/\">letn\u00edmi<\/a> turistick\u00fdmi trasami a v\u00a0<a href=\"https:\/\/www.salzburgerland.com\/cs\/dachstein-west-v-zime\/\">zim\u011b<\/a> pak zasn\u011b\u017een\u00fdmi <a href=\"https:\/\/www.salzburgerland.com\/cs\/dachstein-west-lyzovani\/\">sjezdovkami<\/a>, ale tak\u00e9 skv\u011blou kuchyn\u00ed. V\u0161ude se setk\u00e1te s\u00a0\u00fatuln\u00fdmi hostinci, ly\u017ea\u0159sk\u00fdmi <a href=\"https:\/\/www.dachstein.at\/en\/service\/huts.html\" target=\"_blank\" rel=\"noopener\">chatami<\/a> a sala\u0161emi na pastvin\u00e1ch. K\u00a0dovolen\u00e9, kter\u00e1 je nabit\u00e1 aktivitami a pohybem, dobr\u00e9 j\u00eddlo i pit\u00ed pat\u0159\u00ed. Z\u00e1le\u017e\u00ed jen na v\u00e1s, co si vyberete. N\u011bkdo m\u00e1 r\u00e1d trhanec, kynut\u00e9 knedl\u00edky nebo \u0161tr\u00fadl, jin\u00fd sp\u00ed\u0161e ocen\u00ed \u0159\u00edzek, gul\u00e1\u0161 nebo pe\u010deni. Samoz\u0159ejmou sou\u010d\u00e1st\u00ed nab\u00eddky mnoha podnik\u016f jsou ale i bezmas\u00e1 j\u00eddla.<\/p>\n<h3>Region po\u017eitk\u016f<\/h3>\n<p>Vzhledem k\u00a0tomu, \u017ee je sou\u010d\u00e1st\u00ed rekrea\u010dn\u00ed oblasti Dachstein West region Tennengau, vyhl\u00e1\u0161en\u00fd svou mimo\u0159\u00e1dnou gastronomickou nab\u00eddkou, ur\u010dit\u011b byste m\u011bli ochutnat n\u011bco z\u00a0m\u00edstn\u00edch lah\u016fdek. Tennengau se tak\u00e9 \u0159\u00edk\u00e1 \u201eRegion po\u017eitk\u016f\u201c a jsou pro n\u011b typick\u00e9 dva produkty. Jde o alpsk\u00fd pasteveck\u00fd s\u00fdr(Tennengauer AlmK\u00e4se) a jehn\u011b\u010d\u00ed (Tennengauer BergLamm). Z\u00a0jehn\u011b\u010d\u00edho z\u00a0chovu v hor\u00e1ch dovedou kucha\u0159i vytvo\u0159it velice sofistikovan\u00e1 j\u00eddla. Za mimo\u0159\u00e1dnou chu\u0165 a v\u016fni <a href=\"https:\/\/www.salzburgerland.com\/cs\/zazitkova-trasa-pro-milovniky-masa\/\">masa<\/a> tak\u00e9 mohou alpsk\u00e9 rostliny na horsk\u00fdch pastvin\u00e1ch. Chov ovc\u00ed m\u00e1 v poho\u0159\u00ed Tennengau dlouhou tradici.<\/p>\n<div class=\"mceTemp\"><\/div>\n\n\t\t\t<div id=\"153774-1\" class=\"gallery gallery-153774 gallery-columns-3 gallery-size-1170_658\" itemscope itemtype=\"http:\/\/schema.org\/ImageGallery\">\n\t\t\t\t<ul class=\"gallery-row gallery-col-3 gallery-clear\">\n\t\t\t\t\t<li class=\"gallery-item col-3\" itemprop=\"associatedMedia\" itemscope itemtype=\"http:\/\/schema.org\/ImageObject\">\n\t\t\t\t\t\t<div class=\"gallery-icon landscape\"><a href=\"https:\/\/www.salzburgerland.com\/cs\/wp-content\/uploads\/2022\/11\/rottenhofhuette-kasnocken-gross.jpg\" title=\"rottenhofhuette-kasnocken-gross\"><img decoding=\"async\" data-title=\"S\u00fdrov\u00e9 noky 'Kasnockn' serv\u00edrovan\u00e9 tradi\u010dn\u011b na p\u00e1nvi v Rottenhofh\u00fctte \u00a9 Dachstein Tourismus AG\n\" title=\"S\u00fdrov\u00e9 noky 'Kasnockn' serv\u00edrovan\u00e9 tradi\u010dn\u011b na p\u00e1nvi v Rottenhofh\u00fctte \u00a9 Dachstein Tourismus AG\n\" data-caption=\"S\u00fdrov\u00e9 noky 'Kasnockn' serv\u00edrovan\u00e9 tradi\u010dn\u011b na p\u00e1nvi v Rottenhofh\u00fctte \u00a9 Dachstein Tourismus AG\n\" width=\"1170\" height=\"658\" src=\"https:\/\/www.salzburgerland.com\/cs\/wp-content\/uploads\/2022\/11\/rottenhofhuette-kasnocken-gross-1170x658.jpg\" class=\"attachment-1170_658 size-1170_658\" alt=\"S\u00fdrov\u00e9 noky 'Kasnockn' posypan\u00e9 cibulkou, serv\u00edrovan\u00e9 tradi\u010dn\u011b na p\u00e1nvi jsou v nab\u00eddce chalupy Rottenhofh\u00fctte v Annabergu (Zv\u011bt\u0161en\u00fd pohled)\" srcset=\"https:\/\/www.salzburgerland.com\/cs\/wp-content\/uploads\/2022\/11\/rottenhofhuette-kasnocken-gross-1170x658.jpg 1170w, https:\/\/www.salzburgerland.com\/cs\/wp-content\/uploads\/2022\/11\/rottenhofhuette-kasnocken-gross-1200x675.jpg 1200w\" sizes=\"(max-width: 1170px) 100vw, 1170px\" aria-describedby=\"figcaption-153774-153778\" itemprop=\"thumbnail\"><\/a><\/div>\n\t\t\t\t\t\t<span id=\"figcaption-153774-153778\" class=\"gallery-caption\" itemprop=\"caption\"><span aria-hidden=\"true\">S\u00fdrov\u00e9 noky \u201aKasnockn\u2018 serv\u00edrovan\u00e9 tradi\u010dn\u011b na p\u00e1nvi v Rottenhofh\u00fctte \u00a9 Dachstein Tourismus AG\n<\/span><\/span>\n\t\t\t\t\t<\/li>\n\t\t\t\t\t<li class=\"gallery-item col-3\" itemprop=\"associatedMedia\" itemscope itemtype=\"http:\/\/schema.org\/ImageObject\">\n\t\t\t\t\t\t<div class=\"gallery-icon landscape\"><a href=\"https:\/\/www.salzburgerland.com\/cs\/wp-content\/uploads\/2022\/11\/rottenhofhuette-krapfen-zubereiten-teig-gross.jpg\" title=\"rottenhofhuette-krapfen-zubereiten-teig-gross\"><img decoding=\"async\" data-title='T\u011bsto na koblihy \"Krapfen\", kter\u00e9 se daj\u00ed j\u00edst nasladko i naslano \u00a9 Dachstein Tourismus AG' title='T\u011bsto na koblihy \"Krapfen\", kter\u00e9 se daj\u00ed j\u00edst nasladko i naslano \u00a9 Dachstein Tourismus AG' data-caption='T\u011bsto na koblihy \"Krapfen\", kter\u00e9 se daj\u00ed j\u00edst nasladko i naslano \u00a9 Dachstein Tourismus AG' width=\"1170\" height=\"658\" src=\"https:\/\/www.salzburgerland.com\/cs\/wp-content\/uploads\/2022\/11\/rottenhofhuette-krapfen-zubereiten-teig-gross-1170x658.jpg\" class=\"attachment-1170_658 size-1170_658\" alt='Placky z kynut\u00e9ho t\u011bsta na koblihy \"Krapfen\", kter\u00e9 se daj\u00ed j\u00edst nasladko i naslano (Zv\u011bt\u0161en\u00fd pohled)' srcset=\"https:\/\/www.salzburgerland.com\/cs\/wp-content\/uploads\/2022\/11\/rottenhofhuette-krapfen-zubereiten-teig-gross-1170x658.jpg 1170w, https:\/\/www.salzburgerland.com\/cs\/wp-content\/uploads\/2022\/11\/rottenhofhuette-krapfen-zubereiten-teig-gross-1200x675.jpg 1200w\" sizes=\"(max-width: 1170px) 100vw, 1170px\" aria-describedby=\"figcaption-153774-153779\" itemprop=\"thumbnail\"><\/a><\/div>\n\t\t\t\t\t\t<span id=\"figcaption-153774-153779\" class=\"gallery-caption\" itemprop=\"caption\"><span aria-hidden=\"true\">T\u011bsto na koblihy \u201eKrapfen\u201c, kter\u00e9 se daj\u00ed j\u00edst nasladko i naslano \u00a9 Dachstein Tourismus AG<\/span><\/span>\n\t\t\t\t\t<\/li>\n\t\t\t\t\t<li class=\"gallery-item col-3\" itemprop=\"associatedMedia\" itemscope itemtype=\"http:\/\/schema.org\/ImageObject\">\n\t\t\t\t\t\t<div class=\"gallery-icon landscape\"><a href=\"https:\/\/www.salzburgerland.com\/cs\/wp-content\/uploads\/2022\/11\/dachsteinwest-rottenhofhutte-kulinarik-1920x1067.jpg\" title=\"dachsteinwest-rottenhofh\u00fctte-kulinarik\"><img decoding=\"async\" data-title=\"C\u00edsa\u0159sk\u00fd trhanec pat\u0159\u00ed k obl\u00edben\u00fdm pochoutk\u00e1m \u00a9 Dachstein Tourismus AG\" title=\"C\u00edsa\u0159sk\u00fd trhanec pat\u0159\u00ed k obl\u00edben\u00fdm pochoutk\u00e1m \u00a9 Dachstein Tourismus AG\" data-caption=\"C\u00edsa\u0159sk\u00fd trhanec pat\u0159\u00ed k obl\u00edben\u00fdm pochoutk\u00e1m \u00a9 Dachstein Tourismus AG\" width=\"1170\" height=\"658\" src=\"https:\/\/www.salzburgerland.com\/cs\/wp-content\/uploads\/2022\/11\/dachsteinwest-rottenhofhutte-kulinarik-1170x658.jpg\" class=\"attachment-1170_658 size-1170_658\" alt=\"P\u00e1r si pochutn\u00e1v\u00e1 na terase p\u0159ed chalupou na k\u00e1v\u011b a d\u011bl\u00ed se o c\u00edsa\u0159sk\u00fd trhanec s ovocn\u00fdm pyr\u00e9 a bohat\u011b posypan\u00fd cukrem (Zv\u011bt\u0161en\u00fd pohled)\" srcset=\"https:\/\/www.salzburgerland.com\/cs\/wp-content\/uploads\/2022\/11\/dachsteinwest-rottenhofhutte-kulinarik-1170x658.jpg 1170w, https:\/\/www.salzburgerland.com\/cs\/wp-content\/uploads\/2022\/11\/dachsteinwest-rottenhofhutte-kulinarik-768x432.jpg 768w, https:\/\/www.salzburgerland.com\/cs\/wp-content\/uploads\/2022\/11\/dachsteinwest-rottenhofhutte-kulinarik-1536x864.jpg 1536w, https:\/\/www.salzburgerland.com\/cs\/wp-content\/uploads\/2022\/11\/dachsteinwest-rottenhofhutte-kulinarik-1200x675.jpg 1200w, https:\/\/www.salzburgerland.com\/cs\/wp-content\/uploads\/2022\/11\/dachsteinwest-rottenhofhutte-kulinarik.jpg 1920w\" sizes=\"(max-width: 1170px) 100vw, 1170px\" aria-describedby=\"figcaption-153774-155856\" itemprop=\"thumbnail\"><\/a><\/div>\n\t\t\t\t\t\t<span id=\"figcaption-153774-155856\" class=\"gallery-caption\" itemprop=\"caption\"><span aria-hidden=\"true\">C\u00edsa\u0159sk\u00fd trhanec pat\u0159\u00ed k obl\u00edben\u00fdm pochoutk\u00e1m \u00a9 Dachstein Tourismus AG<\/span><\/span>\n\t\t\t\t\t<\/li>\n\t\t\t\t<\/ul>\n\t\t\t<\/div><!-- .gallery -->\n\n<h3>Region\u00e1ln\u00ed kuchyn\u011b Dachstein West<\/h3>\n<p>Kulin\u00e1\u0159sk\u00e1 nab\u00eddka cel\u00e9ho regionu <a href=\"https:\/\/www.dachstein.at\/en\/winter\/skiing.html\">Dachstein West<\/a> se ov\u0161em vyzna\u010duje obecn\u011b vysokou kvalitou surovin, \u010derstvost\u00ed a lok\u00e1lnost\u00ed ingredienc\u00ed vyu\u017e\u00edvan\u00fdch v\u00a0kuchyni. M\u016f\u017eete si to tak\u00e9 sami ov\u011b\u0159it na n\u011bkter\u00e9 z\u00a0mnoha chalup, sala\u0161\u00ed nebo restaurac\u00ed. Ato nap\u0159\u00edklad hned dopoledne na chalup\u011b <strong><a href=\"https:\/\/www.dachstein.at\/en\/tickets-prices\/summer-offers\/culinary-delights-annaberg.html\">Rottenhofh\u00fctte<\/a> v\u00a0Annabergu<\/strong> b\u011bhem vydatn\u00e9ho alpsk\u00e9ho <strong>brunche<\/strong>, kter\u00fdm za\u010d\u00edn\u00e1 ka\u017ed\u00fd poveden\u00fd den. Krom\u011b dom\u00e1c\u00edho chleba a marmel\u00e1dy ochutn\u00e1te tak\u00e9 s\u00fdry a ml\u00e9\u010dn\u00e9 v\u00fdrobky z region\u00e1ln\u00ed produkce ve spolupr\u00e1ci se spole\u010dnost\u00ed Salzburger Milch. Brunch se pod\u00e1v\u00e1 mezi 9.30 a 11.00 hod., po p\u0159edchoz\u00ed rezervaci do 17 hodin den p\u0159edem.<\/p>\n<div id=\"attachment_160772\" style=\"width: 1110px\" class=\"wp-caption alignnone\"><img decoding=\"async\" aria-describedby=\"caption-attachment-160772\" class=\"size-1170_658 wp-image-160772\" src=\"https:\/\/www.salzburgerland.com\/cs\/wp-content\/uploads\/2022\/11\/filters_focal2550x3440_2551x3441-1100x658.webp\" alt=\"Brunch na chalup\u011b Rottenhofh\u00fctte v Annabergu z region\u00e1ln\u00edch produkt\u016f\" width=\"1100\" height=\"658\"><p id=\"caption-attachment-160772\" class=\"wp-caption-text\">Brunch na chalup\u011b Rottenhofh\u00fctte v Annabergu<br>\u00a9 Dachstein Tourismus AG<\/p><\/div>\n<p>Na j\u00eddeln\u00edch l\u00edstc\u00edch v\u0161ech podnik\u016f v regionu Dachstein West ale najdete i dal\u0161\u00ed l\u00e1kav\u00e9 pochoutky.<\/p>\n<h3>Nab\u00eddka pro skupiny: Bratlessen<\/h3>\n<p>Mimo\u0159\u00e1dn\u00fd kulin\u00e1\u0159sk\u00fd z\u00e1\u017eitek pro milovn\u00edky tradi\u010dn\u00ed kuchyn\u011b. Nab\u00eddka je ide\u00e1ln\u00ed pro skupiny p\u0159\u00e1tel, velk\u00e9 rodiny nebo firemn\u00ed oslavy od 20 osob. Vychutnejte si n\u00e1dhern\u00fd panoramatick\u00fd v\u00fdhled p\u0159i j\u00edzd\u011b lanovkou a pot\u00e9 zavr\u0161te den vydatnou pe\u010denou ve\u010de\u0159\u00ed (<a href=\"https:\/\/www.dachstein.at\/en\/tickets-prices\/summer-offers\/bratlessen-for-groups\" target=\"_blank\" rel=\"noopener\">Bratlessen<\/a>) v jedn\u00e9 ze z\u00fa\u010dastn\u011bn\u00fdch chat. Skupina vyjede lanovkou <a href=\"https:\/\/www.salzburgerland.com\/cs\/dachstein-west-letni-lanovky\/\">Gosaukammbahn<\/a> nebo <a href=\"https:\/\/www.salzburgerland.com\/cs\/dachstein-west-letni-lanovky\/\">Donnerkogelbahn<\/a> na jeden z nejkr\u00e1sn\u011bj\u0161\u00edch vrchol\u016f Salzkammergut a str\u00e1v\u00ed nezapomenuteln\u00fd den v hor\u00e1ch turistick\u00e9 oblasti Dachstein West. Na sv\u011b\u017e\u00edm horsk\u00e9m vzduchu \u010dlov\u011bk m\u016f\u017ee dostat po\u0159\u00e1dn\u00fd hlad a \u017e\u00edze\u0148, tak\u017ee V\u00e1s hostitel\u00e9 r\u00e1di p\u0159iv\u00edtaj\u00ed na \u00fatuln\u00fdch chalup\u00e1ch. Pohost\u00ed v\u00e1s tady vydatnou pe\u010den\u00ed \u201eBratlessen\u201c a pot\u00e9 se vyd\u00e1te zp\u011bt do malebn\u00e9ho \u00fadol\u00ed Gosau.<\/p>\n<div id=\"attachment_155853\" style=\"width: 1180px\" class=\"wp-caption alignnone\"><img decoding=\"async\" aria-describedby=\"caption-attachment-155853\" class=\"wp-image-155853 size-1170_658\" src=\"https:\/\/www.salzburgerland.com\/cs\/wp-content\/uploads\/2022\/11\/bratlessen-gross-1200x675-1-1170x658.jpg\" alt=\"Po\u0159\u00e1dn\u00e1 porce pe\u010den\u00e9ho masa v pek\u00e1\u010dku s tradi\u010dn\u00edmi \u0161pekov\u00fdmi knedl\u00edky posypan\u00fdmi petr\u017eelkou\" width=\"1170\" height=\"658\" srcset=\"https:\/\/www.salzburgerland.com\/cs\/wp-content\/uploads\/2022\/11\/bratlessen-gross-1200x675-1-1170x658.jpg 1170w, https:\/\/www.salzburgerland.com\/cs\/wp-content\/uploads\/2022\/11\/bratlessen-gross-1200x675-1-768x432.jpg 768w, https:\/\/www.salzburgerland.com\/cs\/wp-content\/uploads\/2022\/11\/bratlessen-gross-1200x675-1.jpg 1200w\" sizes=\"(max-width: 1170px) 100vw, 1170px\"><p id=\"caption-attachment-155853\" class=\"wp-caption-text\">Vydatn\u00e1 pe\u010den\u011b Bratlessen \u00a9 Dachstein Tourismus AG<\/p><\/div>\n<h3>Kde si m\u016f\u017eete dop\u0159\u00e1t Bratlessen<\/h3>\n<p>Po\u0159\u00e1dnou porci pe\u010den\u011b s r\u016fzn\u00fdmi p\u0159\u00edlohami si m\u016f\u017eete vychutnat na chalup\u00e1ch: Gablonzerh\u00fctte, Sonnenalm, Zwieselalm nebo Rottenhof. Nab\u00eddka plat\u00ed pro lanovky Gosaukammbahn a Donnerkogelbahn, pro skupiny minim\u00e1ln\u011b s 20 osobami. V\u0161echny ceny jsou uvedeny v eurech a zahrnuj\u00ed DPH. Ka\u017ed\u00e1 21. osoba zdarma. Plat\u00ed pouze pro jednodenn\u00ed v\u00fdlety (bez p\u0159enocov\u00e1n\u00ed). Dobr\u00e9 region\u00e1ln\u00ed j\u00eddlo a pit\u00ed, ale m\u016f\u017eete ochutnat na mnoha dal\u0161\u00edch chalup\u00e1ch v Dachstein West.<\/p>\n\n\t\t\t<div id=\"153774-2\" class=\"gallery gallery-153774 gallery-columns-3 gallery-size-1170_658\" itemscope itemtype=\"http:\/\/schema.org\/ImageGallery\">\n\t\t\t\t<ul class=\"gallery-row gallery-col-3 gallery-clear\">\n\t\t\t\t\t<li class=\"gallery-item col-3\" itemprop=\"associatedMedia\" itemscope itemtype=\"http:\/\/schema.org\/ImageObject\">\n\t\t\t\t\t\t<div class=\"gallery-icon landscape\"><a href=\"https:\/\/www.salzburgerland.com\/cs\/wp-content\/uploads\/2022\/11\/zwieselalmhuette-sommer-gross.jpg\" title=\"zwieselalmhuette-sommer-gross\"><img decoding=\"async\" data-title=\"Zwieselalmh\u00fctte v Gosau v nadmo\u0159sk\u00e9 v\u00fd\u0161ce 1440 m m\u00e1 v\u00edce ne\u017e 300 let \u00a9 Dachstein Tourismus AG\" title=\"Zwieselalmh\u00fctte v Gosau v nadmo\u0159sk\u00e9 v\u00fd\u0161ce 1440 m m\u00e1 v\u00edce ne\u017e 300 let \u00a9 Dachstein Tourismus AG\" data-caption=\"Zwieselalmh\u00fctte v Gosau v nadmo\u0159sk\u00e9 v\u00fd\u0161ce 1440 m m\u00e1 v\u00edce ne\u017e 300 let \u00a9 Dachstein Tourismus AG\" width=\"1170\" height=\"658\" src=\"https:\/\/www.salzburgerland.com\/cs\/wp-content\/uploads\/2022\/11\/zwieselalmhuette-sommer-gross-1170x658.jpg\" class=\"attachment-1170_658 size-1170_658\" alt=\"Zwieselalmh\u00fctte v Gosau v nadmo\u0159sk\u00e9 v\u00fd\u0161ce 1440 m je v\u00edce ne\u017e 300 let star\u00e1 (Zv\u011bt\u0161en\u00fd pohled)\" srcset=\"https:\/\/www.salzburgerland.com\/cs\/wp-content\/uploads\/2022\/11\/zwieselalmhuette-sommer-gross-1170x658.jpg 1170w, https:\/\/www.salzburgerland.com\/cs\/wp-content\/uploads\/2022\/11\/zwieselalmhuette-sommer-gross-1200x675.jpg 1200w\" sizes=\"(max-width: 1170px) 100vw, 1170px\" aria-describedby=\"figcaption-153774-153782\" itemprop=\"thumbnail\"><\/a><\/div>\n\t\t\t\t\t\t<span id=\"figcaption-153774-153782\" class=\"gallery-caption\" itemprop=\"caption\"><span aria-hidden=\"true\">Zwieselalmh\u00fctte v Gosau v nadmo\u0159sk\u00e9 v\u00fd\u0161ce 1440 m m\u00e1 v\u00edce ne\u017e 300 let \u00a9 Dachstein Tourismus AG<\/span><\/span>\n\t\t\t\t\t<\/li>\n\t\t\t\t\t<li class=\"gallery-item col-3\" itemprop=\"associatedMedia\" itemscope itemtype=\"http:\/\/schema.org\/ImageObject\">\n\t\t\t\t\t\t<div class=\"gallery-icon landscape\"><a href=\"https:\/\/www.salzburgerland.com\/cs\/wp-content\/uploads\/2022\/11\/rottenhofhuette-wiese-gross.jpg\" title=\"rottenhofhuette-wiese-gross\"><img decoding=\"async\" data-title=\"Rottenhofh\u00fctte \u00a9 Dachstein Tourismus AG\" title=\"Rottenhofh\u00fctte \u00a9 Dachstein Tourismus AG\" data-caption=\"Rottenhofh\u00fctte \u00a9 Dachstein Tourismus AG\" width=\"1170\" height=\"658\" src=\"https:\/\/www.salzburgerland.com\/cs\/wp-content\/uploads\/2022\/11\/rottenhofhuette-wiese-gross-1170x658.jpg\" class=\"attachment-1170_658 size-1170_658\" alt=\"Na Rottenhofh\u00fctte se dostanete lanovkou Donnerkogelbahn z Annabergu (Zv\u011bt\u0161en\u00fd pohled)\" srcset=\"https:\/\/www.salzburgerland.com\/cs\/wp-content\/uploads\/2022\/11\/rottenhofhuette-wiese-gross-1170x658.jpg 1170w, https:\/\/www.salzburgerland.com\/cs\/wp-content\/uploads\/2022\/11\/rottenhofhuette-wiese-gross-1200x675.jpg 1200w\" sizes=\"(max-width: 1170px) 100vw, 1170px\" aria-describedby=\"figcaption-153774-153781\" itemprop=\"thumbnail\"><\/a><\/div>\n\t\t\t\t\t\t<span id=\"figcaption-153774-153781\" class=\"gallery-caption\" itemprop=\"caption\"><span aria-hidden=\"true\">Rottenhofh\u00fctte \u00a9 Dachstein Tourismus AG<\/span><\/span>\n\t\t\t\t\t<\/li>\n\t\t\t\t\t<li class=\"gallery-item col-3\" itemprop=\"associatedMedia\" itemscope itemtype=\"http:\/\/schema.org\/ImageObject\">\n\t\t\t\t\t\t<div class=\"gallery-icon landscape\"><a href=\"https:\/\/www.salzburgerland.com\/cs\/wp-content\/uploads\/2022\/11\/zwieselalm-stuhlalm-01-gross-1200x675-1.jpg\" title=\"zwieselalm-stuhlalm-01-gross-1200x675\"><img decoding=\"async\" data-title=\"Chata Stuhlalm na Zwieselalm v Annabergu \u00a9 Dachstein Tourismus AG\" title=\"Chata Stuhlalm na Zwieselalm v Annabergu \u00a9 Dachstein Tourismus AG\" data-caption=\"Chata Stuhlalm na Zwieselalm v Annabergu \u00a9 Dachstein Tourismus AG\" width=\"1170\" height=\"658\" src=\"https:\/\/www.salzburgerland.com\/cs\/wp-content\/uploads\/2022\/11\/zwieselalm-stuhlalm-01-gross-1200x675-1-1170x658.jpg\" class=\"attachment-1170_658 size-1170_658\" alt=\"Idylick\u00e1 chata Stuhlalm na zelen\u00e9 horsk\u00e9 pastvin\u011b Zwieselalm v Annabergu v regionu Dachstein West (Zv\u011bt\u0161en\u00fd pohled)\" srcset=\"https:\/\/www.salzburgerland.com\/cs\/wp-content\/uploads\/2022\/11\/zwieselalm-stuhlalm-01-gross-1200x675-1-1170x658.jpg 1170w, https:\/\/www.salzburgerland.com\/cs\/wp-content\/uploads\/2022\/11\/zwieselalm-stuhlalm-01-gross-1200x675-1-768x432.jpg 768w, https:\/\/www.salzburgerland.com\/cs\/wp-content\/uploads\/2022\/11\/zwieselalm-stuhlalm-01-gross-1200x675-1.jpg 1200w\" sizes=\"(max-width: 1170px) 100vw, 1170px\" aria-describedby=\"figcaption-153774-153738\" itemprop=\"thumbnail\"><\/a><\/div>\n\t\t\t\t\t\t<span id=\"figcaption-153774-153738\" class=\"gallery-caption\" itemprop=\"caption\"><span aria-hidden=\"true\">Chata Stuhlalm na Zwieselalm v Annabergu \u00a9 Dachstein Tourismus AG<\/span><\/span>\n\t\t\t\t\t<\/li>\n\t\t\t\t<\/ul>\n\t\t\t<\/div><!-- .gallery -->\n\n<h3>Nab\u00eddka chaty Rottenhofh\u00fctte v Annabergu<\/h3>\n<p>Pokud hled\u00e1te romantickou alpskou chatu a majest\u00e1tn\u00ed vrcholky hor, je toto m\u00edsto pro v\u00e1s jako stvo\u0159en\u00e9. Lanovka na Donnerkogelbahn v Annabergu v\u00e1s b\u011bhem n\u011bkolika minut vyveze do v\u00fd\u0161ky 1475 metr\u016f. \u00datuln\u00e1 chata Rottenhofh\u00fctte nab\u00edz\u00ed r\u016fzn\u00e9 dom\u00e1c\u00ed pochoutky. D\u00edky skupinov\u00fdm nab\u00eddk\u00e1m m\u016f\u017ee b\u00fdt v\u00e1\u0161 pobyt v turistick\u00e9 oblasti Dachstein West je\u0161t\u011b cenov\u011b dostupn\u011bj\u0161\u00ed. Kulin\u00e1\u0159sk\u00fdm z\u00e1\u017eitkem je tak\u00e9 n\u00e1v\u0161t\u011bva chaty Rottenhofh\u00fctte b\u011bhem ka\u017edoro\u010dn\u00edho koblihov\u00e9ho t\u00fddne. A dom\u00e1c\u00ed mou\u010dn\u00edky, jako je c\u00edsa\u0159sk\u00fd trhanec, jable\u010dn\u00fd \u0161tr\u00fadl nebo tvarohov\u00fd z\u00e1vin, jsou bo\u017esk\u00e9!<\/p>\n<h3>Kombi tiket s dobrotami<\/h3>\n<p>Lanovky v Gosau (Gosaukammbahn) nab\u00edzej\u00ed obl\u00edbenou kombinovanou j\u00edzdenku s ob\u010derstven\u00edm (Almjause Kombiticket). V\u00fdlet na Zwieselalm se tak vyplat\u00ed, proto\u017ee sou\u010d\u00e1st\u00ed j\u00edzdy do hor i zp\u011bt do \u00fadol\u00ed je i poho\u0161t\u011bn\u00ed na jedn\u00e9 z alpsk\u00fdch chat. Pokud v\u00e1s tedy po v\u00fd\u0161lapu p\u0159epadne hlad, m\u00e1te v cen\u011b kombinovan\u00e9 j\u00edzdenky tak\u00e9 sva\u010dinu, k\u00e1vu, z\u00e1kusek nebo denn\u00ed menu. Kombi tiket je ide\u00e1ln\u00ed pro jednotlivce, p\u00e1ry, rodiny i mal\u00e9 skupiny. Z\u00fa\u010dastn\u011bn\u00e9 chaty jsou Breiningh\u00fctte, Gablonzerh\u00fctte, Ausblick, Sonnenalm, Rottenhofh\u00fctte nebo Zwieselalm.<\/p>\n<p>Zde tak\u00e9 najdete p\u0159ehled <a href=\"https:\/\/www.dachstein.at\/en\/news\/events.html\" target=\"_blank\" rel=\"noopener\">aktu\u00e1ln\u00edch akc\u00ed<\/a> a aktivit v oblasti Dachstein West \u2013 Gosau, Russbach, Annaberg.<\/p>\n<div id=\"attachment_162084\" style=\"width: 1180px\" class=\"wp-caption alignnone\"><img decoding=\"async\" aria-describedby=\"caption-attachment-162084\" class=\"size-1170_658 wp-image-162084\" src=\"https:\/\/www.salzburgerland.com\/cs\/wp-content\/uploads\/2023\/04\/almhutte-dachstein-west-c-dachstein-tourismus-ag-chrisedermedia-1170x658.jpg\" alt=\"Ob\u011bd na horsk\u00e9 chat\u011b\" width=\"1170\" height=\"658\" srcset=\"https:\/\/www.salzburgerland.com\/cs\/wp-content\/uploads\/2023\/04\/almhutte-dachstein-west-c-dachstein-tourismus-ag-chrisedermedia-1170x658.jpg 1170w, https:\/\/www.salzburgerland.com\/cs\/wp-content\/uploads\/2023\/04\/almhutte-dachstein-west-c-dachstein-tourismus-ag-chrisedermedia-1200x675.jpg 1200w\" sizes=\"(max-width: 1170px) 100vw, 1170px\"><p id=\"caption-attachment-162084\" class=\"wp-caption-text\">Ob\u011bd na horsk\u00e9 chat\u011b \u00a9 Dachstein Tourismus AG, Chris Eder Media<\/p><\/div>\n","protected":false},"excerpt":{"rendered":"<p>Dachstein West je region zn\u00e1m\u00fd nejen kr\u00e1sn\u00fdmi letn\u00edmi turistick\u00fdmi trasami a v\u00a0zim\u011b pak zasn\u011b\u017een\u00fdmi sjezdovkami, ale tak\u00e9 skv\u011blou kuchyn\u00ed. V\u0161ude se setk\u00e1te s\u00a0\u00fatuln\u00fdmi hostinci, ly\u017ea\u0159sk\u00fdmi chatami a sala\u0161emi na pastvin\u00e1ch. K\u00a0dovolen\u00e9, kter\u00e1 je nabit\u00e1 aktivitami a pohybem, dobr\u00e9 j\u00eddlo i pit\u00ed pat\u0159\u00ed. Z\u00e1le\u017e\u00ed jen na v\u00e1s, co si vyberete. N\u011bkdo m\u00e1 r\u00e1d trhanec, kynut\u00e9 knedl\u00edky [&hellip;]<\/p>\n","protected":false},"author":6,"featured_media":162085,"comment_status":"closed","ping_status":"closed","sticky":false,"template":"","format":"standard","meta":{"_acf_changed":false,"wl_entities_gutenberg":"","_relevanssi_hide_post":"","_relevanssi_hide_content":"","_relevanssi_pin_for_all":"","_relevanssi_pin_keywords":"","_relevanssi_unpin_keywords":"","_relevanssi_related_keywords":"","_relevanssi_related_include_ids":"","_relevanssi_related_exclude_ids":"","_relevanssi_related_no_append":"","_relevanssi_related_not_related":"","_relevanssi_related_posts":"","_relevanssi_noindex_reason":"","footnotes":""},"categories":[1],"tags":[],"wl_entity_type":[706],"class_list":["post-153774","post","type-post","status-publish","format-standard","has-post-thumbnail","hentry","category-uncategorized","wl_entity_type-article"],"acf":[],"yoast_head":"<!-- This site is optimized with the Yoast SEO Premium plugin v27.4 (Yoast SEO v27.4) - https:\/\/yoast.com\/product\/yoast-seo-premium-wordpress\/ -->\n<title>Region\u00e1ln\u00ed speciality a vyhl\u00e1\u0161en\u00e1 kuchyn\u011b v Dachstein West \u00bb SalzburgerLand.com<\/title>\n<meta name=\"robots\" content=\"index, follow, max-snippet:-1, max-image-preview:large, max-video-preview:-1\" \/>\n<link rel=\"canonical\" href=\"https:\/\/www.salzburgerland.com\/cs\/dachstein-west-kuchyne\/\" \/>\n<meta property=\"og:locale\" content=\"cs_CZ\" \/>\n<meta property=\"og:type\" content=\"article\" \/>\n<meta property=\"og:title\" content=\"Region\u00e1ln\u00ed speciality a vyhl\u00e1\u0161en\u00e1 kuchyn\u011b v Dachstein West\" \/>\n<meta property=\"og:description\" content=\"Dachstein West je region zn\u00e1m\u00fd nejen kr\u00e1sn\u00fdmi letn\u00edmi turistick\u00fdmi trasami a v\u00a0zim\u011b pak zasn\u011b\u017een\u00fdmi sjezdovkami, ale tak\u00e9 skv\u011blou kuchyn\u00ed. V\u0161ude se\" \/>\n<meta property=\"og:url\" content=\"https:\/\/www.salzburgerland.com\/cs\/dachstein-west-kuchyne\/\" \/>\n<meta property=\"og:site_name\" content=\"SalzburgerLand.com\" \/>\n<meta property=\"article:publisher\" content=\"https:\/\/www.facebook.com\/visitsalzburgerland\/\" \/>\n<meta property=\"article:published_time\" content=\"2022-11-09T13:43:14+00:00\" \/>\n<meta property=\"article:modified_time\" content=\"2025-03-30T16:12:06+00:00\" \/>\n<meta property=\"og:image\" content=\"https:\/\/www.salzburgerland.com\/cs\/wp-content\/uploads\/2023\/04\/hutteneinkehr-c-dachstein-tourismus-ag-chrisedermedia-1200x675.jpg\" \/>\n\t<meta property=\"og:image:width\" content=\"1200\" \/>\n\t<meta property=\"og:image:height\" content=\"675\" \/>\n\t<meta property=\"og:image:type\" content=\"image\/jpeg\" \/>\n<meta name=\"author\" content=\"Andrea \u017d\u00e1\u010dkov\u00e1\" \/>\n<meta name=\"twitter:card\" content=\"summary_large_image\" \/>\n<meta name=\"twitter:creator\" content=\"@salzburgerland\" \/>\n<meta name=\"twitter:site\" content=\"@salzburgerland\" \/>\n<meta name=\"twitter:label1\" content=\"Napsal(a)\" \/>\n\t<meta name=\"twitter:data1\" content=\"Andrea \u017d\u00e1\u010dkov\u00e1\" \/>\n\t<meta name=\"twitter:label2\" content=\"Odhadovan\u00e1 doba \u010dten\u00ed\" \/>\n\t<meta name=\"twitter:data2\" content=\"6 minut\" \/>\n<script type=\"application\/ld+json\" class=\"yoast-schema-graph\">{\"@context\":\"https:\\\/\\\/schema.org\",\"@graph\":[{\"@type\":\"Article\",\"@id\":\"https:\\\/\\\/www.salzburgerland.com\\\/cs\\\/dachstein-west-kuchyne\\\/#article\",\"isPartOf\":{\"@id\":\"https:\\\/\\\/www.salzburgerland.com\\\/cs\\\/dachstein-west-kuchyne\\\/\"},\"author\":{\"name\":\"Andrea \u017d\u00e1\u010dkov\u00e1\",\"@id\":\"https:\\\/\\\/www.salzburgerland.com\\\/cs\\\/#\\\/schema\\\/person\\\/dd42a4661897004df109095dbf40eeff\"},\"headline\":\"Region\u00e1ln\u00ed speciality a vyhl\u00e1\u0161en\u00e1 kuchyn\u011b v Dachstein West\",\"datePublished\":\"2022-11-09T13:43:14+00:00\",\"dateModified\":\"2025-03-30T16:12:06+00:00\",\"mainEntityOfPage\":{\"@id\":\"https:\\\/\\\/www.salzburgerland.com\\\/cs\\\/dachstein-west-kuchyne\\\/\"},\"wordCount\":907,\"image\":{\"@id\":\"https:\\\/\\\/www.salzburgerland.com\\\/cs\\\/dachstein-west-kuchyne\\\/#primaryimage\"},\"thumbnailUrl\":\"https:\\\/\\\/www.salzburgerland.com\\\/cs\\\/wp-content\\\/uploads\\\/2023\\\/04\\\/hutteneinkehr-c-dachstein-tourismus-ag-chrisedermedia.jpg\",\"articleSection\":[\"Uncategorized\"],\"inLanguage\":\"cs\"},{\"@type\":\"WebPage\",\"@id\":\"https:\\\/\\\/www.salzburgerland.com\\\/cs\\\/dachstein-west-kuchyne\\\/\",\"url\":\"https:\\\/\\\/www.salzburgerland.com\\\/cs\\\/dachstein-west-kuchyne\\\/\",\"name\":\"Region\u00e1ln\u00ed speciality a vyhl\u00e1\u0161en\u00e1 kuchyn\u011b v Dachstein West \u00bb SalzburgerLand.com\",\"isPartOf\":{\"@id\":\"https:\\\/\\\/www.salzburgerland.com\\\/cs\\\/#website\"},\"primaryImageOfPage\":{\"@id\":\"https:\\\/\\\/www.salzburgerland.com\\\/cs\\\/dachstein-west-kuchyne\\\/#primaryimage\"},\"image\":{\"@id\":\"https:\\\/\\\/www.salzburgerland.com\\\/cs\\\/dachstein-west-kuchyne\\\/#primaryimage\"},\"thumbnailUrl\":\"https:\\\/\\\/www.salzburgerland.com\\\/cs\\\/wp-content\\\/uploads\\\/2023\\\/04\\\/hutteneinkehr-c-dachstein-tourismus-ag-chrisedermedia.jpg\",\"datePublished\":\"2022-11-09T13:43:14+00:00\",\"dateModified\":\"2025-03-30T16:12:06+00:00\",\"author\":{\"@id\":\"https:\\\/\\\/www.salzburgerland.com\\\/cs\\\/#\\\/schema\\\/person\\\/dd42a4661897004df109095dbf40eeff\"},\"description\":\"Region Dachstein West je zn\u00e1m\u00fd skv\u011blou kuchyn\u00ed, specialitami z Tenengau, ale tak\u00e9 \u00fatuln\u00fdmi horsk\u00fdmi chatami, restauracemi a sala\u0161emi s nab\u00eddkou kvalitn\u00edho j\u00eddla a pit\u00ed.\",\"breadcrumb\":{\"@id\":\"https:\\\/\\\/www.salzburgerland.com\\\/cs\\\/dachstein-west-kuchyne\\\/#breadcrumb\"},\"inLanguage\":\"cs\",\"potentialAction\":[{\"@type\":\"ReadAction\",\"target\":[\"https:\\\/\\\/www.salzburgerland.com\\\/cs\\\/dachstein-west-kuchyne\\\/\"]}]},{\"@type\":\"ImageObject\",\"inLanguage\":\"cs\",\"@id\":\"https:\\\/\\\/www.salzburgerland.com\\\/cs\\\/dachstein-west-kuchyne\\\/#primaryimage\",\"url\":\"https:\\\/\\\/www.salzburgerland.com\\\/cs\\\/wp-content\\\/uploads\\\/2023\\\/04\\\/hutteneinkehr-c-dachstein-tourismus-ag-chrisedermedia.jpg\",\"contentUrl\":\"https:\\\/\\\/www.salzburgerland.com\\\/cs\\\/wp-content\\\/uploads\\\/2023\\\/04\\\/hutteneinkehr-c-dachstein-tourismus-ag-chrisedermedia.jpg\",\"width\":1620,\"height\":1080,\"caption\":\"Pauza na n\u011bco dobr\u00e9ho v kr\u00e1sn\u00fdch kulis\u00e1ch \u00a9 Dachstein Tourismus AG, Chris Eder Media\"},{\"@type\":\"BreadcrumbList\",\"@id\":\"https:\\\/\\\/www.salzburgerland.com\\\/cs\\\/dachstein-west-kuchyne\\\/#breadcrumb\",\"itemListElement\":[{\"@type\":\"ListItem\",\"position\":1,\"name\":\"Dachstein West v l\u00e9t\u011b\",\"item\":\"https:\\\/\\\/www.salzburgerland.com\\\/cs\\\/dachstein-west-v-lete\\\/\"},{\"@type\":\"ListItem\",\"position\":2,\"name\":\"Region\u00e1ln\u00ed speciality a vyhl\u00e1\u0161en\u00e1 kuchyn\u011b v Dachstein West\"}]},{\"@type\":\"WebSite\",\"@id\":\"https:\\\/\\\/www.salzburgerland.com\\\/cs\\\/#website\",\"url\":\"https:\\\/\\\/www.salzburgerland.com\\\/cs\\\/\",\"name\":\"SalzburgerLand.com\",\"description\":\"Va\u0161e dovolen\u00e1 v Salcburku, Rakousko\",\"potentialAction\":[{\"@type\":\"SearchAction\",\"target\":{\"@type\":\"EntryPoint\",\"urlTemplate\":\"https:\\\/\\\/www.salzburgerland.com\\\/cs\\\/?s={search_term_string}\"},\"query-input\":{\"@type\":\"PropertyValueSpecification\",\"valueRequired\":true,\"valueName\":\"search_term_string\"}}],\"inLanguage\":\"cs\"},{\"@type\":\"Person\",\"@id\":\"https:\\\/\\\/www.salzburgerland.com\\\/cs\\\/#\\\/schema\\\/person\\\/dd42a4661897004df109095dbf40eeff\",\"name\":\"Andrea \u017d\u00e1\u010dkov\u00e1\",\"image\":{\"@type\":\"ImageObject\",\"inLanguage\":\"cs\",\"@id\":\"https:\\\/\\\/secure.gravatar.com\\\/avatar\\\/338deec8d231d56d0ab7b2b7d6d0aedbcb3eb05390f6c027fd5b7ebe87b67dbf?s=96&d=mm&r=g\",\"url\":\"https:\\\/\\\/secure.gravatar.com\\\/avatar\\\/338deec8d231d56d0ab7b2b7d6d0aedbcb3eb05390f6c027fd5b7ebe87b67dbf?s=96&d=mm&r=g\",\"contentUrl\":\"https:\\\/\\\/secure.gravatar.com\\\/avatar\\\/338deec8d231d56d0ab7b2b7d6d0aedbcb3eb05390f6c027fd5b7ebe87b67dbf?s=96&d=mm&r=g\",\"caption\":\"Andrea \u017d\u00e1\u010dkov\u00e1\"}}]}<\/script>\n<!-- \/ Yoast SEO Premium plugin. -->","yoast_head_json":{"title":"Region\u00e1ln\u00ed speciality a vyhl\u00e1\u0161en\u00e1 kuchyn\u011b v Dachstein West \u00bb SalzburgerLand.com","robots":{"index":"index","follow":"follow","max-snippet":"max-snippet:-1","max-image-preview":"max-image-preview:large","max-video-preview":"max-video-preview:-1"},"canonical":"https:\/\/www.salzburgerland.com\/cs\/dachstein-west-kuchyne\/","og_locale":"cs_CZ","og_type":"article","og_title":"Region\u00e1ln\u00ed speciality a vyhl\u00e1\u0161en\u00e1 kuchyn\u011b v Dachstein West","og_description":"Dachstein West je region zn\u00e1m\u00fd nejen kr\u00e1sn\u00fdmi letn\u00edmi turistick\u00fdmi trasami a v\u00a0zim\u011b pak zasn\u011b\u017een\u00fdmi sjezdovkami, ale tak\u00e9 skv\u011blou kuchyn\u00ed. V\u0161ude se","og_url":"https:\/\/www.salzburgerland.com\/cs\/dachstein-west-kuchyne\/","og_site_name":"SalzburgerLand.com","article_publisher":"https:\/\/www.facebook.com\/visitsalzburgerland\/","article_published_time":"2022-11-09T13:43:14+00:00","article_modified_time":"2025-03-30T16:12:06+00:00","og_image":[{"width":1200,"height":675,"url":"https:\/\/www.salzburgerland.com\/cs\/wp-content\/uploads\/2023\/04\/hutteneinkehr-c-dachstein-tourismus-ag-chrisedermedia-1200x675.jpg","type":"image\/jpeg"}],"author":"Andrea \u017d\u00e1\u010dkov\u00e1","twitter_card":"summary_large_image","twitter_creator":"@salzburgerland","twitter_site":"@salzburgerland","twitter_misc":{"Napsal(a)":"Andrea \u017d\u00e1\u010dkov\u00e1","Odhadovan\u00e1 doba \u010dten\u00ed":"6 minut"},"schema":{"@context":"https:\/\/schema.org","@graph":[{"@type":"Article","@id":"https:\/\/www.salzburgerland.com\/cs\/dachstein-west-kuchyne\/#article","isPartOf":{"@id":"https:\/\/www.salzburgerland.com\/cs\/dachstein-west-kuchyne\/"},"author":{"name":"Andrea \u017d\u00e1\u010dkov\u00e1","@id":"https:\/\/www.salzburgerland.com\/cs\/#\/schema\/person\/dd42a4661897004df109095dbf40eeff"},"headline":"Region\u00e1ln\u00ed speciality a vyhl\u00e1\u0161en\u00e1 kuchyn\u011b v Dachstein West","datePublished":"2022-11-09T13:43:14+00:00","dateModified":"2025-03-30T16:12:06+00:00","mainEntityOfPage":{"@id":"https:\/\/www.salzburgerland.com\/cs\/dachstein-west-kuchyne\/"},"wordCount":907,"image":{"@id":"https:\/\/www.salzburgerland.com\/cs\/dachstein-west-kuchyne\/#primaryimage"},"thumbnailUrl":"https:\/\/www.salzburgerland.com\/cs\/wp-content\/uploads\/2023\/04\/hutteneinkehr-c-dachstein-tourismus-ag-chrisedermedia.jpg","articleSection":["Uncategorized"],"inLanguage":"cs"},{"@type":"WebPage","@id":"https:\/\/www.salzburgerland.com\/cs\/dachstein-west-kuchyne\/","url":"https:\/\/www.salzburgerland.com\/cs\/dachstein-west-kuchyne\/","name":"Region\u00e1ln\u00ed speciality a vyhl\u00e1\u0161en\u00e1 kuchyn\u011b v Dachstein West \u00bb SalzburgerLand.com","isPartOf":{"@id":"https:\/\/www.salzburgerland.com\/cs\/#website"},"primaryImageOfPage":{"@id":"https:\/\/www.salzburgerland.com\/cs\/dachstein-west-kuchyne\/#primaryimage"},"image":{"@id":"https:\/\/www.salzburgerland.com\/cs\/dachstein-west-kuchyne\/#primaryimage"},"thumbnailUrl":"https:\/\/www.salzburgerland.com\/cs\/wp-content\/uploads\/2023\/04\/hutteneinkehr-c-dachstein-tourismus-ag-chrisedermedia.jpg","datePublished":"2022-11-09T13:43:14+00:00","dateModified":"2025-03-30T16:12:06+00:00","author":{"@id":"https:\/\/www.salzburgerland.com\/cs\/#\/schema\/person\/dd42a4661897004df109095dbf40eeff"},"description":"Region Dachstein West je zn\u00e1m\u00fd skv\u011blou kuchyn\u00ed, specialitami z Tenengau, ale tak\u00e9 \u00fatuln\u00fdmi horsk\u00fdmi chatami, restauracemi a sala\u0161emi s nab\u00eddkou kvalitn\u00edho j\u00eddla a pit\u00ed.","breadcrumb":{"@id":"https:\/\/www.salzburgerland.com\/cs\/dachstein-west-kuchyne\/#breadcrumb"},"inLanguage":"cs","potentialAction":[{"@type":"ReadAction","target":["https:\/\/www.salzburgerland.com\/cs\/dachstein-west-kuchyne\/"]}]},{"@type":"ImageObject","inLanguage":"cs","@id":"https:\/\/www.salzburgerland.com\/cs\/dachstein-west-kuchyne\/#primaryimage","url":"https:\/\/www.salzburgerland.com\/cs\/wp-content\/uploads\/2023\/04\/hutteneinkehr-c-dachstein-tourismus-ag-chrisedermedia.jpg","contentUrl":"https:\/\/www.salzburgerland.com\/cs\/wp-content\/uploads\/2023\/04\/hutteneinkehr-c-dachstein-tourismus-ag-chrisedermedia.jpg","width":1620,"height":1080,"caption":"Pauza na n\u011bco dobr\u00e9ho v kr\u00e1sn\u00fdch kulis\u00e1ch \u00a9 Dachstein Tourismus AG, Chris Eder Media"},{"@type":"BreadcrumbList","@id":"https:\/\/www.salzburgerland.com\/cs\/dachstein-west-kuchyne\/#breadcrumb","itemListElement":[{"@type":"ListItem","position":1,"name":"Dachstein West v l\u00e9t\u011b","item":"https:\/\/www.salzburgerland.com\/cs\/dachstein-west-v-lete\/"},{"@type":"ListItem","position":2,"name":"Region\u00e1ln\u00ed speciality a vyhl\u00e1\u0161en\u00e1 kuchyn\u011b v Dachstein West"}]},{"@type":"WebSite","@id":"https:\/\/www.salzburgerland.com\/cs\/#website","url":"https:\/\/www.salzburgerland.com\/cs\/","name":"SalzburgerLand.com","description":"Va\u0161e dovolen\u00e1 v Salcburku, Rakousko","potentialAction":[{"@type":"SearchAction","target":{"@type":"EntryPoint","urlTemplate":"https:\/\/www.salzburgerland.com\/cs\/?s={search_term_string}"},"query-input":{"@type":"PropertyValueSpecification","valueRequired":true,"valueName":"search_term_string"}}],"inLanguage":"cs"},{"@type":"Person","@id":"https:\/\/www.salzburgerland.com\/cs\/#\/schema\/person\/dd42a4661897004df109095dbf40eeff","name":"Andrea \u017d\u00e1\u010dkov\u00e1","image":{"@type":"ImageObject","inLanguage":"cs","@id":"https:\/\/secure.gravatar.com\/avatar\/338deec8d231d56d0ab7b2b7d6d0aedbcb3eb05390f6c027fd5b7ebe87b67dbf?s=96&d=mm&r=g","url":"https:\/\/secure.gravatar.com\/avatar\/338deec8d231d56d0ab7b2b7d6d0aedbcb3eb05390f6c027fd5b7ebe87b67dbf?s=96&d=mm&r=g","contentUrl":"https:\/\/secure.gravatar.com\/avatar\/338deec8d231d56d0ab7b2b7d6d0aedbcb3eb05390f6c027fd5b7ebe87b67dbf?s=96&d=mm&r=g","caption":"Andrea \u017d\u00e1\u010dkov\u00e1"}}]}},"_wl_alt_label":[],"wl:entity_url":"http:\/\/open.salzburgerland.com\/cs\/post\/dachstein-west-kuchyne-153774","_links":{"self":[{"href":"https:\/\/www.salzburgerland.com\/cs\/wp-json\/wp\/v2\/posts\/153774","targetHints":{"allow":["GET"]}}],"collection":[{"href":"https:\/\/www.salzburgerland.com\/cs\/wp-json\/wp\/v2\/posts"}],"about":[{"href":"https:\/\/www.salzburgerland.com\/cs\/wp-json\/wp\/v2\/types\/post"}],"author":[{"embeddable":true,"href":"https:\/\/www.salzburgerland.com\/cs\/wp-json\/wp\/v2\/users\/6"}],"replies":[{"embeddable":true,"href":"https:\/\/www.salzburgerland.com\/cs\/wp-json\/wp\/v2\/comments?post=153774"}],"version-history":[{"count":11,"href":"https:\/\/www.salzburgerland.com\/cs\/wp-json\/wp\/v2\/posts\/153774\/revisions"}],"predecessor-version":[{"id":162092,"href":"https:\/\/www.salzburgerland.com\/cs\/wp-json\/wp\/v2\/posts\/153774\/revisions\/162092"}],"wp:featuredmedia":[{"embeddable":true,"href":"https:\/\/www.salzburgerland.com\/cs\/wp-json\/wp\/v2\/media\/162085"}],"wp:attachment":[{"href":"https:\/\/www.salzburgerland.com\/cs\/wp-json\/wp\/v2\/media?parent=153774"}],"wp:term":[{"taxonomy":"category","embeddable":true,"href":"https:\/\/www.salzburgerland.com\/cs\/wp-json\/wp\/v2\/categories?post=153774"},{"taxonomy":"post_tag","embeddable":true,"href":"https:\/\/www.salzburgerland.com\/cs\/wp-json\/wp\/v2\/tags?post=153774"},{"taxonomy":"wl_entity_type","embeddable":true,"href":"https:\/\/www.salzburgerland.com\/cs\/wp-json\/wp\/v2\/wl_entity_type?post=153774"}],"curies":[{"name":"wp","href":"https:\/\/api.w.org\/{rel}","templated":true}]}}