{"id":153500,"date":"2022-10-12T00:04:39","date_gmt":"2022-10-11T22:04:39","guid":{"rendered":"https:\/\/www.salzburgerland.com\/cs\/?p=153500"},"modified":"2022-10-12T01:32:33","modified_gmt":"2022-10-11T23:32:33","slug":"v-borove-kolebce-kralovny-alp","status":"publish","type":"post","link":"https:\/\/www.salzburgerland.com\/cs\/v-borove-kolebce-kralovny-alp\/","title":{"rendered":"V borov\u00e9 kol\u00e9bce kr\u00e1lovny Alp"},"content":{"rendered":"<p>\u201eWiegenwald\u201c najdou jen ti, kte\u0159\u00ed znaj\u00ed zadn\u00ed <a href=\"https:\/\/www.nationalpark.at\/cz\/der-nationalpark\/natur\/taeler-gipfel\/stubachtal\/\" target=\"_blank\" rel=\"noopener\"><strong>Stubachtal<\/strong> <\/a>v N\u00e1rodn\u00edm parku Uttendorf\/Wei\u00dfsee. Cestu k tomuto z\u00e1zraku p\u0159\u00edrody v nadmo\u0159sk\u00e9 v\u00fd\u0161ce okolo 1800 metr\u016f \u017e\u00e1dn\u00fd rozcestn\u00edk neukazuje. Aby turist\u00e9 neru\u0161ili citlivou p\u0159\u00edrodu a biotop, m\u011bli by se sem vyd\u00e1vat pouze v\u00a0doprovodu str\u00e1\u017ece n\u00e1rodn\u00edho parku. Nejen \u017ee bezpe\u010dn\u011b dovede sv\u011b\u0159ence na m\u00edsto i zp\u011bt do civilizace, zn\u00e1 tak\u00e9 dokonale zvl\u00e1\u0161tnosti tohoto lesa. V\u010detn\u011b <strong>1000 let star\u00e9 borovice<\/strong>, kter\u00e1 ne n\u00e1hodou nese ozna\u010den\u00ed <strong>\u201ekr\u00e1lovna Alp\u201c<\/strong>.<\/p>\n<h3>Ne v\u0161echny poklady jsou st\u0159\u00edbrn\u00e9 a zlat\u00e9<\/h3>\n<p>\u201eBorov\u00e1 kol\u00e9bka kr\u00e1lovny Alp\u201c je skute\u010dn\u00fd poklad. Proto je tak\u00e9 dob\u0159e ukryt\u00fd mimo turistick\u00e9 stezky a st\u0159e\u017een jako vz\u00e1cn\u00e9 tajemstv\u00ed. Abyste tento unik\u00e1t objevili, pot\u0159ebujete trochu v\u00edce \u010dasu a vytrvalosti. Ale nebojte se, \u201et\u00faru zvl\u00e1dne ka\u017ed\u00fd,\u201c potvrzuje Stefan Altenberger, kter\u00fd jako str\u00e1\u017ece v\u00a0N\u00e1rodn\u00edm parku Vysok\u00e9 Taury bere milovn\u00edky p\u0159\u00edrody do ter\u00e9nu v\u00a0l\u00e9t\u011b i v\u00a0zim\u011b. Rod\u00e1k z\u00a0Uttendorfu zn\u00e1 oblast okolo sv\u011bta ledovc\u016f Wei\u00dfsee velmi dob\u0159e.<\/p>\n\n\t\t\t<div id=\"153500-1\" class=\"gallery gallery-153500 gallery-columns-3 gallery-size-1170_658\" itemscope itemtype=\"http:\/\/schema.org\/ImageGallery\">\n\t\t\t\t<ul class=\"gallery-row gallery-col-3 gallery-clear\">\n\t\t\t\t\t<li class=\"gallery-item col-3\" itemprop=\"associatedMedia\" itemscope itemtype=\"http:\/\/schema.org\/ImageObject\">\n\t\t\t\t\t\t<div class=\"gallery-icon landscape\"><a href=\"https:\/\/www.salzburgerland.com\/cs\/wp-content\/uploads\/2022\/10\/hellopippajulesvogelstefaniegoldmarie_final_klein-54-von-94-1200x675_-salzburgerland-tourismus-fraulein-floras-favourite-hangouts.jpg\" title=\"hellopippajulesvogelstefaniegoldmarie_final_klein-54-von-94-1200x675_\u00a9 SalzburgerLand Tourismus, Fr\u00e4ulein Floras Favourite Hangouts\"><img decoding=\"async\" data-title=\"\" title=\"\" data-caption=\"\" width=\"1170\" height=\"658\" src=\"https:\/\/www.salzburgerland.com\/cs\/wp-content\/uploads\/2022\/10\/hellopippajulesvogelstefaniegoldmarie_final_klein-54-von-94-1200x675_-salzburgerland-tourismus-fraulein-floras-favourite-hangouts-1170x658.jpg\" class=\"attachment-1170_658 size-1170_658\" alt=\"Turist\u00e9 se za slune\u010dn\u00e9ho dne proch\u00e1zej\u00ed mezi sv\u011b\u017ee zelen\u00fdmi kopci a borovicemi Borovice limba Wiegenwald. (Zv\u011bt\u0161en\u00fd pohled)\" srcset=\"https:\/\/www.salzburgerland.com\/cs\/wp-content\/uploads\/2022\/10\/hellopippajulesvogelstefaniegoldmarie_final_klein-54-von-94-1200x675_-salzburgerland-tourismus-fraulein-floras-favourite-hangouts-1170x658.jpg 1170w, https:\/\/www.salzburgerland.com\/cs\/wp-content\/uploads\/2022\/10\/hellopippajulesvogelstefaniegoldmarie_final_klein-54-von-94-1200x675_-salzburgerland-tourismus-fraulein-floras-favourite-hangouts-768x432.jpg 768w, https:\/\/www.salzburgerland.com\/cs\/wp-content\/uploads\/2022\/10\/hellopippajulesvogelstefaniegoldmarie_final_klein-54-von-94-1200x675_-salzburgerland-tourismus-fraulein-floras-favourite-hangouts.jpg 1200w\" sizes=\"(max-width: 1170px) 100vw, 1170px\" itemprop=\"thumbnail\"><\/a><\/div>\n\t\t\t\t\t<\/li>\n\t\t\t\t\t<li class=\"gallery-item col-3\" itemprop=\"associatedMedia\" itemscope itemtype=\"http:\/\/schema.org\/ImageObject\">\n\t\t\t\t\t\t<div class=\"gallery-icon landscape\"><a href=\"https:\/\/www.salzburgerland.com\/cs\/wp-content\/uploads\/2022\/10\/hellopippajulesvogelstefaniegoldmarie_final_klein-57-von-94-1200x675-salzburgerland-tourismus-fraulein-floras-favourite-hangouts.jpg\" title=\"hellopippajulesvogelstefaniegoldmarie_final_klein-57-von-94-1200x675\u00a9 SalzburgerLand Tourismus, Fr\u00e4ulein Floras Favourite Hangouts\"><img decoding=\"async\" data-title=\"\" title=\"\" data-caption=\"\" width=\"1170\" height=\"658\" src=\"https:\/\/www.salzburgerland.com\/cs\/wp-content\/uploads\/2022\/10\/hellopippajulesvogelstefaniegoldmarie_final_klein-57-von-94-1200x675-salzburgerland-tourismus-fraulein-floras-favourite-hangouts-1170x658.jpg\" class=\"attachment-1170_658 size-1170_658\" alt=\"Klidn\u00e9 horsk\u00e9 jezero s Borovicemi lemuj\u00edc\u00edmi sv\u011b\u017e\u00ed kopce, skalnat\u00fd ter\u00e9n a dva turist\u00e9 proch\u00e1zej\u00edc\u00ed se po b\u0159ehu. (Zv\u011bt\u0161en\u00fd pohled)\" srcset=\"https:\/\/www.salzburgerland.com\/cs\/wp-content\/uploads\/2022\/10\/hellopippajulesvogelstefaniegoldmarie_final_klein-57-von-94-1200x675-salzburgerland-tourismus-fraulein-floras-favourite-hangouts-1170x658.jpg 1170w, https:\/\/www.salzburgerland.com\/cs\/wp-content\/uploads\/2022\/10\/hellopippajulesvogelstefaniegoldmarie_final_klein-57-von-94-1200x675-salzburgerland-tourismus-fraulein-floras-favourite-hangouts-768x432.jpg 768w, https:\/\/www.salzburgerland.com\/cs\/wp-content\/uploads\/2022\/10\/hellopippajulesvogelstefaniegoldmarie_final_klein-57-von-94-1200x675-salzburgerland-tourismus-fraulein-floras-favourite-hangouts.jpg 1200w\" sizes=\"(max-width: 1170px) 100vw, 1170px\" itemprop=\"thumbnail\"><\/a><\/div>\n\t\t\t\t\t<\/li>\n\t\t\t\t\t<li class=\"gallery-item col-3\" itemprop=\"associatedMedia\" itemscope itemtype=\"http:\/\/schema.org\/ImageObject\">\n\t\t\t\t\t\t<div class=\"gallery-icon landscape\"><a href=\"https:\/\/www.salzburgerland.com\/cs\/wp-content\/uploads\/2022\/10\/hellopippajulesvogelstefaniegoldmarie_final_klein-63-von-94-1200x675-salzburgerland-tourismus-fraulein-floras-favourite-hangouts.jpg\" title=\"hellopippajulesvogelstefaniegoldmarie_final_klein-63-von-94-1200x675\u00a9 SalzburgerLand Tourismus, Fr\u00e4ulein Floras Favourite Hangouts\"><img decoding=\"async\" data-title=\"\" title=\"\" data-caption=\"\" width=\"1170\" height=\"658\" src=\"https:\/\/www.salzburgerland.com\/cs\/wp-content\/uploads\/2022\/10\/hellopippajulesvogelstefaniegoldmarie_final_klein-63-von-94-1200x675-salzburgerland-tourismus-fraulein-floras-favourite-hangouts-1170x658.jpg\" class=\"attachment-1170_658 size-1170_658\" alt=\"Dva turist\u00e9 stoj\u00ed u Borovice limba Wiegenwald u horsk\u00e9ho jezera uprost\u0159ed zelen\u00fdch kopc\u016f a zamra\u010den\u00e9 oblohy. (Zv\u011bt\u0161en\u00fd pohled)\" srcset=\"https:\/\/www.salzburgerland.com\/cs\/wp-content\/uploads\/2022\/10\/hellopippajulesvogelstefaniegoldmarie_final_klein-63-von-94-1200x675-salzburgerland-tourismus-fraulein-floras-favourite-hangouts-1170x658.jpg 1170w, https:\/\/www.salzburgerland.com\/cs\/wp-content\/uploads\/2022\/10\/hellopippajulesvogelstefaniegoldmarie_final_klein-63-von-94-1200x675-salzburgerland-tourismus-fraulein-floras-favourite-hangouts-768x432.jpg 768w, https:\/\/www.salzburgerland.com\/cs\/wp-content\/uploads\/2022\/10\/hellopippajulesvogelstefaniegoldmarie_final_klein-63-von-94-1200x675-salzburgerland-tourismus-fraulein-floras-favourite-hangouts.jpg 1200w\" sizes=\"(max-width: 1170px) 100vw, 1170px\" itemprop=\"thumbnail\"><\/a><\/div>\n\t\t\t\t\t<\/li>\n\t\t\t\t<\/ul>\n\t\t\t<\/div><!-- .gallery -->\n\n<p>V\u00fdchoz\u00edm bodem t\u00fary je <strong>Enzingerboden<\/strong> u spodn\u00ed stanice lanovky <strong>Wei\u00dfsee Gletscherbahn<\/strong> na konci \u00fadol\u00ed Stubachtal, 17 km od centra obce. Zat\u00edmco dnes tady lid\u00e9 tr\u00e1v\u00ed dovolenou v\u00a0hotelech a penzionech, v\u00a0polovin\u011b 20. stolet\u00ed tady bylo n\u011bkolik dom\u016f, sklad\u016f, hostinec, a dokonce i jednot\u0159\u00eddka pro d\u011bti pracovn\u00edk\u016f elektr\u00e1rny na Enzingerbodenu. Ten si dodnes uchov\u00e1v\u00e1 jak\u00e9si k\u0159ehk\u00e9 kouzlo minul\u00fdch \u010das\u016f uprost\u0159ed n\u00e1dhern\u00fdch hor.<\/p>\n<h3>\u017d\u00e1dn\u00e9 zna\u010dky, ale str\u00e1\u017ece cestu zn\u00e1<\/h3>\n<p>Turist\u00e9 mus\u00ed od Enzingerbodenu nejprve zostra do kopce. Mus\u00ed p\u0159ekonat asi 200 v\u00fd\u0161kov\u00fdch metr\u016f, aby se zhruba po p\u016flhodin\u011b dostal k\u00a0vn\u011bj\u0161\u00ed z\u00f3n\u011b N\u00e1rodn\u00edho parku Vysok\u00e9 Taury. Stefan Altenberger vede skupinu klidn\u011b a obez\u0159etn\u011b. Krok za krokem se jde nahoru, ob\u010das je p\u0159est\u00e1vka na pit\u00ed a k\u00a0v\u00fdkladu. Nap\u0159\u00edklad o kapradin\u00e1ch, mechu a li\u0161ejn\u00edc\u00edch, kter\u00e9 se t\u00e1hnou jako z\u00e1voj p\u0159es kameny a stromy.<\/p>\n<p>Brzy je smrkov\u00fd porost ten tam a znovu se ukazuje obloha. Z\u00a0temnoty lesa vstupujete do romantick\u00e9 krajiny v\u0159esovi\u0161\u0165 s\u00a0\u010dern\u00fdmi jez\u00edrky, borovicemi a mod\u0159\u00edny. Otev\u00edr\u00e1 se tady \u00fapln\u011b jin\u00e1 vegetace podobn\u00e1 Kanad\u011b nebo \u0160v\u00e9dsku. Skoro u\u017e byste tady \u010dekali k\u00a0vid\u011bn\u00ed i losa. Toho tady ale samoz\u0159ejm\u011b nenajdete. Mnohem pravd\u011bpodobn\u011bj\u0161\u00ed by byl n\u011bjak\u00fd velk\u00fd jelen, koneckonc\u016f jedno z\u00a0jezer s\u00a0n\u00e1zvem \u201eHirschlacke\u201c vd\u011b\u010d\u00ed za sv\u00e9 jm\u00e9no pr\u00e1v\u011b t\u00e9to vysok\u00e9 zv\u011b\u0159i, kter\u00e1 v\u00a0t\u011bchto m\u00edstech \u017eije.<\/p>\n<h3>1000 let star\u00e9 borovice limby<\/h3>\n<p>V\u00a0naprost\u00e9m klidu, tichu a s\u00a0respektem k\u00a0okoln\u00ed p\u0159\u00edrod\u011b m\u00ed\u0159\u00edme d\u00e1l. Na hlubok\u00fdch horsk\u00fdch slat\u00edch d\u011blaj\u00ed kruhy vodom\u011brky, \u0161\u0165avnat\u00fdm ostru\u017ein\u00e1m rostouc\u00edm pod\u00e9l cest nelze odolat. Les se t\u00e1v\u00e1 op\u011bt hust\u0161\u00edm a z\u00e1rove\u0148 tajemn\u011bj\u0161\u00edm. Vch\u00e1z\u00edme do \u0159\u00ed\u0161e \u201ekr\u00e1lovny Alp\u201c, jak se \u0161v\u00fdcarsk\u00e9 kamenn\u00e9 borovici \u0159\u00edk\u00e1. Jde o jeden z\u00a0nejv\u011bt\u0161\u00edch borovicov\u00fdch porost\u016f N\u00e1rodn\u00edho parku Vysok\u00e9 Taury.<\/p>\n<div id=\"attachment_153526\" style=\"width: 1180px\" class=\"wp-caption alignnone\"><img decoding=\"async\" aria-describedby=\"caption-attachment-153526\" class=\"wp-image-153526 size-1170_658\" src=\"https:\/\/cdn.salzburgerland.com\/cs\/wp-content\/uploads\/2022\/10\/salzburgerland-tourismus-michael-groessinger-fonyt-talltunk-1200x675-2-1170x658.jpg\" alt=\"M\u00e1lokdo se po cest\u011b zdrav\u00fdm alpsk\u00fdm lesem ubr\u00e1n\u00ed sb\u00edr\u00e1n\u00ed lesn\u00edch plod\u016f, jako jsou bor\u016fvky, maliny \u010di ostru\u017einy rostouc\u00ed pod\u00e9l cest\" width=\"1170\" height=\"658\" srcset=\"https:\/\/www.salzburgerland.com\/cs\/wp-content\/uploads\/2022\/10\/salzburgerland-tourismus-michael-groessinger-fonyt-talltunk-1200x675-2-1170x658.jpg 1170w, https:\/\/www.salzburgerland.com\/cs\/wp-content\/uploads\/2022\/10\/salzburgerland-tourismus-michael-groessinger-fonyt-talltunk-1200x675-2-768x432.jpg 768w, https:\/\/www.salzburgerland.com\/cs\/wp-content\/uploads\/2022\/10\/salzburgerland-tourismus-michael-groessinger-fonyt-talltunk-1200x675-2.jpg 1200w\" sizes=\"(max-width: 1170px) 100vw, 1170px\"><p id=\"caption-attachment-153526\" class=\"wp-caption-text\">Nedot\u010den\u00e9 alpsk\u00e9 lesy cestou nab\u00edz\u00ed i lahodn\u00e9 lesn\u00ed plody \u00a9 SalzburgerLand Tourismus -Michael Gr\u00f6ssinger<\/p><\/div>\n<p>Les vypad\u00e1 jako z\u00a0poh\u00e1dky. Ze sv\u011b\u017ee zelen\u00e9ho mechu vykukuj\u00ed muchom\u016frky, hust\u00e9 li\u0161ejn\u00edky provazovky vlaj\u00ed ve vlhk\u00e9 mlze. \u201eM\u00e1me tady jedny z\u00a0nejstar\u0161\u00edch borovic limb v\u00a0Alp\u00e1ch. N\u011bkter\u00e9 z\u00a0nich jsou star\u00e9 asi tis\u00edc let,\u201c vysv\u011btluje pr\u016fvodce Stefan Altenberger. Za to, \u017ee les z\u016fstal nedot\u010den, a\u010dkoli bylo d\u0159evo v\u00a0kn\u00ed\u017eec\u00edm arcibiskupstv\u00ed Salcburku po stalet\u00ed hospod\u00e1\u0159sky d\u016fle\u017eit\u00e9 pro v\u00fdrobu soli, vd\u011b\u010d\u00edme dodnes i samotn\u00fdm mocn\u00fdm panovn\u00edk\u016fm. Ji\u017e p\u0159ed stovkami let dovedli ocenit kr\u00e1su tohoto lesa a trvali na jeho ochran\u011b.<\/p>\n<div id=\"attachment_153519\" style=\"width: 1180px\" class=\"wp-caption alignnone\"><img decoding=\"async\" aria-describedby=\"caption-attachment-153519\" class=\"wp-image-153519 size-1170_658\" src=\"https:\/\/cdn.salzburgerland.com\/cs\/wp-content\/uploads\/2022\/10\/salzburgerland-tourismus-michael-groessinger-a-wiegenwaldba-kirndulkat-nemzeti-parki-termszetvdelmi-r-ksri-1200x675-1-1170x658.jpg\" alt=\"Str\u00e1\u017ece n\u00e1rodn\u00edho parku Stefan Altenberger ukazuje, jak borov\u00e9 \u0161i\u0161ky a jejich sem\u00ednka vypadaj\u00ed. Vysv\u011btluje, \u017ee o\u0159e\u0161n\u00edk dok\u00e1\u017ee p\u0159en\u00e9st v\u00a0zob\u00e1ku a sv\u00e9m hrdle a\u017e 70 takov\u00fdch sem\u00ednek\" width=\"1170\" height=\"658\" srcset=\"https:\/\/www.salzburgerland.com\/cs\/wp-content\/uploads\/2022\/10\/salzburgerland-tourismus-michael-groessinger-a-wiegenwaldba-kirndulkat-nemzeti-parki-termszetvdelmi-r-ksri-1200x675-1-1170x658.jpg 1170w, https:\/\/www.salzburgerland.com\/cs\/wp-content\/uploads\/2022\/10\/salzburgerland-tourismus-michael-groessinger-a-wiegenwaldba-kirndulkat-nemzeti-parki-termszetvdelmi-r-ksri-1200x675-1-768x432.jpg 768w, https:\/\/www.salzburgerland.com\/cs\/wp-content\/uploads\/2022\/10\/salzburgerland-tourismus-michael-groessinger-a-wiegenwaldba-kirndulkat-nemzeti-parki-termszetvdelmi-r-ksri-1200x675-1.jpg 1200w\" sizes=\"(max-width: 1170px) 100vw, 1170px\"><p id=\"caption-attachment-153519\" class=\"wp-caption-text\">Str\u00e1\u017ece n\u00e1rodn\u00edho parku je znalcem t\u00e9to jedine\u010dn\u00e9 oblasti \u00a9 SalzburgerLand Tourismus \u2013 Michael Gr\u00f6ssinger<\/p><\/div>\n<blockquote><p>M\u00e1me tady jedny z nejstar\u0161\u00edch borovic limb v\u00a0Alp\u00e1ch. N\u011bkter\u00e9 z nich jsou star\u00e9 asi tis\u00edc let<\/p><\/blockquote>\n<h3>Borovice limba p\u0159ekon\u00e1v\u00e1 stalet\u00ed<\/h3>\n<p>Starobyl\u00e9 borovice jsou impozantn\u00ed. Je neuv\u011b\u0159iteln\u00e9, jak dlouho tady tito ob\u0159i stoj\u00ed. Jak\u00e9 krut\u00e9 zimy, such\u00e1 l\u00e9ta, sn\u011bhov\u00e9 bou\u0159e a vich\u0159ice za\u017eili. Na n\u011bkter\u00fdch z\u00a0nich jsou vid\u011bt i \u00fadery blesk\u016f, p\u0159esto \u017eij\u00ed d\u00e1l. Vyza\u0159uj\u00ed obrovskou s\u00edlu a t\u00e9m\u011b\u0159 magickou energii. Hluboce zako\u0159en\u011bn\u00e9, urputn\u011b se br\u00e1n\u00edc\u00ed proti v\u0161em vn\u011bj\u0161\u00edm vliv\u016fm. Je fascinuj\u00edc\u00ed, jak moc jsou \u017eivotaschopn\u00ed. Napad\u00e1 n\u00e1s, \u017ee najednou rozum\u00edme jejich poselstv\u00ed. Tomu, o \u010dem s\u00e1m \u017eivot je. Vzdorovat vn\u011bj\u0161\u00edmu odporu, \u017eivotn\u00edm p\u0159ek\u00e1\u017ek\u00e1m, z\u016fstat siln\u011b zako\u0159en\u011bn\u00ed a usilovat o p\u0159e\u017eit\u00ed.<\/p>\n<p>Str\u00e1\u017ece n\u00e1rodn\u00edho parku tohle v\u0161echno v\u00ed. D\u00e1v\u00e1 n\u00e1m \u010das k\u00a0pozorov\u00e1n\u00ed a p\u0159em\u00fd\u0161len\u00ed. Nakonec jsme tu ka\u017ed\u00fd s\u00e1m za sebe a putujeme d\u00e1l borov\u00fdm lesem. Nad Hohe F\u00fcrleg se stahuj\u00ed mraky a cestu n\u00e1m zk\u0159\u00ed\u017e\u00ed \u010derno\u010dern\u00fd alpsk\u00fd mlok. V\u0161ichni z\u016fstaneme st\u00e1t v\u00a0naprost\u00e9m tichu. Zv\u00ed\u0159ata jsou tu pod p\u0159\u00edsnou ochranou a s\u00a0lidmi se setkaj\u00ed z\u0159\u00eddka.<\/p>\n<div id=\"attachment_153521\" style=\"width: 1180px\" class=\"wp-caption alignnone\"><img decoding=\"async\" aria-describedby=\"caption-attachment-153521\" class=\"wp-image-153521 size-1170_658\" src=\"https:\/\/cdn.salzburgerland.com\/cs\/wp-content\/uploads\/2022\/10\/wiegenwald3-1200x675-1-1170x658.jpg\" alt=\"T\u00fara ve Wiegenwald der Zirben, do sv\u011bta 1000 let star\u00fdch borovic s pr\u016fvodcem, str\u00e1\u017ecem n\u00e1rodn\u00edho parku\" width=\"1170\" height=\"658\" srcset=\"https:\/\/www.salzburgerland.com\/cs\/wp-content\/uploads\/2022\/10\/wiegenwald3-1200x675-1-1170x658.jpg 1170w, https:\/\/www.salzburgerland.com\/cs\/wp-content\/uploads\/2022\/10\/wiegenwald3-1200x675-1-768x432.jpg 768w, https:\/\/www.salzburgerland.com\/cs\/wp-content\/uploads\/2022\/10\/wiegenwald3-1200x675-1.jpg 1200w\" sizes=\"(max-width: 1170px) 100vw, 1170px\"><p id=\"caption-attachment-153521\" class=\"wp-caption-text\">V\u00fdhled na hory a sk\u00e1ly ve sv\u011bt\u011b borovic v N\u00e1rodn\u00edm parku Vysok\u00e9 Taury \u00a9 SalzburgerLand Tourismus \u2013 Michael Gr\u00f6ssinger<\/p><\/div>\n<h3>Jedine\u010dn\u00e1 symbi\u00f3za d\u00e1v\u00e1 \u017eivot nov\u00fdm strom\u016fm<\/h3>\n<p>Nad na\u0161imi hlavami se oz\u00fdv\u00e1 pta\u010d\u00ed sk\u0159ehot\u00e1n\u00ed. Je to o\u0159e\u0161n\u00edk kropenat\u00fd. D\u00edky n\u011bmu se Wiegenwald, borov\u00e1 kol\u00e9bka \u201ekr\u00e1lovny Alp\u201c pr\u016fb\u011b\u017en\u011b omlazuje. Kropenat\u00fd ope\u0159enec, velk\u00fd asi jako hrdli\u010dka, si rok, co rok vytv\u00e1\u0159\u00ed z\u00e1soby borov\u00fdch sem\u00ednek, aby p\u0159e\u017eil zimu. Pokud na n\u011bkter\u00fd ze sv\u00fdch \u00fakryt\u016f zapomene, v\u00edtr semena roznese a m\u016f\u017ee tak vzniknout nov\u00e1 generace mlad\u00fdch borovic.<\/p>\n<p>Stefan Altenberger n\u00e1m ukazuje, jak borov\u00e9 \u0161i\u0161ky a jejich sem\u00ednka vypadaj\u00ed. Vysv\u011btluje, \u017ee o\u0159e\u0161n\u00edk dok\u00e1\u017ee p\u0159en\u00e9st v\u00a0zob\u00e1ku a sv\u00e9m hrdle a\u017e 70 takov\u00fdch sem\u00ednek. Objevujeme tak\u00e9 dal\u0161\u00ed zvl\u00e1\u0161tnost. T\u00e9m\u011b\u0159 neonov\u011b \u017elut\u00fd, z\u00e1\u0159\u00edc\u00ed li\u0161ejn\u00edk, v\u011btvi\u010dn\u00edk \u017elut\u00fd. D\u0159\u00edve se pou\u017e\u00edval jako n\u00e1vnada k\u00a0huben\u00ed li\u0161ek \u010di vlk\u016f.<\/p>\n<h3>Skoro jako sen<\/h3>\n<p>Cesta n\u00e1s vede d\u00e1l vzh\u016fru. V nadmo\u0159sk\u00e9 v\u00fd\u0161ce okolo 1800 metr\u016f se lou\u010d\u00edme s\u00a0borovic\u00ed limbou. V\u00edt\u00e1me se s\u00a0borovic\u00ed kle\u010d a dal\u0161\u00ed perlou na na\u0161\u00ed t\u00fa\u0159e: chatou Stierbichlh\u00fctte, kter\u00e1 byla po desetilet\u00ed v\u00a0soukrom\u00e9m vlastnictv\u00ed. Bydleli tady pastevci, kte\u0159\u00ed tak\u00e9 Wiegenwald vyu\u017e\u00edvali jako loveck\u00fd rev\u00edr. Otev\u00edr\u00e1 se odtud impozantn\u00ed v\u00fdhled na Gr\u00fcnsee, st\u0159edn\u00ed stanici lanovky Wei\u00dfsee Gletscherbahn a ledovcov\u00fd sv\u011bt Wei\u00dfsee Gletscherwelt. Tady je Rudolfsh\u00fctte jedin\u00fdm 3hv\u011bzdi\u010dkov\u00fdm hotelem v Alp\u00e1ch, ke kter\u00e9mu se dostanete pouze p\u011b\u0161ky nebo lanovkou. V\u00a0zim\u011b ide\u00e1ln\u00ed pro ly\u017eov\u00e1n\u00ed, v\u00a0l\u00e9t\u011b pro turistiku.<\/p>\n<div id=\"attachment_153515\" style=\"width: 1180px\" class=\"wp-caption alignnone\"><img decoding=\"async\" aria-describedby=\"caption-attachment-153515\" class=\"size-1170_658 wp-image-153515\" src=\"https:\/\/cdn.salzburgerland.com\/cs\/wp-content\/uploads\/2022\/10\/gipfeltreffen-npht-24-von-80-1200x675_-salzburgerland-tourismus-fraulein-floras-favourite-hangouts-1170x658.jpg\" alt=\"Vysokohorsk\u00fd hotel Rudolfsh\u00fctte v nadmo\u0159sk\u00e9 v\u00fd\u0161ce 2315 metr\u016f u horn\u00ed stanice lanovky Wei\u00dfsee Gletscherbahn je obklopen ledovcov\u00fdm sv\u011btem \" width=\"1170\" height=\"658\" srcset=\"https:\/\/www.salzburgerland.com\/cs\/wp-content\/uploads\/2022\/10\/gipfeltreffen-npht-24-von-80-1200x675_-salzburgerland-tourismus-fraulein-floras-favourite-hangouts-1170x658.jpg 1170w, https:\/\/www.salzburgerland.com\/cs\/wp-content\/uploads\/2022\/10\/gipfeltreffen-npht-24-von-80-1200x675_-salzburgerland-tourismus-fraulein-floras-favourite-hangouts-768x432.jpg 768w, https:\/\/www.salzburgerland.com\/cs\/wp-content\/uploads\/2022\/10\/gipfeltreffen-npht-24-von-80-1200x675_-salzburgerland-tourismus-fraulein-floras-favourite-hangouts.jpg 1200w\" sizes=\"(max-width: 1170px) 100vw, 1170px\"><p id=\"caption-attachment-153515\" class=\"wp-caption-text\">Rudolfsh\u00fctte v ledovcov\u00e9m sv\u011bt\u011b Wei\u00dfsee \u00a9 SalzburgerLand Tourismus, Fr\u00e4ulein Floras Favourite Hangouts<\/p><\/div>\n<p>Postupn\u011b opou\u0161t\u00edme Wiegenwald po lidupr\u00e1zdn\u00fdch cest\u00e1ch a zp\u011bt do \u00fadol\u00ed vyr\u00e1\u017e\u00edme lanovkou. Z\u00a0jedn\u00e9 jejich kabin se naposledy ohl\u00ed\u017e\u00edme. P\u0159ipad\u00e1 n\u00e1m, jako by to byl sen. \u201eKr\u00e1lovna Alp\u201c n\u00e1m na p\u00e1r hodin odhalila svou tajemnou kr\u00e1su a br\u00e1ny do sv\u00e9 \u0159\u00ed\u0161e zase zav\u0159ela.<\/p>\n","protected":false},"excerpt":{"rendered":"<p>\u201eWiegenwald\u201c najdou jen ti, kte\u0159\u00ed znaj\u00ed zadn\u00ed Stubachtal v N\u00e1rodn\u00edm parku Uttendorf\/Wei\u00dfsee. Cestu k tomuto z\u00e1zraku p\u0159\u00edrody v nadmo\u0159sk\u00e9 v\u00fd\u0161ce okolo 1800 metr\u016f \u017e\u00e1dn\u00fd rozcestn\u00edk neukazuje. Aby turist\u00e9 neru\u0161ili citlivou p\u0159\u00edrodu a biotop, m\u011bli by se sem vyd\u00e1vat pouze v\u00a0doprovodu str\u00e1\u017ece n\u00e1rodn\u00edho parku. Nejen \u017ee bezpe\u010dn\u011b dovede sv\u011b\u0159ence na m\u00edsto i zp\u011bt do civilizace, zn\u00e1 [&hellip;]<\/p>\n","protected":false},"author":6,"featured_media":153513,"comment_status":"closed","ping_status":"closed","sticky":false,"template":"","format":"standard","meta":{"_acf_changed":false,"wl_entities_gutenberg":"","_relevanssi_hide_post":"","_relevanssi_hide_content":"","_relevanssi_pin_for_all":"","_relevanssi_pin_keywords":"","_relevanssi_unpin_keywords":"","_relevanssi_related_keywords":"","_relevanssi_related_include_ids":"","_relevanssi_related_exclude_ids":"","_relevanssi_related_no_append":"","_relevanssi_related_not_related":"","_relevanssi_related_posts":"","_relevanssi_noindex_reason":"","footnotes":""},"categories":[1],"tags":[],"wl_entity_type":[706],"class_list":["post-153500","post","type-post","status-publish","format-standard","has-post-thumbnail","hentry","category-uncategorized","wl_entity_type-article"],"acf":[],"yoast_head":"<!-- This site is optimized with the Yoast SEO Premium plugin v27.4 (Yoast SEO v27.4) - https:\/\/yoast.com\/product\/yoast-seo-premium-wordpress\/ -->\n<title>V borov\u00e9 kol\u00e9bce kr\u00e1lovny Alp \u00bb SalzburgerLand.com<\/title>\n<meta name=\"robots\" content=\"index, follow, max-snippet:-1, max-image-preview:large, max-video-preview:-1\" \/>\n<link rel=\"canonical\" href=\"https:\/\/www.salzburgerland.com\/cs\/v-borove-kolebce-kralovny-alp\/\" \/>\n<meta property=\"og:locale\" content=\"cs_CZ\" \/>\n<meta property=\"og:type\" content=\"article\" \/>\n<meta property=\"og:title\" content=\"V borov\u00e9 kol\u00e9bce kr\u00e1lovny Alp\" \/>\n<meta property=\"og:description\" content=\"&quot;Wiegenwald&quot; najdou jen ti, kte\u0159\u00ed znaj\u00ed zadn\u00ed Stubachtal v N\u00e1rodn\u00edm parku Uttendorf\/Wei\u00dfsee. Cestu k tomuto z\u00e1zraku p\u0159\u00edrody v nadmo\u0159sk\u00e9 v\u00fd\u0161ce okolo 1800\" \/>\n<meta property=\"og:url\" content=\"https:\/\/www.salzburgerland.com\/cs\/v-borove-kolebce-kralovny-alp\/\" \/>\n<meta property=\"og:site_name\" content=\"SalzburgerLand.com\" \/>\n<meta property=\"article:publisher\" content=\"https:\/\/www.facebook.com\/visitsalzburgerland\/\" \/>\n<meta property=\"article:published_time\" content=\"2022-10-11T22:04:39+00:00\" \/>\n<meta property=\"article:modified_time\" content=\"2022-10-11T23:32:33+00:00\" \/>\n<meta property=\"og:image\" content=\"https:\/\/www.salzburgerland.com\/cs\/wp-content\/uploads\/2022\/10\/wiegenwald_cvanessaszopory-10-1200x675-1.jpg\" \/>\n\t<meta property=\"og:image:width\" content=\"1200\" \/>\n\t<meta property=\"og:image:height\" content=\"675\" \/>\n\t<meta property=\"og:image:type\" content=\"image\/jpeg\" \/>\n<meta name=\"author\" content=\"Andrea \u017d\u00e1\u010dkov\u00e1\" \/>\n<meta name=\"twitter:card\" content=\"summary_large_image\" \/>\n<meta name=\"twitter:creator\" content=\"@salzburgerland\" \/>\n<meta name=\"twitter:site\" content=\"@salzburgerland\" \/>\n<meta name=\"twitter:label1\" content=\"Napsal(a)\" \/>\n\t<meta name=\"twitter:data1\" content=\"Andrea \u017d\u00e1\u010dkov\u00e1\" \/>\n\t<meta name=\"twitter:label2\" content=\"Odhadovan\u00e1 doba \u010dten\u00ed\" \/>\n\t<meta name=\"twitter:data2\" content=\"7 minut\" \/>\n<script type=\"application\/ld+json\" class=\"yoast-schema-graph\">{\"@context\":\"https:\\\/\\\/schema.org\",\"@graph\":[{\"@type\":\"Article\",\"@id\":\"https:\\\/\\\/www.salzburgerland.com\\\/cs\\\/v-borove-kolebce-kralovny-alp\\\/#article\",\"isPartOf\":{\"@id\":\"https:\\\/\\\/www.salzburgerland.com\\\/cs\\\/v-borove-kolebce-kralovny-alp\\\/\"},\"author\":{\"name\":\"Andrea \u017d\u00e1\u010dkov\u00e1\",\"@id\":\"https:\\\/\\\/www.salzburgerland.com\\\/cs\\\/#\\\/schema\\\/person\\\/dd42a4661897004df109095dbf40eeff\"},\"headline\":\"V borov\u00e9 kol\u00e9bce kr\u00e1lovny Alp\",\"datePublished\":\"2022-10-11T22:04:39+00:00\",\"dateModified\":\"2022-10-11T23:32:33+00:00\",\"mainEntityOfPage\":{\"@id\":\"https:\\\/\\\/www.salzburgerland.com\\\/cs\\\/v-borove-kolebce-kralovny-alp\\\/\"},\"wordCount\":1340,\"image\":{\"@id\":\"https:\\\/\\\/www.salzburgerland.com\\\/cs\\\/v-borove-kolebce-kralovny-alp\\\/#primaryimage\"},\"thumbnailUrl\":\"https:\\\/\\\/www.salzburgerland.com\\\/cs\\\/wp-content\\\/uploads\\\/2022\\\/10\\\/wiegenwald_cvanessaszopory-10-1200x675-1.jpg\",\"articleSection\":[\"Uncategorized\"],\"inLanguage\":\"cs\"},{\"@type\":\"WebPage\",\"@id\":\"https:\\\/\\\/www.salzburgerland.com\\\/cs\\\/v-borove-kolebce-kralovny-alp\\\/\",\"url\":\"https:\\\/\\\/www.salzburgerland.com\\\/cs\\\/v-borove-kolebce-kralovny-alp\\\/\",\"name\":\"V borov\u00e9 kol\u00e9bce kr\u00e1lovny Alp \u00bb SalzburgerLand.com\",\"isPartOf\":{\"@id\":\"https:\\\/\\\/www.salzburgerland.com\\\/cs\\\/#website\"},\"primaryImageOfPage\":{\"@id\":\"https:\\\/\\\/www.salzburgerland.com\\\/cs\\\/v-borove-kolebce-kralovny-alp\\\/#primaryimage\"},\"image\":{\"@id\":\"https:\\\/\\\/www.salzburgerland.com\\\/cs\\\/v-borove-kolebce-kralovny-alp\\\/#primaryimage\"},\"thumbnailUrl\":\"https:\\\/\\\/www.salzburgerland.com\\\/cs\\\/wp-content\\\/uploads\\\/2022\\\/10\\\/wiegenwald_cvanessaszopory-10-1200x675-1.jpg\",\"datePublished\":\"2022-10-11T22:04:39+00:00\",\"dateModified\":\"2022-10-11T23:32:33+00:00\",\"author\":{\"@id\":\"https:\\\/\\\/www.salzburgerland.com\\\/cs\\\/#\\\/schema\\\/person\\\/dd42a4661897004df109095dbf40eeff\"},\"description\":\"Poznejte 1000 let star\u00e9 borovice v jedine\u010dn\u00e9 chr\u00e1n\u011bn\u00e9 oblasti. Prales Wiegenwald der Zirben je \u0159\u00ed\u0161\u00ed \\\"kr\u00e1lovny Alp\\\", borovice limby.\",\"breadcrumb\":{\"@id\":\"https:\\\/\\\/www.salzburgerland.com\\\/cs\\\/v-borove-kolebce-kralovny-alp\\\/#breadcrumb\"},\"inLanguage\":\"cs\",\"potentialAction\":[{\"@type\":\"ReadAction\",\"target\":[\"https:\\\/\\\/www.salzburgerland.com\\\/cs\\\/v-borove-kolebce-kralovny-alp\\\/\"]}]},{\"@type\":\"ImageObject\",\"inLanguage\":\"cs\",\"@id\":\"https:\\\/\\\/www.salzburgerland.com\\\/cs\\\/v-borove-kolebce-kralovny-alp\\\/#primaryimage\",\"url\":\"https:\\\/\\\/www.salzburgerland.com\\\/cs\\\/wp-content\\\/uploads\\\/2022\\\/10\\\/wiegenwald_cvanessaszopory-10-1200x675-1.jpg\",\"contentUrl\":\"https:\\\/\\\/www.salzburgerland.com\\\/cs\\\/wp-content\\\/uploads\\\/2022\\\/10\\\/wiegenwald_cvanessaszopory-10-1200x675-1.jpg\",\"width\":1200,\"height\":675,\"caption\":\"Borov\u00e1 kol\u00e9bka \\\"kr\u00e1lovny Alp\\\", aneb t\u00fara za 1000 let star\u00fdmi borovicemi \u00a9 NPHT, Vanessa Szopory\"},{\"@type\":\"BreadcrumbList\",\"@id\":\"https:\\\/\\\/www.salzburgerland.com\\\/cs\\\/v-borove-kolebce-kralovny-alp\\\/#breadcrumb\",\"itemListElement\":[{\"@type\":\"ListItem\",\"position\":1,\"name\":\"Poklady salcbursk\u00fdch les\u016f\",\"item\":\"https:\\\/\\\/www.salzburgerland.com\\\/cs\\\/poklady-salcburskych-lesu\\\/\"},{\"@type\":\"ListItem\",\"position\":2,\"name\":\"V borov\u00e9 kol\u00e9bce kr\u00e1lovny Alp\"}]},{\"@type\":\"WebSite\",\"@id\":\"https:\\\/\\\/www.salzburgerland.com\\\/cs\\\/#website\",\"url\":\"https:\\\/\\\/www.salzburgerland.com\\\/cs\\\/\",\"name\":\"SalzburgerLand.com\",\"description\":\"Va\u0161e dovolen\u00e1 v Salcburku, Rakousko\",\"potentialAction\":[{\"@type\":\"SearchAction\",\"target\":{\"@type\":\"EntryPoint\",\"urlTemplate\":\"https:\\\/\\\/www.salzburgerland.com\\\/cs\\\/?s={search_term_string}\"},\"query-input\":{\"@type\":\"PropertyValueSpecification\",\"valueRequired\":true,\"valueName\":\"search_term_string\"}}],\"inLanguage\":\"cs\"},{\"@type\":\"Person\",\"@id\":\"https:\\\/\\\/www.salzburgerland.com\\\/cs\\\/#\\\/schema\\\/person\\\/dd42a4661897004df109095dbf40eeff\",\"name\":\"Andrea \u017d\u00e1\u010dkov\u00e1\",\"image\":{\"@type\":\"ImageObject\",\"inLanguage\":\"cs\",\"@id\":\"https:\\\/\\\/secure.gravatar.com\\\/avatar\\\/338deec8d231d56d0ab7b2b7d6d0aedbcb3eb05390f6c027fd5b7ebe87b67dbf?s=96&d=mm&r=g\",\"url\":\"https:\\\/\\\/secure.gravatar.com\\\/avatar\\\/338deec8d231d56d0ab7b2b7d6d0aedbcb3eb05390f6c027fd5b7ebe87b67dbf?s=96&d=mm&r=g\",\"contentUrl\":\"https:\\\/\\\/secure.gravatar.com\\\/avatar\\\/338deec8d231d56d0ab7b2b7d6d0aedbcb3eb05390f6c027fd5b7ebe87b67dbf?s=96&d=mm&r=g\",\"caption\":\"Andrea \u017d\u00e1\u010dkov\u00e1\"}}]}<\/script>\n<meta property=\"og:video\" content=\"https:\/\/www.youtube.com\/embed\/bm72eVYX9gI\" \/>\n<meta property=\"og:video:type\" content=\"text\/html\" \/>\n<meta property=\"og:video:duration\" content=\"25\" \/>\n<meta property=\"og:video:width\" content=\"480\" \/>\n<meta property=\"og:video:height\" content=\"270\" \/>\n<meta property=\"ya:ovs:adult\" content=\"false\" \/>\n<meta property=\"ya:ovs:upload_date\" content=\"2022-10-11T22:04:39+00:00\" \/>\n<meta property=\"ya:ovs:allow_embed\" content=\"true\" \/>\n<!-- \/ Yoast SEO Premium plugin. -->","yoast_head_json":{"title":"V borov\u00e9 kol\u00e9bce kr\u00e1lovny Alp \u00bb SalzburgerLand.com","robots":{"index":"index","follow":"follow","max-snippet":"max-snippet:-1","max-image-preview":"max-image-preview:large","max-video-preview":"max-video-preview:-1"},"canonical":"https:\/\/www.salzburgerland.com\/cs\/v-borove-kolebce-kralovny-alp\/","og_locale":"cs_CZ","og_type":"article","og_title":"V borov\u00e9 kol\u00e9bce kr\u00e1lovny Alp","og_description":"\"Wiegenwald\" najdou jen ti, kte\u0159\u00ed znaj\u00ed zadn\u00ed Stubachtal v N\u00e1rodn\u00edm parku Uttendorf\/Wei\u00dfsee. Cestu k tomuto z\u00e1zraku p\u0159\u00edrody v nadmo\u0159sk\u00e9 v\u00fd\u0161ce okolo 1800","og_url":"https:\/\/www.salzburgerland.com\/cs\/v-borove-kolebce-kralovny-alp\/","og_site_name":"SalzburgerLand.com","article_publisher":"https:\/\/www.facebook.com\/visitsalzburgerland\/","article_published_time":"2022-10-11T22:04:39+00:00","article_modified_time":"2022-10-11T23:32:33+00:00","og_image":[{"url":"https:\/\/www.salzburgerland.com\/cs\/wp-content\/uploads\/2022\/10\/wiegenwald_cvanessaszopory-10-1200x675-1.jpg","width":1200,"height":675,"type":"image\/jpeg"}],"author":"Andrea \u017d\u00e1\u010dkov\u00e1","twitter_card":"summary_large_image","twitter_creator":"@salzburgerland","twitter_site":"@salzburgerland","twitter_misc":{"Napsal(a)":"Andrea \u017d\u00e1\u010dkov\u00e1","Odhadovan\u00e1 doba \u010dten\u00ed":"7 minut"},"schema":{"@context":"https:\/\/schema.org","@graph":[{"@type":"Article","@id":"https:\/\/www.salzburgerland.com\/cs\/v-borove-kolebce-kralovny-alp\/#article","isPartOf":{"@id":"https:\/\/www.salzburgerland.com\/cs\/v-borove-kolebce-kralovny-alp\/"},"author":{"name":"Andrea \u017d\u00e1\u010dkov\u00e1","@id":"https:\/\/www.salzburgerland.com\/cs\/#\/schema\/person\/dd42a4661897004df109095dbf40eeff"},"headline":"V borov\u00e9 kol\u00e9bce kr\u00e1lovny Alp","datePublished":"2022-10-11T22:04:39+00:00","dateModified":"2022-10-11T23:32:33+00:00","mainEntityOfPage":{"@id":"https:\/\/www.salzburgerland.com\/cs\/v-borove-kolebce-kralovny-alp\/"},"wordCount":1340,"image":{"@id":"https:\/\/www.salzburgerland.com\/cs\/v-borove-kolebce-kralovny-alp\/#primaryimage"},"thumbnailUrl":"https:\/\/www.salzburgerland.com\/cs\/wp-content\/uploads\/2022\/10\/wiegenwald_cvanessaszopory-10-1200x675-1.jpg","articleSection":["Uncategorized"],"inLanguage":"cs"},{"@type":"WebPage","@id":"https:\/\/www.salzburgerland.com\/cs\/v-borove-kolebce-kralovny-alp\/","url":"https:\/\/www.salzburgerland.com\/cs\/v-borove-kolebce-kralovny-alp\/","name":"V borov\u00e9 kol\u00e9bce kr\u00e1lovny Alp \u00bb SalzburgerLand.com","isPartOf":{"@id":"https:\/\/www.salzburgerland.com\/cs\/#website"},"primaryImageOfPage":{"@id":"https:\/\/www.salzburgerland.com\/cs\/v-borove-kolebce-kralovny-alp\/#primaryimage"},"image":{"@id":"https:\/\/www.salzburgerland.com\/cs\/v-borove-kolebce-kralovny-alp\/#primaryimage"},"thumbnailUrl":"https:\/\/www.salzburgerland.com\/cs\/wp-content\/uploads\/2022\/10\/wiegenwald_cvanessaszopory-10-1200x675-1.jpg","datePublished":"2022-10-11T22:04:39+00:00","dateModified":"2022-10-11T23:32:33+00:00","author":{"@id":"https:\/\/www.salzburgerland.com\/cs\/#\/schema\/person\/dd42a4661897004df109095dbf40eeff"},"description":"Poznejte 1000 let star\u00e9 borovice v jedine\u010dn\u00e9 chr\u00e1n\u011bn\u00e9 oblasti. Prales Wiegenwald der Zirben je \u0159\u00ed\u0161\u00ed \"kr\u00e1lovny Alp\", borovice limby.","breadcrumb":{"@id":"https:\/\/www.salzburgerland.com\/cs\/v-borove-kolebce-kralovny-alp\/#breadcrumb"},"inLanguage":"cs","potentialAction":[{"@type":"ReadAction","target":["https:\/\/www.salzburgerland.com\/cs\/v-borove-kolebce-kralovny-alp\/"]}]},{"@type":"ImageObject","inLanguage":"cs","@id":"https:\/\/www.salzburgerland.com\/cs\/v-borove-kolebce-kralovny-alp\/#primaryimage","url":"https:\/\/www.salzburgerland.com\/cs\/wp-content\/uploads\/2022\/10\/wiegenwald_cvanessaszopory-10-1200x675-1.jpg","contentUrl":"https:\/\/www.salzburgerland.com\/cs\/wp-content\/uploads\/2022\/10\/wiegenwald_cvanessaszopory-10-1200x675-1.jpg","width":1200,"height":675,"caption":"Borov\u00e1 kol\u00e9bka \"kr\u00e1lovny Alp\", aneb t\u00fara za 1000 let star\u00fdmi borovicemi \u00a9 NPHT, Vanessa Szopory"},{"@type":"BreadcrumbList","@id":"https:\/\/www.salzburgerland.com\/cs\/v-borove-kolebce-kralovny-alp\/#breadcrumb","itemListElement":[{"@type":"ListItem","position":1,"name":"Poklady salcbursk\u00fdch les\u016f","item":"https:\/\/www.salzburgerland.com\/cs\/poklady-salcburskych-lesu\/"},{"@type":"ListItem","position":2,"name":"V borov\u00e9 kol\u00e9bce kr\u00e1lovny Alp"}]},{"@type":"WebSite","@id":"https:\/\/www.salzburgerland.com\/cs\/#website","url":"https:\/\/www.salzburgerland.com\/cs\/","name":"SalzburgerLand.com","description":"Va\u0161e dovolen\u00e1 v Salcburku, Rakousko","potentialAction":[{"@type":"SearchAction","target":{"@type":"EntryPoint","urlTemplate":"https:\/\/www.salzburgerland.com\/cs\/?s={search_term_string}"},"query-input":{"@type":"PropertyValueSpecification","valueRequired":true,"valueName":"search_term_string"}}],"inLanguage":"cs"},{"@type":"Person","@id":"https:\/\/www.salzburgerland.com\/cs\/#\/schema\/person\/dd42a4661897004df109095dbf40eeff","name":"Andrea \u017d\u00e1\u010dkov\u00e1","image":{"@type":"ImageObject","inLanguage":"cs","@id":"https:\/\/secure.gravatar.com\/avatar\/338deec8d231d56d0ab7b2b7d6d0aedbcb3eb05390f6c027fd5b7ebe87b67dbf?s=96&d=mm&r=g","url":"https:\/\/secure.gravatar.com\/avatar\/338deec8d231d56d0ab7b2b7d6d0aedbcb3eb05390f6c027fd5b7ebe87b67dbf?s=96&d=mm&r=g","contentUrl":"https:\/\/secure.gravatar.com\/avatar\/338deec8d231d56d0ab7b2b7d6d0aedbcb3eb05390f6c027fd5b7ebe87b67dbf?s=96&d=mm&r=g","caption":"Andrea \u017d\u00e1\u010dkov\u00e1"}}]},"og_video":"https:\/\/www.youtube.com\/embed\/bm72eVYX9gI","og_video_type":"text\/html","og_video_duration":"25","og_video_width":"480","og_video_height":"270","ya_ovs_adult":"false","ya_ovs_upload_date":"2022-10-11T22:04:39+00:00","ya_ovs_allow_embed":"true"},"_wl_alt_label":[],"wl:entity_url":"http:\/\/open.salzburgerland.com\/cs\/post\/v-borove-kolebce-kralovny-alp-153500","_links":{"self":[{"href":"https:\/\/www.salzburgerland.com\/cs\/wp-json\/wp\/v2\/posts\/153500","targetHints":{"allow":["GET"]}}],"collection":[{"href":"https:\/\/www.salzburgerland.com\/cs\/wp-json\/wp\/v2\/posts"}],"about":[{"href":"https:\/\/www.salzburgerland.com\/cs\/wp-json\/wp\/v2\/types\/post"}],"author":[{"embeddable":true,"href":"https:\/\/www.salzburgerland.com\/cs\/wp-json\/wp\/v2\/users\/6"}],"replies":[{"embeddable":true,"href":"https:\/\/www.salzburgerland.com\/cs\/wp-json\/wp\/v2\/comments?post=153500"}],"version-history":[{"count":5,"href":"https:\/\/www.salzburgerland.com\/cs\/wp-json\/wp\/v2\/posts\/153500\/revisions"}],"predecessor-version":[{"id":153527,"href":"https:\/\/www.salzburgerland.com\/cs\/wp-json\/wp\/v2\/posts\/153500\/revisions\/153527"}],"wp:featuredmedia":[{"embeddable":true,"href":"https:\/\/www.salzburgerland.com\/cs\/wp-json\/wp\/v2\/media\/153513"}],"wp:attachment":[{"href":"https:\/\/www.salzburgerland.com\/cs\/wp-json\/wp\/v2\/media?parent=153500"}],"wp:term":[{"taxonomy":"category","embeddable":true,"href":"https:\/\/www.salzburgerland.com\/cs\/wp-json\/wp\/v2\/categories?post=153500"},{"taxonomy":"post_tag","embeddable":true,"href":"https:\/\/www.salzburgerland.com\/cs\/wp-json\/wp\/v2\/tags?post=153500"},{"taxonomy":"wl_entity_type","embeddable":true,"href":"https:\/\/www.salzburgerland.com\/cs\/wp-json\/wp\/v2\/wl_entity_type?post=153500"}],"curies":[{"name":"wp","href":"https:\/\/api.w.org\/{rel}","templated":true}]}}