{"id":153099,"date":"2022-10-05T21:54:51","date_gmt":"2022-10-05T19:54:51","guid":{"rendered":"https:\/\/www.salzburgerland.com\/cs\/?p=153099"},"modified":"2024-10-14T00:53:13","modified_gmt":"2024-10-13T22:53:13","slug":"salcbursky-saalachtal-turistika-na-sneznicich","status":"publish","type":"post","link":"https:\/\/www.salzburgerland.com\/cs\/salcbursky-saalachtal-turistika-na-sneznicich\/","title":{"rendered":"Na sn\u011b\u017enic\u00edch v Salcbursk\u00e9m Saalachtalu"},"content":{"rendered":"<p>Na<strong> <a href=\"https:\/\/www.lofer.com\/en\/things-to-do-in-winter\/winter-activities\/snowshoeing#bm=oac%3Awinter&amp;cat=Snowshoe%20walking&amp;filter=r-fullyTranslatedLangus-,r-onlyOpened-,sb-sortedBy-0&amp;ov=slope,winter_alpine\" target=\"_blank\" rel=\"noopener\">sn\u011b\u017enic\u00edch<\/a><\/strong> je skv\u011bl\u00e9, \u017ee nepot\u0159ebujete \u017e\u00e1dn\u00e9 speci\u00e1ln\u00ed technick\u00e9 znalosti a m\u016f\u017eete za\u010d\u00edt prakticky hned. Se sn\u011b\u017enicemi se toul\u00e1te zasn\u011b\u017eenou zimn\u00ed krajinou a z\u00e1rove\u0148 stoup\u00e1te na idylick\u00e9 alpsk\u00e9 pastviny a vrcholy s\u00a0n\u00e1dhern\u00fdm v\u00fdhledem.<\/p>\n<p><iframe title=\"Schneeschuhwandern I Snowshoeing I Salzburger Saalachtal\" width=\"500\" height=\"281\" src=\"https:\/\/www.youtube-nocookie.com\/embed\/NwcWqrfPUA4?start=12&amp;feature=oembed\" frameborder=\"0\" allow=\"accelerometer; autoplay; clipboard-write; encrypted-media; gyroscope; picture-in-picture; web-share\" referrerpolicy=\"strict-origin-when-cross-origin\" allowfullscreen><\/iframe><\/p>\n<h3>Okruh z\u00a0Wei\u00dfbachu<\/h3>\n<p>Zhruba p\u011btikilometrov\u00fd okruh se d\u00e1 zvl\u00e1dnout za dv\u011b hodiny. Od parkovi\u0161t\u011b u sout\u011bsky Seisenbergklamm ve Wei\u00dfbachu u Loferu vede trasa pro sn\u011b\u017enice p\u0159es Schusterbichl do Hintertalu k\u00a0hostinci Lohfeyer. Po Winterweg se jde p\u0159es \u201eAlte P\u00fcrzlbachstra\u00dfe\u201c zp\u00e1tky do Wei\u00dfbachu.<\/p>\n<h3>Snadn\u00e1 trasa<\/h3>\n<p>Podobn\u011b dlouh\u00e1 ale je\u0161t\u011b o trochu snaz\u0161\u00ed je pohodov\u00e1 t\u00fara bez mnoha v\u00fd\u0161kov\u00fdch metr\u016f, kter\u00e1 za\u010d\u00edn\u00e1 u velk\u00e9ho parkovi\u0161t\u011b v\u00a0Loferu. P\u0159es d\u0159ev\u011bn\u00fd most Teufelssteg se pokra\u010duje do Bairau. N\u00e1vrat je pot\u00e9 p\u0159es Scheffsnoth a most Hubertussteg do Loferu, p\u0159i\u010dem\u017e se \u010d\u00e1ste\u010dn\u011b jde vedle b\u011b\u017eka\u0159sk\u00e9 trat\u011b. Cesta zabere zhruba hodinu a p\u016fl.<\/p>\n\n\t\t\t<div id=\"153099-1\" class=\"gallery gallery-153099 gallery-columns-3 gallery-size-1170_658\" itemscope itemtype=\"http:\/\/schema.org\/ImageGallery\">\n\t\t\t\t<ul class=\"gallery-row gallery-col-3 gallery-clear\">\n\t\t\t\t\t<li class=\"gallery-item col-3\" itemprop=\"associatedMedia\" itemscope itemtype=\"http:\/\/schema.org\/ImageObject\">\n\t\t\t\t\t\t<div class=\"gallery-icon landscape\"><a href=\"https:\/\/www.salzburgerland.com\/cs\/wp-content\/uploads\/2022\/10\/schneeschuhwandern-in-unken--salzburger-saalachtal-tourismus-1-1775x1067.jpg\" title=\"Schneeschuhwandern in Unken \u00a9 Salzburger Saalachtal Tourismus (1)\"><img decoding=\"async\" data-title=\"\" title=\"\" data-caption=\"\" width=\"1170\" height=\"658\" src=\"https:\/\/www.salzburgerland.com\/cs\/wp-content\/uploads\/2022\/10\/schneeschuhwandern-in-unken--salzburger-saalachtal-tourismus-1-1170x658.jpg\" class=\"attachment-1170_658 size-1170_658\" alt=\"Dva lid\u00e9 putuj\u00ed na sn\u011b\u017enic\u00edch hlubok\u00fdm sn\u011bhem v proslun\u011bn\u00e9m lese Salcbursk\u00e9ho Saalachtalu. (Zv\u011bt\u0161en\u00fd pohled)\" srcset=\"https:\/\/www.salzburgerland.com\/cs\/wp-content\/uploads\/2022\/10\/schneeschuhwandern-in-unken--salzburger-saalachtal-tourismus-1-1170x658.jpg 1170w, https:\/\/www.salzburgerland.com\/cs\/wp-content\/uploads\/2022\/10\/schneeschuhwandern-in-unken--salzburger-saalachtal-tourismus-1-1200x675.jpg 1200w\" sizes=\"(max-width: 1170px) 100vw, 1170px\" itemprop=\"thumbnail\"><\/a><\/div>\n\t\t\t\t\t<\/li>\n\t\t\t\t\t<li class=\"gallery-item col-3\" itemprop=\"associatedMedia\" itemscope itemtype=\"http:\/\/schema.org\/ImageObject\">\n\t\t\t\t\t\t<div class=\"gallery-icon landscape\"><a href=\"https:\/\/www.salzburgerland.com\/cs\/wp-content\/uploads\/2022\/10\/schneeschuhwandern-in-unken--salzburger-saalachtal-tourismus-2-1775x1067.jpg\" title=\"Schneeschuhwandern in Unken \u00a9 Salzburger Saalachtal Tourismus (2)\"><img decoding=\"async\" data-title=\"\" title=\"\" data-caption=\"\" width=\"1170\" height=\"658\" src=\"https:\/\/www.salzburgerland.com\/cs\/wp-content\/uploads\/2022\/10\/schneeschuhwandern-in-unken--salzburger-saalachtal-tourismus-2-1170x658.jpg\" class=\"attachment-1170_658 size-1170_658\" alt=\"Dva lid\u00e9 na b\u011b\u017ek\u00e1ch proj\u00ed\u017ed\u011bj\u00ed zasn\u011b\u017een\u00fdm lesem a zkoumaj\u00ed Salcbursk\u00fd Saalachtal na sn\u011b\u017enic\u00edch. (Zv\u011bt\u0161en\u00fd pohled)\" srcset=\"https:\/\/www.salzburgerland.com\/cs\/wp-content\/uploads\/2022\/10\/schneeschuhwandern-in-unken--salzburger-saalachtal-tourismus-2-1170x658.jpg 1170w, https:\/\/www.salzburgerland.com\/cs\/wp-content\/uploads\/2022\/10\/schneeschuhwandern-in-unken--salzburger-saalachtal-tourismus-2-1200x675.jpg 1200w\" sizes=\"(max-width: 1170px) 100vw, 1170px\" itemprop=\"thumbnail\"><\/a><\/div>\n\t\t\t\t\t<\/li>\n\t\t\t\t\t<li class=\"gallery-item col-3\" itemprop=\"associatedMedia\" itemscope itemtype=\"http:\/\/schema.org\/ImageObject\">\n\t\t\t\t\t\t<div class=\"gallery-icon landscape\"><a href=\"https:\/\/www.salzburgerland.com\/cs\/wp-content\/uploads\/2022\/10\/schneeschuhwandern-in-unken--salzburger-saalachtal-tourismus-3-1774x1067.jpg\" title=\"Schneeschuhwandern in Unken \u00a9 Salzburger Saalachtal Tourismus (3)\"><img decoding=\"async\" data-title=\"\" title=\"\" data-caption=\"\" width=\"1170\" height=\"658\" src=\"https:\/\/www.salzburgerland.com\/cs\/wp-content\/uploads\/2022\/10\/schneeschuhwandern-in-unken--salzburger-saalachtal-tourismus-3-1170x658.jpg\" class=\"attachment-1170_658 size-1170_658\" alt=\"Na sn\u011b\u017enic\u00edch p\u0159ed d\u0159ev\u011bnou chatou v zasn\u011b\u017een\u00e9m horsk\u00e9m Salcbursk\u00e9m Saalachtalu. (Zv\u011bt\u0161en\u00fd pohled)\" srcset=\"https:\/\/www.salzburgerland.com\/cs\/wp-content\/uploads\/2022\/10\/schneeschuhwandern-in-unken--salzburger-saalachtal-tourismus-3-1170x658.jpg 1170w, https:\/\/www.salzburgerland.com\/cs\/wp-content\/uploads\/2022\/10\/schneeschuhwandern-in-unken--salzburger-saalachtal-tourismus-3-1200x675.jpg 1200w\" sizes=\"(max-width: 1170px) 100vw, 1170px\" itemprop=\"thumbnail\"><\/a><\/div>\n\t\t\t\t\t<\/li>\n\t\t\t\t<\/ul>\n\t\t\t<\/div><!-- .gallery -->\n\n<h3>N\u00e1ro\u010dn\u011bj\u0161\u00ed v\u00fd\u0161lap<\/h3>\n<p><strong>N\u00e1ro\u010dn\u011bj\u0161\u00ed<\/strong> je nap\u0159\u00edklad v\u00fd\u0161lap na sn\u011b\u017enic\u00edch na Kuhkranz. Trasa s\u00a0p\u0159ev\u00fd\u0161en\u00edm 818 metr\u016f je p\u0159es 13 kilometr\u016f dlouh\u00e1 a jako \u010dasov\u00e1 n\u00e1ro\u010dnost pot\u0159ebn\u00e1 pro zdol\u00e1n\u00ed se uv\u00e1d\u00ed p\u011bt a p\u016fl hodiny. Sn\u011b\u017enice p\u0159ipnete na parkovi\u0161ti Waltlm\u00fchls\u00e4ge a p\u016fjdete lesn\u00ed cestou a\u017e na kr\u00e1snou Kallbrunnalm. Okolo n\u011bkolika chat budete pokra\u010dovat k ho\u0159e Kuhkranz (1811 m). Zp\u00e1tky se dostanete po stejn\u00e9 trase. Cesta zp\u011bt p\u0159es P\u00fcrzlbach se nedoporu\u010duje kv\u016fli lavinov\u00e9mu nebezpe\u010d\u00ed. S\u00a0sebou nezapome\u0148te n\u011bco k\u00a0j\u00eddlu a pit\u00ed.<\/p>\n<h3>Zap\u016fj\u010den\u00ed vybaven\u00ed<\/h3>\n<p>Sn\u011b\u017enice a dal\u0161\u00ed vybaven\u00ed si samoz\u0159ejm\u011b m\u016f\u017eete <a href=\"https:\/\/www.lofer.com\/en\/things-to-do-in-winter\/winter-activities\/snowshoeing#bm=oac%3Awinter&amp;cat=Snowshoe%20walking&amp;filter=r-fullyTranslatedLangus-,r-onlyOpened-,sb-sortedBy-0&amp;ov=slope,winter_alpine\" target=\"_blank\" rel=\"noopener\">zap\u016fj\u010dit<\/a> na n\u011bkolika m\u00edstech v\u00a0Salcbursk\u00e9m Saalachtalu a pokud budete m\u00edt z\u00e1jem, na v\u00fdlet se sn\u011b\u017enicemi V\u00e1s r\u00e1di doprovod\u00ed i zdej\u0161\u00ed zku\u0161en\u00ed instrukto\u0159i a pr\u016fvodci.<\/p>\n<p>Tak\u00e9 na sn\u011b\u017enic\u00edch v\u0161ak dbejte na svou <a href=\"https:\/\/www.salzburgerland.com\/cs\/bezpecnost-v-alpach-v-zime\/\">bezpe\u010dnost<\/a> a zjist\u011bte si s\u00a0p\u0159edstihem p\u00e1r informac\u00ed k\u00a0tomu, jak na dovolen\u00e9 v\u00a0Alp\u00e1ch zbyte\u010dn\u011b neriskovat.<\/p>\n","protected":false},"excerpt":{"rendered":"<p>Na sn\u011b\u017enic\u00edch je skv\u011bl\u00e9, \u017ee nepot\u0159ebujete \u017e\u00e1dn\u00e9 speci\u00e1ln\u00ed technick\u00e9 znalosti a m\u016f\u017eete za\u010d\u00edt prakticky hned. Se sn\u011b\u017enicemi se toul\u00e1te zasn\u011b\u017eenou zimn\u00ed krajinou a z\u00e1rove\u0148 stoup\u00e1te na idylick\u00e9 alpsk\u00e9 pastviny a vrcholy s\u00a0n\u00e1dhern\u00fdm v\u00fdhledem. Okruh z\u00a0Wei\u00dfbachu Zhruba p\u011btikilometrov\u00fd okruh se d\u00e1 zvl\u00e1dnout za dv\u011b hodiny. Od parkovi\u0161t\u011b u sout\u011bsky Seisenbergklamm ve Wei\u00dfbachu u Loferu vede trasa [&hellip;]<\/p>\n","protected":false},"author":6,"featured_media":153105,"comment_status":"closed","ping_status":"closed","sticky":false,"template":"","format":"standard","meta":{"_acf_changed":false,"wl_entities_gutenberg":"","_relevanssi_hide_post":"","_relevanssi_hide_content":"","_relevanssi_pin_for_all":"","_relevanssi_pin_keywords":"","_relevanssi_unpin_keywords":"","_relevanssi_related_keywords":"","_relevanssi_related_include_ids":"","_relevanssi_related_exclude_ids":"","_relevanssi_related_no_append":"","_relevanssi_related_not_related":"","_relevanssi_related_posts":"","_relevanssi_noindex_reason":"","footnotes":""},"categories":[1],"tags":[],"wl_entity_type":[706],"class_list":["post-153099","post","type-post","status-publish","format-standard","has-post-thumbnail","hentry","category-uncategorized","wl_entity_type-article"],"acf":[],"yoast_head":"<!-- This site is optimized with the Yoast SEO Premium plugin v27.4 (Yoast SEO v27.4) - https:\/\/yoast.com\/product\/yoast-seo-premium-wordpress\/ -->\n<title>Na sn\u011b\u017enic\u00edch v Salcbursk\u00e9m Saalachtalu \u00bb SalzburgerLand.com<\/title>\n<meta name=\"robots\" content=\"index, follow, max-snippet:-1, max-image-preview:large, max-video-preview:-1\" \/>\n<link rel=\"canonical\" href=\"https:\/\/www.salzburgerland.com\/cs\/salcbursky-saalachtal-turistika-na-sneznicich\/\" \/>\n<meta property=\"og:locale\" content=\"cs_CZ\" \/>\n<meta property=\"og:type\" content=\"article\" \/>\n<meta property=\"og:title\" content=\"Na sn\u011b\u017enic\u00edch v Salcbursk\u00e9m Saalachtalu\" \/>\n<meta property=\"og:description\" content=\"Na sn\u011b\u017enic\u00edch je skv\u011bl\u00e9, \u017ee nepot\u0159ebujete \u017e\u00e1dn\u00e9 speci\u00e1ln\u00ed technick\u00e9 znalosti a m\u016f\u017eete za\u010d\u00edt prakticky hned. Se sn\u011b\u017enicemi se toul\u00e1te zasn\u011b\u017eenou zimn\u00ed\" \/>\n<meta property=\"og:url\" content=\"https:\/\/www.salzburgerland.com\/cs\/salcbursky-saalachtal-turistika-na-sneznicich\/\" \/>\n<meta property=\"og:site_name\" content=\"SalzburgerLand.com\" \/>\n<meta property=\"article:publisher\" content=\"https:\/\/www.facebook.com\/visitsalzburgerland\/\" \/>\n<meta property=\"article:published_time\" content=\"2022-10-05T19:54:51+00:00\" \/>\n<meta property=\"article:modified_time\" content=\"2024-10-13T22:53:13+00:00\" \/>\n<meta property=\"og:image\" content=\"https:\/\/www.salzburgerland.com\/cs\/wp-content\/uploads\/2022\/10\/t-1200x675.jpg\" \/>\n\t<meta property=\"og:image:width\" content=\"1200\" \/>\n\t<meta property=\"og:image:height\" content=\"675\" \/>\n\t<meta property=\"og:image:type\" content=\"image\/jpeg\" \/>\n<meta name=\"author\" content=\"Andrea \u017d\u00e1\u010dkov\u00e1\" \/>\n<meta name=\"twitter:card\" content=\"summary_large_image\" \/>\n<meta name=\"twitter:creator\" content=\"@salzburgerland\" \/>\n<meta name=\"twitter:site\" content=\"@salzburgerland\" \/>\n<meta name=\"twitter:label1\" content=\"Napsal(a)\" \/>\n\t<meta name=\"twitter:data1\" content=\"Andrea \u017d\u00e1\u010dkov\u00e1\" \/>\n\t<meta name=\"twitter:label2\" content=\"Odhadovan\u00e1 doba \u010dten\u00ed\" \/>\n\t<meta name=\"twitter:data2\" content=\"3 minuty\" \/>\n<script type=\"application\/ld+json\" class=\"yoast-schema-graph\">{\"@context\":\"https:\\\/\\\/schema.org\",\"@graph\":[{\"@type\":\"Article\",\"@id\":\"https:\\\/\\\/www.salzburgerland.com\\\/cs\\\/salcbursky-saalachtal-turistika-na-sneznicich\\\/#article\",\"isPartOf\":{\"@id\":\"https:\\\/\\\/www.salzburgerland.com\\\/cs\\\/salcbursky-saalachtal-turistika-na-sneznicich\\\/\"},\"author\":{\"name\":\"Andrea \u017d\u00e1\u010dkov\u00e1\",\"@id\":\"https:\\\/\\\/www.salzburgerland.com\\\/cs\\\/#\\\/schema\\\/person\\\/dd42a4661897004df109095dbf40eeff\"},\"headline\":\"Na sn\u011b\u017enic\u00edch v Salcbursk\u00e9m Saalachtalu\",\"datePublished\":\"2022-10-05T19:54:51+00:00\",\"dateModified\":\"2024-10-13T22:53:13+00:00\",\"mainEntityOfPage\":{\"@id\":\"https:\\\/\\\/www.salzburgerland.com\\\/cs\\\/salcbursky-saalachtal-turistika-na-sneznicich\\\/\"},\"wordCount\":405,\"image\":{\"@id\":\"https:\\\/\\\/www.salzburgerland.com\\\/cs\\\/salcbursky-saalachtal-turistika-na-sneznicich\\\/#primaryimage\"},\"thumbnailUrl\":\"https:\\\/\\\/www.salzburgerland.com\\\/cs\\\/wp-content\\\/uploads\\\/2022\\\/10\\\/t.jpg\",\"articleSection\":[\"Uncategorized\"],\"inLanguage\":\"cs\"},{\"@type\":\"WebPage\",\"@id\":\"https:\\\/\\\/www.salzburgerland.com\\\/cs\\\/salcbursky-saalachtal-turistika-na-sneznicich\\\/\",\"url\":\"https:\\\/\\\/www.salzburgerland.com\\\/cs\\\/salcbursky-saalachtal-turistika-na-sneznicich\\\/\",\"name\":\"Na sn\u011b\u017enic\u00edch v Salcbursk\u00e9m Saalachtalu \u00bb SalzburgerLand.com\",\"isPartOf\":{\"@id\":\"https:\\\/\\\/www.salzburgerland.com\\\/cs\\\/#website\"},\"primaryImageOfPage\":{\"@id\":\"https:\\\/\\\/www.salzburgerland.com\\\/cs\\\/salcbursky-saalachtal-turistika-na-sneznicich\\\/#primaryimage\"},\"image\":{\"@id\":\"https:\\\/\\\/www.salzburgerland.com\\\/cs\\\/salcbursky-saalachtal-turistika-na-sneznicich\\\/#primaryimage\"},\"thumbnailUrl\":\"https:\\\/\\\/www.salzburgerland.com\\\/cs\\\/wp-content\\\/uploads\\\/2022\\\/10\\\/t.jpg\",\"datePublished\":\"2022-10-05T19:54:51+00:00\",\"dateModified\":\"2024-10-13T22:53:13+00:00\",\"author\":{\"@id\":\"https:\\\/\\\/www.salzburgerland.com\\\/cs\\\/#\\\/schema\\\/person\\\/dd42a4661897004df109095dbf40eeff\"},\"description\":\"Ch\u016fze na sn\u011b\u017enic\u00edch je v Salcbursk\u00e9m Saalachtalu st\u00e1le obl\u00edben\u011bj\u0161\u00ed aktivitou na zimn\u00ed dovolen\u00e9\",\"breadcrumb\":{\"@id\":\"https:\\\/\\\/www.salzburgerland.com\\\/cs\\\/salcbursky-saalachtal-turistika-na-sneznicich\\\/#breadcrumb\"},\"inLanguage\":\"cs\",\"potentialAction\":[{\"@type\":\"ReadAction\",\"target\":[\"https:\\\/\\\/www.salzburgerland.com\\\/cs\\\/salcbursky-saalachtal-turistika-na-sneznicich\\\/\"]}]},{\"@type\":\"ImageObject\",\"inLanguage\":\"cs\",\"@id\":\"https:\\\/\\\/www.salzburgerland.com\\\/cs\\\/salcbursky-saalachtal-turistika-na-sneznicich\\\/#primaryimage\",\"url\":\"https:\\\/\\\/www.salzburgerland.com\\\/cs\\\/wp-content\\\/uploads\\\/2022\\\/10\\\/t.jpg\",\"contentUrl\":\"https:\\\/\\\/www.salzburgerland.com\\\/cs\\\/wp-content\\\/uploads\\\/2022\\\/10\\\/t.jpg\",\"width\":1920,\"height\":1440,\"caption\":\"Trasa na Kuhkranz s\u00a0p\u0159ev\u00fd\u0161en\u00edm 818 metr\u016f je p\u0159es 13 kilometr\u016f dlouh\u00e1 a jako \u010dasov\u00e1 n\u00e1ro\u010dnost pot\u0159ebn\u00e1 pro zdol\u00e1n\u00ed se uv\u00e1d\u00ed p\u011bt a p\u016fl hodiny\"},{\"@type\":\"BreadcrumbList\",\"@id\":\"https:\\\/\\\/www.salzburgerland.com\\\/cs\\\/salcbursky-saalachtal-turistika-na-sneznicich\\\/#breadcrumb\",\"itemListElement\":[{\"@type\":\"ListItem\",\"position\":1,\"name\":\"Salcbursk\u00fd Saalachtal v zim\u011b\",\"item\":\"https:\\\/\\\/www.salzburgerland.com\\\/cs\\\/salcbursky-saalachtal-v-zime\\\/\"},{\"@type\":\"ListItem\",\"position\":2,\"name\":\"Na sn\u011b\u017enic\u00edch v Salcbursk\u00e9m Saalachtalu\"}]},{\"@type\":\"WebSite\",\"@id\":\"https:\\\/\\\/www.salzburgerland.com\\\/cs\\\/#website\",\"url\":\"https:\\\/\\\/www.salzburgerland.com\\\/cs\\\/\",\"name\":\"SalzburgerLand.com\",\"description\":\"Va\u0161e dovolen\u00e1 v Salcburku, Rakousko\",\"potentialAction\":[{\"@type\":\"SearchAction\",\"target\":{\"@type\":\"EntryPoint\",\"urlTemplate\":\"https:\\\/\\\/www.salzburgerland.com\\\/cs\\\/?s={search_term_string}\"},\"query-input\":{\"@type\":\"PropertyValueSpecification\",\"valueRequired\":true,\"valueName\":\"search_term_string\"}}],\"inLanguage\":\"cs\"},{\"@type\":\"Person\",\"@id\":\"https:\\\/\\\/www.salzburgerland.com\\\/cs\\\/#\\\/schema\\\/person\\\/dd42a4661897004df109095dbf40eeff\",\"name\":\"Andrea \u017d\u00e1\u010dkov\u00e1\",\"image\":{\"@type\":\"ImageObject\",\"inLanguage\":\"cs\",\"@id\":\"https:\\\/\\\/secure.gravatar.com\\\/avatar\\\/338deec8d231d56d0ab7b2b7d6d0aedbcb3eb05390f6c027fd5b7ebe87b67dbf?s=96&d=mm&r=g\",\"url\":\"https:\\\/\\\/secure.gravatar.com\\\/avatar\\\/338deec8d231d56d0ab7b2b7d6d0aedbcb3eb05390f6c027fd5b7ebe87b67dbf?s=96&d=mm&r=g\",\"contentUrl\":\"https:\\\/\\\/secure.gravatar.com\\\/avatar\\\/338deec8d231d56d0ab7b2b7d6d0aedbcb3eb05390f6c027fd5b7ebe87b67dbf?s=96&d=mm&r=g\",\"caption\":\"Andrea \u017d\u00e1\u010dkov\u00e1\"}}]}<\/script>\n<meta property=\"og:video\" content=\"https:\/\/www.youtube.com\/embed\/NwcWqrfPUA4\" \/>\n<meta property=\"og:video:type\" content=\"text\/html\" \/>\n<meta property=\"og:video:duration\" content=\"54\" \/>\n<meta property=\"og:video:width\" content=\"480\" \/>\n<meta property=\"og:video:height\" content=\"270\" \/>\n<meta property=\"ya:ovs:adult\" content=\"false\" \/>\n<meta property=\"ya:ovs:upload_date\" content=\"2022-10-05T19:54:51+00:00\" \/>\n<meta property=\"ya:ovs:allow_embed\" content=\"true\" \/>\n<!-- \/ Yoast SEO Premium plugin. -->","yoast_head_json":{"title":"Na sn\u011b\u017enic\u00edch v Salcbursk\u00e9m Saalachtalu \u00bb SalzburgerLand.com","robots":{"index":"index","follow":"follow","max-snippet":"max-snippet:-1","max-image-preview":"max-image-preview:large","max-video-preview":"max-video-preview:-1"},"canonical":"https:\/\/www.salzburgerland.com\/cs\/salcbursky-saalachtal-turistika-na-sneznicich\/","og_locale":"cs_CZ","og_type":"article","og_title":"Na sn\u011b\u017enic\u00edch v Salcbursk\u00e9m Saalachtalu","og_description":"Na sn\u011b\u017enic\u00edch je skv\u011bl\u00e9, \u017ee nepot\u0159ebujete \u017e\u00e1dn\u00e9 speci\u00e1ln\u00ed technick\u00e9 znalosti a m\u016f\u017eete za\u010d\u00edt prakticky hned. Se sn\u011b\u017enicemi se toul\u00e1te zasn\u011b\u017eenou zimn\u00ed","og_url":"https:\/\/www.salzburgerland.com\/cs\/salcbursky-saalachtal-turistika-na-sneznicich\/","og_site_name":"SalzburgerLand.com","article_publisher":"https:\/\/www.facebook.com\/visitsalzburgerland\/","article_published_time":"2022-10-05T19:54:51+00:00","article_modified_time":"2024-10-13T22:53:13+00:00","og_image":[{"width":1200,"height":675,"url":"https:\/\/www.salzburgerland.com\/cs\/wp-content\/uploads\/2022\/10\/t-1200x675.jpg","type":"image\/jpeg"}],"author":"Andrea \u017d\u00e1\u010dkov\u00e1","twitter_card":"summary_large_image","twitter_creator":"@salzburgerland","twitter_site":"@salzburgerland","twitter_misc":{"Napsal(a)":"Andrea \u017d\u00e1\u010dkov\u00e1","Odhadovan\u00e1 doba \u010dten\u00ed":"3 minuty"},"schema":{"@context":"https:\/\/schema.org","@graph":[{"@type":"Article","@id":"https:\/\/www.salzburgerland.com\/cs\/salcbursky-saalachtal-turistika-na-sneznicich\/#article","isPartOf":{"@id":"https:\/\/www.salzburgerland.com\/cs\/salcbursky-saalachtal-turistika-na-sneznicich\/"},"author":{"name":"Andrea \u017d\u00e1\u010dkov\u00e1","@id":"https:\/\/www.salzburgerland.com\/cs\/#\/schema\/person\/dd42a4661897004df109095dbf40eeff"},"headline":"Na sn\u011b\u017enic\u00edch v Salcbursk\u00e9m Saalachtalu","datePublished":"2022-10-05T19:54:51+00:00","dateModified":"2024-10-13T22:53:13+00:00","mainEntityOfPage":{"@id":"https:\/\/www.salzburgerland.com\/cs\/salcbursky-saalachtal-turistika-na-sneznicich\/"},"wordCount":405,"image":{"@id":"https:\/\/www.salzburgerland.com\/cs\/salcbursky-saalachtal-turistika-na-sneznicich\/#primaryimage"},"thumbnailUrl":"https:\/\/www.salzburgerland.com\/cs\/wp-content\/uploads\/2022\/10\/t.jpg","articleSection":["Uncategorized"],"inLanguage":"cs"},{"@type":"WebPage","@id":"https:\/\/www.salzburgerland.com\/cs\/salcbursky-saalachtal-turistika-na-sneznicich\/","url":"https:\/\/www.salzburgerland.com\/cs\/salcbursky-saalachtal-turistika-na-sneznicich\/","name":"Na sn\u011b\u017enic\u00edch v Salcbursk\u00e9m Saalachtalu \u00bb SalzburgerLand.com","isPartOf":{"@id":"https:\/\/www.salzburgerland.com\/cs\/#website"},"primaryImageOfPage":{"@id":"https:\/\/www.salzburgerland.com\/cs\/salcbursky-saalachtal-turistika-na-sneznicich\/#primaryimage"},"image":{"@id":"https:\/\/www.salzburgerland.com\/cs\/salcbursky-saalachtal-turistika-na-sneznicich\/#primaryimage"},"thumbnailUrl":"https:\/\/www.salzburgerland.com\/cs\/wp-content\/uploads\/2022\/10\/t.jpg","datePublished":"2022-10-05T19:54:51+00:00","dateModified":"2024-10-13T22:53:13+00:00","author":{"@id":"https:\/\/www.salzburgerland.com\/cs\/#\/schema\/person\/dd42a4661897004df109095dbf40eeff"},"description":"Ch\u016fze na sn\u011b\u017enic\u00edch je v Salcbursk\u00e9m Saalachtalu st\u00e1le obl\u00edben\u011bj\u0161\u00ed aktivitou na zimn\u00ed dovolen\u00e9","breadcrumb":{"@id":"https:\/\/www.salzburgerland.com\/cs\/salcbursky-saalachtal-turistika-na-sneznicich\/#breadcrumb"},"inLanguage":"cs","potentialAction":[{"@type":"ReadAction","target":["https:\/\/www.salzburgerland.com\/cs\/salcbursky-saalachtal-turistika-na-sneznicich\/"]}]},{"@type":"ImageObject","inLanguage":"cs","@id":"https:\/\/www.salzburgerland.com\/cs\/salcbursky-saalachtal-turistika-na-sneznicich\/#primaryimage","url":"https:\/\/www.salzburgerland.com\/cs\/wp-content\/uploads\/2022\/10\/t.jpg","contentUrl":"https:\/\/www.salzburgerland.com\/cs\/wp-content\/uploads\/2022\/10\/t.jpg","width":1920,"height":1440,"caption":"Trasa na Kuhkranz s\u00a0p\u0159ev\u00fd\u0161en\u00edm 818 metr\u016f je p\u0159es 13 kilometr\u016f dlouh\u00e1 a jako \u010dasov\u00e1 n\u00e1ro\u010dnost pot\u0159ebn\u00e1 pro zdol\u00e1n\u00ed se uv\u00e1d\u00ed p\u011bt a p\u016fl hodiny"},{"@type":"BreadcrumbList","@id":"https:\/\/www.salzburgerland.com\/cs\/salcbursky-saalachtal-turistika-na-sneznicich\/#breadcrumb","itemListElement":[{"@type":"ListItem","position":1,"name":"Salcbursk\u00fd Saalachtal v zim\u011b","item":"https:\/\/www.salzburgerland.com\/cs\/salcbursky-saalachtal-v-zime\/"},{"@type":"ListItem","position":2,"name":"Na sn\u011b\u017enic\u00edch v Salcbursk\u00e9m Saalachtalu"}]},{"@type":"WebSite","@id":"https:\/\/www.salzburgerland.com\/cs\/#website","url":"https:\/\/www.salzburgerland.com\/cs\/","name":"SalzburgerLand.com","description":"Va\u0161e dovolen\u00e1 v Salcburku, Rakousko","potentialAction":[{"@type":"SearchAction","target":{"@type":"EntryPoint","urlTemplate":"https:\/\/www.salzburgerland.com\/cs\/?s={search_term_string}"},"query-input":{"@type":"PropertyValueSpecification","valueRequired":true,"valueName":"search_term_string"}}],"inLanguage":"cs"},{"@type":"Person","@id":"https:\/\/www.salzburgerland.com\/cs\/#\/schema\/person\/dd42a4661897004df109095dbf40eeff","name":"Andrea \u017d\u00e1\u010dkov\u00e1","image":{"@type":"ImageObject","inLanguage":"cs","@id":"https:\/\/secure.gravatar.com\/avatar\/338deec8d231d56d0ab7b2b7d6d0aedbcb3eb05390f6c027fd5b7ebe87b67dbf?s=96&d=mm&r=g","url":"https:\/\/secure.gravatar.com\/avatar\/338deec8d231d56d0ab7b2b7d6d0aedbcb3eb05390f6c027fd5b7ebe87b67dbf?s=96&d=mm&r=g","contentUrl":"https:\/\/secure.gravatar.com\/avatar\/338deec8d231d56d0ab7b2b7d6d0aedbcb3eb05390f6c027fd5b7ebe87b67dbf?s=96&d=mm&r=g","caption":"Andrea \u017d\u00e1\u010dkov\u00e1"}}]},"og_video":"https:\/\/www.youtube.com\/embed\/NwcWqrfPUA4","og_video_type":"text\/html","og_video_duration":"54","og_video_width":"480","og_video_height":"270","ya_ovs_adult":"false","ya_ovs_upload_date":"2022-10-05T19:54:51+00:00","ya_ovs_allow_embed":"true"},"_wl_alt_label":[],"wl:entity_url":"http:\/\/open.salzburgerland.com\/cs\/post\/salcbursky-saalachtal-turistika-na-sneznicich-salcbursky-saalachtal-turistika-na-sneznicich-153099","_links":{"self":[{"href":"https:\/\/www.salzburgerland.com\/cs\/wp-json\/wp\/v2\/posts\/153099","targetHints":{"allow":["GET"]}}],"collection":[{"href":"https:\/\/www.salzburgerland.com\/cs\/wp-json\/wp\/v2\/posts"}],"about":[{"href":"https:\/\/www.salzburgerland.com\/cs\/wp-json\/wp\/v2\/types\/post"}],"author":[{"embeddable":true,"href":"https:\/\/www.salzburgerland.com\/cs\/wp-json\/wp\/v2\/users\/6"}],"replies":[{"embeddable":true,"href":"https:\/\/www.salzburgerland.com\/cs\/wp-json\/wp\/v2\/comments?post=153099"}],"version-history":[{"count":9,"href":"https:\/\/www.salzburgerland.com\/cs\/wp-json\/wp\/v2\/posts\/153099\/revisions"}],"predecessor-version":[{"id":160805,"href":"https:\/\/www.salzburgerland.com\/cs\/wp-json\/wp\/v2\/posts\/153099\/revisions\/160805"}],"wp:featuredmedia":[{"embeddable":true,"href":"https:\/\/www.salzburgerland.com\/cs\/wp-json\/wp\/v2\/media\/153105"}],"wp:attachment":[{"href":"https:\/\/www.salzburgerland.com\/cs\/wp-json\/wp\/v2\/media?parent=153099"}],"wp:term":[{"taxonomy":"category","embeddable":true,"href":"https:\/\/www.salzburgerland.com\/cs\/wp-json\/wp\/v2\/categories?post=153099"},{"taxonomy":"post_tag","embeddable":true,"href":"https:\/\/www.salzburgerland.com\/cs\/wp-json\/wp\/v2\/tags?post=153099"},{"taxonomy":"wl_entity_type","embeddable":true,"href":"https:\/\/www.salzburgerland.com\/cs\/wp-json\/wp\/v2\/wl_entity_type?post=153099"}],"curies":[{"name":"wp","href":"https:\/\/api.w.org\/{rel}","templated":true}]}}