{"id":153088,"date":"2022-10-05T16:42:16","date_gmt":"2022-10-05T14:42:16","guid":{"rendered":"https:\/\/www.salzburgerland.com\/cs\/?p=153088"},"modified":"2024-10-14T00:53:06","modified_gmt":"2024-10-13T22:53:06","slug":"salcbursky-saalachtal-zimni-turistika","status":"publish","type":"post","link":"https:\/\/www.salzburgerland.com\/cs\/salcbursky-saalachtal-zimni-turistika\/","title":{"rendered":"Zimn\u00ed turistika v Salcbursk\u00e9m Saalachtalu"},"content":{"rendered":"<p>Cht\u011bli byste poznat region trochu jinak, pod\u00edvat se za dve\u0159e ekologick\u00e9 farmy nebo se proj\u00edt s\u00a0lucernami ve\u010der pod\u00e9l \u0159eky <strong>Saalach<\/strong>? Pak byste rozhodn\u011b m\u011bli vyzkou\u0161et <strong>t\u00faru s\u00a0pr\u016fvodcem<\/strong>. Nab\u00eddky jsou pestr\u00e9 a tematicky r\u016fznorod\u00e9. Mimochodem kdy\u017e se chyst\u00e1te na v\u00fdlet, nemus\u00edte se spol\u00e9hat na auto. K\u00a0v\u00fdchoz\u00edmu bodu v\u00fdletu V\u00e1s bezplatn\u011b doveze skibus.<\/p>\n<h3><strong>Zimn\u00ed turistika v\u00a0Almenwelt Lofer<\/strong><\/h3>\n<p>Okouzluj\u00edc\u00ed oblast <a href=\"https:\/\/www.lofer.com\/en\/things-to-do-in-winter\/winter-activities\/winter-hiking\/almenwelt-lofer\" target=\"_blank\" rel=\"noopener\">Almenwelt Lofer<\/a> v\u00e1s zve na zimn\u00ed t\u00faru po okru\u017en\u00ed turistick\u00e9 trase, kter\u00e1 za\u010d\u00edn\u00e1 u horn\u00ed stanice lanovky <strong>Almbahn<\/strong> II. Zde je na v\u00fdb\u011br mezi 1,5 a 4 km dlouhou variantou cesty, p\u0159i kter\u00e9 m\u016f\u017eete obdivovat panorama okoln\u00edch hor a pozorovat ly\u017ea\u0159e nebo snowboardisty. Na ob\u011bd se zastavte v\u00a0n\u011bkter\u00e9 z\u00a0\u00fatuln\u00fdch horsk\u00fdch restaurac\u00ed a vyzkou\u0161ejte nap\u0159\u00edklad pol\u00e9vku s\u00a0vydatn\u00fdm s\u00fdrov\u00fdm knedl\u00edkem nebo sladk\u00fd <a href=\"https:\/\/www.salzburgerland.com\/cs\/legendarni-kaiserschmarrn\/\">Kaiserschmarrn<\/a>.<\/p>\n<h3><strong>Objevte kouzlo zimn\u00ed turistiky v Unkenu<\/strong><\/h3>\n<p>Sn\u00edh k\u0159upe pod nohama a kdy\u017e se zhluboka nadechnete ledov\u00e9ho vzduchu, jde V\u00e1m od \u00fast obl\u00e1\u010dek p\u00e1ry. Va\u0161e o\u010di bloud\u00ed mezi b\u00edl\u00fdmi horsk\u00fdmi vrcholky Salcbursk\u00e9ho Saalachtalu. Kdy\u017e na sn\u011bhovou deku sv\u00edt\u00ed slunce a v\u0161echno se t\u0159pyt\u00ed, vypad\u00e1 to tady jako v\u00a0poh\u00e1dce. V\u00a0turistick\u00e9 vesni\u010dce Unken se venkovsk\u00e1 kultura m\u00eds\u00ed s\u00a0nedot\u010denou p\u0159\u00edrodou.<\/p>\n<div id=\"attachment_157108\" style=\"width: 1180px\" class=\"wp-caption alignnone\"><img decoding=\"async\" aria-describedby=\"caption-attachment-157108\" class=\"size-1170_658 wp-image-157108\" src=\"https:\/\/cdn.salzburgerland.com\/cs\/wp-content\/uploads\/2021\/11\/unken-wanderdorf-unken-hochalm-13-nur-online-verwendung-daniel-ikres-1170x658.jpg\" alt=\"\" width=\"1170\" height=\"658\" srcset=\"https:\/\/www.salzburgerland.com\/cs\/wp-content\/uploads\/2021\/11\/unken-wanderdorf-unken-hochalm-13-nur-online-verwendung-daniel-ikres-1170x658.jpg 1170w, https:\/\/www.salzburgerland.com\/cs\/wp-content\/uploads\/2021\/11\/unken-wanderdorf-unken-hochalm-13-nur-online-verwendung-daniel-ikres-1200x675.jpg 1200w\" sizes=\"(max-width: 1170px) 100vw, 1170px\"><p id=\"caption-attachment-157108\" class=\"wp-caption-text\">Turistika v Unkenu \u00a9 Daniel Ikres<\/p><\/div>\n<h3><strong>Turistika v\u00a0nadmo\u0159sk\u00e9 v\u00fd\u0161ce p\u0159es 1200 metr\u016f<\/strong><\/h3>\n<p>Na zimn\u00ed t\u00faru m\u016f\u017eete vyrazit okolo <a href=\"https:\/\/www.lofer.com\/en\/things-to-do-in-winter\/winter-activities\/winter-hiking\/hiking-village-unken\" target=\"_blank\" rel=\"noopener\">Unkenu<\/a> nebo v Heutalu \u2013 na n\u00e1horn\u00ed plo\u0161in\u011b nad Unkenem v\u00a0nadmo\u0159sk\u00e9 v\u00fd\u0161ce p\u0159es 1200 metr\u016f. Pozn\u00e1te tak vesnici, jej\u00ed historii i hory. Hezk\u00e1 proch\u00e1zka je tak\u00e9 po Jesefsallee p\u0159es Gsengsteig s\u00a0kr\u00e1sn\u00fdm v\u00fdhledem na Unken.<\/p>\n<div id=\"attachment_157113\" style=\"width: 1180px\" class=\"wp-caption alignnone\"><img decoding=\"async\" aria-describedby=\"caption-attachment-157113\" class=\"wp-image-157113 size-1170_658\" src=\"https:\/\/cdn.salzburgerland.com\/cs\/wp-content\/uploads\/2022\/10\/lofer-almenwelt-lofer-landschaft-winter-c-salzburger-saalachtal-tourismus-urheber-eduardo-gellner-1-1170x658.jpg\" alt=\"Slunce zapad\u00e1 za zasn\u011b\u017eenou horu v ly\u017ea\u0159sk\u00e9 oblasti Almenwelt Lofer\" width=\"1170\" height=\"658\" srcset=\"https:\/\/www.salzburgerland.com\/cs\/wp-content\/uploads\/2022\/10\/lofer-almenwelt-lofer-landschaft-winter-c-salzburger-saalachtal-tourismus-urheber-eduardo-gellner-1-1170x658.jpg 1170w, https:\/\/www.salzburgerland.com\/cs\/wp-content\/uploads\/2022\/10\/lofer-almenwelt-lofer-landschaft-winter-c-salzburger-saalachtal-tourismus-urheber-eduardo-gellner-1-1200x675.jpg 1200w\" sizes=\"(max-width: 1170px) 100vw, 1170px\"><p id=\"caption-attachment-157113\" class=\"wp-caption-text\">B\u011bhem zimn\u00ed turistky v Almenwelt Lofer V\u00e1s prov\u00e1zej\u00ed kr\u00e1sn\u00e9 v\u00fdhledy \u00a9 Salzburger Saalachtal Tourismus, Eduardo Gellner<\/p><\/div>\n<h3><strong>Rozhl\u00e9dn\u011bte se<\/strong><\/h3>\n<p>V Heutalu m\u00e1te mo\u017enost spojit t\u00faru na <strong>Hochalm<\/strong> se s\u00e1\u0148kov\u00e1n\u00ed na speci\u00e1ln\u011b upraven\u00e9 p\u0159\u00edrodn\u00ed dr\u00e1ze. Hezk\u00fd je tak\u00e9 v\u00fdlet na Wildalm, kde si na slune\u010dn\u00e9 terase d\u00e1te n\u011bco dobr\u00e9ho, u\u017eijete si opalov\u00e1n\u00ed a kr\u00e1sn\u00fd v\u00fdhled. Pokud si chcete prohl\u00e9dnout cel\u00fd ly\u017ea\u0159sk\u00fd are\u00e1l z v\u00fd\u0161ky, vydejte se na novou rozhlednu na <strong>Schwarzecku<\/strong>. Vychutn\u00e1te si tu dosyta ty nejlep\u0161\u00ed vyhl\u00eddky na Alpy, poho\u0159\u00ed <strong>Steinberge a Heutal<\/strong>.<\/p>\n<div id=\"attachment_150330\" style=\"width: 809px\" class=\"wp-caption alignnone\"><img decoding=\"async\" aria-describedby=\"caption-attachment-150330\" class=\"size-large wp-image-150330\" src=\"https:\/\/www.salzburgerland.com\/cs\/wp-content\/uploads\/2021\/11\/49052825133_b085d9768b_c.jpg\" alt=\"Vyhl\u00eddka z rozhledny Schwarzeck\" width=\"799\" height=\"449\" srcset=\"https:\/\/www.salzburgerland.com\/cs\/wp-content\/uploads\/2021\/11\/49052825133_b085d9768b_c.jpg 799w, https:\/\/www.salzburgerland.com\/cs\/wp-content\/uploads\/2021\/11\/49052825133_b085d9768b_c-768x432.jpg 768w\" sizes=\"(max-width: 799px) 100vw, 799px\"><p id=\"caption-attachment-150330\" class=\"wp-caption-text\">Rozhledna Schwarzeck \u00a9 Salzburger Saalachtal Tourismus<\/p><\/div>\n<h3><strong>Tradi\u010dn\u00ed p\u0159\u00edrodn\u00ed l\u00e9k\u00e1rna<\/strong><\/h3>\n<p>M\u016f\u017eete tak\u00e9 p\u0159ekro\u010dit hranici s\u00a0Bavorskem do Winkelmoosalm. Zdej\u0161\u00ed b\u011b\u017eeck\u00e1 trasa je vyu\u017e\u00edv\u00e1na i jako turistick\u00e1 stezka. Do Heutalu se mimochodem dostanete i v\u00a0zim\u011b. A pokud V\u00e1s po v\u00fdletu bol\u00ed nohy, z\u00e1da, nebo si jen chcete dop\u0159\u00e1t vo\u0148avou koupel nebo mas\u00e1\u017e, m\u016f\u017eete zav\u00edtat do p\u0159\u00edrodn\u00ed l\u00e9k\u00e1rny <a href=\"https:\/\/www.salzburgerland.com\/cs\/salcbursky-saalachtal-bylinky\/\">Tradi\u010dn\u00ed evropsk\u00e9 medic\u00edny<\/a>.<\/p>\n<div id=\"attachment_153094\" style=\"width: 1180px\" class=\"wp-caption alignnone\"><img decoding=\"async\" aria-describedby=\"caption-attachment-153094\" class=\"wp-image-153094 size-1170_658\" src=\"https:\/\/cdn.salzburgerland.com\/cs\/wp-content\/uploads\/2022\/10\/das-salzburger-saalachtal-medium-1946-1170x658.jpg\" alt=\"Propolis, su\u0161en\u00e9 rostliny, prysky\u0159ice a dal\u0161\u00ed rostlinn\u00e9 produkty v keramick\u00e9m hmo\u017ed\u00ed\u0159i na d\u0159ev\u011bn\u00e9m stole. V Unkenu se prod\u00e1vaj\u00ed l\u00e9\u010div\u00e9 bylinn\u00e9 produkty Tradi\u010dn\u00ed evropsk\u00e9 medic\u00edny\" width=\"1170\" height=\"658\" srcset=\"https:\/\/www.salzburgerland.com\/cs\/wp-content\/uploads\/2022\/10\/das-salzburger-saalachtal-medium-1946-1170x658.jpg 1170w, https:\/\/www.salzburgerland.com\/cs\/wp-content\/uploads\/2022\/10\/das-salzburger-saalachtal-medium-1946-1200x675.jpg 1200w\" sizes=\"(max-width: 1170px) 100vw, 1170px\"><p id=\"caption-attachment-153094\" class=\"wp-caption-text\">L\u00e9\u010div\u00e9 produkty TEH Unken \u00a9 SalzburgerLand Tourismus<\/p><\/div>\n<h3><strong>Pestr\u00fd turistick\u00fd program<\/strong><\/h3>\n<p>Od prosince do dubna jsou na <a href=\"https:\/\/www.lofer.com\/en\/things-to-do-in-winter\/winter-activities\/winter-hiking\/winter-hiking-program\" target=\"_blank\" rel=\"noopener\">programu<\/a> pestr\u00e9 p\u011b\u0161\u00ed t\u00fary s\u00a0pr\u016fvodci. Ti prov\u00e1zej\u00ed z\u00e1jemce nap\u0159\u00edklad no\u010dn\u00ed krajinou s\u00a0lucernou p\u0159es zasn\u011b\u017een\u00e9 louky zimn\u00edm \u00fadol\u00edm. Pod\u00edv\u00e1te se s\u00a0nimi i do kaple ukryt\u00e9 ve sn\u011bhu v\u00a0Unkenu nebo na eko farmu v\u00a0St. Martin. Ka\u017ed\u00fd den v\u00a0t\u00fddnu n\u011bco jin\u00e9ho.<\/p>\n<div id=\"attachment_157115\" style=\"width: 1180px\" class=\"wp-caption alignnone\"><img decoding=\"async\" aria-describedby=\"caption-attachment-157115\" class=\"wp-image-157115 size-1170_658\" src=\"https:\/\/cdn.salzburgerland.com\/cs\/wp-content\/uploads\/2022\/10\/winter-landschaft-schnee-sonne-stadl-c-salzburger-saalachtal-tourismus-1170x658.jpg\" alt=\"Vrcholy hor nad zasn\u011b\u017eenou loukou s d\u0159ev\u011bn\u00fdm sen\u00edkem v Salcbursk\u00e9m Saalachtalu\" width=\"1170\" height=\"658\" srcset=\"https:\/\/www.salzburgerland.com\/cs\/wp-content\/uploads\/2022\/10\/winter-landschaft-schnee-sonne-stadl-c-salzburger-saalachtal-tourismus-1170x658.jpg 1170w, https:\/\/www.salzburgerland.com\/cs\/wp-content\/uploads\/2022\/10\/winter-landschaft-schnee-sonne-stadl-c-salzburger-saalachtal-tourismus-1200x675.jpg 1200w\" sizes=\"(max-width: 1170px) 100vw, 1170px\"><p id=\"caption-attachment-157115\" class=\"wp-caption-text\">Idylick\u00e1 zimn\u00ed krajina v Salcbursk\u00e9m Saalachtalu \u00a9 Salzburger Saalachtal Tourismus<\/p><\/div>\n<h3><strong>Nenechte si zkazit dovolenou<\/strong><\/h3>\n<p>Salcbursk\u00fd Saalachtal je kr\u00e1sn\u00fd v\u00a0l\u00e9t\u011b i v\u00a0zim\u011b. Je v\u0161ak tak\u00e9 d\u016fle\u017eit\u00e9, v\u011bd\u011bt o rizic\u00edch alpsk\u00e9ho ter\u00e9nu a p\u0159ipravit se na <a href=\"https:\/\/www.salzburgerland.com\/cs\/bezpecnost-v-alpach-v-zime\/\">bezpe\u010dnou dovolenou<\/a> dodr\u017eov\u00e1n\u00edm n\u011bkter\u00fdch d\u016fle\u017eit\u00fdch pravidel.<\/p>\n","protected":false},"excerpt":{"rendered":"<p>Cht\u011bli byste poznat region trochu jinak, pod\u00edvat se za dve\u0159e ekologick\u00e9 farmy nebo se proj\u00edt s\u00a0lucernami ve\u010der pod\u00e9l \u0159eky Saalach? Pak byste rozhodn\u011b m\u011bli vyzkou\u0161et t\u00faru s\u00a0pr\u016fvodcem. Nab\u00eddky jsou pestr\u00e9 a tematicky r\u016fznorod\u00e9. Mimochodem kdy\u017e se chyst\u00e1te na v\u00fdlet, nemus\u00edte se spol\u00e9hat na auto. K\u00a0v\u00fdchoz\u00edmu bodu v\u00fdletu V\u00e1s bezplatn\u011b doveze skibus. Zimn\u00ed turistika v\u00a0Almenwelt Lofer [&hellip;]<\/p>\n","protected":false},"author":6,"featured_media":157107,"comment_status":"closed","ping_status":"closed","sticky":false,"template":"","format":"standard","meta":{"_acf_changed":false,"wl_entities_gutenberg":"","_relevanssi_hide_post":"","_relevanssi_hide_content":"","_relevanssi_pin_for_all":"","_relevanssi_pin_keywords":"","_relevanssi_unpin_keywords":"","_relevanssi_related_keywords":"","_relevanssi_related_include_ids":"","_relevanssi_related_exclude_ids":"","_relevanssi_related_no_append":"","_relevanssi_related_not_related":"","_relevanssi_related_posts":"","_relevanssi_noindex_reason":"","footnotes":""},"categories":[1],"tags":[],"wl_entity_type":[706],"class_list":["post-153088","post","type-post","status-publish","format-standard","has-post-thumbnail","hentry","category-uncategorized","wl_entity_type-article"],"acf":[],"yoast_head":"<!-- This site is optimized with the Yoast SEO Premium plugin v27.4 (Yoast SEO v27.4) - https:\/\/yoast.com\/product\/yoast-seo-premium-wordpress\/ -->\n<title>Zimn\u00ed turistika v Salcbursk\u00e9m Saalachtalu \u00bb SalzburgerLand.com<\/title>\n<meta name=\"robots\" content=\"index, follow, max-snippet:-1, max-image-preview:large, max-video-preview:-1\" \/>\n<link rel=\"canonical\" href=\"https:\/\/www.salzburgerland.com\/cs\/salcbursky-saalachtal-zimni-turistika\/\" \/>\n<meta property=\"og:locale\" content=\"cs_CZ\" \/>\n<meta property=\"og:type\" content=\"article\" \/>\n<meta property=\"og:title\" content=\"Zimn\u00ed turistika v Salcbursk\u00e9m Saalachtalu\" \/>\n<meta property=\"og:description\" content=\"Cht\u011bli byste poznat region trochu jinak, pod\u00edvat se za dve\u0159e ekologick\u00e9 farmy nebo se proj\u00edt s\u00a0lucernami ve\u010der pod\u00e9l \u0159eky Saalach? Pak byste rozhodn\u011b m\u011bli\" \/>\n<meta property=\"og:url\" content=\"https:\/\/www.salzburgerland.com\/cs\/salcbursky-saalachtal-zimni-turistika\/\" \/>\n<meta property=\"og:site_name\" content=\"SalzburgerLand.com\" \/>\n<meta property=\"article:publisher\" content=\"https:\/\/www.facebook.com\/visitsalzburgerland\/\" \/>\n<meta property=\"article:published_time\" content=\"2022-10-05T14:42:16+00:00\" \/>\n<meta property=\"article:modified_time\" content=\"2024-10-13T22:53:06+00:00\" \/>\n<meta property=\"og:image\" content=\"https:\/\/www.salzburgerland.com\/cs\/wp-content\/uploads\/2021\/11\/lofer-steinberge-winter-ansicht-vom-knappenstadl--edith-danzer-5-1200x675.jpg\" \/>\n\t<meta property=\"og:image:width\" content=\"1200\" \/>\n\t<meta property=\"og:image:height\" content=\"675\" \/>\n\t<meta property=\"og:image:type\" content=\"image\/jpeg\" \/>\n<meta name=\"author\" content=\"Andrea \u017d\u00e1\u010dkov\u00e1\" \/>\n<meta name=\"twitter:card\" content=\"summary_large_image\" \/>\n<meta name=\"twitter:creator\" content=\"@salzburgerland\" \/>\n<meta name=\"twitter:site\" content=\"@salzburgerland\" \/>\n<meta name=\"twitter:label1\" content=\"Napsal(a)\" \/>\n\t<meta name=\"twitter:data1\" content=\"Andrea \u017d\u00e1\u010dkov\u00e1\" \/>\n\t<meta name=\"twitter:label2\" content=\"Odhadovan\u00e1 doba \u010dten\u00ed\" \/>\n\t<meta name=\"twitter:data2\" content=\"5 minut\" \/>\n<script type=\"application\/ld+json\" class=\"yoast-schema-graph\">{\"@context\":\"https:\\\/\\\/schema.org\",\"@graph\":[{\"@type\":\"Article\",\"@id\":\"https:\\\/\\\/www.salzburgerland.com\\\/cs\\\/salcbursky-saalachtal-zimni-turistika\\\/#article\",\"isPartOf\":{\"@id\":\"https:\\\/\\\/www.salzburgerland.com\\\/cs\\\/salcbursky-saalachtal-zimni-turistika\\\/\"},\"author\":{\"name\":\"Andrea \u017d\u00e1\u010dkov\u00e1\",\"@id\":\"https:\\\/\\\/www.salzburgerland.com\\\/cs\\\/#\\\/schema\\\/person\\\/dd42a4661897004df109095dbf40eeff\"},\"headline\":\"Zimn\u00ed turistika v Salcbursk\u00e9m Saalachtalu\",\"datePublished\":\"2022-10-05T14:42:16+00:00\",\"dateModified\":\"2024-10-13T22:53:06+00:00\",\"mainEntityOfPage\":{\"@id\":\"https:\\\/\\\/www.salzburgerland.com\\\/cs\\\/salcbursky-saalachtal-zimni-turistika\\\/\"},\"wordCount\":685,\"image\":{\"@id\":\"https:\\\/\\\/www.salzburgerland.com\\\/cs\\\/salcbursky-saalachtal-zimni-turistika\\\/#primaryimage\"},\"thumbnailUrl\":\"https:\\\/\\\/www.salzburgerland.com\\\/cs\\\/wp-content\\\/uploads\\\/2021\\\/11\\\/lofer-steinberge-winter-ansicht-vom-knappenstadl--edith-danzer-5.jpg\",\"articleSection\":[\"Uncategorized\"],\"inLanguage\":\"cs\"},{\"@type\":\"WebPage\",\"@id\":\"https:\\\/\\\/www.salzburgerland.com\\\/cs\\\/salcbursky-saalachtal-zimni-turistika\\\/\",\"url\":\"https:\\\/\\\/www.salzburgerland.com\\\/cs\\\/salcbursky-saalachtal-zimni-turistika\\\/\",\"name\":\"Zimn\u00ed turistika v Salcbursk\u00e9m Saalachtalu \u00bb SalzburgerLand.com\",\"isPartOf\":{\"@id\":\"https:\\\/\\\/www.salzburgerland.com\\\/cs\\\/#website\"},\"primaryImageOfPage\":{\"@id\":\"https:\\\/\\\/www.salzburgerland.com\\\/cs\\\/salcbursky-saalachtal-zimni-turistika\\\/#primaryimage\"},\"image\":{\"@id\":\"https:\\\/\\\/www.salzburgerland.com\\\/cs\\\/salcbursky-saalachtal-zimni-turistika\\\/#primaryimage\"},\"thumbnailUrl\":\"https:\\\/\\\/www.salzburgerland.com\\\/cs\\\/wp-content\\\/uploads\\\/2021\\\/11\\\/lofer-steinberge-winter-ansicht-vom-knappenstadl--edith-danzer-5.jpg\",\"datePublished\":\"2022-10-05T14:42:16+00:00\",\"dateModified\":\"2024-10-13T22:53:06+00:00\",\"author\":{\"@id\":\"https:\\\/\\\/www.salzburgerland.com\\\/cs\\\/#\\\/schema\\\/person\\\/dd42a4661897004df109095dbf40eeff\"},\"description\":\"V Salcbursk\u00e9m Saalachtalu najdete mnoho turistick\u00fdch tras, p\u0159izp\u016fsoben\u00fdch zimn\u00edm v\u00fdlet\u016fm, a to pro zdatn\u00e9 horaly, ale i rodiny s mal\u00fdmi d\u011btmi\",\"breadcrumb\":{\"@id\":\"https:\\\/\\\/www.salzburgerland.com\\\/cs\\\/salcbursky-saalachtal-zimni-turistika\\\/#breadcrumb\"},\"inLanguage\":\"cs\",\"potentialAction\":[{\"@type\":\"ReadAction\",\"target\":[\"https:\\\/\\\/www.salzburgerland.com\\\/cs\\\/salcbursky-saalachtal-zimni-turistika\\\/\"]}]},{\"@type\":\"ImageObject\",\"inLanguage\":\"cs\",\"@id\":\"https:\\\/\\\/www.salzburgerland.com\\\/cs\\\/salcbursky-saalachtal-zimni-turistika\\\/#primaryimage\",\"url\":\"https:\\\/\\\/www.salzburgerland.com\\\/cs\\\/wp-content\\\/uploads\\\/2021\\\/11\\\/lofer-steinberge-winter-ansicht-vom-knappenstadl--edith-danzer-5.jpg\",\"contentUrl\":\"https:\\\/\\\/www.salzburgerland.com\\\/cs\\\/wp-content\\\/uploads\\\/2021\\\/11\\\/lofer-steinberge-winter-ansicht-vom-knappenstadl--edith-danzer-5.jpg\",\"width\":1800,\"height\":1202,\"caption\":\"Zimn\u00ed pohled na Lofer Steinberge od hostince Knappenstadl v Loferu \u00a9 Edith Danzer\"},{\"@type\":\"BreadcrumbList\",\"@id\":\"https:\\\/\\\/www.salzburgerland.com\\\/cs\\\/salcbursky-saalachtal-zimni-turistika\\\/#breadcrumb\",\"itemListElement\":[{\"@type\":\"ListItem\",\"position\":1,\"name\":\"Salcbursk\u00fd Saalachtal v zim\u011b\",\"item\":\"https:\\\/\\\/www.salzburgerland.com\\\/cs\\\/salcbursky-saalachtal-v-zime\\\/\"},{\"@type\":\"ListItem\",\"position\":2,\"name\":\"Zimn\u00ed turistika v Salcbursk\u00e9m Saalachtalu\"}]},{\"@type\":\"WebSite\",\"@id\":\"https:\\\/\\\/www.salzburgerland.com\\\/cs\\\/#website\",\"url\":\"https:\\\/\\\/www.salzburgerland.com\\\/cs\\\/\",\"name\":\"SalzburgerLand.com\",\"description\":\"Va\u0161e dovolen\u00e1 v Salcburku, Rakousko\",\"potentialAction\":[{\"@type\":\"SearchAction\",\"target\":{\"@type\":\"EntryPoint\",\"urlTemplate\":\"https:\\\/\\\/www.salzburgerland.com\\\/cs\\\/?s={search_term_string}\"},\"query-input\":{\"@type\":\"PropertyValueSpecification\",\"valueRequired\":true,\"valueName\":\"search_term_string\"}}],\"inLanguage\":\"cs\"},{\"@type\":\"Person\",\"@id\":\"https:\\\/\\\/www.salzburgerland.com\\\/cs\\\/#\\\/schema\\\/person\\\/dd42a4661897004df109095dbf40eeff\",\"name\":\"Andrea \u017d\u00e1\u010dkov\u00e1\",\"image\":{\"@type\":\"ImageObject\",\"inLanguage\":\"cs\",\"@id\":\"https:\\\/\\\/secure.gravatar.com\\\/avatar\\\/338deec8d231d56d0ab7b2b7d6d0aedbcb3eb05390f6c027fd5b7ebe87b67dbf?s=96&d=mm&r=g\",\"url\":\"https:\\\/\\\/secure.gravatar.com\\\/avatar\\\/338deec8d231d56d0ab7b2b7d6d0aedbcb3eb05390f6c027fd5b7ebe87b67dbf?s=96&d=mm&r=g\",\"contentUrl\":\"https:\\\/\\\/secure.gravatar.com\\\/avatar\\\/338deec8d231d56d0ab7b2b7d6d0aedbcb3eb05390f6c027fd5b7ebe87b67dbf?s=96&d=mm&r=g\",\"caption\":\"Andrea \u017d\u00e1\u010dkov\u00e1\"}}]}<\/script>\n<!-- \/ Yoast SEO Premium plugin. -->","yoast_head_json":{"title":"Zimn\u00ed turistika v Salcbursk\u00e9m Saalachtalu \u00bb SalzburgerLand.com","robots":{"index":"index","follow":"follow","max-snippet":"max-snippet:-1","max-image-preview":"max-image-preview:large","max-video-preview":"max-video-preview:-1"},"canonical":"https:\/\/www.salzburgerland.com\/cs\/salcbursky-saalachtal-zimni-turistika\/","og_locale":"cs_CZ","og_type":"article","og_title":"Zimn\u00ed turistika v Salcbursk\u00e9m Saalachtalu","og_description":"Cht\u011bli byste poznat region trochu jinak, pod\u00edvat se za dve\u0159e ekologick\u00e9 farmy nebo se proj\u00edt s\u00a0lucernami ve\u010der pod\u00e9l \u0159eky Saalach? Pak byste rozhodn\u011b m\u011bli","og_url":"https:\/\/www.salzburgerland.com\/cs\/salcbursky-saalachtal-zimni-turistika\/","og_site_name":"SalzburgerLand.com","article_publisher":"https:\/\/www.facebook.com\/visitsalzburgerland\/","article_published_time":"2022-10-05T14:42:16+00:00","article_modified_time":"2024-10-13T22:53:06+00:00","og_image":[{"width":1200,"height":675,"url":"https:\/\/www.salzburgerland.com\/cs\/wp-content\/uploads\/2021\/11\/lofer-steinberge-winter-ansicht-vom-knappenstadl--edith-danzer-5-1200x675.jpg","type":"image\/jpeg"}],"author":"Andrea \u017d\u00e1\u010dkov\u00e1","twitter_card":"summary_large_image","twitter_creator":"@salzburgerland","twitter_site":"@salzburgerland","twitter_misc":{"Napsal(a)":"Andrea \u017d\u00e1\u010dkov\u00e1","Odhadovan\u00e1 doba \u010dten\u00ed":"5 minut"},"schema":{"@context":"https:\/\/schema.org","@graph":[{"@type":"Article","@id":"https:\/\/www.salzburgerland.com\/cs\/salcbursky-saalachtal-zimni-turistika\/#article","isPartOf":{"@id":"https:\/\/www.salzburgerland.com\/cs\/salcbursky-saalachtal-zimni-turistika\/"},"author":{"name":"Andrea \u017d\u00e1\u010dkov\u00e1","@id":"https:\/\/www.salzburgerland.com\/cs\/#\/schema\/person\/dd42a4661897004df109095dbf40eeff"},"headline":"Zimn\u00ed turistika v Salcbursk\u00e9m Saalachtalu","datePublished":"2022-10-05T14:42:16+00:00","dateModified":"2024-10-13T22:53:06+00:00","mainEntityOfPage":{"@id":"https:\/\/www.salzburgerland.com\/cs\/salcbursky-saalachtal-zimni-turistika\/"},"wordCount":685,"image":{"@id":"https:\/\/www.salzburgerland.com\/cs\/salcbursky-saalachtal-zimni-turistika\/#primaryimage"},"thumbnailUrl":"https:\/\/www.salzburgerland.com\/cs\/wp-content\/uploads\/2021\/11\/lofer-steinberge-winter-ansicht-vom-knappenstadl--edith-danzer-5.jpg","articleSection":["Uncategorized"],"inLanguage":"cs"},{"@type":"WebPage","@id":"https:\/\/www.salzburgerland.com\/cs\/salcbursky-saalachtal-zimni-turistika\/","url":"https:\/\/www.salzburgerland.com\/cs\/salcbursky-saalachtal-zimni-turistika\/","name":"Zimn\u00ed turistika v Salcbursk\u00e9m Saalachtalu \u00bb SalzburgerLand.com","isPartOf":{"@id":"https:\/\/www.salzburgerland.com\/cs\/#website"},"primaryImageOfPage":{"@id":"https:\/\/www.salzburgerland.com\/cs\/salcbursky-saalachtal-zimni-turistika\/#primaryimage"},"image":{"@id":"https:\/\/www.salzburgerland.com\/cs\/salcbursky-saalachtal-zimni-turistika\/#primaryimage"},"thumbnailUrl":"https:\/\/www.salzburgerland.com\/cs\/wp-content\/uploads\/2021\/11\/lofer-steinberge-winter-ansicht-vom-knappenstadl--edith-danzer-5.jpg","datePublished":"2022-10-05T14:42:16+00:00","dateModified":"2024-10-13T22:53:06+00:00","author":{"@id":"https:\/\/www.salzburgerland.com\/cs\/#\/schema\/person\/dd42a4661897004df109095dbf40eeff"},"description":"V Salcbursk\u00e9m Saalachtalu najdete mnoho turistick\u00fdch tras, p\u0159izp\u016fsoben\u00fdch zimn\u00edm v\u00fdlet\u016fm, a to pro zdatn\u00e9 horaly, ale i rodiny s mal\u00fdmi d\u011btmi","breadcrumb":{"@id":"https:\/\/www.salzburgerland.com\/cs\/salcbursky-saalachtal-zimni-turistika\/#breadcrumb"},"inLanguage":"cs","potentialAction":[{"@type":"ReadAction","target":["https:\/\/www.salzburgerland.com\/cs\/salcbursky-saalachtal-zimni-turistika\/"]}]},{"@type":"ImageObject","inLanguage":"cs","@id":"https:\/\/www.salzburgerland.com\/cs\/salcbursky-saalachtal-zimni-turistika\/#primaryimage","url":"https:\/\/www.salzburgerland.com\/cs\/wp-content\/uploads\/2021\/11\/lofer-steinberge-winter-ansicht-vom-knappenstadl--edith-danzer-5.jpg","contentUrl":"https:\/\/www.salzburgerland.com\/cs\/wp-content\/uploads\/2021\/11\/lofer-steinberge-winter-ansicht-vom-knappenstadl--edith-danzer-5.jpg","width":1800,"height":1202,"caption":"Zimn\u00ed pohled na Lofer Steinberge od hostince Knappenstadl v Loferu \u00a9 Edith Danzer"},{"@type":"BreadcrumbList","@id":"https:\/\/www.salzburgerland.com\/cs\/salcbursky-saalachtal-zimni-turistika\/#breadcrumb","itemListElement":[{"@type":"ListItem","position":1,"name":"Salcbursk\u00fd Saalachtal v zim\u011b","item":"https:\/\/www.salzburgerland.com\/cs\/salcbursky-saalachtal-v-zime\/"},{"@type":"ListItem","position":2,"name":"Zimn\u00ed turistika v Salcbursk\u00e9m Saalachtalu"}]},{"@type":"WebSite","@id":"https:\/\/www.salzburgerland.com\/cs\/#website","url":"https:\/\/www.salzburgerland.com\/cs\/","name":"SalzburgerLand.com","description":"Va\u0161e dovolen\u00e1 v Salcburku, Rakousko","potentialAction":[{"@type":"SearchAction","target":{"@type":"EntryPoint","urlTemplate":"https:\/\/www.salzburgerland.com\/cs\/?s={search_term_string}"},"query-input":{"@type":"PropertyValueSpecification","valueRequired":true,"valueName":"search_term_string"}}],"inLanguage":"cs"},{"@type":"Person","@id":"https:\/\/www.salzburgerland.com\/cs\/#\/schema\/person\/dd42a4661897004df109095dbf40eeff","name":"Andrea \u017d\u00e1\u010dkov\u00e1","image":{"@type":"ImageObject","inLanguage":"cs","@id":"https:\/\/secure.gravatar.com\/avatar\/338deec8d231d56d0ab7b2b7d6d0aedbcb3eb05390f6c027fd5b7ebe87b67dbf?s=96&d=mm&r=g","url":"https:\/\/secure.gravatar.com\/avatar\/338deec8d231d56d0ab7b2b7d6d0aedbcb3eb05390f6c027fd5b7ebe87b67dbf?s=96&d=mm&r=g","contentUrl":"https:\/\/secure.gravatar.com\/avatar\/338deec8d231d56d0ab7b2b7d6d0aedbcb3eb05390f6c027fd5b7ebe87b67dbf?s=96&d=mm&r=g","caption":"Andrea \u017d\u00e1\u010dkov\u00e1"}}]}},"_wl_alt_label":[],"wl:entity_url":"http:\/\/open.salzburgerland.com\/cs\/post\/salcbursky-saalachtal-zimni-turistika-153088","_links":{"self":[{"href":"https:\/\/www.salzburgerland.com\/cs\/wp-json\/wp\/v2\/posts\/153088","targetHints":{"allow":["GET"]}}],"collection":[{"href":"https:\/\/www.salzburgerland.com\/cs\/wp-json\/wp\/v2\/posts"}],"about":[{"href":"https:\/\/www.salzburgerland.com\/cs\/wp-json\/wp\/v2\/types\/post"}],"author":[{"embeddable":true,"href":"https:\/\/www.salzburgerland.com\/cs\/wp-json\/wp\/v2\/users\/6"}],"replies":[{"embeddable":true,"href":"https:\/\/www.salzburgerland.com\/cs\/wp-json\/wp\/v2\/comments?post=153088"}],"version-history":[{"count":9,"href":"https:\/\/www.salzburgerland.com\/cs\/wp-json\/wp\/v2\/posts\/153088\/revisions"}],"predecessor-version":[{"id":160813,"href":"https:\/\/www.salzburgerland.com\/cs\/wp-json\/wp\/v2\/posts\/153088\/revisions\/160813"}],"wp:featuredmedia":[{"embeddable":true,"href":"https:\/\/www.salzburgerland.com\/cs\/wp-json\/wp\/v2\/media\/157107"}],"wp:attachment":[{"href":"https:\/\/www.salzburgerland.com\/cs\/wp-json\/wp\/v2\/media?parent=153088"}],"wp:term":[{"taxonomy":"category","embeddable":true,"href":"https:\/\/www.salzburgerland.com\/cs\/wp-json\/wp\/v2\/categories?post=153088"},{"taxonomy":"post_tag","embeddable":true,"href":"https:\/\/www.salzburgerland.com\/cs\/wp-json\/wp\/v2\/tags?post=153088"},{"taxonomy":"wl_entity_type","embeddable":true,"href":"https:\/\/www.salzburgerland.com\/cs\/wp-json\/wp\/v2\/wl_entity_type?post=153088"}],"curies":[{"name":"wp","href":"https:\/\/api.w.org\/{rel}","templated":true}]}}