{"id":152484,"date":"2022-08-10T20:47:18","date_gmt":"2022-08-10T18:47:18","guid":{"rendered":"https:\/\/www.salzburgerland.com\/cs\/?p=152484"},"modified":"2022-08-23T15:12:32","modified_gmt":"2022-08-23T13:12:32","slug":"10-dobre-strezenych-taju-salcburska","status":"publish","type":"post","link":"https:\/\/www.salzburgerland.com\/cs\/10-dobre-strezenych-taju-salcburska\/","title":{"rendered":"10 dob\u0159e st\u0159e\u017een\u00fdch taj\u016f Salcburska"},"content":{"rendered":"","protected":false},"excerpt":{"rendered":"","protected":false},"author":6,"featured_media":152485,"comment_status":"closed","ping_status":"closed","sticky":false,"template":"","format":"standard","meta":{"_acf_changed":false,"wl_entities_gutenberg":"","_relevanssi_hide_post":"","_relevanssi_hide_content":"","_relevanssi_pin_for_all":"","_relevanssi_pin_keywords":"","_relevanssi_unpin_keywords":"","_relevanssi_related_keywords":"","_relevanssi_related_include_ids":"","_relevanssi_related_exclude_ids":"","_relevanssi_related_no_append":"","_relevanssi_related_not_related":"","_relevanssi_related_posts":"","_relevanssi_noindex_reason":"","footnotes":""},"categories":[1],"tags":[],"wl_entity_type":[706],"class_list":["post-152484","post","type-post","status-publish","format-standard","has-post-thumbnail","hentry","category-uncategorized","wl_entity_type-article"],"acf":[],"yoast_head":"<!-- This site is optimized with the Yoast SEO Premium plugin v27.4 (Yoast SEO v27.4) - https:\/\/yoast.com\/product\/yoast-seo-premium-wordpress\/ -->\n<title>10 dob\u0159e st\u0159e\u017een\u00fdch taj\u016f Salcburska \u00bb SalzburgerLand.com<\/title>\n<meta name=\"robots\" content=\"index, follow, max-snippet:-1, max-image-preview:large, max-video-preview:-1\" \/>\n<link rel=\"canonical\" href=\"https:\/\/www.salzburgerland.com\/cs\/10-dobre-strezenych-taju-salcburska\/\" \/>\n<meta property=\"og:locale\" content=\"cs_CZ\" \/>\n<meta property=\"og:type\" content=\"article\" \/>\n<meta property=\"og:title\" content=\"10 dob\u0159e st\u0159e\u017een\u00fdch taj\u016f Salcburska\" \/>\n<meta property=\"og:url\" content=\"https:\/\/www.salzburgerland.com\/cs\/10-dobre-strezenych-taju-salcburska\/\" \/>\n<meta property=\"og:site_name\" content=\"SalzburgerLand.com\" \/>\n<meta property=\"article:publisher\" content=\"https:\/\/www.facebook.com\/visitsalzburgerland\/\" \/>\n<meta property=\"article:published_time\" content=\"2022-08-10T18:47:18+00:00\" \/>\n<meta property=\"article:modified_time\" content=\"2022-08-23T13:12:32+00:00\" \/>\n<meta property=\"og:image\" content=\"https:\/\/www.salzburgerland.com\/cs\/wp-content\/uploads\/2022\/08\/rs4108_2020-08-27-mutter-und-tochter-am-berg-beim-sonnenuntergang-by-michael-groessinger-_a2a9645-bearbeitet-lpr1-1170x658-1.jpg\" \/>\n\t<meta property=\"og:image:width\" content=\"1170\" \/>\n\t<meta property=\"og:image:height\" content=\"658\" \/>\n\t<meta property=\"og:image:type\" content=\"image\/jpeg\" \/>\n<meta name=\"author\" content=\"Andrea \u017d\u00e1\u010dkov\u00e1\" \/>\n<meta name=\"twitter:card\" content=\"summary_large_image\" \/>\n<meta name=\"twitter:creator\" content=\"@salzburgerland\" \/>\n<meta name=\"twitter:site\" content=\"@salzburgerland\" \/>\n<meta name=\"twitter:label1\" content=\"Napsal(a)\" \/>\n\t<meta name=\"twitter:data1\" content=\"Andrea \u017d\u00e1\u010dkov\u00e1\" \/>\n<script type=\"application\/ld+json\" class=\"yoast-schema-graph\">{\"@context\":\"https:\\\/\\\/schema.org\",\"@graph\":[{\"@type\":\"Article\",\"@id\":\"https:\\\/\\\/www.salzburgerland.com\\\/cs\\\/10-dobre-strezenych-taju-salcburska\\\/#article\",\"isPartOf\":{\"@id\":\"https:\\\/\\\/www.salzburgerland.com\\\/cs\\\/10-dobre-strezenych-taju-salcburska\\\/\"},\"author\":{\"name\":\"Andrea \u017d\u00e1\u010dkov\u00e1\",\"@id\":\"https:\\\/\\\/www.salzburgerland.com\\\/cs\\\/#\\\/schema\\\/person\\\/dd42a4661897004df109095dbf40eeff\"},\"headline\":\"10 dob\u0159e st\u0159e\u017een\u00fdch taj\u016f Salcburska\",\"datePublished\":\"2022-08-10T18:47:18+00:00\",\"dateModified\":\"2022-08-23T13:12:32+00:00\",\"mainEntityOfPage\":{\"@id\":\"https:\\\/\\\/www.salzburgerland.com\\\/cs\\\/10-dobre-strezenych-taju-salcburska\\\/\"},\"wordCount\":8,\"image\":{\"@id\":\"https:\\\/\\\/www.salzburgerland.com\\\/cs\\\/10-dobre-strezenych-taju-salcburska\\\/#primaryimage\"},\"thumbnailUrl\":\"https:\\\/\\\/www.salzburgerland.com\\\/cs\\\/wp-content\\\/uploads\\\/2022\\\/08\\\/rs4108_2020-08-27-mutter-und-tochter-am-berg-beim-sonnenuntergang-by-michael-groessinger-_a2a9645-bearbeitet-lpr1-1170x658-1.jpg\",\"articleSection\":[\"Uncategorized\"],\"inLanguage\":\"cs\"},{\"@type\":\"WebPage\",\"@id\":\"https:\\\/\\\/www.salzburgerland.com\\\/cs\\\/10-dobre-strezenych-taju-salcburska\\\/\",\"url\":\"https:\\\/\\\/www.salzburgerland.com\\\/cs\\\/10-dobre-strezenych-taju-salcburska\\\/\",\"name\":\"10 dob\u0159e st\u0159e\u017een\u00fdch taj\u016f Salcburska \u00bb SalzburgerLand.com\",\"isPartOf\":{\"@id\":\"https:\\\/\\\/www.salzburgerland.com\\\/cs\\\/#website\"},\"primaryImageOfPage\":{\"@id\":\"https:\\\/\\\/www.salzburgerland.com\\\/cs\\\/10-dobre-strezenych-taju-salcburska\\\/#primaryimage\"},\"image\":{\"@id\":\"https:\\\/\\\/www.salzburgerland.com\\\/cs\\\/10-dobre-strezenych-taju-salcburska\\\/#primaryimage\"},\"thumbnailUrl\":\"https:\\\/\\\/www.salzburgerland.com\\\/cs\\\/wp-content\\\/uploads\\\/2022\\\/08\\\/rs4108_2020-08-27-mutter-und-tochter-am-berg-beim-sonnenuntergang-by-michael-groessinger-_a2a9645-bearbeitet-lpr1-1170x658-1.jpg\",\"datePublished\":\"2022-08-10T18:47:18+00:00\",\"dateModified\":\"2022-08-23T13:12:32+00:00\",\"author\":{\"@id\":\"https:\\\/\\\/www.salzburgerland.com\\\/cs\\\/#\\\/schema\\\/person\\\/dd42a4661897004df109095dbf40eeff\"},\"description\":\"10 zaj\u00edmav\u00fdch m\u00edst, kter\u00e9 byste v Salcbursku nem\u011bli minout.\",\"breadcrumb\":{\"@id\":\"https:\\\/\\\/www.salzburgerland.com\\\/cs\\\/10-dobre-strezenych-taju-salcburska\\\/#breadcrumb\"},\"inLanguage\":\"cs\",\"potentialAction\":[{\"@type\":\"ReadAction\",\"target\":[\"https:\\\/\\\/www.salzburgerland.com\\\/cs\\\/10-dobre-strezenych-taju-salcburska\\\/\"]}]},{\"@type\":\"ImageObject\",\"inLanguage\":\"cs\",\"@id\":\"https:\\\/\\\/www.salzburgerland.com\\\/cs\\\/10-dobre-strezenych-taju-salcburska\\\/#primaryimage\",\"url\":\"https:\\\/\\\/www.salzburgerland.com\\\/cs\\\/wp-content\\\/uploads\\\/2022\\\/08\\\/rs4108_2020-08-27-mutter-und-tochter-am-berg-beim-sonnenuntergang-by-michael-groessinger-_a2a9645-bearbeitet-lpr1-1170x658-1.jpg\",\"contentUrl\":\"https:\\\/\\\/www.salzburgerland.com\\\/cs\\\/wp-content\\\/uploads\\\/2022\\\/08\\\/rs4108_2020-08-27-mutter-und-tochter-am-berg-beim-sonnenuntergang-by-michael-groessinger-_a2a9645-bearbeitet-lpr1-1170x658-1.jpg\",\"width\":1170,\"height\":658,\"caption\":\"Uk\u00e1zkov\u00fd z\u00e1pad slunce z hory Ellmaustein s pohledem na jezero Fuschlsee \u00a9 SalzburgerLand Tourismus, Michael Groessinger\"},{\"@type\":\"BreadcrumbList\",\"@id\":\"https:\\\/\\\/www.salzburgerland.com\\\/cs\\\/10-dobre-strezenych-taju-salcburska\\\/#breadcrumb\",\"itemListElement\":[{\"@type\":\"ListItem\",\"position\":1,\"name\":\"L\u00e9to v Salcbursku\",\"item\":\"https:\\\/\\\/www.salzburgerland.com\\\/cs\\\/leto\\\/\"},{\"@type\":\"ListItem\",\"position\":2,\"name\":\"10 dob\u0159e st\u0159e\u017een\u00fdch taj\u016f Salcburska\"}]},{\"@type\":\"WebSite\",\"@id\":\"https:\\\/\\\/www.salzburgerland.com\\\/cs\\\/#website\",\"url\":\"https:\\\/\\\/www.salzburgerland.com\\\/cs\\\/\",\"name\":\"SalzburgerLand.com\",\"description\":\"Va\u0161e dovolen\u00e1 v Salcburku, Rakousko\",\"potentialAction\":[{\"@type\":\"SearchAction\",\"target\":{\"@type\":\"EntryPoint\",\"urlTemplate\":\"https:\\\/\\\/www.salzburgerland.com\\\/cs\\\/?s={search_term_string}\"},\"query-input\":{\"@type\":\"PropertyValueSpecification\",\"valueRequired\":true,\"valueName\":\"search_term_string\"}}],\"inLanguage\":\"cs\"},{\"@type\":\"Person\",\"@id\":\"https:\\\/\\\/www.salzburgerland.com\\\/cs\\\/#\\\/schema\\\/person\\\/dd42a4661897004df109095dbf40eeff\",\"name\":\"Andrea \u017d\u00e1\u010dkov\u00e1\",\"image\":{\"@type\":\"ImageObject\",\"inLanguage\":\"cs\",\"@id\":\"https:\\\/\\\/secure.gravatar.com\\\/avatar\\\/338deec8d231d56d0ab7b2b7d6d0aedbcb3eb05390f6c027fd5b7ebe87b67dbf?s=96&d=mm&r=g\",\"url\":\"https:\\\/\\\/secure.gravatar.com\\\/avatar\\\/338deec8d231d56d0ab7b2b7d6d0aedbcb3eb05390f6c027fd5b7ebe87b67dbf?s=96&d=mm&r=g\",\"contentUrl\":\"https:\\\/\\\/secure.gravatar.com\\\/avatar\\\/338deec8d231d56d0ab7b2b7d6d0aedbcb3eb05390f6c027fd5b7ebe87b67dbf?s=96&d=mm&r=g\",\"caption\":\"Andrea \u017d\u00e1\u010dkov\u00e1\"}}]}<\/script>\n<!-- \/ Yoast SEO Premium plugin. -->","yoast_head_json":{"title":"10 dob\u0159e st\u0159e\u017een\u00fdch taj\u016f Salcburska \u00bb SalzburgerLand.com","robots":{"index":"index","follow":"follow","max-snippet":"max-snippet:-1","max-image-preview":"max-image-preview:large","max-video-preview":"max-video-preview:-1"},"canonical":"https:\/\/www.salzburgerland.com\/cs\/10-dobre-strezenych-taju-salcburska\/","og_locale":"cs_CZ","og_type":"article","og_title":"10 dob\u0159e st\u0159e\u017een\u00fdch taj\u016f Salcburska","og_url":"https:\/\/www.salzburgerland.com\/cs\/10-dobre-strezenych-taju-salcburska\/","og_site_name":"SalzburgerLand.com","article_publisher":"https:\/\/www.facebook.com\/visitsalzburgerland\/","article_published_time":"2022-08-10T18:47:18+00:00","article_modified_time":"2022-08-23T13:12:32+00:00","og_image":[{"url":"https:\/\/www.salzburgerland.com\/cs\/wp-content\/uploads\/2022\/08\/rs4108_2020-08-27-mutter-und-tochter-am-berg-beim-sonnenuntergang-by-michael-groessinger-_a2a9645-bearbeitet-lpr1-1170x658-1.jpg","width":1170,"height":658,"type":"image\/jpeg"}],"author":"Andrea \u017d\u00e1\u010dkov\u00e1","twitter_card":"summary_large_image","twitter_creator":"@salzburgerland","twitter_site":"@salzburgerland","twitter_misc":{"Napsal(a)":"Andrea \u017d\u00e1\u010dkov\u00e1"},"schema":{"@context":"https:\/\/schema.org","@graph":[{"@type":"Article","@id":"https:\/\/www.salzburgerland.com\/cs\/10-dobre-strezenych-taju-salcburska\/#article","isPartOf":{"@id":"https:\/\/www.salzburgerland.com\/cs\/10-dobre-strezenych-taju-salcburska\/"},"author":{"name":"Andrea \u017d\u00e1\u010dkov\u00e1","@id":"https:\/\/www.salzburgerland.com\/cs\/#\/schema\/person\/dd42a4661897004df109095dbf40eeff"},"headline":"10 dob\u0159e st\u0159e\u017een\u00fdch taj\u016f Salcburska","datePublished":"2022-08-10T18:47:18+00:00","dateModified":"2022-08-23T13:12:32+00:00","mainEntityOfPage":{"@id":"https:\/\/www.salzburgerland.com\/cs\/10-dobre-strezenych-taju-salcburska\/"},"wordCount":8,"image":{"@id":"https:\/\/www.salzburgerland.com\/cs\/10-dobre-strezenych-taju-salcburska\/#primaryimage"},"thumbnailUrl":"https:\/\/www.salzburgerland.com\/cs\/wp-content\/uploads\/2022\/08\/rs4108_2020-08-27-mutter-und-tochter-am-berg-beim-sonnenuntergang-by-michael-groessinger-_a2a9645-bearbeitet-lpr1-1170x658-1.jpg","articleSection":["Uncategorized"],"inLanguage":"cs"},{"@type":"WebPage","@id":"https:\/\/www.salzburgerland.com\/cs\/10-dobre-strezenych-taju-salcburska\/","url":"https:\/\/www.salzburgerland.com\/cs\/10-dobre-strezenych-taju-salcburska\/","name":"10 dob\u0159e st\u0159e\u017een\u00fdch taj\u016f Salcburska \u00bb SalzburgerLand.com","isPartOf":{"@id":"https:\/\/www.salzburgerland.com\/cs\/#website"},"primaryImageOfPage":{"@id":"https:\/\/www.salzburgerland.com\/cs\/10-dobre-strezenych-taju-salcburska\/#primaryimage"},"image":{"@id":"https:\/\/www.salzburgerland.com\/cs\/10-dobre-strezenych-taju-salcburska\/#primaryimage"},"thumbnailUrl":"https:\/\/www.salzburgerland.com\/cs\/wp-content\/uploads\/2022\/08\/rs4108_2020-08-27-mutter-und-tochter-am-berg-beim-sonnenuntergang-by-michael-groessinger-_a2a9645-bearbeitet-lpr1-1170x658-1.jpg","datePublished":"2022-08-10T18:47:18+00:00","dateModified":"2022-08-23T13:12:32+00:00","author":{"@id":"https:\/\/www.salzburgerland.com\/cs\/#\/schema\/person\/dd42a4661897004df109095dbf40eeff"},"description":"10 zaj\u00edmav\u00fdch m\u00edst, kter\u00e9 byste v Salcbursku nem\u011bli minout.","breadcrumb":{"@id":"https:\/\/www.salzburgerland.com\/cs\/10-dobre-strezenych-taju-salcburska\/#breadcrumb"},"inLanguage":"cs","potentialAction":[{"@type":"ReadAction","target":["https:\/\/www.salzburgerland.com\/cs\/10-dobre-strezenych-taju-salcburska\/"]}]},{"@type":"ImageObject","inLanguage":"cs","@id":"https:\/\/www.salzburgerland.com\/cs\/10-dobre-strezenych-taju-salcburska\/#primaryimage","url":"https:\/\/www.salzburgerland.com\/cs\/wp-content\/uploads\/2022\/08\/rs4108_2020-08-27-mutter-und-tochter-am-berg-beim-sonnenuntergang-by-michael-groessinger-_a2a9645-bearbeitet-lpr1-1170x658-1.jpg","contentUrl":"https:\/\/www.salzburgerland.com\/cs\/wp-content\/uploads\/2022\/08\/rs4108_2020-08-27-mutter-und-tochter-am-berg-beim-sonnenuntergang-by-michael-groessinger-_a2a9645-bearbeitet-lpr1-1170x658-1.jpg","width":1170,"height":658,"caption":"Uk\u00e1zkov\u00fd z\u00e1pad slunce z hory Ellmaustein s pohledem na jezero Fuschlsee \u00a9 SalzburgerLand Tourismus, Michael Groessinger"},{"@type":"BreadcrumbList","@id":"https:\/\/www.salzburgerland.com\/cs\/10-dobre-strezenych-taju-salcburska\/#breadcrumb","itemListElement":[{"@type":"ListItem","position":1,"name":"L\u00e9to v Salcbursku","item":"https:\/\/www.salzburgerland.com\/cs\/leto\/"},{"@type":"ListItem","position":2,"name":"10 dob\u0159e st\u0159e\u017een\u00fdch taj\u016f Salcburska"}]},{"@type":"WebSite","@id":"https:\/\/www.salzburgerland.com\/cs\/#website","url":"https:\/\/www.salzburgerland.com\/cs\/","name":"SalzburgerLand.com","description":"Va\u0161e dovolen\u00e1 v Salcburku, Rakousko","potentialAction":[{"@type":"SearchAction","target":{"@type":"EntryPoint","urlTemplate":"https:\/\/www.salzburgerland.com\/cs\/?s={search_term_string}"},"query-input":{"@type":"PropertyValueSpecification","valueRequired":true,"valueName":"search_term_string"}}],"inLanguage":"cs"},{"@type":"Person","@id":"https:\/\/www.salzburgerland.com\/cs\/#\/schema\/person\/dd42a4661897004df109095dbf40eeff","name":"Andrea \u017d\u00e1\u010dkov\u00e1","image":{"@type":"ImageObject","inLanguage":"cs","@id":"https:\/\/secure.gravatar.com\/avatar\/338deec8d231d56d0ab7b2b7d6d0aedbcb3eb05390f6c027fd5b7ebe87b67dbf?s=96&d=mm&r=g","url":"https:\/\/secure.gravatar.com\/avatar\/338deec8d231d56d0ab7b2b7d6d0aedbcb3eb05390f6c027fd5b7ebe87b67dbf?s=96&d=mm&r=g","contentUrl":"https:\/\/secure.gravatar.com\/avatar\/338deec8d231d56d0ab7b2b7d6d0aedbcb3eb05390f6c027fd5b7ebe87b67dbf?s=96&d=mm&r=g","caption":"Andrea \u017d\u00e1\u010dkov\u00e1"}}]}},"_wl_alt_label":[],"wl:entity_url":"http:\/\/open.salzburgerland.com\/cs\/post\/10-dobre-strezenych-taju-salcburska-152484","_links":{"self":[{"href":"https:\/\/www.salzburgerland.com\/cs\/wp-json\/wp\/v2\/posts\/152484","targetHints":{"allow":["GET"]}}],"collection":[{"href":"https:\/\/www.salzburgerland.com\/cs\/wp-json\/wp\/v2\/posts"}],"about":[{"href":"https:\/\/www.salzburgerland.com\/cs\/wp-json\/wp\/v2\/types\/post"}],"author":[{"embeddable":true,"href":"https:\/\/www.salzburgerland.com\/cs\/wp-json\/wp\/v2\/users\/6"}],"replies":[{"embeddable":true,"href":"https:\/\/www.salzburgerland.com\/cs\/wp-json\/wp\/v2\/comments?post=152484"}],"version-history":[{"count":5,"href":"https:\/\/www.salzburgerland.com\/cs\/wp-json\/wp\/v2\/posts\/152484\/revisions"}],"predecessor-version":[{"id":152652,"href":"https:\/\/www.salzburgerland.com\/cs\/wp-json\/wp\/v2\/posts\/152484\/revisions\/152652"}],"wp:featuredmedia":[{"embeddable":true,"href":"https:\/\/www.salzburgerland.com\/cs\/wp-json\/wp\/v2\/media\/152485"}],"wp:attachment":[{"href":"https:\/\/www.salzburgerland.com\/cs\/wp-json\/wp\/v2\/media?parent=152484"}],"wp:term":[{"taxonomy":"category","embeddable":true,"href":"https:\/\/www.salzburgerland.com\/cs\/wp-json\/wp\/v2\/categories?post=152484"},{"taxonomy":"post_tag","embeddable":true,"href":"https:\/\/www.salzburgerland.com\/cs\/wp-json\/wp\/v2\/tags?post=152484"},{"taxonomy":"wl_entity_type","embeddable":true,"href":"https:\/\/www.salzburgerland.com\/cs\/wp-json\/wp\/v2\/wl_entity_type?post=152484"}],"curies":[{"name":"wp","href":"https:\/\/api.w.org\/{rel}","templated":true}]}}