{"id":152458,"date":"2022-08-04T15:38:09","date_gmt":"2022-08-04T13:38:09","guid":{"rendered":"https:\/\/www.salzburgerland.com\/cs\/?p=152458"},"modified":"2023-07-25T18:34:33","modified_gmt":"2023-07-25T16:34:33","slug":"salcbursky-lungau-preberske-strileni","status":"publish","type":"post","link":"https:\/\/www.salzburgerland.com\/cs\/salcbursky-lungau-preberske-strileni\/","title":{"rendered":"Jedine\u010dn\u00e9 st\u0159eleck\u00e9 z\u00e1vody u Prebersee"},"content":{"rendered":"<p>Hladk\u00e9, tmav\u00e9, klidn\u00e9\u2026 Podle jedn\u00e9 (z mnoha) legend se fenom\u00e9n jezera zrodil d\u00edky nepoda\u0159en\u00e9mu v\u00fdst\u0159elu p\u0159i lovu kachny. Kv\u016fli mnoha organick\u00fdm l\u00e1tk\u00e1m a vysok\u00e9 fyzik\u00e1ln\u00ed hustot\u011b vody v Prebersee se vyst\u0159elen\u00e1 kulka po z\u00e1sahu nepotop\u00ed pod vodn\u00ed hladinu, ale pouze ji stla\u010d\u00ed o 3 centimetry a pot\u00e9 se odraz\u00ed. St\u0159elci naz\u00fdvaj\u00ed tuto z\u00e1m\u011brnou zbloudilou st\u0159elu jako \u201eGeller\u201c. M\u011bkk\u00e1 voda slatinn\u00e9ho jezera k tomu nab\u00edz\u00ed nejlep\u0161\u00ed podm\u00ednky a temn\u00e1 barva jezera vytv\u00e1\u0159\u00ed za bezv\u011bt\u0159\u00ed dob\u0159e viditeln\u00fd odraz.<\/p>\n<div id=\"attachment_152529\" style=\"width: 1180px\" class=\"wp-caption alignnone\"><img decoding=\"async\" aria-describedby=\"caption-attachment-152529\" class=\"size-1170_658 wp-image-152529\" src=\"https:\/\/cdn.salzburgerland.com\/cs\/wp-content\/uploads\/2022\/08\/prebersee_ferienregion_lungau-1920x1067-2-1170x658.jpg\" alt=\"Jezero Prebersee za svitu slunce, kdy se nad vodn\u00ed hladinou objevuje tajemn\u00fd ml\u017en\u00fd opar b\u00edl\u00e9 barvy\" width=\"1170\" height=\"658\" srcset=\"https:\/\/www.salzburgerland.com\/cs\/wp-content\/uploads\/2022\/08\/prebersee_ferienregion_lungau-1920x1067-2-1170x658.jpg 1170w, https:\/\/www.salzburgerland.com\/cs\/wp-content\/uploads\/2022\/08\/prebersee_ferienregion_lungau-1920x1067-2-1200x675.jpg 1200w\" sizes=\"(max-width: 1170px) 100vw, 1170px\"><p id=\"caption-attachment-152529\" class=\"wp-caption-text\">Ml\u017en\u00fd opar nad hladinou jezera Prebersee \u00a9 Ferienregion Lungau, Rupert M\u00fchlbacher<\/p><\/div>\n<h3><strong>Zrcadlo, zrcadlo\u2026<\/strong><\/h3>\n<p>V\u00a0p\u0159\u00edpad\u011b Prebersk\u00e9ho st\u0159\u00edlen\u00ed tolik citovan\u00e9 zrcadlo z\u00a0poh\u00e1dky Brat\u0159\u00ed Grimm\u016f O Sn\u011bhurce nevis\u00ed na zdi. Le\u017e\u00ed v\u0161ak na vod\u011b jako k\u0159i\u0161\u0165\u00e1lov\u011b \u010dist\u00fd odraz c\u00edle vzd\u00e1len\u00e9ho asi 120 metr\u016f. M\u00ed\u0159\u00ed se pr\u00e1v\u011b na tento zrcadlov\u00fd odraz a d\u00edky jevu naz\u00fdvan\u00e9mu jako \u201eGeller\u201c se ti nejlep\u0161\u00ed st\u0159elci mohou trefit do ter\u010de. Co m\u00e1 v\u0161ak jezero Prebersee se zm\u00edn\u011bn\u00fdm poh\u00e1dkov\u00fdm p\u0159\u00edb\u011bhem spole\u010dn\u00e9? Je opravdu jedn\u00edm z\u00a0nejkr\u00e1sn\u011bj\u0161\u00edm v\u00a0cel\u00e9 zemi.<\/p>\n<p>Dokonce i s\u00e1m Walt Disney p\u0159ijel v\u00a0roce 1957 do Lungau, aby nato\u010dil Prebersk\u00e9 st\u0159\u00edlen\u00ed. Tak\u00e9 jezero p\u0159esn\u011b zm\u011b\u0159il a prozkoumal, aby jeho z\u00e1hadn\u00e9 tajemstv\u00ed odhalil. Cht\u011bl toti\u017e n\u011bco podobn\u00e9ho vytvo\u0159it i v\u00a0Americe. Ale marn\u011b! Jezero Prebersee je dodnes unik\u00e1tem, i se sv\u00fdm mal\u00fdm sousedem, \u0161t\u00fdrsk\u00fdm Schattensee, se kter\u00fdm je \u00fadajn\u011b spojen\u00e9 pod zem\u00ed.<\/p>\n<p>Prvn\u00ed ter\u010d z\u00a0Prebersee poch\u00e1z\u00ed z\u00a0roku 1834 a pravd\u011bpodobn\u011b je tak zdokumentov\u00e1n po\u010d\u00e1tek t\u00e9to jedine\u010dn\u00e9 st\u0159elby na ter\u010de nad vodou. St\u0159eleck\u00e9 z\u00e1vody po\u0159\u00e1d\u00e1 \u201eSt\u0159eleck\u00fd spolek soukrom\u00e9 st\u0159elnice Tamsweg\/Prebersee\u201c tradi\u010dn\u011b t\u0159et\u00ed srpnov\u00fd v\u00edkend. Brzy r\u00e1no u jezera potk\u00e1v\u00e1m Petera Kr\u00f6lla. Kdy\u017e jsme si volali, ptala jsem se ho, jak ho na m\u00edst\u011b pozn\u00e1m. Odpov\u011b\u010f zn\u011bla: \u201eJ\u00e1 budu ten se \u0161t\u011btkou na klobouku!\u201c<\/p>\n<div id=\"attachment_152606\" style=\"width: 1144px\" class=\"wp-caption alignnone\"><img decoding=\"async\" aria-describedby=\"caption-attachment-152606\" class=\"size-1170_658 wp-image-152606\" src=\"https:\/\/cdn.salzburgerland.com\/cs\/wp-content\/uploads\/2022\/08\/preberschutzen-zunftige-tracht-hut-hirschbart-1134x658.jpg\" alt=\"St\u0159elci na Prebersee maj\u00ed tradi\u010dn\u00ed mysliveck\u00e9 oble\u010den\u00ed a klobouk se \u0161t\u011btkou\" width=\"1134\" height=\"658\"><p id=\"caption-attachment-152606\" class=\"wp-caption-text\">Prav\u00fd prebersk\u00fd st\u0159elec chod\u00ed na st\u0159elnici jen v tradi\u010dn\u00edm mysliveck\u00e9m oble\u010den\u00ed a kloboukem se \u0161t\u011btkou \u00a9 SalzburgerLand Tourismus, Edith Danzer<\/p><\/div>\n<p>Kdy\u017e jsem se tedy r\u00e1no, prvn\u00ed den st\u0159\u00edlen\u00ed, bl\u00ed\u017eila k\u00a0jezeru, neproch\u00e1zela jsem jen okolo okouzluj\u00edc\u00edch odraz\u016f v\u00a0klidn\u00e9m jeze\u0159e a varovn\u00fdch cedul\u00ed \u201ePozor, ohro\u017een\u00ed \u017eivota!\u201c. V\u0161ude byla tak\u00e9 spousta mu\u017e\u016f v\u00a0tradi\u010dn\u00edm rakousk\u00e9m mysliveck\u00e9m oble\u010den\u00ed. V\u0161ichni m\u011bli na hlav\u011b klobouk a na n\u011bm takzvanou \u0161t\u011btku \u2013 Hirschbart. To se dalo \u010dekat, \u0159ekla jsem si. Prav\u00fd prebersk\u00fd st\u0159elec p\u0159eci chod\u00ed na st\u0159elnici jen s\u00a0kloboukem. \u010clena p\u0159edstavenstva st\u0159eleck\u00e9ho spolku, Petera Kr\u00f6lla jsem ale na\u0161t\u011bst\u00ed na\u0161la rychle a spole\u010dn\u011b jsme se \u0161li pod\u00edvat k\u00a0takzvan\u00fdm \u201eZielern\u201c na druh\u00e9 stran\u011b jezera.<\/p>\n<h3><strong>\u201eRyba\u201c a m\u00e1v\u00e1n\u00ed \u201el\u017e\u00edc\u00ed\u201c<\/strong><\/h3>\n<p>Slovo c\u00edlovn\u00edci zn\u00e1 asi ka\u017ed\u00fd, kdo zn\u00e1 Morseovu abecedu. O jeho p\u016fvodu v\u00a0\u010desk\u00e9m jazyce se toho v\u0161ak p\u0159\u00edli\u0161 nev\u00ed. Jako c\u00edlovn\u00edk by se ov\u0161em dala nazvat funkce zvan\u00e1 \u201eZieler\u201c, kter\u00e1 byla oded\u00e1vna b\u011b\u017en\u00e1 p\u0159i sportovn\u00edch st\u0159eleck\u00fdch sout\u011b\u017e\u00edch r\u016fzn\u00fdch klub\u016f, a to p\u0159edev\u0161\u00edm v\u00a0alpsk\u00fdch zem\u00edch. \u00dakolem \u201ec\u00edlovn\u00edk\u016f\u201c bylo zaznamen\u00e1vat z\u00e1sahy po jednotliv\u00fdch kolech a ukazovat je st\u0159elc\u016fm na disku pomoc\u00ed dlouh\u00e9 ty\u010de. Tady se j\u00ed podle jej\u00edho vzhledu \u0159\u00edk\u00e1 v\u00a0m\u00edstn\u00ed hant\u00fdrce tak\u00e9 \u201el\u017e\u00edce\u201c.<\/p>\n<p>Zku\u0161en\u00ed c\u00edlovn\u00edci a vy\u0161kolen\u00ed mlad\u00ed pomocn\u00edci, kte\u0159\u00ed si ukazov\u00e1n\u00edm z\u00e1sah\u016f na sout\u011b\u017e\u00edch mohou p\u0159ivyd\u011blat, jsou za ter\u010di dob\u0159e chr\u00e1n\u011bni. Pen\u00edze to jsou ale zaslou\u017een\u00e9, kdy\u017e vezmeme v\u00a0potaz zhruba 200 st\u0159elc\u016f. Po ka\u017ed\u00e9m v\u00fdst\u0159elu mus\u00ed b\u00fdt toti\u017e ter\u010d ru\u010dn\u011b sta\u017een a z\u00e1sah ozna\u010den. Pokud na ter\u010di nen\u00ed vid\u011bt \u017e\u00e1dn\u00fd z\u00e1sah, znamen\u00e1 to, \u017ee voda n\u00e1boj \u201espolkla\u201c. To se ozna\u010duje jako \u201eryba\u201c (Fisch) a na v\u011bdom\u00ed se nezdar d\u00e1v\u00e1 m\u00e1v\u00e1n\u00edm \u201el\u017e\u00edc\u00ed\u201c, tedy ty\u010d\u00ed s\u00a0\u010derven\u00fdm kolem na konci.<\/p>\n\n\t\t\t<div id=\"152458-1\" class=\"gallery gallery-152458 gallery-columns-3 gallery-size-1170_658\" itemscope itemtype=\"http:\/\/schema.org\/ImageGallery\">\n\t\t\t\t<ul class=\"gallery-row gallery-col-3 gallery-clear\">\n\t\t\t\t\t<li class=\"gallery-item col-3\" itemprop=\"associatedMedia\" itemscope itemtype=\"http:\/\/schema.org\/ImageObject\">\n\t\t\t\t\t\t<div class=\"gallery-icon landscape\"><a href=\"https:\/\/www.salzburgerland.com\/cs\/wp-content\/uploads\/2022\/08\/das-blattl-preberschiesen-salzburger-lungau-756x1067.jpg\" title=\"L\u00edstek na Prebersk\u00e9m st\u0159\u00edlen\u00ed Das Blattl beim Preberschie\u00dfen\"><img decoding=\"async\" data-title=\"L\u00edstek o pr\u016fm\u011bru 7 cm je vnit\u0159n\u00ed kruh ter\u010de. Pokud jej sout\u011b\u017e\u00edc\u00ed zas\u00e1hne, zazvon\u00ed zvonec a \u0161\u0165astn\u00fd st\u0159elec dostane na klobouk \u010derven\u00fd odznak \u00a9 SalzburgerLand Tourismus, Edith Danzer\" title=\"L\u00edstek o pr\u016fm\u011bru 7 cm je vnit\u0159n\u00ed kruh ter\u010de. Pokud jej sout\u011b\u017e\u00edc\u00ed zas\u00e1hne, zazvon\u00ed zvonec a \u0161\u0165astn\u00fd st\u0159elec dostane na klobouk \u010derven\u00fd odznak \u00a9 SalzburgerLand Tourismus, Edith Danzer\" data-caption=\"L\u00edstek o pr\u016fm\u011bru 7 cm je vnit\u0159n\u00ed kruh ter\u010de. Pokud jej sout\u011b\u017e\u00edc\u00ed zas\u00e1hne, zazvon\u00ed zvonec a \u0161\u0165astn\u00fd st\u0159elec dostane na klobouk \u010derven\u00fd odznak \u00a9 SalzburgerLand Tourismus, Edith Danzer\" width=\"756\" height=\"658\" src=\"https:\/\/www.salzburgerland.com\/cs\/wp-content\/uploads\/2022\/08\/das-blattl-preberschiesen-salzburger-lungau-756x658.jpg\" class=\"attachment-1170_658 size-1170_658\" alt=\"\u010cerven\u00fd l\u00edstek o pr\u016fm\u011bru 7 cm je vnit\u0159n\u00ed kruh ter\u010de. Pokud je trefen, zazvon\u00ed se na zvonec a st\u0159elec dostane odznak (Zv\u011bt\u0161en\u00fd pohled)\" aria-describedby=\"figcaption-152458-152611\" itemprop=\"thumbnail\"><\/a><\/div>\n\t\t\t\t\t\t<span id=\"figcaption-152458-152611\" class=\"gallery-caption\" itemprop=\"caption\"><span aria-hidden=\"true\">L\u00edstek o pr\u016fm\u011bru 7 cm je vnit\u0159n\u00ed kruh ter\u010de. Pokud jej sout\u011b\u017e\u00edc\u00ed zas\u00e1hne, zazvon\u00ed zvonec a \u0161\u0165astn\u00fd st\u0159elec dostane na klobouk \u010derven\u00fd odznak \u00a9 SalzburgerLand Tourismus, Edith Danzer<\/span><\/span>\n\t\t\t\t\t<\/li>\n\t\t\t\t\t<li class=\"gallery-item col-3\" itemprop=\"associatedMedia\" itemscope itemtype=\"http:\/\/schema.org\/ImageObject\">\n\t\t\t\t\t\t<div class=\"gallery-icon landscape\"><a href=\"https:\/\/www.salzburgerland.com\/cs\/wp-content\/uploads\/2022\/08\/hex-zielerloffel-hexennadel-preberseeschiesen-salzburger-lungau.jpg\" title=\"M\u00edsto c\u00edlov\u00e9 ty\u010de se objevuje \u010darod\u011bjnice Die Hex erscheint statt dem Zielerl\u00f6ffel\"><img decoding=\"async\" data-title=\"Kdy\u017e n\u011bkdo zas\u00e1hne nejvnit\u0159n\u011bj\u0161\u00ed te\u010dku o pr\u016fm\u011bru 1 cm objev\u00ed se m\u00edsto c\u00edlov\u00e9 ty\u010de \u010darod\u011bjnice. Za \u010darod\u011bjnici dostane st\u0159elec na klobouk st\u0159\u00edbrn\u00fd odznak. Pokud je rozd\u00e1no v jeden den \u010darod\u011bjnic v\u00edce, mus\u00ed se p\u0159esn\u011b zm\u011b\u0159it, kdo nejp\u0159esn\u011bji zas\u00e1hl c\u00edl \u00a9 SalzburgerLand Tourismus, Edith Danzer\" title=\"Kdy\u017e n\u011bkdo zas\u00e1hne nejvnit\u0159n\u011bj\u0161\u00ed te\u010dku o pr\u016fm\u011bru 1 cm objev\u00ed se m\u00edsto c\u00edlov\u00e9 ty\u010de \u010darod\u011bjnice. Za \u010darod\u011bjnici dostane st\u0159elec na klobouk st\u0159\u00edbrn\u00fd odznak. Pokud je rozd\u00e1no v jeden den \u010darod\u011bjnic v\u00edce, mus\u00ed se p\u0159esn\u011b zm\u011b\u0159it, kdo nejp\u0159esn\u011bji zas\u00e1hl c\u00edl \u00a9 SalzburgerLand Tourismus, Edith Danzer\" data-caption=\"Kdy\u017e n\u011bkdo zas\u00e1hne nejvnit\u0159n\u011bj\u0161\u00ed te\u010dku o pr\u016fm\u011bru 1 cm objev\u00ed se m\u00edsto c\u00edlov\u00e9 ty\u010de \u010darod\u011bjnice. Za \u010darod\u011bjnici dostane st\u0159elec na klobouk st\u0159\u00edbrn\u00fd odznak. Pokud je rozd\u00e1no v jeden den \u010darod\u011bjnic v\u00edce, mus\u00ed se p\u0159esn\u011b zm\u011b\u0159it, kdo nejp\u0159esn\u011bji zas\u00e1hl c\u00edl \u00a9 SalzburgerLand Tourismus, Edith Danzer\" width=\"1134\" height=\"658\" src=\"https:\/\/www.salzburgerland.com\/cs\/wp-content\/uploads\/2022\/08\/hex-zielerloffel-hexennadel-preberseeschiesen-salzburger-lungau-1134x658.jpg\" class=\"attachment-1170_658 size-1170_658\" alt=\"Kdy\u017e n\u011bkdo tref\u00ed st\u0159edov\u00fd bod o pr\u016fm\u011bru 1 cm, \u0159\u00edk\u00e1 se, \u017ee se m\u00edsto c\u00edlov\u00e9 ty\u010de objevila \u010darod\u011bjnice (Zv\u011bt\u0161en\u00fd pohled)\" aria-describedby=\"figcaption-152458-152610\" itemprop=\"thumbnail\"><\/a><\/div>\n\t\t\t\t\t\t<span id=\"figcaption-152458-152610\" class=\"gallery-caption\" itemprop=\"caption\"><span aria-hidden=\"true\">Kdy\u017e n\u011bkdo zas\u00e1hne nejvnit\u0159n\u011bj\u0161\u00ed te\u010dku o pr\u016fm\u011bru 1 cm objev\u00ed se m\u00edsto c\u00edlov\u00e9 ty\u010de \u010darod\u011bjnice. Za \u010darod\u011bjnici dostane st\u0159elec na klobouk st\u0159\u00edbrn\u00fd odznak. Pokud je rozd\u00e1no v jeden den \u010darod\u011bjnic v\u00edce, mus\u00ed se p\u0159esn\u011b zm\u011b\u0159it, kdo nejp\u0159esn\u011bji zas\u00e1hl c\u00edl \u00a9 SalzburgerLand Tourismus, Edith Danzer<\/span><\/span>\n\t\t\t\t\t<\/li>\n\t\t\t\t\t<li class=\"gallery-item col-3\" itemprop=\"associatedMedia\" itemscope itemtype=\"http:\/\/schema.org\/ImageObject\">\n\t\t\t\t\t\t<div class=\"gallery-icon landscape\"><a href=\"https:\/\/www.salzburgerland.com\/cs\/wp-content\/uploads\/2022\/08\/zieler-loffel-fisch-preberschiesen-salzburger-lungau-756x1067.jpg\" title=\"Pokud st\u0159elec minul, osoba u c\u00edle zavrt\u00ed l\u017e\u00edc\u00ed na znamen\u00ed, \u017ee to byla ryba Zieler-L\u00f6ffel-Schwinger, mit welchem man Fisch anzeigt\"><img decoding=\"async\" data-title=\"Pokud na \u010derven\u00e9 ty\u010di, kter\u00e9 se tak\u00e9 \u0159\u00edk\u00e1 l\u017e\u00edce, nen\u00ed vid\u011bt \u017e\u00e1dn\u00fd v\u00fdst\u0159el, proto\u017ee voda kulku spolkla, je to takzvan\u00e1 ryba \u00a9 SalzburgerLand Tourismus, Edith Danzer\" title=\"Pokud na \u010derven\u00e9 ty\u010di, kter\u00e9 se tak\u00e9 \u0159\u00edk\u00e1 l\u017e\u00edce, nen\u00ed vid\u011bt \u017e\u00e1dn\u00fd v\u00fdst\u0159el, proto\u017ee voda kulku spolkla, je to takzvan\u00e1 ryba \u00a9 SalzburgerLand Tourismus, Edith Danzer\" data-caption=\"Pokud na \u010derven\u00e9 ty\u010di, kter\u00e9 se tak\u00e9 \u0159\u00edk\u00e1 l\u017e\u00edce, nen\u00ed vid\u011bt \u017e\u00e1dn\u00fd v\u00fdst\u0159el, proto\u017ee voda kulku spolkla, je to takzvan\u00e1 ryba \u00a9 SalzburgerLand Tourismus, Edith Danzer\" width=\"756\" height=\"658\" src=\"https:\/\/www.salzburgerland.com\/cs\/wp-content\/uploads\/2022\/08\/zieler-loffel-fisch-preberschiesen-salzburger-lungau-756x658.jpg\" class=\"attachment-1170_658 size-1170_658\" alt=\"Pokud se na \u010derven\u00e9 c\u00edlov\u00e9 ty\u010di neobjev\u00ed z\u00e1sah, proto\u017ee se st\u0159ela potopila, \u0159\u00edk\u00e1 se, \u017ee to je ryba (Zv\u011bt\u0161en\u00fd pohled)\" aria-describedby=\"figcaption-152458-152612\" itemprop=\"thumbnail\"><\/a><\/div>\n\t\t\t\t\t\t<span id=\"figcaption-152458-152612\" class=\"gallery-caption\" itemprop=\"caption\"><span aria-hidden=\"true\">Pokud na \u010derven\u00e9 ty\u010di, kter\u00e9 se tak\u00e9 \u0159\u00edk\u00e1 l\u017e\u00edce, nen\u00ed vid\u011bt \u017e\u00e1dn\u00fd v\u00fdst\u0159el, proto\u017ee voda kulku spolkla, je to takzvan\u00e1 ryba \u00a9 SalzburgerLand Tourismus, Edith Danzer<\/span><\/span>\n\t\t\t\t\t<\/li>\n\t\t\t\t<\/ul>\n\t\t\t<\/div><!-- .gallery -->\n\n<p>P\u0159i z\u00e1sahu je st\u0159elci na ty\u010di uk\u00e1z\u00e1no i m\u00edsto trefy na ter\u010di. Pokud je zasa\u017een \u201el\u00edstek\u201c (Blattl), co\u017e je vnit\u0159n\u00ed kruh o pr\u016fm\u011bru 7 centimetr\u016f, zazvon\u00ed c\u00edlovn\u00edci na zvonec a \u00fasp\u011b\u0161n\u00fd st\u0159elec dostane na klobouk mal\u00fd \u010derven\u00fd odznak. \u201eA kdy\u017e se m\u00edsto l\u017e\u00edce objev\u00ed \u010darod\u011bjnice, znamen\u00e1 to, \u017ee n\u011bkdo zas\u00e1hl \u00fapln\u00fd st\u0159ed o pr\u016fm\u011bru 1 cm. Za \u010darod\u011bjnici dostane st\u0159elec na klobouk odznak. Pokud je se v\u00a0jeden den \u010darod\u011bjnic objev\u00ed v\u00edce, p\u0159esn\u011b se m\u011b\u0159\u00ed, kdo se trefil nejp\u0159esn\u011bji,\u201c vysv\u011btluje jeden z\u00a0c\u00edlovn\u00edk\u016f.<\/p>\n<p>Te\u010f je ale \u010das, vr\u00e1tit se rychle na st\u0159elnici, proto\u017ee je t\u011bsn\u011b p\u0159ed osmou hodinou rann\u00ed a zanedlouho budou po jeze\u0159e svi\u0161t\u011bt n\u00e1boje z\u00a0malor\u00e1\u017eek. Nov\u011b zrekonstruovan\u00e1 budova st\u0159elnice je tepl\u00e1 a \u00fatuln\u00e1. Je vyzdobena spoustou kr\u00e1sn\u00fdch ter\u010d\u016f. Mnoh\u00e9 z\u00a0nich poch\u00e1z\u00ed z\u00a0rukou Petera Kr\u00f6lla, kter\u00fd je nejen dobr\u00fdm st\u0159elcem, ale tak\u00e9 nadan\u00fdm um\u011blcem. Mezit\u00edm se kolem n\u00e1s shlukuj\u00ed \u00fa\u010dastn\u00edci z cel\u00e9ho Rakouska. Zast\u0159\u00edlet si p\u0159ijeli i Finov\u00e9, N\u011bmci, Italov\u00e9 nebo Nizozemci. N\u011bkter\u00fdm z\u00a0nich u\u017e z\u00e1\u0159\u00ed zlat\u00e9 odznaky \u010darod\u011bjnic na klobouku, je tedy jasn\u00e9, \u017ee tu nejsou poprv\u00e9.<\/p>\n<h3><strong>Zlat\u00e1 \u010darod\u011bjnice na klobouku<\/strong><\/h3>\n<p>Prvn\u00ed st\u0159eleck\u00fd den zahajuje hlasit\u00fd v\u00fdst\u0159el z\u00a0d\u011bla. Zat\u00edmco Peter Kr\u00f6ll bere svou malor\u00e1\u017eku, j\u00e1 se uveleb\u00edm na slunci a p\u0159ich\u00e1z\u00ed vrchn\u00ed st\u0159eleck\u00fd mistr Heimo Waibl. V\u00edce ne\u017e 45 let je \u010dlenem Prebersk\u00e9ho st\u0159eleck\u00e9ho spolku a od lo\u0148sk\u00e9ho roku na klobouku tak\u00e9 nos\u00ed odznak zlat\u00e9 \u010darod\u011bjnice. Znamen\u00ed, \u017ee vyhr\u00e1l Prebersk\u00e9 st\u0159\u00edlen\u00ed. \u201eU\u017e m\u016fj otec byl milovn\u00edkem st\u0159elby a j\u00e1 jsem za\u010d\u00ednal na Prebersk\u00e9m st\u0159\u00edlen\u00ed jako zapisovatel. Aby se \u010dlov\u011bk p\u0159es vodu trefil do ter\u010de, chce to u\u017e trochu st\u0159eleck\u00e9 zdatnosti, ale mnohem v\u00edce je to sp\u00ed\u0161 o \u0161t\u011bst\u00ed. Na t\u00e9to akci si svou p\u0159esnost na odraze v\u00a0jeze\u0159e mohou vyzkou\u0161et i ti, kte\u0159\u00ed nejsou \u010dlenov\u00e9 spolku.\u201c<\/p>\n<p>Zat\u00edmco jsou z\u00a0d\u00e1lky sly\u0161et v\u00fdst\u0159ely a dlouho o\u010dek\u00e1van\u00e9 zvon\u011bn\u00ed na velk\u00fd zvonec, z\u00a0nedalek\u00e9ho parkovi\u0161t\u011b p\u0159ich\u00e1zej\u00ed dal\u0161\u00ed a dal\u0161\u00ed st\u0159elci. \u201eDnes jsou ide\u00e1ln\u00ed podm\u00ednky. Kr\u00e1sn\u00fd odraz, \u017e\u00e1dn\u00fd v\u00edtr a \u017e\u00e1dn\u00e9 zkreslen\u00ed. Vypad\u00e1 to, \u017ee letos z\u00edsk\u00e1me nov\u00fd rekord v\u00a0po\u010dtu \u00fa\u010dastn\u00edk\u016f,\u201c \u0159\u00edk\u00e1 Heimo Waibl a pt\u00e1 se m\u011b, jestli nechci tak\u00e9 zkusit \u0161t\u011bst\u00ed. A to chci! P\u0159i registraci dost\u00e1v\u00e1m sv\u016fj st\u0159eleck\u00fd l\u00edstek a n\u00e1boje. Jde o 45 ran. 5 je zku\u0161ebn\u00edch, 20 na voln\u011b stoj\u00edc\u00ed ter\u010d a 20 na vodu. Ne\u017e se p\u0159iprav\u00edm ke startu, d\u00edv\u00e1m se p\u0159es rameno zku\u0161en\u00e9mu st\u0159elci, snad se n\u011bco p\u0159iu\u010d\u00edm. Peter Kr\u00f6ll je st\u00e1le na st\u0159eleck\u00e9m stanovi\u0161ti a nen\u00ed spokojen\u00fd. \u201eDneska \u201el\u00edstky\u201c nepadaj\u00ed. Asi je na m\u011b odraz v\u00a0jeze\u0159e a\u017e moc hezk\u00fd,\u201c \u0159\u00edk\u00e1. \u201eOsm, doleva, nahoru,\u201c hl\u00e1s\u00ed zapisovatel a p\u0159ekl\u00e1d\u00e1 tak sign\u00e1ly, kter\u00e9 \u201ec\u00edlovn\u00edk\u201c ukazuje na druh\u00e9m b\u0159ehu \u010dervenou ty\u010d\u00ed, aneb \u201el\u017e\u00edc\u00ed\u201c.<\/p>\n\n\t\t\t<div id=\"152458-2\" class=\"gallery gallery-152458 gallery-columns-3 gallery-size-1170_658\" itemscope itemtype=\"http:\/\/schema.org\/ImageGallery\">\n\t\t\t\t<ul class=\"gallery-row gallery-col-3 gallery-clear\">\n\t\t\t\t\t<li class=\"gallery-item col-3\" itemprop=\"associatedMedia\" itemscope itemtype=\"http:\/\/schema.org\/ImageObject\">\n\t\t\t\t\t\t<div class=\"gallery-icon landscape\"><a href=\"https:\/\/www.salzburgerland.com\/cs\/wp-content\/uploads\/2022\/08\/goldene-hexe-hut-preberschiesen-salzburger-lungau.jpg\" title=\"Zlat\u00e1 \u010darod\u011bjnice na klobouku Die Goldene Hexe am Hut\"><img decoding=\"async\" data-title=\"Odznak zlat\u00e9 \u010darod\u011bjnice na klobouk z\u00edsk\u00e1 na konci Prebersk\u00e9ho st\u0159\u00edlen\u00ed nejlep\u0161\u00ed st\u0159elec \u00a9 SalzburgerLand Tourismus, Edith Danzer\" title=\"Odznak zlat\u00e9 \u010darod\u011bjnice na klobouk z\u00edsk\u00e1 na konci Prebersk\u00e9ho st\u0159\u00edlen\u00ed nejlep\u0161\u00ed st\u0159elec \u00a9 SalzburgerLand Tourismus, Edith Danzer\" data-caption=\"Odznak zlat\u00e9 \u010darod\u011bjnice na klobouk z\u00edsk\u00e1 na konci Prebersk\u00e9ho st\u0159\u00edlen\u00ed nejlep\u0161\u00ed st\u0159elec \u00a9 SalzburgerLand Tourismus, Edith Danzer\" width=\"1134\" height=\"658\" src=\"https:\/\/www.salzburgerland.com\/cs\/wp-content\/uploads\/2022\/08\/goldene-hexe-hut-preberschiesen-salzburger-lungau-1134x658.jpg\" class=\"attachment-1170_658 size-1170_658\" alt=\"Odznak zlat\u00e9 \u010darod\u011bjnice na klobouk z\u00edsk\u00e1 na konci Prebersk\u00e9ho st\u0159\u00edlen\u00ed nejlep\u0161\u00ed st\u0159elec (Zv\u011bt\u0161en\u00fd pohled)\" aria-describedby=\"figcaption-152458-152614\" itemprop=\"thumbnail\"><\/a><\/div>\n\t\t\t\t\t\t<span id=\"figcaption-152458-152614\" class=\"gallery-caption\" itemprop=\"caption\"><span aria-hidden=\"true\">Odznak zlat\u00e9 \u010darod\u011bjnice na klobouk z\u00edsk\u00e1 na konci Prebersk\u00e9ho st\u0159\u00edlen\u00ed nejlep\u0161\u00ed st\u0159elec \u00a9 SalzburgerLand Tourismus, Edith Danzer<\/span><\/span>\n\t\t\t\t\t<\/li>\n\t\t\t\t\t<li class=\"gallery-item col-3\" itemprop=\"associatedMedia\" itemscope itemtype=\"http:\/\/schema.org\/ImageObject\">\n\t\t\t\t\t\t<div class=\"gallery-icon landscape\"><a href=\"https:\/\/www.salzburgerland.com\/cs\/wp-content\/uploads\/2022\/08\/peter-kroll-im-schiesstand-preberschiesen-salzburger-lungau.jpg\" title=\"Peter Kr\u00f6ll na st\u0159eleck\u00e9m stanovi\u0161ti Peter Kr\u00f6ll im Schie\u00dfstand\"><img decoding=\"async\" data-title=\"Peter Kr\u00f6ll, \u010dlen p\u0159edstavenstva prebersk\u00e9ho st\u0159eleck\u00e9ho spolku, na st\u0159eleck\u00e9m stanovi\u0161ti: L\u00edstky dneska nepadaj\u00ed. Asi je na m\u011b odraz v jeze\u0159e a\u017e moc hezk\u00fd \u00a9 SalzburgerLand Tourismus, Edith Danzer\" title=\"Peter Kr\u00f6ll, \u010dlen p\u0159edstavenstva prebersk\u00e9ho st\u0159eleck\u00e9ho spolku, na st\u0159eleck\u00e9m stanovi\u0161ti: L\u00edstky dneska nepadaj\u00ed. Asi je na m\u011b odraz v jeze\u0159e a\u017e moc hezk\u00fd \u00a9 SalzburgerLand Tourismus, Edith Danzer\" data-caption=\"Peter Kr\u00f6ll, \u010dlen p\u0159edstavenstva prebersk\u00e9ho st\u0159eleck\u00e9ho spolku, na st\u0159eleck\u00e9m stanovi\u0161ti: L\u00edstky dneska nepadaj\u00ed. Asi je na m\u011b odraz v jeze\u0159e a\u017e moc hezk\u00fd \u00a9 SalzburgerLand Tourismus, Edith Danzer\" width=\"1134\" height=\"658\" src=\"https:\/\/www.salzburgerland.com\/cs\/wp-content\/uploads\/2022\/08\/peter-kroll-im-schiesstand-preberschiesen-salzburger-lungau-1134x658.jpg\" class=\"attachment-1170_658 size-1170_658\" alt=\"Peter Kr\u00f6ll na st\u0159eleck\u00e9m stanovi\u0161ti: Trefit l\u00edstky se dnes neda\u0159\u00ed. Asi je na m\u011b odraz v jeze\u0159e a\u017e moc hezk\u00fd (Zv\u011bt\u0161en\u00fd pohled)\" aria-describedby=\"figcaption-152458-152616\" itemprop=\"thumbnail\"><\/a><\/div>\n\t\t\t\t\t\t<span id=\"figcaption-152458-152616\" class=\"gallery-caption\" itemprop=\"caption\"><span aria-hidden=\"true\">Peter Kr\u00f6ll, \u010dlen p\u0159edstavenstva prebersk\u00e9ho st\u0159eleck\u00e9ho spolku, na st\u0159eleck\u00e9m stanovi\u0161ti: L\u00edstky dneska nepadaj\u00ed. Asi je na m\u011b odraz v jeze\u0159e a\u017e moc hezk\u00fd \u00a9 SalzburgerLand Tourismus, Edith Danzer<\/span><\/span>\n\t\t\t\t\t<\/li>\n\t\t\t\t\t<li class=\"gallery-item col-3\" itemprop=\"associatedMedia\" itemscope itemtype=\"http:\/\/schema.org\/ImageObject\">\n\t\t\t\t\t\t<div class=\"gallery-icon landscape\"><a href=\"https:\/\/www.salzburgerland.com\/cs\/wp-content\/uploads\/2022\/08\/peter-kroll-goldene-hexe-preberschiesen-salzburger-lungau.jpg\" title=\"Peter Kr\u00f6ll ukazuje odznak zlat\u00e9 \u010darod\u011bjnice Peter Kr\u00f6ll zeigt seine Goldene Hexe\"><img decoding=\"async\" data-title=\"Peter Kr\u00f6ll, \u010dlen p\u0159edstavenstva prebersk\u00e9ho st\u0159eleck\u00e9ho spolku, hrd\u011b ukazuje zlatou \u010darod\u011bjnici \u00a9 SalzburgerLand Tourismus, Edith Danzer\" title=\"Peter Kr\u00f6ll, \u010dlen p\u0159edstavenstva prebersk\u00e9ho st\u0159eleck\u00e9ho spolku, hrd\u011b ukazuje zlatou \u010darod\u011bjnici \u00a9 SalzburgerLand Tourismus, Edith Danzer\" data-caption=\"Peter Kr\u00f6ll, \u010dlen p\u0159edstavenstva prebersk\u00e9ho st\u0159eleck\u00e9ho spolku, hrd\u011b ukazuje zlatou \u010darod\u011bjnici \u00a9 SalzburgerLand Tourismus, Edith Danzer\" width=\"1134\" height=\"658\" src=\"https:\/\/www.salzburgerland.com\/cs\/wp-content\/uploads\/2022\/08\/peter-kroll-goldene-hexe-preberschiesen-salzburger-lungau-1134x658.jpg\" class=\"attachment-1170_658 size-1170_658\" alt=\"Peter Kr\u00f6ll, \u010dlen p\u0159edstavenstva prebersk\u00e9ho st\u0159eleck\u00e9ho spolku, hrd\u011b ukazuje zlatou \u010darod\u011bjnici (Zv\u011bt\u0161en\u00fd pohled)\" aria-describedby=\"figcaption-152458-152617\" itemprop=\"thumbnail\"><\/a><\/div>\n\t\t\t\t\t\t<span id=\"figcaption-152458-152617\" class=\"gallery-caption\" itemprop=\"caption\"><span aria-hidden=\"true\">Peter Kr\u00f6ll, \u010dlen p\u0159edstavenstva prebersk\u00e9ho st\u0159eleck\u00e9ho spolku, hrd\u011b ukazuje zlatou \u010darod\u011bjnici \u00a9 SalzburgerLand Tourismus, Edith Danzer<\/span><\/span>\n\t\t\t\t\t<\/li>\n\t\t\t\t<\/ul>\n\t\t\t<\/div><!-- .gallery -->\n\n<h3><strong>Ryb\u00e1\u0159ka z\u00a0Prebersee<\/strong><\/h3>\n<p>A pak jsem vyvol\u00e1na j\u00e1, abych vyp\u00e1lila sv\u00fdch 20 ran na stoj\u00edc\u00ed ter\u010d, ani\u017e by se dotkly vody. Je jasn\u011b zn\u00e1t, \u017ee jsem absolutn\u00ed za\u010d\u00e1te\u010dn\u00edk. \u010clen st\u0159eleck\u00e9ho spolku ale stoj\u00ed vedle m\u011b, aby mi d\u00e1val cenn\u00e9 rady. I p\u0159es pu\u0161kohled vypad\u00e1 ter\u010d 120 metr\u016f daleko na m\u00edle vzd\u00e1len\u00fd. A h\u00fdbe se! Nebo je to sp\u00ed\u0161 proto, \u017ee p\u0159i nezvykl\u00e9 hmotnosti pu\u0161ky a voln\u011b ve stoje nem\u00e1m pevnou ruku? V\u00a0ka\u017ed\u00e9m p\u0159\u00edpad\u011b m\u011b ze za\u010d\u00e1tku p\u0159i m\u00ed\u0159en\u00ed hrozn\u011b bol\u00ed svaly. \u0158\u00edk\u00e1m si \u017ee \u201ec\u00edlovn\u00edk\u201c to mus\u00ed m\u00edt podobn\u011b, proto\u017ee mus\u00ed po m\u00fdch netrefen\u00fdch st\u0159el\u00e1ch neust\u00e1le m\u00e1vat zna\u010dkami. \u201eRyba! Ryba! Ryba!\u201c Komentuje su\u0161e zapisovatel za mnou a j\u00e1 abych se nezapsala do d\u011bjin jako \u201eryb\u00e1\u0159ka z\u00a0Prebersee\u201c, sna\u017e\u00edm se db\u00e1t rad, kter\u00e9 mi st\u0159elci na\u0161ept\u00e1vaj\u00ed. Nakonec se postav\u00edm, zhluboka se nadechnu, vydechnu a kdy\u017e m\u00e1m ter\u010d op\u011bt v hled\u00e1\u010dku, zm\u00e1\u010dknu spou\u0161\u0165. \u201e6 n\u00edzko. 8 vlevo. 9 vysoko\u201c zn\u00ed nad\u011bjn\u00e9 v\u00fdsledky a \u201eryby\u201c se objevuj\u00ed u\u017e jen z\u0159\u00eddka.<\/p>\n<p>\u201eTo byla ta snadn\u00e1 \u010d\u00e1st cvi\u010den\u00ed,\u201c mrkne na m\u011b Peter Kr\u00f6ll, kdy\u017e p\u0159ich\u00e1z\u00edm ze stanovi\u0161t\u011b op\u011bt ven. Za p\u00e1r minut u\u017e jsem venku na ostr\u00e9m slunci a jdu za ter\u010di na vod\u011b. Tentokr\u00e1t tedy m\u00ed\u0159\u00edm na odraz, kter\u00fd se zrcadl\u00ed v k\u0159i\u0161\u0165\u00e1lov\u011b \u010dist\u00e9 vod\u011b a ter\u010de se vln\u00ed, vln\u00ed a vln\u00ed\u2026 Ale v ur\u010dit\u00e9m okam\u017eiku najdu sv\u016fj z\u00e1chytn\u00fd bod ve vod\u011b a najednou p\u0159ijde z\u00e1sah. A kdy\u017e najednou zacink\u00e1 zvonec a st\u0159elci okolo m\u011b radostn\u011b zak\u0159i\u010d\u00ed \u201eSch\u00fctzen Heil!\u201c, tu\u0161\u00edm \u017ee moje st\u0159ela z\u0159ejm\u011b zabloudila do krou\u017eku uprost\u0159ed. J\u00e1 jsem si tak vyslou\u017eila vytou\u017een\u00fd \u201el\u00edstek\u201c. V\u0161ichni mi blahop\u0159ej\u00ed a ne\u017e si po\u0159\u00e1dn\u011b uv\u011bdom\u00edm, co se vlastn\u011b stalo, u\u017e je na m\u011b p\u0159i\u0161pendlen\u00fd \u010derven\u00fd odznak. \u201eTe\u010f s ostatn\u00edmi st\u0159elci s l\u00edstky \u010dek\u00e1\u0161 na v\u00edt\u011bzstv\u00ed,\u201c vysv\u011btlil. J\u00e1 pak z \u010dir\u00e9ho p\u0159ekvapen\u00ed a radosti utop\u00edm sv\u00e9 posledn\u00ed st\u0159ely na okraji vody v Prebersee.<\/p>\n<div id=\"attachment_152613\" style=\"width: 766px\" class=\"wp-caption alignnone\"><img decoding=\"async\" aria-describedby=\"caption-attachment-152613\" class=\"size-1170_658 wp-image-152613\" src=\"https:\/\/cdn.salzburgerland.com\/cs\/wp-content\/uploads\/2022\/08\/glocke-lauten-blattl-getroffen-preberschiesen-salzburger-lungau-756x658.jpg\" alt=\"Pokud n\u011bkdo tref\u00ed takzvan\u00fd l\u00edstek na ter\u010di, zazvon\u00ed se na zvonec a st\u0159elec z\u00edsk\u00e1 mal\u00fd \u010derven\u00fd odznak\" width=\"756\" height=\"658\"><p id=\"caption-attachment-152613\" class=\"wp-caption-text\">Pomocn\u00edci v c\u00edli u ter\u010d\u016f zazvon\u00ed na zvonec, pokud se poda\u0159\u00ed trefit l\u00edstek. \u00dasp\u011b\u0161n\u00e9mu st\u0159elci pak n\u00e1le\u017e\u00ed na klobouk mal\u00fd \u010derven\u00fd odznak \u00a9 SalzburgerLand Tourismus, Edith Danzer<\/p><\/div>\n<p>Byla to jen \u0161\u0165astn\u00e1 n\u00e1hoda, ale zvuk zvon\u016f, z\u0159ejm\u011b jako tak\u00e9 u jin\u00fdch st\u0159elc\u016f, u mne vyvolal n\u011bco jako Pavlov\u016fv reflex. P\u0159i zvon\u011bn\u00ed byla v\u0161ude okolo zn\u00e1t velk\u00e1 radost a odznak vlastn\u011b nebyl v\u016fbec nutn\u00fd. Tou z\u00e1\u0159\u00edc\u00ed radost\u00ed \u010dlov\u011bk pozn\u00e1 \u0161\u0165astn\u00e9ho st\u0159elce.<\/p>\n<p>St\u0159elba, r\u00e1ny, \u017eblu\u0148knut\u00ed do vody a ob\u010dasn\u00e9 zazvon\u011bn\u00ed pokra\u010duj\u00ed, dokud nep\u0159ijde tma. A kone\u010dn\u011b z\u00a0\u00fakrytu vyleze tak\u00e9 \u010darod\u011bjnice. Peter Bachmann z\u00a0N\u011bmecka zasadil r\u00e1nu p\u0159esn\u011b doprost\u0159ed ter\u010de a stal se leto\u0161n\u00edm v\u00edt\u011bzem unik\u00e1tn\u00edho Prebersk\u00e9ho st\u0159\u00edlen\u00ed.<\/p>\n","protected":false},"excerpt":{"rendered":"<p>Hladk\u00e9, tmav\u00e9, klidn\u00e9\u2026 Podle jedn\u00e9 (z mnoha) legend se fenom\u00e9n jezera zrodil d\u00edky nepoda\u0159en\u00e9mu v\u00fdst\u0159elu p\u0159i lovu kachny. Kv\u016fli mnoha organick\u00fdm l\u00e1tk\u00e1m a vysok\u00e9 fyzik\u00e1ln\u00ed hustot\u011b vody v Prebersee se vyst\u0159elen\u00e1 kulka po z\u00e1sahu nepotop\u00ed pod vodn\u00ed hladinu, ale pouze ji stla\u010d\u00ed o 3 centimetry a pot\u00e9 se odraz\u00ed. St\u0159elci naz\u00fdvaj\u00ed tuto z\u00e1m\u011brnou zbloudilou st\u0159elu [&hellip;]<\/p>\n","protected":false},"author":6,"featured_media":152467,"comment_status":"closed","ping_status":"closed","sticky":false,"template":"","format":"standard","meta":{"_acf_changed":false,"wl_entities_gutenberg":"","_relevanssi_hide_post":"","_relevanssi_hide_content":"","_relevanssi_pin_for_all":"","_relevanssi_pin_keywords":"","_relevanssi_unpin_keywords":"","_relevanssi_related_keywords":"","_relevanssi_related_include_ids":"","_relevanssi_related_exclude_ids":"","_relevanssi_related_no_append":"","_relevanssi_related_not_related":"","_relevanssi_related_posts":"","_relevanssi_noindex_reason":"","footnotes":""},"categories":[1],"tags":[],"wl_entity_type":[706],"class_list":["post-152458","post","type-post","status-publish","format-standard","has-post-thumbnail","hentry","category-uncategorized","wl_entity_type-article"],"acf":[],"yoast_head":"<!-- This site is optimized with the Yoast SEO Premium plugin v27.4 (Yoast SEO v27.4) - https:\/\/yoast.com\/product\/yoast-seo-premium-wordpress\/ -->\n<title>Jedine\u010dn\u00e9 st\u0159eleck\u00e9 z\u00e1vody u Prebersee \u00bb SalzburgerLand.com<\/title>\n<meta name=\"robots\" content=\"index, follow, max-snippet:-1, max-image-preview:large, max-video-preview:-1\" \/>\n<link rel=\"canonical\" href=\"https:\/\/www.salzburgerland.com\/cs\/salcbursky-lungau-preberske-strileni\/\" \/>\n<meta property=\"og:locale\" content=\"cs_CZ\" \/>\n<meta property=\"og:type\" content=\"article\" \/>\n<meta property=\"og:title\" content=\"Jedine\u010dn\u00e9 st\u0159eleck\u00e9 z\u00e1vody u Prebersee\" \/>\n<meta property=\"og:description\" content=\"Hladk\u00e9, tmav\u00e9, klidn\u00e9... Podle jedn\u00e9 (z mnoha) legend se fenom\u00e9n jezera zrodil d\u00edky nepoda\u0159en\u00e9mu v\u00fdst\u0159elu p\u0159i lovu kachny. Kv\u016fli mnoha organick\u00fdm l\u00e1tk\u00e1m a\" \/>\n<meta property=\"og:url\" content=\"https:\/\/www.salzburgerland.com\/cs\/salcbursky-lungau-preberske-strileni\/\" \/>\n<meta property=\"og:site_name\" content=\"SalzburgerLand.com\" \/>\n<meta property=\"article:publisher\" content=\"https:\/\/www.facebook.com\/visitsalzburgerland\/\" \/>\n<meta property=\"article:published_time\" content=\"2022-08-04T13:38:09+00:00\" \/>\n<meta property=\"article:modified_time\" content=\"2023-07-25T16:34:33+00:00\" \/>\n<meta property=\"og:image\" content=\"https:\/\/www.salzburgerland.com\/cs\/wp-content\/uploads\/2022\/08\/wasserscheibenschiessen-prebersee-schuetzengesellschaft-tamsweg-prebersee.jpg\" \/>\n\t<meta property=\"og:image:width\" content=\"912\" \/>\n\t<meta property=\"og:image:height\" content=\"549\" \/>\n\t<meta property=\"og:image:type\" content=\"image\/jpeg\" \/>\n<meta name=\"author\" content=\"Andrea \u017d\u00e1\u010dkov\u00e1\" \/>\n<meta name=\"twitter:card\" content=\"summary_large_image\" \/>\n<meta name=\"twitter:creator\" content=\"@salzburgerland\" \/>\n<meta name=\"twitter:site\" content=\"@salzburgerland\" \/>\n<meta name=\"twitter:label1\" content=\"Napsal(a)\" \/>\n\t<meta name=\"twitter:data1\" content=\"Andrea \u017d\u00e1\u010dkov\u00e1\" \/>\n\t<meta name=\"twitter:label2\" content=\"Odhadovan\u00e1 doba \u010dten\u00ed\" \/>\n\t<meta name=\"twitter:data2\" content=\"9 minut\" \/>\n<script type=\"application\/ld+json\" class=\"yoast-schema-graph\">{\"@context\":\"https:\\\/\\\/schema.org\",\"@graph\":[{\"@type\":\"Article\",\"@id\":\"https:\\\/\\\/www.salzburgerland.com\\\/cs\\\/salcbursky-lungau-preberske-strileni\\\/#article\",\"isPartOf\":{\"@id\":\"https:\\\/\\\/www.salzburgerland.com\\\/cs\\\/salcbursky-lungau-preberske-strileni\\\/\"},\"author\":{\"name\":\"Andrea \u017d\u00e1\u010dkov\u00e1\",\"@id\":\"https:\\\/\\\/www.salzburgerland.com\\\/cs\\\/#\\\/schema\\\/person\\\/dd42a4661897004df109095dbf40eeff\"},\"headline\":\"Jedine\u010dn\u00e9 st\u0159eleck\u00e9 z\u00e1vody u Prebersee\",\"datePublished\":\"2022-08-04T13:38:09+00:00\",\"dateModified\":\"2023-07-25T16:34:33+00:00\",\"mainEntityOfPage\":{\"@id\":\"https:\\\/\\\/www.salzburgerland.com\\\/cs\\\/salcbursky-lungau-preberske-strileni\\\/\"},\"wordCount\":1904,\"image\":{\"@id\":\"https:\\\/\\\/www.salzburgerland.com\\\/cs\\\/salcbursky-lungau-preberske-strileni\\\/#primaryimage\"},\"thumbnailUrl\":\"https:\\\/\\\/www.salzburgerland.com\\\/cs\\\/wp-content\\\/uploads\\\/2022\\\/08\\\/wasserscheibenschiessen-prebersee-schuetzengesellschaft-tamsweg-prebersee.jpg\",\"articleSection\":[\"Uncategorized\"],\"inLanguage\":\"cs\"},{\"@type\":\"WebPage\",\"@id\":\"https:\\\/\\\/www.salzburgerland.com\\\/cs\\\/salcbursky-lungau-preberske-strileni\\\/\",\"url\":\"https:\\\/\\\/www.salzburgerland.com\\\/cs\\\/salcbursky-lungau-preberske-strileni\\\/\",\"name\":\"Jedine\u010dn\u00e9 st\u0159eleck\u00e9 z\u00e1vody u Prebersee \u00bb SalzburgerLand.com\",\"isPartOf\":{\"@id\":\"https:\\\/\\\/www.salzburgerland.com\\\/cs\\\/#website\"},\"primaryImageOfPage\":{\"@id\":\"https:\\\/\\\/www.salzburgerland.com\\\/cs\\\/salcbursky-lungau-preberske-strileni\\\/#primaryimage\"},\"image\":{\"@id\":\"https:\\\/\\\/www.salzburgerland.com\\\/cs\\\/salcbursky-lungau-preberske-strileni\\\/#primaryimage\"},\"thumbnailUrl\":\"https:\\\/\\\/www.salzburgerland.com\\\/cs\\\/wp-content\\\/uploads\\\/2022\\\/08\\\/wasserscheibenschiessen-prebersee-schuetzengesellschaft-tamsweg-prebersee.jpg\",\"datePublished\":\"2022-08-04T13:38:09+00:00\",\"dateModified\":\"2023-07-25T16:34:33+00:00\",\"author\":{\"@id\":\"https:\\\/\\\/www.salzburgerland.com\\\/cs\\\/#\\\/schema\\\/person\\\/dd42a4661897004df109095dbf40eeff\"},\"description\":\"St\u0159elba na ter\u010de u jezera Prebersee v Salcbursk\u00e9m Lungau.\",\"breadcrumb\":{\"@id\":\"https:\\\/\\\/www.salzburgerland.com\\\/cs\\\/salcbursky-lungau-preberske-strileni\\\/#breadcrumb\"},\"inLanguage\":\"cs\",\"potentialAction\":[{\"@type\":\"ReadAction\",\"target\":[\"https:\\\/\\\/www.salzburgerland.com\\\/cs\\\/salcbursky-lungau-preberske-strileni\\\/\"]}]},{\"@type\":\"ImageObject\",\"inLanguage\":\"cs\",\"@id\":\"https:\\\/\\\/www.salzburgerland.com\\\/cs\\\/salcbursky-lungau-preberske-strileni\\\/#primaryimage\",\"url\":\"https:\\\/\\\/www.salzburgerland.com\\\/cs\\\/wp-content\\\/uploads\\\/2022\\\/08\\\/wasserscheibenschiessen-prebersee-schuetzengesellschaft-tamsweg-prebersee.jpg\",\"contentUrl\":\"https:\\\/\\\/www.salzburgerland.com\\\/cs\\\/wp-content\\\/uploads\\\/2022\\\/08\\\/wasserscheibenschiessen-prebersee-schuetzengesellschaft-tamsweg-prebersee.jpg\",\"width\":912,\"height\":549,\"caption\":\"D\u011bji\u0161t\u011b speci\u00e1ln\u00ed st\u0159eleck\u00e9 sout\u011b\u017ee u jezera Prebersee v Salcbursk\u00e9m Lungau \u00a9 Prebersee Ferienregion Lungau\"},{\"@type\":\"BreadcrumbList\",\"@id\":\"https:\\\/\\\/www.salzburgerland.com\\\/cs\\\/salcbursky-lungau-preberske-strileni\\\/#breadcrumb\",\"itemListElement\":[{\"@type\":\"ListItem\",\"position\":1,\"name\":\"Salcbursk\u00fd Lungau v l\u00e9t\u011b\",\"item\":\"https:\\\/\\\/www.salzburgerland.com\\\/cs\\\/salcbursky-lungau-v-lete\\\/\"},{\"@type\":\"ListItem\",\"position\":2,\"name\":\"Jedine\u010dn\u00e9 st\u0159eleck\u00e9 z\u00e1vody u Prebersee\"}]},{\"@type\":\"WebSite\",\"@id\":\"https:\\\/\\\/www.salzburgerland.com\\\/cs\\\/#website\",\"url\":\"https:\\\/\\\/www.salzburgerland.com\\\/cs\\\/\",\"name\":\"SalzburgerLand.com\",\"description\":\"Va\u0161e dovolen\u00e1 v Salcburku, Rakousko\",\"potentialAction\":[{\"@type\":\"SearchAction\",\"target\":{\"@type\":\"EntryPoint\",\"urlTemplate\":\"https:\\\/\\\/www.salzburgerland.com\\\/cs\\\/?s={search_term_string}\"},\"query-input\":{\"@type\":\"PropertyValueSpecification\",\"valueRequired\":true,\"valueName\":\"search_term_string\"}}],\"inLanguage\":\"cs\"},{\"@type\":\"Person\",\"@id\":\"https:\\\/\\\/www.salzburgerland.com\\\/cs\\\/#\\\/schema\\\/person\\\/dd42a4661897004df109095dbf40eeff\",\"name\":\"Andrea \u017d\u00e1\u010dkov\u00e1\",\"image\":{\"@type\":\"ImageObject\",\"inLanguage\":\"cs\",\"@id\":\"https:\\\/\\\/secure.gravatar.com\\\/avatar\\\/338deec8d231d56d0ab7b2b7d6d0aedbcb3eb05390f6c027fd5b7ebe87b67dbf?s=96&d=mm&r=g\",\"url\":\"https:\\\/\\\/secure.gravatar.com\\\/avatar\\\/338deec8d231d56d0ab7b2b7d6d0aedbcb3eb05390f6c027fd5b7ebe87b67dbf?s=96&d=mm&r=g\",\"contentUrl\":\"https:\\\/\\\/secure.gravatar.com\\\/avatar\\\/338deec8d231d56d0ab7b2b7d6d0aedbcb3eb05390f6c027fd5b7ebe87b67dbf?s=96&d=mm&r=g\",\"caption\":\"Andrea \u017d\u00e1\u010dkov\u00e1\"}}]}<\/script>\n<!-- \/ Yoast SEO Premium plugin. -->","yoast_head_json":{"title":"Jedine\u010dn\u00e9 st\u0159eleck\u00e9 z\u00e1vody u Prebersee \u00bb SalzburgerLand.com","robots":{"index":"index","follow":"follow","max-snippet":"max-snippet:-1","max-image-preview":"max-image-preview:large","max-video-preview":"max-video-preview:-1"},"canonical":"https:\/\/www.salzburgerland.com\/cs\/salcbursky-lungau-preberske-strileni\/","og_locale":"cs_CZ","og_type":"article","og_title":"Jedine\u010dn\u00e9 st\u0159eleck\u00e9 z\u00e1vody u Prebersee","og_description":"Hladk\u00e9, tmav\u00e9, klidn\u00e9... Podle jedn\u00e9 (z mnoha) legend se fenom\u00e9n jezera zrodil d\u00edky nepoda\u0159en\u00e9mu v\u00fdst\u0159elu p\u0159i lovu kachny. Kv\u016fli mnoha organick\u00fdm l\u00e1tk\u00e1m a","og_url":"https:\/\/www.salzburgerland.com\/cs\/salcbursky-lungau-preberske-strileni\/","og_site_name":"SalzburgerLand.com","article_publisher":"https:\/\/www.facebook.com\/visitsalzburgerland\/","article_published_time":"2022-08-04T13:38:09+00:00","article_modified_time":"2023-07-25T16:34:33+00:00","og_image":[{"url":"https:\/\/www.salzburgerland.com\/cs\/wp-content\/uploads\/2022\/08\/wasserscheibenschiessen-prebersee-schuetzengesellschaft-tamsweg-prebersee.jpg","width":912,"height":549,"type":"image\/jpeg"}],"author":"Andrea \u017d\u00e1\u010dkov\u00e1","twitter_card":"summary_large_image","twitter_creator":"@salzburgerland","twitter_site":"@salzburgerland","twitter_misc":{"Napsal(a)":"Andrea \u017d\u00e1\u010dkov\u00e1","Odhadovan\u00e1 doba \u010dten\u00ed":"9 minut"},"schema":{"@context":"https:\/\/schema.org","@graph":[{"@type":"Article","@id":"https:\/\/www.salzburgerland.com\/cs\/salcbursky-lungau-preberske-strileni\/#article","isPartOf":{"@id":"https:\/\/www.salzburgerland.com\/cs\/salcbursky-lungau-preberske-strileni\/"},"author":{"name":"Andrea \u017d\u00e1\u010dkov\u00e1","@id":"https:\/\/www.salzburgerland.com\/cs\/#\/schema\/person\/dd42a4661897004df109095dbf40eeff"},"headline":"Jedine\u010dn\u00e9 st\u0159eleck\u00e9 z\u00e1vody u Prebersee","datePublished":"2022-08-04T13:38:09+00:00","dateModified":"2023-07-25T16:34:33+00:00","mainEntityOfPage":{"@id":"https:\/\/www.salzburgerland.com\/cs\/salcbursky-lungau-preberske-strileni\/"},"wordCount":1904,"image":{"@id":"https:\/\/www.salzburgerland.com\/cs\/salcbursky-lungau-preberske-strileni\/#primaryimage"},"thumbnailUrl":"https:\/\/www.salzburgerland.com\/cs\/wp-content\/uploads\/2022\/08\/wasserscheibenschiessen-prebersee-schuetzengesellschaft-tamsweg-prebersee.jpg","articleSection":["Uncategorized"],"inLanguage":"cs"},{"@type":"WebPage","@id":"https:\/\/www.salzburgerland.com\/cs\/salcbursky-lungau-preberske-strileni\/","url":"https:\/\/www.salzburgerland.com\/cs\/salcbursky-lungau-preberske-strileni\/","name":"Jedine\u010dn\u00e9 st\u0159eleck\u00e9 z\u00e1vody u Prebersee \u00bb SalzburgerLand.com","isPartOf":{"@id":"https:\/\/www.salzburgerland.com\/cs\/#website"},"primaryImageOfPage":{"@id":"https:\/\/www.salzburgerland.com\/cs\/salcbursky-lungau-preberske-strileni\/#primaryimage"},"image":{"@id":"https:\/\/www.salzburgerland.com\/cs\/salcbursky-lungau-preberske-strileni\/#primaryimage"},"thumbnailUrl":"https:\/\/www.salzburgerland.com\/cs\/wp-content\/uploads\/2022\/08\/wasserscheibenschiessen-prebersee-schuetzengesellschaft-tamsweg-prebersee.jpg","datePublished":"2022-08-04T13:38:09+00:00","dateModified":"2023-07-25T16:34:33+00:00","author":{"@id":"https:\/\/www.salzburgerland.com\/cs\/#\/schema\/person\/dd42a4661897004df109095dbf40eeff"},"description":"St\u0159elba na ter\u010de u jezera Prebersee v Salcbursk\u00e9m Lungau.","breadcrumb":{"@id":"https:\/\/www.salzburgerland.com\/cs\/salcbursky-lungau-preberske-strileni\/#breadcrumb"},"inLanguage":"cs","potentialAction":[{"@type":"ReadAction","target":["https:\/\/www.salzburgerland.com\/cs\/salcbursky-lungau-preberske-strileni\/"]}]},{"@type":"ImageObject","inLanguage":"cs","@id":"https:\/\/www.salzburgerland.com\/cs\/salcbursky-lungau-preberske-strileni\/#primaryimage","url":"https:\/\/www.salzburgerland.com\/cs\/wp-content\/uploads\/2022\/08\/wasserscheibenschiessen-prebersee-schuetzengesellschaft-tamsweg-prebersee.jpg","contentUrl":"https:\/\/www.salzburgerland.com\/cs\/wp-content\/uploads\/2022\/08\/wasserscheibenschiessen-prebersee-schuetzengesellschaft-tamsweg-prebersee.jpg","width":912,"height":549,"caption":"D\u011bji\u0161t\u011b speci\u00e1ln\u00ed st\u0159eleck\u00e9 sout\u011b\u017ee u jezera Prebersee v Salcbursk\u00e9m Lungau \u00a9 Prebersee Ferienregion Lungau"},{"@type":"BreadcrumbList","@id":"https:\/\/www.salzburgerland.com\/cs\/salcbursky-lungau-preberske-strileni\/#breadcrumb","itemListElement":[{"@type":"ListItem","position":1,"name":"Salcbursk\u00fd Lungau v l\u00e9t\u011b","item":"https:\/\/www.salzburgerland.com\/cs\/salcbursky-lungau-v-lete\/"},{"@type":"ListItem","position":2,"name":"Jedine\u010dn\u00e9 st\u0159eleck\u00e9 z\u00e1vody u Prebersee"}]},{"@type":"WebSite","@id":"https:\/\/www.salzburgerland.com\/cs\/#website","url":"https:\/\/www.salzburgerland.com\/cs\/","name":"SalzburgerLand.com","description":"Va\u0161e dovolen\u00e1 v Salcburku, Rakousko","potentialAction":[{"@type":"SearchAction","target":{"@type":"EntryPoint","urlTemplate":"https:\/\/www.salzburgerland.com\/cs\/?s={search_term_string}"},"query-input":{"@type":"PropertyValueSpecification","valueRequired":true,"valueName":"search_term_string"}}],"inLanguage":"cs"},{"@type":"Person","@id":"https:\/\/www.salzburgerland.com\/cs\/#\/schema\/person\/dd42a4661897004df109095dbf40eeff","name":"Andrea \u017d\u00e1\u010dkov\u00e1","image":{"@type":"ImageObject","inLanguage":"cs","@id":"https:\/\/secure.gravatar.com\/avatar\/338deec8d231d56d0ab7b2b7d6d0aedbcb3eb05390f6c027fd5b7ebe87b67dbf?s=96&d=mm&r=g","url":"https:\/\/secure.gravatar.com\/avatar\/338deec8d231d56d0ab7b2b7d6d0aedbcb3eb05390f6c027fd5b7ebe87b67dbf?s=96&d=mm&r=g","contentUrl":"https:\/\/secure.gravatar.com\/avatar\/338deec8d231d56d0ab7b2b7d6d0aedbcb3eb05390f6c027fd5b7ebe87b67dbf?s=96&d=mm&r=g","caption":"Andrea \u017d\u00e1\u010dkov\u00e1"}}]}},"_wl_alt_label":[],"wl:entity_url":"http:\/\/open.salzburgerland.com\/cs\/post\/salcbursky-lungau-preberske-strileni-152458","_links":{"self":[{"href":"https:\/\/www.salzburgerland.com\/cs\/wp-json\/wp\/v2\/posts\/152458","targetHints":{"allow":["GET"]}}],"collection":[{"href":"https:\/\/www.salzburgerland.com\/cs\/wp-json\/wp\/v2\/posts"}],"about":[{"href":"https:\/\/www.salzburgerland.com\/cs\/wp-json\/wp\/v2\/types\/post"}],"author":[{"embeddable":true,"href":"https:\/\/www.salzburgerland.com\/cs\/wp-json\/wp\/v2\/users\/6"}],"replies":[{"embeddable":true,"href":"https:\/\/www.salzburgerland.com\/cs\/wp-json\/wp\/v2\/comments?post=152458"}],"version-history":[{"count":5,"href":"https:\/\/www.salzburgerland.com\/cs\/wp-json\/wp\/v2\/posts\/152458\/revisions"}],"predecessor-version":[{"id":156680,"href":"https:\/\/www.salzburgerland.com\/cs\/wp-json\/wp\/v2\/posts\/152458\/revisions\/156680"}],"wp:featuredmedia":[{"embeddable":true,"href":"https:\/\/www.salzburgerland.com\/cs\/wp-json\/wp\/v2\/media\/152467"}],"wp:attachment":[{"href":"https:\/\/www.salzburgerland.com\/cs\/wp-json\/wp\/v2\/media?parent=152458"}],"wp:term":[{"taxonomy":"category","embeddable":true,"href":"https:\/\/www.salzburgerland.com\/cs\/wp-json\/wp\/v2\/categories?post=152458"},{"taxonomy":"post_tag","embeddable":true,"href":"https:\/\/www.salzburgerland.com\/cs\/wp-json\/wp\/v2\/tags?post=152458"},{"taxonomy":"wl_entity_type","embeddable":true,"href":"https:\/\/www.salzburgerland.com\/cs\/wp-json\/wp\/v2\/wl_entity_type?post=152458"}],"curies":[{"name":"wp","href":"https:\/\/api.w.org\/{rel}","templated":true}]}}