{"id":152411,"date":"2022-08-04T13:50:51","date_gmt":"2022-08-04T11:50:51","guid":{"rendered":"https:\/\/www.salzburgerland.com\/cs\/?p=152411"},"modified":"2023-07-20T23:32:52","modified_gmt":"2023-07-20T21:32:52","slug":"jablecny-sen","status":"publish","type":"post","link":"https:\/\/www.salzburgerland.com\/cs\/jablecny-sen\/","title":{"rendered":"Jable\u010dn\u00fd sen"},"content":{"rendered":"<h3>CO BUDETE POT\u0158EBOVAT (PRO 4 OSOBY):<\/h3>\n<ul>\n<li>400 g jable\u010dn\u00e9ho pyr\u00e9<\/li>\n<li>125 g tvarohu ve vani\u010dce<\/li>\n<li>125 g b\u00edl\u00e9ho jogurtu<\/li>\n<li>1 pol\u00e9vkov\u00e1 l\u017e\u00edce vanilkov\u00e9ho cukru<\/li>\n<li>Jemn\u011b mlet\u00e9 ovesn\u00e9 vlo\u010dky<\/li>\n<\/ul>\n<h3>JAK NA TO:<\/h3>\n<p>Sm\u00edchejte jable\u010dn\u00e9 pyr\u00e9 s tvarohem, jogurtem a vanilkov\u00fdm cukrem. P\u0159idejte ovesn\u00e9 vlo\u010dky, opatrn\u011b je prom\u00edchejte s jogurtovo-ovocn\u00fdm kr\u00e9mem a nechejte je chv\u00edli nas\u00e1knout. Vychlazen\u00fd dezert pod\u00e1vejte ve sklenic\u00edch nebo misti\u010dk\u00e1ch zdoben\u00fdch pl\u00e1tky jablka, ovesn\u00fdmi vlo\u010dkami nebo trochou jable\u010dn\u00e9ho pyr\u00e9.<\/p>\n","protected":false},"excerpt":{"rendered":"<p>CO BUDETE POT\u0158EBOVAT (PRO 4 OSOBY): 400 g jable\u010dn\u00e9ho pyr\u00e9 125 g tvarohu ve vani\u010dce 125 g b\u00edl\u00e9ho jogurtu 1 pol\u00e9vkov\u00e1 l\u017e\u00edce vanilkov\u00e9ho cukru Jemn\u011b mlet\u00e9 ovesn\u00e9 vlo\u010dky JAK NA TO: Sm\u00edchejte jable\u010dn\u00e9 pyr\u00e9 s tvarohem, jogurtem a vanilkov\u00fdm cukrem. P\u0159idejte ovesn\u00e9 vlo\u010dky, opatrn\u011b je prom\u00edchejte s jogurtovo-ovocn\u00fdm kr\u00e9mem a nechejte je chv\u00edli nas\u00e1knout. Vychlazen\u00fd [&hellip;]<\/p>\n","protected":false},"author":6,"featured_media":152413,"comment_status":"closed","ping_status":"closed","sticky":false,"template":"","format":"standard","meta":{"_acf_changed":false,"wl_entities_gutenberg":"","_relevanssi_hide_post":"","_relevanssi_hide_content":"","_relevanssi_pin_for_all":"","_relevanssi_pin_keywords":"","_relevanssi_unpin_keywords":"","_relevanssi_related_keywords":"","_relevanssi_related_include_ids":"","_relevanssi_related_exclude_ids":"","_relevanssi_related_no_append":"","_relevanssi_related_not_related":"","_relevanssi_related_posts":"","_relevanssi_noindex_reason":"","footnotes":""},"categories":[1],"tags":[],"wl_entity_type":[705],"class_list":["post-152411","post","type-post","status-publish","format-standard","has-post-thumbnail","hentry","category-uncategorized","wl_entity_type-recipe"],"acf":[],"yoast_head":"<!-- This site is optimized with the Yoast SEO Premium plugin v27.4 (Yoast SEO v27.4) - https:\/\/yoast.com\/product\/yoast-seo-premium-wordpress\/ -->\n<title>Jable\u010dn\u00fd sen \u00bb SalzburgerLand.com<\/title>\n<meta name=\"robots\" content=\"index, follow, max-snippet:-1, max-image-preview:large, max-video-preview:-1\" \/>\n<link rel=\"canonical\" href=\"https:\/\/www.salzburgerland.com\/cs\/jablecny-sen\/\" \/>\n<meta property=\"og:locale\" content=\"cs_CZ\" \/>\n<meta property=\"og:type\" content=\"article\" \/>\n<meta property=\"og:title\" content=\"Jable\u010dn\u00fd sen\" \/>\n<meta property=\"og:description\" content=\"CO BUDETE POT\u0158EBOVAT (PRO 4 OSOBY): 400 g jable\u010dn\u00e9ho pyr\u00e9 125 g tvarohu ve vani\u010dce 125 g b\u00edl\u00e9ho jogurtu 1 pol\u00e9vkov\u00e1 l\u017e\u00edce vanilkov\u00e9ho cukru Jemn\u011b mlet\u00e9\" \/>\n<meta property=\"og:url\" content=\"https:\/\/www.salzburgerland.com\/cs\/jablecny-sen\/\" \/>\n<meta property=\"og:site_name\" content=\"SalzburgerLand.com\" \/>\n<meta property=\"article:publisher\" content=\"https:\/\/www.facebook.com\/visitsalzburgerland\/\" \/>\n<meta property=\"article:published_time\" content=\"2022-08-04T11:50:51+00:00\" \/>\n<meta property=\"article:modified_time\" content=\"2023-07-20T21:32:52+00:00\" \/>\n<meta property=\"og:image\" content=\"https:\/\/www.salzburgerland.com\/cs\/wp-content\/uploads\/2022\/08\/apfeltraum-scaled-1-1170x658-1.jpg\" \/>\n\t<meta property=\"og:image:width\" content=\"1170\" \/>\n\t<meta property=\"og:image:height\" content=\"658\" \/>\n\t<meta property=\"og:image:type\" content=\"image\/jpeg\" \/>\n<meta name=\"author\" content=\"Andrea \u017d\u00e1\u010dkov\u00e1\" \/>\n<meta name=\"twitter:card\" content=\"summary_large_image\" \/>\n<meta name=\"twitter:creator\" content=\"@salzburgerland\" \/>\n<meta name=\"twitter:site\" content=\"@salzburgerland\" \/>\n<meta name=\"twitter:label1\" content=\"Napsal(a)\" \/>\n\t<meta name=\"twitter:data1\" content=\"Andrea \u017d\u00e1\u010dkov\u00e1\" \/>\n\t<meta name=\"twitter:label2\" content=\"Odhadovan\u00e1 doba \u010dten\u00ed\" \/>\n\t<meta name=\"twitter:data2\" content=\"1 minuta\" \/>\n<script type=\"application\/ld+json\" class=\"yoast-schema-graph\">{\"@context\":\"https:\\\/\\\/schema.org\",\"@graph\":[{\"@type\":\"Article\",\"@id\":\"https:\\\/\\\/www.salzburgerland.com\\\/cs\\\/jablecny-sen\\\/#article\",\"isPartOf\":{\"@id\":\"https:\\\/\\\/www.salzburgerland.com\\\/cs\\\/jablecny-sen\\\/\"},\"author\":{\"name\":\"Andrea \u017d\u00e1\u010dkov\u00e1\",\"@id\":\"https:\\\/\\\/www.salzburgerland.com\\\/cs\\\/#\\\/schema\\\/person\\\/dd42a4661897004df109095dbf40eeff\"},\"headline\":\"Jable\u010dn\u00fd sen\",\"datePublished\":\"2022-08-04T11:50:51+00:00\",\"dateModified\":\"2023-07-20T21:32:52+00:00\",\"mainEntityOfPage\":{\"@id\":\"https:\\\/\\\/www.salzburgerland.com\\\/cs\\\/jablecny-sen\\\/\"},\"wordCount\":98,\"image\":{\"@id\":\"https:\\\/\\\/www.salzburgerland.com\\\/cs\\\/jablecny-sen\\\/#primaryimage\"},\"thumbnailUrl\":\"https:\\\/\\\/www.salzburgerland.com\\\/cs\\\/wp-content\\\/uploads\\\/2022\\\/08\\\/apfeltraum-scaled-1-1170x658-1.jpg\",\"articleSection\":[\"Uncategorized\"],\"inLanguage\":\"cs\"},{\"@type\":\"WebPage\",\"@id\":\"https:\\\/\\\/www.salzburgerland.com\\\/cs\\\/jablecny-sen\\\/\",\"url\":\"https:\\\/\\\/www.salzburgerland.com\\\/cs\\\/jablecny-sen\\\/\",\"name\":\"Jable\u010dn\u00fd sen \u00bb SalzburgerLand.com\",\"isPartOf\":{\"@id\":\"https:\\\/\\\/www.salzburgerland.com\\\/cs\\\/#website\"},\"primaryImageOfPage\":{\"@id\":\"https:\\\/\\\/www.salzburgerland.com\\\/cs\\\/jablecny-sen\\\/#primaryimage\"},\"image\":{\"@id\":\"https:\\\/\\\/www.salzburgerland.com\\\/cs\\\/jablecny-sen\\\/#primaryimage\"},\"thumbnailUrl\":\"https:\\\/\\\/www.salzburgerland.com\\\/cs\\\/wp-content\\\/uploads\\\/2022\\\/08\\\/apfeltraum-scaled-1-1170x658-1.jpg\",\"datePublished\":\"2022-08-04T11:50:51+00:00\",\"dateModified\":\"2023-07-20T21:32:52+00:00\",\"author\":{\"@id\":\"https:\\\/\\\/www.salzburgerland.com\\\/cs\\\/#\\\/schema\\\/person\\\/dd42a4661897004df109095dbf40eeff\"},\"description\":\"Skv\u011bl\u00fd dezert, kdy\u017e nem\u00e1te \u010dasu nazbyt.\",\"breadcrumb\":{\"@id\":\"https:\\\/\\\/www.salzburgerland.com\\\/cs\\\/jablecny-sen\\\/#breadcrumb\"},\"inLanguage\":\"cs\",\"potentialAction\":[{\"@type\":\"ReadAction\",\"target\":[\"https:\\\/\\\/www.salzburgerland.com\\\/cs\\\/jablecny-sen\\\/\"]}]},{\"@type\":\"ImageObject\",\"inLanguage\":\"cs\",\"@id\":\"https:\\\/\\\/www.salzburgerland.com\\\/cs\\\/jablecny-sen\\\/#primaryimage\",\"url\":\"https:\\\/\\\/www.salzburgerland.com\\\/cs\\\/wp-content\\\/uploads\\\/2022\\\/08\\\/apfeltraum-scaled-1-1170x658-1.jpg\",\"contentUrl\":\"https:\\\/\\\/www.salzburgerland.com\\\/cs\\\/wp-content\\\/uploads\\\/2022\\\/08\\\/apfeltraum-scaled-1-1170x658-1.jpg\",\"width\":1170,\"height\":658,\"caption\":\"Jable\u010dn\u00fd sen \u00a9 salzburgschmeckt.at\"},{\"@type\":\"BreadcrumbList\",\"@id\":\"https:\\\/\\\/www.salzburgerland.com\\\/cs\\\/jablecny-sen\\\/#breadcrumb\",\"itemListElement\":[{\"@type\":\"ListItem\",\"position\":1,\"name\":\"Tak chutn\u00e1 Salcbursko\",\"item\":\"https:\\\/\\\/www.salzburgerland.com\\\/cs\\\/tak-chutna-salcbursko\\\/\"},{\"@type\":\"ListItem\",\"position\":2,\"name\":\"Jable\u010dn\u00fd sen\"}]},{\"@type\":\"WebSite\",\"@id\":\"https:\\\/\\\/www.salzburgerland.com\\\/cs\\\/#website\",\"url\":\"https:\\\/\\\/www.salzburgerland.com\\\/cs\\\/\",\"name\":\"SalzburgerLand.com\",\"description\":\"Va\u0161e dovolen\u00e1 v Salcburku, Rakousko\",\"potentialAction\":[{\"@type\":\"SearchAction\",\"target\":{\"@type\":\"EntryPoint\",\"urlTemplate\":\"https:\\\/\\\/www.salzburgerland.com\\\/cs\\\/?s={search_term_string}\"},\"query-input\":{\"@type\":\"PropertyValueSpecification\",\"valueRequired\":true,\"valueName\":\"search_term_string\"}}],\"inLanguage\":\"cs\"},{\"@type\":\"Person\",\"@id\":\"https:\\\/\\\/www.salzburgerland.com\\\/cs\\\/#\\\/schema\\\/person\\\/dd42a4661897004df109095dbf40eeff\",\"name\":\"Andrea \u017d\u00e1\u010dkov\u00e1\",\"image\":{\"@type\":\"ImageObject\",\"inLanguage\":\"cs\",\"@id\":\"https:\\\/\\\/secure.gravatar.com\\\/avatar\\\/338deec8d231d56d0ab7b2b7d6d0aedbcb3eb05390f6c027fd5b7ebe87b67dbf?s=96&d=mm&r=g\",\"url\":\"https:\\\/\\\/secure.gravatar.com\\\/avatar\\\/338deec8d231d56d0ab7b2b7d6d0aedbcb3eb05390f6c027fd5b7ebe87b67dbf?s=96&d=mm&r=g\",\"contentUrl\":\"https:\\\/\\\/secure.gravatar.com\\\/avatar\\\/338deec8d231d56d0ab7b2b7d6d0aedbcb3eb05390f6c027fd5b7ebe87b67dbf?s=96&d=mm&r=g\",\"caption\":\"Andrea \u017d\u00e1\u010dkov\u00e1\"}}]}<\/script>\n<!-- \/ Yoast SEO Premium plugin. -->","yoast_head_json":{"title":"Jable\u010dn\u00fd sen \u00bb SalzburgerLand.com","robots":{"index":"index","follow":"follow","max-snippet":"max-snippet:-1","max-image-preview":"max-image-preview:large","max-video-preview":"max-video-preview:-1"},"canonical":"https:\/\/www.salzburgerland.com\/cs\/jablecny-sen\/","og_locale":"cs_CZ","og_type":"article","og_title":"Jable\u010dn\u00fd sen","og_description":"CO BUDETE POT\u0158EBOVAT (PRO 4 OSOBY): 400 g jable\u010dn\u00e9ho pyr\u00e9 125 g tvarohu ve vani\u010dce 125 g b\u00edl\u00e9ho jogurtu 1 pol\u00e9vkov\u00e1 l\u017e\u00edce vanilkov\u00e9ho cukru Jemn\u011b mlet\u00e9","og_url":"https:\/\/www.salzburgerland.com\/cs\/jablecny-sen\/","og_site_name":"SalzburgerLand.com","article_publisher":"https:\/\/www.facebook.com\/visitsalzburgerland\/","article_published_time":"2022-08-04T11:50:51+00:00","article_modified_time":"2023-07-20T21:32:52+00:00","og_image":[{"url":"https:\/\/www.salzburgerland.com\/cs\/wp-content\/uploads\/2022\/08\/apfeltraum-scaled-1-1170x658-1.jpg","width":1170,"height":658,"type":"image\/jpeg"}],"author":"Andrea \u017d\u00e1\u010dkov\u00e1","twitter_card":"summary_large_image","twitter_creator":"@salzburgerland","twitter_site":"@salzburgerland","twitter_misc":{"Napsal(a)":"Andrea \u017d\u00e1\u010dkov\u00e1","Odhadovan\u00e1 doba \u010dten\u00ed":"1 minuta"},"schema":{"@context":"https:\/\/schema.org","@graph":[{"@type":"Article","@id":"https:\/\/www.salzburgerland.com\/cs\/jablecny-sen\/#article","isPartOf":{"@id":"https:\/\/www.salzburgerland.com\/cs\/jablecny-sen\/"},"author":{"name":"Andrea \u017d\u00e1\u010dkov\u00e1","@id":"https:\/\/www.salzburgerland.com\/cs\/#\/schema\/person\/dd42a4661897004df109095dbf40eeff"},"headline":"Jable\u010dn\u00fd sen","datePublished":"2022-08-04T11:50:51+00:00","dateModified":"2023-07-20T21:32:52+00:00","mainEntityOfPage":{"@id":"https:\/\/www.salzburgerland.com\/cs\/jablecny-sen\/"},"wordCount":98,"image":{"@id":"https:\/\/www.salzburgerland.com\/cs\/jablecny-sen\/#primaryimage"},"thumbnailUrl":"https:\/\/www.salzburgerland.com\/cs\/wp-content\/uploads\/2022\/08\/apfeltraum-scaled-1-1170x658-1.jpg","articleSection":["Uncategorized"],"inLanguage":"cs"},{"@type":"WebPage","@id":"https:\/\/www.salzburgerland.com\/cs\/jablecny-sen\/","url":"https:\/\/www.salzburgerland.com\/cs\/jablecny-sen\/","name":"Jable\u010dn\u00fd sen \u00bb SalzburgerLand.com","isPartOf":{"@id":"https:\/\/www.salzburgerland.com\/cs\/#website"},"primaryImageOfPage":{"@id":"https:\/\/www.salzburgerland.com\/cs\/jablecny-sen\/#primaryimage"},"image":{"@id":"https:\/\/www.salzburgerland.com\/cs\/jablecny-sen\/#primaryimage"},"thumbnailUrl":"https:\/\/www.salzburgerland.com\/cs\/wp-content\/uploads\/2022\/08\/apfeltraum-scaled-1-1170x658-1.jpg","datePublished":"2022-08-04T11:50:51+00:00","dateModified":"2023-07-20T21:32:52+00:00","author":{"@id":"https:\/\/www.salzburgerland.com\/cs\/#\/schema\/person\/dd42a4661897004df109095dbf40eeff"},"description":"Skv\u011bl\u00fd dezert, kdy\u017e nem\u00e1te \u010dasu nazbyt.","breadcrumb":{"@id":"https:\/\/www.salzburgerland.com\/cs\/jablecny-sen\/#breadcrumb"},"inLanguage":"cs","potentialAction":[{"@type":"ReadAction","target":["https:\/\/www.salzburgerland.com\/cs\/jablecny-sen\/"]}]},{"@type":"ImageObject","inLanguage":"cs","@id":"https:\/\/www.salzburgerland.com\/cs\/jablecny-sen\/#primaryimage","url":"https:\/\/www.salzburgerland.com\/cs\/wp-content\/uploads\/2022\/08\/apfeltraum-scaled-1-1170x658-1.jpg","contentUrl":"https:\/\/www.salzburgerland.com\/cs\/wp-content\/uploads\/2022\/08\/apfeltraum-scaled-1-1170x658-1.jpg","width":1170,"height":658,"caption":"Jable\u010dn\u00fd sen \u00a9 salzburgschmeckt.at"},{"@type":"BreadcrumbList","@id":"https:\/\/www.salzburgerland.com\/cs\/jablecny-sen\/#breadcrumb","itemListElement":[{"@type":"ListItem","position":1,"name":"Tak chutn\u00e1 Salcbursko","item":"https:\/\/www.salzburgerland.com\/cs\/tak-chutna-salcbursko\/"},{"@type":"ListItem","position":2,"name":"Jable\u010dn\u00fd sen"}]},{"@type":"WebSite","@id":"https:\/\/www.salzburgerland.com\/cs\/#website","url":"https:\/\/www.salzburgerland.com\/cs\/","name":"SalzburgerLand.com","description":"Va\u0161e dovolen\u00e1 v Salcburku, Rakousko","potentialAction":[{"@type":"SearchAction","target":{"@type":"EntryPoint","urlTemplate":"https:\/\/www.salzburgerland.com\/cs\/?s={search_term_string}"},"query-input":{"@type":"PropertyValueSpecification","valueRequired":true,"valueName":"search_term_string"}}],"inLanguage":"cs"},{"@type":"Person","@id":"https:\/\/www.salzburgerland.com\/cs\/#\/schema\/person\/dd42a4661897004df109095dbf40eeff","name":"Andrea \u017d\u00e1\u010dkov\u00e1","image":{"@type":"ImageObject","inLanguage":"cs","@id":"https:\/\/secure.gravatar.com\/avatar\/338deec8d231d56d0ab7b2b7d6d0aedbcb3eb05390f6c027fd5b7ebe87b67dbf?s=96&d=mm&r=g","url":"https:\/\/secure.gravatar.com\/avatar\/338deec8d231d56d0ab7b2b7d6d0aedbcb3eb05390f6c027fd5b7ebe87b67dbf?s=96&d=mm&r=g","contentUrl":"https:\/\/secure.gravatar.com\/avatar\/338deec8d231d56d0ab7b2b7d6d0aedbcb3eb05390f6c027fd5b7ebe87b67dbf?s=96&d=mm&r=g","caption":"Andrea \u017d\u00e1\u010dkov\u00e1"}}]}},"_wl_alt_label":[],"wl:entity_url":"http:\/\/open.salzburgerland.com\/cs\/post\/jablecny-sen-152411","_links":{"self":[{"href":"https:\/\/www.salzburgerland.com\/cs\/wp-json\/wp\/v2\/posts\/152411","targetHints":{"allow":["GET"]}}],"collection":[{"href":"https:\/\/www.salzburgerland.com\/cs\/wp-json\/wp\/v2\/posts"}],"about":[{"href":"https:\/\/www.salzburgerland.com\/cs\/wp-json\/wp\/v2\/types\/post"}],"author":[{"embeddable":true,"href":"https:\/\/www.salzburgerland.com\/cs\/wp-json\/wp\/v2\/users\/6"}],"replies":[{"embeddable":true,"href":"https:\/\/www.salzburgerland.com\/cs\/wp-json\/wp\/v2\/comments?post=152411"}],"version-history":[{"count":5,"href":"https:\/\/www.salzburgerland.com\/cs\/wp-json\/wp\/v2\/posts\/152411\/revisions"}],"predecessor-version":[{"id":152456,"href":"https:\/\/www.salzburgerland.com\/cs\/wp-json\/wp\/v2\/posts\/152411\/revisions\/152456"}],"wp:featuredmedia":[{"embeddable":true,"href":"https:\/\/www.salzburgerland.com\/cs\/wp-json\/wp\/v2\/media\/152413"}],"wp:attachment":[{"href":"https:\/\/www.salzburgerland.com\/cs\/wp-json\/wp\/v2\/media?parent=152411"}],"wp:term":[{"taxonomy":"category","embeddable":true,"href":"https:\/\/www.salzburgerland.com\/cs\/wp-json\/wp\/v2\/categories?post=152411"},{"taxonomy":"post_tag","embeddable":true,"href":"https:\/\/www.salzburgerland.com\/cs\/wp-json\/wp\/v2\/tags?post=152411"},{"taxonomy":"wl_entity_type","embeddable":true,"href":"https:\/\/www.salzburgerland.com\/cs\/wp-json\/wp\/v2\/wl_entity_type?post=152411"}],"curies":[{"name":"wp","href":"https:\/\/api.w.org\/{rel}","templated":true}]}}