{"id":152077,"date":"2022-06-15T21:46:33","date_gmt":"2022-06-15T19:46:33","guid":{"rendered":"https:\/\/www.salzburgerland.com\/cs\/?p=152077"},"modified":"2026-03-19T01:17:35","modified_gmt":"2026-03-19T00:17:35","slug":"prazdninovy-region-narodni-park-vysoke-taury-se-strazci-narodniho-parku","status":"publish","type":"post","link":"https:\/\/www.salzburgerland.com\/cs\/prazdninovy-region-narodni-park-vysoke-taury-se-strazci-narodniho-parku\/","title":{"rendered":"V\u00fdlety s pr\u016fvodci v N\u00e1rodn\u00edm parku Vysok\u00e9 Taury"},"content":{"rendered":"<p>Spr\u00e1vci N\u00e1rodn\u00edho parku nebo tak\u00e9 range\u0159i jsou pr\u016fvodci, kte\u0159\u00ed\u00a0d\u011blaj\u00ed spole\u010dnost host\u016fm nap\u0159\u00edklad p\u0159i pozorov\u00e1n\u00ed divok\u00fdch zv\u00ed\u0159at, na v\u00fdletech za sv\u00edt\u00e1n\u00edm v hor\u00e1ch, na exkurz\u00edch v pralesech, p\u0159i pozn\u00e1v\u00e1n\u00ed botanick\u00fdch zaj\u00edmavost\u00ed nebo v ledovcov\u00e9 oblasti. Spr\u00e1vci N\u00e1rodn\u00edho parku nab\u00edzej\u00ed sv\u00e9 slu\u017eby po cel\u00fd rok. R\u00e1di zasv\u011bt\u00ed do taj\u016f p\u0159\u00edrody d\u011bti i dosp\u011bl\u00e9.<\/p>\n<div id=\"attachment_152138\" style=\"width: 1180px\" class=\"wp-caption alignnone\"><img decoding=\"async\" aria-describedby=\"caption-attachment-152138\" class=\"size-1170_658 wp-image-152138\" src=\"https:\/\/cdn.salzburgerland.com\/cs\/wp-content\/uploads\/2022\/06\/kitzsteinhorn_explorer_tour_c_kitzsteinhorn-1170x658.jpg\" alt=\"V\u00fdlety v N\u00e1rodn\u00edm parku se zasv\u011bcen\u00fdm a zku\u0161en\u00fdm pr\u016fvodcem je vhodn\u00fd pro dosp\u011bl\u00e9 i d\u011bti\" width=\"1170\" height=\"658\" srcset=\"https:\/\/www.salzburgerland.com\/cs\/wp-content\/uploads\/2022\/06\/kitzsteinhorn_explorer_tour_c_kitzsteinhorn-1170x658.jpg 1170w, https:\/\/www.salzburgerland.com\/cs\/wp-content\/uploads\/2022\/06\/kitzsteinhorn_explorer_tour_c_kitzsteinhorn-1200x675.jpg 1200w\" sizes=\"(max-width: 1170px) 100vw, 1170px\"><p id=\"caption-attachment-152138\" class=\"wp-caption-text\">Kitzsteinhorn Explorer Tour s pr\u016fvodcem N\u00e1rodn\u00edho parku \u00a9 Kitzsteinhorn<\/p><\/div>\n<h3>V\u00fdlety se str\u00e1\u017eci N\u00e1rodn\u00edho parku Vysok\u00e9 Taury v l\u00e9t\u011b 2025<\/h3>\n<p>Pozn\u00e1vat p\u0159\u00edrodu se spr\u00e1vci n\u00e1rodn\u00edho parku, to je jedine\u010dn\u00fd z\u00e1\u017eitek. Range\u0159i znaj\u00ed faunu a fl\u00f3ru, po\u010das\u00ed, m\u00edvaj\u00ed v z\u00e1loze mnoho p\u0159\u00edb\u011bh\u016f a dok\u00e1\u017e\u00ed vysv\u011btit historick\u00e9 souvislosti. Z\u00edsk\u00e1te tak nov\u00e9 poznatky a dojmy zcela p\u0159irozenou formou. Letn\u00ed <strong>program Ranger<\/strong> zahrnuje nep\u0159ebern\u00e9 mno\u017estv\u00ed t\u00far a exkurz\u00ed zahrnuj\u00edc\u00ed s doprovodem a zaj\u00edmav\u00fdmi t\u00e9maty. Je zam\u011b\u0159en na rodiny s d\u011btmi i na zdatn\u00e9 turisty v dobr\u00e9 fyzick\u00e9 kondici. \u00da\u010dast pro hosty s letn\u00ed kartou <strong><a href=\"https:\/\/www.salzburgerland.com\/cs\/prazdninovy-region-narodni-park-vysoke-taury-letni-karta-nationalpark-sommercard\/\">Nationalpark Sommercard<\/a><\/strong> je nav\u00edc <strong>zdarma<\/strong>!<\/p>\n<div id=\"attachment_159994\" style=\"width: 1180px\" class=\"wp-caption alignnone\"><img decoding=\"async\" aria-describedby=\"caption-attachment-159994\" class=\"size-1170_658 wp-image-159994\" src=\"https:\/\/www.salzburgerland.com\/cs\/wp-content\/uploads\/2022\/06\/auf-entdeckungsreise-c-ferienregion-nationalpark-hohe-tauern-michael-huber-5-1170x658.jpg\" alt=\"D\u011bti na objevn\u00e9 cest\u011b v N\u00e1rodn\u00edm parku Vysok\u00e9 Taury\" width=\"1170\" height=\"658\" srcset=\"https:\/\/www.salzburgerland.com\/cs\/wp-content\/uploads\/2022\/06\/auf-entdeckungsreise-c-ferienregion-nationalpark-hohe-tauern-michael-huber-5-1170x658.jpg 1170w, https:\/\/www.salzburgerland.com\/cs\/wp-content\/uploads\/2022\/06\/auf-entdeckungsreise-c-ferienregion-nationalpark-hohe-tauern-michael-huber-5-1200x675.jpg 1200w\" sizes=\"(max-width: 1170px) 100vw, 1170px\"><p id=\"caption-attachment-159994\" class=\"wp-caption-text\">Pro d\u011bti je pozn\u00e1v\u00e1n\u00ed p\u0159\u00edrody z\u00e1bava \u00a9 Ferienregion Nationalpark Hohe Tauern<\/p><\/div>\n<h3>Tipy na v\u00fdlety s rangery<\/h3>\n<p>Se spr\u00e1vci N\u00e1rodn\u00edho parku\u00a0se mohou z\u00e1jemci vydat na r\u016fzn\u00e9 v\u00fdlety, nap\u0159\u00edklad do oblast\u00ed\u00a0<strong>Rauriser Urwald, Stubacher Wiegenwald<\/strong>\u00a0nebo do borov\u00e9ho\u00a0<span style=\"color: #ffffff;\"><span style=\"background-color: #007aff;\">lesa <\/span><\/span><strong>Zirbenwald<\/strong>\u00a0v\u00a0Bad Gasteinu. Tam se snadno dostanete b\u011bhem 45 minut ch\u016fze od horn\u00ed stanice lanovky na Graukogelbahn v\u00a01940 metrech. Tato hora je zn\u00e1m\u00e9 pro sv\u00e9 obzvl\u00e1\u0161t\u011b kr\u00e1sn\u00e9 stromy. N\u011bkter\u00e9\u00a0<span class=\"textannotation disambiguated wl-thing\" id=\"urn:local-text-annotation-3twmqmqrftuslq91afs2uv7s4w52tlwz\" itemid=\"http:\/\/open.salzburgerland.com\/cs\/entity\/borovice\">borovice<\/span>\u00a0jsou star\u00e9 250 a\u017e 300 let.\u00a0<span class=\"textannotation disambiguated wl-other\" id=\"urn:enhancement-dcc1be60\" itemid=\"http:\/\/open.salzburgerland.com\/cs\/entity\/les\">Lesem<\/span>\u00a0vede citliv\u011b vytvo\u0159en\u00e1 stezka s m\u00edsty pro odpo\u010dinek. Od \u010dervna do z\u00e1\u0159\u00ed V\u00e1s touto okouzluj\u00edc\u00ed oblast\u00ed provedou i odborn\u00edci na slovo vzat\u00ed.<\/p>\n\n\t\t\t<div id=\"152077-1\" class=\"gallery gallery-152077 gallery-columns-3 gallery-size-1170_658\" itemscope itemtype=\"http:\/\/schema.org\/ImageGallery\">\n\t\t\t\t<ul class=\"gallery-row gallery-col-3 gallery-clear\">\n\t\t\t\t\t<li class=\"gallery-item col-3\" itemprop=\"associatedMedia\" itemscope itemtype=\"http:\/\/schema.org\/ImageObject\">\n\t\t\t\t\t\t<div class=\"gallery-icon landscape\"><a href=\"https:\/\/www.salzburgerland.com\/cs\/wp-content\/uploads\/2022\/06\/naturjuwel_wiegenwald_c-npht-v-szopory.jpg\" title=\"Naturjuwel_Wiegenwald_c-npht-v-szopory\"><img decoding=\"async\" data-title=\"V\u00fdlet do \u00fa\u017easn\u00e9ho ekosyst\u00e9mu Wiegenwald \u00a9 NPHT, Vanesa Szopory\" title=\"V\u00fdlet do \u00fa\u017easn\u00e9ho ekosyst\u00e9mu Wiegenwald \u00a9 NPHT, Vanesa Szopory\" data-caption=\"V\u00fdlet do \u00fa\u017easn\u00e9ho ekosyst\u00e9mu Wiegenwald \u00a9 NPHT, Vanesa Szopory\" width=\"1170\" height=\"658\" src=\"https:\/\/www.salzburgerland.com\/cs\/wp-content\/uploads\/2022\/06\/naturjuwel_wiegenwald_c-npht-v-szopory-1170x658.jpg\" class=\"attachment-1170_658 size-1170_658\" alt=\"Horsk\u00fd les s mal\u00fdm rybn\u00edkem, ide\u00e1ln\u00ed pro V\u00fdlety s pr\u016fvodci N\u00e1rodn\u00edho parku pod \u010d\u00e1ste\u010dn\u011b zata\u017eenou oblohou. (Zv\u011bt\u0161en\u00fd pohled)\" srcset=\"https:\/\/www.salzburgerland.com\/cs\/wp-content\/uploads\/2022\/06\/naturjuwel_wiegenwald_c-npht-v-szopory-1170x658.jpg 1170w, https:\/\/www.salzburgerland.com\/cs\/wp-content\/uploads\/2022\/06\/naturjuwel_wiegenwald_c-npht-v-szopory-1200x675.jpg 1200w\" sizes=\"(max-width: 1170px) 100vw, 1170px\" aria-describedby=\"figcaption-152077-152139\" itemprop=\"thumbnail\"><\/a><\/div>\n\t\t\t\t\t\t<span id=\"figcaption-152077-152139\" class=\"gallery-caption\" itemprop=\"caption\"><span aria-hidden=\"true\">V\u00fdlet do \u00fa\u017easn\u00e9ho ekosyst\u00e9mu Wiegenwald \u00a9 NPHT, Vanesa Szopory<\/span><\/span>\n\t\t\t\t\t<\/li>\n\t\t\t\t\t<li class=\"gallery-item col-3\" itemprop=\"associatedMedia\" itemscope itemtype=\"http:\/\/schema.org\/ImageObject\">\n\t\t\t\t\t\t<div class=\"gallery-icon landscape\"><a href=\"https:\/\/www.salzburgerland.com\/cs\/wp-content\/uploads\/2022\/06\/wiegenwald_tour_c_npht-vanessa_szopory.jpg\" title=\"Wiegenwald_Tour_c_NPHT-Vanessa_Szopory\"><img decoding=\"async\" data-title=\"Wiegenwald stoj\u00ed za vid\u011bn\u00ed \u00a9 NPHT, Vanesa Szopory\" title=\"Wiegenwald stoj\u00ed za vid\u011bn\u00ed \u00a9 NPHT, Vanesa Szopory\" data-caption=\"Wiegenwald stoj\u00ed za vid\u011bn\u00ed \u00a9 NPHT, Vanesa Szopory\" width=\"1170\" height=\"658\" src=\"https:\/\/www.salzburgerland.com\/cs\/wp-content\/uploads\/2022\/06\/wiegenwald_tour_c_npht-vanessa_szopory-1170x658.jpg\" class=\"attachment-1170_658 size-1170_658\" alt=\"Skupina turist\u016f si u\u017e\u00edv\u00e1 exkurze Str\u00e1\u017eci N\u00e1rodn\u00edho parku po lesn\u00ed cest\u011b s v\u00fdhledy na hory. (Zv\u011bt\u0161en\u00fd pohled)\" srcset=\"https:\/\/www.salzburgerland.com\/cs\/wp-content\/uploads\/2022\/06\/wiegenwald_tour_c_npht-vanessa_szopory-1170x658.jpg 1170w, https:\/\/www.salzburgerland.com\/cs\/wp-content\/uploads\/2022\/06\/wiegenwald_tour_c_npht-vanessa_szopory-1200x675.jpg 1200w\" sizes=\"(max-width: 1170px) 100vw, 1170px\" aria-describedby=\"figcaption-152077-152140\" itemprop=\"thumbnail\"><\/a><\/div>\n\t\t\t\t\t\t<span id=\"figcaption-152077-152140\" class=\"gallery-caption\" itemprop=\"caption\"><span aria-hidden=\"true\">Wiegenwald stoj\u00ed za vid\u011bn\u00ed \u00a9 NPHT, Vanesa Szopory<\/span><\/span>\n\t\t\t\t\t<\/li>\n\t\t\t\t\t<li class=\"gallery-item col-3\" itemprop=\"associatedMedia\" itemscope itemtype=\"http:\/\/schema.org\/ImageObject\">\n\t\t\t\t\t\t<div class=\"gallery-icon landscape\"><a href=\"https:\/\/www.salzburgerland.com\/cs\/wp-content\/uploads\/2022\/06\/bild-seite-9-1200x675-1.jpg\" title=\"bild-seite-9-1200x675\"><img decoding=\"async\" data-title=\"Wiegenwald v N\u00e1rodn\u00edm parku Vysok\u00e9 Taury \u00a9 Ferienregion NPHT, Vanessa Szopory\n\n\" title=\"Wiegenwald v N\u00e1rodn\u00edm parku Vysok\u00e9 Taury \u00a9 Ferienregion NPHT, Vanessa Szopory\n\n\" data-caption=\"Wiegenwald v N\u00e1rodn\u00edm parku Vysok\u00e9 Taury \u00a9 Ferienregion NPHT, Vanessa Szopory\n\n\" width=\"1170\" height=\"658\" src=\"https:\/\/www.salzburgerland.com\/cs\/wp-content\/uploads\/2022\/06\/bild-seite-9-1200x675-1-1170x658.jpg\" class=\"attachment-1170_658 size-1170_658\" alt=\"Prales Wiegenwald v \u00fadol\u00ed Stubachtal je pova\u017eov\u00e1n za jeden z nejkr\u00e1sn\u011bj\u0161\u00edch v Alp\u00e1ch. Borovice zde tvo\u0159\u00ed jedine\u010dn\u00fd, fascinuj\u00edc\u00ed r\u00e1z krajiny. (Zv\u011bt\u0161en\u00fd pohled)\" srcset=\"https:\/\/www.salzburgerland.com\/cs\/wp-content\/uploads\/2022\/06\/bild-seite-9-1200x675-1-1170x658.jpg 1170w, https:\/\/www.salzburgerland.com\/cs\/wp-content\/uploads\/2022\/06\/bild-seite-9-1200x675-1-768x432.jpg 768w, https:\/\/www.salzburgerland.com\/cs\/wp-content\/uploads\/2022\/06\/bild-seite-9-1200x675-1.jpg 1200w\" sizes=\"(max-width: 1170px) 100vw, 1170px\" aria-describedby=\"figcaption-152077-152018\" itemprop=\"thumbnail\"><\/a><\/div>\n\t\t\t\t\t\t<span id=\"figcaption-152077-152018\" class=\"gallery-caption\" itemprop=\"caption\"><span aria-hidden=\"true\">Wiegenwald v N\u00e1rodn\u00edm parku Vysok\u00e9 Taury \u00a9 Ferienregion NPHT, Vanessa Szopory\n\n<\/span><\/span>\n\t\t\t\t\t<\/li>\n\t\t\t\t<\/ul>\n\t\t\t<\/div><!-- .gallery -->\n\n<h3>Raurisk\u00fd prales<\/h3>\n<p>Rauriser Urwald je opravdov\u00fd p\u0159\u00edrodn\u00ed klenot v z\u00e1v\u011bru \u00fadol\u00ed Rauris. V doprovodu spr\u00e1vce parku zde m\u016f\u017eete objevovat temn\u00e9 ba\u017einat\u00e9 t\u016fn\u011b, smrky ztepil\u00e9, obrovsk\u00e9 stromy i mraveni\u0161t\u011b a stopy r\u016fzn\u00fdch divok\u00fdch zv\u00ed\u0159at nebo pt\u00e1k\u016f. Po proch\u00e1zce lesem se \u00fa\u010dastn\u00edci dostanou do vysokohorsk\u00e9 oblasti s n\u011bkolika zast\u00e1vkami na ob\u010derstven\u00ed. Cesta zp\u011bt do \u00fadol\u00ed vede po \u0161irok\u00fdch silnic\u00edch. T\u00fara je vhodn\u00e1 i pro rodiny s d\u011btmi.<\/p>\n<p><strong>Stupe\u0148 obt\u00ed\u017enosti:<\/strong> st\u0159edn\u011b n\u00e1ro\u010dn\u00e1 letn\u00ed t\u00fara trvaj\u00edc\u00ed cca 4 hodin, s p\u0159ev\u00fd\u0161en\u00edm 250 metr\u016f<\/p>\n<div id=\"attachment_152148\" style=\"width: 1180px\" class=\"wp-caption alignnone\"><img decoding=\"async\" aria-describedby=\"caption-attachment-152148\" class=\"size-1170_658 wp-image-152148\" src=\"https:\/\/www.salzburgerland.com\/cs\/wp-content\/uploads\/2022\/06\/urwald-rauris-c-npht-1170x658.jpg\" alt=\"Zelen\u00fd Raurisk\u00fd prales v N\u00e1rodn\u00edm parku Vysok\u00e9 Taury \" width=\"1170\" height=\"658\" srcset=\"https:\/\/www.salzburgerland.com\/cs\/wp-content\/uploads\/2022\/06\/urwald-rauris-c-npht-1170x658.jpg 1170w, https:\/\/www.salzburgerland.com\/cs\/wp-content\/uploads\/2022\/06\/urwald-rauris-c-npht-1200x675.jpg 1200w\" sizes=\"(max-width: 1170px) 100vw, 1170px\"><p id=\"caption-attachment-152148\" class=\"wp-caption-text\">Raurisk\u00fd prales v N\u00e1rodn\u00edm parku Vysok\u00e9 Taury \u00a9 NPHT\/ F. Rieder<\/p><\/div>\n<p>Mezi nejobl\u00edben\u011bj\u0161\u00ed v\u00fdletn\u00ed c\u00edle pat\u0159\u00ed okouzluj\u00edc\u00ed <strong>\u00fadol\u00ed<\/strong>. Jsou k nim organizov\u00e1ny nejen t\u00fddenn\u00ed v\u00fdlety, ale tak\u00e9 speci\u00e1ln\u00ed a mimo\u0159\u00e1dn\u00e9 v\u00fdpravy. Ti, co maj\u00ed turistickou kartu regionu, <strong>Nationalpark SommerCard<\/strong>, se \u00fa\u010dastn\u00ed prohl\u00eddek se str\u00e1\u017eci n\u00e1rodn\u00edho parku zdarma. V\u00fdjimkou jsou v\u00fdlety do divok\u00fdch oblast\u00ed \u00fadol\u00ed Sulzbacht\u00e4ler (Wildnisgebiet Sulzbacht\u00e4ler),\u00a0<span _istranslated=\"1\">prohl\u00eddka<\/span>\u00a0dolu Hochfeld a Explorer Tour na Kitzsteinhon.<\/p>\n<header><\/header>\n<h3><strong>Divok\u00e9 \u00fadol\u00ed Sulzbacht\u00e4ler<\/strong><\/h3>\n<header>\n<p data-start=\"305\" data-end=\"661\">V roce 2018 byla \u00fadol\u00ed <strong>Sulzbacht\u00e4ler<\/strong> se sv\u00fdmi 17 ledovci a 25 t\u0159\u00edtis\u00edcovkami uzn\u00e1na jako oblast s divokou krajinou a spl\u0148uj\u00ed tak nejp\u0159\u00edsn\u011bj\u0161\u00ed kategorie ochrany Mezin\u00e1rodn\u00ed unie pro ochranu p\u0159\u00edrody (IUCN). V t\u011bchto oblastech nejsou povoleny \u017e\u00e1dn\u00e9 lidsk\u00e9 z\u00e1sahy. Nevedou zde zna\u010den\u00e9 cesty ani se tu neprovozuje zem\u011bd\u011blstv\u00ed. V r\u00e1mci letn\u00edho programu jsou ale nab\u00edzeny organizovan\u00e9 t\u00fary s pr\u016fvodci n\u00e1rodn\u00edho parku. V mal\u00e9 skupin\u011b se vyd\u00e1te z Abichlalmu k ledovci Untersulzbachkees ve v\u00fd\u0161ce kolem 2100 metr\u016f nad mo\u0159em a zp\u011bt.<\/p>\n<p data-start=\"865\" data-end=\"1074\">Kdo se do t\u011bchto m\u00edst nedostane osobn\u011b, m\u016f\u017ee je nov\u011b poznat alespo\u0148 prost\u0159ednictv\u00edm roz\u0161\u00ed\u0159en\u00e9ho filmu v 360\u00b0 kin\u011b v <strong>Nationalparkwelten v Mittersillu<\/strong>, kter\u00fd p\u0159ibli\u017euje jejich jedine\u010dnou a nedot\u010denou podobu.<\/p>\n<p data-start=\"1076\" data-end=\"1170\"><strong data-start=\"1076\" data-end=\"1098\">Stupe\u0148 obt\u00ed\u017enosti:<\/strong> dlouh\u00e1, vytrvalostn\u00ed t\u00fara trvaj\u00edc\u00ed cca 9 hodin, s p\u0159ev\u00fd\u0161en\u00edm 900 metr\u016f.<\/p>\n<\/header>\n<header>\n<div id=\"attachment_152149\" style=\"width: 1180px\" class=\"wp-caption alignnone\"><img decoding=\"async\" aria-describedby=\"caption-attachment-152149\" class=\"size-1170_658 wp-image-152149\" src=\"https:\/\/www.salzburgerland.com\/cs\/wp-content\/uploads\/2022\/06\/wildnisgebiet-sulzbachtaeler-c-npht-tobias-kaser-1170x658.jpg\" alt=\"Divok\u00e9 \u00fadol\u00ed Sulzbacht\u00e4ler\" width=\"1170\" height=\"658\" srcset=\"https:\/\/www.salzburgerland.com\/cs\/wp-content\/uploads\/2022\/06\/wildnisgebiet-sulzbachtaeler-c-npht-tobias-kaser-1170x658.jpg 1170w, https:\/\/www.salzburgerland.com\/cs\/wp-content\/uploads\/2022\/06\/wildnisgebiet-sulzbachtaeler-c-npht-tobias-kaser-1200x675.jpg 1200w\" sizes=\"(max-width: 1170px) 100vw, 1170px\"><p id=\"caption-attachment-152149\" class=\"wp-caption-text\">Divok\u00e9 \u00fadol\u00ed Sulzbacht\u00e4ler \u00a9 NPHT\/ Tobias Kaser<\/p><\/div>\n<h3><strong>\u00dadol\u00ed smaragd\u016f\u00a0<\/strong><\/h3>\n<p>Jedin\u00e9 v\u00fdznamn\u00e9 nalezi\u0161t\u011b smaragd\u016f v Evrop\u011b se nach\u00e1z\u00ed pr\u00e1v\u011b v N\u00e1rodn\u00edm parku Vysok\u00e9 Taury. V\u011bd\u011bli to u\u017e d\u0159\u00edv\u011bj\u0161\u00ed arcibiskupov\u00e9, a proto tyto drah\u00e9 kameny dodnes naleznete v salcbursk\u00e9m muzeu DomQuartier. V doprovodu spr\u00e1vce parku se vyd\u00e1te po \u201esmaragdov\u00e9 stezce\u201c do \u00fadol\u00ed Trogtal s jeho vz\u00e1cn\u00fdm nerostn\u00fdm bohatstv\u00edm. \u00da\u010dastn\u00edci se dozv\u011bd\u00ed v\u0161e o hled\u00e1n\u00ed smaragd\u016f a p\u0159i tro\u0161e \u0161t\u011bst\u00ed zahl\u00e9dnou svi\u0161t\u011b a kozoro\u017ece. T\u00fara je vhodn\u00e1 pro rodiny s d\u011btmi.<\/p>\n<p><strong>Stupe\u0148 obt\u00ed\u017enosti:<\/strong> snadn\u00e1 letn\u00ed exkurze trvaj\u00edc\u00ed cca 4 hodiny, s p\u0159ev\u00fd\u0161en\u00edm 500 metr\u016f<\/p>\n<p>Mezi dal\u0161\u00ed v\u00fdlety pat\u0159\u00ed t\u00fara k <strong>orlosup\u016fm bradat\u00fdm v \u00fadol\u00ed Rauris<\/strong> (\u201eKr\u00e1lov\u00e9 nebes\u201c), t\u00fara k <strong>jezeru Reedsee<\/strong> ve m\u011bst\u011b Bad Gastein nebo <strong>pralesem Wiegenwald<\/strong> p\u0159edstavuj\u00edc\u00ed p\u0159\u00edrodn\u00ed klenot v ledovcov\u00e9m sv\u011bt\u011b okolo jezera Wei\u00dfsee v Uttendorfu.<\/p>\n<div id=\"attachment_152145\" style=\"width: 1180px\" class=\"wp-caption alignnone\"><img decoding=\"async\" aria-describedby=\"caption-attachment-152145\" class=\"size-1170_658 wp-image-152145\" src=\"https:\/\/www.salzburgerland.com\/cs\/wp-content\/uploads\/2022\/06\/reedsee_reedseehuette_tischlerkar_c_npht_rieder-1170x658.jpg\" alt=\"P\u0159\u00edrodn\u00ed klenot, jezero Reedsee pod horami v Gasteinu\" width=\"1170\" height=\"658\" srcset=\"https:\/\/www.salzburgerland.com\/cs\/wp-content\/uploads\/2022\/06\/reedsee_reedseehuette_tischlerkar_c_npht_rieder-1170x658.jpg 1170w, https:\/\/www.salzburgerland.com\/cs\/wp-content\/uploads\/2022\/06\/reedsee_reedseehuette_tischlerkar_c_npht_rieder-1200x675.jpg 1200w\" sizes=\"(max-width: 1170px) 100vw, 1170px\"><p id=\"caption-attachment-152145\" class=\"wp-caption-text\">P\u0159\u00edrodn\u00ed klenot Reedsee v Gasteinu \u00a9 NPHT\/ F. Rieder<\/p><\/div>\n<\/header>\n<header><\/header>\n<article><\/article>\n<article><\/article>\n<article><\/article>\n<article><\/article>\n<article><\/article>\n<article class=\"content-element content-element-text \">V letn\u00edch i zimn\u00edch m\u011bs\u00edc\u00edch nab\u00edz\u00ed Spr\u00e1va N\u00e1rodn\u00edho parku v\u0161em z\u00e1jemc\u016fm r\u016fzn\u00e9 exkurze. Po\u010d\u00ednaje p\u0159echody poho\u0159\u00edm Taury, p\u0159es pozorov\u00e1n\u00ed zv\u011b\u0159e, geologick\u00e9 v\u00fdlety nebo zimn\u00ed t\u00fary na sn\u011b\u017enic\u00edch do r\u016fzn\u00fdch taursk\u00fdch \u00fadol\u00ed. Krom\u011b t\u00fddenn\u00edch exkurz\u00ed jsou tak\u00e9 nab\u00edzeny jednotliv\u00e9 term\u00edny speci\u00e1ln\u00edch v\u00fdlet\u016f na zvl\u00e1\u0161tn\u00ed m\u00edsta. Str\u00e1\u017eci N\u00e1rodn\u00edho parku znaj\u00ed chr\u00e1n\u011bn\u00e1 \u00fazem\u00ed jako sv\u00e9 boty.<\/article>\n<article><\/article>\n<article><\/article>\n<article><\/article>\n<article><\/article>\n<article><\/article>\n<article><\/article>\n<article><\/article>\n<article>\n<div id=\"attachment_152142\" style=\"width: 1180px\" class=\"wp-caption alignnone\"><img decoding=\"async\" aria-describedby=\"caption-attachment-152142\" class=\"size-1170_658 wp-image-152142\" src=\"https:\/\/cdn.salzburgerland.com\/cs\/wp-content\/uploads\/2022\/06\/nationalpark-ranger_c-npht_abaldinger-1170x658.jpg\" alt=\"Spr\u00e1vci N\u00e1rodn\u00edho parku V\u00e1s provedou r\u016fzn\u00fdmi m\u00edsty, kde se od nich dozv\u00edte spoustu zaj\u00edmav\u00fdch informac\u00ed\" width=\"1170\" height=\"658\" srcset=\"https:\/\/www.salzburgerland.com\/cs\/wp-content\/uploads\/2022\/06\/nationalpark-ranger_c-npht_abaldinger-1170x658.jpg 1170w, https:\/\/www.salzburgerland.com\/cs\/wp-content\/uploads\/2022\/06\/nationalpark-ranger_c-npht_abaldinger-1200x675.jpg 1200w\" sizes=\"(max-width: 1170px) 100vw, 1170px\"><p id=\"caption-attachment-152142\" class=\"wp-caption-text\">Str\u00e1\u017eci N\u00e1rodn\u00edho parku jsou skv\u011bl\u00fdmi pr\u016fvodci \u00a9 NPHT, A. Baldinger<\/p><\/div>\n<p>Ti, co maj\u00ed turistickou kartu regionu, <strong>Nationalpark SommerCard<\/strong>, se \u00fa\u010dastn\u00ed prohl\u00eddek se str\u00e1\u017eci n\u00e1rodn\u00edho parku zdarma. V\u00fdjimkou jsou v\u00fdlety do divok\u00fdch oblast\u00ed \u00fadol\u00ed Sulzbacht\u00e4ler (Wildnisgebiet Sulzbacht\u00e4ler),\u00a0<span _istranslated=\"1\">prohl\u00eddka<\/span>\u00a0dolu Hochfeld a Explorer Tour na Kitzsteinhon.<\/p>\n<\/article>\n<article><\/article>\n<article><\/article>\n<article><\/article>\n<article><\/article>\n<article>\n<h3 class=\"content-element content-element-text \"><a href=\"https:\/\/www.nationalpark.at\/en\/holidays\/summer\/discover-national-park\/ranger-tours\/#\/experiences\">13 zaj\u00edmav\u00fdch v\u00fdlet\u016f v N\u00e1rodn\u00edm parku<\/a><\/h3>\n<ul>\n<li>Raurisk\u00fd prales (Rauriser Urwald)<\/li>\n<li>P\u0159\u00edrodn\u00ed poklad, jezero Reedsee<\/li>\n<li>Divo\u010dina v \u00fadol\u00ed Sulzbacht\u00e4ler<\/li>\n<li>Pozn\u00e1v\u00e1n\u00ed jelen\u016f<\/li>\n<li>Stezka \u0158\u00edman\u016f<\/li>\n<li>Do Smaragdov\u00e9ho \u00fadol\u00ed<\/li>\n<li>Jezero Sch\u00f6dersee<\/li>\n<li>Prohl\u00eddky Kitzsteinhorn Explorer<\/li>\n<li>Cesta do dolu<\/li>\n<li>Seznamte se s rangerem<\/li>\n<li>Klenot p\u0159\u00edrody, kol\u00e9bka borovice limby<\/li>\n<li>Arktick\u00e1 expedice<\/li>\n<li>Kr\u00e1lov\u00e9 nebes<\/li>\n<\/ul>\n\n\t\t\t<div id=\"152077-2\" class=\"gallery gallery-152077 gallery-columns-3 gallery-size-1170_658\" itemscope itemtype=\"http:\/\/schema.org\/ImageGallery\">\n\t\t\t\t<ul class=\"gallery-row gallery-col-3 gallery-clear\">\n\t\t\t\t\t<li class=\"gallery-item col-3\" itemprop=\"associatedMedia\" itemscope itemtype=\"http:\/\/schema.org\/ImageObject\">\n\t\t\t\t\t\t<div class=\"gallery-icon landscape\"><a href=\"https:\/\/www.salzburgerland.com\/cs\/wp-content\/uploads\/2022\/06\/stubachtaler-gletscher-c-npht-f-rieder-72dpi.jpg\" title=\"stubachtaler-gletscher-c-npht-f-rieder-72dpi\"><img decoding=\"async\" data-title=\"Arktick\u00e1 v\u00fdprava, ledovec Stubachtal \u00a9 NPHT\/ F. Rieder\" title=\"Arktick\u00e1 v\u00fdprava, ledovec Stubachtal \u00a9 NPHT\/ F. Rieder\" data-caption=\"Arktick\u00e1 v\u00fdprava, ledovec Stubachtal \u00a9 NPHT\/ F. Rieder\" width=\"1170\" height=\"658\" src=\"https:\/\/www.salzburgerland.com\/cs\/wp-content\/uploads\/2022\/06\/stubachtaler-gletscher-c-npht-f-rieder-72dpi-1170x658.jpg\" class=\"attachment-1170_658 size-1170_658\" alt=\"Tyrkysov\u00e9 ledovcov\u00e9 jezero s ledem, horami a mraky - ide\u00e1ln\u00ed pro V\u00fdlety s pr\u016fvodci N\u00e1rodn\u00edho parku. (Zv\u011bt\u0161en\u00fd pohled)\" srcset=\"https:\/\/www.salzburgerland.com\/cs\/wp-content\/uploads\/2022\/06\/stubachtaler-gletscher-c-npht-f-rieder-72dpi-1170x658.jpg 1170w, https:\/\/www.salzburgerland.com\/cs\/wp-content\/uploads\/2022\/06\/stubachtaler-gletscher-c-npht-f-rieder-72dpi-768x432.jpg 768w, https:\/\/www.salzburgerland.com\/cs\/wp-content\/uploads\/2022\/06\/stubachtaler-gletscher-c-npht-f-rieder-72dpi-1200x675.jpg 1200w, https:\/\/www.salzburgerland.com\/cs\/wp-content\/uploads\/2022\/06\/stubachtaler-gletscher-c-npht-f-rieder-72dpi.jpg 1333w\" sizes=\"(max-width: 1170px) 100vw, 1170px\" aria-describedby=\"figcaption-152077-152147\" itemprop=\"thumbnail\"><\/a><\/div>\n\t\t\t\t\t\t<span id=\"figcaption-152077-152147\" class=\"gallery-caption\" itemprop=\"caption\"><span aria-hidden=\"true\">Arktick\u00e1 v\u00fdprava, ledovec Stubachtal \u00a9 NPHT\/ F. Rieder<\/span><\/span>\n\t\t\t\t\t<\/li>\n\t\t\t\t\t<li class=\"gallery-item col-3\" itemprop=\"associatedMedia\" itemscope itemtype=\"http:\/\/schema.org\/ImageObject\">\n\t\t\t\t\t\t<div class=\"gallery-icon landscape\"><a href=\"https:\/\/www.salzburgerland.com\/cs\/wp-content\/uploads\/2022\/06\/schoedersee_c_nppht.jpg\" title=\"Schoedersee_c_NPPHT\"><img decoding=\"async\" data-title=\"Idylick\u00e9 jezero Schoedersee \u00a9 NPHT\/ F. Rieder\" title=\"Idylick\u00e9 jezero Schoedersee \u00a9 NPHT\/ F. Rieder\" data-caption=\"Idylick\u00e9 jezero Schoedersee \u00a9 NPHT\/ F. Rieder\" width=\"1170\" height=\"658\" src=\"https:\/\/www.salzburgerland.com\/cs\/wp-content\/uploads\/2022\/06\/schoedersee_c_nppht-1170x658.jpg\" class=\"attachment-1170_658 size-1170_658\" alt=\"Pr\u016fzra\u010dn\u011b zelen\u00e9 horsk\u00e9 jezero s borovicemi, ide\u00e1ln\u00ed pro V\u00fdlety s pr\u016fvodci N\u00e1rodn\u00edho parku pod modrou oblohou. (Zv\u011bt\u0161en\u00fd pohled)\" aria-describedby=\"figcaption-152077-152146\" itemprop=\"thumbnail\"><\/a><\/div>\n\t\t\t\t\t\t<span id=\"figcaption-152077-152146\" class=\"gallery-caption\" itemprop=\"caption\"><span aria-hidden=\"true\">Idylick\u00e9 jezero Schoedersee \u00a9 NPHT\/ F. Rieder<\/span><\/span>\n\t\t\t\t\t<\/li>\n\t\t\t\t\t<li class=\"gallery-item col-3\" itemprop=\"associatedMedia\" itemscope itemtype=\"http:\/\/schema.org\/ImageObject\">\n\t\t\t\t\t\t<div class=\"gallery-icon landscape\"><a href=\"https:\/\/www.salzburgerland.com\/cs\/wp-content\/uploads\/2022\/06\/besucher-schaubergwerk-hochfeld-c-niki-faistauer.jpg\" title=\"besucher-schaubergwerk-hochfeld-c-niki-faistauer\"><img decoding=\"async\" data-title=\"Prohl\u00eddkov\u00fd d\u016fl Hochfeld \u00a9 NPHT\/ N. Faistauer\" title=\"Prohl\u00eddkov\u00fd d\u016fl Hochfeld \u00a9 NPHT\/ N. Faistauer\" data-caption=\"Prohl\u00eddkov\u00fd d\u016fl Hochfeld \u00a9 NPHT\/ N. Faistauer\" width=\"1155\" height=\"658\" src=\"https:\/\/www.salzburgerland.com\/cs\/wp-content\/uploads\/2022\/06\/besucher-schaubergwerk-hochfeld-c-niki-faistauer-1155x658.jpg\" class=\"attachment-1170_658 size-1170_658\" alt=\"Pr\u016fvodce z V\u00fdlet\u016f s pr\u016fvodci N\u00e1rodn\u00edho parku vysv\u011btluje rodin\u011b v podzem\u00ed dolu d\u016fln\u00ed za\u0159\u00edzen\u00ed. (Zv\u011bt\u0161en\u00fd pohled)\" aria-describedby=\"figcaption-152077-152144\" itemprop=\"thumbnail\"><\/a><\/div>\n\t\t\t\t\t\t<span id=\"figcaption-152077-152144\" class=\"gallery-caption\" itemprop=\"caption\"><span aria-hidden=\"true\">Prohl\u00eddkov\u00fd d\u016fl Hochfeld \u00a9 NPHT\/ N. Faistauer<\/span><\/span>\n\t\t\t\t\t<\/li>\n\t\t\t\t<\/ul>\n\t\t\t<\/div><!-- .gallery -->\n\n<p>Str\u00e1\u017eci N\u00e1rodn\u00edho parku pot\u0159ebuj\u00ed solidn\u00ed znalosti, intuici a vzd\u011bl\u00e1n\u00ed s licenc\u00ed. Vyznaj\u00ed se v t\u00e9to oblasti l\u00e9pe ne\u017e kdokoli jin\u00fd. Je to nezbytn\u00e9, proto\u017ee vedou turistick\u00e9 skupiny chr\u00e1n\u011bn\u00fdmi \u00fazem\u00edmi a vysv\u011btluj\u00ed jim zaj\u00edmavosti z oblasti botaniky, zoologie, geologie i ekologie. P\u0159i p\u0159ed\u00e1v\u00e1n\u00ed sv\u00fdch znalost\u00ed, hodnot a poselstv\u00ed pou\u017e\u00edvaj\u00ed vhodn\u00e9 pedagogick\u00e9 a didaktick\u00e9 techniky. Budete s nimi pozorovat p\u0159\u00edrodu, pod\u00edv\u00e1te se na zaj\u00edmav\u00e1 m\u00edsta, zahrajete si i n\u011bkter\u00e9 hry. Pr\u016fvodci si v\u011bd\u00ed rady v p\u0159\u00edpad\u011b nutnosti prvn\u00ed pomoci, p\u0159i nebezpe\u010dn\u00fdch situac\u00edch v ter\u00e9nu, znaj\u00ed mapy, po\u010das\u00ed a dal\u0161\u00ed lok\u00e1ln\u00ed podm\u00ednky.<\/p>\n<p><iframe title=\"Nationalpark Hohe Tauern - Be a part of it!\" width=\"500\" height=\"281\" src=\"https:\/\/www.youtube-nocookie.com\/embed\/qF_PnbgIhgk?start=149&amp;feature=oembed\" frameborder=\"0\" allow=\"accelerometer; autoplay; clipboard-write; encrypted-media; gyroscope; picture-in-picture; web-share\" referrerpolicy=\"strict-origin-when-cross-origin\" allowfullscreen><\/iframe><\/p>\n<p>A co d\u011blaj\u00ed range\u0159i, kdy\u017e zrovna neprov\u00e1d\u011bj\u00ed turisty? Zkoumaj\u00ed rostlinn\u00e9 a \u017eivo\u010di\u0161n\u00e9 druhy \u017eij\u00edc\u00ed v N\u00e1rodn\u00edm parku, dokumentuj\u00ed p\u0159\u00edpadn\u00e9 zm\u011bny. Udr\u017euj\u00ed kontakt s vlastn\u00edky p\u016fdy. Kontroluj\u00ed a opravuj\u00ed nau\u010dn\u00e9 stezky, informa\u010dn\u00ed tabule a pozorovatelny. V nejv\u011bt\u0161\u00edm N\u00e1rodn\u00edm parku Vysok\u00e9 Taury v Alp\u00e1ch, kter\u00fd se t\u00e1hne p\u0159es Salcbursko, Tyrolsko a Korutany, p\u016fsob\u00ed v sou\u010dasn\u00e9 dob\u011b 94 str\u00e1\u017ec\u016f. Jejich \u00fakolem je otev\u0159\u00edt lidem o\u010di k objevov\u00e1n\u00ed kr\u00e1s p\u0159\u00edrody v nejv\u011bt\u0161\u00ed p\u0159\u00edrodn\u00ed rezervaci ve st\u0159edn\u00ed Evrop\u011b.<\/p>\n<h3>Kdo se nezept\u00e1, nic se nedozv\u00ed<\/h3>\n<article class=\"content-element content-element-text \">V letn\u00edch m\u011bs\u00edc\u00edch jsou otev\u0159eny v\u0161echny informa\u010dn\u00ed centra u vchod\u016f do \u00fadol\u00ed N\u00e1rodn\u00edho parku, od \u00fadol\u00ed Wildgerlostal po Gro\u00dfarltal. Tady dostanete pot\u0159ebn\u00e9 informace, cenn\u00e9 rady, mapy a prospekty.\u00a0 <strong>Informa\u010dn\u00ed st\u00e1nky jsou otev\u0159eny<\/strong> do z\u00e1\u0159\u00ed, od 9:00 do 17:00, od ned\u011ble do p\u00e1tku. B\u00fdvaj\u00ed <span _istranslated=\"1\">prvn\u00edm nav\u0161t\u00edven\u00fdm m\u00edstem pro turisty, kte\u0159\u00ed se vydaj\u00ed do N\u00e1rodn\u00edho parku po vlastn\u00ed ose.<\/span><\/article>\n<article><\/article>\n<article><\/article>\n<article>\n<div id=\"attachment_152150\" style=\"width: 1180px\" class=\"wp-caption alignnone\"><img decoding=\"async\" aria-describedby=\"caption-attachment-152150\" class=\"wp-image-152150 size-1170_658\" src=\"https:\/\/cdn.salzburgerland.com\/cs\/wp-content\/uploads\/2022\/06\/csm_meet_a_ranger_ferienregion_nationalpark_hohe_tauern_michael_huber_74ea4f612b-1170x658.jpg\" alt=\"Pozn\u00e1v\u00e1n\u00ed alpsk\u00e9 p\u0159\u00edrody v N\u00e1rodn\u00edm parku je nejlep\u0161\u00ed se zku\u0161en\u00fdm pr\u016fvodcem\" width=\"1170\" height=\"658\" srcset=\"https:\/\/www.salzburgerland.com\/cs\/wp-content\/uploads\/2022\/06\/csm_meet_a_ranger_ferienregion_nationalpark_hohe_tauern_michael_huber_74ea4f612b-1170x658.jpg 1170w, https:\/\/www.salzburgerland.com\/cs\/wp-content\/uploads\/2022\/06\/csm_meet_a_ranger_ferienregion_nationalpark_hohe_tauern_michael_huber_74ea4f612b-1200x675.jpg 1200w\" sizes=\"(max-width: 1170px) 100vw, 1170px\"><p id=\"caption-attachment-152150\" class=\"wp-caption-text\">Pozn\u00e1v\u00e1n\u00ed alpsk\u00e9 p\u0159\u00edrody v N\u00e1rodn\u00edm parku je nejlep\u0161\u00ed se zku\u0161en\u00fdm pr\u016fvodcem \u00a9 NPHT, A. Baldinger<\/p><\/div>\n<\/article>\n<\/article>\n","protected":false},"excerpt":{"rendered":"<p>Spr\u00e1vci N\u00e1rodn\u00edho parku nebo tak\u00e9 range\u0159i jsou pr\u016fvodci, kte\u0159\u00ed\u00a0d\u011blaj\u00ed spole\u010dnost host\u016fm nap\u0159\u00edklad p\u0159i pozorov\u00e1n\u00ed divok\u00fdch zv\u00ed\u0159at, na v\u00fdletech za sv\u00edt\u00e1n\u00edm v hor\u00e1ch, na exkurz\u00edch v pralesech, p\u0159i pozn\u00e1v\u00e1n\u00ed botanick\u00fdch zaj\u00edmavost\u00ed nebo v ledovcov\u00e9 oblasti. Spr\u00e1vci N\u00e1rodn\u00edho parku nab\u00edzej\u00ed sv\u00e9 slu\u017eby po cel\u00fd rok. R\u00e1di zasv\u011bt\u00ed do taj\u016f p\u0159\u00edrody d\u011bti i dosp\u011bl\u00e9. V\u00fdlety se str\u00e1\u017eci N\u00e1rodn\u00edho [&hellip;]<\/p>\n","protected":false},"author":6,"featured_media":159990,"comment_status":"closed","ping_status":"closed","sticky":false,"template":"","format":"standard","meta":{"_acf_changed":false,"wl_entities_gutenberg":"","_relevanssi_hide_post":"","_relevanssi_hide_content":"","_relevanssi_pin_for_all":"","_relevanssi_pin_keywords":"","_relevanssi_unpin_keywords":"","_relevanssi_related_keywords":"","_relevanssi_related_include_ids":"","_relevanssi_related_exclude_ids":"","_relevanssi_related_no_append":"","_relevanssi_related_not_related":"","_relevanssi_related_posts":"","_relevanssi_noindex_reason":"","footnotes":""},"categories":[1],"tags":[],"wl_entity_type":[706],"class_list":["post-152077","post","type-post","status-publish","format-standard","has-post-thumbnail","hentry","category-uncategorized","wl_entity_type-article"],"acf":[],"yoast_head":"<!-- This site is optimized with the Yoast SEO Premium plugin v27.4 (Yoast SEO v27.4) - https:\/\/yoast.com\/product\/yoast-seo-premium-wordpress\/ -->\n<title>V\u00fdlety s pr\u016fvodci v N\u00e1rodn\u00edm parku Vysok\u00e9 Taury \u00bb SalzburgerLand.com<\/title>\n<meta name=\"robots\" content=\"index, follow, max-snippet:-1, max-image-preview:large, max-video-preview:-1\" \/>\n<link rel=\"canonical\" href=\"https:\/\/www.salzburgerland.com\/cs\/prazdninovy-region-narodni-park-vysoke-taury-se-strazci-narodniho-parku\/\" \/>\n<meta property=\"og:locale\" content=\"cs_CZ\" \/>\n<meta property=\"og:type\" content=\"article\" \/>\n<meta property=\"og:title\" content=\"V\u00fdlety s pr\u016fvodci v N\u00e1rodn\u00edm parku Vysok\u00e9 Taury\" \/>\n<meta property=\"og:description\" content=\"Spr\u00e1vci N\u00e1rodn\u00edho parku nebo tak\u00e9 range\u0159i jsou pr\u016fvodci, kte\u0159\u00ed\u00a0d\u011blaj\u00ed spole\u010dnost host\u016fm nap\u0159\u00edklad p\u0159i pozorov\u00e1n\u00ed divok\u00fdch zv\u00ed\u0159at, na v\u00fdletech za sv\u00edt\u00e1n\u00edm\" \/>\n<meta property=\"og:url\" content=\"https:\/\/www.salzburgerland.com\/cs\/prazdninovy-region-narodni-park-vysoke-taury-se-strazci-narodniho-parku\/\" \/>\n<meta property=\"og:site_name\" content=\"SalzburgerLand.com\" \/>\n<meta property=\"article:publisher\" content=\"https:\/\/www.facebook.com\/visitsalzburgerland\/\" \/>\n<meta property=\"article:published_time\" content=\"2022-06-15T19:46:33+00:00\" \/>\n<meta property=\"article:modified_time\" content=\"2026-03-19T00:17:35+00:00\" \/>\n<meta property=\"og:image\" content=\"https:\/\/www.salzburgerland.com\/cs\/wp-content\/uploads\/2022\/06\/unterwegs-mit-dem-nationalpark-ranger-c-ferienregion-nationalpark-hohe-tauern-michael-huber-49-1200x675.jpg\" \/>\n\t<meta property=\"og:image:width\" content=\"1200\" \/>\n\t<meta property=\"og:image:height\" content=\"675\" \/>\n\t<meta property=\"og:image:type\" content=\"image\/jpeg\" \/>\n<meta name=\"author\" content=\"Andrea \u017d\u00e1\u010dkov\u00e1\" \/>\n<meta name=\"twitter:card\" content=\"summary_large_image\" \/>\n<meta name=\"twitter:creator\" content=\"@salzburgerland\" \/>\n<meta name=\"twitter:site\" content=\"@salzburgerland\" \/>\n<meta name=\"twitter:label1\" content=\"Napsal(a)\" \/>\n\t<meta name=\"twitter:data1\" content=\"Andrea \u017d\u00e1\u010dkov\u00e1\" \/>\n\t<meta name=\"twitter:label2\" content=\"Odhadovan\u00e1 doba \u010dten\u00ed\" \/>\n\t<meta name=\"twitter:data2\" content=\"9 minut\" \/>\n<script type=\"application\/ld+json\" class=\"yoast-schema-graph\">{\"@context\":\"https:\\\/\\\/schema.org\",\"@graph\":[{\"@type\":\"Article\",\"@id\":\"https:\\\/\\\/www.salzburgerland.com\\\/cs\\\/prazdninovy-region-narodni-park-vysoke-taury-se-strazci-narodniho-parku\\\/#article\",\"isPartOf\":{\"@id\":\"https:\\\/\\\/www.salzburgerland.com\\\/cs\\\/prazdninovy-region-narodni-park-vysoke-taury-se-strazci-narodniho-parku\\\/\"},\"author\":{\"name\":\"Andrea \u017d\u00e1\u010dkov\u00e1\",\"@id\":\"https:\\\/\\\/www.salzburgerland.com\\\/cs\\\/#\\\/schema\\\/person\\\/dd42a4661897004df109095dbf40eeff\"},\"headline\":\"V\u00fdlety s pr\u016fvodci v N\u00e1rodn\u00edm parku Vysok\u00e9 Taury\",\"datePublished\":\"2022-06-15T19:46:33+00:00\",\"dateModified\":\"2026-03-19T00:17:35+00:00\",\"mainEntityOfPage\":{\"@id\":\"https:\\\/\\\/www.salzburgerland.com\\\/cs\\\/prazdninovy-region-narodni-park-vysoke-taury-se-strazci-narodniho-parku\\\/\"},\"wordCount\":1507,\"image\":{\"@id\":\"https:\\\/\\\/www.salzburgerland.com\\\/cs\\\/prazdninovy-region-narodni-park-vysoke-taury-se-strazci-narodniho-parku\\\/#primaryimage\"},\"thumbnailUrl\":\"https:\\\/\\\/www.salzburgerland.com\\\/cs\\\/wp-content\\\/uploads\\\/2022\\\/06\\\/unterwegs-mit-dem-nationalpark-ranger-c-ferienregion-nationalpark-hohe-tauern-michael-huber-49.jpg\",\"articleSection\":[\"Uncategorized\"],\"inLanguage\":\"cs\"},{\"@type\":\"WebPage\",\"@id\":\"https:\\\/\\\/www.salzburgerland.com\\\/cs\\\/prazdninovy-region-narodni-park-vysoke-taury-se-strazci-narodniho-parku\\\/\",\"url\":\"https:\\\/\\\/www.salzburgerland.com\\\/cs\\\/prazdninovy-region-narodni-park-vysoke-taury-se-strazci-narodniho-parku\\\/\",\"name\":\"V\u00fdlety s pr\u016fvodci v N\u00e1rodn\u00edm parku Vysok\u00e9 Taury \u00bb SalzburgerLand.com\",\"isPartOf\":{\"@id\":\"https:\\\/\\\/www.salzburgerland.com\\\/cs\\\/#website\"},\"primaryImageOfPage\":{\"@id\":\"https:\\\/\\\/www.salzburgerland.com\\\/cs\\\/prazdninovy-region-narodni-park-vysoke-taury-se-strazci-narodniho-parku\\\/#primaryimage\"},\"image\":{\"@id\":\"https:\\\/\\\/www.salzburgerland.com\\\/cs\\\/prazdninovy-region-narodni-park-vysoke-taury-se-strazci-narodniho-parku\\\/#primaryimage\"},\"thumbnailUrl\":\"https:\\\/\\\/www.salzburgerland.com\\\/cs\\\/wp-content\\\/uploads\\\/2022\\\/06\\\/unterwegs-mit-dem-nationalpark-ranger-c-ferienregion-nationalpark-hohe-tauern-michael-huber-49.jpg\",\"datePublished\":\"2022-06-15T19:46:33+00:00\",\"dateModified\":\"2026-03-19T00:17:35+00:00\",\"author\":{\"@id\":\"https:\\\/\\\/www.salzburgerland.com\\\/cs\\\/#\\\/schema\\\/person\\\/dd42a4661897004df109095dbf40eeff\"},\"description\":\"Str\u00e1\u017eci a pr\u016fvodci v N\u00e1rodn\u00edm parku Vysok\u00e9 Taury V\u00e1s zavedou na ta nejkr\u00e1sn\u011bj\u0161\u00ed m\u00edsta.\",\"breadcrumb\":{\"@id\":\"https:\\\/\\\/www.salzburgerland.com\\\/cs\\\/prazdninovy-region-narodni-park-vysoke-taury-se-strazci-narodniho-parku\\\/#breadcrumb\"},\"inLanguage\":\"cs\",\"potentialAction\":[{\"@type\":\"ReadAction\",\"target\":[\"https:\\\/\\\/www.salzburgerland.com\\\/cs\\\/prazdninovy-region-narodni-park-vysoke-taury-se-strazci-narodniho-parku\\\/\"]}]},{\"@type\":\"ImageObject\",\"inLanguage\":\"cs\",\"@id\":\"https:\\\/\\\/www.salzburgerland.com\\\/cs\\\/prazdninovy-region-narodni-park-vysoke-taury-se-strazci-narodniho-parku\\\/#primaryimage\",\"url\":\"https:\\\/\\\/www.salzburgerland.com\\\/cs\\\/wp-content\\\/uploads\\\/2022\\\/06\\\/unterwegs-mit-dem-nationalpark-ranger-c-ferienregion-nationalpark-hohe-tauern-michael-huber-49.jpg\",\"contentUrl\":\"https:\\\/\\\/www.salzburgerland.com\\\/cs\\\/wp-content\\\/uploads\\\/2022\\\/06\\\/unterwegs-mit-dem-nationalpark-ranger-c-ferienregion-nationalpark-hohe-tauern-michael-huber-49.jpg\",\"width\":1800,\"height\":1201,\"caption\":\"Na v\u00fdlet\u011b se str\u00e1\u017ecem n\u00e1rodn\u00edho parku \u00a9 Ferienregion Nationalpark Hohe Tauern\"},{\"@type\":\"BreadcrumbList\",\"@id\":\"https:\\\/\\\/www.salzburgerland.com\\\/cs\\\/prazdninovy-region-narodni-park-vysoke-taury-se-strazci-narodniho-parku\\\/#breadcrumb\",\"itemListElement\":[{\"@type\":\"ListItem\",\"position\":1,\"name\":\"N\u00e1rodn\u00ed park Vysok\u00e9 Taury v l\u00e9t\u011b\",\"item\":\"https:\\\/\\\/www.salzburgerland.com\\\/cs\\\/prazdninovy-region-narodni-park-vysoke-taury-v-lete\\\/\"},{\"@type\":\"ListItem\",\"position\":2,\"name\":\"V\u00fdlety s pr\u016fvodci v N\u00e1rodn\u00edm parku Vysok\u00e9 Taury\"}]},{\"@type\":\"WebSite\",\"@id\":\"https:\\\/\\\/www.salzburgerland.com\\\/cs\\\/#website\",\"url\":\"https:\\\/\\\/www.salzburgerland.com\\\/cs\\\/\",\"name\":\"SalzburgerLand.com\",\"description\":\"Va\u0161e dovolen\u00e1 v Salcburku, Rakousko\",\"potentialAction\":[{\"@type\":\"SearchAction\",\"target\":{\"@type\":\"EntryPoint\",\"urlTemplate\":\"https:\\\/\\\/www.salzburgerland.com\\\/cs\\\/?s={search_term_string}\"},\"query-input\":{\"@type\":\"PropertyValueSpecification\",\"valueRequired\":true,\"valueName\":\"search_term_string\"}}],\"inLanguage\":\"cs\"},{\"@type\":\"Person\",\"@id\":\"https:\\\/\\\/www.salzburgerland.com\\\/cs\\\/#\\\/schema\\\/person\\\/dd42a4661897004df109095dbf40eeff\",\"name\":\"Andrea \u017d\u00e1\u010dkov\u00e1\",\"image\":{\"@type\":\"ImageObject\",\"inLanguage\":\"cs\",\"@id\":\"https:\\\/\\\/secure.gravatar.com\\\/avatar\\\/338deec8d231d56d0ab7b2b7d6d0aedbcb3eb05390f6c027fd5b7ebe87b67dbf?s=96&d=mm&r=g\",\"url\":\"https:\\\/\\\/secure.gravatar.com\\\/avatar\\\/338deec8d231d56d0ab7b2b7d6d0aedbcb3eb05390f6c027fd5b7ebe87b67dbf?s=96&d=mm&r=g\",\"contentUrl\":\"https:\\\/\\\/secure.gravatar.com\\\/avatar\\\/338deec8d231d56d0ab7b2b7d6d0aedbcb3eb05390f6c027fd5b7ebe87b67dbf?s=96&d=mm&r=g\",\"caption\":\"Andrea \u017d\u00e1\u010dkov\u00e1\"}}]}<\/script>\n<meta property=\"og:video\" content=\"https:\/\/www.youtube.com\/embed\/qF_PnbgIhgk\" \/>\n<meta property=\"og:video:type\" content=\"text\/html\" \/>\n<meta property=\"og:video:duration\" content=\"517\" \/>\n<meta property=\"og:video:width\" content=\"480\" \/>\n<meta property=\"og:video:height\" content=\"270\" \/>\n<meta property=\"ya:ovs:adult\" content=\"false\" \/>\n<meta property=\"ya:ovs:upload_date\" content=\"2022-06-15T19:46:33+00:00\" \/>\n<meta property=\"ya:ovs:allow_embed\" content=\"true\" \/>\n<!-- \/ Yoast SEO Premium plugin. -->","yoast_head_json":{"title":"V\u00fdlety s pr\u016fvodci v N\u00e1rodn\u00edm parku Vysok\u00e9 Taury \u00bb SalzburgerLand.com","robots":{"index":"index","follow":"follow","max-snippet":"max-snippet:-1","max-image-preview":"max-image-preview:large","max-video-preview":"max-video-preview:-1"},"canonical":"https:\/\/www.salzburgerland.com\/cs\/prazdninovy-region-narodni-park-vysoke-taury-se-strazci-narodniho-parku\/","og_locale":"cs_CZ","og_type":"article","og_title":"V\u00fdlety s pr\u016fvodci v N\u00e1rodn\u00edm parku Vysok\u00e9 Taury","og_description":"Spr\u00e1vci N\u00e1rodn\u00edho parku nebo tak\u00e9 range\u0159i jsou pr\u016fvodci, kte\u0159\u00ed\u00a0d\u011blaj\u00ed spole\u010dnost host\u016fm nap\u0159\u00edklad p\u0159i pozorov\u00e1n\u00ed divok\u00fdch zv\u00ed\u0159at, na v\u00fdletech za sv\u00edt\u00e1n\u00edm","og_url":"https:\/\/www.salzburgerland.com\/cs\/prazdninovy-region-narodni-park-vysoke-taury-se-strazci-narodniho-parku\/","og_site_name":"SalzburgerLand.com","article_publisher":"https:\/\/www.facebook.com\/visitsalzburgerland\/","article_published_time":"2022-06-15T19:46:33+00:00","article_modified_time":"2026-03-19T00:17:35+00:00","og_image":[{"width":1200,"height":675,"url":"https:\/\/www.salzburgerland.com\/cs\/wp-content\/uploads\/2022\/06\/unterwegs-mit-dem-nationalpark-ranger-c-ferienregion-nationalpark-hohe-tauern-michael-huber-49-1200x675.jpg","type":"image\/jpeg"}],"author":"Andrea \u017d\u00e1\u010dkov\u00e1","twitter_card":"summary_large_image","twitter_creator":"@salzburgerland","twitter_site":"@salzburgerland","twitter_misc":{"Napsal(a)":"Andrea \u017d\u00e1\u010dkov\u00e1","Odhadovan\u00e1 doba \u010dten\u00ed":"9 minut"},"schema":{"@context":"https:\/\/schema.org","@graph":[{"@type":"Article","@id":"https:\/\/www.salzburgerland.com\/cs\/prazdninovy-region-narodni-park-vysoke-taury-se-strazci-narodniho-parku\/#article","isPartOf":{"@id":"https:\/\/www.salzburgerland.com\/cs\/prazdninovy-region-narodni-park-vysoke-taury-se-strazci-narodniho-parku\/"},"author":{"name":"Andrea \u017d\u00e1\u010dkov\u00e1","@id":"https:\/\/www.salzburgerland.com\/cs\/#\/schema\/person\/dd42a4661897004df109095dbf40eeff"},"headline":"V\u00fdlety s pr\u016fvodci v N\u00e1rodn\u00edm parku Vysok\u00e9 Taury","datePublished":"2022-06-15T19:46:33+00:00","dateModified":"2026-03-19T00:17:35+00:00","mainEntityOfPage":{"@id":"https:\/\/www.salzburgerland.com\/cs\/prazdninovy-region-narodni-park-vysoke-taury-se-strazci-narodniho-parku\/"},"wordCount":1507,"image":{"@id":"https:\/\/www.salzburgerland.com\/cs\/prazdninovy-region-narodni-park-vysoke-taury-se-strazci-narodniho-parku\/#primaryimage"},"thumbnailUrl":"https:\/\/www.salzburgerland.com\/cs\/wp-content\/uploads\/2022\/06\/unterwegs-mit-dem-nationalpark-ranger-c-ferienregion-nationalpark-hohe-tauern-michael-huber-49.jpg","articleSection":["Uncategorized"],"inLanguage":"cs"},{"@type":"WebPage","@id":"https:\/\/www.salzburgerland.com\/cs\/prazdninovy-region-narodni-park-vysoke-taury-se-strazci-narodniho-parku\/","url":"https:\/\/www.salzburgerland.com\/cs\/prazdninovy-region-narodni-park-vysoke-taury-se-strazci-narodniho-parku\/","name":"V\u00fdlety s pr\u016fvodci v N\u00e1rodn\u00edm parku Vysok\u00e9 Taury \u00bb SalzburgerLand.com","isPartOf":{"@id":"https:\/\/www.salzburgerland.com\/cs\/#website"},"primaryImageOfPage":{"@id":"https:\/\/www.salzburgerland.com\/cs\/prazdninovy-region-narodni-park-vysoke-taury-se-strazci-narodniho-parku\/#primaryimage"},"image":{"@id":"https:\/\/www.salzburgerland.com\/cs\/prazdninovy-region-narodni-park-vysoke-taury-se-strazci-narodniho-parku\/#primaryimage"},"thumbnailUrl":"https:\/\/www.salzburgerland.com\/cs\/wp-content\/uploads\/2022\/06\/unterwegs-mit-dem-nationalpark-ranger-c-ferienregion-nationalpark-hohe-tauern-michael-huber-49.jpg","datePublished":"2022-06-15T19:46:33+00:00","dateModified":"2026-03-19T00:17:35+00:00","author":{"@id":"https:\/\/www.salzburgerland.com\/cs\/#\/schema\/person\/dd42a4661897004df109095dbf40eeff"},"description":"Str\u00e1\u017eci a pr\u016fvodci v N\u00e1rodn\u00edm parku Vysok\u00e9 Taury V\u00e1s zavedou na ta nejkr\u00e1sn\u011bj\u0161\u00ed m\u00edsta.","breadcrumb":{"@id":"https:\/\/www.salzburgerland.com\/cs\/prazdninovy-region-narodni-park-vysoke-taury-se-strazci-narodniho-parku\/#breadcrumb"},"inLanguage":"cs","potentialAction":[{"@type":"ReadAction","target":["https:\/\/www.salzburgerland.com\/cs\/prazdninovy-region-narodni-park-vysoke-taury-se-strazci-narodniho-parku\/"]}]},{"@type":"ImageObject","inLanguage":"cs","@id":"https:\/\/www.salzburgerland.com\/cs\/prazdninovy-region-narodni-park-vysoke-taury-se-strazci-narodniho-parku\/#primaryimage","url":"https:\/\/www.salzburgerland.com\/cs\/wp-content\/uploads\/2022\/06\/unterwegs-mit-dem-nationalpark-ranger-c-ferienregion-nationalpark-hohe-tauern-michael-huber-49.jpg","contentUrl":"https:\/\/www.salzburgerland.com\/cs\/wp-content\/uploads\/2022\/06\/unterwegs-mit-dem-nationalpark-ranger-c-ferienregion-nationalpark-hohe-tauern-michael-huber-49.jpg","width":1800,"height":1201,"caption":"Na v\u00fdlet\u011b se str\u00e1\u017ecem n\u00e1rodn\u00edho parku \u00a9 Ferienregion Nationalpark Hohe Tauern"},{"@type":"BreadcrumbList","@id":"https:\/\/www.salzburgerland.com\/cs\/prazdninovy-region-narodni-park-vysoke-taury-se-strazci-narodniho-parku\/#breadcrumb","itemListElement":[{"@type":"ListItem","position":1,"name":"N\u00e1rodn\u00ed park Vysok\u00e9 Taury v l\u00e9t\u011b","item":"https:\/\/www.salzburgerland.com\/cs\/prazdninovy-region-narodni-park-vysoke-taury-v-lete\/"},{"@type":"ListItem","position":2,"name":"V\u00fdlety s pr\u016fvodci v N\u00e1rodn\u00edm parku Vysok\u00e9 Taury"}]},{"@type":"WebSite","@id":"https:\/\/www.salzburgerland.com\/cs\/#website","url":"https:\/\/www.salzburgerland.com\/cs\/","name":"SalzburgerLand.com","description":"Va\u0161e dovolen\u00e1 v Salcburku, Rakousko","potentialAction":[{"@type":"SearchAction","target":{"@type":"EntryPoint","urlTemplate":"https:\/\/www.salzburgerland.com\/cs\/?s={search_term_string}"},"query-input":{"@type":"PropertyValueSpecification","valueRequired":true,"valueName":"search_term_string"}}],"inLanguage":"cs"},{"@type":"Person","@id":"https:\/\/www.salzburgerland.com\/cs\/#\/schema\/person\/dd42a4661897004df109095dbf40eeff","name":"Andrea \u017d\u00e1\u010dkov\u00e1","image":{"@type":"ImageObject","inLanguage":"cs","@id":"https:\/\/secure.gravatar.com\/avatar\/338deec8d231d56d0ab7b2b7d6d0aedbcb3eb05390f6c027fd5b7ebe87b67dbf?s=96&d=mm&r=g","url":"https:\/\/secure.gravatar.com\/avatar\/338deec8d231d56d0ab7b2b7d6d0aedbcb3eb05390f6c027fd5b7ebe87b67dbf?s=96&d=mm&r=g","contentUrl":"https:\/\/secure.gravatar.com\/avatar\/338deec8d231d56d0ab7b2b7d6d0aedbcb3eb05390f6c027fd5b7ebe87b67dbf?s=96&d=mm&r=g","caption":"Andrea \u017d\u00e1\u010dkov\u00e1"}}]},"og_video":"https:\/\/www.youtube.com\/embed\/qF_PnbgIhgk","og_video_type":"text\/html","og_video_duration":"517","og_video_width":"480","og_video_height":"270","ya_ovs_adult":"false","ya_ovs_upload_date":"2022-06-15T19:46:33+00:00","ya_ovs_allow_embed":"true"},"_wl_alt_label":[],"wl:entity_url":"http:\/\/open.salzburgerland.com\/cs\/post\/prazdninovy-region-narodni-park-vysoke-taury-se-strazciprazdninovy-region-narodni-park-vysoke-taury-vylety-se-strazci-narodniho-parku-152077","_links":{"self":[{"href":"https:\/\/www.salzburgerland.com\/cs\/wp-json\/wp\/v2\/posts\/152077","targetHints":{"allow":["GET"]}}],"collection":[{"href":"https:\/\/www.salzburgerland.com\/cs\/wp-json\/wp\/v2\/posts"}],"about":[{"href":"https:\/\/www.salzburgerland.com\/cs\/wp-json\/wp\/v2\/types\/post"}],"author":[{"embeddable":true,"href":"https:\/\/www.salzburgerland.com\/cs\/wp-json\/wp\/v2\/users\/6"}],"replies":[{"embeddable":true,"href":"https:\/\/www.salzburgerland.com\/cs\/wp-json\/wp\/v2\/comments?post=152077"}],"version-history":[{"count":12,"href":"https:\/\/www.salzburgerland.com\/cs\/wp-json\/wp\/v2\/posts\/152077\/revisions"}],"predecessor-version":[{"id":164463,"href":"https:\/\/www.salzburgerland.com\/cs\/wp-json\/wp\/v2\/posts\/152077\/revisions\/164463"}],"wp:featuredmedia":[{"embeddable":true,"href":"https:\/\/www.salzburgerland.com\/cs\/wp-json\/wp\/v2\/media\/159990"}],"wp:attachment":[{"href":"https:\/\/www.salzburgerland.com\/cs\/wp-json\/wp\/v2\/media?parent=152077"}],"wp:term":[{"taxonomy":"category","embeddable":true,"href":"https:\/\/www.salzburgerland.com\/cs\/wp-json\/wp\/v2\/categories?post=152077"},{"taxonomy":"post_tag","embeddable":true,"href":"https:\/\/www.salzburgerland.com\/cs\/wp-json\/wp\/v2\/tags?post=152077"},{"taxonomy":"wl_entity_type","embeddable":true,"href":"https:\/\/www.salzburgerland.com\/cs\/wp-json\/wp\/v2\/wl_entity_type?post=152077"}],"curies":[{"name":"wp","href":"https:\/\/api.w.org\/{rel}","templated":true}]}}