{"id":152068,"date":"2022-06-15T20:18:08","date_gmt":"2022-06-15T18:18:08","guid":{"rendered":"https:\/\/www.salzburgerland.com\/cs\/?p=152068"},"modified":"2026-03-19T01:25:11","modified_gmt":"2026-03-19T00:25:11","slug":"prazdninovy-region-narodni-park-vysoke-taury-letni-karta-nationalpark-sommercard","status":"publish","type":"post","link":"https:\/\/www.salzburgerland.com\/cs\/prazdninovy-region-narodni-park-vysoke-taury-letni-karta-nationalpark-sommercard\/","title":{"rendered":"Letn\u00ed karta Nationalpark SommerCard"},"content":{"rendered":"<h3>LETN\u00cd KARTA PLN\u00c1 V\u00ddHOD<\/h3>\n<p>Abyste si u\u017eili region se v\u0161emi jeho rozmanit\u00fdmi nab\u00eddkami a mo\u017enostmi, m\u00e1te v obdob\u00ed od 1. kv\u011btna do 31. \u0159\u00edjna k dispozici letn\u00ed<a href=\"https:\/\/www.nationalpark-sommercard.at\/\">\u00a0kartu\u00a0Nationalpark Sommercard<\/a>. Z\u00edskaj\u00ed ji v\u0161ichni host\u00e9, kte\u0159\u00ed se ubytuj\u00ed u na\u0161ich partner\u016f. S kartou je mo\u017en\u00e9 nav\u0161t\u00edvit<strong><span>\u00a0<\/span><a href=\"https:\/\/www.salzburgerland.com\/cs\/prazdninovy-region-narodni-park-vysoke-taury-atrakce-a-pamatky\/\">60 r\u016fzn\u00fdch atrakc\u00ed<\/a><\/strong>, jako jsou nap\u0159\u00edklad kulturn\u00ed i p\u0159\u00edrodn\u00ed pam\u00e1tky, muzea nebo volno\u010dasov\u00e9 a sportovn\u00ed are\u00e1ly. D\u00e1le Nationalpark Sommercard oprav\u0148uje k vyu\u017e\u00edv\u00e1n\u00ed<span>\u00a0<\/span><strong>lanovek. <\/strong><\/p>\n<p>Zahrnuje tak\u00e9 j\u00edzdu po <strong>Gro\u00dfglocknersk\u00e9 vysokohorsk\u00e9 silnici<\/strong> (<span>Gro\u00dfglockner Hochalpenstra\u00dfe<\/span>), kde za\u017eijete p\u0159\u00edjemn\u00e9 mrazen\u00ed z impozantn\u00edch v\u00fdhled\u016f na okoln\u00ed vrcholy. Sou\u010d\u00e1st\u00ed je i tiket pro <strong>Gerloskou alpskou silnici<\/strong> (<span>Gerlos Alpenstra\u00dfe<\/span>). Mezi jej\u00ed <strong>dal\u0161\u00ed v\u00fdhody<\/strong> pat\u0159\u00ed bezplatn\u00e1 \u00fa\u010dast na letn\u00edm programu exkurz\u00ed s pr\u016fvodci, str\u00e1\u017eci N\u00e1rodn\u00edho parku Vysok\u00e9 Taury.<\/p>\n<p>Salcbursko zavedlo jednotn\u00fd syst\u00e9m pro vyu\u017e\u00edv\u00e1n\u00ed ve\u0159ejn\u00e9 dopravy\u00a0pro v\u0161echny ubytovan\u00e9 hosty,\u00a0<a href=\"https:\/\/www.salzburgerland.com\/cs\/guest-mobility-ticket\/\"><strong>Guest Mobility Ticket<\/strong><\/a>. Nab\u00edz\u00ed maxim\u00e1ln\u011b \u0161etrn\u00fd a pohodln\u00fd\u00a0zp\u016fsob\u00a0cestov\u00e1n\u00ed. Po\u00a0dobu\u00a0cel\u00e9ho pobytu mohou n\u00e1v\u0161t\u011bvn\u00edci vyu\u017e\u00edvat m\u011bstsk\u00e9 a region\u00e1ln\u00ed autobusy,\u00a0S-Bahn, region\u00e1ln\u00ed i d\u00e1lkov\u00e9 vlaky a tak\u00e9\u00a0Salzburg Verkehr\u00a0Shuttles.\u00a0Guest Mobility Ticket host\u00e9 obdr\u017e\u00ed p\u0159\u00edmo v ubytov\u00e1n\u00ed.<\/p>\n<div id=\"attachment_162172\" style=\"width: 1180px\" class=\"wp-caption alignnone\"><img decoding=\"async\" aria-describedby=\"caption-attachment-162172\" class=\"size-1170_658 wp-image-162172\" src=\"https:\/\/www.salzburgerland.com\/cs\/wp-content\/uploads\/2022\/06\/kaefertal_grossglocknerhochalpenstrasse_c-ferienregion-nationalpark-hohe-tauern-max-draeger-31-1170x658.jpg\" alt=\"P\u0159\u00edrodn\u00ed nau\u010dn\u00e1 stezka K\u00e4fertal s vodop\u00e1dem \" width=\"1170\" height=\"658\" srcset=\"https:\/\/www.salzburgerland.com\/cs\/wp-content\/uploads\/2022\/06\/kaefertal_grossglocknerhochalpenstrasse_c-ferienregion-nationalpark-hohe-tauern-max-draeger-31-1170x658.jpg 1170w, https:\/\/www.salzburgerland.com\/cs\/wp-content\/uploads\/2022\/06\/kaefertal_grossglocknerhochalpenstrasse_c-ferienregion-nationalpark-hohe-tauern-max-draeger-31-1200x675.jpg 1200w\" sizes=\"(max-width: 1170px) 100vw, 1170px\"><p id=\"caption-attachment-162172\" class=\"wp-caption-text\">P\u0159\u00edrodn\u00ed nau\u010dn\u00e1 stezka K\u00e4fertal s vodop\u00e1dem \u00a9 Ferienregion Nationalpark Hohe Tauern<\/p><\/div>\n<div id=\"attachment_145086\" class=\"wp-caption alignnone\"><\/div>\n<h3><strong data-start=\"41\" data-end=\"126\">Tipy na v\u00fdlety se str\u00e1\u017eci N\u00e1rodn\u00edho parku 2026<\/strong><\/h3>\n<p>V\u00fdlety s rangery, str\u00e1\u017eci N\u00e1rodn\u00edho parku je opravdu v\u00fdjime\u010dn\u00fd z\u00e1\u017eitek. Tito odborn\u00edci na p\u0159\u00edrodu skv\u011ble znaj\u00ed m\u00edstn\u00ed fl\u00f3ru a faunu, orientuj\u00ed se v\u202fklimatick\u00fdch podm\u00ednk\u00e1ch a po\u010das\u00ed, dovedou poutav\u011b vypr\u00e1v\u011bt i zasazovat informace do historick\u00fdch souvislost\u00ed. Ten, kdo se s\u202fnimi vyd\u00e1 na t\u00faru, z\u00edsk\u00e1 \u00fapln\u011b nov\u00fd pohled na p\u0159\u00edrodu, a to z\u00e1bavnou a nenucenou formou. Letn\u00ed program s rangery zahrnuje celou \u0159adu tematick\u00fdch proch\u00e1zek a exkurz\u00ed. Je p\u0159izp\u016fsoben r\u016fzn\u00fdm z\u00e1jm\u016fm a v\u011bkov\u00fdm skupin\u00e1m, od rodin s\u202fd\u011btmi a\u017e po zdatn\u00e9 turisty. Dr\u017eitel\u00e9 karty <strong><a href=\"https:\/\/www.salzburgerland.com\/cs\/prazdninovy-region-narodni-park-vysoke-taury-letni-karta-nationalpark-sommercard\/\">Nationalpark SommerCard<\/a><\/strong> maj\u00ed \u00fa\u010dast na t\u00far\u00e1ch a exkurz\u00edch se str\u00e1\u017eci zdarma.<\/p>\n<div id=\"attachment_159990\" style=\"width: 1180px\" class=\"wp-caption alignnone\"><img decoding=\"async\" aria-describedby=\"caption-attachment-159990\" class=\"size-1170_658 wp-image-159990\" src=\"https:\/\/www.salzburgerland.com\/cs\/wp-content\/uploads\/2022\/06\/unterwegs-mit-dem-nationalpark-ranger-c-ferienregion-nationalpark-hohe-tauern-michael-huber-49-1170x658.jpg\" alt=\"V r\u00e1mci letn\u00ed karty Nationalpark Sommercard se mohou host\u00e9 vydat na v\u00fdlety do p\u0159\u00edrody se str\u00e1\u017eci n\u00e1rodn\u00edho parku\" width=\"1170\" height=\"658\" srcset=\"https:\/\/www.salzburgerland.com\/cs\/wp-content\/uploads\/2022\/06\/unterwegs-mit-dem-nationalpark-ranger-c-ferienregion-nationalpark-hohe-tauern-michael-huber-49-1170x658.jpg 1170w, https:\/\/www.salzburgerland.com\/cs\/wp-content\/uploads\/2022\/06\/unterwegs-mit-dem-nationalpark-ranger-c-ferienregion-nationalpark-hohe-tauern-michael-huber-49-1200x675.jpg 1200w\" sizes=\"(max-width: 1170px) 100vw, 1170px\"><p id=\"caption-attachment-159990\" class=\"wp-caption-text\">Na v\u00fdlet\u011b se str\u00e1\u017ecem n\u00e1rodn\u00edho parku \u00a9 Ferienregion Nationalpark Hohe Tauern<\/p><\/div>\n<p>S kartou Nationalpark Sommercard se m\u016f\u017eete vydat ke <strong>Krimmelsk\u00fdm vodop\u00e1d\u016fm<\/strong> (nejv\u011bt\u0161\u00edm sv\u00e9ho druhu v Evrop\u011b), do <strong>keltsk\u00e9 vesnice<\/strong> Stoanabichl, do <strong>sv\u011bta ledovc\u016f k jezeru Wei\u00dfsee<\/strong>, do <strong>sout\u011bsky Kitzlochklamm<\/strong>, nebo t\u0159eba na n\u011bkter\u00e9 z koupali\u0161\u0165 \u010di muze\u00ed. V <strong>18 obc\u00edch<\/strong> \u010dek\u00e1 spousta r\u016fzn\u00fdch p\u0159\u00edle\u017eitost\u00ed a na zaj\u00edmav\u00e1 m\u00edsta se pohodln\u011b dostanete i ve\u0159ejnou dopravou. Vzhledem k tomu, \u017ee je mo\u017en\u00e9 digit\u00e1ln\u00ed letn\u00ed kartu za\u0159\u00eddit u\u017e p\u0159ed za\u010d\u00e1tkem cesty, lze vyu\u017e\u00edt v\u00fdhod u\u017e v den p\u0159\u00edjezdu.<\/p>\n<div id=\"attachment_155313\" style=\"width: 1180px\" class=\"wp-caption alignnone\"><img decoding=\"async\" aria-describedby=\"caption-attachment-155313\" class=\"size-1170_658 wp-image-155313\" src=\"https:\/\/www.salzburgerland.com\/cs\/wp-content\/uploads\/2023\/03\/krimmler-wasserfalleferienregion-nationalpark-hohe-tauern-michael-huber-1170x658.jpg\" alt=\"Krimmelsk\u00e9 vodop\u00e1dy v N\u00e1rodn\u00edm parku Vysok\u00e9 Taury se svou celkovou v\u00fd\u0161kou 385 m pat\u0159\u00ed k nejkr\u00e1sn\u011bj\u0161\u00edm vodop\u00e1d\u016fm v Evrop\u011b.\" width=\"1170\" height=\"658\" srcset=\"https:\/\/www.salzburgerland.com\/cs\/wp-content\/uploads\/2023\/03\/krimmler-wasserfalleferienregion-nationalpark-hohe-tauern-michael-huber-1170x658.jpg 1170w, https:\/\/www.salzburgerland.com\/cs\/wp-content\/uploads\/2023\/03\/krimmler-wasserfalleferienregion-nationalpark-hohe-tauern-michael-huber-1200x675.jpg 1200w\" sizes=\"(max-width: 1170px) 100vw, 1170px\"><p id=\"caption-attachment-155313\" class=\"wp-caption-text\">Impozantn\u00ed Krimmelsk\u00e9 vodop\u00e1dy \u00a9 Ferienregion Nationalpark Hohe Tauern, Michael Huber<\/p><\/div>\n<p>A\u0165 u\u017e se vyd\u00e1te v<span>\u00a0<\/span><span class=\"textannotation disambiguated wl-thing\" id=\"urn:local-text-annotation-2sf7sefelph4jqdffpe88f3b23ug7c2a\" itemid=\"http:\/\/open.salzburgerland.com\/cs\/entity\/narodni_park\">N\u00e1rodn\u00edm parku<\/span><span>\u00a0<\/span>kamkoliv, pamatujte pros\u00edm na<span>\u00a0<\/span><strong>bezpe\u010dnost<\/strong>\u00a0svou i ostatn\u00edch. Respektujte pravidla, kter\u00e1 najdete<span>\u00a0<\/span><a href=\"https:\/\/www.salzburgerland.com\/cs\/bezpecnost-v-horach-v-lete\/\" target=\"_blank\" rel=\"noopener noreferrer\">zde<\/a>.<\/p>\n","protected":false},"excerpt":{"rendered":"<p>LETN\u00cd KARTA PLN\u00c1 V\u00ddHOD Abyste si u\u017eili region se v\u0161emi jeho rozmanit\u00fdmi nab\u00eddkami a mo\u017enostmi, m\u00e1te v obdob\u00ed od 1. kv\u011btna do 31. \u0159\u00edjna k dispozici letn\u00ed\u00a0kartu\u00a0Nationalpark Sommercard. Z\u00edskaj\u00ed ji v\u0161ichni host\u00e9, kte\u0159\u00ed se ubytuj\u00ed u na\u0161ich partner\u016f. S kartou je mo\u017en\u00e9 nav\u0161t\u00edvit\u00a060 r\u016fzn\u00fdch atrakc\u00ed, jako jsou nap\u0159\u00edklad kulturn\u00ed i p\u0159\u00edrodn\u00ed pam\u00e1tky, muzea nebo volno\u010dasov\u00e9 [&hellip;]<\/p>\n","protected":false},"author":6,"featured_media":164388,"comment_status":"closed","ping_status":"closed","sticky":false,"template":"","format":"standard","meta":{"_acf_changed":false,"wl_entities_gutenberg":"","_relevanssi_hide_post":"","_relevanssi_hide_content":"","_relevanssi_pin_for_all":"","_relevanssi_pin_keywords":"","_relevanssi_unpin_keywords":"","_relevanssi_related_keywords":"","_relevanssi_related_include_ids":"","_relevanssi_related_exclude_ids":"","_relevanssi_related_no_append":"","_relevanssi_related_not_related":"","_relevanssi_related_posts":"","_relevanssi_noindex_reason":"","footnotes":""},"categories":[1],"tags":[],"wl_entity_type":[706],"class_list":["post-152068","post","type-post","status-publish","format-standard","has-post-thumbnail","hentry","category-uncategorized","wl_entity_type-article"],"acf":[],"yoast_head":"<!-- This site is optimized with the Yoast SEO Premium plugin v27.4 (Yoast SEO v27.4) - https:\/\/yoast.com\/product\/yoast-seo-premium-wordpress\/ -->\n<title>Letn\u00ed karta Nationalpark SommerCard \u00bb SalzburgerLand.com<\/title>\n<meta name=\"robots\" content=\"index, follow, max-snippet:-1, max-image-preview:large, max-video-preview:-1\" \/>\n<link rel=\"canonical\" href=\"https:\/\/www.salzburgerland.com\/cs\/prazdninovy-region-narodni-park-vysoke-taury-letni-karta-nationalpark-sommercard\/\" \/>\n<meta property=\"og:locale\" content=\"cs_CZ\" \/>\n<meta property=\"og:type\" content=\"article\" \/>\n<meta property=\"og:title\" content=\"Letn\u00ed karta Nationalpark SommerCard\" \/>\n<meta property=\"og:description\" content=\"LETN\u00cd KARTA PLN\u00c1 V\u00ddHOD Abyste si u\u017eili region se v\u0161emi jeho rozmanit\u00fdmi nab\u00eddkami a mo\u017enostmi, m\u00e1te v obdob\u00ed od 1. kv\u011btna do 31. \u0159\u00edjna k dispozici\" \/>\n<meta property=\"og:url\" content=\"https:\/\/www.salzburgerland.com\/cs\/prazdninovy-region-narodni-park-vysoke-taury-letni-karta-nationalpark-sommercard\/\" \/>\n<meta property=\"og:site_name\" content=\"SalzburgerLand.com\" \/>\n<meta property=\"article:publisher\" content=\"https:\/\/www.facebook.com\/visitsalzburgerland\/\" \/>\n<meta property=\"article:published_time\" content=\"2022-06-15T18:18:08+00:00\" \/>\n<meta property=\"article:modified_time\" content=\"2026-03-19T00:25:11+00:00\" \/>\n<meta property=\"og:image\" content=\"https:\/\/www.salzburgerland.com\/cs\/wp-content\/uploads\/2019\/05\/nationalpark-sommercard-c-ferienregion-nationalpark-hohe-tauern-mathaus-gartner-34-1200x675.jpg\" \/>\n\t<meta property=\"og:image:width\" content=\"1200\" \/>\n\t<meta property=\"og:image:height\" content=\"675\" \/>\n\t<meta property=\"og:image:type\" content=\"image\/jpeg\" \/>\n<meta name=\"author\" content=\"Andrea \u017d\u00e1\u010dkov\u00e1\" \/>\n<meta name=\"twitter:card\" content=\"summary_large_image\" \/>\n<meta name=\"twitter:creator\" content=\"@salzburgerland\" \/>\n<meta name=\"twitter:site\" content=\"@salzburgerland\" \/>\n<meta name=\"twitter:label1\" content=\"Napsal(a)\" \/>\n\t<meta name=\"twitter:data1\" content=\"Andrea \u017d\u00e1\u010dkov\u00e1\" \/>\n\t<meta name=\"twitter:label2\" content=\"Odhadovan\u00e1 doba \u010dten\u00ed\" \/>\n\t<meta name=\"twitter:data2\" content=\"4 minuty\" \/>\n<script type=\"application\/ld+json\" class=\"yoast-schema-graph\">{\"@context\":\"https:\\\/\\\/schema.org\",\"@graph\":[{\"@type\":\"Article\",\"@id\":\"https:\\\/\\\/www.salzburgerland.com\\\/cs\\\/prazdninovy-region-narodni-park-vysoke-taury-letni-karta-nationalpark-sommercard\\\/#article\",\"isPartOf\":{\"@id\":\"https:\\\/\\\/www.salzburgerland.com\\\/cs\\\/prazdninovy-region-narodni-park-vysoke-taury-letni-karta-nationalpark-sommercard\\\/\"},\"author\":{\"name\":\"Andrea \u017d\u00e1\u010dkov\u00e1\",\"@id\":\"https:\\\/\\\/www.salzburgerland.com\\\/cs\\\/#\\\/schema\\\/person\\\/dd42a4661897004df109095dbf40eeff\"},\"headline\":\"Letn\u00ed karta Nationalpark SommerCard\",\"datePublished\":\"2022-06-15T18:18:08+00:00\",\"dateModified\":\"2026-03-19T00:25:11+00:00\",\"mainEntityOfPage\":{\"@id\":\"https:\\\/\\\/www.salzburgerland.com\\\/cs\\\/prazdninovy-region-narodni-park-vysoke-taury-letni-karta-nationalpark-sommercard\\\/\"},\"wordCount\":561,\"image\":{\"@id\":\"https:\\\/\\\/www.salzburgerland.com\\\/cs\\\/prazdninovy-region-narodni-park-vysoke-taury-letni-karta-nationalpark-sommercard\\\/#primaryimage\"},\"thumbnailUrl\":\"https:\\\/\\\/www.salzburgerland.com\\\/cs\\\/wp-content\\\/uploads\\\/2019\\\/05\\\/nationalpark-sommercard-c-ferienregion-nationalpark-hohe-tauern-mathaus-gartner-34.jpg\",\"articleSection\":[\"Uncategorized\"],\"inLanguage\":\"cs\"},{\"@type\":\"WebPage\",\"@id\":\"https:\\\/\\\/www.salzburgerland.com\\\/cs\\\/prazdninovy-region-narodni-park-vysoke-taury-letni-karta-nationalpark-sommercard\\\/\",\"url\":\"https:\\\/\\\/www.salzburgerland.com\\\/cs\\\/prazdninovy-region-narodni-park-vysoke-taury-letni-karta-nationalpark-sommercard\\\/\",\"name\":\"Letn\u00ed karta Nationalpark SommerCard \u00bb SalzburgerLand.com\",\"isPartOf\":{\"@id\":\"https:\\\/\\\/www.salzburgerland.com\\\/cs\\\/#website\"},\"primaryImageOfPage\":{\"@id\":\"https:\\\/\\\/www.salzburgerland.com\\\/cs\\\/prazdninovy-region-narodni-park-vysoke-taury-letni-karta-nationalpark-sommercard\\\/#primaryimage\"},\"image\":{\"@id\":\"https:\\\/\\\/www.salzburgerland.com\\\/cs\\\/prazdninovy-region-narodni-park-vysoke-taury-letni-karta-nationalpark-sommercard\\\/#primaryimage\"},\"thumbnailUrl\":\"https:\\\/\\\/www.salzburgerland.com\\\/cs\\\/wp-content\\\/uploads\\\/2019\\\/05\\\/nationalpark-sommercard-c-ferienregion-nationalpark-hohe-tauern-mathaus-gartner-34.jpg\",\"datePublished\":\"2022-06-15T18:18:08+00:00\",\"dateModified\":\"2026-03-19T00:25:11+00:00\",\"author\":{\"@id\":\"https:\\\/\\\/www.salzburgerland.com\\\/cs\\\/#\\\/schema\\\/person\\\/dd42a4661897004df109095dbf40eeff\"},\"description\":\"Letn\u00ed karta s v\u00fdhodami pro n\u00e1v\u0161t\u011bvn\u00edky N\u00e1rodn\u00edho parku Vysok\u00e9 Taury.\",\"breadcrumb\":{\"@id\":\"https:\\\/\\\/www.salzburgerland.com\\\/cs\\\/prazdninovy-region-narodni-park-vysoke-taury-letni-karta-nationalpark-sommercard\\\/#breadcrumb\"},\"inLanguage\":\"cs\",\"potentialAction\":[{\"@type\":\"ReadAction\",\"target\":[\"https:\\\/\\\/www.salzburgerland.com\\\/cs\\\/prazdninovy-region-narodni-park-vysoke-taury-letni-karta-nationalpark-sommercard\\\/\"]}]},{\"@type\":\"ImageObject\",\"inLanguage\":\"cs\",\"@id\":\"https:\\\/\\\/www.salzburgerland.com\\\/cs\\\/prazdninovy-region-narodni-park-vysoke-taury-letni-karta-nationalpark-sommercard\\\/#primaryimage\",\"url\":\"https:\\\/\\\/www.salzburgerland.com\\\/cs\\\/wp-content\\\/uploads\\\/2019\\\/05\\\/nationalpark-sommercard-c-ferienregion-nationalpark-hohe-tauern-mathaus-gartner-34.jpg\",\"contentUrl\":\"https:\\\/\\\/www.salzburgerland.com\\\/cs\\\/wp-content\\\/uploads\\\/2019\\\/05\\\/nationalpark-sommercard-c-ferienregion-nationalpark-hohe-tauern-mathaus-gartner-34.jpg\",\"width\":1600,\"height\":1067,\"caption\":\"Letn\u00ed karta N\u00e1rodn\u00edho parku Vysok\u00e9 Taury \u00a9 Ferienregion Nationalpark Hohe Tauern, Math\u00e4us Gartner\"},{\"@type\":\"BreadcrumbList\",\"@id\":\"https:\\\/\\\/www.salzburgerland.com\\\/cs\\\/prazdninovy-region-narodni-park-vysoke-taury-letni-karta-nationalpark-sommercard\\\/#breadcrumb\",\"itemListElement\":[{\"@type\":\"ListItem\",\"position\":1,\"name\":\"N\u00e1rodn\u00ed park Vysok\u00e9 Taury v l\u00e9t\u011b\",\"item\":\"https:\\\/\\\/www.salzburgerland.com\\\/cs\\\/prazdninovy-region-narodni-park-vysoke-taury-v-lete\\\/\"},{\"@type\":\"ListItem\",\"position\":2,\"name\":\"Letn\u00ed karta Nationalpark SommerCard\"}]},{\"@type\":\"WebSite\",\"@id\":\"https:\\\/\\\/www.salzburgerland.com\\\/cs\\\/#website\",\"url\":\"https:\\\/\\\/www.salzburgerland.com\\\/cs\\\/\",\"name\":\"SalzburgerLand.com\",\"description\":\"Va\u0161e dovolen\u00e1 v Salcburku, Rakousko\",\"potentialAction\":[{\"@type\":\"SearchAction\",\"target\":{\"@type\":\"EntryPoint\",\"urlTemplate\":\"https:\\\/\\\/www.salzburgerland.com\\\/cs\\\/?s={search_term_string}\"},\"query-input\":{\"@type\":\"PropertyValueSpecification\",\"valueRequired\":true,\"valueName\":\"search_term_string\"}}],\"inLanguage\":\"cs\"},{\"@type\":\"Person\",\"@id\":\"https:\\\/\\\/www.salzburgerland.com\\\/cs\\\/#\\\/schema\\\/person\\\/dd42a4661897004df109095dbf40eeff\",\"name\":\"Andrea \u017d\u00e1\u010dkov\u00e1\",\"image\":{\"@type\":\"ImageObject\",\"inLanguage\":\"cs\",\"@id\":\"https:\\\/\\\/secure.gravatar.com\\\/avatar\\\/338deec8d231d56d0ab7b2b7d6d0aedbcb3eb05390f6c027fd5b7ebe87b67dbf?s=96&d=mm&r=g\",\"url\":\"https:\\\/\\\/secure.gravatar.com\\\/avatar\\\/338deec8d231d56d0ab7b2b7d6d0aedbcb3eb05390f6c027fd5b7ebe87b67dbf?s=96&d=mm&r=g\",\"contentUrl\":\"https:\\\/\\\/secure.gravatar.com\\\/avatar\\\/338deec8d231d56d0ab7b2b7d6d0aedbcb3eb05390f6c027fd5b7ebe87b67dbf?s=96&d=mm&r=g\",\"caption\":\"Andrea \u017d\u00e1\u010dkov\u00e1\"}}]}<\/script>\n<!-- \/ Yoast SEO Premium plugin. -->","yoast_head_json":{"title":"Letn\u00ed karta Nationalpark SommerCard \u00bb SalzburgerLand.com","robots":{"index":"index","follow":"follow","max-snippet":"max-snippet:-1","max-image-preview":"max-image-preview:large","max-video-preview":"max-video-preview:-1"},"canonical":"https:\/\/www.salzburgerland.com\/cs\/prazdninovy-region-narodni-park-vysoke-taury-letni-karta-nationalpark-sommercard\/","og_locale":"cs_CZ","og_type":"article","og_title":"Letn\u00ed karta Nationalpark SommerCard","og_description":"LETN\u00cd KARTA PLN\u00c1 V\u00ddHOD Abyste si u\u017eili region se v\u0161emi jeho rozmanit\u00fdmi nab\u00eddkami a mo\u017enostmi, m\u00e1te v obdob\u00ed od 1. kv\u011btna do 31. \u0159\u00edjna k dispozici","og_url":"https:\/\/www.salzburgerland.com\/cs\/prazdninovy-region-narodni-park-vysoke-taury-letni-karta-nationalpark-sommercard\/","og_site_name":"SalzburgerLand.com","article_publisher":"https:\/\/www.facebook.com\/visitsalzburgerland\/","article_published_time":"2022-06-15T18:18:08+00:00","article_modified_time":"2026-03-19T00:25:11+00:00","og_image":[{"width":1200,"height":675,"url":"https:\/\/www.salzburgerland.com\/cs\/wp-content\/uploads\/2019\/05\/nationalpark-sommercard-c-ferienregion-nationalpark-hohe-tauern-mathaus-gartner-34-1200x675.jpg","type":"image\/jpeg"}],"author":"Andrea \u017d\u00e1\u010dkov\u00e1","twitter_card":"summary_large_image","twitter_creator":"@salzburgerland","twitter_site":"@salzburgerland","twitter_misc":{"Napsal(a)":"Andrea \u017d\u00e1\u010dkov\u00e1","Odhadovan\u00e1 doba \u010dten\u00ed":"4 minuty"},"schema":{"@context":"https:\/\/schema.org","@graph":[{"@type":"Article","@id":"https:\/\/www.salzburgerland.com\/cs\/prazdninovy-region-narodni-park-vysoke-taury-letni-karta-nationalpark-sommercard\/#article","isPartOf":{"@id":"https:\/\/www.salzburgerland.com\/cs\/prazdninovy-region-narodni-park-vysoke-taury-letni-karta-nationalpark-sommercard\/"},"author":{"name":"Andrea \u017d\u00e1\u010dkov\u00e1","@id":"https:\/\/www.salzburgerland.com\/cs\/#\/schema\/person\/dd42a4661897004df109095dbf40eeff"},"headline":"Letn\u00ed karta Nationalpark SommerCard","datePublished":"2022-06-15T18:18:08+00:00","dateModified":"2026-03-19T00:25:11+00:00","mainEntityOfPage":{"@id":"https:\/\/www.salzburgerland.com\/cs\/prazdninovy-region-narodni-park-vysoke-taury-letni-karta-nationalpark-sommercard\/"},"wordCount":561,"image":{"@id":"https:\/\/www.salzburgerland.com\/cs\/prazdninovy-region-narodni-park-vysoke-taury-letni-karta-nationalpark-sommercard\/#primaryimage"},"thumbnailUrl":"https:\/\/www.salzburgerland.com\/cs\/wp-content\/uploads\/2019\/05\/nationalpark-sommercard-c-ferienregion-nationalpark-hohe-tauern-mathaus-gartner-34.jpg","articleSection":["Uncategorized"],"inLanguage":"cs"},{"@type":"WebPage","@id":"https:\/\/www.salzburgerland.com\/cs\/prazdninovy-region-narodni-park-vysoke-taury-letni-karta-nationalpark-sommercard\/","url":"https:\/\/www.salzburgerland.com\/cs\/prazdninovy-region-narodni-park-vysoke-taury-letni-karta-nationalpark-sommercard\/","name":"Letn\u00ed karta Nationalpark SommerCard \u00bb SalzburgerLand.com","isPartOf":{"@id":"https:\/\/www.salzburgerland.com\/cs\/#website"},"primaryImageOfPage":{"@id":"https:\/\/www.salzburgerland.com\/cs\/prazdninovy-region-narodni-park-vysoke-taury-letni-karta-nationalpark-sommercard\/#primaryimage"},"image":{"@id":"https:\/\/www.salzburgerland.com\/cs\/prazdninovy-region-narodni-park-vysoke-taury-letni-karta-nationalpark-sommercard\/#primaryimage"},"thumbnailUrl":"https:\/\/www.salzburgerland.com\/cs\/wp-content\/uploads\/2019\/05\/nationalpark-sommercard-c-ferienregion-nationalpark-hohe-tauern-mathaus-gartner-34.jpg","datePublished":"2022-06-15T18:18:08+00:00","dateModified":"2026-03-19T00:25:11+00:00","author":{"@id":"https:\/\/www.salzburgerland.com\/cs\/#\/schema\/person\/dd42a4661897004df109095dbf40eeff"},"description":"Letn\u00ed karta s v\u00fdhodami pro n\u00e1v\u0161t\u011bvn\u00edky N\u00e1rodn\u00edho parku Vysok\u00e9 Taury.","breadcrumb":{"@id":"https:\/\/www.salzburgerland.com\/cs\/prazdninovy-region-narodni-park-vysoke-taury-letni-karta-nationalpark-sommercard\/#breadcrumb"},"inLanguage":"cs","potentialAction":[{"@type":"ReadAction","target":["https:\/\/www.salzburgerland.com\/cs\/prazdninovy-region-narodni-park-vysoke-taury-letni-karta-nationalpark-sommercard\/"]}]},{"@type":"ImageObject","inLanguage":"cs","@id":"https:\/\/www.salzburgerland.com\/cs\/prazdninovy-region-narodni-park-vysoke-taury-letni-karta-nationalpark-sommercard\/#primaryimage","url":"https:\/\/www.salzburgerland.com\/cs\/wp-content\/uploads\/2019\/05\/nationalpark-sommercard-c-ferienregion-nationalpark-hohe-tauern-mathaus-gartner-34.jpg","contentUrl":"https:\/\/www.salzburgerland.com\/cs\/wp-content\/uploads\/2019\/05\/nationalpark-sommercard-c-ferienregion-nationalpark-hohe-tauern-mathaus-gartner-34.jpg","width":1600,"height":1067,"caption":"Letn\u00ed karta N\u00e1rodn\u00edho parku Vysok\u00e9 Taury \u00a9 Ferienregion Nationalpark Hohe Tauern, Math\u00e4us Gartner"},{"@type":"BreadcrumbList","@id":"https:\/\/www.salzburgerland.com\/cs\/prazdninovy-region-narodni-park-vysoke-taury-letni-karta-nationalpark-sommercard\/#breadcrumb","itemListElement":[{"@type":"ListItem","position":1,"name":"N\u00e1rodn\u00ed park Vysok\u00e9 Taury v l\u00e9t\u011b","item":"https:\/\/www.salzburgerland.com\/cs\/prazdninovy-region-narodni-park-vysoke-taury-v-lete\/"},{"@type":"ListItem","position":2,"name":"Letn\u00ed karta Nationalpark SommerCard"}]},{"@type":"WebSite","@id":"https:\/\/www.salzburgerland.com\/cs\/#website","url":"https:\/\/www.salzburgerland.com\/cs\/","name":"SalzburgerLand.com","description":"Va\u0161e dovolen\u00e1 v Salcburku, Rakousko","potentialAction":[{"@type":"SearchAction","target":{"@type":"EntryPoint","urlTemplate":"https:\/\/www.salzburgerland.com\/cs\/?s={search_term_string}"},"query-input":{"@type":"PropertyValueSpecification","valueRequired":true,"valueName":"search_term_string"}}],"inLanguage":"cs"},{"@type":"Person","@id":"https:\/\/www.salzburgerland.com\/cs\/#\/schema\/person\/dd42a4661897004df109095dbf40eeff","name":"Andrea \u017d\u00e1\u010dkov\u00e1","image":{"@type":"ImageObject","inLanguage":"cs","@id":"https:\/\/secure.gravatar.com\/avatar\/338deec8d231d56d0ab7b2b7d6d0aedbcb3eb05390f6c027fd5b7ebe87b67dbf?s=96&d=mm&r=g","url":"https:\/\/secure.gravatar.com\/avatar\/338deec8d231d56d0ab7b2b7d6d0aedbcb3eb05390f6c027fd5b7ebe87b67dbf?s=96&d=mm&r=g","contentUrl":"https:\/\/secure.gravatar.com\/avatar\/338deec8d231d56d0ab7b2b7d6d0aedbcb3eb05390f6c027fd5b7ebe87b67dbf?s=96&d=mm&r=g","caption":"Andrea \u017d\u00e1\u010dkov\u00e1"}}]}},"_wl_alt_label":[],"wl:entity_url":"http:\/\/open.salzburgerland.com\/cs\/post\/prazdninovy-region-narodni-park-vysoke-taury-152068","_links":{"self":[{"href":"https:\/\/www.salzburgerland.com\/cs\/wp-json\/wp\/v2\/posts\/152068","targetHints":{"allow":["GET"]}}],"collection":[{"href":"https:\/\/www.salzburgerland.com\/cs\/wp-json\/wp\/v2\/posts"}],"about":[{"href":"https:\/\/www.salzburgerland.com\/cs\/wp-json\/wp\/v2\/types\/post"}],"author":[{"embeddable":true,"href":"https:\/\/www.salzburgerland.com\/cs\/wp-json\/wp\/v2\/users\/6"}],"replies":[{"embeddable":true,"href":"https:\/\/www.salzburgerland.com\/cs\/wp-json\/wp\/v2\/comments?post=152068"}],"version-history":[{"count":12,"href":"https:\/\/www.salzburgerland.com\/cs\/wp-json\/wp\/v2\/posts\/152068\/revisions"}],"predecessor-version":[{"id":164465,"href":"https:\/\/www.salzburgerland.com\/cs\/wp-json\/wp\/v2\/posts\/152068\/revisions\/164465"}],"wp:featuredmedia":[{"embeddable":true,"href":"https:\/\/www.salzburgerland.com\/cs\/wp-json\/wp\/v2\/media\/164388"}],"wp:attachment":[{"href":"https:\/\/www.salzburgerland.com\/cs\/wp-json\/wp\/v2\/media?parent=152068"}],"wp:term":[{"taxonomy":"category","embeddable":true,"href":"https:\/\/www.salzburgerland.com\/cs\/wp-json\/wp\/v2\/categories?post=152068"},{"taxonomy":"post_tag","embeddable":true,"href":"https:\/\/www.salzburgerland.com\/cs\/wp-json\/wp\/v2\/tags?post=152068"},{"taxonomy":"wl_entity_type","embeddable":true,"href":"https:\/\/www.salzburgerland.com\/cs\/wp-json\/wp\/v2\/wl_entity_type?post=152068"}],"curies":[{"name":"wp","href":"https:\/\/api.w.org\/{rel}","templated":true}]}}