{"id":152036,"date":"2022-06-14T21:48:34","date_gmt":"2022-06-14T19:48:34","guid":{"rendered":"https:\/\/www.salzburgerland.com\/cs\/?p=152036"},"modified":"2026-03-18T13:40:36","modified_gmt":"2026-03-18T12:40:36","slug":"prazdninovy-region-narodni-park-vysoke-taury-kola","status":"publish","type":"post","link":"https:\/\/www.salzburgerland.com\/cs\/prazdninovy-region-narodni-park-vysoke-taury-kola\/","title":{"rendered":"Na kole v pr\u00e1zdninov\u00e9m regionu N\u00e1rodn\u00ed park Vysok\u00e9 Taury"},"content":{"rendered":"<p>Milovn\u00edci kol si tady u\u017e\u00edvaj\u00ed pohodovou a udr\u017eitelnou j\u00edzdu v p\u0159\u00edrod\u011b na v\u00edce ne\u017e <strong>1 000 kilometrech<\/strong> <a href=\"https:\/\/www.nationalpark.at\/en\/holiday\/summer\/biking\" target=\"_blank\" rel=\"noopener\">cyklotras<\/a>. Ty vedou \u00fadol\u00edmi n\u00e1rodn\u00edho parku, \u010dasto pod\u00e9l horsk\u00fdch \u0159ek, s v\u00fdhledy na nejvy\u0161\u0161\u00ed vrcholy Rakouska. Jedn\u00edm z nejkr\u00e1sn\u011bj\u0161\u00edch m\u00edst je nap\u0159\u00edklad \u00fadol\u00ed <a href=\"https:\/\/www.nationalpark.at\/en\/nationalpark\/valleys-and-peaks\/krimmler-achental\" target=\"_blank\" rel=\"noopener\">Krimmler Achental<\/a>, kde si cyklistiku u\u017eijete v bezprost\u0159edn\u00edm kontaktu s p\u0159\u00edrodou.<\/p>\n\n\t\t\t<div id=\"152036-1\" class=\"gallery gallery-152036 gallery-columns-3 gallery-size-1170_658\" itemscope itemtype=\"http:\/\/schema.org\/ImageGallery\">\n\t\t\t\t<ul class=\"gallery-row gallery-col-3 gallery-clear\">\n\t\t\t\t\t<li class=\"gallery-item col-3\" itemprop=\"associatedMedia\" itemscope itemtype=\"http:\/\/schema.org\/ImageObject\">\n\t\t\t\t\t\t<div class=\"gallery-icon landscape\"><a href=\"https:\/\/www.salzburgerland.com\/cs\/wp-content\/uploads\/2022\/06\/biken-im-krimmler-achental-c-ferienregion-nationalpark-hohe-tauern-mathaus-gartner-36.jpg\" title=\"Biken im Krimmler Achental (c) Ferienregion Nationalpark Hohe Tauern - Math\u00e4us Gartner (36)\"><img decoding=\"async\" data-title=\"Cesta pod\u00e9l \u0159eky v horsk\u00e9m \u00fadol\u00ed Krimmler Achental \u00a9 Ferienregion Nationalpark Hohe Tauern, Math\u00e4us Gartner \" title=\"Cesta pod\u00e9l \u0159eky v horsk\u00e9m \u00fadol\u00ed Krimmler Achental \u00a9 Ferienregion Nationalpark Hohe Tauern, Math\u00e4us Gartner \" data-caption=\"Cesta pod\u00e9l \u0159eky v horsk\u00e9m \u00fadol\u00ed Krimmler Achental \u00a9 Ferienregion Nationalpark Hohe Tauern, Math\u00e4us Gartner \" width=\"1170\" height=\"658\" src=\"https:\/\/www.salzburgerland.com\/cs\/wp-content\/uploads\/2022\/06\/biken-im-krimmler-achental-c-ferienregion-nationalpark-hohe-tauern-mathaus-gartner-36-1170x658.jpg\" class=\"attachment-1170_658 size-1170_658\" alt=\"\u0160otolinov\u00e9 cesty vedou pod\u00e9l horsk\u00fdch potok\u016f a nab\u00edzej\u00ed klidnou j\u00edzdu v p\u0159\u00edrod\u011b N\u00e1rodn\u00edho parku Vysok\u00e9 Taury (Zv\u011bt\u0161en\u00fd pohled)\" srcset=\"https:\/\/www.salzburgerland.com\/cs\/wp-content\/uploads\/2022\/06\/biken-im-krimmler-achental-c-ferienregion-nationalpark-hohe-tauern-mathaus-gartner-36-1170x658.jpg 1170w, https:\/\/www.salzburgerland.com\/cs\/wp-content\/uploads\/2022\/06\/biken-im-krimmler-achental-c-ferienregion-nationalpark-hohe-tauern-mathaus-gartner-36-1200x675.jpg 1200w\" sizes=\"(max-width: 1170px) 100vw, 1170px\" aria-describedby=\"figcaption-152036-164368\" itemprop=\"thumbnail\"><\/a><\/div>\n\t\t\t\t\t\t<span id=\"figcaption-152036-164368\" class=\"gallery-caption\" itemprop=\"caption\"><span aria-hidden=\"true\">Cesta pod\u00e9l \u0159eky v horsk\u00e9m \u00fadol\u00ed Krimmler Achental \u00a9 Ferienregion Nationalpark Hohe Tauern, Math\u00e4us Gartner <\/span><\/span>\n\t\t\t\t\t<\/li>\n\t\t\t\t\t<li class=\"gallery-item col-3\" itemprop=\"associatedMedia\" itemscope itemtype=\"http:\/\/schema.org\/ImageObject\">\n\t\t\t\t\t\t<div class=\"gallery-icon landscape\"><a href=\"https:\/\/www.salzburgerland.com\/cs\/wp-content\/uploads\/2022\/06\/biken-im-krimmler-achental-c-ferienregion-nationalpark-hohe-tauern-mathaus-gartner-6.jpg\" title=\"Biken im Krimmler Achental (c) Ferienregion Nationalpark Hohe Tauern - Math\u00e4us Gartner (6)\"><img decoding=\"async\" data-title=\"Horsk\u00e1 \u0159eka v oblasti Krimmler Achental \u00a9 Ferienregion Nationalpark Hohe Tauern, Math\u00e4us Gartner  \" title=\"Horsk\u00e1 \u0159eka v oblasti Krimmler Achental \u00a9 Ferienregion Nationalpark Hohe Tauern, Math\u00e4us Gartner  \" data-caption=\"Horsk\u00e1 \u0159eka v oblasti Krimmler Achental \u00a9 Ferienregion Nationalpark Hohe Tauern, Math\u00e4us Gartner  \" width=\"1170\" height=\"658\" src=\"https:\/\/www.salzburgerland.com\/cs\/wp-content\/uploads\/2022\/06\/biken-im-krimmler-achental-c-ferienregion-nationalpark-hohe-tauern-mathaus-gartner-6-1170x658.jpg\" class=\"attachment-1170_658 size-1170_658\" alt=\"Dva lid\u00e9 stoj\u00ed na d\u0159ev\u011bn\u00e9m most\u011b s Elektrokolou Vysok\u00e9 Taury, vrcholy a lesem v pozad\u00ed. (Zv\u011bt\u0161en\u00fd pohled)\" srcset=\"https:\/\/www.salzburgerland.com\/cs\/wp-content\/uploads\/2022\/06\/biken-im-krimmler-achental-c-ferienregion-nationalpark-hohe-tauern-mathaus-gartner-6-1170x658.jpg 1170w, https:\/\/www.salzburgerland.com\/cs\/wp-content\/uploads\/2022\/06\/biken-im-krimmler-achental-c-ferienregion-nationalpark-hohe-tauern-mathaus-gartner-6-1200x675.jpg 1200w\" sizes=\"(max-width: 1170px) 100vw, 1170px\" aria-describedby=\"figcaption-152036-164366\" itemprop=\"thumbnail\"><\/a><\/div>\n\t\t\t\t\t\t<span id=\"figcaption-152036-164366\" class=\"gallery-caption\" itemprop=\"caption\"><span aria-hidden=\"true\">Horsk\u00e1 \u0159eka v oblasti Krimmler Achental \u00a9 Ferienregion Nationalpark Hohe Tauern, Math\u00e4us Gartner  <\/span><\/span>\n\t\t\t\t\t<\/li>\n\t\t\t\t\t<li class=\"gallery-item col-3\" itemprop=\"associatedMedia\" itemscope itemtype=\"http:\/\/schema.org\/ImageObject\">\n\t\t\t\t\t\t<div class=\"gallery-icon landscape\"><a href=\"https:\/\/www.salzburgerland.com\/cs\/wp-content\/uploads\/2022\/06\/talwirt_thema-genuss-1--daniel-kogler--ferienregion-nationalpark-hohe-tauern-1597x1067.jpg\" title=\"Talwirt_Thema Genuss (1) \u00a9 Daniel Kogler \u2013 Ferienregion Nationalpark Hohe Tauern\"><img decoding=\"async\" data-title=\"B\u011bhem cyklistick\u00e9ho v\u00fdletu se vyplat\u00ed zastavit na n\u011bkter\u00e9 z chalup cestou \u00a9 Ferienregion Nationalpark Hohe Tauern, Florian Kreidl\" title=\"B\u011bhem cyklistick\u00e9ho v\u00fdletu se vyplat\u00ed zastavit na n\u011bkter\u00e9 z chalup cestou \u00a9 Ferienregion Nationalpark Hohe Tauern, Florian Kreidl\" data-caption=\"B\u011bhem cyklistick\u00e9ho v\u00fdletu se vyplat\u00ed zastavit na n\u011bkter\u00e9 z chalup cestou \u00a9 Ferienregion Nationalpark Hohe Tauern, Florian Kreidl\" width=\"1170\" height=\"658\" src=\"https:\/\/www.salzburgerland.com\/cs\/wp-content\/uploads\/2022\/06\/talwirt_thema-genuss-1--daniel-kogler--ferienregion-nationalpark-hohe-tauern-1170x658.jpg\" class=\"attachment-1170_658 size-1170_658\" alt=\"Tradi\u010dn\u00ed sva\u010dina na prk\u00e9nku s lok\u00e1ln\u00edmi surovinami (Zv\u011bt\u0161en\u00fd pohled)\" srcset=\"https:\/\/www.salzburgerland.com\/cs\/wp-content\/uploads\/2022\/06\/talwirt_thema-genuss-1--daniel-kogler--ferienregion-nationalpark-hohe-tauern-1170x658.jpg 1170w, https:\/\/www.salzburgerland.com\/cs\/wp-content\/uploads\/2022\/06\/talwirt_thema-genuss-1--daniel-kogler--ferienregion-nationalpark-hohe-tauern-1200x675.jpg 1200w\" sizes=\"(max-width: 1170px) 100vw, 1170px\" aria-describedby=\"figcaption-152036-164371\" itemprop=\"thumbnail\"><\/a><\/div>\n\t\t\t\t\t\t<span id=\"figcaption-152036-164371\" class=\"gallery-caption\" itemprop=\"caption\"><span aria-hidden=\"true\">B\u011bhem cyklistick\u00e9ho v\u00fdletu se vyplat\u00ed zastavit na n\u011bkter\u00e9 z chalup cestou \u00a9 Ferienregion Nationalpark Hohe Tauern, Florian Kreidl<\/span><\/span>\n\t\t\t\t\t<\/li>\n\t\t\t\t<\/ul>\n\t\t\t<\/div><!-- .gallery -->\n\n<p>Obl\u00edben\u00e1 je tak\u00e9 <strong>Taursk\u00e1 cyklostezka<\/strong>, kde v\u0161ichni, kdo r\u00e1di \u0161lapou do ped\u00e1l\u016f, najdou skute\u010dn\u00fd r\u00e1j. Mohutn\u00e9 vodop\u00e1dy a horsk\u00e9 scen\u00e9rie v\u00e1s budou b\u011bhem j\u00edzdy prov\u00e1zet na ka\u017ed\u00e9m kroku. Po cest\u011b m\u016f\u017eete zastavit u horsk\u00fdch chat nebo sala\u0161\u00ed a vychutnat si m\u00edstn\u00ed speciality. O dal\u0161\u00ed komfort na cest\u00e1ch se staraj\u00ed p\u016fj\u010dovny, servisy i dob\u00edjec\u00ed stanice elektrokol.<\/p>\n<h3><strong>Novinka: Hohe Tauern Bike Trail<\/strong><\/h3>\n<p data-start=\"390\" data-end=\"885\">Vedle t\u011bchto pohodov\u00fdch tras nab\u00edz\u00ed region i zcela nov\u00fd zp\u016fsob, jak poznat n\u00e1rodn\u00ed park ze sedla kola. Nab\u00eddku nyn\u00ed roz\u0161i\u0159uje <a href=\"https:\/\/www.nationalpark.at\/en\/holiday\/summer\/biking\/hohe-tauern-bike-trail\" target=\"_blank\" rel=\"noopener\"><strong>Hohe Tauern Bike Trail<\/strong><\/a>, kter\u00fd umo\u017e\u0148uje poznat N\u00e1rodn\u00ed park Vysok\u00e9 Taury opravdu zbl\u00edzka. Tato jedine\u010dn\u00e1 <strong>d\u00e1lkov\u00e1 trasa<\/strong> je rozd\u011blen\u00e1 do <strong>14 etap a na 530 kilometrech<\/strong> vede nap\u0159\u00ed\u010d \u00fadol\u00edmi od Gro\u00dfarltalu a\u017e po Krimml. \u010cekaj\u00ed v\u00e1s \u0161otolinov\u00e9 horsk\u00e9 \u00faseky, v\u00fdhledy na vrcholy jako Gro\u00dfglockner nebo Gro\u00dfvenediger i v\u00edcedenn\u00ed cesty v jedn\u00e9 z nejp\u016fsobiv\u011bj\u0161\u00edch alpsk\u00fdch krajin.<\/p>\n<div id=\"attachment_164369\" style=\"width: 1180px\" class=\"wp-caption alignnone\"><img decoding=\"async\" aria-describedby=\"caption-attachment-164369\" class=\"size-1170_658 wp-image-164369\" src=\"https:\/\/www.salzburgerland.com\/cs\/wp-content\/uploads\/2022\/06\/biken-talschluss-am-otzlsee-_huttschlag-5-daniel-kogler--ferienregion-nationalpark-hohe-tauern-1170x658.jpg\" alt=\"Dva cyklist\u00e9 odpo\u010d\u00edvaj\u00ed u jezera \u00d6tzlsee v H\u00fcttschlagu \" width=\"1170\" height=\"658\" srcset=\"https:\/\/www.salzburgerland.com\/cs\/wp-content\/uploads\/2022\/06\/biken-talschluss-am-otzlsee-_huttschlag-5-daniel-kogler--ferienregion-nationalpark-hohe-tauern-1170x658.jpg 1170w, https:\/\/www.salzburgerland.com\/cs\/wp-content\/uploads\/2022\/06\/biken-talschluss-am-otzlsee-_huttschlag-5-daniel-kogler--ferienregion-nationalpark-hohe-tauern-1200x675.jpg 1200w\" sizes=\"(max-width: 1170px) 100vw, 1170px\"><p id=\"caption-attachment-164369\" class=\"wp-caption-text\">Pauza u \u00d6tzlsee v H\u00fcttschlagu \u00a9 Ferienregion Nationalpark Hohe Tauern<\/p><\/div>\n<p>Jednotliv\u00e9 etapy maj\u00ed d\u00e9lku <strong>a\u017e 50 kilometr\u016f<\/strong> a p\u0159ev\u00fd\u0161en\u00ed do <strong>1 250 metr\u016f<\/strong>, tak\u017ee trasu lze napl\u00e1novat podle vlastn\u00edch mo\u017enost\u00ed a zvl\u00e1dnout ji<strong> i na elektrokole<\/strong>. Hohe Tauern Bike Trail vede p\u0159ev\u00e1\u017en\u011b po lesn\u00edch a horsk\u00fdch cest\u00e1ch bez n\u00e1ro\u010dn\u00fdch technick\u00fdch \u00fasek\u016f a propojuje celkem <strong>14 \u00fadol\u00ed<\/strong> n\u00e1rodn\u00edho parku. J\u00edzdu si tak u\u017eij\u00ed nejen sportovn\u011b zalo\u017een\u00ed cyklist\u00e9, ale i ti, kdo hledaj\u00ed aktivn\u00ed dovolenou v p\u0159\u00edrod\u011b. K dispozici je nav\u00edc <strong>servis<\/strong> v\u010detn\u011b pl\u00e1nov\u00e1n\u00ed tras a ubytov\u00e1n\u00ed.<\/p>\n<div id=\"attachment_164367\" style=\"width: 1180px\" class=\"wp-caption alignnone\"><img decoding=\"async\" aria-describedby=\"caption-attachment-164367\" class=\"size-1170_658 wp-image-164367\" src=\"https:\/\/www.salzburgerland.com\/cs\/wp-content\/uploads\/2022\/06\/biken-im-krimmler-achental-c-ferienregion-nationalpark-hohe-tauern-mathaus-gartner-32-1170x658.jpg\" alt=\"Dva cyklist\u00e9 kontroluj\u00ed mapu b\u011bhem v\u00fdletu na kole v Krimmler Achental v Alp\u00e1ch\" width=\"1170\" height=\"658\" srcset=\"https:\/\/www.salzburgerland.com\/cs\/wp-content\/uploads\/2022\/06\/biken-im-krimmler-achental-c-ferienregion-nationalpark-hohe-tauern-mathaus-gartner-32-1170x658.jpg 1170w, https:\/\/www.salzburgerland.com\/cs\/wp-content\/uploads\/2022\/06\/biken-im-krimmler-achental-c-ferienregion-nationalpark-hohe-tauern-mathaus-gartner-32-1200x675.jpg 1200w\" sizes=\"(max-width: 1170px) 100vw, 1170px\"><p id=\"caption-attachment-164367\" class=\"wp-caption-text\">Na trase je dostatek m\u00edst k zastaven\u00ed i kr\u00e1tk\u00e9mu odpo\u010dinku \u00a9 Ferienregion Nationalpark Hohe Tauern, Math\u00e4us Gartner<\/p><\/div>\n<h3><strong>Pro zdatn\u00e9 cyklisty<\/strong><\/h3>\n<p>Na kole se m\u016f\u017eete vydat i po slavn\u00e9 alpsk\u00e9 panoramatick\u00e9 silnici <a href=\"https:\/\/www.nationalpark.at\/en\/service\/partner\/GrossglocknerHochalpenstrasse~20589\" target=\"_blank\" rel=\"noopener\"><strong>Gro\u00dfglockner Hochalpenstrasse<\/strong><\/a> a\u017e k vyhl\u00eddce <strong>Fuscher T\u00f6rl<\/strong>. Tuto trasu v\u0161ak doporu\u010dujeme pouze zdatn\u00fdm cyklist\u016fm.<\/p>\n<p><a href=\"https:\/\/www.salzburgerland.com\/cs\/prazdninovy-region-narodni-park-vysoke-taury-atrakce-a-pamatky\/\">Nejvy\u0161\u0161\u00ed hora<\/a> rakousk\u00fdch Alp ka\u017ed\u00fd rok p\u0159itahuje milovn\u00edky kol. Prvn\u00ed v\u00edkend v \u010dervnu o titul \u201e<strong>Kr\u00e1l Glockneru<\/strong>\u201c (<a href=\"https:\/\/www.glocknerkoenig.com\/en\" target=\"_blank\" rel=\"noopener\"><strong>Glocknerk\u00f6nig<\/strong><\/a>) op\u011bt zabojuj\u00ed tis\u00edce lid\u00ed. V roce 2026 se Glocknerk\u00f6nig uskute\u010dn\u00ed <strong>7. \u010dervna<\/strong>. V r\u00e1mci t\u00e9to v\u00fdzvy mus\u00ed \u00fa\u010dastn\u00edci zdolat n\u00e1ro\u010dnou trasu o d\u00e9lce 28,9 km se stoup\u00e1n\u00edm a\u017e 12 % a dostat se do v\u00fd\u0161ky 2 571 metr\u016f. Pro ambici\u00f3zn\u00ed cyklisty je to nezapomenuteln\u00fd z\u00e1\u017eitek.<\/p>\n<h3><strong>Taursk\u00e1 cyklostezka \u201eTauernradweg\u201c\u00a0<\/strong><\/h3>\n<p data-start=\"1285\" data-end=\"1660\">Krom\u011b t\u00e9to varianty existuje tak\u00e9 okru\u017en\u00ed trasa Tauernradwegrunde o d\u00e9lce p\u0159ibli\u017en\u011b 270 kilometr\u016f, kter\u00e1 za\u010d\u00edn\u00e1 v Krimmlu a vede p\u0159es Salcburk a zp\u011bt \u00fadol\u00edm \u0159eky Saalach. Za\u010d\u00edt m\u016f\u017eete v podstat\u011b kdekoliv na trase. Region je dr\u017eitelem certifik\u00e1tu kvality pro dovolenou na horsk\u00fdch kolech a nab\u00edz\u00ed ide\u00e1ln\u00ed podm\u00ednky jak pro rekrea\u010dn\u00ed cyklisty, tak pro ty sportovn\u011bji lad\u011bn\u00e9.<\/p>\n<p>Celkem 310 kilometr\u016f dlouh\u00e1 <strong>Taursk\u00e1 cyklostezka<\/strong> za\u010d\u00edn\u00e1 u <a href=\"https:\/\/www.salzburgerland.com\/cs\/prazdninovy-region-narodni-park-vysoke-taury-dovolena-pro-zdravi\/\">Krimmelsk\u00fdch<\/a> vodop\u00e1d\u016f a vede p\u0159es Salcbursko a\u017e do Pasova. \u00dasek v N\u00e1rodn\u00edm parku Vysok\u00e9 Taury m\u011b\u0159\u00ed p\u0159ibli\u017en\u011b 100 kilometr\u016f. Pat\u0159\u00ed mezi <strong>nejobl\u00edben\u011bj\u0161\u00ed d\u00e1lkov\u00e9 cyklotrasy<\/strong> a d\u00edky dobr\u00e9 dostupnosti ji lze absolvovat i po jednotliv\u00fdch \u010d\u00e1stech nebo kombinovat s ve\u0159ejnou dopravou.<\/p>\n\n\t\t\t<div id=\"152036-2\" class=\"gallery gallery-152036 gallery-columns-3 gallery-size-1170_658\" itemscope itemtype=\"http:\/\/schema.org\/ImageGallery\">\n\t\t\t\t<ul class=\"gallery-row gallery-col-3 gallery-clear\">\n\t\t\t\t\t<li class=\"gallery-item col-3\" itemprop=\"associatedMedia\" itemscope itemtype=\"http:\/\/schema.org\/ImageObject\">\n\t\t\t\t\t\t<div class=\"gallery-icon landscape\"><a href=\"https:\/\/www.salzburgerland.com\/cs\/wp-content\/uploads\/2022\/06\/tauernradweg_salzachbrucke-c-ferienregion-nationalpark-hohe-tauern-agentur-lichtfarben.jpg\" title=\"Tauernradweg_Salzachbr\u00fccke (c) Ferienregion Nationalpark Hohe Tauern - Agentur Lichtfarben\"><img decoding=\"async\" data-title=\"Most p\u0159es Salzach na trase Tauernradweg \u00a9 Ferienregion Nationalpark Hohe Tauern\" title=\"Most p\u0159es Salzach na trase Tauernradweg \u00a9 Ferienregion Nationalpark Hohe Tauern\" data-caption=\"Most p\u0159es Salzach na trase Tauernradweg \u00a9 Ferienregion Nationalpark Hohe Tauern\" width=\"1170\" height=\"658\" src=\"https:\/\/www.salzburgerland.com\/cs\/wp-content\/uploads\/2022\/06\/tauernradweg_salzachbrucke-c-ferienregion-nationalpark-hohe-tauern-agentur-lichtfarben-1170x658.jpg\" class=\"attachment-1170_658 size-1170_658\" alt=\"Dva cyklist\u00e9 p\u0159ej\u00ed\u017ed\u011bj\u00ed most p\u0159es Salzach na trase Tauernradweg (Zv\u011bt\u0161en\u00fd pohled)\" srcset=\"https:\/\/www.salzburgerland.com\/cs\/wp-content\/uploads\/2022\/06\/tauernradweg_salzachbrucke-c-ferienregion-nationalpark-hohe-tauern-agentur-lichtfarben-1170x658.jpg 1170w, https:\/\/www.salzburgerland.com\/cs\/wp-content\/uploads\/2022\/06\/tauernradweg_salzachbrucke-c-ferienregion-nationalpark-hohe-tauern-agentur-lichtfarben-1200x675.jpg 1200w\" sizes=\"(max-width: 1170px) 100vw, 1170px\" aria-describedby=\"figcaption-152036-164376\" itemprop=\"thumbnail\"><\/a><\/div>\n\t\t\t\t\t\t<span id=\"figcaption-152036-164376\" class=\"gallery-caption\" itemprop=\"caption\"><span aria-hidden=\"true\">Most p\u0159es Salzach na trase Tauernradweg \u00a9 Ferienregion Nationalpark Hohe Tauern<\/span><\/span>\n\t\t\t\t\t<\/li>\n\t\t\t\t\t<li class=\"gallery-item col-3\" itemprop=\"associatedMedia\" itemscope itemtype=\"http:\/\/schema.org\/ImageObject\">\n\t\t\t\t\t\t<div class=\"gallery-icon landscape\"><a href=\"https:\/\/www.salzburgerland.com\/cs\/wp-content\/uploads\/2022\/06\/tauernradweg_piesendorf-niedernsill-rastplatz2-c-ferienregion-nationalpark-hohe-tauern-agentur-lichtfarben.jpg\" title=\"Tauernradweg_Piesendorf-Niedernsill-Rastplatz2 (c) Ferienregion Nationalpark Hohe Tauern - Agentur Lichtfarben\"><img decoding=\"async\" data-title=\"M\u00edsto pro kr\u00e1tk\u00fd odpo\u010dinek na Tauernradweg v Piesendorfu-Niedernsillu \u00a9 Ferienregion Nationalpark Hohe Tauern\" title=\"M\u00edsto pro kr\u00e1tk\u00fd odpo\u010dinek na Tauernradweg v Piesendorfu-Niedernsillu \u00a9 Ferienregion Nationalpark Hohe Tauern\" data-caption=\"M\u00edsto pro kr\u00e1tk\u00fd odpo\u010dinek na Tauernradweg v Piesendorfu-Niedernsillu \u00a9 Ferienregion Nationalpark Hohe Tauern\" width=\"1170\" height=\"658\" src=\"https:\/\/www.salzburgerland.com\/cs\/wp-content\/uploads\/2022\/06\/tauernradweg_piesendorf-niedernsill-rastplatz2-c-ferienregion-nationalpark-hohe-tauern-agentur-lichtfarben-1170x658.jpg\" class=\"attachment-1170_658 size-1170_658\" alt=\"Dva lid\u00e9 na kole v helm\u00e1ch v oblasti Piesendorf-Niedernsill, kudy proch\u00e1z\u00ed Tauernradweg (Zv\u011bt\u0161en\u00fd pohled)\" srcset=\"https:\/\/www.salzburgerland.com\/cs\/wp-content\/uploads\/2022\/06\/tauernradweg_piesendorf-niedernsill-rastplatz2-c-ferienregion-nationalpark-hohe-tauern-agentur-lichtfarben-1170x658.jpg 1170w, https:\/\/www.salzburgerland.com\/cs\/wp-content\/uploads\/2022\/06\/tauernradweg_piesendorf-niedernsill-rastplatz2-c-ferienregion-nationalpark-hohe-tauern-agentur-lichtfarben-1200x675.jpg 1200w\" sizes=\"(max-width: 1170px) 100vw, 1170px\" aria-describedby=\"figcaption-152036-164375\" itemprop=\"thumbnail\"><\/a><\/div>\n\t\t\t\t\t\t<span id=\"figcaption-152036-164375\" class=\"gallery-caption\" itemprop=\"caption\"><span aria-hidden=\"true\">M\u00edsto pro kr\u00e1tk\u00fd odpo\u010dinek na Tauernradweg v Piesendorfu-Niedernsillu \u00a9 Ferienregion Nationalpark Hohe Tauern<\/span><\/span>\n\t\t\t\t\t<\/li>\n\t\t\t\t\t<li class=\"gallery-item col-3\" itemprop=\"associatedMedia\" itemscope itemtype=\"http:\/\/schema.org\/ImageObject\">\n\t\t\t\t\t\t<div class=\"gallery-icon landscape\"><a href=\"https:\/\/www.salzburgerland.com\/cs\/wp-content\/uploads\/2022\/06\/tauernradweg_piesendorf-niedernsill9-c-ferienregion-nationalpark-hohe-tauern-agentur-lichtfarben.jpg\" title=\"Tauernradweg_Piesendorf-Niedernsill9 (c) Ferienregion Nationalpark Hohe Tauern - Agentur Lichtfarben\"><img decoding=\"async\" data-title=\"Taursk\u00e1 cyklostezka Tauernradweg \u00a9 Ferienregion Nationalpark Hohe Tauern\" title=\"Taursk\u00e1 cyklostezka Tauernradweg \u00a9 Ferienregion Nationalpark Hohe Tauern\" data-caption=\"Taursk\u00e1 cyklostezka Tauernradweg \u00a9 Ferienregion Nationalpark Hohe Tauern\" width=\"1170\" height=\"658\" src=\"https:\/\/www.salzburgerland.com\/cs\/wp-content\/uploads\/2022\/06\/tauernradweg_piesendorf-niedernsill9-c-ferienregion-nationalpark-hohe-tauern-agentur-lichtfarben-1170x658.jpg\" class=\"attachment-1170_658 size-1170_658\" alt=\"Krajina okolo jedn\u00e9 z \u010d\u00e1st\u00ed Taursk\u00e9 cyklostezky v N\u00e1rodn\u00edm parku Vysok\u00e9 Taury (Zv\u011bt\u0161en\u00fd pohled)\" srcset=\"https:\/\/www.salzburgerland.com\/cs\/wp-content\/uploads\/2022\/06\/tauernradweg_piesendorf-niedernsill9-c-ferienregion-nationalpark-hohe-tauern-agentur-lichtfarben-1170x658.jpg 1170w, https:\/\/www.salzburgerland.com\/cs\/wp-content\/uploads\/2022\/06\/tauernradweg_piesendorf-niedernsill9-c-ferienregion-nationalpark-hohe-tauern-agentur-lichtfarben-1200x675.jpg 1200w\" sizes=\"(max-width: 1170px) 100vw, 1170px\" aria-describedby=\"figcaption-152036-164374\" itemprop=\"thumbnail\"><\/a><\/div>\n\t\t\t\t\t\t<span id=\"figcaption-152036-164374\" class=\"gallery-caption\" itemprop=\"caption\"><span aria-hidden=\"true\">Taursk\u00e1 cyklostezka Tauernradweg \u00a9 Ferienregion Nationalpark Hohe Tauern<\/span><\/span>\n\t\t\t\t\t<\/li>\n\t\t\t\t<\/ul>\n\t\t\t<\/div><!-- .gallery -->\n\n<p>Krom\u011b t\u00e9to varianty existuje tak\u00e9 okru\u017en\u00ed trasa <a href=\"https:\/\/www.nationalpark.at\/en\/holiday\/summer\/biking\/tauern-bike-path\" target=\"_blank\" rel=\"noopener\"><strong>Tauernradwegrunde<\/strong><\/a> o d\u00e9lce p\u0159ibli\u017en\u011b 270 kilometr\u016f, kter\u00e1 za\u010d\u00edn\u00e1 v Krimmlu a vede p\u0159es Salcburk a zp\u011bt \u00fadol\u00edm \u0159eky Saalach. Za\u010d\u00edt m\u016f\u017eete v podstat\u011b kdekoliv na trase. Region je dr\u017eitelem certifik\u00e1tu kvality pro dovolenou na horsk\u00fdch kolech a nab\u00edz\u00ed ide\u00e1ln\u00ed podm\u00ednky jak pro rekrea\u010dn\u00ed cyklisty, tak pro ty sportovn\u011bji lad\u011bn\u00e9.<\/p>\n<p><strong>Upozorn\u011bn\u00ed na uzav\u00edrku \u010d\u00e1sti trasy<\/strong>: Mezi Frohnwies (Wei\u00dfbach bei Lofer) a elektr\u00e1rnou Die\u00dfbach (Saalfelden) je cyklostezka Tauernradweg uzav\u0159ena. Vzhledem k p\u00e1du kamen\u016f a skaln\u00edch \u00falomk\u016f vede obj\u00ed\u017e\u010fka po paraleln\u00ed silnici B311, kde je k dispozici samostatn\u00fd cyklopruh.<\/p>\n<h3><strong>P\u016fj\u010dovny a z\u00e1zem\u00ed<\/strong><\/h3>\n<p>Pr\u00e1zdninov\u00e1 oblast <strong>N\u00e1rodn\u00ed park Vysok\u00e9 Taury<\/strong> nab\u00edz\u00ed dob\u0159e rozvinutou s\u00ed\u0165 <a href=\"https:\/\/www.nationalpark.at\/en\/holiday\/summer\/biking\/hohe-tauern-bike-trail\/bike-areas\" target=\"_blank\" rel=\"noopener\">cyklotras<\/a> r\u016fzn\u00fdch obt\u00ed\u017enost\u00ed a kvalitn\u00ed z\u00e1zem\u00ed pro cyklisty. Na mnoha m\u00edstech si jednodu\u0161e p\u016fj\u010d\u00edte elektrokolo a m\u016f\u017eete vyu\u017e\u00edt hustou s\u00ed\u0165 dob\u00edjec\u00edch stanic. Bezstarostn\u00e9 cyklistice tak nestoj\u00ed nic v cest\u011b. Od m\u00edrn\u011b stoupaj\u00edc\u00edch tras s kr\u00e1sn\u00fdmi v\u00fdhledy a\u017e po n\u00e1ro\u010dn\u011bj\u0161\u00ed singletraily, cyklist\u00e9 si v N\u00e1rodn\u00edm parku Vysok\u00e9 Taury mohou vybrat podle sv\u00fdch schopnost\u00ed i chuti. Mnoho tras vede do bo\u010dn\u00edch \u00fadol\u00ed uprost\u0159ed nedot\u010den\u00e9 p\u0159\u00edrody a kolem tradi\u010dn\u00edch horsk\u00fdch chat.<\/p>\n<p><strong>TIP<\/strong>: Aplikace \u201e<a href=\"https:\/\/www.nationalpark.at\/en\/service\/app\" target=\"_blank\" rel=\"noopener\">Erlebnis Nationalpark<\/a>\u201c usnad\u0148uje pl\u00e1nov\u00e1n\u00ed tras a nab\u00edz\u00ed p\u0159ehled o chat\u00e1ch, zaj\u00edmav\u00fdch m\u00edstech i aktu\u00e1ln\u00edch podm\u00ednk\u00e1ch v regionu.<\/p>\n<div id=\"attachment_164372\" style=\"width: 1180px\" class=\"wp-caption alignnone\"><img decoding=\"async\" aria-describedby=\"caption-attachment-164372\" class=\"size-1170_658 wp-image-164372\" src=\"https:\/\/www.salzburgerland.com\/cs\/wp-content\/uploads\/2022\/06\/tauernradweg_aufdenwegnachpiesendorf4-c-ferienregion-nationalpark-hohe-tauern-agentur-lichtfarben-1170x658.jpg\" alt=\"Taursk\u00e1 cyklostezka a cesta pod\u00e9l pol\u00ed do Piesendorfu\" width=\"1170\" height=\"658\" srcset=\"https:\/\/www.salzburgerland.com\/cs\/wp-content\/uploads\/2022\/06\/tauernradweg_aufdenwegnachpiesendorf4-c-ferienregion-nationalpark-hohe-tauern-agentur-lichtfarben-1170x658.jpg 1170w, https:\/\/www.salzburgerland.com\/cs\/wp-content\/uploads\/2022\/06\/tauernradweg_aufdenwegnachpiesendorf4-c-ferienregion-nationalpark-hohe-tauern-agentur-lichtfarben-1200x675.jpg 1200w\" sizes=\"(max-width: 1170px) 100vw, 1170px\"><p id=\"caption-attachment-164372\" class=\"wp-caption-text\">Taursk\u00e1 cyklostezka cestou do Piesendorfu \u00a9 Ferienregion Nationalpark Hohe Tauern<\/p><\/div>\n","protected":false},"excerpt":{"rendered":"<p>Milovn\u00edci kol si tady u\u017e\u00edvaj\u00ed pohodovou a udr\u017eitelnou j\u00edzdu v p\u0159\u00edrod\u011b na v\u00edce ne\u017e 1 000 kilometrech cyklotras. Ty vedou \u00fadol\u00edmi n\u00e1rodn\u00edho parku, \u010dasto pod\u00e9l horsk\u00fdch \u0159ek, s v\u00fdhledy na nejvy\u0161\u0161\u00ed vrcholy Rakouska. Jedn\u00edm z nejkr\u00e1sn\u011bj\u0161\u00edch m\u00edst je nap\u0159\u00edklad \u00fadol\u00ed Krimmler Achental, kde si cyklistiku u\u017eijete v bezprost\u0159edn\u00edm kontaktu s p\u0159\u00edrodou. Obl\u00edben\u00e1 je tak\u00e9 Taursk\u00e1 [&hellip;]<\/p>\n","protected":false},"author":6,"featured_media":164370,"comment_status":"closed","ping_status":"closed","sticky":false,"template":"","format":"standard","meta":{"_acf_changed":false,"wl_entities_gutenberg":"","_relevanssi_hide_post":"","_relevanssi_hide_content":"","_relevanssi_pin_for_all":"","_relevanssi_pin_keywords":"","_relevanssi_unpin_keywords":"","_relevanssi_related_keywords":"","_relevanssi_related_include_ids":"","_relevanssi_related_exclude_ids":"","_relevanssi_related_no_append":"","_relevanssi_related_not_related":"","_relevanssi_related_posts":"","_relevanssi_noindex_reason":"","footnotes":""},"categories":[1],"tags":[],"wl_entity_type":[706],"class_list":["post-152036","post","type-post","status-publish","format-standard","has-post-thumbnail","hentry","category-uncategorized","wl_entity_type-article"],"acf":[],"yoast_head":"<!-- This site is optimized with the Yoast SEO Premium plugin v27.4 (Yoast SEO v27.4) - https:\/\/yoast.com\/product\/yoast-seo-premium-wordpress\/ -->\n<title>Na kole v pr\u00e1zdninov\u00e9m regionu N\u00e1rodn\u00ed park Vysok\u00e9 Taury \u00bb SalzburgerLand.com<\/title>\n<meta name=\"robots\" content=\"index, follow, max-snippet:-1, max-image-preview:large, max-video-preview:-1\" \/>\n<link rel=\"canonical\" href=\"https:\/\/www.salzburgerland.com\/cs\/prazdninovy-region-narodni-park-vysoke-taury-kola\/\" \/>\n<meta property=\"og:locale\" content=\"cs_CZ\" \/>\n<meta property=\"og:type\" content=\"article\" \/>\n<meta property=\"og:title\" content=\"Na kole v pr\u00e1zdninov\u00e9m regionu N\u00e1rodn\u00ed park Vysok\u00e9 Taury\" \/>\n<meta property=\"og:description\" content=\"Milovn\u00edci kol si tady u\u017e\u00edvaj\u00ed pohodovou a udr\u017eitelnou j\u00edzdu v p\u0159\u00edrod\u011b na v\u00edce ne\u017e 1 000 kilometrech cyklotras. Ty vedou \u00fadol\u00edmi n\u00e1rodn\u00edho parku, \u010dasto\" \/>\n<meta property=\"og:url\" content=\"https:\/\/www.salzburgerland.com\/cs\/prazdninovy-region-narodni-park-vysoke-taury-kola\/\" \/>\n<meta property=\"og:site_name\" content=\"SalzburgerLand.com\" \/>\n<meta property=\"article:publisher\" content=\"https:\/\/www.facebook.com\/visitsalzburgerland\/\" \/>\n<meta property=\"article:published_time\" content=\"2022-06-14T19:48:34+00:00\" \/>\n<meta property=\"article:modified_time\" content=\"2026-03-18T12:40:36+00:00\" \/>\n<meta property=\"og:image\" content=\"https:\/\/www.salzburgerland.com\/cs\/wp-content\/uploads\/2022\/06\/biken-zum-talschluss-krimmler-achentalc-ferienregion-nationalpark-hohe-tauern-mathaus-gartner-9-1200x675.jpg\" \/>\n\t<meta property=\"og:image:width\" content=\"1200\" \/>\n\t<meta property=\"og:image:height\" content=\"675\" \/>\n\t<meta property=\"og:image:type\" content=\"image\/jpeg\" \/>\n<meta name=\"author\" content=\"Andrea \u017d\u00e1\u010dkov\u00e1\" \/>\n<meta name=\"twitter:card\" content=\"summary_large_image\" \/>\n<meta name=\"twitter:creator\" content=\"@salzburgerland\" \/>\n<meta name=\"twitter:site\" content=\"@salzburgerland\" \/>\n<meta name=\"twitter:label1\" content=\"Napsal(a)\" \/>\n\t<meta name=\"twitter:data1\" content=\"Andrea \u017d\u00e1\u010dkov\u00e1\" \/>\n\t<meta name=\"twitter:label2\" content=\"Odhadovan\u00e1 doba \u010dten\u00ed\" \/>\n\t<meta name=\"twitter:data2\" content=\"6 minut\" \/>\n<script type=\"application\/ld+json\" class=\"yoast-schema-graph\">{\"@context\":\"https:\\\/\\\/schema.org\",\"@graph\":[{\"@type\":\"Article\",\"@id\":\"https:\\\/\\\/www.salzburgerland.com\\\/cs\\\/prazdninovy-region-narodni-park-vysoke-taury-kola\\\/#article\",\"isPartOf\":{\"@id\":\"https:\\\/\\\/www.salzburgerland.com\\\/cs\\\/prazdninovy-region-narodni-park-vysoke-taury-kola\\\/\"},\"author\":{\"name\":\"Andrea \u017d\u00e1\u010dkov\u00e1\",\"@id\":\"https:\\\/\\\/www.salzburgerland.com\\\/cs\\\/#\\\/schema\\\/person\\\/dd42a4661897004df109095dbf40eeff\"},\"headline\":\"Na kole v pr\u00e1zdninov\u00e9m regionu N\u00e1rodn\u00ed park Vysok\u00e9 Taury\",\"datePublished\":\"2022-06-14T19:48:34+00:00\",\"dateModified\":\"2026-03-18T12:40:36+00:00\",\"mainEntityOfPage\":{\"@id\":\"https:\\\/\\\/www.salzburgerland.com\\\/cs\\\/prazdninovy-region-narodni-park-vysoke-taury-kola\\\/\"},\"wordCount\":956,\"image\":{\"@id\":\"https:\\\/\\\/www.salzburgerland.com\\\/cs\\\/prazdninovy-region-narodni-park-vysoke-taury-kola\\\/#primaryimage\"},\"thumbnailUrl\":\"https:\\\/\\\/www.salzburgerland.com\\\/cs\\\/wp-content\\\/uploads\\\/2022\\\/06\\\/biken-zum-talschluss-krimmler-achentalc-ferienregion-nationalpark-hohe-tauern-mathaus-gartner-9.jpg\",\"articleSection\":[\"Uncategorized\"],\"inLanguage\":\"cs\"},{\"@type\":\"WebPage\",\"@id\":\"https:\\\/\\\/www.salzburgerland.com\\\/cs\\\/prazdninovy-region-narodni-park-vysoke-taury-kola\\\/\",\"url\":\"https:\\\/\\\/www.salzburgerland.com\\\/cs\\\/prazdninovy-region-narodni-park-vysoke-taury-kola\\\/\",\"name\":\"Na kole v pr\u00e1zdninov\u00e9m regionu N\u00e1rodn\u00ed park Vysok\u00e9 Taury \u00bb SalzburgerLand.com\",\"isPartOf\":{\"@id\":\"https:\\\/\\\/www.salzburgerland.com\\\/cs\\\/#website\"},\"primaryImageOfPage\":{\"@id\":\"https:\\\/\\\/www.salzburgerland.com\\\/cs\\\/prazdninovy-region-narodni-park-vysoke-taury-kola\\\/#primaryimage\"},\"image\":{\"@id\":\"https:\\\/\\\/www.salzburgerland.com\\\/cs\\\/prazdninovy-region-narodni-park-vysoke-taury-kola\\\/#primaryimage\"},\"thumbnailUrl\":\"https:\\\/\\\/www.salzburgerland.com\\\/cs\\\/wp-content\\\/uploads\\\/2022\\\/06\\\/biken-zum-talschluss-krimmler-achentalc-ferienregion-nationalpark-hohe-tauern-mathaus-gartner-9.jpg\",\"datePublished\":\"2022-06-14T19:48:34+00:00\",\"dateModified\":\"2026-03-18T12:40:36+00:00\",\"author\":{\"@id\":\"https:\\\/\\\/www.salzburgerland.com\\\/cs\\\/#\\\/schema\\\/person\\\/dd42a4661897004df109095dbf40eeff\"},\"description\":\"N\u00e1rodn\u00ed park je obl\u00edben\u00fdm m\u00edstem pro cyklisty. A\u0165 u\u017e p\u0159\u00edznivce MTB nebo elektrokol.\",\"breadcrumb\":{\"@id\":\"https:\\\/\\\/www.salzburgerland.com\\\/cs\\\/prazdninovy-region-narodni-park-vysoke-taury-kola\\\/#breadcrumb\"},\"inLanguage\":\"cs\",\"potentialAction\":[{\"@type\":\"ReadAction\",\"target\":[\"https:\\\/\\\/www.salzburgerland.com\\\/cs\\\/prazdninovy-region-narodni-park-vysoke-taury-kola\\\/\"]}]},{\"@type\":\"ImageObject\",\"inLanguage\":\"cs\",\"@id\":\"https:\\\/\\\/www.salzburgerland.com\\\/cs\\\/prazdninovy-region-narodni-park-vysoke-taury-kola\\\/#primaryimage\",\"url\":\"https:\\\/\\\/www.salzburgerland.com\\\/cs\\\/wp-content\\\/uploads\\\/2022\\\/06\\\/biken-zum-talschluss-krimmler-achentalc-ferienregion-nationalpark-hohe-tauern-mathaus-gartner-9.jpg\",\"contentUrl\":\"https:\\\/\\\/www.salzburgerland.com\\\/cs\\\/wp-content\\\/uploads\\\/2022\\\/06\\\/biken-zum-talschluss-krimmler-achentalc-ferienregion-nationalpark-hohe-tauern-mathaus-gartner-9.jpg\",\"width\":1600,\"height\":1067,\"caption\":\"Cyklistika v N\u00e1rodn\u00edm parku Vysok\u00e9 Taury je z\u00e1\u017eitkem, kter\u00fd si u\u017eijete \u00a9 Ferienregion Nationalpark Hohe Tauern, Math\u00e4us Gartner\"},{\"@type\":\"BreadcrumbList\",\"@id\":\"https:\\\/\\\/www.salzburgerland.com\\\/cs\\\/prazdninovy-region-narodni-park-vysoke-taury-kola\\\/#breadcrumb\",\"itemListElement\":[{\"@type\":\"ListItem\",\"position\":1,\"name\":\"N\u00e1rodn\u00ed park Vysok\u00e9 Taury v l\u00e9t\u011b\",\"item\":\"https:\\\/\\\/www.salzburgerland.com\\\/cs\\\/prazdninovy-region-narodni-park-vysoke-taury-v-lete\\\/\"},{\"@type\":\"ListItem\",\"position\":2,\"name\":\"Na kole v pr\u00e1zdninov\u00e9m regionu N\u00e1rodn\u00ed park Vysok\u00e9 Taury\"}]},{\"@type\":\"WebSite\",\"@id\":\"https:\\\/\\\/www.salzburgerland.com\\\/cs\\\/#website\",\"url\":\"https:\\\/\\\/www.salzburgerland.com\\\/cs\\\/\",\"name\":\"SalzburgerLand.com\",\"description\":\"Va\u0161e dovolen\u00e1 v Salcburku, Rakousko\",\"potentialAction\":[{\"@type\":\"SearchAction\",\"target\":{\"@type\":\"EntryPoint\",\"urlTemplate\":\"https:\\\/\\\/www.salzburgerland.com\\\/cs\\\/?s={search_term_string}\"},\"query-input\":{\"@type\":\"PropertyValueSpecification\",\"valueRequired\":true,\"valueName\":\"search_term_string\"}}],\"inLanguage\":\"cs\"},{\"@type\":\"Person\",\"@id\":\"https:\\\/\\\/www.salzburgerland.com\\\/cs\\\/#\\\/schema\\\/person\\\/dd42a4661897004df109095dbf40eeff\",\"name\":\"Andrea \u017d\u00e1\u010dkov\u00e1\",\"image\":{\"@type\":\"ImageObject\",\"inLanguage\":\"cs\",\"@id\":\"https:\\\/\\\/secure.gravatar.com\\\/avatar\\\/338deec8d231d56d0ab7b2b7d6d0aedbcb3eb05390f6c027fd5b7ebe87b67dbf?s=96&d=mm&r=g\",\"url\":\"https:\\\/\\\/secure.gravatar.com\\\/avatar\\\/338deec8d231d56d0ab7b2b7d6d0aedbcb3eb05390f6c027fd5b7ebe87b67dbf?s=96&d=mm&r=g\",\"contentUrl\":\"https:\\\/\\\/secure.gravatar.com\\\/avatar\\\/338deec8d231d56d0ab7b2b7d6d0aedbcb3eb05390f6c027fd5b7ebe87b67dbf?s=96&d=mm&r=g\",\"caption\":\"Andrea \u017d\u00e1\u010dkov\u00e1\"}}]}<\/script>\n<!-- \/ Yoast SEO Premium plugin. -->","yoast_head_json":{"title":"Na kole v pr\u00e1zdninov\u00e9m regionu N\u00e1rodn\u00ed park Vysok\u00e9 Taury \u00bb SalzburgerLand.com","robots":{"index":"index","follow":"follow","max-snippet":"max-snippet:-1","max-image-preview":"max-image-preview:large","max-video-preview":"max-video-preview:-1"},"canonical":"https:\/\/www.salzburgerland.com\/cs\/prazdninovy-region-narodni-park-vysoke-taury-kola\/","og_locale":"cs_CZ","og_type":"article","og_title":"Na kole v pr\u00e1zdninov\u00e9m regionu N\u00e1rodn\u00ed park Vysok\u00e9 Taury","og_description":"Milovn\u00edci kol si tady u\u017e\u00edvaj\u00ed pohodovou a udr\u017eitelnou j\u00edzdu v p\u0159\u00edrod\u011b na v\u00edce ne\u017e 1 000 kilometrech cyklotras. Ty vedou \u00fadol\u00edmi n\u00e1rodn\u00edho parku, \u010dasto","og_url":"https:\/\/www.salzburgerland.com\/cs\/prazdninovy-region-narodni-park-vysoke-taury-kola\/","og_site_name":"SalzburgerLand.com","article_publisher":"https:\/\/www.facebook.com\/visitsalzburgerland\/","article_published_time":"2022-06-14T19:48:34+00:00","article_modified_time":"2026-03-18T12:40:36+00:00","og_image":[{"width":1200,"height":675,"url":"https:\/\/www.salzburgerland.com\/cs\/wp-content\/uploads\/2022\/06\/biken-zum-talschluss-krimmler-achentalc-ferienregion-nationalpark-hohe-tauern-mathaus-gartner-9-1200x675.jpg","type":"image\/jpeg"}],"author":"Andrea \u017d\u00e1\u010dkov\u00e1","twitter_card":"summary_large_image","twitter_creator":"@salzburgerland","twitter_site":"@salzburgerland","twitter_misc":{"Napsal(a)":"Andrea \u017d\u00e1\u010dkov\u00e1","Odhadovan\u00e1 doba \u010dten\u00ed":"6 minut"},"schema":{"@context":"https:\/\/schema.org","@graph":[{"@type":"Article","@id":"https:\/\/www.salzburgerland.com\/cs\/prazdninovy-region-narodni-park-vysoke-taury-kola\/#article","isPartOf":{"@id":"https:\/\/www.salzburgerland.com\/cs\/prazdninovy-region-narodni-park-vysoke-taury-kola\/"},"author":{"name":"Andrea \u017d\u00e1\u010dkov\u00e1","@id":"https:\/\/www.salzburgerland.com\/cs\/#\/schema\/person\/dd42a4661897004df109095dbf40eeff"},"headline":"Na kole v pr\u00e1zdninov\u00e9m regionu N\u00e1rodn\u00ed park Vysok\u00e9 Taury","datePublished":"2022-06-14T19:48:34+00:00","dateModified":"2026-03-18T12:40:36+00:00","mainEntityOfPage":{"@id":"https:\/\/www.salzburgerland.com\/cs\/prazdninovy-region-narodni-park-vysoke-taury-kola\/"},"wordCount":956,"image":{"@id":"https:\/\/www.salzburgerland.com\/cs\/prazdninovy-region-narodni-park-vysoke-taury-kola\/#primaryimage"},"thumbnailUrl":"https:\/\/www.salzburgerland.com\/cs\/wp-content\/uploads\/2022\/06\/biken-zum-talschluss-krimmler-achentalc-ferienregion-nationalpark-hohe-tauern-mathaus-gartner-9.jpg","articleSection":["Uncategorized"],"inLanguage":"cs"},{"@type":"WebPage","@id":"https:\/\/www.salzburgerland.com\/cs\/prazdninovy-region-narodni-park-vysoke-taury-kola\/","url":"https:\/\/www.salzburgerland.com\/cs\/prazdninovy-region-narodni-park-vysoke-taury-kola\/","name":"Na kole v pr\u00e1zdninov\u00e9m regionu N\u00e1rodn\u00ed park Vysok\u00e9 Taury \u00bb SalzburgerLand.com","isPartOf":{"@id":"https:\/\/www.salzburgerland.com\/cs\/#website"},"primaryImageOfPage":{"@id":"https:\/\/www.salzburgerland.com\/cs\/prazdninovy-region-narodni-park-vysoke-taury-kola\/#primaryimage"},"image":{"@id":"https:\/\/www.salzburgerland.com\/cs\/prazdninovy-region-narodni-park-vysoke-taury-kola\/#primaryimage"},"thumbnailUrl":"https:\/\/www.salzburgerland.com\/cs\/wp-content\/uploads\/2022\/06\/biken-zum-talschluss-krimmler-achentalc-ferienregion-nationalpark-hohe-tauern-mathaus-gartner-9.jpg","datePublished":"2022-06-14T19:48:34+00:00","dateModified":"2026-03-18T12:40:36+00:00","author":{"@id":"https:\/\/www.salzburgerland.com\/cs\/#\/schema\/person\/dd42a4661897004df109095dbf40eeff"},"description":"N\u00e1rodn\u00ed park je obl\u00edben\u00fdm m\u00edstem pro cyklisty. A\u0165 u\u017e p\u0159\u00edznivce MTB nebo elektrokol.","breadcrumb":{"@id":"https:\/\/www.salzburgerland.com\/cs\/prazdninovy-region-narodni-park-vysoke-taury-kola\/#breadcrumb"},"inLanguage":"cs","potentialAction":[{"@type":"ReadAction","target":["https:\/\/www.salzburgerland.com\/cs\/prazdninovy-region-narodni-park-vysoke-taury-kola\/"]}]},{"@type":"ImageObject","inLanguage":"cs","@id":"https:\/\/www.salzburgerland.com\/cs\/prazdninovy-region-narodni-park-vysoke-taury-kola\/#primaryimage","url":"https:\/\/www.salzburgerland.com\/cs\/wp-content\/uploads\/2022\/06\/biken-zum-talschluss-krimmler-achentalc-ferienregion-nationalpark-hohe-tauern-mathaus-gartner-9.jpg","contentUrl":"https:\/\/www.salzburgerland.com\/cs\/wp-content\/uploads\/2022\/06\/biken-zum-talschluss-krimmler-achentalc-ferienregion-nationalpark-hohe-tauern-mathaus-gartner-9.jpg","width":1600,"height":1067,"caption":"Cyklistika v N\u00e1rodn\u00edm parku Vysok\u00e9 Taury je z\u00e1\u017eitkem, kter\u00fd si u\u017eijete \u00a9 Ferienregion Nationalpark Hohe Tauern, Math\u00e4us Gartner"},{"@type":"BreadcrumbList","@id":"https:\/\/www.salzburgerland.com\/cs\/prazdninovy-region-narodni-park-vysoke-taury-kola\/#breadcrumb","itemListElement":[{"@type":"ListItem","position":1,"name":"N\u00e1rodn\u00ed park Vysok\u00e9 Taury v l\u00e9t\u011b","item":"https:\/\/www.salzburgerland.com\/cs\/prazdninovy-region-narodni-park-vysoke-taury-v-lete\/"},{"@type":"ListItem","position":2,"name":"Na kole v pr\u00e1zdninov\u00e9m regionu N\u00e1rodn\u00ed park Vysok\u00e9 Taury"}]},{"@type":"WebSite","@id":"https:\/\/www.salzburgerland.com\/cs\/#website","url":"https:\/\/www.salzburgerland.com\/cs\/","name":"SalzburgerLand.com","description":"Va\u0161e dovolen\u00e1 v Salcburku, Rakousko","potentialAction":[{"@type":"SearchAction","target":{"@type":"EntryPoint","urlTemplate":"https:\/\/www.salzburgerland.com\/cs\/?s={search_term_string}"},"query-input":{"@type":"PropertyValueSpecification","valueRequired":true,"valueName":"search_term_string"}}],"inLanguage":"cs"},{"@type":"Person","@id":"https:\/\/www.salzburgerland.com\/cs\/#\/schema\/person\/dd42a4661897004df109095dbf40eeff","name":"Andrea \u017d\u00e1\u010dkov\u00e1","image":{"@type":"ImageObject","inLanguage":"cs","@id":"https:\/\/secure.gravatar.com\/avatar\/338deec8d231d56d0ab7b2b7d6d0aedbcb3eb05390f6c027fd5b7ebe87b67dbf?s=96&d=mm&r=g","url":"https:\/\/secure.gravatar.com\/avatar\/338deec8d231d56d0ab7b2b7d6d0aedbcb3eb05390f6c027fd5b7ebe87b67dbf?s=96&d=mm&r=g","contentUrl":"https:\/\/secure.gravatar.com\/avatar\/338deec8d231d56d0ab7b2b7d6d0aedbcb3eb05390f6c027fd5b7ebe87b67dbf?s=96&d=mm&r=g","caption":"Andrea \u017d\u00e1\u010dkov\u00e1"}}]}},"_wl_alt_label":[],"wl:entity_url":"http:\/\/open.salzburgerland.com\/cs\/post\/prazdninovy-region-narodni-park-vysoke-taury-elektrokola-152036","_links":{"self":[{"href":"https:\/\/www.salzburgerland.com\/cs\/wp-json\/wp\/v2\/posts\/152036","targetHints":{"allow":["GET"]}}],"collection":[{"href":"https:\/\/www.salzburgerland.com\/cs\/wp-json\/wp\/v2\/posts"}],"about":[{"href":"https:\/\/www.salzburgerland.com\/cs\/wp-json\/wp\/v2\/types\/post"}],"author":[{"embeddable":true,"href":"https:\/\/www.salzburgerland.com\/cs\/wp-json\/wp\/v2\/users\/6"}],"replies":[{"embeddable":true,"href":"https:\/\/www.salzburgerland.com\/cs\/wp-json\/wp\/v2\/comments?post=152036"}],"version-history":[{"count":20,"href":"https:\/\/www.salzburgerland.com\/cs\/wp-json\/wp\/v2\/posts\/152036\/revisions"}],"predecessor-version":[{"id":164383,"href":"https:\/\/www.salzburgerland.com\/cs\/wp-json\/wp\/v2\/posts\/152036\/revisions\/164383"}],"wp:featuredmedia":[{"embeddable":true,"href":"https:\/\/www.salzburgerland.com\/cs\/wp-json\/wp\/v2\/media\/164370"}],"wp:attachment":[{"href":"https:\/\/www.salzburgerland.com\/cs\/wp-json\/wp\/v2\/media?parent=152036"}],"wp:term":[{"taxonomy":"category","embeddable":true,"href":"https:\/\/www.salzburgerland.com\/cs\/wp-json\/wp\/v2\/categories?post=152036"},{"taxonomy":"post_tag","embeddable":true,"href":"https:\/\/www.salzburgerland.com\/cs\/wp-json\/wp\/v2\/tags?post=152036"},{"taxonomy":"wl_entity_type","embeddable":true,"href":"https:\/\/www.salzburgerland.com\/cs\/wp-json\/wp\/v2\/wl_entity_type?post=152036"}],"curies":[{"name":"wp","href":"https:\/\/api.w.org\/{rel}","templated":true}]}}