{"id":150629,"date":"2021-12-07T18:08:46","date_gmt":"2021-12-07T17:08:46","guid":{"rendered":"https:\/\/www.salzburgerland.com\/cs\/?p=150629"},"modified":"2026-01-08T20:57:25","modified_gmt":"2026-01-08T19:57:25","slug":"wildkogel-arena-zimni-rodinna-dovolena","status":"publish","type":"post","link":"https:\/\/www.salzburgerland.com\/cs\/wildkogel-arena-zimni-rodinna-dovolena\/","title":{"rendered":"Zimn\u00ed rodinn\u00e1 dovolen\u00e1 ve Wildkogel-Aren\u011b Neukirchen &#038; Bramberg"},"content":{"rendered":"<p><a href=\"https:\/\/www.wildkogel-arena.at\/cz\/\" target=\"_blank\" rel=\"noopener\"><strong>Wildkogel-Arena Neukirchen &amp; Bramberg<\/strong><\/a> je ide\u00e1ln\u00ed pro zimn\u00ed rodinnou dovolenou s d\u011btmi a za\u010d\u00ednaj\u00edc\u00ed ly\u017ea\u0159e. Nab\u00edz\u00ed<span>\u00a0<\/span><strong>zaj\u00edmavou zimn\u00ed turistickou trasu<\/strong>,<span>\u00a0<\/span><strong>nejdel\u0161\u00ed <a href=\"https:\/\/www.salzburgerland.com\/cs\/wildkogel-arena-sankovani\/\">s\u00e1\u0148ka\u0159skou dr\u00e1hu<\/a><\/strong>\u00a0na sv\u011bt\u011b, zaj\u00edmav\u00e9 atrakce nebo ly\u017ea\u0159sk\u00e9 kurzy<span>\u00a0<\/span><strong>pro d\u011bti ji\u017e od t\u0159\u00ed let<\/strong>. <span _istranslated=\"1\">V\u00edce ne\u017e dv\u011b t\u0159etiny ze v\u0161ech<\/span><span>\u00a0<\/span><strong>75 km skv\u011ble upraven\u00fdch sjezdovek <\/strong>jsou n\u00edzk\u00e9 a st\u0159edn\u00ed obt\u00ed\u017enosti.<span> P\u0159esn\u011bji<\/span><span>\u00a0<\/span><strong>85% sjezdovek je modr\u00fdch a \u010derven\u00fdch.<\/strong><span _istranslated=\"1\">\u00a0<\/span><span _istranslated=\"1\">Zb\u00fdvaj\u00edc\u00edch<\/span>\u00a0<strong>15 % jsou \u010dern\u00e9 sjezdovky<\/strong>\u00a0pro pokro\u010dil\u00e9<span _istranslated=\"1\"> ly\u017ea\u0159e. <\/span><\/p>\n<p><span _istranslated=\"1\">Rodi\u010de<\/span>\u00a0<strong>s d\u011btmi,<\/strong>\u00a0<span _istranslated=\"1\"><\/span><strong>za\u010d\u00e1te\u010dn\u00edci <\/strong>a v\u0161ichni, kte\u0159\u00ed se po dlouh\u00e9 p\u0159est\u00e1vce vracej\u00ed k ly\u017eov\u00e1n\u00ed, si tedy spln\u00ed sv\u00e9 sny o zimn\u00ed dovolen\u00e9 na hor\u00e1ch<span _istranslated=\"1\">. Ve Wildkogel-Aren\u011b si nav\u00edc skv\u011ble zaly\u017eujete tak\u00e9 na ja\u0159e! Tato p\u0159\u00edjemn\u00e1 rodinn\u00e1 oblast ka\u017ed\u00fd rok p\u0159ipravuje pro sv\u00e9 hosty atraktivn\u00ed bal\u00ed\u010dky a akce, jako je nap\u0159\u00edklad obl\u00edben\u00fd \u201e<a href=\"https:\/\/www.wildkogel-arena.at\/cz\/wildkogel-arena-partner\/vybizime-vas-k-valciku-na-snehu\/\" target=\"_blank\" rel=\"noopener\">Sn\u011bhov\u00fd val\u010d\u00edk<\/a>\u201e.\u00a0<\/span><\/p>\n\n\t\t\t<div id=\"150629-1\" class=\"gallery gallery-150629 gallery-columns-3 gallery-size-1170_658\" itemscope itemtype=\"http:\/\/schema.org\/ImageGallery\">\n\t\t\t\t<ul class=\"gallery-row gallery-col-3 gallery-clear\">\n\t\t\t\t\t<li class=\"gallery-item col-3\" itemprop=\"associatedMedia\" itemscope itemtype=\"http:\/\/schema.org\/ImageObject\">\n\t\t\t\t\t\t<div class=\"gallery-icon landscape\"><a href=\"https:\/\/www.salzburgerland.com\/cs\/wp-content\/uploads\/2021\/12\/familie-skifahren-1-1200x675-1.jpg\" title=\"familie-skifahren-1-1200x675\"><img decoding=\"async\" data-title=\"Ide\u00e1ln\u00ed oblast pro rodinnou dovolenou \u00a9 Wildkogel-Arena Neukirchen &amp; Bramberg \" title=\"Ide\u00e1ln\u00ed oblast pro rodinnou dovolenou \u00a9 Wildkogel-Arena Neukirchen &amp; Bramberg \" data-caption=\"Ide\u00e1ln\u00ed oblast pro rodinnou dovolenou \u00a9 Wildkogel-Arena Neukirchen &amp; Bramberg \" width=\"1170\" height=\"658\" src=\"https:\/\/www.salzburgerland.com\/cs\/wp-content\/uploads\/2021\/12\/familie-skifahren-1-1200x675-1-1170x658.jpg\" class=\"attachment-1170_658 size-1170_658\" alt=\"Wildkogel-Arena Neukirchen &amp; Bramberg je obl\u00edbenou lokalitou pro zimn\u00ed dovolenou s d\u011btmi d\u00edky p\u0159ehledn\u00fdm a skv\u011ble upraven\u00fdm sjezdovk\u00e1m (Zv\u011bt\u0161en\u00fd pohled)\" srcset=\"https:\/\/www.salzburgerland.com\/cs\/wp-content\/uploads\/2021\/12\/familie-skifahren-1-1200x675-1-1170x658.jpg 1170w, https:\/\/www.salzburgerland.com\/cs\/wp-content\/uploads\/2021\/12\/familie-skifahren-1-1200x675-1-768x432.jpg 768w, https:\/\/www.salzburgerland.com\/cs\/wp-content\/uploads\/2021\/12\/familie-skifahren-1-1200x675-1.jpg 1200w\" sizes=\"(max-width: 1170px) 100vw, 1170px\" aria-describedby=\"figcaption-150629-154029\" itemprop=\"thumbnail\"><\/a><\/div>\n\t\t\t\t\t\t<span id=\"figcaption-150629-154029\" class=\"gallery-caption\" itemprop=\"caption\"><span aria-hidden=\"true\">Ide\u00e1ln\u00ed oblast pro rodinnou dovolenou \u00a9 Wildkogel-Arena Neukirchen &amp; Bramberg <\/span><\/span>\n\t\t\t\t\t<\/li>\n\t\t\t\t\t<li class=\"gallery-item col-3\" itemprop=\"associatedMedia\" itemscope itemtype=\"http:\/\/schema.org\/ImageObject\">\n\t\t\t\t\t\t<div class=\"gallery-icon landscape\"><a href=\"https:\/\/www.salzburgerland.com\/cs\/wp-content\/uploads\/2021\/12\/funslope-1200x675-1.jpg\" title=\"funslope-1200x675\"><img decoding=\"async\" data-title=\"Z\u00e1bavn\u00e1 sjezdovka pro d\u011bti \u00a9 Wildkogel-Arena Neukirchen &amp; Bramberg \" title=\"Z\u00e1bavn\u00e1 sjezdovka pro d\u011bti \u00a9 Wildkogel-Arena Neukirchen &amp; Bramberg \" data-caption=\"Z\u00e1bavn\u00e1 sjezdovka pro d\u011bti \u00a9 Wildkogel-Arena Neukirchen &amp; Bramberg \" width=\"1170\" height=\"658\" src=\"https:\/\/www.salzburgerland.com\/cs\/wp-content\/uploads\/2021\/12\/funslope-1200x675-1-1170x658.jpg\" class=\"attachment-1170_658 size-1170_658\" alt=\"Wildkogel-Arena Neukirchen &amp; Bramberg m\u00e1 pro d\u011bti p\u0159ipraven\u00e9 z\u00e1bavn\u00e9 sjezdovky s atrakcemi, kter\u00e9 zpest\u0159\u00ed ly\u017eov\u00e1n\u00ed (Zv\u011bt\u0161en\u00fd pohled)\" srcset=\"https:\/\/www.salzburgerland.com\/cs\/wp-content\/uploads\/2021\/12\/funslope-1200x675-1-1170x658.jpg 1170w, https:\/\/www.salzburgerland.com\/cs\/wp-content\/uploads\/2021\/12\/funslope-1200x675-1-768x432.jpg 768w, https:\/\/www.salzburgerland.com\/cs\/wp-content\/uploads\/2021\/12\/funslope-1200x675-1.jpg 1200w\" sizes=\"(max-width: 1170px) 100vw, 1170px\" aria-describedby=\"figcaption-150629-154030\" itemprop=\"thumbnail\"><\/a><\/div>\n\t\t\t\t\t\t<span id=\"figcaption-150629-154030\" class=\"gallery-caption\" itemprop=\"caption\"><span aria-hidden=\"true\">Z\u00e1bavn\u00e1 sjezdovka pro d\u011bti \u00a9 Wildkogel-Arena Neukirchen &amp; Bramberg <\/span><\/span>\n\t\t\t\t\t<\/li>\n\t\t\t\t\t<li class=\"gallery-item col-3\" itemprop=\"associatedMedia\" itemscope itemtype=\"http:\/\/schema.org\/ImageObject\">\n\t\t\t\t\t\t<div class=\"gallery-icon landscape\"><a href=\"https:\/\/www.salzburgerland.com\/cs\/wp-content\/uploads\/2021\/12\/wildkogel-arena_winter-kinderimschnee-1600x1067.jpg\" title=\"Wildkogel-Arena_Winter-KinderImSchnee\"><img decoding=\"async\" data-title=\"Radost ze sn\u011bhu ve Wildkogel-Aren\u011b Neukirchen &amp; Bramberg  \u00a9 Wildkogel-Arena Neukirchen &amp; Bramberg\" title=\"Radost ze sn\u011bhu ve Wildkogel-Aren\u011b Neukirchen &amp; Bramberg  \u00a9 Wildkogel-Arena Neukirchen &amp; Bramberg\" data-caption=\"Radost ze sn\u011bhu ve Wildkogel-Aren\u011b Neukirchen &amp; Bramberg  \u00a9 Wildkogel-Arena Neukirchen &amp; Bramberg\" width=\"1170\" height=\"658\" src=\"https:\/\/www.salzburgerland.com\/cs\/wp-content\/uploads\/2021\/12\/wildkogel-arena_winter-kinderimschnee-1170x658.jpg\" class=\"attachment-1170_658 size-1170_658\" alt=\"Wildkogel-Arena je speci\u00e1ln\u011b p\u0159ipravena na pobyty rodin s d\u011btmi, kter\u00fdm vych\u00e1z\u00ed vst\u0159\u00edc (Zv\u011bt\u0161en\u00fd pohled)\" srcset=\"https:\/\/www.salzburgerland.com\/cs\/wp-content\/uploads\/2021\/12\/wildkogel-arena_winter-kinderimschnee-1170x658.jpg 1170w, https:\/\/www.salzburgerland.com\/cs\/wp-content\/uploads\/2021\/12\/wildkogel-arena_winter-kinderimschnee-1200x675.jpg 1200w\" sizes=\"(max-width: 1170px) 100vw, 1170px\" aria-describedby=\"figcaption-150629-157834\" itemprop=\"thumbnail\"><\/a><\/div>\n\t\t\t\t\t\t<span id=\"figcaption-150629-157834\" class=\"gallery-caption\" itemprop=\"caption\"><span aria-hidden=\"true\">Radost ze sn\u011bhu ve Wildkogel-Aren\u011b Neukirchen &amp; Bramberg  \u00a9 Wildkogel-Arena Neukirchen &amp; Bramberg<\/span><\/span>\n\t\t\t\t\t<\/li>\n\t\t\t\t<\/ul>\n\t\t\t<\/div><!-- .gallery -->\n\n<h3><strong>Zimn\u00ed st\u0159edisko ohledupln\u00e9 k p\u0159\u00edrod\u011b<\/strong><\/h3>\n<p>D\u00edky nejmodern\u011bj\u0161\u00edm zasn\u011b\u017eovac\u00edm za\u0159\u00edzen\u00edm se m\u016f\u017eete v\u017edy spolehnout na <strong>b\u00edl\u00e9 sjezdovky<\/strong>. Sn\u00edh je zaru\u010den a kvalita sjezdovek je vynikaj\u00edc\u00ed po cel\u00e9 d\u00e9lce \u00fadol\u00ed <strong>od prosince a\u017e do Velikonoc<\/strong>. Po str\u00e1nce ekologie, je Wildkogel Arena pr\u016fkopn\u00edkem. Lanovky a vleky z\u00edsk\u00e1vaj\u00ed v\u011bt\u0161inu sv\u00e9 energie z obnoviteln\u00fdch zdroj\u016f, \u010d\u00e1ste\u010dn\u011b tak\u00e9 z fotovoltaick\u00fdch syst\u00e9m\u016f na provozn\u00edch budov\u00e1ch. Jako partner ClimateActive se Wildkogel Arena zam\u011b\u0159uje na mobilitu \u0161etrnou ke klimatu. \u201eVl\u00e1\u010dek\u201c <strong>eLINER<\/strong> voz\u00ed ly\u017ea\u0159e z konce sjezdovky v \u00fadol\u00ed Neukirchenu k \u00fadoln\u00ed stanici lanovky Wildkogelbahn.<\/p>\n<h3><strong>Rodinn\u00e1 dovolen\u00e1, kde se d\u011bti budou bavit<\/strong><\/h3>\n<p>Jak ur\u010dit\u011b v\u00edte, pro d\u011bti je na ly\u017ea\u0159sk\u00e9 dovolen\u00e9 d\u016fle\u017eit\u00e1 hlavn\u011b z\u00e1bava. A ta ve Wildkogel-Aren\u011b s maskoty <a href=\"https:\/\/www.wildkogel-arena.at\/cz\/lanovky\/lyzarske-stredisko\/kogel-mogel-detske-kluby\/\" target=\"_blank\" rel=\"noopener\"><strong>Kogel-Mogel <\/strong><\/a>a <strong>Kogel-Mia, ly\u017ea\u0159sk\u00fdmi koloto\u010di, kouzeln\u00fdmi koberci<\/strong> nebo vl\u00e1\u010dkem Kogel-Mogel Express, rozhodn\u011b nechyb\u00ed. Dokonce i ty nejmen\u0161\u00ed d\u011bti si u\u017eij\u00ed na ly\u017e\u00edch na \u201e<strong>trpasli\u010d\u00ed trati\u201c <\/strong>v <strong>d\u011btsk\u00fdch are\u00e1lech Kogel-Mogel <\/strong>u horn\u00edch stanic lanovek. Va\u0161e ratolesti mohou nav\u0161t\u011bvovat kurzy v ly\u017ea\u0159sk\u00fdch \u0161kol\u00e1ch ji\u017e od 3 let. Mnoho sjezdovek a z\u00e1bavn\u00fdch tras mohou d\u011bti zdol\u00e1vat se sv\u00fdmi vrstevn\u00edky i samostatn\u011b. Ly\u017ea\u0159sk\u00fd are\u00e1lWildkogel Arena se nach\u00e1z\u00ed v \u0161irok\u00e9 kotlin\u011b, tak\u017ee se mal\u00ed a velc\u00ed jen t\u011b\u017eko ztrat\u00ed z dohledu.<\/p>\n\n\t\t\t<div id=\"150629-2\" class=\"gallery gallery-150629 gallery-columns-3 gallery-size-1170_658\" itemscope itemtype=\"http:\/\/schema.org\/ImageGallery\">\n\t\t\t\t<ul class=\"gallery-row gallery-col-3 gallery-clear\">\n\t\t\t\t\t<li class=\"gallery-item col-3\" itemprop=\"associatedMedia\" itemscope itemtype=\"http:\/\/schema.org\/ImageObject\">\n\t\t\t\t\t\t<div class=\"gallery-icon landscape\"><a href=\"https:\/\/www.salzburgerland.com\/cs\/wp-content\/uploads\/2025\/12\/mg_0258-1920x0-1-1601x1067.jpg\" title=\"mg_0258.1920x0\"><img decoding=\"async\" data-title=\"Z\u00e1bava pro d\u011bti s maskotem Kogel-Mogel \u00a9 Wildkogel-Arena\" title=\"Z\u00e1bava pro d\u011bti s maskotem Kogel-Mogel \u00a9 Wildkogel-Arena\" data-caption=\"Z\u00e1bava pro d\u011bti s maskotem Kogel-Mogel \u00a9 Wildkogel-Arena\" width=\"1170\" height=\"658\" src=\"https:\/\/www.salzburgerland.com\/cs\/wp-content\/uploads\/2025\/12\/mg_0258-1920x0-1-1170x658.jpg\" class=\"attachment-1170_658 size-1170_658\" alt=\"Dva lid\u00e9 ve zv\u00ed\u0159ec\u00edch kost\u00fdmech a dva ly\u017ea\u0159i se dr\u017e\u00ed lana b\u011bhem z\u00e1vodu Sout\u011b\u017e Wildkogel-Arena Salzburgerland. (Zv\u011bt\u0161en\u00fd pohled)\" srcset=\"https:\/\/www.salzburgerland.com\/cs\/wp-content\/uploads\/2025\/12\/mg_0258-1920x0-1-1170x658.jpg 1170w, https:\/\/www.salzburgerland.com\/cs\/wp-content\/uploads\/2025\/12\/mg_0258-1920x0-1-1200x675.jpg 1200w\" sizes=\"(max-width: 1170px) 100vw, 1170px\" aria-describedby=\"figcaption-150629-163615\" itemprop=\"thumbnail\"><\/a><\/div>\n\t\t\t\t\t\t<span id=\"figcaption-150629-163615\" class=\"gallery-caption\" itemprop=\"caption\"><span aria-hidden=\"true\">Z\u00e1bava pro d\u011bti s maskotem Kogel-Mogel \u00a9 Wildkogel-Arena<\/span><\/span>\n\t\t\t\t\t<\/li>\n\t\t\t\t\t<li class=\"gallery-item col-3\" itemprop=\"associatedMedia\" itemscope itemtype=\"http:\/\/schema.org\/ImageObject\">\n\t\t\t\t\t\t<div class=\"gallery-icon landscape\"><a href=\"https:\/\/www.salzburgerland.com\/cs\/wp-content\/uploads\/2017\/05\/wildkogel-arena_2015_winter_0102-436.jpg\" title=\"Wildkogel Arena_2015_winter_0102-436\"><img decoding=\"async\" data-title=\"Oblasti Kogel-Mogel pro d\u011bti \u00a9 Wildkogel-Arena Neukirchen &amp; Bramberg\n\" title=\"Oblasti Kogel-Mogel pro d\u011bti \u00a9 Wildkogel-Arena Neukirchen &amp; Bramberg\n\" data-caption=\"Oblasti Kogel-Mogel pro d\u011bti \u00a9 Wildkogel-Arena Neukirchen &amp; Bramberg\n\" width=\"1170\" height=\"658\" src=\"https:\/\/www.salzburgerland.com\/cs\/wp-content\/uploads\/2017\/05\/wildkogel-arena_2015_winter_0102-436-1170x658.jpg\" class=\"attachment-1170_658 size-1170_658\" alt=\"Ly\u017ea\u0159i a d\u011bti si hraj\u00ed na zasn\u011b\u017een\u00e9 sjezdovce Wildkogel Arena Neukirchen Bramberg u d\u011btsk\u00e9ho h\u0159i\u0161t\u011b pod modrou oblohou. (Zv\u011bt\u0161en\u00fd pohled)\" srcset=\"https:\/\/www.salzburgerland.com\/cs\/wp-content\/uploads\/2017\/05\/wildkogel-arena_2015_winter_0102-436-1170x658.jpg 1170w, https:\/\/www.salzburgerland.com\/cs\/wp-content\/uploads\/2017\/05\/wildkogel-arena_2015_winter_0102-436-1200x675.jpg 1200w\" sizes=\"(max-width: 1170px) 100vw, 1170px\" aria-describedby=\"figcaption-150629-163625\" itemprop=\"thumbnail\"><\/a><\/div>\n\t\t\t\t\t\t<span id=\"figcaption-150629-163625\" class=\"gallery-caption\" itemprop=\"caption\"><span aria-hidden=\"true\">Oblasti Kogel-Mogel pro d\u011bti \u00a9 Wildkogel-Arena Neukirchen &amp; Bramberg\n<\/span><\/span>\n\t\t\t\t\t<\/li>\n\t\t\t\t\t<li class=\"gallery-item col-3\" itemprop=\"associatedMedia\" itemscope itemtype=\"http:\/\/schema.org\/ImageObject\">\n\t\t\t\t\t\t<div class=\"gallery-icon landscape\"><a href=\"https:\/\/www.salzburgerland.com\/cs\/wp-content\/uploads\/2017\/05\/wildkogel__27-01-2019__scenic__christian_riefenberg__qparks-13-1598x1067.jpg\" title=\"Wildkogel__27-01-2019__scenic__Christian_Riefenberg__QParks-13\"><img decoding=\"async\" data-title=\"Z\u00e1bavn\u00e9 sjezdovky \u00a9 Wildkogel-Arena Neukirchen &amp; Bramberg\n\n\" title=\"Z\u00e1bavn\u00e9 sjezdovky \u00a9 Wildkogel-Arena Neukirchen &amp; Bramberg\n\n\" data-caption=\"Z\u00e1bavn\u00e9 sjezdovky \u00a9 Wildkogel-Arena Neukirchen &amp; Bramberg\n\n\" width=\"1170\" height=\"658\" src=\"https:\/\/www.salzburgerland.com\/cs\/wp-content\/uploads\/2017\/05\/wildkogel__27-01-2019__scenic__christian_riefenberg__qparks-13-1170x658.jpg\" class=\"attachment-1170_658 size-1170_658\" alt=\"Zasn\u011b\u017een\u00fd ly\u017ea\u0159sk\u00fd ter\u00e9nn\u00ed park ve Wildkogel Aren\u011b Neukirchen Bramberg s rampami, skoky a ly\u017ea\u0159i pod jasnou oblohou. (Zv\u011bt\u0161en\u00fd pohled)\" srcset=\"https:\/\/www.salzburgerland.com\/cs\/wp-content\/uploads\/2017\/05\/wildkogel__27-01-2019__scenic__christian_riefenberg__qparks-13-1170x658.jpg 1170w, https:\/\/www.salzburgerland.com\/cs\/wp-content\/uploads\/2017\/05\/wildkogel__27-01-2019__scenic__christian_riefenberg__qparks-13-1200x675.jpg 1200w\" sizes=\"(max-width: 1170px) 100vw, 1170px\" aria-describedby=\"figcaption-150629-163624\" itemprop=\"thumbnail\"><\/a><\/div>\n\t\t\t\t\t\t<span id=\"figcaption-150629-163624\" class=\"gallery-caption\" itemprop=\"caption\"><span aria-hidden=\"true\">Z\u00e1bavn\u00e9 sjezdovky \u00a9 Wildkogel-Arena Neukirchen &amp; Bramberg\n\n<\/span><\/span>\n\t\t\t\t\t<\/li>\n\t\t\t\t<\/ul>\n\t\t\t<\/div><!-- .gallery -->\n\n<p>Star\u0161\u00ed d\u011bti se dostanou do skv\u011bl\u00e9 formy na sjezdovk\u00e1ch s <strong>profesion\u00e1ln\u00edmi ly\u017ea\u0159sk\u00fdmi instruktory <\/strong>b\u011bhem pouh\u00fdch t\u0159\u00ed dn\u016f. I po skon\u010den\u00ed kurzu mohou mal\u00ed ly\u017ea\u0159i pokra\u010dovat ve zdokonalov\u00e1n\u00ed techniky a dovednost\u00ed ve speci\u00e1ln\u00edch are\u00e1lech u horn\u00edch stanic lanovek <strong>Wildkogelbahn Neukirchen<\/strong> nebo <strong>Smaragdbahn Bramberg<\/strong>. Ide\u00e1ln\u00ed p\u0159\u00edle\u017eitost najdou nap\u0159\u00edklad ve <strong>Familyparku<\/strong> a na z\u00e1bavn\u00e9 sjezdovce. A kdy\u017e je pot\u0159eba \u201edob\u00edt baterky\u201c, vyhl\u00eddkov\u00e1 horsk\u00e1 <strong><a href=\"https:\/\/www.wildkogel-arena.at\/cz\/lanovky\/horska-restaurace-s-panorama-vyhlidkou\/\" target=\"_blank\" rel=\"noopener\">restaurace<\/a> zam\u011b\u0159en\u00e1 na d\u011bti <\/strong>nen\u00ed nikdy daleko.<\/p>\n<h3><strong>Familypark &amp; Funslope ve Wildkogel-Aren\u011b<\/strong><\/h3>\n<p>Skute\u010dn\u00e1 rodinn\u00e1 z\u00e1bava \u010dek\u00e1 ve\u00a0<a href=\"https:\/\/www.wildkogel-arena.at\/cz\/lanovky\/lyzarske-stredisko\/funslope-familypark\/\" target=\"_blank\" rel=\"noopener\"><strong>Familyparku<\/strong><\/a>.\u00a0Vlny, zat\u00e1\u010dky, p\u0159ek\u00e1\u017eky, ob\u0159\u00ed sn\u011bhov\u00fd \u0161nek a z\u00e1bavn\u00e1 sjezdovka \u2013 <strong>funslope<\/strong>\u00a0zaru\u010duj\u00ed skv\u011bl\u00e9 z\u00e1\u017eitky z j\u00edzdy pro za\u010d\u00e1te\u010dn\u00edky i pokro\u010dilej\u0161\u00ed jezdce.\u00a0Familypark je snowpark ide\u00e1ln\u00ed pro za\u010d\u00e1te\u010dn\u00edky, kde si budouc\u00ed freestylist\u00e9 a snowboardist\u00e9 mohou vyzkou\u0161et spoustu trik\u016f.<\/p>\n\n\t\t\t<div id=\"150629-3\" class=\"gallery gallery-150629 gallery-columns-3 gallery-size-1170_658\" itemscope itemtype=\"http:\/\/schema.org\/ImageGallery\">\n\t\t\t\t<ul class=\"gallery-row gallery-col-3 gallery-clear\">\n\t\t\t\t\t<li class=\"gallery-item col-3\" itemprop=\"associatedMedia\" itemscope itemtype=\"http:\/\/schema.org\/ImageObject\">\n\t\t\t\t\t\t<div class=\"gallery-icon landscape\"><a href=\"https:\/\/www.salzburgerland.com\/cs\/wp-content\/uploads\/2021\/12\/wildkogel-arena_winter-familypark-2-1-1600x1067.jpg\" title=\"Wildkogel-Arena_Winter-Familypark (2)\"><img decoding=\"async\" data-title=\"D\u011bti bude Familypark bavit \u00a9 Wildkogel-Arena Neukirchen &amp; Bramberg\" title=\"D\u011bti bude Familypark bavit \u00a9 Wildkogel-Arena Neukirchen &amp; Bramberg\" data-caption=\"D\u011bti bude Familypark bavit \u00a9 Wildkogel-Arena Neukirchen &amp; Bramberg\" width=\"1170\" height=\"658\" src=\"https:\/\/www.salzburgerland.com\/cs\/wp-content\/uploads\/2021\/12\/wildkogel-arena_winter-familypark-2-1-1170x658.jpg\" class=\"attachment-1170_658 size-1170_658\" alt=\"D\u011bti tr\u00e9nuj\u00ed v rodinn\u00e9m ly\u017ea\u0159sk\u00e9m are\u00e1lu Familypark ve Wildkogel-Aren\u011b (Zv\u011bt\u0161en\u00fd pohled)\" srcset=\"https:\/\/www.salzburgerland.com\/cs\/wp-content\/uploads\/2021\/12\/wildkogel-arena_winter-familypark-2-1-1170x658.jpg 1170w, https:\/\/www.salzburgerland.com\/cs\/wp-content\/uploads\/2021\/12\/wildkogel-arena_winter-familypark-2-1-1200x675.jpg 1200w\" sizes=\"(max-width: 1170px) 100vw, 1170px\" aria-describedby=\"figcaption-150629-157844\" itemprop=\"thumbnail\"><\/a><\/div>\n\t\t\t\t\t\t<span id=\"figcaption-150629-157844\" class=\"gallery-caption\" itemprop=\"caption\"><span aria-hidden=\"true\">D\u011bti bude Familypark bavit \u00a9 Wildkogel-Arena Neukirchen &amp; Bramberg<\/span><\/span>\n\t\t\t\t\t<\/li>\n\t\t\t\t\t<li class=\"gallery-item col-3\" itemprop=\"associatedMedia\" itemscope itemtype=\"http:\/\/schema.org\/ImageObject\">\n\t\t\t\t\t\t<div class=\"gallery-icon landscape\"><a href=\"https:\/\/www.salzburgerland.com\/cs\/wp-content\/uploads\/2021\/12\/wildkogel-arena_winter-skifahren-kinder-1836x1067.jpg\" title=\"Wildkogel-Arena_Winter-Skifahren-Kinder\"><img decoding=\"async\" data-title=\"Va\u0161e ratolesti se mohou nau\u010dit snadno a rychle ly\u017eovat \u00a9 Wildkogel-Arena Neukirchen &amp; Bramberg\" title=\"Va\u0161e ratolesti se mohou nau\u010dit snadno a rychle ly\u017eovat \u00a9 Wildkogel-Arena Neukirchen &amp; Bramberg\" data-caption=\"Va\u0161e ratolesti se mohou nau\u010dit snadno a rychle ly\u017eovat \u00a9 Wildkogel-Arena Neukirchen &amp; Bramberg\" width=\"1170\" height=\"658\" src=\"https:\/\/www.salzburgerland.com\/cs\/wp-content\/uploads\/2021\/12\/wildkogel-arena_winter-skifahren-kinder-1170x658.jpg\" class=\"attachment-1170_658 size-1170_658\" alt=\"D\u00edky ly\u017ea\u0159sk\u00fdm kurz\u016fm a speci\u00e1ln\u00edm are\u00e1l\u016fm zam\u011b\u0159en\u00fdm na d\u011bti se nejmlad\u0161\u00ed ly\u017ea\u0159i skv\u011ble zdokonal\u00ed (Zv\u011bt\u0161en\u00fd pohled)\" srcset=\"https:\/\/www.salzburgerland.com\/cs\/wp-content\/uploads\/2021\/12\/wildkogel-arena_winter-skifahren-kinder-1170x658.jpg 1170w, https:\/\/www.salzburgerland.com\/cs\/wp-content\/uploads\/2021\/12\/wildkogel-arena_winter-skifahren-kinder-1200x675.jpg 1200w\" sizes=\"(max-width: 1170px) 100vw, 1170px\" aria-describedby=\"figcaption-150629-157845\" itemprop=\"thumbnail\"><\/a><\/div>\n\t\t\t\t\t\t<span id=\"figcaption-150629-157845\" class=\"gallery-caption\" itemprop=\"caption\"><span aria-hidden=\"true\">Va\u0161e ratolesti se mohou nau\u010dit snadno a rychle ly\u017eovat \u00a9 Wildkogel-Arena Neukirchen &amp; Bramberg<\/span><\/span>\n\t\t\t\t\t<\/li>\n\t\t\t\t\t<li class=\"gallery-item col-3\" itemprop=\"associatedMedia\" itemscope itemtype=\"http:\/\/schema.org\/ImageObject\">\n\t\t\t\t\t\t<div class=\"gallery-icon landscape\"><a href=\"https:\/\/www.salzburgerland.com\/cs\/wp-content\/uploads\/2021\/12\/wildkogel-arena_winter-einkehr-1-1600x1067.jpg\" title=\"Wildkogel-Arena_Winter-Einkehr\"><img decoding=\"async\" data-title=\"Ve vyhl\u00eddkov\u00e9 restauraci si na sv\u00e9 p\u0159ijdou i d\u011bti \u00a9 Wildkogel-Arena Neukirchen &amp; Bramberg\" title=\"Ve vyhl\u00eddkov\u00e9 restauraci si na sv\u00e9 p\u0159ijdou i d\u011bti \u00a9 Wildkogel-Arena Neukirchen &amp; Bramberg\" data-caption=\"Ve vyhl\u00eddkov\u00e9 restauraci si na sv\u00e9 p\u0159ijdou i d\u011bti \u00a9 Wildkogel-Arena Neukirchen &amp; Bramberg\" width=\"1170\" height=\"658\" src=\"https:\/\/www.salzburgerland.com\/cs\/wp-content\/uploads\/2021\/12\/wildkogel-arena_winter-einkehr-1-1170x658.jpg\" class=\"attachment-1170_658 size-1170_658\" alt=\"Rodinn\u00fd ob\u011bd na terase vyhl\u00eddkov\u00e9 restaurace ve Wildkogel-Aren\u011b (Zv\u011bt\u0161en\u00fd pohled)\" srcset=\"https:\/\/www.salzburgerland.com\/cs\/wp-content\/uploads\/2021\/12\/wildkogel-arena_winter-einkehr-1-1170x658.jpg 1170w, https:\/\/www.salzburgerland.com\/cs\/wp-content\/uploads\/2021\/12\/wildkogel-arena_winter-einkehr-1-1200x675.jpg 1200w\" sizes=\"(max-width: 1170px) 100vw, 1170px\" aria-describedby=\"figcaption-150629-157843\" itemprop=\"thumbnail\"><\/a><\/div>\n\t\t\t\t\t\t<span id=\"figcaption-150629-157843\" class=\"gallery-caption\" itemprop=\"caption\"><span aria-hidden=\"true\">Ve vyhl\u00eddkov\u00e9 restauraci si na sv\u00e9 p\u0159ijdou i d\u011bti \u00a9 Wildkogel-Arena Neukirchen &amp; Bramberg<\/span><\/span>\n\t\t\t\t\t<\/li>\n\t\t\t\t<\/ul>\n\t\t\t<\/div><!-- .gallery -->\n\n<h3><strong>Skimovie a Speedcheck ve Wildkogel Aren\u011b<\/strong><\/h3>\n<p>Chcete se p\u0159i ly\u017eov\u00e1n\u00ed nechat nat\u00e1\u010det speci\u00e1ln\u00ed videokamerou a neust\u00e1le zlep\u0161ovat sv\u00e9 \u010dasy na z\u00e1vodn\u00ed trati? Pak vyzkou\u0161ejte <strong><a href=\"https:\/\/www.wildkogel-arena.at\/cz\/lanovky\/lyzarske-stredisko\/skimovie\/\" target=\"_blank\" rel=\"noopener\">Skimovie<\/a><\/strong>, kter\u00fd za\u010d\u00edn\u00e1 v Gasthofu Wolkenstein. U startu naskenujte sv\u016fj platn\u00fd skipas a m\u016f\u017eete vyrazit! Pot\u00e9 m\u016f\u017eete z\u00e1znam sledovat na sv\u00e9m osobn\u00edm \u00fa\u010dtu v bezplatn\u00e9 aplikaci Skiline, v \u00fatuln\u00e9m prost\u0159ed\u00ed koutku horsk\u00e9 restaurace nebo p\u0159\u00edmo u horn\u00ed stanice lanovky Wildkogelbahn. Tam se na velk\u00e9 obrazovce prom\u00edtaj\u00ed v\u0161echna videa z dan\u00e9ho dne.<\/p>\n<p>\u00a0<\/p>\n<h3>Zimn\u00ed s\u00e1\u0148ka\u0159sk\u00e1 dr\u00e1ha, kterou si u\u017eije cel\u00e1 rodina<\/h3>\n<p>Z\u00a0horn\u00ed stanice vede zcela v\u00fdjime\u010dn\u00e1 atrakce. Dostala se dokonce do<span>\u00a0<\/span><strong>Guinnessovy knihy<\/strong>\u00a0rekord\u016f<strong>\u2122<\/strong>. Jedn\u00e1 se o 14kilometrovou,<span>\u00a0<\/span><strong>nejdel\u0161\u00ed<\/strong><span>\u00a0<\/span><strong><span id=\"urn:local-text-annotation-ie5fw8pulcfiaq9j400iu7m0yatt9dh4\" class=\"textannotation disambiguated wl-thing\" itemid=\"http:\/\/open.salzburgerland.com\/cs\/entity\/osvetlenou_sankarskou_drahu\">osv\u011btlenou s\u00e1\u0148ka\u0159skou <a href=\"https:\/\/www.wildkogel-arena.at\/cz\/lanovky\/sankovani\/\" target=\"_blank\" rel=\"noopener\">dr\u00e1hu<\/a><\/span><\/strong>\u00a0na sv\u011bt\u011b, kde se p\u0159i j\u00edzd\u011b do \u00fadol\u00ed p\u0159ekon\u00e1v\u00e1 1300 v\u00fd\u0161kov\u00fdch metr\u016f. Tra\u0165 je osv\u011btlen\u00e1 ka\u017ed\u00fd den do 22 hodin. S\u00e1\u0148ka\u0159i se dostanou na start ve Wildkogelu lanovkou. Ta jezd\u00ed do 16.15. V p\u00e1tek vyr\u00e1\u017e\u00ed nahoru Smaragdbahn v Brambergu, a to dokonce a\u017e do 18.30.<\/p>\n<div id=\"attachment_157837\" style=\"width: 1180px\" class=\"wp-caption alignnone\"><img decoding=\"async\" aria-describedby=\"caption-attachment-157837\" class=\"size-1170_658 wp-image-157837\" src=\"https:\/\/www.salzburgerland.com\/cs\/wp-content\/uploads\/2021\/12\/wildkogel-arena_winter-rodeln-1170x658.jpg\" alt=\"D\u011bti uh\u00e1n\u00ed na san\u00edch ve Wildkogel-Aren\u011b z kopce dol\u016f\" width=\"1170\" height=\"658\" srcset=\"https:\/\/www.salzburgerland.com\/cs\/wp-content\/uploads\/2021\/12\/wildkogel-arena_winter-rodeln-1170x658.jpg 1170w, https:\/\/www.salzburgerland.com\/cs\/wp-content\/uploads\/2021\/12\/wildkogel-arena_winter-rodeln-1200x675.jpg 1200w\" sizes=\"(max-width: 1170px) 100vw, 1170px\"><p id=\"caption-attachment-157837\" class=\"wp-caption-text\">Dlouh\u00e1 s\u00e1\u0148ka\u0159sk\u00e1 dr\u00e1ha, to je maxim\u00e1ln\u00ed z\u00e1bava \u00a9 Wildkogel-Arena Neukirchen &amp; Bramberg<\/p><\/div>\n<div id=\"attachment_146271\" class=\"wp-caption alignnone\">\n<p>\u0160\u0165astn\u00e1 a zdrav\u00e1 rodina je (nejen) na dovolen\u00e9 to nejd\u016fle\u017eit\u011bj\u0161\u00ed. Myslete pros\u00edm na bezpe\u010dnost sebe i sv\u00fdch nejbli\u017e\u0161\u00edch. Bu\u010fte opatrn\u00ed a dodr\u017eujte pravidla p\u0159i zimn\u00edch sportech i p\u0159i pohybu v alpsk\u00e9m ter\u00e9nu. P\u0159e\u010dt\u011bte si p\u00e1r <a href=\"https:\/\/www.salzburgerland.com\/cs\/bezpecnost-v-alpach-v-zime\/\" target=\"_blank\" rel=\"noopener\">informac\u00ed <\/a>je\u0161t\u011b p\u0159ed odjezdem.<\/p>\n<\/div>\n","protected":false},"excerpt":{"rendered":"<p>Wildkogel-Arena Neukirchen &amp; Bramberg je ide\u00e1ln\u00ed pro zimn\u00ed rodinnou dovolenou s d\u011btmi a za\u010d\u00ednaj\u00edc\u00ed ly\u017ea\u0159e. Nab\u00edz\u00ed\u00a0zaj\u00edmavou zimn\u00ed turistickou trasu,\u00a0nejdel\u0161\u00ed s\u00e1\u0148ka\u0159skou dr\u00e1hu\u00a0na sv\u011bt\u011b, zaj\u00edmav\u00e9 atrakce nebo ly\u017ea\u0159sk\u00e9 kurzy\u00a0pro d\u011bti ji\u017e od t\u0159\u00ed let. V\u00edce ne\u017e dv\u011b t\u0159etiny ze v\u0161ech\u00a075 km skv\u011ble upraven\u00fdch sjezdovek jsou n\u00edzk\u00e9 a st\u0159edn\u00ed obt\u00ed\u017enosti. P\u0159esn\u011bji\u00a085% sjezdovek je modr\u00fdch a \u010derven\u00fdch.\u00a0Zb\u00fdvaj\u00edc\u00edch\u00a015 % jsou [&hellip;]<\/p>\n","protected":false},"author":6,"featured_media":163649,"comment_status":"closed","ping_status":"closed","sticky":false,"template":"","format":"standard","meta":{"_acf_changed":false,"wl_entities_gutenberg":"","_relevanssi_hide_post":"","_relevanssi_hide_content":"","_relevanssi_pin_for_all":"","_relevanssi_pin_keywords":"","_relevanssi_unpin_keywords":"","_relevanssi_related_keywords":"","_relevanssi_related_include_ids":"","_relevanssi_related_exclude_ids":"","_relevanssi_related_no_append":"","_relevanssi_related_not_related":"","_relevanssi_related_posts":"","_relevanssi_noindex_reason":"","footnotes":""},"categories":[1],"tags":[],"wl_entity_type":[706],"class_list":["post-150629","post","type-post","status-publish","format-standard","has-post-thumbnail","hentry","category-uncategorized","wl_entity_type-article"],"acf":[],"yoast_head":"<!-- This site is optimized with the Yoast SEO Premium plugin v27.4 (Yoast SEO v27.4) - https:\/\/yoast.com\/product\/yoast-seo-premium-wordpress\/ -->\n<title>Zimn\u00ed rodinn\u00e1 dovolen\u00e1 ve Wildkogel-Aren\u011b Neukirchen &amp; Bramberg \u00bb SalzburgerLand.com<\/title>\n<meta name=\"robots\" content=\"index, follow, max-snippet:-1, max-image-preview:large, max-video-preview:-1\" \/>\n<link rel=\"canonical\" href=\"https:\/\/www.salzburgerland.com\/cs\/wildkogel-arena-zimni-rodinna-dovolena\/\" \/>\n<meta property=\"og:locale\" content=\"cs_CZ\" \/>\n<meta property=\"og:type\" content=\"article\" \/>\n<meta property=\"og:title\" content=\"Zimn\u00ed rodinn\u00e1 dovolen\u00e1 ve Wildkogel-Aren\u011b Neukirchen &amp; Bramberg\" \/>\n<meta property=\"og:description\" content=\"Wildkogel-Arena Neukirchen &amp; Bramberg je ide\u00e1ln\u00ed pro zimn\u00ed rodinnou dovolenou s d\u011btmi a za\u010d\u00ednaj\u00edc\u00ed ly\u017ea\u0159e. Nab\u00edz\u00ed\u00a0zaj\u00edmavou zimn\u00ed turistickou\" \/>\n<meta property=\"og:url\" content=\"https:\/\/www.salzburgerland.com\/cs\/wildkogel-arena-zimni-rodinna-dovolena\/\" \/>\n<meta property=\"og:site_name\" content=\"SalzburgerLand.com\" \/>\n<meta property=\"article:publisher\" content=\"https:\/\/www.facebook.com\/visitsalzburgerland\/\" \/>\n<meta property=\"article:published_time\" content=\"2021-12-07T17:08:46+00:00\" \/>\n<meta property=\"article:modified_time\" content=\"2026-01-08T19:57:25+00:00\" \/>\n<meta property=\"og:image\" content=\"https:\/\/www.salzburgerland.com\/cs\/wp-content\/uploads\/2021\/12\/dsc04297-1920x0-1-1200x675.jpg\" \/>\n\t<meta property=\"og:image:width\" content=\"1200\" \/>\n\t<meta property=\"og:image:height\" content=\"675\" \/>\n\t<meta property=\"og:image:type\" content=\"image\/jpeg\" \/>\n<meta name=\"author\" content=\"Andrea \u017d\u00e1\u010dkov\u00e1\" \/>\n<meta name=\"twitter:card\" content=\"summary_large_image\" \/>\n<meta name=\"twitter:creator\" content=\"@salzburgerland\" \/>\n<meta name=\"twitter:site\" content=\"@salzburgerland\" \/>\n<meta name=\"twitter:label1\" content=\"Napsal(a)\" \/>\n\t<meta name=\"twitter:data1\" content=\"Andrea \u017d\u00e1\u010dkov\u00e1\" \/>\n\t<meta name=\"twitter:label2\" content=\"Odhadovan\u00e1 doba \u010dten\u00ed\" \/>\n\t<meta name=\"twitter:data2\" content=\"5 minut\" \/>\n<script type=\"application\/ld+json\" class=\"yoast-schema-graph\">{\"@context\":\"https:\\\/\\\/schema.org\",\"@graph\":[{\"@type\":\"Article\",\"@id\":\"https:\\\/\\\/www.salzburgerland.com\\\/cs\\\/wildkogel-arena-zimni-rodinna-dovolena\\\/#article\",\"isPartOf\":{\"@id\":\"https:\\\/\\\/www.salzburgerland.com\\\/cs\\\/wildkogel-arena-zimni-rodinna-dovolena\\\/\"},\"author\":{\"name\":\"Andrea \u017d\u00e1\u010dkov\u00e1\",\"@id\":\"https:\\\/\\\/www.salzburgerland.com\\\/cs\\\/#\\\/schema\\\/person\\\/dd42a4661897004df109095dbf40eeff\"},\"headline\":\"Zimn\u00ed rodinn\u00e1 dovolen\u00e1 ve Wildkogel-Aren\u011b Neukirchen &#038; Bramberg\",\"datePublished\":\"2021-12-07T17:08:46+00:00\",\"dateModified\":\"2026-01-08T19:57:25+00:00\",\"mainEntityOfPage\":{\"@id\":\"https:\\\/\\\/www.salzburgerland.com\\\/cs\\\/wildkogel-arena-zimni-rodinna-dovolena\\\/\"},\"wordCount\":888,\"image\":{\"@id\":\"https:\\\/\\\/www.salzburgerland.com\\\/cs\\\/wildkogel-arena-zimni-rodinna-dovolena\\\/#primaryimage\"},\"thumbnailUrl\":\"https:\\\/\\\/www.salzburgerland.com\\\/cs\\\/wp-content\\\/uploads\\\/2021\\\/12\\\/dsc04297-1920x0-1.jpg\",\"articleSection\":[\"Uncategorized\"],\"inLanguage\":\"cs\"},{\"@type\":\"WebPage\",\"@id\":\"https:\\\/\\\/www.salzburgerland.com\\\/cs\\\/wildkogel-arena-zimni-rodinna-dovolena\\\/\",\"url\":\"https:\\\/\\\/www.salzburgerland.com\\\/cs\\\/wildkogel-arena-zimni-rodinna-dovolena\\\/\",\"name\":\"Zimn\u00ed rodinn\u00e1 dovolen\u00e1 ve Wildkogel-Aren\u011b Neukirchen & Bramberg \u00bb SalzburgerLand.com\",\"isPartOf\":{\"@id\":\"https:\\\/\\\/www.salzburgerland.com\\\/cs\\\/#website\"},\"primaryImageOfPage\":{\"@id\":\"https:\\\/\\\/www.salzburgerland.com\\\/cs\\\/wildkogel-arena-zimni-rodinna-dovolena\\\/#primaryimage\"},\"image\":{\"@id\":\"https:\\\/\\\/www.salzburgerland.com\\\/cs\\\/wildkogel-arena-zimni-rodinna-dovolena\\\/#primaryimage\"},\"thumbnailUrl\":\"https:\\\/\\\/www.salzburgerland.com\\\/cs\\\/wp-content\\\/uploads\\\/2021\\\/12\\\/dsc04297-1920x0-1.jpg\",\"datePublished\":\"2021-12-07T17:08:46+00:00\",\"dateModified\":\"2026-01-08T19:57:25+00:00\",\"author\":{\"@id\":\"https:\\\/\\\/www.salzburgerland.com\\\/cs\\\/#\\\/schema\\\/person\\\/dd42a4661897004df109095dbf40eeff\"},\"description\":\"Ide\u00e1ln\u00ed pro zimn\u00ed rodinnou dovolenou s d\u011btmi a za\u010d\u00ednaj\u00edc\u00ed ly\u017ea\u0159e. Jako bonus nejdel\u0161\u00ed osv\u011btlen\u00e1 s\u00e1\u0148ka\u0159sk\u00e1 dr\u00e1ha sv\u011bta!\",\"breadcrumb\":{\"@id\":\"https:\\\/\\\/www.salzburgerland.com\\\/cs\\\/wildkogel-arena-zimni-rodinna-dovolena\\\/#breadcrumb\"},\"inLanguage\":\"cs\",\"potentialAction\":[{\"@type\":\"ReadAction\",\"target\":[\"https:\\\/\\\/www.salzburgerland.com\\\/cs\\\/wildkogel-arena-zimni-rodinna-dovolena\\\/\"]}]},{\"@type\":\"ImageObject\",\"inLanguage\":\"cs\",\"@id\":\"https:\\\/\\\/www.salzburgerland.com\\\/cs\\\/wildkogel-arena-zimni-rodinna-dovolena\\\/#primaryimage\",\"url\":\"https:\\\/\\\/www.salzburgerland.com\\\/cs\\\/wp-content\\\/uploads\\\/2021\\\/12\\\/dsc04297-1920x0-1.jpg\",\"contentUrl\":\"https:\\\/\\\/www.salzburgerland.com\\\/cs\\\/wp-content\\\/uploads\\\/2021\\\/12\\\/dsc04297-1920x0-1.jpg\",\"width\":1920,\"height\":1277,\"caption\":\"Zimn\u00ed rodinn\u00e1 dovolen\u00e1 \u00a9 Wildkogel-Arena Neukirchen & Bramberg\"},{\"@type\":\"BreadcrumbList\",\"@id\":\"https:\\\/\\\/www.salzburgerland.com\\\/cs\\\/wildkogel-arena-zimni-rodinna-dovolena\\\/#breadcrumb\",\"itemListElement\":[{\"@type\":\"ListItem\",\"position\":1,\"name\":\"Wildkogel-Arena Neukirchen & Bramberg v zim\u011b\",\"item\":\"https:\\\/\\\/www.salzburgerland.com\\\/cs\\\/wildkogel-arena-v-zime\\\/\"},{\"@type\":\"ListItem\",\"position\":2,\"name\":\"Zimn\u00ed rodinn\u00e1 dovolen\u00e1 ve Wildkogel-Aren\u011b Neukirchen &#038; Bramberg\"}]},{\"@type\":\"WebSite\",\"@id\":\"https:\\\/\\\/www.salzburgerland.com\\\/cs\\\/#website\",\"url\":\"https:\\\/\\\/www.salzburgerland.com\\\/cs\\\/\",\"name\":\"SalzburgerLand.com\",\"description\":\"Va\u0161e dovolen\u00e1 v Salcburku, Rakousko\",\"potentialAction\":[{\"@type\":\"SearchAction\",\"target\":{\"@type\":\"EntryPoint\",\"urlTemplate\":\"https:\\\/\\\/www.salzburgerland.com\\\/cs\\\/?s={search_term_string}\"},\"query-input\":{\"@type\":\"PropertyValueSpecification\",\"valueRequired\":true,\"valueName\":\"search_term_string\"}}],\"inLanguage\":\"cs\"},{\"@type\":\"Person\",\"@id\":\"https:\\\/\\\/www.salzburgerland.com\\\/cs\\\/#\\\/schema\\\/person\\\/dd42a4661897004df109095dbf40eeff\",\"name\":\"Andrea \u017d\u00e1\u010dkov\u00e1\",\"image\":{\"@type\":\"ImageObject\",\"inLanguage\":\"cs\",\"@id\":\"https:\\\/\\\/secure.gravatar.com\\\/avatar\\\/338deec8d231d56d0ab7b2b7d6d0aedbcb3eb05390f6c027fd5b7ebe87b67dbf?s=96&d=mm&r=g\",\"url\":\"https:\\\/\\\/secure.gravatar.com\\\/avatar\\\/338deec8d231d56d0ab7b2b7d6d0aedbcb3eb05390f6c027fd5b7ebe87b67dbf?s=96&d=mm&r=g\",\"contentUrl\":\"https:\\\/\\\/secure.gravatar.com\\\/avatar\\\/338deec8d231d56d0ab7b2b7d6d0aedbcb3eb05390f6c027fd5b7ebe87b67dbf?s=96&d=mm&r=g\",\"caption\":\"Andrea \u017d\u00e1\u010dkov\u00e1\"}}]}<\/script>\n<!-- \/ Yoast SEO Premium plugin. -->","yoast_head_json":{"title":"Zimn\u00ed rodinn\u00e1 dovolen\u00e1 ve Wildkogel-Aren\u011b Neukirchen & Bramberg \u00bb SalzburgerLand.com","robots":{"index":"index","follow":"follow","max-snippet":"max-snippet:-1","max-image-preview":"max-image-preview:large","max-video-preview":"max-video-preview:-1"},"canonical":"https:\/\/www.salzburgerland.com\/cs\/wildkogel-arena-zimni-rodinna-dovolena\/","og_locale":"cs_CZ","og_type":"article","og_title":"Zimn\u00ed rodinn\u00e1 dovolen\u00e1 ve Wildkogel-Aren\u011b Neukirchen & Bramberg","og_description":"Wildkogel-Arena Neukirchen &amp; Bramberg je ide\u00e1ln\u00ed pro zimn\u00ed rodinnou dovolenou s d\u011btmi a za\u010d\u00ednaj\u00edc\u00ed ly\u017ea\u0159e. Nab\u00edz\u00ed\u00a0zaj\u00edmavou zimn\u00ed turistickou","og_url":"https:\/\/www.salzburgerland.com\/cs\/wildkogel-arena-zimni-rodinna-dovolena\/","og_site_name":"SalzburgerLand.com","article_publisher":"https:\/\/www.facebook.com\/visitsalzburgerland\/","article_published_time":"2021-12-07T17:08:46+00:00","article_modified_time":"2026-01-08T19:57:25+00:00","og_image":[{"width":1200,"height":675,"url":"https:\/\/www.salzburgerland.com\/cs\/wp-content\/uploads\/2021\/12\/dsc04297-1920x0-1-1200x675.jpg","type":"image\/jpeg"}],"author":"Andrea \u017d\u00e1\u010dkov\u00e1","twitter_card":"summary_large_image","twitter_creator":"@salzburgerland","twitter_site":"@salzburgerland","twitter_misc":{"Napsal(a)":"Andrea \u017d\u00e1\u010dkov\u00e1","Odhadovan\u00e1 doba \u010dten\u00ed":"5 minut"},"schema":{"@context":"https:\/\/schema.org","@graph":[{"@type":"Article","@id":"https:\/\/www.salzburgerland.com\/cs\/wildkogel-arena-zimni-rodinna-dovolena\/#article","isPartOf":{"@id":"https:\/\/www.salzburgerland.com\/cs\/wildkogel-arena-zimni-rodinna-dovolena\/"},"author":{"name":"Andrea \u017d\u00e1\u010dkov\u00e1","@id":"https:\/\/www.salzburgerland.com\/cs\/#\/schema\/person\/dd42a4661897004df109095dbf40eeff"},"headline":"Zimn\u00ed rodinn\u00e1 dovolen\u00e1 ve Wildkogel-Aren\u011b Neukirchen &#038; Bramberg","datePublished":"2021-12-07T17:08:46+00:00","dateModified":"2026-01-08T19:57:25+00:00","mainEntityOfPage":{"@id":"https:\/\/www.salzburgerland.com\/cs\/wildkogel-arena-zimni-rodinna-dovolena\/"},"wordCount":888,"image":{"@id":"https:\/\/www.salzburgerland.com\/cs\/wildkogel-arena-zimni-rodinna-dovolena\/#primaryimage"},"thumbnailUrl":"https:\/\/www.salzburgerland.com\/cs\/wp-content\/uploads\/2021\/12\/dsc04297-1920x0-1.jpg","articleSection":["Uncategorized"],"inLanguage":"cs"},{"@type":"WebPage","@id":"https:\/\/www.salzburgerland.com\/cs\/wildkogel-arena-zimni-rodinna-dovolena\/","url":"https:\/\/www.salzburgerland.com\/cs\/wildkogel-arena-zimni-rodinna-dovolena\/","name":"Zimn\u00ed rodinn\u00e1 dovolen\u00e1 ve Wildkogel-Aren\u011b Neukirchen & Bramberg \u00bb SalzburgerLand.com","isPartOf":{"@id":"https:\/\/www.salzburgerland.com\/cs\/#website"},"primaryImageOfPage":{"@id":"https:\/\/www.salzburgerland.com\/cs\/wildkogel-arena-zimni-rodinna-dovolena\/#primaryimage"},"image":{"@id":"https:\/\/www.salzburgerland.com\/cs\/wildkogel-arena-zimni-rodinna-dovolena\/#primaryimage"},"thumbnailUrl":"https:\/\/www.salzburgerland.com\/cs\/wp-content\/uploads\/2021\/12\/dsc04297-1920x0-1.jpg","datePublished":"2021-12-07T17:08:46+00:00","dateModified":"2026-01-08T19:57:25+00:00","author":{"@id":"https:\/\/www.salzburgerland.com\/cs\/#\/schema\/person\/dd42a4661897004df109095dbf40eeff"},"description":"Ide\u00e1ln\u00ed pro zimn\u00ed rodinnou dovolenou s d\u011btmi a za\u010d\u00ednaj\u00edc\u00ed ly\u017ea\u0159e. Jako bonus nejdel\u0161\u00ed osv\u011btlen\u00e1 s\u00e1\u0148ka\u0159sk\u00e1 dr\u00e1ha sv\u011bta!","breadcrumb":{"@id":"https:\/\/www.salzburgerland.com\/cs\/wildkogel-arena-zimni-rodinna-dovolena\/#breadcrumb"},"inLanguage":"cs","potentialAction":[{"@type":"ReadAction","target":["https:\/\/www.salzburgerland.com\/cs\/wildkogel-arena-zimni-rodinna-dovolena\/"]}]},{"@type":"ImageObject","inLanguage":"cs","@id":"https:\/\/www.salzburgerland.com\/cs\/wildkogel-arena-zimni-rodinna-dovolena\/#primaryimage","url":"https:\/\/www.salzburgerland.com\/cs\/wp-content\/uploads\/2021\/12\/dsc04297-1920x0-1.jpg","contentUrl":"https:\/\/www.salzburgerland.com\/cs\/wp-content\/uploads\/2021\/12\/dsc04297-1920x0-1.jpg","width":1920,"height":1277,"caption":"Zimn\u00ed rodinn\u00e1 dovolen\u00e1 \u00a9 Wildkogel-Arena Neukirchen & Bramberg"},{"@type":"BreadcrumbList","@id":"https:\/\/www.salzburgerland.com\/cs\/wildkogel-arena-zimni-rodinna-dovolena\/#breadcrumb","itemListElement":[{"@type":"ListItem","position":1,"name":"Wildkogel-Arena Neukirchen & Bramberg v zim\u011b","item":"https:\/\/www.salzburgerland.com\/cs\/wildkogel-arena-v-zime\/"},{"@type":"ListItem","position":2,"name":"Zimn\u00ed rodinn\u00e1 dovolen\u00e1 ve Wildkogel-Aren\u011b Neukirchen &#038; Bramberg"}]},{"@type":"WebSite","@id":"https:\/\/www.salzburgerland.com\/cs\/#website","url":"https:\/\/www.salzburgerland.com\/cs\/","name":"SalzburgerLand.com","description":"Va\u0161e dovolen\u00e1 v Salcburku, Rakousko","potentialAction":[{"@type":"SearchAction","target":{"@type":"EntryPoint","urlTemplate":"https:\/\/www.salzburgerland.com\/cs\/?s={search_term_string}"},"query-input":{"@type":"PropertyValueSpecification","valueRequired":true,"valueName":"search_term_string"}}],"inLanguage":"cs"},{"@type":"Person","@id":"https:\/\/www.salzburgerland.com\/cs\/#\/schema\/person\/dd42a4661897004df109095dbf40eeff","name":"Andrea \u017d\u00e1\u010dkov\u00e1","image":{"@type":"ImageObject","inLanguage":"cs","@id":"https:\/\/secure.gravatar.com\/avatar\/338deec8d231d56d0ab7b2b7d6d0aedbcb3eb05390f6c027fd5b7ebe87b67dbf?s=96&d=mm&r=g","url":"https:\/\/secure.gravatar.com\/avatar\/338deec8d231d56d0ab7b2b7d6d0aedbcb3eb05390f6c027fd5b7ebe87b67dbf?s=96&d=mm&r=g","contentUrl":"https:\/\/secure.gravatar.com\/avatar\/338deec8d231d56d0ab7b2b7d6d0aedbcb3eb05390f6c027fd5b7ebe87b67dbf?s=96&d=mm&r=g","caption":"Andrea \u017d\u00e1\u010dkov\u00e1"}}]}},"_wl_alt_label":[],"wl:entity_url":"http:\/\/open.salzburgerland.com\/cs\/post\/wildkogel-arena_zimni_rodinna_dovolena","_links":{"self":[{"href":"https:\/\/www.salzburgerland.com\/cs\/wp-json\/wp\/v2\/posts\/150629","targetHints":{"allow":["GET"]}}],"collection":[{"href":"https:\/\/www.salzburgerland.com\/cs\/wp-json\/wp\/v2\/posts"}],"about":[{"href":"https:\/\/www.salzburgerland.com\/cs\/wp-json\/wp\/v2\/types\/post"}],"author":[{"embeddable":true,"href":"https:\/\/www.salzburgerland.com\/cs\/wp-json\/wp\/v2\/users\/6"}],"replies":[{"embeddable":true,"href":"https:\/\/www.salzburgerland.com\/cs\/wp-json\/wp\/v2\/comments?post=150629"}],"version-history":[{"count":7,"href":"https:\/\/www.salzburgerland.com\/cs\/wp-json\/wp\/v2\/posts\/150629\/revisions"}],"predecessor-version":[{"id":163650,"href":"https:\/\/www.salzburgerland.com\/cs\/wp-json\/wp\/v2\/posts\/150629\/revisions\/163650"}],"wp:featuredmedia":[{"embeddable":true,"href":"https:\/\/www.salzburgerland.com\/cs\/wp-json\/wp\/v2\/media\/163649"}],"wp:attachment":[{"href":"https:\/\/www.salzburgerland.com\/cs\/wp-json\/wp\/v2\/media?parent=150629"}],"wp:term":[{"taxonomy":"category","embeddable":true,"href":"https:\/\/www.salzburgerland.com\/cs\/wp-json\/wp\/v2\/categories?post=150629"},{"taxonomy":"post_tag","embeddable":true,"href":"https:\/\/www.salzburgerland.com\/cs\/wp-json\/wp\/v2\/tags?post=150629"},{"taxonomy":"wl_entity_type","embeddable":true,"href":"https:\/\/www.salzburgerland.com\/cs\/wp-json\/wp\/v2\/wl_entity_type?post=150629"}],"curies":[{"name":"wp","href":"https:\/\/api.w.org\/{rel}","templated":true}]}}