{"id":150612,"date":"2021-12-07T16:57:21","date_gmt":"2021-12-07T15:57:21","guid":{"rendered":"https:\/\/www.salzburgerland.com\/cs\/?p=150612"},"modified":"2024-10-13T12:57:27","modified_gmt":"2024-10-13T10:57:27","slug":"raurisertal-utulno-a-prijemna-atmosfera-v-zime","status":"publish","type":"post","link":"https:\/\/www.salzburgerland.com\/cs\/raurisertal-utulno-a-prijemna-atmosfera-v-zime\/","title":{"rendered":"\u00datulno a p\u0159\u00edjemn\u00e1 atmosf\u00e9ra v zimn\u00edm Raurisertalu"},"content":{"rendered":"<p><strong>Raurisertal <\/strong>a jeho t\u0159i velk\u00e1 bo\u010dn\u00ed \u00fadol\u00ed<strong> \u2013 Krumltal, H\u00fcttwinkltal a Seidlwinkltal<\/strong>\u00a0pat\u0159\u00ed od roku<span>\u00a0<\/span>1984\u00a0z velk\u00e9 \u010d\u00e1sti k<strong> N\u00e1rodn\u00edmu parku Vysok\u00e9 Taury.<\/strong><span>\u00a0<\/span>Samotn\u00fd Raurisertal je tak<span> unik\u00e1tn\u00ed<\/span><strong>, <\/strong>\u017ee tvo\u0159\u00ed uprost\u0159ed N\u00e1rodn\u00edho parku Vysok\u00e9 Taury sv\u016fj vlastn\u00ed jedine\u010dn\u00fd sv\u011bt.\u00a0Kulturn\u011b historick\u00e9 zvl\u00e1\u0161tnosti regionu zahrnuj\u00ed b\u00fdvalou<span>\u00a0<\/span><strong>t\u011b\u017ebu zlata<\/strong><span>\u00a0<\/span>a poz\u016fstatky<span>\u00a0<\/span><strong>obchodn\u00edch cest p\u0159es pr\u016fsmyky Alp.<\/strong><span>\u00a0<\/span>Najdete tu p\u0159\u00edrodn\u00ed bohatstv\u00ed v podob\u011b vz\u00e1cn\u00fdch miner\u00e1l\u016f<span> <\/span>a velk\u00e9 dravce. V hor\u00e1ch \u017eij\u00ed <a href=\"https:\/\/www.salzburgerland.com\/cs\/vylety-za-pozorovanim-supu\/\">orli a supi<\/a>. Ka\u017ed\u00fd, kdo se vyd\u00e1 z \u00fadol\u00ed Raurisu do ledovcov\u00fdch v\u00fd\u0161in, projde<span>\u00a0<\/span>v\u0161emi klimatick\u00fdmi p\u00e1smy, jako by cestoval tis\u00edce kilometr\u016f ze st\u0159edn\u00ed Evropy a\u017e do Arktidy.<\/p>\n<div id=\"attachment_160724\" style=\"width: 1180px\" class=\"wp-caption alignnone\"><img decoding=\"async\" aria-describedby=\"caption-attachment-160724\" class=\"size-1170_658 wp-image-160724\" src=\"https:\/\/www.salzburgerland.com\/cs\/wp-content\/uploads\/2021\/12\/schneeschuhwandern_ranger_19-cferienregion_nationalpark_hohe_tauern_branislav_rohal-1170x658.jpg\" alt=\"Na v\u00fdlet\u011b s rangerem se dozv\u00edte spoustu zaj\u00edmavost\u00ed o p\u0159\u00edrod\u011b\" width=\"1170\" height=\"658\" srcset=\"https:\/\/www.salzburgerland.com\/cs\/wp-content\/uploads\/2021\/12\/schneeschuhwandern_ranger_19-cferienregion_nationalpark_hohe_tauern_branislav_rohal-1170x658.jpg 1170w, https:\/\/www.salzburgerland.com\/cs\/wp-content\/uploads\/2021\/12\/schneeschuhwandern_ranger_19-cferienregion_nationalpark_hohe_tauern_branislav_rohal-1200x675.jpg 1200w\" sizes=\"(max-width: 1170px) 100vw, 1170px\"><p id=\"caption-attachment-160724\" class=\"wp-caption-text\">Na v\u00fdlet\u011b s rangerem se dozv\u00edte spoustu zaj\u00edmavost\u00ed o p\u0159\u00edrod\u011b \u00a9 Ferienregion Nationalpark Hohe Tauern, Branislav Rohal<\/p><\/div>\n<h3>Pohodov\u00e9 ly\u017eov\u00e1n\u00ed<\/h3>\n<p><span><a href=\"https:\/\/www.salzburgerland.com\/cs\/raurisertal-lyzovani\/\">Ly\u017ea\u0159sk\u00e9 st\u0159edisko Raurisertal<\/a> pat\u0159\u00ed k t\u011bm nejmalebn\u011bj\u0161\u00edm v cel\u00e9 alpsk\u00e9 oblasti. Snadno dostupn\u00e9 lanovky v\u00e1s rychle a pohodln\u011b doprav\u00ed na rozmanit\u00e9 sjezdovky pro v\u0161echny ly\u017ea\u0159e a snowboardisty.\u00a0 Tady si u\u017eijete pocit naprost\u00e9 svobody. \u017d\u00e1dn\u00e9 davy, \u017e\u00e1dn\u00e1 p\u0159elidn\u011bnost. Na severov\u00fdchodn\u00edch svaz\u00edch najdou r\u00e1j v\u0161ichni p\u0159\u00edznivci j\u00edzdy v hlubok\u00e9m sn\u011bhu. Nez\u00e1le\u017e\u00ed na tom, zda jste za\u010d\u00e1te\u010dn\u00edci, rodiny s d\u011btmi nebo zdatn\u00ed ly\u017ea\u0159i. Tady si u\u017eij\u00ed pohodov\u00e9 ly\u017eov\u00e1n\u00ed v\u0161ichni<\/span><span _istranslated=\"1\">. <strong>\u00datuln\u00e9 chalupy a m\u00edsta k odpo\u010dinku pod\u00e9l sjezdovek\u00a0<\/strong>l\u00e1kaj\u00ed k zastaven\u00ed a vychutn\u00e1v\u00e1n\u00ed kr\u00e1sn\u00e9ho v\u00fdhledu, slune\u010dn\u00edch paprsk\u016f a n\u011b\u010deho dobr\u00e9ho k j\u00eddlu nebo k pit\u00ed. I tyhle po\u017eitky p\u0159eci pat\u0159\u00ed k perfektn\u00ed zimn\u00ed dovolen\u00e9.\u00a0<\/span><\/p>\n\n\t\t\t<div id=\"150612-1\" class=\"gallery gallery-150612 gallery-columns-3 gallery-size-1170_658\" itemscope itemtype=\"http:\/\/schema.org\/ImageGallery\">\n\t\t\t\t<ul class=\"gallery-row gallery-col-3 gallery-clear\">\n\t\t\t\t\t<li class=\"gallery-item col-3\" itemprop=\"associatedMedia\" itemscope itemtype=\"http:\/\/schema.org\/ImageObject\">\n\t\t\t\t\t\t<div class=\"gallery-icon landscape\"><a href=\"https:\/\/www.salzburgerland.com\/cs\/wp-content\/uploads\/2021\/12\/raurisertal_skifahren-hochalmbahnen-ag_final-61-1600x1067.jpg\" title=\"Raurisertal_Skifahren \u00a9Hochalmbahnen AG_final (61)\"><img decoding=\"async\" data-title=\"\u0160irok\u00e9 sjezdovky v Raurisertalu \u00a9 Hochalmbahnen AG, Daniel Breuer\" title=\"\u0160irok\u00e9 sjezdovky v Raurisertalu \u00a9 Hochalmbahnen AG, Daniel Breuer\" data-caption=\"\u0160irok\u00e9 sjezdovky v Raurisertalu \u00a9 Hochalmbahnen AG, Daniel Breuer\" width=\"1170\" height=\"658\" src=\"https:\/\/www.salzburgerland.com\/cs\/wp-content\/uploads\/2021\/12\/raurisertal_skifahren-hochalmbahnen-ag_final-61-1170x658.jpg\" class=\"attachment-1170_658 size-1170_658\" alt=\"\u0160irok\u00e9 sjezdovky v Raurisertalu (Zv\u011bt\u0161en\u00fd pohled)\" srcset=\"https:\/\/www.salzburgerland.com\/cs\/wp-content\/uploads\/2021\/12\/raurisertal_skifahren-hochalmbahnen-ag_final-61-1170x658.jpg 1170w, https:\/\/www.salzburgerland.com\/cs\/wp-content\/uploads\/2021\/12\/raurisertal_skifahren-hochalmbahnen-ag_final-61-1200x675.jpg 1200w\" sizes=\"(max-width: 1170px) 100vw, 1170px\" aria-describedby=\"figcaption-150612-160701\" itemprop=\"thumbnail\"><\/a><\/div>\n\t\t\t\t\t\t<span id=\"figcaption-150612-160701\" class=\"gallery-caption\" itemprop=\"caption\"><span aria-hidden=\"true\">\u0160irok\u00e9 sjezdovky v Raurisertalu \u00a9 Hochalmbahnen AG, Daniel Breuer<\/span><\/span>\n\t\t\t\t\t<\/li>\n\t\t\t\t\t<li class=\"gallery-item col-3\" itemprop=\"associatedMedia\" itemscope itemtype=\"http:\/\/schema.org\/ImageObject\">\n\t\t\t\t\t\t<div class=\"gallery-icon landscape\"><a href=\"https:\/\/www.salzburgerland.com\/cs\/wp-content\/uploads\/2021\/12\/raurisertal_hutte-hochalm-hochalmbahnen-ag_final-64-1601x1067.jpg\" title=\"Raurisertal_Hu\u0308tte Hochalm \u00a9Hochalmbahnen AG_final (64)\"><img decoding=\"async\" data-title=\"Posezen\u00ed na terase p\u0159ed chalupou \u00a9 Hochalmbahnen AG, Daniel breuer\" title=\"Posezen\u00ed na terase p\u0159ed chalupou \u00a9 Hochalmbahnen AG, Daniel breuer\" data-caption=\"Posezen\u00ed na terase p\u0159ed chalupou \u00a9 Hochalmbahnen AG, Daniel breuer\" width=\"1170\" height=\"658\" src=\"https:\/\/www.salzburgerland.com\/cs\/wp-content\/uploads\/2021\/12\/raurisertal_hutte-hochalm-hochalmbahnen-ag_final-64-1170x658.jpg\" class=\"attachment-1170_658 size-1170_658\" alt=\"Posezen\u00ed s p\u0159\u00e1teli na terase p\u0159ed chalupou (Zv\u011bt\u0161en\u00fd pohled)\" srcset=\"https:\/\/www.salzburgerland.com\/cs\/wp-content\/uploads\/2021\/12\/raurisertal_hutte-hochalm-hochalmbahnen-ag_final-64-1170x658.jpg 1170w, https:\/\/www.salzburgerland.com\/cs\/wp-content\/uploads\/2021\/12\/raurisertal_hutte-hochalm-hochalmbahnen-ag_final-64-1200x675.jpg 1200w\" sizes=\"(max-width: 1170px) 100vw, 1170px\" aria-describedby=\"figcaption-150612-160723\" itemprop=\"thumbnail\"><\/a><\/div>\n\t\t\t\t\t\t<span id=\"figcaption-150612-160723\" class=\"gallery-caption\" itemprop=\"caption\"><span aria-hidden=\"true\">Posezen\u00ed na terase p\u0159ed chalupou \u00a9 Hochalmbahnen AG, Daniel breuer<\/span><\/span>\n\t\t\t\t\t<\/li>\n\t\t\t\t\t<li class=\"gallery-item col-3\" itemprop=\"associatedMedia\" itemscope itemtype=\"http:\/\/schema.org\/ImageObject\">\n\t\t\t\t\t\t<div class=\"gallery-icon landscape\"><a href=\"https:\/\/www.salzburgerland.com\/cs\/wp-content\/uploads\/2021\/12\/raurisertal_hutte-hochalm-hochalmbahnen-ag_final-52-1600x1067.jpg\" title=\"Raurisertal_Hu\u0308tte Hochalm \u00a9Hochalmbahnen AG_final (52)\"><img decoding=\"async\" data-title=\"\u00datuln\u00e9 chalupy nab\u00edzej\u00ed tradi\u010dn\u00ed speciality \u00a9 Hochalmbahnen AG, Daniel breuer\" title=\"\u00datuln\u00e9 chalupy nab\u00edzej\u00ed tradi\u010dn\u00ed speciality \u00a9 Hochalmbahnen AG, Daniel breuer\" data-caption=\"\u00datuln\u00e9 chalupy nab\u00edzej\u00ed tradi\u010dn\u00ed speciality \u00a9 Hochalmbahnen AG, Daniel breuer\" width=\"1170\" height=\"658\" src=\"https:\/\/www.salzburgerland.com\/cs\/wp-content\/uploads\/2021\/12\/raurisertal_hutte-hochalm-hochalmbahnen-ag_final-52-1170x658.jpg\" class=\"attachment-1170_658 size-1170_658\" alt=\"\u00datuln\u00e9 chalupy nab\u00edzej\u00ed tradi\u010dn\u00ed speciality (Zv\u011bt\u0161en\u00fd pohled)\" srcset=\"https:\/\/www.salzburgerland.com\/cs\/wp-content\/uploads\/2021\/12\/raurisertal_hutte-hochalm-hochalmbahnen-ag_final-52-1170x658.jpg 1170w, https:\/\/www.salzburgerland.com\/cs\/wp-content\/uploads\/2021\/12\/raurisertal_hutte-hochalm-hochalmbahnen-ag_final-52-1200x675.jpg 1200w\" sizes=\"(max-width: 1170px) 100vw, 1170px\" aria-describedby=\"figcaption-150612-160722\" itemprop=\"thumbnail\"><\/a><\/div>\n\t\t\t\t\t\t<span id=\"figcaption-150612-160722\" class=\"gallery-caption\" itemprop=\"caption\"><span aria-hidden=\"true\">\u00datuln\u00e9 chalupy nab\u00edzej\u00ed tradi\u010dn\u00ed speciality \u00a9 Hochalmbahnen AG, Daniel breuer<\/span><\/span>\n\t\t\t\t\t<\/li>\n\t\t\t\t<\/ul>\n\t\t\t<\/div><!-- .gallery -->\n\n<h3>Pohostinnost a rodinn\u00e1 atmosf\u00e9ra<\/h3>\n<p>Zima v Raurisertalu je pln\u00e1 kouzel. Proto ji maj\u00ed tak r\u00e1dy rodiny s d\u011btmi. \u017d\u00e1dn\u00e9 velk\u00e9 apr\u00e9s ski ve\u010d\u00edrky, ale zato nejvy\u0161\u0161\u00ed standard slu\u017eeb, p\u0159\u00edv\u011btivost a pohostinnost. <span class=\"VIiyi\" jsaction=\"mouseup:BR6jm\" jsname=\"jqKxS\" lang=\"cs\"><span jsaction=\"agoMJf:PFBcW;usxOmf:aWLT7;jhKsnd:P7O7bd,F8DmGf;Q4AGo:Gm7gYd,qAKMYb;uFUCPb:pvnm0e,pfE8Hb,PFBcW;f56efd:dJXsye;EnoYf:KNzws,ZJsZZ,JgVSJc;zdMJQc:cCQNKb,ZJsZZ,zchEXc;Ytrrj:JJDvdc;tNR8yc:GeFvjb;oFN6Ye:hij5Wb;bmeZHc:iURhpf;Oxj3Xe:qAKMYb,yaf12d\" jsname=\"txFAF\" class=\"JLqJ4b ChMk0b\" data-language-for-alternatives=\"cs\" data-language-to-translate-into=\"de\" data-phrase-index=\"0\" data-number-of-phrases=\"7\" jscontroller=\"Zl5N8\" jsdata=\"uqLsIf;_;$365\" jsmodel=\"SsMkhd\"><span jsaction=\"click:qtZ4nf,GFf3ac,tMZCfe; contextmenu:Nqw7Te,QP7LD; mouseout:Nqw7Te; mouseover:qtZ4nf,c2aHje\" jsname=\"W297wb\">32 kilometr\u016f sjezdovek p\u0159ehledn\u00fdch a sjezdovek v\u0161ech stup\u0148\u016f obt\u00ed\u017enosti slibuje z\u00e1bavu na sjezdovk\u00e1ch pro v\u0161echny generace.<\/span><\/span> <span jsaction=\"agoMJf:PFBcW;usxOmf:aWLT7;jhKsnd:P7O7bd,F8DmGf;Q4AGo:Gm7gYd,qAKMYb;uFUCPb:pvnm0e,pfE8Hb,PFBcW;f56efd:dJXsye;EnoYf:KNzws,ZJsZZ,JgVSJc;zdMJQc:cCQNKb,ZJsZZ,zchEXc;Ytrrj:JJDvdc;tNR8yc:GeFvjb;oFN6Ye:hij5Wb;bmeZHc:iURhpf;Oxj3Xe:qAKMYb,yaf12d\" jsname=\"txFAF\" class=\"JLqJ4b ChMk0b\" data-language-for-alternatives=\"cs\" data-language-to-translate-into=\"de\" data-phrase-index=\"1\" data-number-of-phrases=\"7\" jscontroller=\"Zl5N8\" jsdata=\"uqLsIf;_;$366\" jsmodel=\"SsMkhd\"><span jsaction=\"click:qtZ4nf,GFf3ac,tMZCfe; contextmenu:Nqw7Te,QP7LD; mouseout:Nqw7Te; mouseover:qtZ4nf,c2aHje\" jsname=\"W297wb\">Pro rodiny jsou tady n\u011bkdy nab\u00edzeny speci\u00e1ln\u00ed ceny a pau\u0161\u00e1ly.<\/span><\/span> Tak\u00e9 m<span jsaction=\"agoMJf:PFBcW;usxOmf:aWLT7;jhKsnd:P7O7bd,F8DmGf;Q4AGo:Gm7gYd,qAKMYb;uFUCPb:pvnm0e,pfE8Hb,PFBcW;f56efd:dJXsye;EnoYf:KNzws,ZJsZZ,JgVSJc;zdMJQc:cCQNKb,ZJsZZ,zchEXc;Ytrrj:JJDvdc;tNR8yc:GeFvjb;oFN6Ye:hij5Wb;bmeZHc:iURhpf;Oxj3Xe:qAKMYb,yaf12d\" jsname=\"txFAF\" class=\"JLqJ4b ChMk0b\" data-language-for-alternatives=\"cs\" data-language-to-translate-into=\"de\" data-phrase-index=\"2\" data-number-of-phrases=\"7\" jscontroller=\"Zl5N8\" jsdata=\"uqLsIf;_;$367\" jsmodel=\"SsMkhd\"><span jsaction=\"click:qtZ4nf,GFf3ac,tMZCfe; contextmenu:Nqw7Te,QP7LD; mouseout:Nqw7Te; mouseover:qtZ4nf,c2aHje\" jsname=\"W297wb\">imo sjezdovky \u2013 nap\u0159\u00edklad na s\u00e1\u0148ka\u0159sk\u00e9 dr\u00e1ze <strong>Kreuzboden<\/strong> nebo na vyj\u00ed\u017e\u010fk\u00e1ch na san\u00edch ta\u017een\u00fdch ko\u0148mi \u2013 se bav\u00ed d\u011bti i dosp\u011bl\u00ed.<\/span><\/span><span jsaction=\"agoMJf:PFBcW;usxOmf:aWLT7;jhKsnd:P7O7bd,F8DmGf;Q4AGo:Gm7gYd,qAKMYb;uFUCPb:pvnm0e,pfE8Hb,PFBcW;f56efd:dJXsye;EnoYf:KNzws,ZJsZZ,JgVSJc;zdMJQc:cCQNKb,ZJsZZ,zchEXc;Ytrrj:JJDvdc;tNR8yc:GeFvjb;oFN6Ye:hij5Wb;bmeZHc:iURhpf;Oxj3Xe:qAKMYb,yaf12d\" jsname=\"txFAF\" class=\"JLqJ4b\" data-language-for-alternatives=\"cs\" data-language-to-translate-into=\"de\" data-phrase-index=\"3\" data-number-of-phrases=\"7\" jscontroller=\"Zl5N8\" jsdata=\"uqLsIf;_;$368\" jsmodel=\"SsMkhd\"><span jsaction=\"click:qtZ4nf,GFf3ac,tMZCfe; contextmenu:Nqw7Te,QP7LD; mouseout:Nqw7Te; mouseover:qtZ4nf,c2aHje\" jsname=\"W297wb\"> \u010cekaj\u00ed tu tak\u00e9 p<\/span><\/span><span jsaction=\"agoMJf:PFBcW;usxOmf:aWLT7;jhKsnd:P7O7bd,F8DmGf;Q4AGo:Gm7gYd,qAKMYb;uFUCPb:pvnm0e,pfE8Hb,PFBcW;f56efd:dJXsye;EnoYf:KNzws,ZJsZZ,JgVSJc;zdMJQc:cCQNKb,ZJsZZ,zchEXc;Ytrrj:JJDvdc;tNR8yc:GeFvjb;oFN6Ye:hij5Wb;bmeZHc:iURhpf;Oxj3Xe:qAKMYb,yaf12d\" jsname=\"txFAF\" class=\"JLqJ4b ChMk0b\" data-language-for-alternatives=\"cs\" data-language-to-translate-into=\"de\" data-phrase-index=\"4\" data-number-of-phrases=\"7\" jscontroller=\"Zl5N8\" jsdata=\"uqLsIf;_;$369\" jsmodel=\"SsMkhd\"><span jsaction=\"click:qtZ4nf,GFf3ac,tMZCfe; contextmenu:Nqw7Te,QP7LD; mouseout:Nqw7Te; mouseover:qtZ4nf,c2aHje\" jsname=\"W297wb\">rofesion\u00e1ln\u00ed ly\u017ea\u0159\u0161t\u00ed instrukto\u0159i zdej\u0161\u00edch ly\u017ea\u0159sk\u00fdch \u0161kol s d\u011btsk\u00fdmi kurzy.<\/span><\/span><\/span><span class=\"VIiyi\" jsaction=\"mouseup:BR6jm\" jsname=\"jqKxS\" lang=\"cs\"><span jsaction=\"agoMJf:PFBcW;usxOmf:aWLT7;jhKsnd:P7O7bd,F8DmGf;Q4AGo:Gm7gYd,qAKMYb;uFUCPb:pvnm0e,pfE8Hb,PFBcW;f56efd:dJXsye;EnoYf:KNzws,ZJsZZ,JgVSJc;zdMJQc:cCQNKb,ZJsZZ,zchEXc;Ytrrj:JJDvdc;tNR8yc:GeFvjb;oFN6Ye:hij5Wb;bmeZHc:iURhpf;Oxj3Xe:qAKMYb,yaf12d\" jsname=\"txFAF\" class=\"JLqJ4b\" data-language-for-alternatives=\"cs\" data-language-to-translate-into=\"de\" data-phrase-index=\"5\" data-number-of-phrases=\"7\" jscontroller=\"Zl5N8\" jsdata=\"uqLsIf;_;$370\" jsmodel=\"SsMkhd\"><span jsaction=\"click:qtZ4nf,GFf3ac,tMZCfe; contextmenu:Nqw7Te,QP7LD; mouseout:Nqw7Te; mouseover:qtZ4nf,c2aHje\" jsname=\"W297wb\">\u00a0<\/span><\/span><span jsaction=\"agoMJf:PFBcW;usxOmf:aWLT7;jhKsnd:P7O7bd,F8DmGf;Q4AGo:Gm7gYd,qAKMYb;uFUCPb:pvnm0e,pfE8Hb,PFBcW;f56efd:dJXsye;EnoYf:KNzws,ZJsZZ,JgVSJc;zdMJQc:cCQNKb,ZJsZZ,zchEXc;Ytrrj:JJDvdc;tNR8yc:GeFvjb;oFN6Ye:hij5Wb;bmeZHc:iURhpf;Oxj3Xe:qAKMYb,yaf12d\" jsname=\"txFAF\" class=\"JLqJ4b ChMk0b\" data-language-for-alternatives=\"cs\" data-language-to-translate-into=\"de\" data-phrase-index=\"6\" data-number-of-phrases=\"7\" jscontroller=\"Zl5N8\" jsdata=\"uqLsIf;_;$371\" jsmodel=\"SsMkhd\"><span jsaction=\"click:qtZ4nf,GFf3ac,tMZCfe; contextmenu:Nqw7Te,QP7LD; mouseout:Nqw7Te; mouseover:qtZ4nf,c2aHje\" jsname=\"W297wb\">Ka\u017ed\u00fd \u010dtvrtek se tu objevuje <strong>maskot Tilly<\/strong> a z\u00fa\u010dastn\u00ed se vesel\u00e9ho s\u00e1\u0148kov\u00e1n\u00ed (16:00, zdarma u cvi\u010dn\u00e9ho vleku, v z\u00e1vislosti na po\u010das\u00ed a sn\u011bhu).<\/span><\/span><\/span><span> <\/span><\/p>\n\n\t\t\t<div id=\"150612-2\" class=\"gallery gallery-150612 gallery-columns-3 gallery-size-1170_658\" itemscope itemtype=\"http:\/\/schema.org\/ImageGallery\">\n\t\t\t\t<ul class=\"gallery-row gallery-col-3 gallery-clear\">\n\t\t\t\t\t<li class=\"gallery-item col-3\" itemprop=\"associatedMedia\" itemscope itemtype=\"http:\/\/schema.org\/ImageObject\">\n\t\t\t\t\t\t<div class=\"gallery-icon landscape\"><a href=\"https:\/\/www.salzburgerland.com\/cs\/wp-content\/uploads\/2021\/12\/raurisertal_family-slope-hochalmbahnen-ag_final-28-1601x1067.jpg\" title=\"Raurisertal_Family slope \u00a9Hochalmbahnen AG_final (28)\"><img decoding=\"async\" data-title=\"V Raurisertalu je na sjezdovk\u00e1ch z\u00e1bava i pro d\u011bti \u00a9 Hochalmbahnen AG, Daniel Breuer\" title=\"V Raurisertalu je na sjezdovk\u00e1ch z\u00e1bava i pro d\u011bti \u00a9 Hochalmbahnen AG, Daniel Breuer\" data-caption=\"V Raurisertalu je na sjezdovk\u00e1ch z\u00e1bava i pro d\u011bti \u00a9 Hochalmbahnen AG, Daniel Breuer\" width=\"1170\" height=\"658\" src=\"https:\/\/www.salzburgerland.com\/cs\/wp-content\/uploads\/2021\/12\/raurisertal_family-slope-hochalmbahnen-ag_final-28-1170x658.jpg\" class=\"attachment-1170_658 size-1170_658\" alt=\"V Raurisertalu je na sjezdovk\u00e1ch z\u00e1bava i pro d\u011bti (Zv\u011bt\u0161en\u00fd pohled)\" srcset=\"https:\/\/www.salzburgerland.com\/cs\/wp-content\/uploads\/2021\/12\/raurisertal_family-slope-hochalmbahnen-ag_final-28-1170x658.jpg 1170w, https:\/\/www.salzburgerland.com\/cs\/wp-content\/uploads\/2021\/12\/raurisertal_family-slope-hochalmbahnen-ag_final-28-1200x675.jpg 1200w\" sizes=\"(max-width: 1170px) 100vw, 1170px\" aria-describedby=\"figcaption-150612-160696\" itemprop=\"thumbnail\"><\/a><\/div>\n\t\t\t\t\t\t<span id=\"figcaption-150612-160696\" class=\"gallery-caption\" itemprop=\"caption\"><span aria-hidden=\"true\">V Raurisertalu je na sjezdovk\u00e1ch z\u00e1bava i pro d\u011bti \u00a9 Hochalmbahnen AG, Daniel Breuer<\/span><\/span>\n\t\t\t\t\t<\/li>\n\t\t\t\t\t<li class=\"gallery-item col-3\" itemprop=\"associatedMedia\" itemscope itemtype=\"http:\/\/schema.org\/ImageObject\">\n\t\t\t\t\t\t<div class=\"gallery-icon landscape\"><a href=\"https:\/\/www.salzburgerland.com\/cs\/wp-content\/uploads\/2021\/12\/raurisertal_family-slope-hochalmbahnen-ag_final-2-1600x1067.jpg\" title=\"Raurisertal_Family slope \u00a9Hochalmbahnen AG_final (2)\"><img decoding=\"async\" data-title=\"Family slope v Raurisertalu, ide\u00e1ln\u00ed pro rodiny \u00a9 Hochalmbahnen AG, Daniel Breuer\" title=\"Family slope v Raurisertalu, ide\u00e1ln\u00ed pro rodiny \u00a9 Hochalmbahnen AG, Daniel Breuer\" data-caption=\"Family slope v Raurisertalu, ide\u00e1ln\u00ed pro rodiny \u00a9 Hochalmbahnen AG, Daniel Breuer\" width=\"1170\" height=\"658\" src=\"https:\/\/www.salzburgerland.com\/cs\/wp-content\/uploads\/2021\/12\/raurisertal_family-slope-hochalmbahnen-ag_final-2-1170x658.jpg\" class=\"attachment-1170_658 size-1170_658\" alt=\"Perfektn\u00ed sjezdovky v Raurisertalu pro celou rodinu (Zv\u011bt\u0161en\u00fd pohled)\" srcset=\"https:\/\/www.salzburgerland.com\/cs\/wp-content\/uploads\/2021\/12\/raurisertal_family-slope-hochalmbahnen-ag_final-2-1170x658.jpg 1170w, https:\/\/www.salzburgerland.com\/cs\/wp-content\/uploads\/2021\/12\/raurisertal_family-slope-hochalmbahnen-ag_final-2-1200x675.jpg 1200w\" sizes=\"(max-width: 1170px) 100vw, 1170px\" aria-describedby=\"figcaption-150612-160695\" itemprop=\"thumbnail\"><\/a><\/div>\n\t\t\t\t\t\t<span id=\"figcaption-150612-160695\" class=\"gallery-caption\" itemprop=\"caption\"><span aria-hidden=\"true\">Family slope v Raurisertalu, ide\u00e1ln\u00ed pro rodiny \u00a9 Hochalmbahnen AG, Daniel Breuer<\/span><\/span>\n\t\t\t\t\t<\/li>\n\t\t\t\t\t<li class=\"gallery-item col-3\" itemprop=\"associatedMedia\" itemscope itemtype=\"http:\/\/schema.org\/ImageObject\">\n\t\t\t\t\t\t<div class=\"gallery-icon landscape\"><a href=\"https:\/\/www.salzburgerland.com\/cs\/wp-content\/uploads\/2021\/12\/raurisertal_skifahren-hochalmbahnen-ag_final-23-1601x1067.jpg\" title=\"Raurisertal_Skifahren \u00a9Hochalmbahnen AG_final (23)\"><img decoding=\"async\" data-title=\"85 % sjezdovek je snadn\u00fdch a st\u0159edn\u011b obt\u00ed\u017en\u00fdch \u00a9 Hochalmbahnen AG, Daniel Breuer\" title=\"85 % sjezdovek je snadn\u00fdch a st\u0159edn\u011b obt\u00ed\u017en\u00fdch \u00a9 Hochalmbahnen AG, Daniel Breuer\" data-caption=\"85 % sjezdovek je snadn\u00fdch a st\u0159edn\u011b obt\u00ed\u017en\u00fdch \u00a9 Hochalmbahnen AG, Daniel Breuer\" width=\"1170\" height=\"658\" src=\"https:\/\/www.salzburgerland.com\/cs\/wp-content\/uploads\/2021\/12\/raurisertal_skifahren-hochalmbahnen-ag_final-23-1170x658.jpg\" class=\"attachment-1170_658 size-1170_658\" alt=\"Rodina s d\u011btmi na sjezdovce v Raurisertalu (Zv\u011bt\u0161en\u00fd pohled)\" srcset=\"https:\/\/www.salzburgerland.com\/cs\/wp-content\/uploads\/2021\/12\/raurisertal_skifahren-hochalmbahnen-ag_final-23-1170x658.jpg 1170w, https:\/\/www.salzburgerland.com\/cs\/wp-content\/uploads\/2021\/12\/raurisertal_skifahren-hochalmbahnen-ag_final-23-1200x675.jpg 1200w\" sizes=\"(max-width: 1170px) 100vw, 1170px\" aria-describedby=\"figcaption-150612-160699\" itemprop=\"thumbnail\"><\/a><\/div>\n\t\t\t\t\t\t<span id=\"figcaption-150612-160699\" class=\"gallery-caption\" itemprop=\"caption\"><span aria-hidden=\"true\">85 % sjezdovek je snadn\u00fdch a st\u0159edn\u011b obt\u00ed\u017en\u00fdch \u00a9 Hochalmbahnen AG, Daniel Breuer<\/span><\/span>\n\t\t\t\t\t<\/li>\n\t\t\t\t<\/ul>\n\t\t\t<\/div><!-- .gallery -->\n\n<h3>Hora s histori\u00ed<\/h3>\n<p><span class=\"VIiyi\" jsaction=\"mouseup:BR6jm\" jsname=\"jqKxS\" lang=\"cs\"><span jsaction=\"agoMJf:PFBcW;usxOmf:aWLT7;jhKsnd:P7O7bd,F8DmGf;Q4AGo:Gm7gYd,qAKMYb;uFUCPb:pvnm0e,pfE8Hb,PFBcW;f56efd:dJXsye;EnoYf:KNzws,ZJsZZ,JgVSJc;zdMJQc:cCQNKb,ZJsZZ,zchEXc;Ytrrj:JJDvdc;tNR8yc:GeFvjb;oFN6Ye:hij5Wb;bmeZHc:iURhpf;Oxj3Xe:qAKMYb,yaf12d\" jsname=\"txFAF\" class=\"JLqJ4b ChMk0b\" data-language-for-alternatives=\"cs\" data-language-to-translate-into=\"de\" data-phrase-index=\"0\" data-number-of-phrases=\"7\" jscontroller=\"Zl5N8\" jsdata=\"uqLsIf;_;$395\" jsmodel=\"SsMkhd\"><span jsaction=\"click:qtZ4nf,GFf3ac,tMZCfe; contextmenu:Nqw7Te,QP7LD; mouseout:Nqw7Te; mouseover:qtZ4nf,c2aHje\" jsname=\"W297wb\">Je vysok\u00e1 3 106 m a na jej\u00edm vrcholu se ty\u010d\u00ed nejvy\u0161\u0161\u00ed st\u00e1l\u00e1 meteorologick\u00e1 stanice v Evrop\u011b, <strong>Sonnblick Observatorium<\/strong>.<\/span><\/span> Hora <span jsaction=\"agoMJf:PFBcW;usxOmf:aWLT7;jhKsnd:P7O7bd,F8DmGf;Q4AGo:Gm7gYd,qAKMYb;uFUCPb:pvnm0e,pfE8Hb,PFBcW;f56efd:dJXsye;EnoYf:KNzws,ZJsZZ,JgVSJc;zdMJQc:cCQNKb,ZJsZZ,zchEXc;Ytrrj:JJDvdc;tNR8yc:GeFvjb;oFN6Ye:hij5Wb;bmeZHc:iURhpf;Oxj3Xe:qAKMYb,yaf12d\" jsname=\"txFAF\" class=\"JLqJ4b ChMk0b\" data-language-for-alternatives=\"cs\" data-language-to-translate-into=\"de\" data-phrase-index=\"1\" data-number-of-phrases=\"7\" jscontroller=\"Zl5N8\" jsdata=\"uqLsIf;_;$396\" jsmodel=\"SsMkhd\"><span jsaction=\"click:qtZ4nf,GFf3ac,tMZCfe; contextmenu:Nqw7Te,QP7LD; mouseout:Nqw7Te; mouseover:qtZ4nf,c2aHje\" jsname=\"W297wb\"><strong>Hoher Sonnblick<\/strong> v Kolm Saigurn je obl\u00edben\u00fdm c\u00edlem ly\u017ea\u0159\u016f, skialpinist\u016f i v\u00fdletn\u00edk\u016f.<\/span><\/span> <span jsaction=\"agoMJf:PFBcW;usxOmf:aWLT7;jhKsnd:P7O7bd,F8DmGf;Q4AGo:Gm7gYd,qAKMYb;uFUCPb:pvnm0e,pfE8Hb,PFBcW;f56efd:dJXsye;EnoYf:KNzws,ZJsZZ,JgVSJc;zdMJQc:cCQNKb,ZJsZZ,zchEXc;Ytrrj:JJDvdc;tNR8yc:GeFvjb;oFN6Ye:hij5Wb;bmeZHc:iURhpf;Oxj3Xe:qAKMYb,yaf12d\" jsname=\"txFAF\" class=\"JLqJ4b ChMk0b\" data-language-for-alternatives=\"cs\" data-language-to-translate-into=\"de\" data-phrase-index=\"2\" data-number-of-phrases=\"7\" jscontroller=\"Zl5N8\" jsdata=\"uqLsIf;_;$397\" jsmodel=\"SsMkhd\"><span jsaction=\"click:qtZ4nf,GFf3ac,tMZCfe; contextmenu:Nqw7Te,QP7LD; mouseout:Nqw7Te; mouseover:qtZ4nf,c2aHje\" jsname=\"W297wb\">Cestou na vrchol minete poz\u016fstatky hornick\u00fdch dom\u016f nebo \u201eRadhaus\u201c \u2013 p\u016fsobiv\u00fd doklad zlat\u00e9 hore\u010dky d\u00e1vn\u00fdch \u010das\u016f.<\/span><\/span><span jsaction=\"agoMJf:PFBcW;usxOmf:aWLT7;jhKsnd:P7O7bd,F8DmGf;Q4AGo:Gm7gYd,qAKMYb;uFUCPb:pvnm0e,pfE8Hb,PFBcW;f56efd:dJXsye;EnoYf:KNzws,ZJsZZ,JgVSJc;zdMJQc:cCQNKb,ZJsZZ,zchEXc;Ytrrj:JJDvdc;tNR8yc:GeFvjb;oFN6Ye:hij5Wb;bmeZHc:iURhpf;Oxj3Xe:qAKMYb,yaf12d\" jsname=\"txFAF\" class=\"JLqJ4b\" data-language-for-alternatives=\"cs\" data-language-to-translate-into=\"de\" data-phrase-index=\"3\" data-number-of-phrases=\"7\" jscontroller=\"Zl5N8\" jsdata=\"uqLsIf;_;$398\" jsmodel=\"SsMkhd\"><span jsaction=\"click:qtZ4nf,GFf3ac,tMZCfe; contextmenu:Nqw7Te,QP7LD; mouseout:Nqw7Te; mouseover:qtZ4nf,c2aHje\" jsname=\"W297wb\"> <\/span><\/span><span jsaction=\"agoMJf:PFBcW;usxOmf:aWLT7;jhKsnd:P7O7bd,F8DmGf;Q4AGo:Gm7gYd,qAKMYb;uFUCPb:pvnm0e,pfE8Hb,PFBcW;f56efd:dJXsye;EnoYf:KNzws,ZJsZZ,JgVSJc;zdMJQc:cCQNKb,ZJsZZ,zchEXc;Ytrrj:JJDvdc;tNR8yc:GeFvjb;oFN6Ye:hij5Wb;bmeZHc:iURhpf;Oxj3Xe:qAKMYb,yaf12d\" jsname=\"txFAF\" class=\"JLqJ4b ChMk0b\" data-language-for-alternatives=\"cs\" data-language-to-translate-into=\"de\" data-phrase-index=\"4\" data-number-of-phrases=\"7\" jscontroller=\"Zl5N8\" jsdata=\"uqLsIf;_;$399\" jsmodel=\"SsMkhd\"><span jsaction=\"click:qtZ4nf,GFf3ac,tMZCfe; contextmenu:Nqw7Te,QP7LD; mouseout:Nqw7Te; mouseover:qtZ4nf,c2aHje\" jsname=\"W297wb\">Zn\u00e1m\u00fd t\u0159\u00edtis\u00edcov\u00fd vrchol, kter\u00fd se nach\u00e1z\u00ed v j\u00e1dru N\u00e1rodn\u00edho parku Vysok\u00e9 Taury, je sou\u010d\u00e1st\u00ed horsk\u00e9 skupiny <strong>Goldberggruppe<\/strong> a je magnetem pro v\u0161echny horolezce a milovn\u00edky hor.<\/span><\/span>\u00a0<\/span><\/p>\n<div id=\"attachment_150619\" style=\"width: 1180px\" class=\"wp-caption alignnone\"><img decoding=\"async\" aria-describedby=\"caption-attachment-150619\" class=\"wp-image-150619 size-1170_658\" src=\"https:\/\/www.salzburgerland.com\/cs\/wp-content\/uploads\/2021\/12\/npht_hoher_sonnblick_observatorium_inhalt-1170x658.jpg\" alt=\"Na Sonnblicku (3106 m) v z\u00e1v\u011bru \u00fadol\u00ed se ty\u010d\u00ed nejv\u00fd\u0161e polo\u017een\u00e1 celoro\u010dn\u011b vyu\u017e\u00edvan\u00e1 observato\u0159 v Evrop\u011b\" width=\"1170\" height=\"658\" srcset=\"https:\/\/www.salzburgerland.com\/cs\/wp-content\/uploads\/2021\/12\/npht_hoher_sonnblick_observatorium_inhalt-1170x658.jpg 1170w, https:\/\/www.salzburgerland.com\/cs\/wp-content\/uploads\/2021\/12\/npht_hoher_sonnblick_observatorium_inhalt-1200x675.jpg 1200w\" sizes=\"(max-width: 1170px) 100vw, 1170px\"><p id=\"caption-attachment-150619\" class=\"wp-caption-text\">Na Sonnblicku je nejv\u00fd\u0161e situovan\u00e1 celoro\u010dn\u011b vyu\u017e\u00edvan\u00e1 observato\u0159 v Evrop\u011b \u00a9 TVB Rauris<\/p><\/div>\n<div><\/div>\n<div><span _istranslated=\"1\"><strong>Divok\u00e1 kr\u00e1sa p\u0159\u00edrody, <\/strong>jedine\u010dn\u00e1\u00a0<strong>alpsk\u00e1 fauna a fl\u00f3ra, <\/strong>n\u00e1dhern\u00e9 horsk\u00e9 vrcholy nebo ledovce. To jsou dokonal\u00e9 kulisy pro zimn\u00ed dovolenou. V Raurisertalu si ji m\u016f\u017eete u\u017e\u00edt tak\u00e9 na sn\u011b\u017enic\u00edch, b\u011b\u017ek\u00e1ch nebo p\u0159i p\u011b\u0161\u00ed turistice. \u010cist\u00fd vysokohorsk\u00fd vzduch m\u00e1 blahod\u00e1rn\u00fd vliv na zdrav\u00ed a na to byste m\u011bli myslet p\u0159edev\u0161\u00edm. Ujist\u011bte se p\u0159ed dovolenou, \u017ee si s sebou dom\u016f odvezete jen ty nejkr\u00e1sn\u011bj\u0161\u00ed vzpom\u00ednky. Seznamte se z\u00e1kladn\u00edmi <a href=\"https:\/\/www.salzburgerland.com\/cs\/bezpecnost-v-alpach-v-zime\/\" target=\"_blank\" rel=\"noopener\">pravidly<\/a> pro bezpe\u010dn\u00fd pobyt a odpo\u010dinek v Alp\u00e1ch.\u00a0<\/span><\/div>\n<div>\n<div id=\"attachment_160718\" style=\"width: 1180px\" class=\"wp-caption alignnone\"><img decoding=\"async\" aria-describedby=\"caption-attachment-160718\" class=\"size-1170_658 wp-image-160718\" src=\"https:\/\/www.salzburgerland.com\/cs\/wp-content\/uploads\/2021\/12\/raurisertal_winterwanderweg-hochalm-hochalmbahnen-ag_final-10-1170x658.jpg\" alt=\"Rodina na v\u00fdlete zimn\u00ed krajinou v Raurisertalu\" width=\"1170\" height=\"658\" srcset=\"https:\/\/www.salzburgerland.com\/cs\/wp-content\/uploads\/2021\/12\/raurisertal_winterwanderweg-hochalm-hochalmbahnen-ag_final-10-1170x658.jpg 1170w, https:\/\/www.salzburgerland.com\/cs\/wp-content\/uploads\/2021\/12\/raurisertal_winterwanderweg-hochalm-hochalmbahnen-ag_final-10-1200x675.jpg 1200w\" sizes=\"(max-width: 1170px) 100vw, 1170px\"><p id=\"caption-attachment-160718\" class=\"wp-caption-text\">Zimn\u00ed v\u00fdlety v Raurisertalu \u00a9 Hochalmbahnen AG, Daniel Breuer<\/p><\/div>\n<\/div>\n","protected":false},"excerpt":{"rendered":"<p>Raurisertal a jeho t\u0159i velk\u00e1 bo\u010dn\u00ed \u00fadol\u00ed \u2013 Krumltal, H\u00fcttwinkltal a Seidlwinkltal\u00a0pat\u0159\u00ed od roku\u00a01984\u00a0z velk\u00e9 \u010d\u00e1sti k N\u00e1rodn\u00edmu parku Vysok\u00e9 Taury.\u00a0Samotn\u00fd Raurisertal je tak unik\u00e1tn\u00ed, \u017ee tvo\u0159\u00ed uprost\u0159ed N\u00e1rodn\u00edho parku Vysok\u00e9 Taury sv\u016fj vlastn\u00ed jedine\u010dn\u00fd sv\u011bt.\u00a0Kulturn\u011b historick\u00e9 zvl\u00e1\u0161tnosti regionu zahrnuj\u00ed b\u00fdvalou\u00a0t\u011b\u017ebu zlata\u00a0a poz\u016fstatky\u00a0obchodn\u00edch cest p\u0159es pr\u016fsmyky Alp.\u00a0Najdete tu p\u0159\u00edrodn\u00ed bohatstv\u00ed v podob\u011b vz\u00e1cn\u00fdch miner\u00e1l\u016f a [&hellip;]<\/p>\n","protected":false},"author":6,"featured_media":160683,"comment_status":"closed","ping_status":"closed","sticky":false,"template":"","format":"standard","meta":{"_acf_changed":false,"wl_entities_gutenberg":"","_relevanssi_hide_post":"","_relevanssi_hide_content":"","_relevanssi_pin_for_all":"","_relevanssi_pin_keywords":"","_relevanssi_unpin_keywords":"","_relevanssi_related_keywords":"","_relevanssi_related_include_ids":"","_relevanssi_related_exclude_ids":"","_relevanssi_related_no_append":"","_relevanssi_related_not_related":"","_relevanssi_related_posts":"","_relevanssi_noindex_reason":"","footnotes":""},"categories":[1],"tags":[],"wl_entity_type":[706],"class_list":["post-150612","post","type-post","status-publish","format-standard","has-post-thumbnail","hentry","category-uncategorized","wl_entity_type-article"],"acf":[],"yoast_head":"<!-- This site is optimized with the Yoast SEO Premium plugin v27.4 (Yoast SEO v27.4) - https:\/\/yoast.com\/product\/yoast-seo-premium-wordpress\/ -->\n<title>\u00datulno a p\u0159\u00edjemn\u00e1 atmosf\u00e9ra v zimn\u00edm Raurisertalu \u00bb SalzburgerLand.com<\/title>\n<meta name=\"robots\" content=\"index, follow, max-snippet:-1, max-image-preview:large, max-video-preview:-1\" \/>\n<link rel=\"canonical\" href=\"https:\/\/www.salzburgerland.com\/cs\/raurisertal-utulno-a-prijemna-atmosfera-v-zime\/\" \/>\n<meta property=\"og:locale\" content=\"cs_CZ\" \/>\n<meta property=\"og:type\" content=\"article\" \/>\n<meta property=\"og:title\" content=\"\u00datulno a p\u0159\u00edjemn\u00e1 atmosf\u00e9ra v zimn\u00edm Raurisertalu\" \/>\n<meta property=\"og:description\" content=\"Raurisertal a jeho t\u0159i velk\u00e1 bo\u010dn\u00ed \u00fadol\u00ed - Krumltal, H\u00fcttwinkltal a Seidlwinkltal\u00a0pat\u0159\u00ed od roku\u00a01984\u00a0z velk\u00e9 \u010d\u00e1sti k N\u00e1rodn\u00edmu parku Vysok\u00e9 Taury.\u00a0Samotn\u00fd\" \/>\n<meta property=\"og:url\" content=\"https:\/\/www.salzburgerland.com\/cs\/raurisertal-utulno-a-prijemna-atmosfera-v-zime\/\" \/>\n<meta property=\"og:site_name\" content=\"SalzburgerLand.com\" \/>\n<meta property=\"article:publisher\" content=\"https:\/\/www.facebook.com\/visitsalzburgerland\/\" \/>\n<meta property=\"article:published_time\" content=\"2021-12-07T15:57:21+00:00\" \/>\n<meta property=\"article:modified_time\" content=\"2024-10-13T10:57:27+00:00\" \/>\n<meta property=\"og:image\" content=\"https:\/\/www.salzburgerland.com\/cs\/wp-content\/uploads\/2019\/09\/raurisertal-blick-auf-skigebiet-ctvb-rauris-fotograf-bachmeier-1200x675.jpg\" \/>\n\t<meta property=\"og:image:width\" content=\"1200\" \/>\n\t<meta property=\"og:image:height\" content=\"675\" \/>\n\t<meta property=\"og:image:type\" content=\"image\/jpeg\" \/>\n<meta name=\"author\" content=\"Andrea \u017d\u00e1\u010dkov\u00e1\" \/>\n<meta name=\"twitter:card\" content=\"summary_large_image\" \/>\n<meta name=\"twitter:creator\" content=\"@salzburgerland\" \/>\n<meta name=\"twitter:site\" content=\"@salzburgerland\" \/>\n<meta name=\"twitter:label1\" content=\"Napsal(a)\" \/>\n\t<meta name=\"twitter:data1\" content=\"Andrea \u017d\u00e1\u010dkov\u00e1\" \/>\n\t<meta name=\"twitter:label2\" content=\"Odhadovan\u00e1 doba \u010dten\u00ed\" \/>\n\t<meta name=\"twitter:data2\" content=\"5 minut\" \/>\n<script type=\"application\/ld+json\" class=\"yoast-schema-graph\">{\"@context\":\"https:\\\/\\\/schema.org\",\"@graph\":[{\"@type\":\"Article\",\"@id\":\"https:\\\/\\\/www.salzburgerland.com\\\/cs\\\/raurisertal-utulno-a-prijemna-atmosfera-v-zime\\\/#article\",\"isPartOf\":{\"@id\":\"https:\\\/\\\/www.salzburgerland.com\\\/cs\\\/raurisertal-utulno-a-prijemna-atmosfera-v-zime\\\/\"},\"author\":{\"name\":\"Andrea \u017d\u00e1\u010dkov\u00e1\",\"@id\":\"https:\\\/\\\/www.salzburgerland.com\\\/cs\\\/#\\\/schema\\\/person\\\/dd42a4661897004df109095dbf40eeff\"},\"headline\":\"\u00datulno a p\u0159\u00edjemn\u00e1 atmosf\u00e9ra v zimn\u00edm Raurisertalu\",\"datePublished\":\"2021-12-07T15:57:21+00:00\",\"dateModified\":\"2024-10-13T10:57:27+00:00\",\"mainEntityOfPage\":{\"@id\":\"https:\\\/\\\/www.salzburgerland.com\\\/cs\\\/raurisertal-utulno-a-prijemna-atmosfera-v-zime\\\/\"},\"wordCount\":728,\"image\":{\"@id\":\"https:\\\/\\\/www.salzburgerland.com\\\/cs\\\/raurisertal-utulno-a-prijemna-atmosfera-v-zime\\\/#primaryimage\"},\"thumbnailUrl\":\"https:\\\/\\\/www.salzburgerland.com\\\/cs\\\/wp-content\\\/uploads\\\/2019\\\/09\\\/raurisertal-blick-auf-skigebiet-ctvb-rauris-fotograf-bachmeier.jpg\",\"articleSection\":[\"Uncategorized\"],\"inLanguage\":\"cs\"},{\"@type\":\"WebPage\",\"@id\":\"https:\\\/\\\/www.salzburgerland.com\\\/cs\\\/raurisertal-utulno-a-prijemna-atmosfera-v-zime\\\/\",\"url\":\"https:\\\/\\\/www.salzburgerland.com\\\/cs\\\/raurisertal-utulno-a-prijemna-atmosfera-v-zime\\\/\",\"name\":\"\u00datulno a p\u0159\u00edjemn\u00e1 atmosf\u00e9ra v zimn\u00edm Raurisertalu \u00bb SalzburgerLand.com\",\"isPartOf\":{\"@id\":\"https:\\\/\\\/www.salzburgerland.com\\\/cs\\\/#website\"},\"primaryImageOfPage\":{\"@id\":\"https:\\\/\\\/www.salzburgerland.com\\\/cs\\\/raurisertal-utulno-a-prijemna-atmosfera-v-zime\\\/#primaryimage\"},\"image\":{\"@id\":\"https:\\\/\\\/www.salzburgerland.com\\\/cs\\\/raurisertal-utulno-a-prijemna-atmosfera-v-zime\\\/#primaryimage\"},\"thumbnailUrl\":\"https:\\\/\\\/www.salzburgerland.com\\\/cs\\\/wp-content\\\/uploads\\\/2019\\\/09\\\/raurisertal-blick-auf-skigebiet-ctvb-rauris-fotograf-bachmeier.jpg\",\"datePublished\":\"2021-12-07T15:57:21+00:00\",\"dateModified\":\"2024-10-13T10:57:27+00:00\",\"author\":{\"@id\":\"https:\\\/\\\/www.salzburgerland.com\\\/cs\\\/#\\\/schema\\\/person\\\/dd42a4661897004df109095dbf40eeff\"},\"description\":\"Divok\u00e1 kr\u00e1sa p\u0159\u00edrody, jedine\u010dn\u00e1\u00a0alpsk\u00e1 fauna a fl\u00f3ra, n\u00e1dhern\u00e9 horsk\u00e9 vrcholy nebo ledovce.\",\"breadcrumb\":{\"@id\":\"https:\\\/\\\/www.salzburgerland.com\\\/cs\\\/raurisertal-utulno-a-prijemna-atmosfera-v-zime\\\/#breadcrumb\"},\"inLanguage\":\"cs\",\"potentialAction\":[{\"@type\":\"ReadAction\",\"target\":[\"https:\\\/\\\/www.salzburgerland.com\\\/cs\\\/raurisertal-utulno-a-prijemna-atmosfera-v-zime\\\/\"]}]},{\"@type\":\"ImageObject\",\"inLanguage\":\"cs\",\"@id\":\"https:\\\/\\\/www.salzburgerland.com\\\/cs\\\/raurisertal-utulno-a-prijemna-atmosfera-v-zime\\\/#primaryimage\",\"url\":\"https:\\\/\\\/www.salzburgerland.com\\\/cs\\\/wp-content\\\/uploads\\\/2019\\\/09\\\/raurisertal-blick-auf-skigebiet-ctvb-rauris-fotograf-bachmeier.jpg\",\"contentUrl\":\"https:\\\/\\\/www.salzburgerland.com\\\/cs\\\/wp-content\\\/uploads\\\/2019\\\/09\\\/raurisertal-blick-auf-skigebiet-ctvb-rauris-fotograf-bachmeier.jpg\",\"width\":1500,\"height\":1000,\"caption\":\"Malebn\u00fd Raurisertal v N\u00e1rodn\u00edm parku Vysok\u00e9 Taury \u00a9 TVB Rauris, Florian Bachmeier\"},{\"@type\":\"BreadcrumbList\",\"@id\":\"https:\\\/\\\/www.salzburgerland.com\\\/cs\\\/raurisertal-utulno-a-prijemna-atmosfera-v-zime\\\/#breadcrumb\",\"itemListElement\":[{\"@type\":\"ListItem\",\"position\":1,\"name\":\"Raurisertal v zim\u011b\",\"item\":\"https:\\\/\\\/www.salzburgerland.com\\\/cs\\\/raurisertal-v-zime\\\/\"},{\"@type\":\"ListItem\",\"position\":2,\"name\":\"\u00datulno a p\u0159\u00edjemn\u00e1 atmosf\u00e9ra v zimn\u00edm Raurisertalu\"}]},{\"@type\":\"WebSite\",\"@id\":\"https:\\\/\\\/www.salzburgerland.com\\\/cs\\\/#website\",\"url\":\"https:\\\/\\\/www.salzburgerland.com\\\/cs\\\/\",\"name\":\"SalzburgerLand.com\",\"description\":\"Va\u0161e dovolen\u00e1 v Salcburku, Rakousko\",\"potentialAction\":[{\"@type\":\"SearchAction\",\"target\":{\"@type\":\"EntryPoint\",\"urlTemplate\":\"https:\\\/\\\/www.salzburgerland.com\\\/cs\\\/?s={search_term_string}\"},\"query-input\":{\"@type\":\"PropertyValueSpecification\",\"valueRequired\":true,\"valueName\":\"search_term_string\"}}],\"inLanguage\":\"cs\"},{\"@type\":\"Person\",\"@id\":\"https:\\\/\\\/www.salzburgerland.com\\\/cs\\\/#\\\/schema\\\/person\\\/dd42a4661897004df109095dbf40eeff\",\"name\":\"Andrea \u017d\u00e1\u010dkov\u00e1\",\"image\":{\"@type\":\"ImageObject\",\"inLanguage\":\"cs\",\"@id\":\"https:\\\/\\\/secure.gravatar.com\\\/avatar\\\/338deec8d231d56d0ab7b2b7d6d0aedbcb3eb05390f6c027fd5b7ebe87b67dbf?s=96&d=mm&r=g\",\"url\":\"https:\\\/\\\/secure.gravatar.com\\\/avatar\\\/338deec8d231d56d0ab7b2b7d6d0aedbcb3eb05390f6c027fd5b7ebe87b67dbf?s=96&d=mm&r=g\",\"contentUrl\":\"https:\\\/\\\/secure.gravatar.com\\\/avatar\\\/338deec8d231d56d0ab7b2b7d6d0aedbcb3eb05390f6c027fd5b7ebe87b67dbf?s=96&d=mm&r=g\",\"caption\":\"Andrea \u017d\u00e1\u010dkov\u00e1\"}}]}<\/script>\n<!-- \/ Yoast SEO Premium plugin. -->","yoast_head_json":{"title":"\u00datulno a p\u0159\u00edjemn\u00e1 atmosf\u00e9ra v zimn\u00edm Raurisertalu \u00bb SalzburgerLand.com","robots":{"index":"index","follow":"follow","max-snippet":"max-snippet:-1","max-image-preview":"max-image-preview:large","max-video-preview":"max-video-preview:-1"},"canonical":"https:\/\/www.salzburgerland.com\/cs\/raurisertal-utulno-a-prijemna-atmosfera-v-zime\/","og_locale":"cs_CZ","og_type":"article","og_title":"\u00datulno a p\u0159\u00edjemn\u00e1 atmosf\u00e9ra v zimn\u00edm Raurisertalu","og_description":"Raurisertal a jeho t\u0159i velk\u00e1 bo\u010dn\u00ed \u00fadol\u00ed - Krumltal, H\u00fcttwinkltal a Seidlwinkltal\u00a0pat\u0159\u00ed od roku\u00a01984\u00a0z velk\u00e9 \u010d\u00e1sti k N\u00e1rodn\u00edmu parku Vysok\u00e9 Taury.\u00a0Samotn\u00fd","og_url":"https:\/\/www.salzburgerland.com\/cs\/raurisertal-utulno-a-prijemna-atmosfera-v-zime\/","og_site_name":"SalzburgerLand.com","article_publisher":"https:\/\/www.facebook.com\/visitsalzburgerland\/","article_published_time":"2021-12-07T15:57:21+00:00","article_modified_time":"2024-10-13T10:57:27+00:00","og_image":[{"width":1200,"height":675,"url":"https:\/\/www.salzburgerland.com\/cs\/wp-content\/uploads\/2019\/09\/raurisertal-blick-auf-skigebiet-ctvb-rauris-fotograf-bachmeier-1200x675.jpg","type":"image\/jpeg"}],"author":"Andrea \u017d\u00e1\u010dkov\u00e1","twitter_card":"summary_large_image","twitter_creator":"@salzburgerland","twitter_site":"@salzburgerland","twitter_misc":{"Napsal(a)":"Andrea \u017d\u00e1\u010dkov\u00e1","Odhadovan\u00e1 doba \u010dten\u00ed":"5 minut"},"schema":{"@context":"https:\/\/schema.org","@graph":[{"@type":"Article","@id":"https:\/\/www.salzburgerland.com\/cs\/raurisertal-utulno-a-prijemna-atmosfera-v-zime\/#article","isPartOf":{"@id":"https:\/\/www.salzburgerland.com\/cs\/raurisertal-utulno-a-prijemna-atmosfera-v-zime\/"},"author":{"name":"Andrea \u017d\u00e1\u010dkov\u00e1","@id":"https:\/\/www.salzburgerland.com\/cs\/#\/schema\/person\/dd42a4661897004df109095dbf40eeff"},"headline":"\u00datulno a p\u0159\u00edjemn\u00e1 atmosf\u00e9ra v zimn\u00edm Raurisertalu","datePublished":"2021-12-07T15:57:21+00:00","dateModified":"2024-10-13T10:57:27+00:00","mainEntityOfPage":{"@id":"https:\/\/www.salzburgerland.com\/cs\/raurisertal-utulno-a-prijemna-atmosfera-v-zime\/"},"wordCount":728,"image":{"@id":"https:\/\/www.salzburgerland.com\/cs\/raurisertal-utulno-a-prijemna-atmosfera-v-zime\/#primaryimage"},"thumbnailUrl":"https:\/\/www.salzburgerland.com\/cs\/wp-content\/uploads\/2019\/09\/raurisertal-blick-auf-skigebiet-ctvb-rauris-fotograf-bachmeier.jpg","articleSection":["Uncategorized"],"inLanguage":"cs"},{"@type":"WebPage","@id":"https:\/\/www.salzburgerland.com\/cs\/raurisertal-utulno-a-prijemna-atmosfera-v-zime\/","url":"https:\/\/www.salzburgerland.com\/cs\/raurisertal-utulno-a-prijemna-atmosfera-v-zime\/","name":"\u00datulno a p\u0159\u00edjemn\u00e1 atmosf\u00e9ra v zimn\u00edm Raurisertalu \u00bb SalzburgerLand.com","isPartOf":{"@id":"https:\/\/www.salzburgerland.com\/cs\/#website"},"primaryImageOfPage":{"@id":"https:\/\/www.salzburgerland.com\/cs\/raurisertal-utulno-a-prijemna-atmosfera-v-zime\/#primaryimage"},"image":{"@id":"https:\/\/www.salzburgerland.com\/cs\/raurisertal-utulno-a-prijemna-atmosfera-v-zime\/#primaryimage"},"thumbnailUrl":"https:\/\/www.salzburgerland.com\/cs\/wp-content\/uploads\/2019\/09\/raurisertal-blick-auf-skigebiet-ctvb-rauris-fotograf-bachmeier.jpg","datePublished":"2021-12-07T15:57:21+00:00","dateModified":"2024-10-13T10:57:27+00:00","author":{"@id":"https:\/\/www.salzburgerland.com\/cs\/#\/schema\/person\/dd42a4661897004df109095dbf40eeff"},"description":"Divok\u00e1 kr\u00e1sa p\u0159\u00edrody, jedine\u010dn\u00e1\u00a0alpsk\u00e1 fauna a fl\u00f3ra, n\u00e1dhern\u00e9 horsk\u00e9 vrcholy nebo ledovce.","breadcrumb":{"@id":"https:\/\/www.salzburgerland.com\/cs\/raurisertal-utulno-a-prijemna-atmosfera-v-zime\/#breadcrumb"},"inLanguage":"cs","potentialAction":[{"@type":"ReadAction","target":["https:\/\/www.salzburgerland.com\/cs\/raurisertal-utulno-a-prijemna-atmosfera-v-zime\/"]}]},{"@type":"ImageObject","inLanguage":"cs","@id":"https:\/\/www.salzburgerland.com\/cs\/raurisertal-utulno-a-prijemna-atmosfera-v-zime\/#primaryimage","url":"https:\/\/www.salzburgerland.com\/cs\/wp-content\/uploads\/2019\/09\/raurisertal-blick-auf-skigebiet-ctvb-rauris-fotograf-bachmeier.jpg","contentUrl":"https:\/\/www.salzburgerland.com\/cs\/wp-content\/uploads\/2019\/09\/raurisertal-blick-auf-skigebiet-ctvb-rauris-fotograf-bachmeier.jpg","width":1500,"height":1000,"caption":"Malebn\u00fd Raurisertal v N\u00e1rodn\u00edm parku Vysok\u00e9 Taury \u00a9 TVB Rauris, Florian Bachmeier"},{"@type":"BreadcrumbList","@id":"https:\/\/www.salzburgerland.com\/cs\/raurisertal-utulno-a-prijemna-atmosfera-v-zime\/#breadcrumb","itemListElement":[{"@type":"ListItem","position":1,"name":"Raurisertal v zim\u011b","item":"https:\/\/www.salzburgerland.com\/cs\/raurisertal-v-zime\/"},{"@type":"ListItem","position":2,"name":"\u00datulno a p\u0159\u00edjemn\u00e1 atmosf\u00e9ra v zimn\u00edm Raurisertalu"}]},{"@type":"WebSite","@id":"https:\/\/www.salzburgerland.com\/cs\/#website","url":"https:\/\/www.salzburgerland.com\/cs\/","name":"SalzburgerLand.com","description":"Va\u0161e dovolen\u00e1 v Salcburku, Rakousko","potentialAction":[{"@type":"SearchAction","target":{"@type":"EntryPoint","urlTemplate":"https:\/\/www.salzburgerland.com\/cs\/?s={search_term_string}"},"query-input":{"@type":"PropertyValueSpecification","valueRequired":true,"valueName":"search_term_string"}}],"inLanguage":"cs"},{"@type":"Person","@id":"https:\/\/www.salzburgerland.com\/cs\/#\/schema\/person\/dd42a4661897004df109095dbf40eeff","name":"Andrea \u017d\u00e1\u010dkov\u00e1","image":{"@type":"ImageObject","inLanguage":"cs","@id":"https:\/\/secure.gravatar.com\/avatar\/338deec8d231d56d0ab7b2b7d6d0aedbcb3eb05390f6c027fd5b7ebe87b67dbf?s=96&d=mm&r=g","url":"https:\/\/secure.gravatar.com\/avatar\/338deec8d231d56d0ab7b2b7d6d0aedbcb3eb05390f6c027fd5b7ebe87b67dbf?s=96&d=mm&r=g","contentUrl":"https:\/\/secure.gravatar.com\/avatar\/338deec8d231d56d0ab7b2b7d6d0aedbcb3eb05390f6c027fd5b7ebe87b67dbf?s=96&d=mm&r=g","caption":"Andrea \u017d\u00e1\u010dkov\u00e1"}}]}},"_wl_alt_label":[],"wl:entity_url":"http:\/\/open.salzburgerland.com\/cs\/post\/raurisertal_utulno_a_prijemna_atmosfera_v_zime","_links":{"self":[{"href":"https:\/\/www.salzburgerland.com\/cs\/wp-json\/wp\/v2\/posts\/150612","targetHints":{"allow":["GET"]}}],"collection":[{"href":"https:\/\/www.salzburgerland.com\/cs\/wp-json\/wp\/v2\/posts"}],"about":[{"href":"https:\/\/www.salzburgerland.com\/cs\/wp-json\/wp\/v2\/types\/post"}],"author":[{"embeddable":true,"href":"https:\/\/www.salzburgerland.com\/cs\/wp-json\/wp\/v2\/users\/6"}],"replies":[{"embeddable":true,"href":"https:\/\/www.salzburgerland.com\/cs\/wp-json\/wp\/v2\/comments?post=150612"}],"version-history":[{"count":6,"href":"https:\/\/www.salzburgerland.com\/cs\/wp-json\/wp\/v2\/posts\/150612\/revisions"}],"predecessor-version":[{"id":160725,"href":"https:\/\/www.salzburgerland.com\/cs\/wp-json\/wp\/v2\/posts\/150612\/revisions\/160725"}],"wp:featuredmedia":[{"embeddable":true,"href":"https:\/\/www.salzburgerland.com\/cs\/wp-json\/wp\/v2\/media\/160683"}],"wp:attachment":[{"href":"https:\/\/www.salzburgerland.com\/cs\/wp-json\/wp\/v2\/media?parent=150612"}],"wp:term":[{"taxonomy":"category","embeddable":true,"href":"https:\/\/www.salzburgerland.com\/cs\/wp-json\/wp\/v2\/categories?post=150612"},{"taxonomy":"post_tag","embeddable":true,"href":"https:\/\/www.salzburgerland.com\/cs\/wp-json\/wp\/v2\/tags?post=150612"},{"taxonomy":"wl_entity_type","embeddable":true,"href":"https:\/\/www.salzburgerland.com\/cs\/wp-json\/wp\/v2\/wl_entity_type?post=150612"}],"curies":[{"name":"wp","href":"https:\/\/api.w.org\/{rel}","templated":true}]}}