{"id":150571,"date":"2021-12-02T13:52:14","date_gmt":"2021-12-02T12:52:14","guid":{"rendered":"https:\/\/www.salzburgerland.com\/cs\/?p=150571"},"modified":"2023-10-09T11:51:19","modified_gmt":"2023-10-09T09:51:19","slug":"raurisertal-turistika-na-sneznicich","status":"publish","type":"post","link":"https:\/\/www.salzburgerland.com\/cs\/raurisertal-turistika-na-sneznicich\/","title":{"rendered":"Turistika na sn\u011b\u017enic\u00edch v Raurisertalu"},"content":{"rendered":"<div id=\"attachment_158007\" style=\"width: 1180px\" class=\"wp-caption alignnone\"><img decoding=\"async\" aria-describedby=\"caption-attachment-158007\" class=\"size-1170_658 wp-image-158007\" src=\"https:\/\/www.salzburgerland.com\/cs\/wp-content\/uploads\/2021\/12\/schneeschuhwandern_rauris5-cferienregion_nationalpark_hohe_tauernbranislav_rohal-1170x658.jpg\" alt=\"P\u0159\u00edroda v Raurisertalu l\u00e1k\u00e1 k v\u00fdlet\u016fm na sn\u011b\u017enic\u00edch\" width=\"1170\" height=\"658\" srcset=\"https:\/\/www.salzburgerland.com\/cs\/wp-content\/uploads\/2021\/12\/schneeschuhwandern_rauris5-cferienregion_nationalpark_hohe_tauernbranislav_rohal-1170x658.jpg 1170w, https:\/\/www.salzburgerland.com\/cs\/wp-content\/uploads\/2021\/12\/schneeschuhwandern_rauris5-cferienregion_nationalpark_hohe_tauernbranislav_rohal-1200x675.jpg 1200w\" sizes=\"(max-width: 1170px) 100vw, 1170px\"><p id=\"caption-attachment-158007\" class=\"wp-caption-text\">P\u0159\u00edroda, kter\u00e1 l\u00e1k\u00e1 k v\u00fdlet\u016fm na sn\u011b\u017enic\u00edch \u00a9 Ferienregion Natinalpark Hohe Tauern; Branislav Rohal<\/p><\/div>\n<p>Poh\u00e1dkov\u011b kr\u00e1sn\u00e1 p\u0159\u00edroda, zasn\u011b\u017een\u00e9 hory a nefal\u0161ovan\u00e1, p\u0159\u00e1telsk\u00e1 pohostinnost. S\u00a0t\u00edm v\u0161\u00edm se m\u016f\u017eete setkat na <strong>zimn\u00ed dovolen\u00e9 v\u00a0Raurisertalu<\/strong>. V\u00a0nadmo\u0159sk\u00e9 v\u00fd\u0161ce okolo 1000 metr\u016f si host\u00e9 skv\u011ble odpo\u010dinou od shonu a hekti\u010dnosti. Na ka\u017ed\u00e9m kroku je tady c\u00edtit s\u00edla p\u0159\u00edrody, kter\u00e1 motivuje k\u00a0pohybu, ale tak\u00e9 v\u011bdom\u00e9mu zklidn\u011bn\u00ed a relaxaci. Mo\u017enost\u00ed sportovn\u00edch i rekrea\u010dn\u00edch aktivit je tu cel\u00e1 \u0159ada.<\/p>\n<h3>Vydejte se na sn\u011b\u017enic\u00edch b\u00edl\u00fdmi lesy<\/h3>\n<p>Pro\u0161li byste se nap\u0159\u00edklad r\u00e1di na <strong><a href=\"https:\/\/www.raurisertal.at\/en\/winter\/active-in-winter\/snowshoeing\/\" target=\"_blank\" rel=\"noopener\">sn\u011b\u017enic\u00edch<\/a><\/strong> b\u00edl\u00fdmi lesy se spr\u00e1vci N\u00e1rodn\u00edho parku na \u00fapat\u00ed hory\u00a0<strong>Hohe Sonnblick<\/strong>? Tra\u0165 ur\u010den\u00e1 pro ch\u016fzi na sn\u011b\u017enic\u00edch se vine od hostince Alpengasthof Bodenhaus (1280 m n. m) a vede a\u017e na konec \u00fadol\u00ed u Kolm Saigurn (1600 m n. m.). Trasa <span _istranslated=\"1\">p\u0159ekon\u00e1v\u00e1 p\u0159ev\u00fd\u0161en\u00ed 370 m a jednosm\u011brn\u00e1 t\u00fara trv\u00e1 zhruba 3 h. Z Raurisu k Bodenhausu a zp\u011bt m\u016f\u017eete dojet <strong>bezplatn\u00fdm turistick\u00fd autobusem. <\/strong><\/span><\/p>\n\n\t\t\t<div id=\"150571-1\" class=\"gallery gallery-150571 gallery-columns-3 gallery-size-1170_658\" itemscope itemtype=\"http:\/\/schema.org\/ImageGallery\">\n\t\t\t\t<ul class=\"gallery-row gallery-col-3 gallery-clear\">\n\t\t\t\t\t<li class=\"gallery-item col-3\" itemprop=\"associatedMedia\" itemscope itemtype=\"http:\/\/schema.org\/ImageObject\">\n\t\t\t\t\t\t<div class=\"gallery-icon landscape\"><a href=\"https:\/\/www.salzburgerland.com\/cs\/wp-content\/uploads\/2021\/12\/schneeschuhe_sonnblick_rauris15-cferienregion_nationalpark_hoe_tauern_branislav_rohal-1170x658-1.jpg\" title=\"schneeschuhe_sonnblick_rauris15-cferienregion_nationalpark_hoe_tauern_branislav_rohal-1170x658\"><img decoding=\"async\" data-title=\"Na sn\u011b\u017enic\u00edch k Hoher Sonnblick \u00a9 Ferienregion Nationalpark Vysok\u00e9 Taury, Bronislav Rohal\" title=\"Na sn\u011b\u017enic\u00edch k Hoher Sonnblick \u00a9 Ferienregion Nationalpark Vysok\u00e9 Taury, Bronislav Rohal\" data-caption=\"Na sn\u011b\u017enic\u00edch k Hoher Sonnblick \u00a9 Ferienregion Nationalpark Vysok\u00e9 Taury, Bronislav Rohal\" width=\"1170\" height=\"658\" src=\"https:\/\/www.salzburgerland.com\/cs\/wp-content\/uploads\/2021\/12\/schneeschuhe_sonnblick_rauris15-cferienregion_nationalpark_hoe_tauern_branislav_rohal-1170x658-1.jpg\" class=\"attachment-1170_658 size-1170_658\" alt=\"Dva lid\u00e9 jdou na sn\u011b\u017enic\u00edch do kopce v zasn\u011b\u017een\u00e9 krajin\u011b Raurisertalu s borovicemi a vysok\u00fdm vrcholem v pozad\u00ed. (Zv\u011bt\u0161en\u00fd pohled)\" srcset=\"https:\/\/www.salzburgerland.com\/cs\/wp-content\/uploads\/2021\/12\/schneeschuhe_sonnblick_rauris15-cferienregion_nationalpark_hoe_tauern_branislav_rohal-1170x658-1.jpg 1170w, https:\/\/www.salzburgerland.com\/cs\/wp-content\/uploads\/2021\/12\/schneeschuhe_sonnblick_rauris15-cferienregion_nationalpark_hoe_tauern_branislav_rohal-1170x658-1-768x432.jpg 768w\" sizes=\"(max-width: 1170px) 100vw, 1170px\" aria-describedby=\"figcaption-150571-150574\" itemprop=\"thumbnail\"><\/a><\/div>\n\t\t\t\t\t\t<span id=\"figcaption-150571-150574\" class=\"gallery-caption\" itemprop=\"caption\"><span aria-hidden=\"true\">Na sn\u011b\u017enic\u00edch k Hoher Sonnblick \u00a9 Ferienregion Nationalpark Vysok\u00e9 Taury, Bronislav Rohal<\/span><\/span>\n\t\t\t\t\t<\/li>\n\t\t\t\t\t<li class=\"gallery-item col-3\" itemprop=\"associatedMedia\" itemscope itemtype=\"http:\/\/schema.org\/ImageObject\">\n\t\t\t\t\t\t<div class=\"gallery-icon landscape\"><a href=\"https:\/\/www.salzburgerland.com\/cs\/wp-content\/uploads\/2021\/12\/schneeschuhwandern_ranger_19-cferienregion_nationalpark_hohe_tauern_branislav_rohal-1920x1067-1.jpg\" title=\"schneeschuhwandern_ranger_19-cferienregion_nationalpark_hohe_tauern_branislav_rohal-1920x1067\"><img decoding=\"async\" data-title=\"V\u00fdpravy na sn\u011b\u017enic\u00edch s pr\u016fvodcem \u00a9 Ferienregion Nationalpark Vysok\u00e9 Taury, Bronislav Rohal\" title=\"V\u00fdpravy na sn\u011b\u017enic\u00edch s pr\u016fvodcem \u00a9 Ferienregion Nationalpark Vysok\u00e9 Taury, Bronislav Rohal\" data-caption=\"V\u00fdpravy na sn\u011b\u017enic\u00edch s pr\u016fvodcem \u00a9 Ferienregion Nationalpark Vysok\u00e9 Taury, Bronislav Rohal\" width=\"1170\" height=\"658\" src=\"https:\/\/www.salzburgerland.com\/cs\/wp-content\/uploads\/2021\/12\/schneeschuhwandern_ranger_19-cferienregion_nationalpark_hohe_tauern_branislav_rohal-1920x1067-1-1170x658.jpg\" class=\"attachment-1170_658 size-1170_658\" alt=\"T\u0159i lid\u00e9 se sn\u011b\u017enicemi putuj\u00ed hlubok\u00fdm sn\u011bhem v zimn\u00ed zalesn\u011bn\u00e9 krajin\u011b Raurisertalu. (Zv\u011bt\u0161en\u00fd pohled)\" srcset=\"https:\/\/www.salzburgerland.com\/cs\/wp-content\/uploads\/2021\/12\/schneeschuhwandern_ranger_19-cferienregion_nationalpark_hohe_tauern_branislav_rohal-1920x1067-1-1170x658.jpg 1170w, https:\/\/www.salzburgerland.com\/cs\/wp-content\/uploads\/2021\/12\/schneeschuhwandern_ranger_19-cferienregion_nationalpark_hohe_tauern_branislav_rohal-1920x1067-1-1200x675.jpg 1200w\" sizes=\"(max-width: 1170px) 100vw, 1170px\" aria-describedby=\"figcaption-150571-150575\" itemprop=\"thumbnail\"><\/a><\/div>\n\t\t\t\t\t\t<span id=\"figcaption-150571-150575\" class=\"gallery-caption\" itemprop=\"caption\"><span aria-hidden=\"true\">V\u00fdpravy na sn\u011b\u017enic\u00edch s pr\u016fvodcem \u00a9 Ferienregion Nationalpark Vysok\u00e9 Taury, Bronislav Rohal<\/span><\/span>\n\t\t\t\t\t<\/li>\n\t\t\t\t\t<li class=\"gallery-item col-3\" itemprop=\"associatedMedia\" itemscope itemtype=\"http:\/\/schema.org\/ImageObject\">\n\t\t\t\t\t\t<div class=\"gallery-icon landscape\"><a href=\"https:\/\/www.salzburgerland.com\/cs\/wp-content\/uploads\/2021\/12\/schneeschuhwandern_ranger_rauris23-cferienregion_nationalparkhohe_tauern_branislav_rohal-1920x1067-1.jpg\" title=\"schneeschuhwandern_ranger_rauris23-cferienregion_nationalparkhohe_tauern_branislav_rohal-1920x1067\"><img decoding=\"async\" data-title=\"B\u00edlou krajinou v Raurisertalu na sn\u011b\u017enic\u00edch \u00a9 Ferienregion Nationalpark Vysok\u00e9 Taury, Bronislav Rohal\" title=\"B\u00edlou krajinou v Raurisertalu na sn\u011b\u017enic\u00edch \u00a9 Ferienregion Nationalpark Vysok\u00e9 Taury, Bronislav Rohal\" data-caption=\"B\u00edlou krajinou v Raurisertalu na sn\u011b\u017enic\u00edch \u00a9 Ferienregion Nationalpark Vysok\u00e9 Taury, Bronislav Rohal\" width=\"1170\" height=\"658\" src=\"https:\/\/www.salzburgerland.com\/cs\/wp-content\/uploads\/2021\/12\/schneeschuhwandern_ranger_rauris23-cferienregion_nationalparkhohe_tauern_branislav_rohal-1920x1067-1-1170x658.jpg\" class=\"attachment-1170_658 size-1170_658\" alt=\"Trojice turist\u016f kr\u00e1\u010d\u00ed hlubok\u00fdm sn\u011bhem v Raurisertalu (Zv\u011bt\u0161en\u00fd pohled)\" srcset=\"https:\/\/www.salzburgerland.com\/cs\/wp-content\/uploads\/2021\/12\/schneeschuhwandern_ranger_rauris23-cferienregion_nationalparkhohe_tauern_branislav_rohal-1920x1067-1-1170x658.jpg 1170w, https:\/\/www.salzburgerland.com\/cs\/wp-content\/uploads\/2021\/12\/schneeschuhwandern_ranger_rauris23-cferienregion_nationalparkhohe_tauern_branislav_rohal-1920x1067-1-1200x675.jpg 1200w\" sizes=\"(max-width: 1170px) 100vw, 1170px\" aria-describedby=\"figcaption-150571-150576\" itemprop=\"thumbnail\"><\/a><\/div>\n\t\t\t\t\t\t<span id=\"figcaption-150571-150576\" class=\"gallery-caption\" itemprop=\"caption\"><span aria-hidden=\"true\">B\u00edlou krajinou v Raurisertalu na sn\u011b\u017enic\u00edch \u00a9 Ferienregion Nationalpark Vysok\u00e9 Taury, Bronislav Rohal<\/span><\/span>\n\t\t\t\t\t<\/li>\n\t\t\t\t<\/ul>\n\t\t\t<\/div><!-- .gallery -->\n\n<p>B\u011bhem zimn\u00ed sez\u00f3ny je mo\u017en\u00e9 vydat se dvakr\u00e1t t\u00fddn\u011b na <span id=\"urn:local-text-annotation-gpx9jln8b3iu7nl837f9suul80fbrt0r\" class=\"textannotation disambiguated wl-thing\" itemid=\"http:\/\/open.salzburgerland.com\/cs\/entity\/vylety-na-sneznicich\">v\u00fdlety na <a href=\"https:\/\/www.raurisertal.at\/en\/winter\/active-in-winter\/snowshoeing\/\" target=\"_blank\" rel=\"noopener\">sn\u011b\u017enic\u00edch<\/a><\/span> s pr\u016fvodcem N\u00e1rodn\u00edho parku. Jako za \u010das\u016f zdej\u0161\u00edch d\u00e1vn\u00fdch obyvatel se jde nap\u0159\u00edklad a\u017e k <strong>pralesu Rauriser Urwald<\/strong> s jednou z nejlep\u0161\u00edch nau\u010dn\u00fdch tras v Rakousku. Raurisk\u00fd prales se stalet\u00fdmi smrky a borovicemi je opravdov\u00fdm klenotem tohoto \u00fadol\u00ed. D\u00e1le jsou v nab\u00eddce ve\u010dern\u00ed t\u00fary s lou\u010demi za \u00fapl\u0148ku, v\u00fdpravy s v\u00fdhledem na vrchol Hoher Sonnblick nebo trasy s pozorov\u00e1n\u00edm divok\u00fdch zv\u00ed\u0159at v jejich p\u0159irozen\u00fdch podm\u00ednk\u00e1ch. Podrobn\u00e9 popisy a varianty lehk\u00fdch rodinn\u00fdch tras a\u017e po ty n\u00e1ro\u010dn\u011bj\u0161\u00ed, najdete <a href=\"https:\/\/www.raurisertal.at\/en\/winter\/active-in-winter\/snowshoeing\/\" target=\"_blank\" rel=\"noopener\">zde<\/a>.<\/p>\n<div id=\"attachment_150577\" style=\"width: 1180px\" class=\"wp-caption alignnone\"><img decoding=\"async\" aria-describedby=\"caption-attachment-150577\" class=\"size-1170_658 wp-image-150577\" src=\"https:\/\/cdn.salzburgerland.com\/cs\/wp-content\/uploads\/2021\/12\/schneeschuhwandern_ranger3-cferienregion_nationalpark_hohe_tauernbranislav_rohal-1920x1067-1-1170x658.jpg\" alt=\"\" width=\"1170\" height=\"658\" srcset=\"https:\/\/www.salzburgerland.com\/cs\/wp-content\/uploads\/2021\/12\/schneeschuhwandern_ranger3-cferienregion_nationalpark_hohe_tauernbranislav_rohal-1920x1067-1-1170x658.jpg 1170w, https:\/\/www.salzburgerland.com\/cs\/wp-content\/uploads\/2021\/12\/schneeschuhwandern_ranger3-cferienregion_nationalpark_hohe_tauernbranislav_rohal-1920x1067-1-1200x675.jpg 1200w\" sizes=\"(max-width: 1170px) 100vw, 1170px\"><p id=\"caption-attachment-150577\" class=\"wp-caption-text\">Pr\u016fvodce v\u00e1s zavede na sn\u011b\u017enic\u00edch na kouzeln\u00e1 m\u00edsta \u00a9 Ferienregion Nationalpark Vysok\u00e9 Taury, Bronislav Rohal<\/p><\/div>\n<p>Napl\u00e1nujte si v\u017edy cestu podle po\u010das\u00ed, sn\u011bhov\u00fdch podm\u00ednek, sv\u00e9 fyzick\u00e9 kondice a stupn\u011b lavinov\u00e9ho nebezpe\u010d\u00ed. Nezapome\u0148te tak\u00e9 na vhodn\u00e9 vybaven\u00ed. <a href=\"https:\/\/www.salzburgerland.com\/cs\/bezpecnost-v-alpach-v-zime\/\" target=\"_blank\" rel=\"noopener\">P\u0159e\u010dt\u011bte si<\/a> tak\u00e9 pro jistotu i n\u011bkolik rad na t\u00e9ma bezpe\u010dnosti v alpsk\u00e9m ter\u00e9nu.<\/p>\n","protected":false},"excerpt":{"rendered":"<p>Poh\u00e1dkov\u011b kr\u00e1sn\u00e1 p\u0159\u00edroda, zasn\u011b\u017een\u00e9 hory a nefal\u0161ovan\u00e1, p\u0159\u00e1telsk\u00e1 pohostinnost. S\u00a0t\u00edm v\u0161\u00edm se m\u016f\u017eete setkat na zimn\u00ed dovolen\u00e9 v\u00a0Raurisertalu. V\u00a0nadmo\u0159sk\u00e9 v\u00fd\u0161ce okolo 1000 metr\u016f si host\u00e9 skv\u011ble odpo\u010dinou od shonu a hekti\u010dnosti. Na ka\u017ed\u00e9m kroku je tady c\u00edtit s\u00edla p\u0159\u00edrody, kter\u00e1 motivuje k\u00a0pohybu, ale tak\u00e9 v\u011bdom\u00e9mu zklidn\u011bn\u00ed a relaxaci. Mo\u017enost\u00ed sportovn\u00edch i rekrea\u010dn\u00edch aktivit je tu [&hellip;]<\/p>\n","protected":false},"author":6,"featured_media":150578,"comment_status":"closed","ping_status":"closed","sticky":false,"template":"","format":"standard","meta":{"_acf_changed":false,"wl_entities_gutenberg":"","_relevanssi_hide_post":"","_relevanssi_hide_content":"","_relevanssi_pin_for_all":"","_relevanssi_pin_keywords":"","_relevanssi_unpin_keywords":"","_relevanssi_related_keywords":"","_relevanssi_related_include_ids":"","_relevanssi_related_exclude_ids":"","_relevanssi_related_no_append":"","_relevanssi_related_not_related":"","_relevanssi_related_posts":"","_relevanssi_noindex_reason":"","footnotes":""},"categories":[1],"tags":[],"wl_entity_type":[706],"class_list":["post-150571","post","type-post","status-publish","format-standard","has-post-thumbnail","hentry","category-uncategorized","wl_entity_type-article"],"acf":[],"yoast_head":"<!-- This site is optimized with the Yoast SEO Premium plugin v27.4 (Yoast SEO v27.4) - https:\/\/yoast.com\/product\/yoast-seo-premium-wordpress\/ -->\n<title>Turistika na sn\u011b\u017enic\u00edch v Raurisertalu \u00bb SalzburgerLand.com<\/title>\n<meta name=\"robots\" content=\"index, follow, max-snippet:-1, max-image-preview:large, max-video-preview:-1\" \/>\n<link rel=\"canonical\" href=\"https:\/\/www.salzburgerland.com\/cs\/raurisertal-turistika-na-sneznicich\/\" \/>\n<meta property=\"og:locale\" content=\"cs_CZ\" \/>\n<meta property=\"og:type\" content=\"article\" \/>\n<meta property=\"og:title\" content=\"Turistika na sn\u011b\u017enic\u00edch v Raurisertalu\" \/>\n<meta property=\"og:description\" content=\"Poh\u00e1dkov\u011b kr\u00e1sn\u00e1 p\u0159\u00edroda, zasn\u011b\u017een\u00e9 hory a nefal\u0161ovan\u00e1, p\u0159\u00e1telsk\u00e1 pohostinnost. S\u00a0t\u00edm v\u0161\u00edm se m\u016f\u017eete setkat na zimn\u00ed dovolen\u00e9 v\u00a0Raurisertalu. V\u00a0nadmo\u0159sk\u00e9\" \/>\n<meta property=\"og:url\" content=\"https:\/\/www.salzburgerland.com\/cs\/raurisertal-turistika-na-sneznicich\/\" \/>\n<meta property=\"og:site_name\" content=\"SalzburgerLand.com\" \/>\n<meta property=\"article:publisher\" content=\"https:\/\/www.facebook.com\/visitsalzburgerland\/\" \/>\n<meta property=\"article:published_time\" content=\"2021-12-02T12:52:14+00:00\" \/>\n<meta property=\"article:modified_time\" content=\"2023-10-09T09:51:19+00:00\" \/>\n<meta property=\"og:image\" content=\"https:\/\/www.salzburgerland.com\/cs\/wp-content\/uploads\/2021\/12\/tvb-rauris-florian-bachmeier-schneeschuhwandern-in-kolm-saigurn-in-rauris-1170x658-1.jpg\" \/>\n\t<meta property=\"og:image:width\" content=\"1170\" \/>\n\t<meta property=\"og:image:height\" content=\"658\" \/>\n\t<meta property=\"og:image:type\" content=\"image\/jpeg\" \/>\n<meta name=\"author\" content=\"Andrea \u017d\u00e1\u010dkov\u00e1\" \/>\n<meta name=\"twitter:card\" content=\"summary_large_image\" \/>\n<meta name=\"twitter:creator\" content=\"@salzburgerland\" \/>\n<meta name=\"twitter:site\" content=\"@salzburgerland\" \/>\n<meta name=\"twitter:label1\" content=\"Napsal(a)\" \/>\n\t<meta name=\"twitter:data1\" content=\"Andrea \u017d\u00e1\u010dkov\u00e1\" \/>\n\t<meta name=\"twitter:label2\" content=\"Odhadovan\u00e1 doba \u010dten\u00ed\" \/>\n\t<meta name=\"twitter:data2\" content=\"3 minuty\" \/>\n<script type=\"application\/ld+json\" class=\"yoast-schema-graph\">{\"@context\":\"https:\\\/\\\/schema.org\",\"@graph\":[{\"@type\":\"Article\",\"@id\":\"https:\\\/\\\/www.salzburgerland.com\\\/cs\\\/raurisertal-turistika-na-sneznicich\\\/#article\",\"isPartOf\":{\"@id\":\"https:\\\/\\\/www.salzburgerland.com\\\/cs\\\/raurisertal-turistika-na-sneznicich\\\/\"},\"author\":{\"name\":\"Andrea \u017d\u00e1\u010dkov\u00e1\",\"@id\":\"https:\\\/\\\/www.salzburgerland.com\\\/cs\\\/#\\\/schema\\\/person\\\/dd42a4661897004df109095dbf40eeff\"},\"headline\":\"Turistika na sn\u011b\u017enic\u00edch v Raurisertalu\",\"datePublished\":\"2021-12-02T12:52:14+00:00\",\"dateModified\":\"2023-10-09T09:51:19+00:00\",\"mainEntityOfPage\":{\"@id\":\"https:\\\/\\\/www.salzburgerland.com\\\/cs\\\/raurisertal-turistika-na-sneznicich\\\/\"},\"wordCount\":430,\"image\":{\"@id\":\"https:\\\/\\\/www.salzburgerland.com\\\/cs\\\/raurisertal-turistika-na-sneznicich\\\/#primaryimage\"},\"thumbnailUrl\":\"https:\\\/\\\/www.salzburgerland.com\\\/cs\\\/wp-content\\\/uploads\\\/2021\\\/12\\\/tvb-rauris-florian-bachmeier-schneeschuhwandern-in-kolm-saigurn-in-rauris-1170x658-1.jpg\",\"articleSection\":[\"Uncategorized\"],\"inLanguage\":\"cs\"},{\"@type\":\"WebPage\",\"@id\":\"https:\\\/\\\/www.salzburgerland.com\\\/cs\\\/raurisertal-turistika-na-sneznicich\\\/\",\"url\":\"https:\\\/\\\/www.salzburgerland.com\\\/cs\\\/raurisertal-turistika-na-sneznicich\\\/\",\"name\":\"Turistika na sn\u011b\u017enic\u00edch v Raurisertalu \u00bb SalzburgerLand.com\",\"isPartOf\":{\"@id\":\"https:\\\/\\\/www.salzburgerland.com\\\/cs\\\/#website\"},\"primaryImageOfPage\":{\"@id\":\"https:\\\/\\\/www.salzburgerland.com\\\/cs\\\/raurisertal-turistika-na-sneznicich\\\/#primaryimage\"},\"image\":{\"@id\":\"https:\\\/\\\/www.salzburgerland.com\\\/cs\\\/raurisertal-turistika-na-sneznicich\\\/#primaryimage\"},\"thumbnailUrl\":\"https:\\\/\\\/www.salzburgerland.com\\\/cs\\\/wp-content\\\/uploads\\\/2021\\\/12\\\/tvb-rauris-florian-bachmeier-schneeschuhwandern-in-kolm-saigurn-in-rauris-1170x658-1.jpg\",\"datePublished\":\"2021-12-02T12:52:14+00:00\",\"dateModified\":\"2023-10-09T09:51:19+00:00\",\"author\":{\"@id\":\"https:\\\/\\\/www.salzburgerland.com\\\/cs\\\/#\\\/schema\\\/person\\\/dd42a4661897004df109095dbf40eeff\"},\"description\":\"Objevujte na sn\u011b\u017enic\u00edch krajinu okolo majest\u00e1tn\u00edch t\u0159\u00edtis\u00edcovek\",\"breadcrumb\":{\"@id\":\"https:\\\/\\\/www.salzburgerland.com\\\/cs\\\/raurisertal-turistika-na-sneznicich\\\/#breadcrumb\"},\"inLanguage\":\"cs\",\"potentialAction\":[{\"@type\":\"ReadAction\",\"target\":[\"https:\\\/\\\/www.salzburgerland.com\\\/cs\\\/raurisertal-turistika-na-sneznicich\\\/\"]}]},{\"@type\":\"ImageObject\",\"inLanguage\":\"cs\",\"@id\":\"https:\\\/\\\/www.salzburgerland.com\\\/cs\\\/raurisertal-turistika-na-sneznicich\\\/#primaryimage\",\"url\":\"https:\\\/\\\/www.salzburgerland.com\\\/cs\\\/wp-content\\\/uploads\\\/2021\\\/12\\\/tvb-rauris-florian-bachmeier-schneeschuhwandern-in-kolm-saigurn-in-rauris-1170x658-1.jpg\",\"contentUrl\":\"https:\\\/\\\/www.salzburgerland.com\\\/cs\\\/wp-content\\\/uploads\\\/2021\\\/12\\\/tvb-rauris-florian-bachmeier-schneeschuhwandern-in-kolm-saigurn-in-rauris-1170x658-1.jpg\",\"width\":1170,\"height\":658,\"caption\":\"Na sn\u011b\u017enic\u00edch v Kolm Saigurn \u00a9 TVB Rauris, Florian Bachmeier\"},{\"@type\":\"BreadcrumbList\",\"@id\":\"https:\\\/\\\/www.salzburgerland.com\\\/cs\\\/raurisertal-turistika-na-sneznicich\\\/#breadcrumb\",\"itemListElement\":[{\"@type\":\"ListItem\",\"position\":1,\"name\":\"Raurisertal v zim\u011b\",\"item\":\"https:\\\/\\\/www.salzburgerland.com\\\/cs\\\/raurisertal-v-zime\\\/\"},{\"@type\":\"ListItem\",\"position\":2,\"name\":\"Turistika na sn\u011b\u017enic\u00edch v Raurisertalu\"}]},{\"@type\":\"WebSite\",\"@id\":\"https:\\\/\\\/www.salzburgerland.com\\\/cs\\\/#website\",\"url\":\"https:\\\/\\\/www.salzburgerland.com\\\/cs\\\/\",\"name\":\"SalzburgerLand.com\",\"description\":\"Va\u0161e dovolen\u00e1 v Salcburku, Rakousko\",\"potentialAction\":[{\"@type\":\"SearchAction\",\"target\":{\"@type\":\"EntryPoint\",\"urlTemplate\":\"https:\\\/\\\/www.salzburgerland.com\\\/cs\\\/?s={search_term_string}\"},\"query-input\":{\"@type\":\"PropertyValueSpecification\",\"valueRequired\":true,\"valueName\":\"search_term_string\"}}],\"inLanguage\":\"cs\"},{\"@type\":\"Person\",\"@id\":\"https:\\\/\\\/www.salzburgerland.com\\\/cs\\\/#\\\/schema\\\/person\\\/dd42a4661897004df109095dbf40eeff\",\"name\":\"Andrea \u017d\u00e1\u010dkov\u00e1\",\"image\":{\"@type\":\"ImageObject\",\"inLanguage\":\"cs\",\"@id\":\"https:\\\/\\\/secure.gravatar.com\\\/avatar\\\/338deec8d231d56d0ab7b2b7d6d0aedbcb3eb05390f6c027fd5b7ebe87b67dbf?s=96&d=mm&r=g\",\"url\":\"https:\\\/\\\/secure.gravatar.com\\\/avatar\\\/338deec8d231d56d0ab7b2b7d6d0aedbcb3eb05390f6c027fd5b7ebe87b67dbf?s=96&d=mm&r=g\",\"contentUrl\":\"https:\\\/\\\/secure.gravatar.com\\\/avatar\\\/338deec8d231d56d0ab7b2b7d6d0aedbcb3eb05390f6c027fd5b7ebe87b67dbf?s=96&d=mm&r=g\",\"caption\":\"Andrea \u017d\u00e1\u010dkov\u00e1\"}}]}<\/script>\n<!-- \/ Yoast SEO Premium plugin. -->","yoast_head_json":{"title":"Turistika na sn\u011b\u017enic\u00edch v Raurisertalu \u00bb SalzburgerLand.com","robots":{"index":"index","follow":"follow","max-snippet":"max-snippet:-1","max-image-preview":"max-image-preview:large","max-video-preview":"max-video-preview:-1"},"canonical":"https:\/\/www.salzburgerland.com\/cs\/raurisertal-turistika-na-sneznicich\/","og_locale":"cs_CZ","og_type":"article","og_title":"Turistika na sn\u011b\u017enic\u00edch v Raurisertalu","og_description":"Poh\u00e1dkov\u011b kr\u00e1sn\u00e1 p\u0159\u00edroda, zasn\u011b\u017een\u00e9 hory a nefal\u0161ovan\u00e1, p\u0159\u00e1telsk\u00e1 pohostinnost. S\u00a0t\u00edm v\u0161\u00edm se m\u016f\u017eete setkat na zimn\u00ed dovolen\u00e9 v\u00a0Raurisertalu. V\u00a0nadmo\u0159sk\u00e9","og_url":"https:\/\/www.salzburgerland.com\/cs\/raurisertal-turistika-na-sneznicich\/","og_site_name":"SalzburgerLand.com","article_publisher":"https:\/\/www.facebook.com\/visitsalzburgerland\/","article_published_time":"2021-12-02T12:52:14+00:00","article_modified_time":"2023-10-09T09:51:19+00:00","og_image":[{"url":"https:\/\/www.salzburgerland.com\/cs\/wp-content\/uploads\/2021\/12\/tvb-rauris-florian-bachmeier-schneeschuhwandern-in-kolm-saigurn-in-rauris-1170x658-1.jpg","width":1170,"height":658,"type":"image\/jpeg"}],"author":"Andrea \u017d\u00e1\u010dkov\u00e1","twitter_card":"summary_large_image","twitter_creator":"@salzburgerland","twitter_site":"@salzburgerland","twitter_misc":{"Napsal(a)":"Andrea \u017d\u00e1\u010dkov\u00e1","Odhadovan\u00e1 doba \u010dten\u00ed":"3 minuty"},"schema":{"@context":"https:\/\/schema.org","@graph":[{"@type":"Article","@id":"https:\/\/www.salzburgerland.com\/cs\/raurisertal-turistika-na-sneznicich\/#article","isPartOf":{"@id":"https:\/\/www.salzburgerland.com\/cs\/raurisertal-turistika-na-sneznicich\/"},"author":{"name":"Andrea \u017d\u00e1\u010dkov\u00e1","@id":"https:\/\/www.salzburgerland.com\/cs\/#\/schema\/person\/dd42a4661897004df109095dbf40eeff"},"headline":"Turistika na sn\u011b\u017enic\u00edch v Raurisertalu","datePublished":"2021-12-02T12:52:14+00:00","dateModified":"2023-10-09T09:51:19+00:00","mainEntityOfPage":{"@id":"https:\/\/www.salzburgerland.com\/cs\/raurisertal-turistika-na-sneznicich\/"},"wordCount":430,"image":{"@id":"https:\/\/www.salzburgerland.com\/cs\/raurisertal-turistika-na-sneznicich\/#primaryimage"},"thumbnailUrl":"https:\/\/www.salzburgerland.com\/cs\/wp-content\/uploads\/2021\/12\/tvb-rauris-florian-bachmeier-schneeschuhwandern-in-kolm-saigurn-in-rauris-1170x658-1.jpg","articleSection":["Uncategorized"],"inLanguage":"cs"},{"@type":"WebPage","@id":"https:\/\/www.salzburgerland.com\/cs\/raurisertal-turistika-na-sneznicich\/","url":"https:\/\/www.salzburgerland.com\/cs\/raurisertal-turistika-na-sneznicich\/","name":"Turistika na sn\u011b\u017enic\u00edch v Raurisertalu \u00bb SalzburgerLand.com","isPartOf":{"@id":"https:\/\/www.salzburgerland.com\/cs\/#website"},"primaryImageOfPage":{"@id":"https:\/\/www.salzburgerland.com\/cs\/raurisertal-turistika-na-sneznicich\/#primaryimage"},"image":{"@id":"https:\/\/www.salzburgerland.com\/cs\/raurisertal-turistika-na-sneznicich\/#primaryimage"},"thumbnailUrl":"https:\/\/www.salzburgerland.com\/cs\/wp-content\/uploads\/2021\/12\/tvb-rauris-florian-bachmeier-schneeschuhwandern-in-kolm-saigurn-in-rauris-1170x658-1.jpg","datePublished":"2021-12-02T12:52:14+00:00","dateModified":"2023-10-09T09:51:19+00:00","author":{"@id":"https:\/\/www.salzburgerland.com\/cs\/#\/schema\/person\/dd42a4661897004df109095dbf40eeff"},"description":"Objevujte na sn\u011b\u017enic\u00edch krajinu okolo majest\u00e1tn\u00edch t\u0159\u00edtis\u00edcovek","breadcrumb":{"@id":"https:\/\/www.salzburgerland.com\/cs\/raurisertal-turistika-na-sneznicich\/#breadcrumb"},"inLanguage":"cs","potentialAction":[{"@type":"ReadAction","target":["https:\/\/www.salzburgerland.com\/cs\/raurisertal-turistika-na-sneznicich\/"]}]},{"@type":"ImageObject","inLanguage":"cs","@id":"https:\/\/www.salzburgerland.com\/cs\/raurisertal-turistika-na-sneznicich\/#primaryimage","url":"https:\/\/www.salzburgerland.com\/cs\/wp-content\/uploads\/2021\/12\/tvb-rauris-florian-bachmeier-schneeschuhwandern-in-kolm-saigurn-in-rauris-1170x658-1.jpg","contentUrl":"https:\/\/www.salzburgerland.com\/cs\/wp-content\/uploads\/2021\/12\/tvb-rauris-florian-bachmeier-schneeschuhwandern-in-kolm-saigurn-in-rauris-1170x658-1.jpg","width":1170,"height":658,"caption":"Na sn\u011b\u017enic\u00edch v Kolm Saigurn \u00a9 TVB Rauris, Florian Bachmeier"},{"@type":"BreadcrumbList","@id":"https:\/\/www.salzburgerland.com\/cs\/raurisertal-turistika-na-sneznicich\/#breadcrumb","itemListElement":[{"@type":"ListItem","position":1,"name":"Raurisertal v zim\u011b","item":"https:\/\/www.salzburgerland.com\/cs\/raurisertal-v-zime\/"},{"@type":"ListItem","position":2,"name":"Turistika na sn\u011b\u017enic\u00edch v Raurisertalu"}]},{"@type":"WebSite","@id":"https:\/\/www.salzburgerland.com\/cs\/#website","url":"https:\/\/www.salzburgerland.com\/cs\/","name":"SalzburgerLand.com","description":"Va\u0161e dovolen\u00e1 v Salcburku, Rakousko","potentialAction":[{"@type":"SearchAction","target":{"@type":"EntryPoint","urlTemplate":"https:\/\/www.salzburgerland.com\/cs\/?s={search_term_string}"},"query-input":{"@type":"PropertyValueSpecification","valueRequired":true,"valueName":"search_term_string"}}],"inLanguage":"cs"},{"@type":"Person","@id":"https:\/\/www.salzburgerland.com\/cs\/#\/schema\/person\/dd42a4661897004df109095dbf40eeff","name":"Andrea \u017d\u00e1\u010dkov\u00e1","image":{"@type":"ImageObject","inLanguage":"cs","@id":"https:\/\/secure.gravatar.com\/avatar\/338deec8d231d56d0ab7b2b7d6d0aedbcb3eb05390f6c027fd5b7ebe87b67dbf?s=96&d=mm&r=g","url":"https:\/\/secure.gravatar.com\/avatar\/338deec8d231d56d0ab7b2b7d6d0aedbcb3eb05390f6c027fd5b7ebe87b67dbf?s=96&d=mm&r=g","contentUrl":"https:\/\/secure.gravatar.com\/avatar\/338deec8d231d56d0ab7b2b7d6d0aedbcb3eb05390f6c027fd5b7ebe87b67dbf?s=96&d=mm&r=g","caption":"Andrea \u017d\u00e1\u010dkov\u00e1"}}]}},"_wl_alt_label":[],"wl:entity_url":"http:\/\/open.salzburgerland.com\/cs\/post\/raurisertal_turistika_na_sneznicich","_links":{"self":[{"href":"https:\/\/www.salzburgerland.com\/cs\/wp-json\/wp\/v2\/posts\/150571","targetHints":{"allow":["GET"]}}],"collection":[{"href":"https:\/\/www.salzburgerland.com\/cs\/wp-json\/wp\/v2\/posts"}],"about":[{"href":"https:\/\/www.salzburgerland.com\/cs\/wp-json\/wp\/v2\/types\/post"}],"author":[{"embeddable":true,"href":"https:\/\/www.salzburgerland.com\/cs\/wp-json\/wp\/v2\/users\/6"}],"replies":[{"embeddable":true,"href":"https:\/\/www.salzburgerland.com\/cs\/wp-json\/wp\/v2\/comments?post=150571"}],"version-history":[{"count":5,"href":"https:\/\/www.salzburgerland.com\/cs\/wp-json\/wp\/v2\/posts\/150571\/revisions"}],"predecessor-version":[{"id":158009,"href":"https:\/\/www.salzburgerland.com\/cs\/wp-json\/wp\/v2\/posts\/150571\/revisions\/158009"}],"wp:featuredmedia":[{"embeddable":true,"href":"https:\/\/www.salzburgerland.com\/cs\/wp-json\/wp\/v2\/media\/150578"}],"wp:attachment":[{"href":"https:\/\/www.salzburgerland.com\/cs\/wp-json\/wp\/v2\/media?parent=150571"}],"wp:term":[{"taxonomy":"category","embeddable":true,"href":"https:\/\/www.salzburgerland.com\/cs\/wp-json\/wp\/v2\/categories?post=150571"},{"taxonomy":"post_tag","embeddable":true,"href":"https:\/\/www.salzburgerland.com\/cs\/wp-json\/wp\/v2\/tags?post=150571"},{"taxonomy":"wl_entity_type","embeddable":true,"href":"https:\/\/www.salzburgerland.com\/cs\/wp-json\/wp\/v2\/wl_entity_type?post=150571"}],"curies":[{"name":"wp","href":"https:\/\/api.w.org\/{rel}","templated":true}]}}