{"id":150546,"date":"2021-12-02T12:39:05","date_gmt":"2021-12-02T11:39:05","guid":{"rendered":"https:\/\/www.salzburgerland.com\/cs\/?p=150546"},"modified":"2024-10-13T12:31:02","modified_gmt":"2024-10-13T10:31:02","slug":"raurisertal-zimni-rodinna-dovolena","status":"publish","type":"post","link":"https:\/\/www.salzburgerland.com\/cs\/raurisertal-zimni-rodinna-dovolena\/","title":{"rendered":"Zimn\u00ed rodinn\u00e1 dovolen\u00e1 v Raurisertalu"},"content":{"rendered":"<h3>Ly\u017ea\u0159sk\u00e1 oblast Hochalmbahnen je ide\u00e1ln\u00ed pro rodiny s d\u011btmi<\/h3>\n<p>P\u0159esto\u017ee je tato destinace vyhl\u00e1\u0161en\u00e1 sv\u00fdm perfektn\u00edm servisem a podm\u00ednkami, nemus\u00edte se ob\u00e1vat <strong>dlouh\u00fdch,\u00a0nep\u0159\u00edjemn\u00fdch front<\/strong> a dav\u016f u vlek\u016f nebo na sjezdovk\u00e1ch. T\u011bch m\u016f\u017ee Raurisertal nab\u00eddnout okolo<strong><span>\u00a0<\/span>32 kilometr\u016f<\/strong>. Nekone\u010dn\u00e9 kilometry sjezdovek tady nejsou t\u00edm hlavn\u00edm. To nejd\u016fle\u017eit\u011bj\u0161\u00ed je, \u017ee se jedn\u00e1 o opravdu p\u0159\u00edjemn\u00fd a nep\u0159elidn\u011bn\u00fd <a href=\"https:\/\/www.raurisertal.at\/en\/winter\/family\/\" target=\"_blank\" rel=\"noopener\"><strong>rodinn\u00fd ly\u017ea\u0159sk\u00fd are\u00e1l.<\/strong><span> <\/span><\/a>\u017d\u00e1dn\u00e9 \u201ehromadn\u00e9 starty\u201c a p\u0159epln\u011bn\u00e9 \u201edisko sjezdovky\u201c. O to v\u00edce si u\u017eijete proslun\u011bn\u00e9 ly\u017eov\u00e1n\u00ed, p\u0159esn\u011b ve va\u0161em stylu. <span>D\u00edky z\u00edsk\u00e1n\u00ed ekologick\u00e9ho certifik\u00e1tu jde tak\u00e9 o jednu z prvn\u00edch klimaticky neutr\u00e1ln\u00edch ly\u017ea\u0159sk\u00fdch oblast\u00ed v Rakousku.\u00a0<\/span><\/p>\n<div id=\"attachment_160697\" style=\"width: 1180px\" class=\"wp-caption alignnone\"><img decoding=\"async\" aria-describedby=\"caption-attachment-160697\" class=\"size-1170_658 wp-image-160697\" src=\"https:\/\/www.salzburgerland.com\/cs\/wp-content\/uploads\/2021\/12\/raurisertal_hochalm-hochalmbahnen-ag_final-11-1170x658.jpg\" alt=\"V Raurisertalu nejsou davy na sjezdovk\u00e1ch\" width=\"1170\" height=\"658\" srcset=\"https:\/\/www.salzburgerland.com\/cs\/wp-content\/uploads\/2021\/12\/raurisertal_hochalm-hochalmbahnen-ag_final-11-1170x658.jpg 1170w, https:\/\/www.salzburgerland.com\/cs\/wp-content\/uploads\/2021\/12\/raurisertal_hochalm-hochalmbahnen-ag_final-11-1200x675.jpg 1200w\" sizes=\"(max-width: 1170px) 100vw, 1170px\"><p id=\"caption-attachment-160697\" class=\"wp-caption-text\">V Raurisertalu nejsou davy na sjezdovk\u00e1ch \u00a9 Hochalmbahnen AG, Daniel Breuer<\/p><\/div>\n<h3><a href=\"https:\/\/www.hochalmbahnen.at\/en\/winter\/ski-area\/action-fun\/\" target=\"_blank\" rel=\"noopener\">Rodiny s d\u011btmi<\/a> tu maj\u00ed pr\u00e9<\/h3>\n<p><span>\u0160estim\u00edstn\u00e9 a osmim\u00edstn\u00e9 kabinov\u00e9\u00a0<strong>lanovky<\/strong> <a href=\"https:\/\/www.hochalmbahnen.at\/en\/\" target=\"_blank\" rel=\"noopener\"><strong>Rauriser Hochalmbahnen <\/strong><\/a>pohodln\u011b a spolehliv\u011b doprav\u00ed n\u00e1v\u0161t\u011bvn\u00edky a\u017e do 2000 metr\u016f nadmo\u0159sk\u00e9 v\u00fd\u0161ky, kde \u010dekaj\u00ed \u0161irok\u00e9, p\u0159ehledn\u00e9 svahy. 85 % sjezdovek je lehk\u00fdch a\u017e st\u0159edn\u011b t\u011b\u017ek\u00fdch, s dostatkem m\u00edsta k pohybu, tedy ide\u00e1ln\u00edch i pro za\u010d\u00e1te\u010dn\u00edky nebo d\u011bti. Zb\u00fdvaj\u00edc\u00edch 15 % \u201e\u010dern\u00fdch\u201c svah\u016f u\u017e vy\u017eaduje zku\u0161enosti.\u00a0 <\/span><span>K dispozici jsou tak\u00e9 <strong>\u010dern\u00e9 trat\u011b<\/strong> nebo sedmisetmetrov\u00e1 <strong>funslope, <\/strong>na kter\u00e9 si jezdci a jezdkyn\u011b procvi\u010d\u00ed rovnov\u00e1hu, skoky i ot\u00e1\u010dky.<\/span><\/p>\n\n\t\t\t<div id=\"150546-1\" class=\"gallery gallery-150546 gallery-columns-3 gallery-size-1170_658\" itemscope itemtype=\"http:\/\/schema.org\/ImageGallery\">\n\t\t\t\t<ul class=\"gallery-row gallery-col-3 gallery-clear\">\n\t\t\t\t\t<li class=\"gallery-item col-3\" itemprop=\"associatedMedia\" itemscope itemtype=\"http:\/\/schema.org\/ImageObject\">\n\t\t\t\t\t\t<div class=\"gallery-icon landscape\"><a href=\"https:\/\/www.salzburgerland.com\/cs\/wp-content\/uploads\/2021\/12\/raurisertal_family-slope-hochalmbahnen-ag_final-2-1600x1067.jpg\" title=\"Raurisertal_Family slope \u00a9Hochalmbahnen AG_final (2)\"><img decoding=\"async\" data-title=\"Family slope v Raurisertalu, ide\u00e1ln\u00ed pro rodiny \u00a9 Hochalmbahnen AG, Daniel Breuer\" title=\"Family slope v Raurisertalu, ide\u00e1ln\u00ed pro rodiny \u00a9 Hochalmbahnen AG, Daniel Breuer\" data-caption=\"Family slope v Raurisertalu, ide\u00e1ln\u00ed pro rodiny \u00a9 Hochalmbahnen AG, Daniel Breuer\" width=\"1170\" height=\"658\" src=\"https:\/\/www.salzburgerland.com\/cs\/wp-content\/uploads\/2021\/12\/raurisertal_family-slope-hochalmbahnen-ag_final-2-1170x658.jpg\" class=\"attachment-1170_658 size-1170_658\" alt=\"Perfektn\u00ed sjezdovky v Raurisertalu pro celou rodinu (Zv\u011bt\u0161en\u00fd pohled)\" srcset=\"https:\/\/www.salzburgerland.com\/cs\/wp-content\/uploads\/2021\/12\/raurisertal_family-slope-hochalmbahnen-ag_final-2-1170x658.jpg 1170w, https:\/\/www.salzburgerland.com\/cs\/wp-content\/uploads\/2021\/12\/raurisertal_family-slope-hochalmbahnen-ag_final-2-1200x675.jpg 1200w\" sizes=\"(max-width: 1170px) 100vw, 1170px\" aria-describedby=\"figcaption-150546-160695\" itemprop=\"thumbnail\"><\/a><\/div>\n\t\t\t\t\t\t<span id=\"figcaption-150546-160695\" class=\"gallery-caption\" itemprop=\"caption\"><span aria-hidden=\"true\">Family slope v Raurisertalu, ide\u00e1ln\u00ed pro rodiny \u00a9 Hochalmbahnen AG, Daniel Breuer<\/span><\/span>\n\t\t\t\t\t<\/li>\n\t\t\t\t\t<li class=\"gallery-item col-3\" itemprop=\"associatedMedia\" itemscope itemtype=\"http:\/\/schema.org\/ImageObject\">\n\t\t\t\t\t\t<div class=\"gallery-icon landscape\"><a href=\"https:\/\/www.salzburgerland.com\/cs\/wp-content\/uploads\/2021\/12\/raurisertal_family-slope-hochalmbahnen-ag_final-28-1601x1067.jpg\" title=\"Raurisertal_Family slope \u00a9Hochalmbahnen AG_final (28)\"><img decoding=\"async\" data-title=\"V Raurisertalu je na sjezdovk\u00e1ch z\u00e1bava i pro d\u011bti \u00a9 Hochalmbahnen AG, Daniel Breuer\" title=\"V Raurisertalu je na sjezdovk\u00e1ch z\u00e1bava i pro d\u011bti \u00a9 Hochalmbahnen AG, Daniel Breuer\" data-caption=\"V Raurisertalu je na sjezdovk\u00e1ch z\u00e1bava i pro d\u011bti \u00a9 Hochalmbahnen AG, Daniel Breuer\" width=\"1170\" height=\"658\" src=\"https:\/\/www.salzburgerland.com\/cs\/wp-content\/uploads\/2021\/12\/raurisertal_family-slope-hochalmbahnen-ag_final-28-1170x658.jpg\" class=\"attachment-1170_658 size-1170_658\" alt=\"V Raurisertalu je na sjezdovk\u00e1ch z\u00e1bava i pro d\u011bti (Zv\u011bt\u0161en\u00fd pohled)\" srcset=\"https:\/\/www.salzburgerland.com\/cs\/wp-content\/uploads\/2021\/12\/raurisertal_family-slope-hochalmbahnen-ag_final-28-1170x658.jpg 1170w, https:\/\/www.salzburgerland.com\/cs\/wp-content\/uploads\/2021\/12\/raurisertal_family-slope-hochalmbahnen-ag_final-28-1200x675.jpg 1200w\" sizes=\"(max-width: 1170px) 100vw, 1170px\" aria-describedby=\"figcaption-150546-160696\" itemprop=\"thumbnail\"><\/a><\/div>\n\t\t\t\t\t\t<span id=\"figcaption-150546-160696\" class=\"gallery-caption\" itemprop=\"caption\"><span aria-hidden=\"true\">V Raurisertalu je na sjezdovk\u00e1ch z\u00e1bava i pro d\u011bti \u00a9 Hochalmbahnen AG, Daniel Breuer<\/span><\/span>\n\t\t\t\t\t<\/li>\n\t\t\t\t\t<li class=\"gallery-item col-3\" itemprop=\"associatedMedia\" itemscope itemtype=\"http:\/\/schema.org\/ImageObject\">\n\t\t\t\t\t\t<div class=\"gallery-icon landscape\"><a href=\"https:\/\/www.salzburgerland.com\/cs\/wp-content\/uploads\/2021\/12\/raurisertal_skifahren-hochalmbahnen-ag_final-61-1600x1067.jpg\" title=\"Raurisertal_Skifahren \u00a9Hochalmbahnen AG_final (61)\"><img decoding=\"async\" data-title=\"\u0160irok\u00e9 sjezdovky v Raurisertalu \u00a9 Hochalmbahnen AG, Daniel Breuer\" title=\"\u0160irok\u00e9 sjezdovky v Raurisertalu \u00a9 Hochalmbahnen AG, Daniel Breuer\" data-caption=\"\u0160irok\u00e9 sjezdovky v Raurisertalu \u00a9 Hochalmbahnen AG, Daniel Breuer\" width=\"1170\" height=\"658\" src=\"https:\/\/www.salzburgerland.com\/cs\/wp-content\/uploads\/2021\/12\/raurisertal_skifahren-hochalmbahnen-ag_final-61-1170x658.jpg\" class=\"attachment-1170_658 size-1170_658\" alt=\"\u0160irok\u00e9 sjezdovky v Raurisertalu (Zv\u011bt\u0161en\u00fd pohled)\" srcset=\"https:\/\/www.salzburgerland.com\/cs\/wp-content\/uploads\/2021\/12\/raurisertal_skifahren-hochalmbahnen-ag_final-61-1170x658.jpg 1170w, https:\/\/www.salzburgerland.com\/cs\/wp-content\/uploads\/2021\/12\/raurisertal_skifahren-hochalmbahnen-ag_final-61-1200x675.jpg 1200w\" sizes=\"(max-width: 1170px) 100vw, 1170px\" aria-describedby=\"figcaption-150546-160701\" itemprop=\"thumbnail\"><\/a><\/div>\n\t\t\t\t\t\t<span id=\"figcaption-150546-160701\" class=\"gallery-caption\" itemprop=\"caption\"><span aria-hidden=\"true\">\u0160irok\u00e9 sjezdovky v Raurisertalu \u00a9 Hochalmbahnen AG, Daniel Breuer<\/span><\/span>\n\t\t\t\t\t<\/li>\n\t\t\t\t<\/ul>\n\t\t\t<\/div><!-- .gallery -->\n\n<p><span>Ve <\/span><strong>snowparku Nuggetpark<\/strong><span>, kam se dostanete 10m\u00edstnou kabinovou lanovkou na Waldalm se dosyta vy\u0159\u00e1d\u00ed v\u0161ichni p\u0159\u00edznivce snowboardingu.\u00a0<\/span><a href=\"https:\/\/www.raurisertal.at\/en\/winter\/ski-school-rentals\/ski-schools\/\" target=\"_blank\" rel=\"noopener\">Dv\u011b ly\u017ea\u0159sk\u00e9 \u0161koly<\/a><span> nab\u00edzej\u00ed kurzy pro d\u011bti v\u0161ech v\u011bkov\u00fdch kategori\u00ed a ly\u017ea\u0159e v\u0161ech \u00farovn\u00ed. <a href=\"https:\/\/www.salzburgerland.com\/cs\/slunecne-jarni-lyzovani\/\">Jarn\u00ed slunce<\/a> je pak nejlep\u0161\u00ed vychutn\u00e1vat na teras\u00e1ch tradi\u010dn\u00edch ly\u017ea\u0159sk\u00fdch chat a horsk\u00fdch restaurac\u00ed s region\u00e1ln\u00edmi pinzgausk\u00fdmi specialitami. To v\u0161e s v\u00fdhledem na impozantn\u00ed hory,\u00a0<\/span>v\u010detn\u011b majest\u00e1tn\u00ed Goldberggruppe, Gro\u00dfglockneru a masivu Hochk\u00f6nigu.<\/p>\n<div id=\"attachment_157988\" style=\"width: 1180px\" class=\"wp-caption alignnone\"><img decoding=\"async\" aria-describedby=\"caption-attachment-157988\" class=\"size-1170_658 wp-image-157988\" src=\"https:\/\/www.salzburgerland.com\/cs\/wp-content\/uploads\/2021\/12\/familie-rauris-zentrum-1500x1000-ctvb-rauris-fotostudio-creatina-2-1170x658.jpg\" alt=\"Zasn\u011b\u017een\u00e1 krajina v Raurisertalu l\u00e1k\u00e1 k dov\u00e1d\u011bn\u00ed\" width=\"1170\" height=\"658\" srcset=\"https:\/\/www.salzburgerland.com\/cs\/wp-content\/uploads\/2021\/12\/familie-rauris-zentrum-1500x1000-ctvb-rauris-fotostudio-creatina-2-1170x658.jpg 1170w, https:\/\/www.salzburgerland.com\/cs\/wp-content\/uploads\/2021\/12\/familie-rauris-zentrum-1500x1000-ctvb-rauris-fotostudio-creatina-2-1200x675.jpg 1200w\" sizes=\"(max-width: 1170px) 100vw, 1170px\"><p id=\"caption-attachment-157988\" class=\"wp-caption-text\">Zasn\u011b\u017een\u00e1 krajina v Raurisertalu l\u00e1k\u00e1 k dov\u00e1d\u011bn\u00ed \u00a9 www.creatina.at, Creatina Werbedesign<\/p><\/div>\n<h3>J\u00edt zimn\u00edm tichem nebo uh\u00e1n\u011bt rychle na san\u00edch?<\/h3>\n<p>V \u00fadol\u00ed jezd\u00ed zdarma autobus, kter\u00fd n\u00e1v\u0161t\u011bvn\u00edky voz\u00ed do H\u00fcttwinkltalu. V Raurisertalu se m\u016f\u017eete v\u011bnovat nejr\u016fzn\u011bj\u0161\u00edm zimn\u00edm <a href=\"https:\/\/www.raurisertal.at\/en\/winter\/area-attractions\/\" target=\"_blank\" rel=\"noopener\">sport\u016fm a aktivit\u00e1m<\/a>. Dvakr\u00e1t t\u00fddn\u011b se chod\u00ed v doprovodu str\u00e1\u017ec\u016f N\u00e1rodn\u00edho parku na v\u00fdlety na sn\u011b\u017enic\u00edch. Trasa vede kouzelnou zasn\u011b\u017eenou krajinou na \u00fapat\u00ed hory Hoher Sonnblick a v z\u00e1v\u011bru malebn\u00e9ho \u00fadol\u00ed Kolm Saigurn. Jednou t\u00fddn\u011b je mo\u017en\u00e9 vyrazit na v\u00fdlet tak\u00e9 s pochodn\u011bmi.<\/p>\n<div id=\"attachment_157991\" style=\"width: 1180px\" class=\"wp-caption alignnone\"><img decoding=\"async\" aria-describedby=\"caption-attachment-157991\" class=\"size-1170_658 wp-image-157991\" src=\"https:\/\/www.salzburgerland.com\/cs\/wp-content\/uploads\/2021\/12\/schneeschuhwandern_ranger_rauris21-cferienregion_nationalparkhohe_tauern_branislav_rohal-1170x658.jpg\" alt=\"V\u00fdlet na sn\u011b\u017enic\u00edch v Raurisertalu\" width=\"1170\" height=\"658\" srcset=\"https:\/\/www.salzburgerland.com\/cs\/wp-content\/uploads\/2021\/12\/schneeschuhwandern_ranger_rauris21-cferienregion_nationalparkhohe_tauern_branislav_rohal-1170x658.jpg 1170w, https:\/\/www.salzburgerland.com\/cs\/wp-content\/uploads\/2021\/12\/schneeschuhwandern_ranger_rauris21-cferienregion_nationalparkhohe_tauern_branislav_rohal-1200x675.jpg 1200w\" sizes=\"(max-width: 1170px) 100vw, 1170px\"><p id=\"caption-attachment-157991\" class=\"wp-caption-text\">V\u00fdlet na sn\u011b\u017enic\u00edch v Raurisertalu \u00a9 TVB Rauris, Branislav Rohal<\/p><\/div>\n<p>Ti, kdo maj\u00ed r\u00e1di zimn\u00ed romantiku, by rozhodn\u011b m\u011bli vyzkou\u0161et j\u00edzdu na san\u00edch s ko\u0148mi v Rauris-W\u00f6rthu nebo v H\u00fcttwinkltalu. S\u00e1\u0148ka\u0159sk\u00e1 dr\u00e1ha v <strong><a href=\"https:\/\/www.raurisertal.at\/en\/winter\/active-in-winter\/sledding\/\" target=\"_blank\" rel=\"noopener\">Kreuzbodenu<\/a><\/strong> je dvakr\u00e1t t\u00fddn\u011b osv\u011btlen\u00e1 <span>(od 19:00 do 20:30). V\u00fdchoz\u00ed bod dvoukilometrov\u00e9 trasy je v nadmo\u0159sk\u00e9 v\u00fd\u0161ce 1300 metr\u016f a dostanete se sem pohodln\u011blanovkou. Bezplatn\u00e9 skibusy mezi Rauris, W\u00f6rth, Hochalmbahn a Kreuzbodenbahn p\u0159epravuj\u00ed ly\u017ea\u0159e a s\u00e1\u0148ka\u0159e<\/span>!<\/p>\n\n\t\t\t<div id=\"150546-2\" class=\"gallery gallery-150546 gallery-columns-3 gallery-size-1170_658\" itemscope itemtype=\"http:\/\/schema.org\/ImageGallery\">\n\t\t\t\t<ul class=\"gallery-row gallery-col-3 gallery-clear\">\n\t\t\t\t\t<li class=\"gallery-item col-3\" itemprop=\"associatedMedia\" itemscope itemtype=\"http:\/\/schema.org\/ImageObject\">\n\t\t\t\t\t\t<div class=\"gallery-icon landscape\"><a href=\"https:\/\/www.salzburgerland.com\/cs\/wp-content\/uploads\/2021\/12\/raurisertal_rodelntvb-rauris_fotostudiocreatina-1603x1067.jpg\" title=\"Raurisertal_Rodeln\u00a9TVB Rauris_FotostudioCreatina\"><img decoding=\"async\" data-title=\"Hur\u00e1 za z\u00e1bavou na san\u00edch v Raurisertalu \u00a9TVB Rauris, Fotostudio Creatina\" title=\"Hur\u00e1 za z\u00e1bavou na san\u00edch v Raurisertalu \u00a9TVB Rauris, Fotostudio Creatina\" data-caption=\"Hur\u00e1 za z\u00e1bavou na san\u00edch v Raurisertalu \u00a9TVB Rauris, Fotostudio Creatina\" width=\"1170\" height=\"658\" src=\"https:\/\/www.salzburgerland.com\/cs\/wp-content\/uploads\/2021\/12\/raurisertal_rodelntvb-rauris_fotostudiocreatina-1170x658.jpg\" class=\"attachment-1170_658 size-1170_658\" alt=\"D\u00edt\u011b t\u00e1hne d\u0159ev\u011bn\u00e9 s\u00e1\u0148ky po zasn\u011b\u017een\u00e9 cest\u011b - ide\u00e1ln\u00ed pro zimn\u00ed rodinn\u00e1 dovolen\u00e1 Raurisertal. (Zv\u011bt\u0161en\u00fd pohled)\" srcset=\"https:\/\/www.salzburgerland.com\/cs\/wp-content\/uploads\/2021\/12\/raurisertal_rodelntvb-rauris_fotostudiocreatina-1170x658.jpg 1170w, https:\/\/www.salzburgerland.com\/cs\/wp-content\/uploads\/2021\/12\/raurisertal_rodelntvb-rauris_fotostudiocreatina-1200x675.jpg 1200w\" sizes=\"(max-width: 1170px) 100vw, 1170px\" aria-describedby=\"figcaption-150546-157990\" itemprop=\"thumbnail\"><\/a><\/div>\n\t\t\t\t\t\t<span id=\"figcaption-150546-157990\" class=\"gallery-caption\" itemprop=\"caption\"><span aria-hidden=\"true\">Hur\u00e1 za z\u00e1bavou na san\u00edch v Raurisertalu \u00a9TVB Rauris, Fotostudio Creatina<\/span><\/span>\n\t\t\t\t\t<\/li>\n\t\t\t\t\t<li class=\"gallery-item col-3\" itemprop=\"associatedMedia\" itemscope itemtype=\"http:\/\/schema.org\/ImageObject\">\n\t\t\t\t\t\t<div class=\"gallery-icon landscape\"><a href=\"https:\/\/www.salzburgerland.com\/cs\/wp-content\/uploads\/2021\/12\/familie_beim_rodeln_c_tvb_rauris_creatina_raurisertal_0-1170x658-1.jpg\" title=\"familie_beim_rodeln_c_tvb_rauris_creatina_raurisertal_0-1170x658\"><img decoding=\"async\" data-title=\"S\u00e1\u0148kov\u00e1n\u00ed je z\u00e1bava pro d\u011bti i dosp\u011bl\u00e9 \u00a9 Tourismusverband Rauris\n\n\" title=\"S\u00e1\u0148kov\u00e1n\u00ed je z\u00e1bava pro d\u011bti i dosp\u011bl\u00e9 \u00a9 Tourismusverband Rauris\n\n\" data-caption=\"S\u00e1\u0148kov\u00e1n\u00ed je z\u00e1bava pro d\u011bti i dosp\u011bl\u00e9 \u00a9 Tourismusverband Rauris\n\n\" width=\"1170\" height=\"658\" src=\"https:\/\/www.salzburgerland.com\/cs\/wp-content\/uploads\/2021\/12\/familie_beim_rodeln_c_tvb_rauris_creatina_raurisertal_0-1170x658-1.jpg\" class=\"attachment-1170_658 size-1170_658\" alt=\"Z kopce na san\u00edch v Raurisertalu (Zv\u011bt\u0161en\u00fd pohled)\" srcset=\"https:\/\/www.salzburgerland.com\/cs\/wp-content\/uploads\/2021\/12\/familie_beim_rodeln_c_tvb_rauris_creatina_raurisertal_0-1170x658-1.jpg 1170w, https:\/\/www.salzburgerland.com\/cs\/wp-content\/uploads\/2021\/12\/familie_beim_rodeln_c_tvb_rauris_creatina_raurisertal_0-1170x658-1-768x432.jpg 768w\" sizes=\"(max-width: 1170px) 100vw, 1170px\" aria-describedby=\"figcaption-150546-150555\" itemprop=\"thumbnail\"><\/a><\/div>\n\t\t\t\t\t\t<span id=\"figcaption-150546-150555\" class=\"gallery-caption\" itemprop=\"caption\"><span aria-hidden=\"true\">S\u00e1\u0148kov\u00e1n\u00ed je z\u00e1bava pro d\u011bti i dosp\u011bl\u00e9 \u00a9 Tourismusverband Rauris\n\n<\/span><\/span>\n\t\t\t\t\t<\/li>\n\t\t\t\t\t<li class=\"gallery-item col-3\" itemprop=\"associatedMedia\" itemscope itemtype=\"http:\/\/schema.org\/ImageObject\">\n\t\t\t\t\t\t<div class=\"gallery-icon landscape\"><a href=\"https:\/\/www.salzburgerland.com\/cs\/wp-content\/uploads\/2021\/12\/raurisertal-winter-talschluss-kolm-saigurn-rodeln6ctvb-rauris-fotograf-lukas-pilz-1601x1067.jpg\" title=\"Raurisertal Winter Talschluss Kolm Saigurn Rodeln6(c)TVB Rauris Fotograf Lukas Pilz\"><img decoding=\"async\" data-title=\"S\u00e1\u0148kov\u00e1n\u00edm si v Raurisertalu zpest\u0159\u00edte dovolenou \u00a9 Tourismusverband Rauris, Lukas Pilz\n\n\" title=\"S\u00e1\u0148kov\u00e1n\u00edm si v Raurisertalu zpest\u0159\u00edte dovolenou \u00a9 Tourismusverband Rauris, Lukas Pilz\n\n\" data-caption=\"S\u00e1\u0148kov\u00e1n\u00edm si v Raurisertalu zpest\u0159\u00edte dovolenou \u00a9 Tourismusverband Rauris, Lukas Pilz\n\n\" width=\"1170\" height=\"658\" src=\"https:\/\/www.salzburgerland.com\/cs\/wp-content\/uploads\/2021\/12\/raurisertal-winter-talschluss-kolm-saigurn-rodeln6ctvb-rauris-fotograf-lukas-pilz-1170x658.jpg\" class=\"attachment-1170_658 size-1170_658\" alt=\"S\u00e1\u0148kov\u00e1n\u00edm si v Raurisertalu zpest\u0159\u00edte dovolenou (Zv\u011bt\u0161en\u00fd pohled)\" srcset=\"https:\/\/www.salzburgerland.com\/cs\/wp-content\/uploads\/2021\/12\/raurisertal-winter-talschluss-kolm-saigurn-rodeln6ctvb-rauris-fotograf-lukas-pilz-1170x658.jpg 1170w, https:\/\/www.salzburgerland.com\/cs\/wp-content\/uploads\/2021\/12\/raurisertal-winter-talschluss-kolm-saigurn-rodeln6ctvb-rauris-fotograf-lukas-pilz-1200x675.jpg 1200w\" sizes=\"(max-width: 1170px) 100vw, 1170px\" aria-describedby=\"figcaption-150546-160712\" itemprop=\"thumbnail\"><\/a><\/div>\n\t\t\t\t\t\t<span id=\"figcaption-150546-160712\" class=\"gallery-caption\" itemprop=\"caption\"><span aria-hidden=\"true\">S\u00e1\u0148kov\u00e1n\u00edm si v Raurisertalu zpest\u0159\u00edte dovolenou \u00a9 Tourismusverband Rauris, Lukas Pilz\n\n<\/span><\/span>\n\t\t\t\t\t<\/li>\n\t\t\t\t<\/ul>\n\t\t\t<\/div><!-- .gallery -->\n\n<div>\n<p>U\u017eijte si dovolenou naplno a neriskujte zbyte\u010dn\u00e9 komplikace. Pod\u00edvejte se na n\u011bkolik<span>\u00a0<\/span><a href=\"https:\/\/www.salzburgerland.com\/cs\/bezpecnost-v-alpach-v-zime\/\" target=\"_blank\" rel=\"noopener noreferrer\">tip\u016f<\/a><span>\u00a0<\/span>ohledn\u011b bezpe\u010dn\u00e9ho chov\u00e1n\u00ed v hor\u00e1ch.<\/p>\n<\/div>\n","protected":false},"excerpt":{"rendered":"<p>Ly\u017ea\u0159sk\u00e1 oblast Hochalmbahnen je ide\u00e1ln\u00ed pro rodiny s d\u011btmi P\u0159esto\u017ee je tato destinace vyhl\u00e1\u0161en\u00e1 sv\u00fdm perfektn\u00edm servisem a podm\u00ednkami, nemus\u00edte se ob\u00e1vat dlouh\u00fdch,\u00a0nep\u0159\u00edjemn\u00fdch front a dav\u016f u vlek\u016f nebo na sjezdovk\u00e1ch. T\u011bch m\u016f\u017ee Raurisertal nab\u00eddnout okolo\u00a032 kilometr\u016f. Nekone\u010dn\u00e9 kilometry sjezdovek tady nejsou t\u00edm hlavn\u00edm. To nejd\u016fle\u017eit\u011bj\u0161\u00ed je, \u017ee se jedn\u00e1 o opravdu p\u0159\u00edjemn\u00fd a nep\u0159elidn\u011bn\u00fd [&hellip;]<\/p>\n","protected":false},"author":6,"featured_media":160702,"comment_status":"closed","ping_status":"closed","sticky":false,"template":"","format":"standard","meta":{"_acf_changed":false,"wl_entities_gutenberg":"","_relevanssi_hide_post":"","_relevanssi_hide_content":"","_relevanssi_pin_for_all":"","_relevanssi_pin_keywords":"","_relevanssi_unpin_keywords":"","_relevanssi_related_keywords":"","_relevanssi_related_include_ids":"","_relevanssi_related_exclude_ids":"","_relevanssi_related_no_append":"","_relevanssi_related_not_related":"","_relevanssi_related_posts":"","_relevanssi_noindex_reason":"","footnotes":""},"categories":[1],"tags":[],"wl_entity_type":[706],"class_list":["post-150546","post","type-post","status-publish","format-standard","has-post-thumbnail","hentry","category-uncategorized","wl_entity_type-article"],"acf":[],"yoast_head":"<!-- This site is optimized with the Yoast SEO Premium plugin v27.4 (Yoast SEO v27.4) - https:\/\/yoast.com\/product\/yoast-seo-premium-wordpress\/ -->\n<title>Zimn\u00ed rodinn\u00e1 dovolen\u00e1 v Raurisertalu \u00bb SalzburgerLand.com<\/title>\n<meta name=\"robots\" content=\"index, follow, max-snippet:-1, max-image-preview:large, max-video-preview:-1\" \/>\n<link rel=\"canonical\" href=\"https:\/\/www.salzburgerland.com\/cs\/raurisertal-zimni-rodinna-dovolena\/\" \/>\n<meta property=\"og:locale\" content=\"cs_CZ\" \/>\n<meta property=\"og:type\" content=\"article\" \/>\n<meta property=\"og:title\" content=\"Zimn\u00ed rodinn\u00e1 dovolen\u00e1 v Raurisertalu\" \/>\n<meta property=\"og:description\" content=\"Ly\u017ea\u0159sk\u00e1 oblast Hochalmbahnen je ide\u00e1ln\u00ed pro rodiny s d\u011btmi P\u0159esto\u017ee je tato destinace vyhl\u00e1\u0161en\u00e1 sv\u00fdm perfektn\u00edm servisem a podm\u00ednkami, nemus\u00edte se ob\u00e1vat\" \/>\n<meta property=\"og:url\" content=\"https:\/\/www.salzburgerland.com\/cs\/raurisertal-zimni-rodinna-dovolena\/\" \/>\n<meta property=\"og:site_name\" content=\"SalzburgerLand.com\" \/>\n<meta property=\"article:publisher\" content=\"https:\/\/www.facebook.com\/visitsalzburgerland\/\" \/>\n<meta property=\"article:published_time\" content=\"2021-12-02T11:39:05+00:00\" \/>\n<meta property=\"article:modified_time\" content=\"2024-10-13T10:31:02+00:00\" \/>\n<meta property=\"og:image\" content=\"https:\/\/www.salzburgerland.com\/cs\/wp-content\/uploads\/2021\/12\/raurisertal_skifahren-hochalmbahnen-ag_final-76-1200x675.jpg\" \/>\n\t<meta property=\"og:image:width\" content=\"1200\" \/>\n\t<meta property=\"og:image:height\" content=\"675\" \/>\n\t<meta property=\"og:image:type\" content=\"image\/jpeg\" \/>\n<meta name=\"author\" content=\"Andrea \u017d\u00e1\u010dkov\u00e1\" \/>\n<meta name=\"twitter:card\" content=\"summary_large_image\" \/>\n<meta name=\"twitter:creator\" content=\"@salzburgerland\" \/>\n<meta name=\"twitter:site\" content=\"@salzburgerland\" \/>\n<meta name=\"twitter:label1\" content=\"Napsal(a)\" \/>\n\t<meta name=\"twitter:data1\" content=\"Andrea \u017d\u00e1\u010dkov\u00e1\" \/>\n\t<meta name=\"twitter:label2\" content=\"Odhadovan\u00e1 doba \u010dten\u00ed\" \/>\n\t<meta name=\"twitter:data2\" content=\"4 minuty\" \/>\n<script type=\"application\/ld+json\" class=\"yoast-schema-graph\">{\"@context\":\"https:\\\/\\\/schema.org\",\"@graph\":[{\"@type\":\"Article\",\"@id\":\"https:\\\/\\\/www.salzburgerland.com\\\/cs\\\/raurisertal-zimni-rodinna-dovolena\\\/#article\",\"isPartOf\":{\"@id\":\"https:\\\/\\\/www.salzburgerland.com\\\/cs\\\/raurisertal-zimni-rodinna-dovolena\\\/\"},\"author\":{\"name\":\"Andrea \u017d\u00e1\u010dkov\u00e1\",\"@id\":\"https:\\\/\\\/www.salzburgerland.com\\\/cs\\\/#\\\/schema\\\/person\\\/dd42a4661897004df109095dbf40eeff\"},\"headline\":\"Zimn\u00ed rodinn\u00e1 dovolen\u00e1 v Raurisertalu\",\"datePublished\":\"2021-12-02T11:39:05+00:00\",\"dateModified\":\"2024-10-13T10:31:02+00:00\",\"mainEntityOfPage\":{\"@id\":\"https:\\\/\\\/www.salzburgerland.com\\\/cs\\\/raurisertal-zimni-rodinna-dovolena\\\/\"},\"wordCount\":620,\"image\":{\"@id\":\"https:\\\/\\\/www.salzburgerland.com\\\/cs\\\/raurisertal-zimni-rodinna-dovolena\\\/#primaryimage\"},\"thumbnailUrl\":\"https:\\\/\\\/www.salzburgerland.com\\\/cs\\\/wp-content\\\/uploads\\\/2021\\\/12\\\/raurisertal_skifahren-hochalmbahnen-ag_final-76.jpg\",\"articleSection\":[\"Uncategorized\"],\"inLanguage\":\"cs\"},{\"@type\":\"WebPage\",\"@id\":\"https:\\\/\\\/www.salzburgerland.com\\\/cs\\\/raurisertal-zimni-rodinna-dovolena\\\/\",\"url\":\"https:\\\/\\\/www.salzburgerland.com\\\/cs\\\/raurisertal-zimni-rodinna-dovolena\\\/\",\"name\":\"Zimn\u00ed rodinn\u00e1 dovolen\u00e1 v Raurisertalu \u00bb SalzburgerLand.com\",\"isPartOf\":{\"@id\":\"https:\\\/\\\/www.salzburgerland.com\\\/cs\\\/#website\"},\"primaryImageOfPage\":{\"@id\":\"https:\\\/\\\/www.salzburgerland.com\\\/cs\\\/raurisertal-zimni-rodinna-dovolena\\\/#primaryimage\"},\"image\":{\"@id\":\"https:\\\/\\\/www.salzburgerland.com\\\/cs\\\/raurisertal-zimni-rodinna-dovolena\\\/#primaryimage\"},\"thumbnailUrl\":\"https:\\\/\\\/www.salzburgerland.com\\\/cs\\\/wp-content\\\/uploads\\\/2021\\\/12\\\/raurisertal_skifahren-hochalmbahnen-ag_final-76.jpg\",\"datePublished\":\"2021-12-02T11:39:05+00:00\",\"dateModified\":\"2024-10-13T10:31:02+00:00\",\"author\":{\"@id\":\"https:\\\/\\\/www.salzburgerland.com\\\/cs\\\/#\\\/schema\\\/person\\\/dd42a4661897004df109095dbf40eeff\"},\"description\":\"Ly\u017eov\u00e1n\u00ed v kr\u00e1sn\u00e9 p\u0159\u00edrod\u011b, daleko od dav\u016f lid\u00ed.\",\"breadcrumb\":{\"@id\":\"https:\\\/\\\/www.salzburgerland.com\\\/cs\\\/raurisertal-zimni-rodinna-dovolena\\\/#breadcrumb\"},\"inLanguage\":\"cs\",\"potentialAction\":[{\"@type\":\"ReadAction\",\"target\":[\"https:\\\/\\\/www.salzburgerland.com\\\/cs\\\/raurisertal-zimni-rodinna-dovolena\\\/\"]}]},{\"@type\":\"ImageObject\",\"inLanguage\":\"cs\",\"@id\":\"https:\\\/\\\/www.salzburgerland.com\\\/cs\\\/raurisertal-zimni-rodinna-dovolena\\\/#primaryimage\",\"url\":\"https:\\\/\\\/www.salzburgerland.com\\\/cs\\\/wp-content\\\/uploads\\\/2021\\\/12\\\/raurisertal_skifahren-hochalmbahnen-ag_final-76.jpg\",\"contentUrl\":\"https:\\\/\\\/www.salzburgerland.com\\\/cs\\\/wp-content\\\/uploads\\\/2021\\\/12\\\/raurisertal_skifahren-hochalmbahnen-ag_final-76.jpg\",\"width\":1619,\"height\":1080,\"caption\":\"Zimn\u00ed rodinn\u00e1 dovolen\u00e1 v Raurisertalu \u00a9 Hochalmbahnen AG, Daniel Breuer\"},{\"@type\":\"BreadcrumbList\",\"@id\":\"https:\\\/\\\/www.salzburgerland.com\\\/cs\\\/raurisertal-zimni-rodinna-dovolena\\\/#breadcrumb\",\"itemListElement\":[{\"@type\":\"ListItem\",\"position\":1,\"name\":\"Raurisertal v zim\u011b\",\"item\":\"https:\\\/\\\/www.salzburgerland.com\\\/cs\\\/raurisertal-v-zime\\\/\"},{\"@type\":\"ListItem\",\"position\":2,\"name\":\"Zimn\u00ed rodinn\u00e1 dovolen\u00e1 v Raurisertalu\"}]},{\"@type\":\"WebSite\",\"@id\":\"https:\\\/\\\/www.salzburgerland.com\\\/cs\\\/#website\",\"url\":\"https:\\\/\\\/www.salzburgerland.com\\\/cs\\\/\",\"name\":\"SalzburgerLand.com\",\"description\":\"Va\u0161e dovolen\u00e1 v Salcburku, Rakousko\",\"potentialAction\":[{\"@type\":\"SearchAction\",\"target\":{\"@type\":\"EntryPoint\",\"urlTemplate\":\"https:\\\/\\\/www.salzburgerland.com\\\/cs\\\/?s={search_term_string}\"},\"query-input\":{\"@type\":\"PropertyValueSpecification\",\"valueRequired\":true,\"valueName\":\"search_term_string\"}}],\"inLanguage\":\"cs\"},{\"@type\":\"Person\",\"@id\":\"https:\\\/\\\/www.salzburgerland.com\\\/cs\\\/#\\\/schema\\\/person\\\/dd42a4661897004df109095dbf40eeff\",\"name\":\"Andrea \u017d\u00e1\u010dkov\u00e1\",\"image\":{\"@type\":\"ImageObject\",\"inLanguage\":\"cs\",\"@id\":\"https:\\\/\\\/secure.gravatar.com\\\/avatar\\\/338deec8d231d56d0ab7b2b7d6d0aedbcb3eb05390f6c027fd5b7ebe87b67dbf?s=96&d=mm&r=g\",\"url\":\"https:\\\/\\\/secure.gravatar.com\\\/avatar\\\/338deec8d231d56d0ab7b2b7d6d0aedbcb3eb05390f6c027fd5b7ebe87b67dbf?s=96&d=mm&r=g\",\"contentUrl\":\"https:\\\/\\\/secure.gravatar.com\\\/avatar\\\/338deec8d231d56d0ab7b2b7d6d0aedbcb3eb05390f6c027fd5b7ebe87b67dbf?s=96&d=mm&r=g\",\"caption\":\"Andrea \u017d\u00e1\u010dkov\u00e1\"}}]}<\/script>\n<!-- \/ Yoast SEO Premium plugin. -->","yoast_head_json":{"title":"Zimn\u00ed rodinn\u00e1 dovolen\u00e1 v Raurisertalu \u00bb SalzburgerLand.com","robots":{"index":"index","follow":"follow","max-snippet":"max-snippet:-1","max-image-preview":"max-image-preview:large","max-video-preview":"max-video-preview:-1"},"canonical":"https:\/\/www.salzburgerland.com\/cs\/raurisertal-zimni-rodinna-dovolena\/","og_locale":"cs_CZ","og_type":"article","og_title":"Zimn\u00ed rodinn\u00e1 dovolen\u00e1 v Raurisertalu","og_description":"Ly\u017ea\u0159sk\u00e1 oblast Hochalmbahnen je ide\u00e1ln\u00ed pro rodiny s d\u011btmi P\u0159esto\u017ee je tato destinace vyhl\u00e1\u0161en\u00e1 sv\u00fdm perfektn\u00edm servisem a podm\u00ednkami, nemus\u00edte se ob\u00e1vat","og_url":"https:\/\/www.salzburgerland.com\/cs\/raurisertal-zimni-rodinna-dovolena\/","og_site_name":"SalzburgerLand.com","article_publisher":"https:\/\/www.facebook.com\/visitsalzburgerland\/","article_published_time":"2021-12-02T11:39:05+00:00","article_modified_time":"2024-10-13T10:31:02+00:00","og_image":[{"width":1200,"height":675,"url":"https:\/\/www.salzburgerland.com\/cs\/wp-content\/uploads\/2021\/12\/raurisertal_skifahren-hochalmbahnen-ag_final-76-1200x675.jpg","type":"image\/jpeg"}],"author":"Andrea \u017d\u00e1\u010dkov\u00e1","twitter_card":"summary_large_image","twitter_creator":"@salzburgerland","twitter_site":"@salzburgerland","twitter_misc":{"Napsal(a)":"Andrea \u017d\u00e1\u010dkov\u00e1","Odhadovan\u00e1 doba \u010dten\u00ed":"4 minuty"},"schema":{"@context":"https:\/\/schema.org","@graph":[{"@type":"Article","@id":"https:\/\/www.salzburgerland.com\/cs\/raurisertal-zimni-rodinna-dovolena\/#article","isPartOf":{"@id":"https:\/\/www.salzburgerland.com\/cs\/raurisertal-zimni-rodinna-dovolena\/"},"author":{"name":"Andrea \u017d\u00e1\u010dkov\u00e1","@id":"https:\/\/www.salzburgerland.com\/cs\/#\/schema\/person\/dd42a4661897004df109095dbf40eeff"},"headline":"Zimn\u00ed rodinn\u00e1 dovolen\u00e1 v Raurisertalu","datePublished":"2021-12-02T11:39:05+00:00","dateModified":"2024-10-13T10:31:02+00:00","mainEntityOfPage":{"@id":"https:\/\/www.salzburgerland.com\/cs\/raurisertal-zimni-rodinna-dovolena\/"},"wordCount":620,"image":{"@id":"https:\/\/www.salzburgerland.com\/cs\/raurisertal-zimni-rodinna-dovolena\/#primaryimage"},"thumbnailUrl":"https:\/\/www.salzburgerland.com\/cs\/wp-content\/uploads\/2021\/12\/raurisertal_skifahren-hochalmbahnen-ag_final-76.jpg","articleSection":["Uncategorized"],"inLanguage":"cs"},{"@type":"WebPage","@id":"https:\/\/www.salzburgerland.com\/cs\/raurisertal-zimni-rodinna-dovolena\/","url":"https:\/\/www.salzburgerland.com\/cs\/raurisertal-zimni-rodinna-dovolena\/","name":"Zimn\u00ed rodinn\u00e1 dovolen\u00e1 v Raurisertalu \u00bb SalzburgerLand.com","isPartOf":{"@id":"https:\/\/www.salzburgerland.com\/cs\/#website"},"primaryImageOfPage":{"@id":"https:\/\/www.salzburgerland.com\/cs\/raurisertal-zimni-rodinna-dovolena\/#primaryimage"},"image":{"@id":"https:\/\/www.salzburgerland.com\/cs\/raurisertal-zimni-rodinna-dovolena\/#primaryimage"},"thumbnailUrl":"https:\/\/www.salzburgerland.com\/cs\/wp-content\/uploads\/2021\/12\/raurisertal_skifahren-hochalmbahnen-ag_final-76.jpg","datePublished":"2021-12-02T11:39:05+00:00","dateModified":"2024-10-13T10:31:02+00:00","author":{"@id":"https:\/\/www.salzburgerland.com\/cs\/#\/schema\/person\/dd42a4661897004df109095dbf40eeff"},"description":"Ly\u017eov\u00e1n\u00ed v kr\u00e1sn\u00e9 p\u0159\u00edrod\u011b, daleko od dav\u016f lid\u00ed.","breadcrumb":{"@id":"https:\/\/www.salzburgerland.com\/cs\/raurisertal-zimni-rodinna-dovolena\/#breadcrumb"},"inLanguage":"cs","potentialAction":[{"@type":"ReadAction","target":["https:\/\/www.salzburgerland.com\/cs\/raurisertal-zimni-rodinna-dovolena\/"]}]},{"@type":"ImageObject","inLanguage":"cs","@id":"https:\/\/www.salzburgerland.com\/cs\/raurisertal-zimni-rodinna-dovolena\/#primaryimage","url":"https:\/\/www.salzburgerland.com\/cs\/wp-content\/uploads\/2021\/12\/raurisertal_skifahren-hochalmbahnen-ag_final-76.jpg","contentUrl":"https:\/\/www.salzburgerland.com\/cs\/wp-content\/uploads\/2021\/12\/raurisertal_skifahren-hochalmbahnen-ag_final-76.jpg","width":1619,"height":1080,"caption":"Zimn\u00ed rodinn\u00e1 dovolen\u00e1 v Raurisertalu \u00a9 Hochalmbahnen AG, Daniel Breuer"},{"@type":"BreadcrumbList","@id":"https:\/\/www.salzburgerland.com\/cs\/raurisertal-zimni-rodinna-dovolena\/#breadcrumb","itemListElement":[{"@type":"ListItem","position":1,"name":"Raurisertal v zim\u011b","item":"https:\/\/www.salzburgerland.com\/cs\/raurisertal-v-zime\/"},{"@type":"ListItem","position":2,"name":"Zimn\u00ed rodinn\u00e1 dovolen\u00e1 v Raurisertalu"}]},{"@type":"WebSite","@id":"https:\/\/www.salzburgerland.com\/cs\/#website","url":"https:\/\/www.salzburgerland.com\/cs\/","name":"SalzburgerLand.com","description":"Va\u0161e dovolen\u00e1 v Salcburku, Rakousko","potentialAction":[{"@type":"SearchAction","target":{"@type":"EntryPoint","urlTemplate":"https:\/\/www.salzburgerland.com\/cs\/?s={search_term_string}"},"query-input":{"@type":"PropertyValueSpecification","valueRequired":true,"valueName":"search_term_string"}}],"inLanguage":"cs"},{"@type":"Person","@id":"https:\/\/www.salzburgerland.com\/cs\/#\/schema\/person\/dd42a4661897004df109095dbf40eeff","name":"Andrea \u017d\u00e1\u010dkov\u00e1","image":{"@type":"ImageObject","inLanguage":"cs","@id":"https:\/\/secure.gravatar.com\/avatar\/338deec8d231d56d0ab7b2b7d6d0aedbcb3eb05390f6c027fd5b7ebe87b67dbf?s=96&d=mm&r=g","url":"https:\/\/secure.gravatar.com\/avatar\/338deec8d231d56d0ab7b2b7d6d0aedbcb3eb05390f6c027fd5b7ebe87b67dbf?s=96&d=mm&r=g","contentUrl":"https:\/\/secure.gravatar.com\/avatar\/338deec8d231d56d0ab7b2b7d6d0aedbcb3eb05390f6c027fd5b7ebe87b67dbf?s=96&d=mm&r=g","caption":"Andrea \u017d\u00e1\u010dkov\u00e1"}}]}},"_wl_alt_label":[],"wl:entity_url":"http:\/\/open.salzburgerland.com\/cs\/post\/raurisertal_zimni_rodinna_dovolena","_links":{"self":[{"href":"https:\/\/www.salzburgerland.com\/cs\/wp-json\/wp\/v2\/posts\/150546","targetHints":{"allow":["GET"]}}],"collection":[{"href":"https:\/\/www.salzburgerland.com\/cs\/wp-json\/wp\/v2\/posts"}],"about":[{"href":"https:\/\/www.salzburgerland.com\/cs\/wp-json\/wp\/v2\/types\/post"}],"author":[{"embeddable":true,"href":"https:\/\/www.salzburgerland.com\/cs\/wp-json\/wp\/v2\/users\/6"}],"replies":[{"embeddable":true,"href":"https:\/\/www.salzburgerland.com\/cs\/wp-json\/wp\/v2\/comments?post=150546"}],"version-history":[{"count":8,"href":"https:\/\/www.salzburgerland.com\/cs\/wp-json\/wp\/v2\/posts\/150546\/revisions"}],"predecessor-version":[{"id":160714,"href":"https:\/\/www.salzburgerland.com\/cs\/wp-json\/wp\/v2\/posts\/150546\/revisions\/160714"}],"wp:featuredmedia":[{"embeddable":true,"href":"https:\/\/www.salzburgerland.com\/cs\/wp-json\/wp\/v2\/media\/160702"}],"wp:attachment":[{"href":"https:\/\/www.salzburgerland.com\/cs\/wp-json\/wp\/v2\/media?parent=150546"}],"wp:term":[{"taxonomy":"category","embeddable":true,"href":"https:\/\/www.salzburgerland.com\/cs\/wp-json\/wp\/v2\/categories?post=150546"},{"taxonomy":"post_tag","embeddable":true,"href":"https:\/\/www.salzburgerland.com\/cs\/wp-json\/wp\/v2\/tags?post=150546"},{"taxonomy":"wl_entity_type","embeddable":true,"href":"https:\/\/www.salzburgerland.com\/cs\/wp-json\/wp\/v2\/wl_entity_type?post=150546"}],"curies":[{"name":"wp","href":"https:\/\/api.w.org\/{rel}","templated":true}]}}