{"id":150054,"date":"2021-09-23T09:36:48","date_gmt":"2021-09-23T07:36:48","guid":{"rendered":"https:\/\/www.salzburgerland.com\/cs\/?p=150054"},"modified":"2025-10-14T16:46:06","modified_gmt":"2025-10-14T14:46:06","slug":"salcbursky-lungau-bezky","status":"publish","type":"post","link":"https:\/\/www.salzburgerland.com\/cs\/salcbursky-lungau-bezky\/","title":{"rendered":"Na b\u011b\u017ek\u00e1ch v Salcbursk\u00e9m Lungau"},"content":{"rendered":"<p>Jet na b\u011b\u017ek\u00e1ch hluboce zasn\u011b\u017een\u00fdmi \u00fadol\u00edmi Salcbursk\u00e9ho Lungau a u\u017e\u00edvat si z\u00e1\u0159iv\u00fdch slune\u010dn\u00edch paprsk\u016f. P\u0159itom d\u00fdchat zdrav\u00fd vzduch a obdivovat kouzelnou p\u0159\u00edrodu pod vrstvou sn\u011bhu. To je ta nejlep\u0161\u00ed forma odpo\u010dinku v p\u0159\u00edrod\u011b.\u00a0 Pokud p\u0159\u00edrodn\u00ed sn\u00edh nesta\u010d\u00ed, krom\u011b alpsk\u00fdch trat\u00ed u Prebersee a v Sch\u00f6nfeldu je spoleh na zasn\u011b\u017eovac\u00ed za\u0159\u00edzen\u00ed tak\u00e9 na 6 km dlouh\u00e9 trati H\u00f6hen-Loipe Lignitz v Mariapfarr.<\/p>\n\n\t\t\t<div id=\"150054-1\" class=\"gallery gallery-150054 gallery-columns-3 gallery-size-1170_658\" itemscope itemtype=\"http:\/\/schema.org\/ImageGallery\">\n\t\t\t\t<ul class=\"gallery-row gallery-col-3 gallery-clear\">\n\t\t\t\t\t<li class=\"gallery-item col-3\" itemprop=\"associatedMedia\" itemscope itemtype=\"http:\/\/schema.org\/ImageObject\">\n\t\t\t\t\t\t<div class=\"gallery-icon landscape\"><a href=\"https:\/\/www.salzburgerland.com\/cs\/wp-content\/uploads\/2019\/09\/winter-langlaufen-lungau-salzburger-lungau-1599x1067.jpg\" title=\"Winter-Langlaufen-Lungau \u00a9Salzburger Lungau\"><img decoding=\"async\" data-title=\"Upraven\u00e9 b\u011b\u017eeck\u00e9 trat\u011b pro klasiku i bruslen\u00ed \u00a9 Salzburger Lungau\" title=\"Upraven\u00e9 b\u011b\u017eeck\u00e9 trat\u011b pro klasiku i bruslen\u00ed \u00a9 Salzburger Lungau\" data-caption=\"Upraven\u00e9 b\u011b\u017eeck\u00e9 trat\u011b pro klasiku i bruslen\u00ed \u00a9 Salzburger Lungau\" width=\"1170\" height=\"658\" src=\"https:\/\/www.salzburgerland.com\/cs\/wp-content\/uploads\/2019\/09\/winter-langlaufen-lungau-salzburger-lungau-1170x658.jpg\" class=\"attachment-1170_658 size-1170_658\" alt=\"Salcbursk\u00fd Lungau nab\u00edz\u00ed b\u011b\u017eeck\u00e9 trat\u011b pro klasiku i bruslen\u00ed (Zv\u011bt\u0161en\u00fd pohled)\" srcset=\"https:\/\/www.salzburgerland.com\/cs\/wp-content\/uploads\/2019\/09\/winter-langlaufen-lungau-salzburger-lungau-1170x658.jpg 1170w, https:\/\/www.salzburgerland.com\/cs\/wp-content\/uploads\/2019\/09\/winter-langlaufen-lungau-salzburger-lungau-1200x675.jpg 1200w\" sizes=\"(max-width: 1170px) 100vw, 1170px\" aria-describedby=\"figcaption-150054-160870\" itemprop=\"thumbnail\"><\/a><\/div>\n\t\t\t\t\t\t<span id=\"figcaption-150054-160870\" class=\"gallery-caption\" itemprop=\"caption\"><span aria-hidden=\"true\">Upraven\u00e9 b\u011b\u017eeck\u00e9 trat\u011b pro klasiku i bruslen\u00ed \u00a9 Salzburger Lungau<\/span><\/span>\n\t\t\t\t\t<\/li>\n\t\t\t\t\t<li class=\"gallery-item col-3\" itemprop=\"associatedMedia\" itemscope itemtype=\"http:\/\/schema.org\/ImageObject\">\n\t\t\t\t\t\t<div class=\"gallery-icon landscape\"><a href=\"https:\/\/www.salzburgerland.com\/cs\/wp-content\/uploads\/2021\/09\/obertauern-langlaufen--salzburger-lungau-1601x1067.jpg\" title=\"Obertauern Langlaufen \u00a9 Salzburger Lungau\"><img decoding=\"async\" data-title=\"Skv\u011bl\u00e9 b\u011b\u017eeck\u00e9 trat\u011b jsou i v Obertauern \u00a9 Salzburger Lungau\" title=\"Skv\u011bl\u00e9 b\u011b\u017eeck\u00e9 trat\u011b jsou i v Obertauern \u00a9 Salzburger Lungau\" data-caption=\"Skv\u011bl\u00e9 b\u011b\u017eeck\u00e9 trat\u011b jsou i v Obertauern \u00a9 Salzburger Lungau\" width=\"1170\" height=\"658\" src=\"https:\/\/www.salzburgerland.com\/cs\/wp-content\/uploads\/2021\/09\/obertauern-langlaufen--salzburger-lungau-1170x658.jpg\" class=\"attachment-1170_658 size-1170_658\" alt=\"Skv\u011bl\u00e9 b\u011b\u017eeck\u00e9 trat\u011b jsou i v Obertauern (Zv\u011bt\u0161en\u00fd pohled)\" srcset=\"https:\/\/www.salzburgerland.com\/cs\/wp-content\/uploads\/2021\/09\/obertauern-langlaufen--salzburger-lungau-1170x658.jpg 1170w, https:\/\/www.salzburgerland.com\/cs\/wp-content\/uploads\/2021\/09\/obertauern-langlaufen--salzburger-lungau-1200x675.jpg 1200w\" sizes=\"(max-width: 1170px) 100vw, 1170px\" aria-describedby=\"figcaption-150054-160937\" itemprop=\"thumbnail\"><\/a><\/div>\n\t\t\t\t\t\t<span id=\"figcaption-150054-160937\" class=\"gallery-caption\" itemprop=\"caption\"><span aria-hidden=\"true\">Skv\u011bl\u00e9 b\u011b\u017eeck\u00e9 trat\u011b jsou i v Obertauern \u00a9 Salzburger Lungau<\/span><\/span>\n\t\t\t\t\t<\/li>\n\t\t\t\t\t<li class=\"gallery-item col-3\" itemprop=\"associatedMedia\" itemscope itemtype=\"http:\/\/schema.org\/ImageObject\">\n\t\t\t\t\t\t<div class=\"gallery-icon landscape\"><a href=\"https:\/\/www.salzburgerland.com\/cs\/wp-content\/uploads\/2021\/09\/langlaufen-im-salzburger-lungau--salzburger-lungau-1601x1067.jpg\" title=\"Langlaufen im Salzburger Lungau \u00a9 Salzburger Lungau\"><img decoding=\"async\" data-title=\"Na b\u011b\u017ek\u00e1ch v Salcbursk\u00e9m Lungau \u00a9 Salzburger Lungau\" title=\"Na b\u011b\u017ek\u00e1ch v Salcbursk\u00e9m Lungau \u00a9 Salzburger Lungau\" data-caption=\"Na b\u011b\u017ek\u00e1ch v Salcbursk\u00e9m Lungau \u00a9 Salzburger Lungau\" width=\"1170\" height=\"658\" src=\"https:\/\/www.salzburgerland.com\/cs\/wp-content\/uploads\/2021\/09\/langlaufen-im-salzburger-lungau--salzburger-lungau-1170x658.jpg\" class=\"attachment-1170_658 size-1170_658\" alt=\"Na b\u011b\u017ek\u00e1ch v Salcbursk\u00e9m Lungau (Zv\u011bt\u0161en\u00fd pohled)\" srcset=\"https:\/\/www.salzburgerland.com\/cs\/wp-content\/uploads\/2021\/09\/langlaufen-im-salzburger-lungau--salzburger-lungau-1170x658.jpg 1170w, https:\/\/www.salzburgerland.com\/cs\/wp-content\/uploads\/2021\/09\/langlaufen-im-salzburger-lungau--salzburger-lungau-1200x675.jpg 1200w\" sizes=\"(max-width: 1170px) 100vw, 1170px\" aria-describedby=\"figcaption-150054-160953\" itemprop=\"thumbnail\"><\/a><\/div>\n\t\t\t\t\t\t<span id=\"figcaption-150054-160953\" class=\"gallery-caption\" itemprop=\"caption\"><span aria-hidden=\"true\">Na b\u011b\u017ek\u00e1ch v Salcbursk\u00e9m Lungau \u00a9 Salzburger Lungau<\/span><\/span>\n\t\t\t\t\t<\/li>\n\t\t\t\t<\/ul>\n\t\t\t<\/div><!-- .gallery -->\n\n<h3>B\u011b\u017eeck\u00e9 trat\u011b v Salcbursk\u00e9m Lungau<\/h3>\n<p>Salcbursk\u00fd Lungau nab\u00edz\u00ed b\u011b\u017eka\u0159\u016fm<span>\u00a0<\/span><strong>v\u00edce ne\u017e 150 km upraven\u00fdch <a href=\"https:\/\/www.lungau.at\/en\/experience\/winter\/off-the-ski-slopes\/cross-country-skiing\/overview-of-trails\/\" target=\"_blank\" rel=\"noopener\">tras<\/a> <\/strong>pro klasiku i bruslen\u00ed a ide\u00e1ln\u00ed podm\u00ednky pro vytrvalostn\u00ed tr\u00e9nink. V nadmo\u0159sk\u00e9 v\u00fd\u0161ce nad 1000 metry najdete ide\u00e1ln\u00ed ter\u00e9n i sn\u011bhov\u00e9 podm\u00ednky. Krom\u011b vysokohorsk\u00fdch trat\u00ed v<span>\u00a0<\/span><strong>Katschbergu,<\/strong><span>\u00a0<\/span><strong>Prebersee<\/strong><span>\u00a0<\/span>a<span>\u00a0<\/span><strong>Sch\u00f6nfeldu\u00a0<\/strong>je k dispozici vysokohorsk\u00e1 trasa <strong>Lignitz hohenloipe<\/strong>. Je ide\u00e1ln\u00ed pro za\u010d\u00ednaj\u00edc\u00ed b\u011b\u017eka\u0159e, pro ty, hobby sportovce, ale i pro opravdov\u00e9 profesion\u00e1ly. Pokud jsou dobr\u00e9 sn\u011bhov\u00e9 podm\u00ednky, m\u016f\u017eete dojet a\u017e na konec \u00fadol\u00ed <strong>Hintere Lignitztal<\/strong>.<\/p>\n<p>Lignitzsk\u00e1 vysokohorsk\u00e1 trasa je charakterizov\u00e1na jako snadn\u00e1 a\u017e st\u0159edn\u011b obt\u00ed\u017en\u00e1, vede v nadmo\u0159sk\u00e9 v\u00fd\u0161ce 1330 \u2013 1400 m n. m. Jej\u00ed d\u00e9lka je 7 km a lze ji projet jako okruh. M\u016f\u017eete zvolit klasiku i skating. N\u00e1stup je v Mariapfarr v oblasti Lignitz, napojuje se na tra\u0165\u00a0Panoramaloipe.<\/p>\n\n\t\t\t<div id=\"150054-2\" class=\"gallery gallery-150054 gallery-columns-3 gallery-size-1170_658\" itemscope itemtype=\"http:\/\/schema.org\/ImageGallery\">\n\t\t\t\t<ul class=\"gallery-row gallery-col-3 gallery-clear\">\n\t\t\t\t\t<li class=\"gallery-item col-3\" itemprop=\"associatedMedia\" itemscope itemtype=\"http:\/\/schema.org\/ImageObject\">\n\t\t\t\t\t\t<div class=\"gallery-icon landscape\"><a href=\"https:\/\/www.salzburgerland.com\/cs\/wp-content\/uploads\/2021\/09\/hohenloipe-winter-lungau-salzburger-lungau-1601x1067.jpg\" title=\"H\u00f6henloipe-Winter-Lungau \u00a9Salzburger Lungau\"><img decoding=\"async\" data-title=\"Tra\u0165 pro bruslen\u00ed H\u00f6henloipe u Prebersee \u00a9 Salzburger Lungau\" title=\"Tra\u0165 pro bruslen\u00ed H\u00f6henloipe u Prebersee \u00a9 Salzburger Lungau\" data-caption=\"Tra\u0165 pro bruslen\u00ed H\u00f6henloipe u Prebersee \u00a9 Salzburger Lungau\" width=\"1170\" height=\"658\" src=\"https:\/\/www.salzburgerland.com\/cs\/wp-content\/uploads\/2021\/09\/hohenloipe-winter-lungau-salzburger-lungau-1170x658.jpg\" class=\"attachment-1170_658 size-1170_658\" alt=\"B\u011b\u017eeck\u00e1 tra\u0165 pro skating kolem jezera Prebersee (Zv\u011bt\u0161en\u00fd pohled)\" srcset=\"https:\/\/www.salzburgerland.com\/cs\/wp-content\/uploads\/2021\/09\/hohenloipe-winter-lungau-salzburger-lungau-1170x658.jpg 1170w, https:\/\/www.salzburgerland.com\/cs\/wp-content\/uploads\/2021\/09\/hohenloipe-winter-lungau-salzburger-lungau-1200x675.jpg 1200w\" sizes=\"(max-width: 1170px) 100vw, 1170px\" aria-describedby=\"figcaption-150054-160924\" itemprop=\"thumbnail\"><\/a><\/div>\n\t\t\t\t\t\t<span id=\"figcaption-150054-160924\" class=\"gallery-caption\" itemprop=\"caption\"><span aria-hidden=\"true\">Tra\u0165 pro bruslen\u00ed H\u00f6henloipe u Prebersee \u00a9 Salzburger Lungau<\/span><\/span>\n\t\t\t\t\t<\/li>\n\t\t\t\t\t<li class=\"gallery-item col-3\" itemprop=\"associatedMedia\" itemscope itemtype=\"http:\/\/schema.org\/ImageObject\">\n\t\t\t\t\t\t<div class=\"gallery-icon landscape\"><a href=\"https:\/\/www.salzburgerland.com\/cs\/wp-content\/uploads\/2021\/09\/langlaufen-bundschuh-thomatal--salzburger-lungau-1601x1067.jpg\" title=\"Langlaufen Bundschuh Thomatal \u00a9 Salzburger Lungau\"><img decoding=\"async\" data-title=\"Thomatal s Sch\u00f6nfeldskou vysokohorskou trasou \u00a9 Salzburger Lungau\" title=\"Thomatal s Sch\u00f6nfeldskou vysokohorskou trasou \u00a9 Salzburger Lungau\" data-caption=\"Thomatal s Sch\u00f6nfeldskou vysokohorskou trasou \u00a9 Salzburger Lungau\" width=\"1170\" height=\"658\" src=\"https:\/\/www.salzburgerland.com\/cs\/wp-content\/uploads\/2021\/09\/langlaufen-bundschuh-thomatal--salzburger-lungau-1170x658.jpg\" class=\"attachment-1170_658 size-1170_658\" alt=\"Thomatal s Sch\u00f6nfeldskou vysokohorskou trasou (Zv\u011bt\u0161en\u00fd pohled)\" srcset=\"https:\/\/www.salzburgerland.com\/cs\/wp-content\/uploads\/2021\/09\/langlaufen-bundschuh-thomatal--salzburger-lungau-1170x658.jpg 1170w, https:\/\/www.salzburgerland.com\/cs\/wp-content\/uploads\/2021\/09\/langlaufen-bundschuh-thomatal--salzburger-lungau-1200x675.jpg 1200w\" sizes=\"(max-width: 1170px) 100vw, 1170px\" aria-describedby=\"figcaption-150054-160954\" itemprop=\"thumbnail\"><\/a><\/div>\n\t\t\t\t\t\t<span id=\"figcaption-150054-160954\" class=\"gallery-caption\" itemprop=\"caption\"><span aria-hidden=\"true\">Thomatal s Sch\u00f6nfeldskou vysokohorskou trasou \u00a9 Salzburger Lungau<\/span><\/span>\n\t\t\t\t\t<\/li>\n\t\t\t\t\t<li class=\"gallery-item col-3\" itemprop=\"associatedMedia\" itemscope itemtype=\"http:\/\/schema.org\/ImageObject\">\n\t\t\t\t\t\t<div class=\"gallery-icon landscape\"><a href=\"https:\/\/www.salzburgerland.com\/cs\/wp-content\/uploads\/2021\/09\/langlaufen-obertauern--salzburger-lungau-atomic-1601x1067.jpg\" title=\"Langlaufen Obertauern \u00a9 Salzburger Lungau, ATOMIC\"><img decoding=\"async\" data-title=\"B\u011b\u017eeck\u00e1 tra\u0165 v Obertauern \u00a9 Salzburger Lungau, Mirja Geh\/Atomic\" title=\"B\u011b\u017eeck\u00e1 tra\u0165 v Obertauern \u00a9 Salzburger Lungau, Mirja Geh\/Atomic\" data-caption=\"B\u011b\u017eeck\u00e1 tra\u0165 v Obertauern \u00a9 Salzburger Lungau, Mirja Geh\/Atomic\" width=\"1170\" height=\"658\" src=\"https:\/\/www.salzburgerland.com\/cs\/wp-content\/uploads\/2021\/09\/langlaufen-obertauern--salzburger-lungau-atomic-1170x658.jpg\" class=\"attachment-1170_658 size-1170_658\" alt=\"B\u011b\u017eeck\u00e1 tra\u0165 v Obertauern (Zv\u011bt\u0161en\u00fd pohled)\" srcset=\"https:\/\/www.salzburgerland.com\/cs\/wp-content\/uploads\/2021\/09\/langlaufen-obertauern--salzburger-lungau-atomic-1170x658.jpg 1170w, https:\/\/www.salzburgerland.com\/cs\/wp-content\/uploads\/2021\/09\/langlaufen-obertauern--salzburger-lungau-atomic-1200x675.jpg 1200w\" sizes=\"(max-width: 1170px) 100vw, 1170px\" aria-describedby=\"figcaption-150054-160955\" itemprop=\"thumbnail\"><\/a><\/div>\n\t\t\t\t\t\t<span id=\"figcaption-150054-160955\" class=\"gallery-caption\" itemprop=\"caption\"><span aria-hidden=\"true\">B\u011b\u017eeck\u00e1 tra\u0165 v Obertauern \u00a9 Salzburger Lungau, Mirja Geh\/Atomic<\/span><\/span>\n\t\t\t\t\t<\/li>\n\t\t\t\t<\/ul>\n\t\t\t<\/div><!-- .gallery -->\n\n<h3>Obez\u0159etnost se vypl\u00e1c\u00ed<\/h3>\n<p><span>B\u011bh na ly\u017e\u00edch je obecn\u011b zdrav\u00fd a bezpe\u010dn\u00fd sport, kter\u00e9mu se m\u016f\u017ee v\u011bnovat cel\u00e1 rodina bez ohledu na v\u011bk, kondici nebo zku\u0161enosti. Sta\u010d\u00ed jen p\u0159izp\u016fsobit ter\u00e9n, tempo nebo d\u00e9lku v\u00fdletu. V\u011bt\u0161inou se u n\u011bj v\u00e1\u017en\u011bji nezran\u00edte, nezat\u011b\u017euje klouby, naopak prosp\u00edv\u00e1 t\u011blu a psychice. V Salcbursk\u00e9m Lungau jste ale na b\u011b\u017ek\u00e1ch v alpsk\u00e9m prost\u0159ed\u00ed. A zimn\u00ed hory dovedou i nep\u0159\u00edjemn\u011b p\u0159ekvapit. <a href=\"https:\/\/www.salzburgerland.com\/cs\/bezpecnost-v-alpach-v-zime\/\" target=\"_blank\" rel=\"noopener\">Zjist\u011bte si<\/a> tedy, na co d\u00e1t pozor a co dodr\u017eovat, aby va\u0161e po\u017eitky z b\u00edl\u00e9 stopy nic nezhatilo.\u00a0<\/span><\/p>\n","protected":false},"excerpt":{"rendered":"<p>Jet na b\u011b\u017ek\u00e1ch hluboce zasn\u011b\u017een\u00fdmi \u00fadol\u00edmi Salcbursk\u00e9ho Lungau a u\u017e\u00edvat si z\u00e1\u0159iv\u00fdch slune\u010dn\u00edch paprsk\u016f. P\u0159itom d\u00fdchat zdrav\u00fd vzduch a obdivovat kouzelnou p\u0159\u00edrodu pod vrstvou sn\u011bhu. To je ta nejlep\u0161\u00ed forma odpo\u010dinku v p\u0159\u00edrod\u011b.\u00a0 Pokud p\u0159\u00edrodn\u00ed sn\u00edh nesta\u010d\u00ed, krom\u011b alpsk\u00fdch trat\u00ed u Prebersee a v Sch\u00f6nfeldu je spoleh na zasn\u011b\u017eovac\u00ed za\u0159\u00edzen\u00ed tak\u00e9 na 6 km dlouh\u00e9 [&hellip;]<\/p>\n","protected":false},"author":6,"featured_media":160869,"comment_status":"closed","ping_status":"closed","sticky":false,"template":"","format":"standard","meta":{"_acf_changed":false,"wl_entities_gutenberg":"","_relevanssi_hide_post":"","_relevanssi_hide_content":"","_relevanssi_pin_for_all":"","_relevanssi_pin_keywords":"","_relevanssi_unpin_keywords":"","_relevanssi_related_keywords":"","_relevanssi_related_include_ids":"","_relevanssi_related_exclude_ids":"","_relevanssi_related_no_append":"","_relevanssi_related_not_related":"","_relevanssi_related_posts":"","_relevanssi_noindex_reason":"","footnotes":""},"categories":[1],"tags":[],"wl_entity_type":[706],"class_list":["post-150054","post","type-post","status-publish","format-standard","has-post-thumbnail","hentry","category-uncategorized","wl_entity_type-article"],"acf":[],"yoast_head":"<!-- This site is optimized with the Yoast SEO Premium plugin v27.4 (Yoast SEO v27.4) - https:\/\/yoast.com\/product\/yoast-seo-premium-wordpress\/ -->\n<title>Na b\u011b\u017ek\u00e1ch v Salcbursk\u00e9m Lungau \u00bb SalzburgerLand.com<\/title>\n<meta name=\"robots\" content=\"index, follow, max-snippet:-1, max-image-preview:large, max-video-preview:-1\" \/>\n<link rel=\"canonical\" href=\"https:\/\/www.salzburgerland.com\/cs\/salcbursky-lungau-bezky\/\" \/>\n<meta property=\"og:locale\" content=\"cs_CZ\" \/>\n<meta property=\"og:type\" content=\"article\" \/>\n<meta property=\"og:title\" content=\"Na b\u011b\u017ek\u00e1ch v Salcbursk\u00e9m Lungau\" \/>\n<meta property=\"og:description\" content=\"Jet na b\u011b\u017ek\u00e1ch hluboce zasn\u011b\u017een\u00fdmi \u00fadol\u00edmi Salcbursk\u00e9ho Lungau a u\u017e\u00edvat si z\u00e1\u0159iv\u00fdch slune\u010dn\u00edch paprsk\u016f. P\u0159itom d\u00fdchat zdrav\u00fd vzduch a obdivovat kouzelnou\" \/>\n<meta property=\"og:url\" content=\"https:\/\/www.salzburgerland.com\/cs\/salcbursky-lungau-bezky\/\" \/>\n<meta property=\"og:site_name\" content=\"SalzburgerLand.com\" \/>\n<meta property=\"article:publisher\" content=\"https:\/\/www.facebook.com\/visitsalzburgerland\/\" \/>\n<meta property=\"article:published_time\" content=\"2021-09-23T07:36:48+00:00\" \/>\n<meta property=\"article:modified_time\" content=\"2025-10-14T14:46:06+00:00\" \/>\n<meta property=\"og:image\" content=\"https:\/\/www.salzburgerland.com\/cs\/wp-content\/uploads\/2019\/09\/langlaufen-winter-lungau-salzburger-lungau-1200x675.jpg\" \/>\n\t<meta property=\"og:image:width\" content=\"1200\" \/>\n\t<meta property=\"og:image:height\" content=\"675\" \/>\n\t<meta property=\"og:image:type\" content=\"image\/jpeg\" \/>\n<meta name=\"author\" content=\"Andrea \u017d\u00e1\u010dkov\u00e1\" \/>\n<meta name=\"twitter:card\" content=\"summary_large_image\" \/>\n<meta name=\"twitter:creator\" content=\"@salzburgerland\" \/>\n<meta name=\"twitter:site\" content=\"@salzburgerland\" \/>\n<meta name=\"twitter:label1\" content=\"Napsal(a)\" \/>\n\t<meta name=\"twitter:data1\" content=\"Andrea \u017d\u00e1\u010dkov\u00e1\" \/>\n\t<meta name=\"twitter:label2\" content=\"Odhadovan\u00e1 doba \u010dten\u00ed\" \/>\n\t<meta name=\"twitter:data2\" content=\"3 minuty\" \/>\n<script type=\"application\/ld+json\" class=\"yoast-schema-graph\">{\"@context\":\"https:\\\/\\\/schema.org\",\"@graph\":[{\"@type\":\"Article\",\"@id\":\"https:\\\/\\\/www.salzburgerland.com\\\/cs\\\/salcbursky-lungau-bezky\\\/#article\",\"isPartOf\":{\"@id\":\"https:\\\/\\\/www.salzburgerland.com\\\/cs\\\/salcbursky-lungau-bezky\\\/\"},\"author\":{\"name\":\"Andrea \u017d\u00e1\u010dkov\u00e1\",\"@id\":\"https:\\\/\\\/www.salzburgerland.com\\\/cs\\\/#\\\/schema\\\/person\\\/dd42a4661897004df109095dbf40eeff\"},\"headline\":\"Na b\u011b\u017ek\u00e1ch v Salcbursk\u00e9m Lungau\",\"datePublished\":\"2021-09-23T07:36:48+00:00\",\"dateModified\":\"2025-10-14T14:46:06+00:00\",\"mainEntityOfPage\":{\"@id\":\"https:\\\/\\\/www.salzburgerland.com\\\/cs\\\/salcbursky-lungau-bezky\\\/\"},\"wordCount\":373,\"image\":{\"@id\":\"https:\\\/\\\/www.salzburgerland.com\\\/cs\\\/salcbursky-lungau-bezky\\\/#primaryimage\"},\"thumbnailUrl\":\"https:\\\/\\\/www.salzburgerland.com\\\/cs\\\/wp-content\\\/uploads\\\/2019\\\/09\\\/langlaufen-winter-lungau-salzburger-lungau.jpg\",\"articleSection\":[\"Uncategorized\"],\"inLanguage\":\"cs\"},{\"@type\":\"WebPage\",\"@id\":\"https:\\\/\\\/www.salzburgerland.com\\\/cs\\\/salcbursky-lungau-bezky\\\/\",\"url\":\"https:\\\/\\\/www.salzburgerland.com\\\/cs\\\/salcbursky-lungau-bezky\\\/\",\"name\":\"Na b\u011b\u017ek\u00e1ch v Salcbursk\u00e9m Lungau \u00bb SalzburgerLand.com\",\"isPartOf\":{\"@id\":\"https:\\\/\\\/www.salzburgerland.com\\\/cs\\\/#website\"},\"primaryImageOfPage\":{\"@id\":\"https:\\\/\\\/www.salzburgerland.com\\\/cs\\\/salcbursky-lungau-bezky\\\/#primaryimage\"},\"image\":{\"@id\":\"https:\\\/\\\/www.salzburgerland.com\\\/cs\\\/salcbursky-lungau-bezky\\\/#primaryimage\"},\"thumbnailUrl\":\"https:\\\/\\\/www.salzburgerland.com\\\/cs\\\/wp-content\\\/uploads\\\/2019\\\/09\\\/langlaufen-winter-lungau-salzburger-lungau.jpg\",\"datePublished\":\"2021-09-23T07:36:48+00:00\",\"dateModified\":\"2025-10-14T14:46:06+00:00\",\"author\":{\"@id\":\"https:\\\/\\\/www.salzburgerland.com\\\/cs\\\/#\\\/schema\\\/person\\\/dd42a4661897004df109095dbf40eeff\"},\"description\":\"Salcbursk\u00fd Lungau nab\u00edz\u00ed b\u011b\u017eka\u0159\u016fm\u00a0v\u00edce ne\u017e 150 km upraven\u00fdch tras pro klasiku i bruslen\u00ed a ide\u00e1ln\u00ed podm\u00ednky pro vytrvalostn\u00ed tr\u00e9nink.\",\"breadcrumb\":{\"@id\":\"https:\\\/\\\/www.salzburgerland.com\\\/cs\\\/salcbursky-lungau-bezky\\\/#breadcrumb\"},\"inLanguage\":\"cs\",\"potentialAction\":[{\"@type\":\"ReadAction\",\"target\":[\"https:\\\/\\\/www.salzburgerland.com\\\/cs\\\/salcbursky-lungau-bezky\\\/\"]}]},{\"@type\":\"ImageObject\",\"inLanguage\":\"cs\",\"@id\":\"https:\\\/\\\/www.salzburgerland.com\\\/cs\\\/salcbursky-lungau-bezky\\\/#primaryimage\",\"url\":\"https:\\\/\\\/www.salzburgerland.com\\\/cs\\\/wp-content\\\/uploads\\\/2019\\\/09\\\/langlaufen-winter-lungau-salzburger-lungau.jpg\",\"contentUrl\":\"https:\\\/\\\/www.salzburgerland.com\\\/cs\\\/wp-content\\\/uploads\\\/2019\\\/09\\\/langlaufen-winter-lungau-salzburger-lungau.jpg\",\"width\":1620,\"height\":1080,\"caption\":\"Slune\u010dn\u00e9 po\u010das\u00ed v Lungau je na b\u011b\u017eky ide\u00e1ln\u00ed \u00a9 Salzburger Lungau\"},{\"@type\":\"BreadcrumbList\",\"@id\":\"https:\\\/\\\/www.salzburgerland.com\\\/cs\\\/salcbursky-lungau-bezky\\\/#breadcrumb\",\"itemListElement\":[{\"@type\":\"ListItem\",\"position\":1,\"name\":\"Salcbursk\u00fd Lungau v zim\u011b\",\"item\":\"https:\\\/\\\/www.salzburgerland.com\\\/cs\\\/salcbursky-lungau-v-zime\\\/\"},{\"@type\":\"ListItem\",\"position\":2,\"name\":\"Na b\u011b\u017ek\u00e1ch v Salcbursk\u00e9m Lungau\"}]},{\"@type\":\"WebSite\",\"@id\":\"https:\\\/\\\/www.salzburgerland.com\\\/cs\\\/#website\",\"url\":\"https:\\\/\\\/www.salzburgerland.com\\\/cs\\\/\",\"name\":\"SalzburgerLand.com\",\"description\":\"Va\u0161e dovolen\u00e1 v Salcburku, Rakousko\",\"potentialAction\":[{\"@type\":\"SearchAction\",\"target\":{\"@type\":\"EntryPoint\",\"urlTemplate\":\"https:\\\/\\\/www.salzburgerland.com\\\/cs\\\/?s={search_term_string}\"},\"query-input\":{\"@type\":\"PropertyValueSpecification\",\"valueRequired\":true,\"valueName\":\"search_term_string\"}}],\"inLanguage\":\"cs\"},{\"@type\":\"Person\",\"@id\":\"https:\\\/\\\/www.salzburgerland.com\\\/cs\\\/#\\\/schema\\\/person\\\/dd42a4661897004df109095dbf40eeff\",\"name\":\"Andrea \u017d\u00e1\u010dkov\u00e1\",\"image\":{\"@type\":\"ImageObject\",\"inLanguage\":\"cs\",\"@id\":\"https:\\\/\\\/secure.gravatar.com\\\/avatar\\\/338deec8d231d56d0ab7b2b7d6d0aedbcb3eb05390f6c027fd5b7ebe87b67dbf?s=96&d=mm&r=g\",\"url\":\"https:\\\/\\\/secure.gravatar.com\\\/avatar\\\/338deec8d231d56d0ab7b2b7d6d0aedbcb3eb05390f6c027fd5b7ebe87b67dbf?s=96&d=mm&r=g\",\"contentUrl\":\"https:\\\/\\\/secure.gravatar.com\\\/avatar\\\/338deec8d231d56d0ab7b2b7d6d0aedbcb3eb05390f6c027fd5b7ebe87b67dbf?s=96&d=mm&r=g\",\"caption\":\"Andrea \u017d\u00e1\u010dkov\u00e1\"}}]}<\/script>\n<!-- \/ Yoast SEO Premium plugin. -->","yoast_head_json":{"title":"Na b\u011b\u017ek\u00e1ch v Salcbursk\u00e9m Lungau \u00bb SalzburgerLand.com","robots":{"index":"index","follow":"follow","max-snippet":"max-snippet:-1","max-image-preview":"max-image-preview:large","max-video-preview":"max-video-preview:-1"},"canonical":"https:\/\/www.salzburgerland.com\/cs\/salcbursky-lungau-bezky\/","og_locale":"cs_CZ","og_type":"article","og_title":"Na b\u011b\u017ek\u00e1ch v Salcbursk\u00e9m Lungau","og_description":"Jet na b\u011b\u017ek\u00e1ch hluboce zasn\u011b\u017een\u00fdmi \u00fadol\u00edmi Salcbursk\u00e9ho Lungau a u\u017e\u00edvat si z\u00e1\u0159iv\u00fdch slune\u010dn\u00edch paprsk\u016f. P\u0159itom d\u00fdchat zdrav\u00fd vzduch a obdivovat kouzelnou","og_url":"https:\/\/www.salzburgerland.com\/cs\/salcbursky-lungau-bezky\/","og_site_name":"SalzburgerLand.com","article_publisher":"https:\/\/www.facebook.com\/visitsalzburgerland\/","article_published_time":"2021-09-23T07:36:48+00:00","article_modified_time":"2025-10-14T14:46:06+00:00","og_image":[{"width":1200,"height":675,"url":"https:\/\/www.salzburgerland.com\/cs\/wp-content\/uploads\/2019\/09\/langlaufen-winter-lungau-salzburger-lungau-1200x675.jpg","type":"image\/jpeg"}],"author":"Andrea \u017d\u00e1\u010dkov\u00e1","twitter_card":"summary_large_image","twitter_creator":"@salzburgerland","twitter_site":"@salzburgerland","twitter_misc":{"Napsal(a)":"Andrea \u017d\u00e1\u010dkov\u00e1","Odhadovan\u00e1 doba \u010dten\u00ed":"3 minuty"},"schema":{"@context":"https:\/\/schema.org","@graph":[{"@type":"Article","@id":"https:\/\/www.salzburgerland.com\/cs\/salcbursky-lungau-bezky\/#article","isPartOf":{"@id":"https:\/\/www.salzburgerland.com\/cs\/salcbursky-lungau-bezky\/"},"author":{"name":"Andrea \u017d\u00e1\u010dkov\u00e1","@id":"https:\/\/www.salzburgerland.com\/cs\/#\/schema\/person\/dd42a4661897004df109095dbf40eeff"},"headline":"Na b\u011b\u017ek\u00e1ch v Salcbursk\u00e9m Lungau","datePublished":"2021-09-23T07:36:48+00:00","dateModified":"2025-10-14T14:46:06+00:00","mainEntityOfPage":{"@id":"https:\/\/www.salzburgerland.com\/cs\/salcbursky-lungau-bezky\/"},"wordCount":373,"image":{"@id":"https:\/\/www.salzburgerland.com\/cs\/salcbursky-lungau-bezky\/#primaryimage"},"thumbnailUrl":"https:\/\/www.salzburgerland.com\/cs\/wp-content\/uploads\/2019\/09\/langlaufen-winter-lungau-salzburger-lungau.jpg","articleSection":["Uncategorized"],"inLanguage":"cs"},{"@type":"WebPage","@id":"https:\/\/www.salzburgerland.com\/cs\/salcbursky-lungau-bezky\/","url":"https:\/\/www.salzburgerland.com\/cs\/salcbursky-lungau-bezky\/","name":"Na b\u011b\u017ek\u00e1ch v Salcbursk\u00e9m Lungau \u00bb SalzburgerLand.com","isPartOf":{"@id":"https:\/\/www.salzburgerland.com\/cs\/#website"},"primaryImageOfPage":{"@id":"https:\/\/www.salzburgerland.com\/cs\/salcbursky-lungau-bezky\/#primaryimage"},"image":{"@id":"https:\/\/www.salzburgerland.com\/cs\/salcbursky-lungau-bezky\/#primaryimage"},"thumbnailUrl":"https:\/\/www.salzburgerland.com\/cs\/wp-content\/uploads\/2019\/09\/langlaufen-winter-lungau-salzburger-lungau.jpg","datePublished":"2021-09-23T07:36:48+00:00","dateModified":"2025-10-14T14:46:06+00:00","author":{"@id":"https:\/\/www.salzburgerland.com\/cs\/#\/schema\/person\/dd42a4661897004df109095dbf40eeff"},"description":"Salcbursk\u00fd Lungau nab\u00edz\u00ed b\u011b\u017eka\u0159\u016fm\u00a0v\u00edce ne\u017e 150 km upraven\u00fdch tras pro klasiku i bruslen\u00ed a ide\u00e1ln\u00ed podm\u00ednky pro vytrvalostn\u00ed tr\u00e9nink.","breadcrumb":{"@id":"https:\/\/www.salzburgerland.com\/cs\/salcbursky-lungau-bezky\/#breadcrumb"},"inLanguage":"cs","potentialAction":[{"@type":"ReadAction","target":["https:\/\/www.salzburgerland.com\/cs\/salcbursky-lungau-bezky\/"]}]},{"@type":"ImageObject","inLanguage":"cs","@id":"https:\/\/www.salzburgerland.com\/cs\/salcbursky-lungau-bezky\/#primaryimage","url":"https:\/\/www.salzburgerland.com\/cs\/wp-content\/uploads\/2019\/09\/langlaufen-winter-lungau-salzburger-lungau.jpg","contentUrl":"https:\/\/www.salzburgerland.com\/cs\/wp-content\/uploads\/2019\/09\/langlaufen-winter-lungau-salzburger-lungau.jpg","width":1620,"height":1080,"caption":"Slune\u010dn\u00e9 po\u010das\u00ed v Lungau je na b\u011b\u017eky ide\u00e1ln\u00ed \u00a9 Salzburger Lungau"},{"@type":"BreadcrumbList","@id":"https:\/\/www.salzburgerland.com\/cs\/salcbursky-lungau-bezky\/#breadcrumb","itemListElement":[{"@type":"ListItem","position":1,"name":"Salcbursk\u00fd Lungau v zim\u011b","item":"https:\/\/www.salzburgerland.com\/cs\/salcbursky-lungau-v-zime\/"},{"@type":"ListItem","position":2,"name":"Na b\u011b\u017ek\u00e1ch v Salcbursk\u00e9m Lungau"}]},{"@type":"WebSite","@id":"https:\/\/www.salzburgerland.com\/cs\/#website","url":"https:\/\/www.salzburgerland.com\/cs\/","name":"SalzburgerLand.com","description":"Va\u0161e dovolen\u00e1 v Salcburku, Rakousko","potentialAction":[{"@type":"SearchAction","target":{"@type":"EntryPoint","urlTemplate":"https:\/\/www.salzburgerland.com\/cs\/?s={search_term_string}"},"query-input":{"@type":"PropertyValueSpecification","valueRequired":true,"valueName":"search_term_string"}}],"inLanguage":"cs"},{"@type":"Person","@id":"https:\/\/www.salzburgerland.com\/cs\/#\/schema\/person\/dd42a4661897004df109095dbf40eeff","name":"Andrea \u017d\u00e1\u010dkov\u00e1","image":{"@type":"ImageObject","inLanguage":"cs","@id":"https:\/\/secure.gravatar.com\/avatar\/338deec8d231d56d0ab7b2b7d6d0aedbcb3eb05390f6c027fd5b7ebe87b67dbf?s=96&d=mm&r=g","url":"https:\/\/secure.gravatar.com\/avatar\/338deec8d231d56d0ab7b2b7d6d0aedbcb3eb05390f6c027fd5b7ebe87b67dbf?s=96&d=mm&r=g","contentUrl":"https:\/\/secure.gravatar.com\/avatar\/338deec8d231d56d0ab7b2b7d6d0aedbcb3eb05390f6c027fd5b7ebe87b67dbf?s=96&d=mm&r=g","caption":"Andrea \u017d\u00e1\u010dkov\u00e1"}}]}},"_wl_alt_label":[],"wl:entity_url":"http:\/\/open.salzburgerland.com\/cs\/post\/salcbursky_lungau_bezky_2","_links":{"self":[{"href":"https:\/\/www.salzburgerland.com\/cs\/wp-json\/wp\/v2\/posts\/150054","targetHints":{"allow":["GET"]}}],"collection":[{"href":"https:\/\/www.salzburgerland.com\/cs\/wp-json\/wp\/v2\/posts"}],"about":[{"href":"https:\/\/www.salzburgerland.com\/cs\/wp-json\/wp\/v2\/types\/post"}],"author":[{"embeddable":true,"href":"https:\/\/www.salzburgerland.com\/cs\/wp-json\/wp\/v2\/users\/6"}],"replies":[{"embeddable":true,"href":"https:\/\/www.salzburgerland.com\/cs\/wp-json\/wp\/v2\/comments?post=150054"}],"version-history":[{"count":14,"href":"https:\/\/www.salzburgerland.com\/cs\/wp-json\/wp\/v2\/posts\/150054\/revisions"}],"predecessor-version":[{"id":163292,"href":"https:\/\/www.salzburgerland.com\/cs\/wp-json\/wp\/v2\/posts\/150054\/revisions\/163292"}],"wp:featuredmedia":[{"embeddable":true,"href":"https:\/\/www.salzburgerland.com\/cs\/wp-json\/wp\/v2\/media\/160869"}],"wp:attachment":[{"href":"https:\/\/www.salzburgerland.com\/cs\/wp-json\/wp\/v2\/media?parent=150054"}],"wp:term":[{"taxonomy":"category","embeddable":true,"href":"https:\/\/www.salzburgerland.com\/cs\/wp-json\/wp\/v2\/categories?post=150054"},{"taxonomy":"post_tag","embeddable":true,"href":"https:\/\/www.salzburgerland.com\/cs\/wp-json\/wp\/v2\/tags?post=150054"},{"taxonomy":"wl_entity_type","embeddable":true,"href":"https:\/\/www.salzburgerland.com\/cs\/wp-json\/wp\/v2\/wl_entity_type?post=150054"}],"curies":[{"name":"wp","href":"https:\/\/api.w.org\/{rel}","templated":true}]}}