{"id":149744,"date":"2021-07-12T15:08:10","date_gmt":"2021-07-12T13:08:10","guid":{"rendered":"https:\/\/www.salzburgerland.com\/cs\/?p=149744"},"modified":"2021-08-06T12:30:08","modified_gmt":"2021-08-06T10:30:08","slug":"kompot-se-svestkami-jablky-a-bezinkami","status":"publish","type":"post","link":"https:\/\/www.salzburgerland.com\/cs\/kompot-se-svestkami-jablky-a-bezinkami\/","title":{"rendered":"Kompot se \u0161vestkami, jablky a bezinkami"},"content":{"rendered":"<p>Jedno star\u00e9 \u00faslov\u00ed prav\u00ed \u201eP\u0159ed he\u0159m\u00e1nkem smekni, p\u0159ed bezem klekni\u201c. L\u00e9\u010div\u00e9 \u00fa\u010dinky \u010dern\u00e9ho bezu jsou toti\u017e zn\u00e1m\u00e9 ji\u017e po stalet\u00ed. Bezinky obsahuj\u00ed v\u00fdznamn\u00fd antioxidant <strong>rutin<\/strong>, kter\u00fd zvy\u0161uje pru\u017enost c\u00e9v a sni\u017euje cholesterol. Bezinkov\u00e1 zava\u0159enina skv\u011ble chutn\u00e1 k nejr\u016fzn\u011bj\u0161\u00edm dezert\u016fm jako nap\u0159\u00edklad <strong>c\u00edsa\u0159sk\u00fd trhanec<\/strong> (<a href=\"https:\/\/www.salzburgerland.com\/cs\/legendarni-kaiserschmarrn\/\" target=\"_blank\" rel=\"noopener\">Kaiserschmarren<\/a>), ale tak\u00e9 samotn\u00e1.<\/p>\n<h3>Co budete pot\u0159ebovat<\/h3>\n<ul>\n<li>250 g bezinek<\/li>\n<li>130 g jablek<\/li>\n<li>\u0161\u0165\u00e1va z 1 citronu<\/li>\n<li>500 g \u0161vestek<\/li>\n<li>2 cel\u00e9 sko\u0159ice<\/li>\n<li>1 l\u017ei\u010dka h\u0159eb\u00ed\u010dku<\/li>\n<li>700 ml vody<\/li>\n<li>80 g cukru<\/li>\n<li>30 g kuku\u0159i\u010dn\u00e9ho \u0161krobu<\/li>\n<\/ul>\n<h3>Jak na to<\/h3>\n<p>Vypeckujte \u0161vestky a odstra\u0148te z\u00a0jablek j\u00e1d\u0159inec. Nakr\u00e1jejte ovoce na kousky. Otrhejte bezinky z\u00a0v\u011btvi\u010dek. Vlo\u017ete ovoce do hrnce, p\u0159idejte citronovou \u0161\u0165\u00e1vu, sko\u0159ici, h\u0159eb\u00ed\u010dek, vodu, cukr a \u0161krob. P\u0159ive\u010fte k\u00a0varu a va\u0159te asi 20 minut p\u0159i n\u00edzk\u00e9 teplot\u011b. Neust\u00e1le m\u00edchejte. Hotov\u00fd kompot nalijte do n\u00e1dob a ulo\u017ete na chladn\u00e9, tmav\u00e9 m\u00edsto.<\/p>\n<h3>Bobule s\u00a0mnoha jm\u00e9ny<\/h3>\n<p>Bezink\u00e1m se \u0159\u00edk\u00e1 r\u016fzn\u011b. V\u00a0\u010ce\u0161tin\u011b se bezinky naz\u00fdvaj\u00ed n\u011bkde tak\u00e9 chebzinky, podle b\u00edl\u00e9 barvy t\u00e9\u017e kozi\u010dky nebo dokonce smradinka. V n\u011bm\u010din\u011b najdete n\u00e1zvy jako <strong>\u201cHolunder\u201d, v Rakousku \u201cHoller\u201d<\/strong>, v dal\u0161\u00edch n\u011bmecky mluv\u00edc\u00edch zem\u00edch \u201cHolder\u201d nebo tak\u00e9 \u201cFliederbeerbusch\u201d.<\/p>\n","protected":false},"excerpt":{"rendered":"<p>Jedno star\u00e9 \u00faslov\u00ed prav\u00ed \u201eP\u0159ed he\u0159m\u00e1nkem smekni, p\u0159ed bezem klekni\u201c. L\u00e9\u010div\u00e9 \u00fa\u010dinky \u010dern\u00e9ho bezu jsou toti\u017e zn\u00e1m\u00e9 ji\u017e po stalet\u00ed. Bezinky obsahuj\u00ed v\u00fdznamn\u00fd antioxidant rutin, kter\u00fd zvy\u0161uje pru\u017enost c\u00e9v a sni\u017euje cholesterol. Bezinkov\u00e1 zava\u0159enina skv\u011ble chutn\u00e1 k nejr\u016fzn\u011bj\u0161\u00edm dezert\u016fm jako nap\u0159\u00edklad c\u00edsa\u0159sk\u00fd trhanec (Kaiserschmarren), ale tak\u00e9 samotn\u00e1. Co budete pot\u0159ebovat 250 g bezinek 130 g [&hellip;]<\/p>\n","protected":false},"author":6,"featured_media":149745,"comment_status":"closed","ping_status":"closed","sticky":false,"template":"","format":"standard","meta":{"_acf_changed":false,"wl_entities_gutenberg":"","_relevanssi_hide_post":"","_relevanssi_hide_content":"","_relevanssi_pin_for_all":"","_relevanssi_pin_keywords":"","_relevanssi_unpin_keywords":"","_relevanssi_related_keywords":"","_relevanssi_related_include_ids":"","_relevanssi_related_exclude_ids":"","_relevanssi_related_no_append":"","_relevanssi_related_not_related":"","_relevanssi_related_posts":"","_relevanssi_noindex_reason":"","footnotes":""},"categories":[1],"tags":[],"wl_entity_type":[705],"class_list":["post-149744","post","type-post","status-publish","format-standard","has-post-thumbnail","hentry","category-uncategorized","wl_entity_type-recipe"],"acf":[],"yoast_head":"<!-- This site is optimized with the Yoast SEO Premium plugin v27.4 (Yoast SEO v27.4) - https:\/\/yoast.com\/product\/yoast-seo-premium-wordpress\/ -->\n<title>Kompot se \u0161vestkami, jablky a bezinkami \u00bb SalzburgerLand.com<\/title>\n<meta name=\"robots\" content=\"index, follow, max-snippet:-1, max-image-preview:large, max-video-preview:-1\" \/>\n<link rel=\"canonical\" href=\"https:\/\/www.salzburgerland.com\/cs\/kompot-se-svestkami-jablky-a-bezinkami\/\" \/>\n<meta property=\"og:locale\" content=\"cs_CZ\" \/>\n<meta property=\"og:type\" content=\"article\" \/>\n<meta property=\"og:title\" content=\"Kompot se \u0161vestkami, jablky a bezinkami\" \/>\n<meta property=\"og:description\" content=\"Jedno star\u00e9 \u00faslov\u00ed prav\u00ed \u201eP\u0159ed he\u0159m\u00e1nkem smekni, p\u0159ed bezem klekni\u201c. L\u00e9\u010div\u00e9 \u00fa\u010dinky \u010dern\u00e9ho bezu jsou toti\u017e zn\u00e1m\u00e9 ji\u017e po stalet\u00ed. Bezinky obsahuj\u00ed v\u00fdznamn\u00fd\" \/>\n<meta property=\"og:url\" content=\"https:\/\/www.salzburgerland.com\/cs\/kompot-se-svestkami-jablky-a-bezinkami\/\" \/>\n<meta property=\"og:site_name\" content=\"SalzburgerLand.com\" \/>\n<meta property=\"article:publisher\" content=\"https:\/\/www.facebook.com\/visitsalzburgerland\/\" \/>\n<meta property=\"article:published_time\" content=\"2021-07-12T13:08:10+00:00\" \/>\n<meta property=\"article:modified_time\" content=\"2021-08-06T10:30:08+00:00\" \/>\n<meta property=\"og:image\" content=\"https:\/\/www.salzburgerland.com\/cs\/wp-content\/uploads\/2021\/07\/hollerkoch-1036x650-1.jpg\" \/>\n\t<meta property=\"og:image:width\" content=\"1036\" \/>\n\t<meta property=\"og:image:height\" content=\"650\" \/>\n\t<meta property=\"og:image:type\" content=\"image\/jpeg\" \/>\n<meta name=\"author\" content=\"Andrea \u017d\u00e1\u010dkov\u00e1\" \/>\n<meta name=\"twitter:card\" content=\"summary_large_image\" \/>\n<meta name=\"twitter:creator\" content=\"@salzburgerland\" \/>\n<meta name=\"twitter:site\" content=\"@salzburgerland\" \/>\n<meta name=\"twitter:label1\" content=\"Napsal(a)\" \/>\n\t<meta name=\"twitter:data1\" content=\"Andrea \u017d\u00e1\u010dkov\u00e1\" \/>\n\t<meta name=\"twitter:label2\" content=\"Odhadovan\u00e1 doba \u010dten\u00ed\" \/>\n\t<meta name=\"twitter:data2\" content=\"1 minuta\" \/>\n<script type=\"application\/ld+json\" class=\"yoast-schema-graph\">{\"@context\":\"https:\\\/\\\/schema.org\",\"@graph\":[{\"@type\":\"Article\",\"@id\":\"https:\\\/\\\/www.salzburgerland.com\\\/cs\\\/kompot-se-svestkami-jablky-a-bezinkami\\\/#article\",\"isPartOf\":{\"@id\":\"https:\\\/\\\/www.salzburgerland.com\\\/cs\\\/kompot-se-svestkami-jablky-a-bezinkami\\\/\"},\"author\":{\"name\":\"Andrea \u017d\u00e1\u010dkov\u00e1\",\"@id\":\"https:\\\/\\\/www.salzburgerland.com\\\/cs\\\/#\\\/schema\\\/person\\\/dd42a4661897004df109095dbf40eeff\"},\"headline\":\"Kompot se \u0161vestkami, jablky a bezinkami\",\"datePublished\":\"2021-07-12T13:08:10+00:00\",\"dateModified\":\"2021-08-06T10:30:08+00:00\",\"mainEntityOfPage\":{\"@id\":\"https:\\\/\\\/www.salzburgerland.com\\\/cs\\\/kompot-se-svestkami-jablky-a-bezinkami\\\/\"},\"wordCount\":239,\"image\":{\"@id\":\"https:\\\/\\\/www.salzburgerland.com\\\/cs\\\/kompot-se-svestkami-jablky-a-bezinkami\\\/#primaryimage\"},\"thumbnailUrl\":\"https:\\\/\\\/www.salzburgerland.com\\\/cs\\\/wp-content\\\/uploads\\\/2021\\\/07\\\/hollerkoch-1036x650-1.jpg\",\"articleSection\":[\"Uncategorized\"],\"inLanguage\":\"cs\"},{\"@type\":\"WebPage\",\"@id\":\"https:\\\/\\\/www.salzburgerland.com\\\/cs\\\/kompot-se-svestkami-jablky-a-bezinkami\\\/\",\"url\":\"https:\\\/\\\/www.salzburgerland.com\\\/cs\\\/kompot-se-svestkami-jablky-a-bezinkami\\\/\",\"name\":\"Kompot se \u0161vestkami, jablky a bezinkami \u00bb SalzburgerLand.com\",\"isPartOf\":{\"@id\":\"https:\\\/\\\/www.salzburgerland.com\\\/cs\\\/#website\"},\"primaryImageOfPage\":{\"@id\":\"https:\\\/\\\/www.salzburgerland.com\\\/cs\\\/kompot-se-svestkami-jablky-a-bezinkami\\\/#primaryimage\"},\"image\":{\"@id\":\"https:\\\/\\\/www.salzburgerland.com\\\/cs\\\/kompot-se-svestkami-jablky-a-bezinkami\\\/#primaryimage\"},\"thumbnailUrl\":\"https:\\\/\\\/www.salzburgerland.com\\\/cs\\\/wp-content\\\/uploads\\\/2021\\\/07\\\/hollerkoch-1036x650-1.jpg\",\"datePublished\":\"2021-07-12T13:08:10+00:00\",\"dateModified\":\"2021-08-06T10:30:08+00:00\",\"author\":{\"@id\":\"https:\\\/\\\/www.salzburgerland.com\\\/cs\\\/#\\\/schema\\\/person\\\/dd42a4661897004df109095dbf40eeff\"},\"description\":\"Sm\u011bs zava\u0159en\u00e9ho ovoce, kter\u00e9 se v\u00fdborn\u011b hod\u00ed k mnoha sladk\u00fdm j\u00eddl\u016fm.\",\"breadcrumb\":{\"@id\":\"https:\\\/\\\/www.salzburgerland.com\\\/cs\\\/kompot-se-svestkami-jablky-a-bezinkami\\\/#breadcrumb\"},\"inLanguage\":\"cs\",\"potentialAction\":[{\"@type\":\"ReadAction\",\"target\":[\"https:\\\/\\\/www.salzburgerland.com\\\/cs\\\/kompot-se-svestkami-jablky-a-bezinkami\\\/\"]}]},{\"@type\":\"ImageObject\",\"inLanguage\":\"cs\",\"@id\":\"https:\\\/\\\/www.salzburgerland.com\\\/cs\\\/kompot-se-svestkami-jablky-a-bezinkami\\\/#primaryimage\",\"url\":\"https:\\\/\\\/www.salzburgerland.com\\\/cs\\\/wp-content\\\/uploads\\\/2021\\\/07\\\/hollerkoch-1036x650-1.jpg\",\"contentUrl\":\"https:\\\/\\\/www.salzburgerland.com\\\/cs\\\/wp-content\\\/uploads\\\/2021\\\/07\\\/hollerkoch-1036x650-1.jpg\",\"width\":1036,\"height\":650,\"caption\":\"Tradi\u010dn\u00ed Hollerkoch \u00a9 SalzburgerLand Tourismus\"},{\"@type\":\"BreadcrumbList\",\"@id\":\"https:\\\/\\\/www.salzburgerland.com\\\/cs\\\/kompot-se-svestkami-jablky-a-bezinkami\\\/#breadcrumb\",\"itemListElement\":[{\"@type\":\"ListItem\",\"position\":1,\"name\":\"Tak chutn\u00e1 Salcbursko\",\"item\":\"https:\\\/\\\/www.salzburgerland.com\\\/cs\\\/tak-chutna-salcbursko\\\/\"},{\"@type\":\"ListItem\",\"position\":2,\"name\":\"Kompot se \u0161vestkami, jablky a bezinkami\"}]},{\"@type\":\"WebSite\",\"@id\":\"https:\\\/\\\/www.salzburgerland.com\\\/cs\\\/#website\",\"url\":\"https:\\\/\\\/www.salzburgerland.com\\\/cs\\\/\",\"name\":\"SalzburgerLand.com\",\"description\":\"Va\u0161e dovolen\u00e1 v Salcburku, Rakousko\",\"potentialAction\":[{\"@type\":\"SearchAction\",\"target\":{\"@type\":\"EntryPoint\",\"urlTemplate\":\"https:\\\/\\\/www.salzburgerland.com\\\/cs\\\/?s={search_term_string}\"},\"query-input\":{\"@type\":\"PropertyValueSpecification\",\"valueRequired\":true,\"valueName\":\"search_term_string\"}}],\"inLanguage\":\"cs\"},{\"@type\":\"Person\",\"@id\":\"https:\\\/\\\/www.salzburgerland.com\\\/cs\\\/#\\\/schema\\\/person\\\/dd42a4661897004df109095dbf40eeff\",\"name\":\"Andrea \u017d\u00e1\u010dkov\u00e1\",\"image\":{\"@type\":\"ImageObject\",\"inLanguage\":\"cs\",\"@id\":\"https:\\\/\\\/secure.gravatar.com\\\/avatar\\\/338deec8d231d56d0ab7b2b7d6d0aedbcb3eb05390f6c027fd5b7ebe87b67dbf?s=96&d=mm&r=g\",\"url\":\"https:\\\/\\\/secure.gravatar.com\\\/avatar\\\/338deec8d231d56d0ab7b2b7d6d0aedbcb3eb05390f6c027fd5b7ebe87b67dbf?s=96&d=mm&r=g\",\"contentUrl\":\"https:\\\/\\\/secure.gravatar.com\\\/avatar\\\/338deec8d231d56d0ab7b2b7d6d0aedbcb3eb05390f6c027fd5b7ebe87b67dbf?s=96&d=mm&r=g\",\"caption\":\"Andrea \u017d\u00e1\u010dkov\u00e1\"}}]}<\/script>\n<!-- \/ Yoast SEO Premium plugin. -->","yoast_head_json":{"title":"Kompot se \u0161vestkami, jablky a bezinkami \u00bb SalzburgerLand.com","robots":{"index":"index","follow":"follow","max-snippet":"max-snippet:-1","max-image-preview":"max-image-preview:large","max-video-preview":"max-video-preview:-1"},"canonical":"https:\/\/www.salzburgerland.com\/cs\/kompot-se-svestkami-jablky-a-bezinkami\/","og_locale":"cs_CZ","og_type":"article","og_title":"Kompot se \u0161vestkami, jablky a bezinkami","og_description":"Jedno star\u00e9 \u00faslov\u00ed prav\u00ed \u201eP\u0159ed he\u0159m\u00e1nkem smekni, p\u0159ed bezem klekni\u201c. L\u00e9\u010div\u00e9 \u00fa\u010dinky \u010dern\u00e9ho bezu jsou toti\u017e zn\u00e1m\u00e9 ji\u017e po stalet\u00ed. Bezinky obsahuj\u00ed v\u00fdznamn\u00fd","og_url":"https:\/\/www.salzburgerland.com\/cs\/kompot-se-svestkami-jablky-a-bezinkami\/","og_site_name":"SalzburgerLand.com","article_publisher":"https:\/\/www.facebook.com\/visitsalzburgerland\/","article_published_time":"2021-07-12T13:08:10+00:00","article_modified_time":"2021-08-06T10:30:08+00:00","og_image":[{"url":"https:\/\/www.salzburgerland.com\/cs\/wp-content\/uploads\/2021\/07\/hollerkoch-1036x650-1.jpg","width":1036,"height":650,"type":"image\/jpeg"}],"author":"Andrea \u017d\u00e1\u010dkov\u00e1","twitter_card":"summary_large_image","twitter_creator":"@salzburgerland","twitter_site":"@salzburgerland","twitter_misc":{"Napsal(a)":"Andrea \u017d\u00e1\u010dkov\u00e1","Odhadovan\u00e1 doba \u010dten\u00ed":"1 minuta"},"schema":{"@context":"https:\/\/schema.org","@graph":[{"@type":"Article","@id":"https:\/\/www.salzburgerland.com\/cs\/kompot-se-svestkami-jablky-a-bezinkami\/#article","isPartOf":{"@id":"https:\/\/www.salzburgerland.com\/cs\/kompot-se-svestkami-jablky-a-bezinkami\/"},"author":{"name":"Andrea \u017d\u00e1\u010dkov\u00e1","@id":"https:\/\/www.salzburgerland.com\/cs\/#\/schema\/person\/dd42a4661897004df109095dbf40eeff"},"headline":"Kompot se \u0161vestkami, jablky a bezinkami","datePublished":"2021-07-12T13:08:10+00:00","dateModified":"2021-08-06T10:30:08+00:00","mainEntityOfPage":{"@id":"https:\/\/www.salzburgerland.com\/cs\/kompot-se-svestkami-jablky-a-bezinkami\/"},"wordCount":239,"image":{"@id":"https:\/\/www.salzburgerland.com\/cs\/kompot-se-svestkami-jablky-a-bezinkami\/#primaryimage"},"thumbnailUrl":"https:\/\/www.salzburgerland.com\/cs\/wp-content\/uploads\/2021\/07\/hollerkoch-1036x650-1.jpg","articleSection":["Uncategorized"],"inLanguage":"cs"},{"@type":"WebPage","@id":"https:\/\/www.salzburgerland.com\/cs\/kompot-se-svestkami-jablky-a-bezinkami\/","url":"https:\/\/www.salzburgerland.com\/cs\/kompot-se-svestkami-jablky-a-bezinkami\/","name":"Kompot se \u0161vestkami, jablky a bezinkami \u00bb SalzburgerLand.com","isPartOf":{"@id":"https:\/\/www.salzburgerland.com\/cs\/#website"},"primaryImageOfPage":{"@id":"https:\/\/www.salzburgerland.com\/cs\/kompot-se-svestkami-jablky-a-bezinkami\/#primaryimage"},"image":{"@id":"https:\/\/www.salzburgerland.com\/cs\/kompot-se-svestkami-jablky-a-bezinkami\/#primaryimage"},"thumbnailUrl":"https:\/\/www.salzburgerland.com\/cs\/wp-content\/uploads\/2021\/07\/hollerkoch-1036x650-1.jpg","datePublished":"2021-07-12T13:08:10+00:00","dateModified":"2021-08-06T10:30:08+00:00","author":{"@id":"https:\/\/www.salzburgerland.com\/cs\/#\/schema\/person\/dd42a4661897004df109095dbf40eeff"},"description":"Sm\u011bs zava\u0159en\u00e9ho ovoce, kter\u00e9 se v\u00fdborn\u011b hod\u00ed k mnoha sladk\u00fdm j\u00eddl\u016fm.","breadcrumb":{"@id":"https:\/\/www.salzburgerland.com\/cs\/kompot-se-svestkami-jablky-a-bezinkami\/#breadcrumb"},"inLanguage":"cs","potentialAction":[{"@type":"ReadAction","target":["https:\/\/www.salzburgerland.com\/cs\/kompot-se-svestkami-jablky-a-bezinkami\/"]}]},{"@type":"ImageObject","inLanguage":"cs","@id":"https:\/\/www.salzburgerland.com\/cs\/kompot-se-svestkami-jablky-a-bezinkami\/#primaryimage","url":"https:\/\/www.salzburgerland.com\/cs\/wp-content\/uploads\/2021\/07\/hollerkoch-1036x650-1.jpg","contentUrl":"https:\/\/www.salzburgerland.com\/cs\/wp-content\/uploads\/2021\/07\/hollerkoch-1036x650-1.jpg","width":1036,"height":650,"caption":"Tradi\u010dn\u00ed Hollerkoch \u00a9 SalzburgerLand Tourismus"},{"@type":"BreadcrumbList","@id":"https:\/\/www.salzburgerland.com\/cs\/kompot-se-svestkami-jablky-a-bezinkami\/#breadcrumb","itemListElement":[{"@type":"ListItem","position":1,"name":"Tak chutn\u00e1 Salcbursko","item":"https:\/\/www.salzburgerland.com\/cs\/tak-chutna-salcbursko\/"},{"@type":"ListItem","position":2,"name":"Kompot se \u0161vestkami, jablky a bezinkami"}]},{"@type":"WebSite","@id":"https:\/\/www.salzburgerland.com\/cs\/#website","url":"https:\/\/www.salzburgerland.com\/cs\/","name":"SalzburgerLand.com","description":"Va\u0161e dovolen\u00e1 v Salcburku, Rakousko","potentialAction":[{"@type":"SearchAction","target":{"@type":"EntryPoint","urlTemplate":"https:\/\/www.salzburgerland.com\/cs\/?s={search_term_string}"},"query-input":{"@type":"PropertyValueSpecification","valueRequired":true,"valueName":"search_term_string"}}],"inLanguage":"cs"},{"@type":"Person","@id":"https:\/\/www.salzburgerland.com\/cs\/#\/schema\/person\/dd42a4661897004df109095dbf40eeff","name":"Andrea \u017d\u00e1\u010dkov\u00e1","image":{"@type":"ImageObject","inLanguage":"cs","@id":"https:\/\/secure.gravatar.com\/avatar\/338deec8d231d56d0ab7b2b7d6d0aedbcb3eb05390f6c027fd5b7ebe87b67dbf?s=96&d=mm&r=g","url":"https:\/\/secure.gravatar.com\/avatar\/338deec8d231d56d0ab7b2b7d6d0aedbcb3eb05390f6c027fd5b7ebe87b67dbf?s=96&d=mm&r=g","contentUrl":"https:\/\/secure.gravatar.com\/avatar\/338deec8d231d56d0ab7b2b7d6d0aedbcb3eb05390f6c027fd5b7ebe87b67dbf?s=96&d=mm&r=g","caption":"Andrea \u017d\u00e1\u010dkov\u00e1"}}]}},"_wl_alt_label":[],"wl:entity_url":"http:\/\/open.salzburgerland.com\/cs\/post\/kompot_se_svestkami__jablky_a_bezinkami","_links":{"self":[{"href":"https:\/\/www.salzburgerland.com\/cs\/wp-json\/wp\/v2\/posts\/149744","targetHints":{"allow":["GET"]}}],"collection":[{"href":"https:\/\/www.salzburgerland.com\/cs\/wp-json\/wp\/v2\/posts"}],"about":[{"href":"https:\/\/www.salzburgerland.com\/cs\/wp-json\/wp\/v2\/types\/post"}],"author":[{"embeddable":true,"href":"https:\/\/www.salzburgerland.com\/cs\/wp-json\/wp\/v2\/users\/6"}],"replies":[{"embeddable":true,"href":"https:\/\/www.salzburgerland.com\/cs\/wp-json\/wp\/v2\/comments?post=149744"}],"version-history":[{"count":3,"href":"https:\/\/www.salzburgerland.com\/cs\/wp-json\/wp\/v2\/posts\/149744\/revisions"}],"predecessor-version":[{"id":149749,"href":"https:\/\/www.salzburgerland.com\/cs\/wp-json\/wp\/v2\/posts\/149744\/revisions\/149749"}],"wp:featuredmedia":[{"embeddable":true,"href":"https:\/\/www.salzburgerland.com\/cs\/wp-json\/wp\/v2\/media\/149745"}],"wp:attachment":[{"href":"https:\/\/www.salzburgerland.com\/cs\/wp-json\/wp\/v2\/media?parent=149744"}],"wp:term":[{"taxonomy":"category","embeddable":true,"href":"https:\/\/www.salzburgerland.com\/cs\/wp-json\/wp\/v2\/categories?post=149744"},{"taxonomy":"post_tag","embeddable":true,"href":"https:\/\/www.salzburgerland.com\/cs\/wp-json\/wp\/v2\/tags?post=149744"},{"taxonomy":"wl_entity_type","embeddable":true,"href":"https:\/\/www.salzburgerland.com\/cs\/wp-json\/wp\/v2\/wl_entity_type?post=149744"}],"curies":[{"name":"wp","href":"https:\/\/api.w.org\/{rel}","templated":true}]}}