{"id":148784,"date":"2021-05-04T19:43:12","date_gmt":"2021-05-04T17:43:12","guid":{"rendered":"https:\/\/www.salzburgerland.com\/cs\/?p=148784"},"modified":"2022-04-12T19:50:42","modified_gmt":"2022-04-12T17:50:42","slug":"les-pusobi","status":"publish","type":"post","link":"https:\/\/www.salzburgerland.com\/cs\/les-pusobi\/","title":{"rendered":"Les p\u016fsob\u00ed"},"content":{"rendered":"<p>Krok za krokem vch\u00e1z\u00edm \u010d\u00edm d\u00e1l hloub\u011bji do lesa. Nade mnou se vzn\u00e1\u0161\u00ed st\u0159echa z list\u016f, v\u011btv\u00ed a jehli\u010d\u00ed, kter\u00e1 v\u0161e okolo hal\u00ed do jemn\u011b zelen\u00e9ho sv\u011btla. Mal\u00e1 rodina mucho\u00adm\u016frek \u2013 t\u00e1ta, m\u00e1ma a d\u011bti, roztomile vykukuje ze sameto\u00adv\u00e9ho mechu a n\u011bkde v d\u00e1lce praskla v\u011btev. Z\u0159ejm\u011b n\u011bjak\u00e1 plach\u00e1 la\u0148 nebo divok\u00fd kamz\u00edk. Zastav\u00edm a rozhl\u00e9dnu se okolo sebe. P\u0159esto\u017ee je tady v\u0161echno ciz\u00ed, c\u00edt\u00edm v sob\u011b ja\u00adk\u00fdsi pocit d\u016fv\u011bry. Po m\u00e9 prav\u00e9 ruce proud\u00ed horsk\u00fd pot\u016f\u010dek, kapradiny se houpaj\u00ed v n\u011bjak\u00e9m pro mne nezn\u00e1m\u00e9m rytmu. V protisv\u011btle se lesknou mezi prastar\u00fdmi kmeny pavu\u010diny a prop\u016fj\u010duj\u00ed lesu n\u00e1dech mystiky a magie. Kdyby to nebylo tak k\u00fd\u010dovit\u00e9, napadlo mne srovn\u00e1n\u00ed s poh\u00e1dkov\u00fdm lesem a \u010cervenou karkulkou.<\/p>\n<h3>V\u00fdlet po prastar\u00fdch stezk\u00e1ch<\/h3>\n<p>Moje kroky vedou z H\u00fcttschlagu, kter\u00fd ji\u017e spad\u00e1 do N\u00e1rod\u00adn\u00edho parku Vysok\u00e9 Taury, a\u017e vzh\u016fru k p\u0159\u00edrodn\u00edmu klenotu, jezeru Sch\u00f6dersee. Nach\u00e1zej\u00ed se zde star\u00e9 stezky pro zv\u00ed\u00ad\u0159ata, a stejn\u011b tak cesta k poutn\u00edmu kostelu Maria Luschari v italsk\u00e9m Furl\u00e1nsku (Friaul). P\u0159ede mnou po t\u00e9to trase pu\u00adtovalo tis\u00edce lid\u00ed. Vid\u011bli to, co te\u010f vid\u00edm j\u00e1. Sly\u0161eli to, co te\u010f sly\u0161\u00edm j\u00e1. Nespo\u010detn\u011bkr\u00e1t t\u011bmito m\u00edsty proch\u00e1zel tak\u00e9 mu\u017e, kter\u00fd ale vid\u011bl a sly\u0161el v\u00edce, ne\u017e v\u011bt\u0161ina z n\u00e1s. Pan Walter Mooslechner m\u011b vzal s sebou do lesa. Aby mi uk\u00e1\u00adzal, odkud pramen\u00ed jeho obrovsk\u00e1 fascinace. A pro\u010d je\u0161t\u011b st\u00e1le nem\u00e1 lesa dost. Ani po mnoha desetilet\u00edch. Walter Mooslechner byl lesn\u00edk a les byl tedy jeho pracovi\u0161t\u011bm. I v penzi se sem ka\u017ed\u00fd den vrac\u00ed.<\/p>\n<p>P\u0159ed hodinou jsme je\u0161t\u011b sed\u011bli v kuchyni jeho nov\u011b posta\u00adven\u00e9ho d\u0159ev\u011bn\u00e9ho domu v Gro\u00dfarlu. Listovala jsem kni\u00adhami, kter\u00e9 Walter Mooslechner sepsal s\u00e1m a jeho soukro\u00admou sb\u00edrkou fotografi\u00ed. V\u0161ude sam\u00e9 d\u0159evo, strom vedle stromu. \u201eKa\u017ed\u00fd den, kter\u00fd nestr\u00e1v\u00edm v lese, je pro mne ne\u00fapln\u00fd,\u201c vysv\u011btluje Walter Mooslechner. \u201eKdy\u017e jsem je\u0161t\u011b b\u00fdval lesn\u00edkem, bylo v pop\u0159ed\u00ed hospoda\u0159en\u00ed v lese. Teprve te\u010f si uv\u011bdomuji, kolik v sob\u011b nese les tajemstv\u00ed. P\u0159\u00edroda je jako k\u0159\u00ed\u017eovka, kter\u00e1 rozhodn\u011b stoj\u00ed za vylu\u0161t\u011bn\u00ed. Ka\u017ed\u00fd den se tady u\u010d\u00edm.\u201c Kdy\u017e vypr\u00e1v\u00ed Walter Mooslechner o stromech, je to jako kdy\u017e mluv\u00ed o sv\u00fdch nejlep\u0161\u00edch p\u0159\u00e1te\u00adl\u00edch a nejbli\u017e\u0161\u00edch zn\u00e1m\u00fdch. Kontakt s p\u0159\u00edrodou mu dod\u00e1v\u00e1 povzn\u00e1\u0161ej\u00edc\u00ed pocit svobody, jak zd\u016fraz\u0148uje. A j\u00e1 z n\u011bj napro\u00adsto c\u00edt\u00edm, jak moc by si p\u0159\u00e1l, aby takov\u00fd pocit za\u017eil ka\u017ed\u00fd \u010dlov\u011bk. Pan Mooslechner toti\u017e tak\u00e9 v\u00ed, \u017ee \u201ev na\u0161em p\u0159etech\u00adnizovan\u00e9m sv\u011bt\u011b se ji\u017e \u010dasto ztr\u00e1cej\u00ed p\u0159irozen\u00e9 instinkty a vlastnosti lid\u00ed. \u010clov\u011bk u\u017e mus\u00ed vynalo\u017eit trochu n\u00e1mahy a vz\u00edt si \u010das na to, aby se spojil s p\u0159\u00edrodou. Kdo se v\u0161ak chce znovu setkat s\u00e1m se sebou, mus\u00ed na to j\u00edt v prvn\u00ed \u0159ad\u011b p\u0159es ni.\u201c<\/p>\n<div id=\"attachment_148786\" style=\"width: 1034px\" class=\"wp-caption alignnone\"><img decoding=\"async\" aria-describedby=\"caption-attachment-148786\" class=\"wp-image-148786 size-medium\" src=\"https:\/\/cdn.salzburgerland.com\/cs\/wp-content\/uploads\/2021\/05\/t1_052-1170x658-1-1024x569.jpg\" alt=\"\" width=\"1024\" height=\"569\" srcset=\"https:\/\/www.salzburgerland.com\/cs\/wp-content\/uploads\/2021\/05\/t1_052-1170x658-1-1024x569.jpg 1024w, https:\/\/www.salzburgerland.com\/cs\/wp-content\/uploads\/2021\/05\/t1_052-1170x658-1-370x206.jpg 370w, https:\/\/www.salzburgerland.com\/cs\/wp-content\/uploads\/2021\/05\/t1_052-1170x658-1-270x150.jpg 270w, https:\/\/www.salzburgerland.com\/cs\/wp-content\/uploads\/2021\/05\/t1_052-1170x658-1-540x300.jpg 540w\" sizes=\"(max-width: 1024px) 100vw, 1024px\"><p id=\"caption-attachment-148786\" class=\"wp-caption-text\">Walter Mooslechner zn\u00e1 ve sv\u00e9m lese skoro ka\u017ed\u00fd strom \u00a9 SalzburgerLand Tourismus<\/p><\/div>\n<h3>Vid\u011bt p\u0159\u00edrodu o\u010dima lesn\u00edka<\/h3>\n<p>A aby m\u011b nechal pod\u011blit se o jeho radost, nech\u00e1v\u00e1 mne d\u00edvat se na les jeho o\u010dima a poslouchat jeho u\u0161ima. \u201eSly\u0161\u00ed\u0161 tu symfonii horsk\u00e9ho potoka? Ka\u017ed\u00fd potok m\u00e1 svou vlastn\u00ed melodii,\u201c p\u0159itahuje mou pozornost. Ukazuje mi tak\u00e9 \u201eozvu\u010den\u00fd\u201c strom, kde datel sv\u00fdm \u0161pi\u010dat\u00fdm zob\u00e1kem d\u011bl\u00e1 otvory v k\u016f\u0159e, odkud vytahuje larvy. Nedaleko odsud jsme objevili tak\u00e9 st\u016fl se sn\u00eddan\u00ed veverky. Ta j\u00ed nejrad\u011bji na trochu vyv\u00fd\u0161en\u00fdch m\u00edstech, nap\u0159\u00edklad na kamenech pokryt\u00fdch mechem. Z v\u011btv\u00ed vis\u00ed hust\u00e9 trsy provazovky obecn\u00e9 (v \u010cech\u00e1ch se j\u00ed lidov\u011b \u0159\u00edk\u00e1 tak\u00e9 \u201eKrakono\u0161ovy vousy\u201c). \u201eJsou znamen\u00edm dobr\u00e9ho vzduchu v \u00fadol\u00ed. Daj\u00ed se i su\u0161it a vyu\u017e\u00edvat v l\u00e9\u010ditelstv\u00ed,\u201c vysv\u011btluje b\u00fdval\u00fd lesn\u00edk a pod\u00e1v\u00e1 mi do ruky p\u00e1r nasb\u00edran\u00fdch ostru\u017ein. Chutnaj\u00ed naprosto p\u0159esn\u011b jako les. Zemit\u011b a nebesky z\u00e1rove\u0148. Jeho o\u010di sv\u00edt\u00ed jako mal\u00e9ho chlapce. Z\u00e1\u0159\u00ed nespoutanou chut\u00ed objevovat. Je to, jako kdy\u017e vid\u00ed v\u0161echno poprv\u00e9. A m\u011b napad\u00e1, \u017ee to, co m\u00e1 tento mu\u017e, ji\u017e spousta lid\u00ed d\u00e1vno ztratila. Jde o nezdolnou zv\u00eddavost spojenou s fungov\u00e1n\u00edm sv\u011bta a p\u0159\u00edrody. Obrovskou radost z objevov\u00e1n\u00ed zd\u00e1nliv\u00fdch mali\u010dkost\u00ed. Citlivost, silnou vn\u00edmavost a vid\u011bn\u00ed kr\u00e1sy v t\u011bch nejjednodu\u0161\u0161\u00edch v\u011bcech. Touhu porozum\u011bt tomu kolem n\u00e1s. Velk\u00e9mu celku. A pocit, \u017ee jsme vlastn\u011b sami st\u00e1le jeho sou\u010d\u00e1st\u00ed.<\/p>\n<p>Po n\u011bjak\u00e9m \u010dase si sed\u00e1me na velik\u00fd k\u00e1men. \u201eTo nejd\u016fle\u017eit\u011bj\u0161\u00ed je, aby se lid\u00e9 zase vydali po stop\u00e1ch sami k sob\u011b. Aby znovu za\u010dali objevovat. Dot\u00fdk\u00e1n\u00ed se strom\u016f d\u011bl\u00e1 lidem dob\u0159e,\u201c sly\u0161\u00edm \u0159\u00edkat Waltera Mooslechnera. \u201eKa\u017ed\u00fd strom m\u00e1 svou du\u0161i. Je z\u00e1zrakem p\u0159\u00edrody a je n\u00e1m bl\u00edzk\u00fd. Jako n\u00e1\u0161 p\u0159\u00edbuzn\u00fd. Stejn\u011b tak je to s vodou.\u201c Ot\u00e1\u010d\u00edm se na n\u011bho. Chce mi zku\u0161en\u00fd lesn\u00edk a myslivec opravdu vypr\u00e1v\u011bt, jak bych m\u011bla obj\u00edmat stromy? Ano, \u0159\u00edk\u00e1 to. A ne. Ned\u011bl\u00e1 si legraci. Proto\u017ee v\u00ed, jak na n\u011bho samotn\u00e9ho p\u0159\u00edroda p\u016fsob\u00ed. A chce povzbudit lidi k tomu, aby za\u010dali v\u0161emi smysly vn\u00edmat tu kr\u00e1su a c\u00edtili se stejn\u011b. Jak to ud\u011bl\u00e1me, to je jedno. Hlavn\u011b kdy\u017e to ud\u011bl\u00e1me.<\/p>\n<div id=\"attachment_148787\" style=\"width: 1034px\" class=\"wp-caption alignnone\"><img decoding=\"async\" aria-describedby=\"caption-attachment-148787\" class=\"wp-image-148787 size-medium\" src=\"https:\/\/cdn.salzburgerland.com\/cs\/wp-content\/uploads\/2021\/05\/t7_053-1170x658-1-1024x569.jpg\" alt=\"\" width=\"1024\" height=\"569\" srcset=\"https:\/\/www.salzburgerland.com\/cs\/wp-content\/uploads\/2021\/05\/t7_053-1170x658-1-1024x569.jpg 1024w, https:\/\/www.salzburgerland.com\/cs\/wp-content\/uploads\/2021\/05\/t7_053-1170x658-1-370x206.jpg 370w, https:\/\/www.salzburgerland.com\/cs\/wp-content\/uploads\/2021\/05\/t7_053-1170x658-1-270x150.jpg 270w, https:\/\/www.salzburgerland.com\/cs\/wp-content\/uploads\/2021\/05\/t7_053-1170x658-1-540x300.jpg 540w\" sizes=\"(max-width: 1024px) 100vw, 1024px\"><p id=\"caption-attachment-148787\" class=\"wp-caption-text\">Putov\u00e1n\u00ed po les\u00edch v okol\u00ed Grossarlu s Walterem Mooslechnerem \u00a9 SalzburgerLand Tourismus<\/p><\/div>\n<p>V\u00edce ne\u017e polovina spolkov\u00e9 zem\u011b Salcbursko je zalesn\u011bna. Tyto kr\u00e1sn\u00e9 oblasti jsou ide\u00e1ln\u00edm m\u00edstem nejen pro voln\u00fd \u010das a odpo\u010dinek. Les pln\u00ed tak\u00e9 d\u016fle\u017eit\u00e9 ochrann\u00e9 funkce. Je hospod\u00e1\u0159skou oblast\u00ed, star\u00e1 se o dobr\u00fd vzduch a \u010distou vodu. Salcbursk\u00fdmi lesy vedou tis\u00edce zna\u010den\u00fdch tras pro p\u011b\u0161\u00ed i kola. V n\u011bkter\u00fdch regionech se nach\u00e1zej\u00ed mimo\u0159\u00e1dn\u011b zachoval\u00e1 a nedot\u010den\u00e1 p\u00e1sma lesa, jako nap\u0159\u00edklad Raurisk\u00fd prales \u201eRauriser Urwald\u201c, \u201eWiegenwald der Zirben\u201c, prales v \u00fadol\u00ed Lammertal, \u201eLammertaler Urwald\u201c nebo r\u016fzn\u00e9 nau\u010dn\u00e9 stezky na t\u00e9ma lesa a d\u0159eva. V N\u00e1rodn\u00edm parku Vysok\u00e9 Taury si u\u017eijete v\u00fdlety se str\u00e1\u017eci N\u00e1rodn\u00edho parku. V Bad Hofgasteinu se m\u016f\u017eete osv\u011b\u017eit i na lesn\u00edm koupali\u0161ti.<\/p>\n","protected":false},"excerpt":{"rendered":"<p>Krok za krokem vch\u00e1z\u00edm \u010d\u00edm d\u00e1l hloub\u011bji do lesa. Nade mnou se vzn\u00e1\u0161\u00ed st\u0159echa z list\u016f, v\u011btv\u00ed a jehli\u010d\u00ed, kter\u00e1 v\u0161e okolo hal\u00ed do jemn\u011b zelen\u00e9ho sv\u011btla. Mal\u00e1 rodina mucho\u00adm\u016frek \u2013 t\u00e1ta, m\u00e1ma a d\u011bti, roztomile vykukuje ze sameto\u00adv\u00e9ho mechu a n\u011bkde v d\u00e1lce praskla v\u011btev. Z\u0159ejm\u011b n\u011bjak\u00e1 plach\u00e1 la\u0148 nebo divok\u00fd kamz\u00edk. Zastav\u00edm a [&hellip;]<\/p>\n","protected":false},"author":6,"featured_media":148785,"comment_status":"closed","ping_status":"closed","sticky":false,"template":"","format":"standard","meta":{"_acf_changed":false,"wl_entities_gutenberg":"","_relevanssi_hide_post":"","_relevanssi_hide_content":"","_relevanssi_pin_for_all":"","_relevanssi_pin_keywords":"","_relevanssi_unpin_keywords":"","_relevanssi_related_keywords":"","_relevanssi_related_include_ids":"","_relevanssi_related_exclude_ids":"","_relevanssi_related_no_append":"","_relevanssi_related_not_related":"","_relevanssi_related_posts":"","_relevanssi_noindex_reason":"","footnotes":""},"categories":[1],"tags":[],"wl_entity_type":[706],"class_list":["post-148784","post","type-post","status-publish","format-standard","has-post-thumbnail","hentry","category-uncategorized","wl_entity_type-article"],"acf":[],"yoast_head":"<!-- This site is optimized with the Yoast SEO Premium plugin v27.4 (Yoast SEO v27.4) - https:\/\/yoast.com\/product\/yoast-seo-premium-wordpress\/ -->\n<title>Les p\u016fsob\u00ed \u00bb SalzburgerLand.com<\/title>\n<meta name=\"robots\" content=\"index, follow, max-snippet:-1, max-image-preview:large, max-video-preview:-1\" \/>\n<link rel=\"canonical\" href=\"https:\/\/www.salzburgerland.com\/cs\/les-pusobi\/\" \/>\n<meta property=\"og:locale\" content=\"cs_CZ\" \/>\n<meta property=\"og:type\" content=\"article\" \/>\n<meta property=\"og:title\" content=\"Les p\u016fsob\u00ed\" \/>\n<meta property=\"og:description\" content=\"Krok za krokem vch\u00e1z\u00edm \u010d\u00edm d\u00e1l hloub\u011bji do lesa. Nade mnou se vzn\u00e1\u0161\u00ed st\u0159echa z list\u016f, v\u011btv\u00ed a jehli\u010d\u00ed, kter\u00e1 v\u0161e okolo hal\u00ed do jemn\u011b zelen\u00e9ho sv\u011btla. Mal\u00e1\" \/>\n<meta property=\"og:url\" content=\"https:\/\/www.salzburgerland.com\/cs\/les-pusobi\/\" \/>\n<meta property=\"og:site_name\" content=\"SalzburgerLand.com\" \/>\n<meta property=\"article:publisher\" content=\"https:\/\/www.facebook.com\/visitsalzburgerland\/\" \/>\n<meta property=\"article:published_time\" content=\"2021-05-04T17:43:12+00:00\" \/>\n<meta property=\"article:modified_time\" content=\"2022-04-12T17:50:42+00:00\" \/>\n<meta property=\"og:image\" content=\"https:\/\/www.salzburgerland.com\/cs\/wp-content\/uploads\/2021\/05\/t1_086-1170x658-1.jpg\" \/>\n\t<meta property=\"og:image:width\" content=\"1170\" \/>\n\t<meta property=\"og:image:height\" content=\"658\" \/>\n\t<meta property=\"og:image:type\" content=\"image\/jpeg\" \/>\n<meta name=\"author\" content=\"Andrea \u017d\u00e1\u010dkov\u00e1\" \/>\n<meta name=\"twitter:card\" content=\"summary_large_image\" \/>\n<meta name=\"twitter:creator\" content=\"@salzburgerland\" \/>\n<meta name=\"twitter:site\" content=\"@salzburgerland\" \/>\n<meta name=\"twitter:label1\" content=\"Napsal(a)\" \/>\n\t<meta name=\"twitter:data1\" content=\"Andrea \u017d\u00e1\u010dkov\u00e1\" \/>\n\t<meta name=\"twitter:label2\" content=\"Odhadovan\u00e1 doba \u010dten\u00ed\" \/>\n\t<meta name=\"twitter:data2\" content=\"6 minut\" \/>\n<script type=\"application\/ld+json\" class=\"yoast-schema-graph\">{\"@context\":\"https:\\\/\\\/schema.org\",\"@graph\":[{\"@type\":\"Article\",\"@id\":\"https:\\\/\\\/www.salzburgerland.com\\\/cs\\\/les-pusobi\\\/#article\",\"isPartOf\":{\"@id\":\"https:\\\/\\\/www.salzburgerland.com\\\/cs\\\/les-pusobi\\\/\"},\"author\":{\"name\":\"Andrea \u017d\u00e1\u010dkov\u00e1\",\"@id\":\"https:\\\/\\\/www.salzburgerland.com\\\/cs\\\/#\\\/schema\\\/person\\\/dd42a4661897004df109095dbf40eeff\"},\"headline\":\"Les p\u016fsob\u00ed\",\"datePublished\":\"2021-05-04T17:43:12+00:00\",\"dateModified\":\"2022-04-12T17:50:42+00:00\",\"mainEntityOfPage\":{\"@id\":\"https:\\\/\\\/www.salzburgerland.com\\\/cs\\\/les-pusobi\\\/\"},\"wordCount\":1196,\"image\":{\"@id\":\"https:\\\/\\\/www.salzburgerland.com\\\/cs\\\/les-pusobi\\\/#primaryimage\"},\"thumbnailUrl\":\"https:\\\/\\\/www.salzburgerland.com\\\/cs\\\/wp-content\\\/uploads\\\/2021\\\/05\\\/t1_086-1170x658-1.jpg\",\"articleSection\":[\"Uncategorized\"],\"inLanguage\":\"cs\"},{\"@type\":\"WebPage\",\"@id\":\"https:\\\/\\\/www.salzburgerland.com\\\/cs\\\/les-pusobi\\\/\",\"url\":\"https:\\\/\\\/www.salzburgerland.com\\\/cs\\\/les-pusobi\\\/\",\"name\":\"Les p\u016fsob\u00ed \u00bb SalzburgerLand.com\",\"isPartOf\":{\"@id\":\"https:\\\/\\\/www.salzburgerland.com\\\/cs\\\/#website\"},\"primaryImageOfPage\":{\"@id\":\"https:\\\/\\\/www.salzburgerland.com\\\/cs\\\/les-pusobi\\\/#primaryimage\"},\"image\":{\"@id\":\"https:\\\/\\\/www.salzburgerland.com\\\/cs\\\/les-pusobi\\\/#primaryimage\"},\"thumbnailUrl\":\"https:\\\/\\\/www.salzburgerland.com\\\/cs\\\/wp-content\\\/uploads\\\/2021\\\/05\\\/t1_086-1170x658-1.jpg\",\"datePublished\":\"2021-05-04T17:43:12+00:00\",\"dateModified\":\"2022-04-12T17:50:42+00:00\",\"author\":{\"@id\":\"https:\\\/\\\/www.salzburgerland.com\\\/cs\\\/#\\\/schema\\\/person\\\/dd42a4661897004df109095dbf40eeff\"},\"description\":\"\\\"Teprve te\u010f si uv\u011bdomuji, kolik v sob\u011b nese les tajemstv\u00ed,\\\" \u0159\u00edk\u00e1 b\u00fdval\u00fd lesn\u00edk Walter Mooslechner.\",\"breadcrumb\":{\"@id\":\"https:\\\/\\\/www.salzburgerland.com\\\/cs\\\/les-pusobi\\\/#breadcrumb\"},\"inLanguage\":\"cs\",\"potentialAction\":[{\"@type\":\"ReadAction\",\"target\":[\"https:\\\/\\\/www.salzburgerland.com\\\/cs\\\/les-pusobi\\\/\"]}]},{\"@type\":\"ImageObject\",\"inLanguage\":\"cs\",\"@id\":\"https:\\\/\\\/www.salzburgerland.com\\\/cs\\\/les-pusobi\\\/#primaryimage\",\"url\":\"https:\\\/\\\/www.salzburgerland.com\\\/cs\\\/wp-content\\\/uploads\\\/2021\\\/05\\\/t1_086-1170x658-1.jpg\",\"contentUrl\":\"https:\\\/\\\/www.salzburgerland.com\\\/cs\\\/wp-content\\\/uploads\\\/2021\\\/05\\\/t1_086-1170x658-1.jpg\",\"width\":1170,\"height\":658,\"caption\":\"Walter Mooslechner zn\u00e1 les jako sv\u00e9 boty \u00a9 SalzburgerLand Tourismus, Tom Son\"},{\"@type\":\"BreadcrumbList\",\"@id\":\"https:\\\/\\\/www.salzburgerland.com\\\/cs\\\/les-pusobi\\\/#breadcrumb\",\"itemListElement\":[{\"@type\":\"ListItem\",\"position\":1,\"name\":\"Poklady salcbursk\u00fdch les\u016f\",\"item\":\"https:\\\/\\\/www.salzburgerland.com\\\/cs\\\/poklady-salcburskych-lesu\\\/\"},{\"@type\":\"ListItem\",\"position\":2,\"name\":\"Les p\u016fsob\u00ed\"}]},{\"@type\":\"WebSite\",\"@id\":\"https:\\\/\\\/www.salzburgerland.com\\\/cs\\\/#website\",\"url\":\"https:\\\/\\\/www.salzburgerland.com\\\/cs\\\/\",\"name\":\"SalzburgerLand.com\",\"description\":\"Va\u0161e dovolen\u00e1 v Salcburku, Rakousko\",\"potentialAction\":[{\"@type\":\"SearchAction\",\"target\":{\"@type\":\"EntryPoint\",\"urlTemplate\":\"https:\\\/\\\/www.salzburgerland.com\\\/cs\\\/?s={search_term_string}\"},\"query-input\":{\"@type\":\"PropertyValueSpecification\",\"valueRequired\":true,\"valueName\":\"search_term_string\"}}],\"inLanguage\":\"cs\"},{\"@type\":\"Person\",\"@id\":\"https:\\\/\\\/www.salzburgerland.com\\\/cs\\\/#\\\/schema\\\/person\\\/dd42a4661897004df109095dbf40eeff\",\"name\":\"Andrea \u017d\u00e1\u010dkov\u00e1\",\"image\":{\"@type\":\"ImageObject\",\"inLanguage\":\"cs\",\"@id\":\"https:\\\/\\\/secure.gravatar.com\\\/avatar\\\/338deec8d231d56d0ab7b2b7d6d0aedbcb3eb05390f6c027fd5b7ebe87b67dbf?s=96&d=mm&r=g\",\"url\":\"https:\\\/\\\/secure.gravatar.com\\\/avatar\\\/338deec8d231d56d0ab7b2b7d6d0aedbcb3eb05390f6c027fd5b7ebe87b67dbf?s=96&d=mm&r=g\",\"contentUrl\":\"https:\\\/\\\/secure.gravatar.com\\\/avatar\\\/338deec8d231d56d0ab7b2b7d6d0aedbcb3eb05390f6c027fd5b7ebe87b67dbf?s=96&d=mm&r=g\",\"caption\":\"Andrea \u017d\u00e1\u010dkov\u00e1\"}}]}<\/script>\n<!-- \/ Yoast SEO Premium plugin. -->","yoast_head_json":{"title":"Les p\u016fsob\u00ed \u00bb SalzburgerLand.com","robots":{"index":"index","follow":"follow","max-snippet":"max-snippet:-1","max-image-preview":"max-image-preview:large","max-video-preview":"max-video-preview:-1"},"canonical":"https:\/\/www.salzburgerland.com\/cs\/les-pusobi\/","og_locale":"cs_CZ","og_type":"article","og_title":"Les p\u016fsob\u00ed","og_description":"Krok za krokem vch\u00e1z\u00edm \u010d\u00edm d\u00e1l hloub\u011bji do lesa. Nade mnou se vzn\u00e1\u0161\u00ed st\u0159echa z list\u016f, v\u011btv\u00ed a jehli\u010d\u00ed, kter\u00e1 v\u0161e okolo hal\u00ed do jemn\u011b zelen\u00e9ho sv\u011btla. Mal\u00e1","og_url":"https:\/\/www.salzburgerland.com\/cs\/les-pusobi\/","og_site_name":"SalzburgerLand.com","article_publisher":"https:\/\/www.facebook.com\/visitsalzburgerland\/","article_published_time":"2021-05-04T17:43:12+00:00","article_modified_time":"2022-04-12T17:50:42+00:00","og_image":[{"url":"https:\/\/www.salzburgerland.com\/cs\/wp-content\/uploads\/2021\/05\/t1_086-1170x658-1.jpg","width":1170,"height":658,"type":"image\/jpeg"}],"author":"Andrea \u017d\u00e1\u010dkov\u00e1","twitter_card":"summary_large_image","twitter_creator":"@salzburgerland","twitter_site":"@salzburgerland","twitter_misc":{"Napsal(a)":"Andrea \u017d\u00e1\u010dkov\u00e1","Odhadovan\u00e1 doba \u010dten\u00ed":"6 minut"},"schema":{"@context":"https:\/\/schema.org","@graph":[{"@type":"Article","@id":"https:\/\/www.salzburgerland.com\/cs\/les-pusobi\/#article","isPartOf":{"@id":"https:\/\/www.salzburgerland.com\/cs\/les-pusobi\/"},"author":{"name":"Andrea \u017d\u00e1\u010dkov\u00e1","@id":"https:\/\/www.salzburgerland.com\/cs\/#\/schema\/person\/dd42a4661897004df109095dbf40eeff"},"headline":"Les p\u016fsob\u00ed","datePublished":"2021-05-04T17:43:12+00:00","dateModified":"2022-04-12T17:50:42+00:00","mainEntityOfPage":{"@id":"https:\/\/www.salzburgerland.com\/cs\/les-pusobi\/"},"wordCount":1196,"image":{"@id":"https:\/\/www.salzburgerland.com\/cs\/les-pusobi\/#primaryimage"},"thumbnailUrl":"https:\/\/www.salzburgerland.com\/cs\/wp-content\/uploads\/2021\/05\/t1_086-1170x658-1.jpg","articleSection":["Uncategorized"],"inLanguage":"cs"},{"@type":"WebPage","@id":"https:\/\/www.salzburgerland.com\/cs\/les-pusobi\/","url":"https:\/\/www.salzburgerland.com\/cs\/les-pusobi\/","name":"Les p\u016fsob\u00ed \u00bb SalzburgerLand.com","isPartOf":{"@id":"https:\/\/www.salzburgerland.com\/cs\/#website"},"primaryImageOfPage":{"@id":"https:\/\/www.salzburgerland.com\/cs\/les-pusobi\/#primaryimage"},"image":{"@id":"https:\/\/www.salzburgerland.com\/cs\/les-pusobi\/#primaryimage"},"thumbnailUrl":"https:\/\/www.salzburgerland.com\/cs\/wp-content\/uploads\/2021\/05\/t1_086-1170x658-1.jpg","datePublished":"2021-05-04T17:43:12+00:00","dateModified":"2022-04-12T17:50:42+00:00","author":{"@id":"https:\/\/www.salzburgerland.com\/cs\/#\/schema\/person\/dd42a4661897004df109095dbf40eeff"},"description":"\"Teprve te\u010f si uv\u011bdomuji, kolik v sob\u011b nese les tajemstv\u00ed,\" \u0159\u00edk\u00e1 b\u00fdval\u00fd lesn\u00edk Walter Mooslechner.","breadcrumb":{"@id":"https:\/\/www.salzburgerland.com\/cs\/les-pusobi\/#breadcrumb"},"inLanguage":"cs","potentialAction":[{"@type":"ReadAction","target":["https:\/\/www.salzburgerland.com\/cs\/les-pusobi\/"]}]},{"@type":"ImageObject","inLanguage":"cs","@id":"https:\/\/www.salzburgerland.com\/cs\/les-pusobi\/#primaryimage","url":"https:\/\/www.salzburgerland.com\/cs\/wp-content\/uploads\/2021\/05\/t1_086-1170x658-1.jpg","contentUrl":"https:\/\/www.salzburgerland.com\/cs\/wp-content\/uploads\/2021\/05\/t1_086-1170x658-1.jpg","width":1170,"height":658,"caption":"Walter Mooslechner zn\u00e1 les jako sv\u00e9 boty \u00a9 SalzburgerLand Tourismus, Tom Son"},{"@type":"BreadcrumbList","@id":"https:\/\/www.salzburgerland.com\/cs\/les-pusobi\/#breadcrumb","itemListElement":[{"@type":"ListItem","position":1,"name":"Poklady salcbursk\u00fdch les\u016f","item":"https:\/\/www.salzburgerland.com\/cs\/poklady-salcburskych-lesu\/"},{"@type":"ListItem","position":2,"name":"Les p\u016fsob\u00ed"}]},{"@type":"WebSite","@id":"https:\/\/www.salzburgerland.com\/cs\/#website","url":"https:\/\/www.salzburgerland.com\/cs\/","name":"SalzburgerLand.com","description":"Va\u0161e dovolen\u00e1 v Salcburku, Rakousko","potentialAction":[{"@type":"SearchAction","target":{"@type":"EntryPoint","urlTemplate":"https:\/\/www.salzburgerland.com\/cs\/?s={search_term_string}"},"query-input":{"@type":"PropertyValueSpecification","valueRequired":true,"valueName":"search_term_string"}}],"inLanguage":"cs"},{"@type":"Person","@id":"https:\/\/www.salzburgerland.com\/cs\/#\/schema\/person\/dd42a4661897004df109095dbf40eeff","name":"Andrea \u017d\u00e1\u010dkov\u00e1","image":{"@type":"ImageObject","inLanguage":"cs","@id":"https:\/\/secure.gravatar.com\/avatar\/338deec8d231d56d0ab7b2b7d6d0aedbcb3eb05390f6c027fd5b7ebe87b67dbf?s=96&d=mm&r=g","url":"https:\/\/secure.gravatar.com\/avatar\/338deec8d231d56d0ab7b2b7d6d0aedbcb3eb05390f6c027fd5b7ebe87b67dbf?s=96&d=mm&r=g","contentUrl":"https:\/\/secure.gravatar.com\/avatar\/338deec8d231d56d0ab7b2b7d6d0aedbcb3eb05390f6c027fd5b7ebe87b67dbf?s=96&d=mm&r=g","caption":"Andrea \u017d\u00e1\u010dkov\u00e1"}}]}},"_wl_alt_label":[],"wl:entity_url":"http:\/\/open.salzburgerland.com\/cs\/post\/les_pusobi","_links":{"self":[{"href":"https:\/\/www.salzburgerland.com\/cs\/wp-json\/wp\/v2\/posts\/148784","targetHints":{"allow":["GET"]}}],"collection":[{"href":"https:\/\/www.salzburgerland.com\/cs\/wp-json\/wp\/v2\/posts"}],"about":[{"href":"https:\/\/www.salzburgerland.com\/cs\/wp-json\/wp\/v2\/types\/post"}],"author":[{"embeddable":true,"href":"https:\/\/www.salzburgerland.com\/cs\/wp-json\/wp\/v2\/users\/6"}],"replies":[{"embeddable":true,"href":"https:\/\/www.salzburgerland.com\/cs\/wp-json\/wp\/v2\/comments?post=148784"}],"version-history":[{"count":5,"href":"https:\/\/www.salzburgerland.com\/cs\/wp-json\/wp\/v2\/posts\/148784\/revisions"}],"predecessor-version":[{"id":151314,"href":"https:\/\/www.salzburgerland.com\/cs\/wp-json\/wp\/v2\/posts\/148784\/revisions\/151314"}],"wp:featuredmedia":[{"embeddable":true,"href":"https:\/\/www.salzburgerland.com\/cs\/wp-json\/wp\/v2\/media\/148785"}],"wp:attachment":[{"href":"https:\/\/www.salzburgerland.com\/cs\/wp-json\/wp\/v2\/media?parent=148784"}],"wp:term":[{"taxonomy":"category","embeddable":true,"href":"https:\/\/www.salzburgerland.com\/cs\/wp-json\/wp\/v2\/categories?post=148784"},{"taxonomy":"post_tag","embeddable":true,"href":"https:\/\/www.salzburgerland.com\/cs\/wp-json\/wp\/v2\/tags?post=148784"},{"taxonomy":"wl_entity_type","embeddable":true,"href":"https:\/\/www.salzburgerland.com\/cs\/wp-json\/wp\/v2\/wl_entity_type?post=148784"}],"curies":[{"name":"wp","href":"https:\/\/api.w.org\/{rel}","templated":true}]}}