{"id":148471,"date":"2021-02-25T12:25:26","date_gmt":"2021-02-25T11:25:26","guid":{"rendered":"https:\/\/www.salzburgerland.com\/cs\/?p=148471"},"modified":"2026-04-23T23:27:02","modified_gmt":"2026-04-23T21:27:02","slug":"to-musite-v-lete-videt","status":"publish","type":"post","link":"https:\/\/www.salzburgerland.com\/cs\/to-musite-v-lete-videt\/","title":{"rendered":"To mus\u00edte v l\u00e9t\u011b vid\u011bt"},"content":{"rendered":"<h2>PROHL\u00cdDKA MUZE\u00cd<\/h2>\n<h3>Mozart\u016fv rodn\u00fd d\u016fm<\/h3>\n<p>Co by byl Salcburk bez Mozarta? Tohle z\u00e1zra\u010dn\u00e9 d\u00edt\u011b, jak se nejslavn\u011bj\u0161\u00edmu synovi z m\u011bsta na \u0159ece Salze \u0159\u00edk\u00e1, doprov\u00e1z\u00ed n\u00e1v\u0161t\u011bvn\u00edky t\u00e9m\u011b\u0159 na ka\u017ed\u00e9m kroku. Projd\u011bte se rodi\u0161t\u011bm Wolfanga Amadea a poznejte fenomen\u00e1ln\u00edho skladatele a jeho \u017eivotn\u00ed p\u0159\u00edb\u011bh trochu bl\u00ed\u017ee. <a href=\"https:\/\/my.matterport.com\/show\/?m=AYMguGRAVk9\" target=\"_blank\" rel=\"noopener\">Vydejte se objevovat<\/a>.<\/p>\n<p><iframe title=\"Salzburg feiert 270 Jahre Mozart\" width=\"500\" height=\"281\" src=\"https:\/\/www.youtube-nocookie.com\/embed\/wxJHGh8f0LU?feature=oembed&amp;rel=0&amp;modestbranding=1\" frameborder=\"0\" allow=\"accelerometer; autoplay; clipboard-write; encrypted-media; gyroscope; picture-in-picture; web-share\" referrerpolicy=\"strict-origin-when-cross-origin\" allowfullscreen><\/iframe><\/p>\n<h3>Reziden\u010dn\u00ed galerie<\/h3>\n<p>Reziden\u010dn\u00ed galerie se nach\u00e1z\u00ed ve druh\u00e9m pat\u0159e zn\u00e1m\u00e9 biskupsk\u00e9 Rezidence, kter\u00e1 je jednou z\u00a0dominant Salcburku. Byli jste tam u\u017e n\u011bkdy? Jedn\u00e1 se o sou\u010d\u00e1st zcela mimo\u0159\u00e1dn\u00e9ho okruhu \u201e<a href=\"https:\/\/www.domquartier.at\/en\/\" target=\"_blank\" rel=\"noopener\">Dom Quartier<\/a>\u201c. Pokud jste je\u0161t\u011b nem\u011bli tu \u010dest, rozhodn\u011b byste si tuto prohl\u00eddku barokn\u00edho skvostu nem\u011bli nechat uj\u00edt. <a href=\"https:\/\/artsandculture.google.com\/partner\/domquartier-salzburg-residenzgalerie\" target=\"_blank\" rel=\"noopener\">Pod\u00edvejte se<\/a> nap\u0159\u00edklad na sb\u00edrku evropsk\u00e9ho mal\u00ed\u0159stv\u00ed 16. a\u017e 19. stolet\u00ed.<\/p>\n<p><iframe title=\"DomQuartier Salzburg\" width=\"500\" height=\"281\" src=\"https:\/\/www.youtube-nocookie.com\/embed\/wWHvISxe6Nk?feature=oembed&amp;rel=0&amp;modestbranding=1\" frameborder=\"0\" allow=\"accelerometer; autoplay; clipboard-write; encrypted-media; gyroscope; picture-in-picture; web-share\" referrerpolicy=\"strict-origin-when-cross-origin\" allowfullscreen><\/iframe><\/p>\n<p>2000 expon\u00e1t\u016f na plo\u0161e 15 000 \u010dtvere\u010dn\u00edch metr\u016f otev\u0159e dosud nezn\u00e1m\u00e9 \u00fahly pohledu na b\u00fdval\u00e9 centrum moci kn\u00ed\u017eec\u00edch arcibiskup\u016f. Historie salcbursk\u00fdch c\u00edrkevn\u00edch panovn\u00edk\u016f se zde jedine\u010dn\u00fdm zp\u016fsobem prol\u00edn\u00e1 s histori\u00ed um\u011bn\u00ed a architektury.<\/p>\n<h3>Salcbursk\u00e1 muzea<\/h3>\n<p>Sdru\u017een\u00ed \u201eSalzburger Museums und Sammlungen\u201c organizuje <a href=\"https:\/\/www.youtube.com\/playlist?list=PL-lRRuAzBSDQ4pGTzPKroG3Cs4_YFwvYw\" target=\"_blank\" rel=\"noopener\">virtu\u00e1ln\u00ed n\u00e1v\u0161t\u011bvy<\/a> muze\u00ed po cel\u00e9 zemi. Prohl\u00eddky p\u0159\u00edslu\u0161n\u00fdch muze\u00ed jsou doprov\u00e1zeny kamerou. N\u00e1v\u0161t\u011bvu muzea lze nyn\u00ed za\u017e\u00edt i t\u00edmto zp\u016fsobem, kdy\u017e nen\u00ed mo\u017en\u00e9 nav\u0161t\u00edvit v\u00fdstavy osobn\u011b.<\/p>\n<h2>HRADY A Z\u00c1MKY<\/h2>\n<h3>Hrad Hohenwerfen<\/h3>\n<p>Impozantn\u00ed hradn\u00ed komplex <a href=\"https:\/\/www.salzburg-burgen.at\/en\/hohenwerfen-castle\/\" target=\"_blank\" rel=\"noopener\">Hohenwerfen<\/a> nad Salzachtalem je s\u00e1m o sob\u011b \u00fa\u017easnou pod\u00edvanou. Je\u0161t\u011b \u00fachvatn\u011bj\u0161\u00ed je pak tohle slackline video, kter\u00e9 nab\u00edz\u00ed krom\u011b toho kr\u00e1sn\u00fd pohled na okoln\u00ed kulisy hor. Povzneste se!<\/p>\n<p><iframe title=\"Fortress Hohenwerfen ImageClip 2025 EN\" width=\"500\" height=\"281\" src=\"https:\/\/www.youtube-nocookie.com\/embed\/LdpN6fmMpDo?feature=oembed&amp;rel=0&amp;modestbranding=1\" frameborder=\"0\" allow=\"accelerometer; autoplay; clipboard-write; encrypted-media; gyroscope; picture-in-picture; web-share\" referrerpolicy=\"strict-origin-when-cross-origin\" allowfullscreen><\/iframe><\/p>\n<h3>Letohr\u00e1dek a vodn\u00ed hr\u00e1tky Hellbrunn<\/h3>\n<p>Romantick\u00fd z\u00e1me\u010dek <a href=\"https:\/\/www.hellbrunn.at\/en\/\" target=\"_blank\" rel=\"noopener\">Hellbrunn<\/a> s parkem pln\u00fd font\u00e1n, vodotrysk\u016f, grot a pohybliv\u00fdch prvk\u016f na p\u0159edm\u011bst\u00ed Salcburku. Prohl\u00eddka z\u00e1mku je v l\u00e9t\u011b stejn\u011b osv\u011b\u017euj\u00edc\u00ed jako proch\u00e1zka zahradami se z\u00e1ludn\u011b skryt\u00fdmi tryskami.<\/p>\n<p><iframe title=\"Hellbrunn - Schloss, Wasserspiele und Gartenanlage\" width=\"500\" height=\"281\" src=\"https:\/\/www.youtube-nocookie.com\/embed\/G0v-TbJJt58?feature=oembed&amp;rel=0&amp;modestbranding=1\" frameborder=\"0\" allow=\"accelerometer; autoplay; clipboard-write; encrypted-media; gyroscope; picture-in-picture; web-share\" referrerpolicy=\"strict-origin-when-cross-origin\" allowfullscreen><\/iframe><\/p>\n<h3>Pevnost Hohensalzburg<\/h3>\n<p><a href=\"https:\/\/www.salzburg-burgen.at\/en\/hohenwerfen-castle\/\" target=\"_blank\" rel=\"noopener\">Hohensalzburg<\/a> je dominantou, kter\u00e1 shl\u00ed\u017e\u00ed na cel\u00e9 m\u011bsto a dotv\u00e1\u0159\u00ed jeho panorama. Obl\u00edben\u00fd v\u00fdletn\u00ed c\u00edl n\u00e1v\u0161t\u011bvn\u00edk\u016f Salcburku s\u00a0mnoha pokoji a v\u00a0hradn\u00edm komplexu rozhodn\u011b mus\u00edte vid\u011bt. Do t\u00e9 doby se pod\u00edvejte alespo\u0148 do z\u00e1kulis\u00ed. V\u00edte nap\u0159\u00edklad o slavn\u00e9m salcbursk\u00e9m b\u00fdkovi, kter\u00fd se stal symbolem m\u011bsta?<\/p>\n<p><iframe title=\"Der Salzburger Stier auf der Festung Hohensalzburg | Salzburg Bull on Hohensalzburg Fortress\" width=\"500\" height=\"281\" src=\"https:\/\/www.youtube-nocookie.com\/embed\/psu6nH2m9js?feature=oembed&amp;rel=0&amp;modestbranding=1\" frameborder=\"0\" allow=\"accelerometer; autoplay; clipboard-write; encrypted-media; gyroscope; picture-in-picture; web-share\" referrerpolicy=\"strict-origin-when-cross-origin\" allowfullscreen><\/iframe><\/p>\n<h2>HORY A Z\u00c1\u017dITKY V P\u0158\u00cdROD\u011a<\/h2>\n<h3>Kitzsteinhorn, Gipfelwelt 3000<\/h3>\n<p>Zat\u00edmco v\u00a0\u00fadol\u00ed kvetou louky, v\u00a0nadmo\u0159sk\u00e9 v\u00fd\u0161ce nad <a href=\"https:\/\/www.kitzsteinhorn.at\/cz\" target=\"_blank\" rel=\"noopener\">3000 metry<\/a> \u010dek\u00e1 fantastick\u00fd zasn\u011b\u017een\u00fd ledovcov\u00fd sv\u011bt. Tady bude z\u00a0v\u00fdhled\u016f naprosto ohromeni.<\/p>\n<p><iframe title=\"Gipfelwelt 3000 Kitzsteinhorn Kaprun\" width=\"500\" height=\"281\" src=\"https:\/\/www.youtube-nocookie.com\/embed\/OzXyrCSuUV4?feature=oembed&amp;rel=0&amp;modestbranding=1\" frameborder=\"0\" allow=\"accelerometer; autoplay; clipboard-write; encrypted-media; gyroscope; picture-in-picture; web-share\" referrerpolicy=\"strict-origin-when-cross-origin\" allowfullscreen><\/iframe><\/p>\n<h3>Visut\u00fd most na Stubnerkogelu<\/h3>\n<p>V horn\u00ed stanici lanovky na <a href=\"https:\/\/www.gastein.com\/cz\/aktivni\/leto\/almorama-horske-zazitky\/almorama-stubnerkogel\/\" target=\"_blank\" rel=\"noopener\">Stubnerkogelu<\/a> nad Bad Gasteinem se m\u016f\u017eete proj\u00edt po nejv\u00fd\u0161e zav\u011b\u0161en\u00e9m visut\u00e9m most\u011b v Evrop\u011b. M\u016f\u017eete si odtud kr\u00e1sn\u011b prohl\u00e9dnout nejvy\u0161\u0161\u00ed vrcholy poho\u0159\u00ed Vysok\u00e9 Taury a obdivovat m\u00edstn\u00ed floru a faunu, jako nap\u0159\u00edklad svi\u0161t\u011b.<\/p>\n<p><iframe title=\"Bad Gastein - H\u00e4ngebr\u00fccke am Stubnerkogel\" width=\"500\" height=\"281\" src=\"https:\/\/www.youtube-nocookie.com\/embed\/jcsEbSqAAow?feature=oembed&amp;rel=0&amp;modestbranding=1\" frameborder=\"0\" allow=\"accelerometer; autoplay; clipboard-write; encrypted-media; gyroscope; picture-in-picture; web-share\" referrerpolicy=\"strict-origin-when-cross-origin\" allowfullscreen><\/iframe><\/p>\n<h3>Untersberg<\/h3>\n<p>Hora <a href=\"https:\/\/www.salzburg.info\/en\/sights\/excursions\/cable-car-untersberg\" target=\"_blank\" rel=\"noopener\">Untersberg<\/a> nen\u00ed jen c\u00edlem, kter\u00fd r\u00e1di zdol\u00e1vaj\u00ed zdatn\u00ed horalov\u00e9. Je op\u0159edena tak\u00e9 mnoha legendami a m\u00fdty. Nechejte se okouzlit v\u00edlami, sk\u0159\u00edtky a pokladem ukryt\u00fdm v\u00a0ho\u0159e.<\/p>\n<p><iframe title=\"Sagenhafter Untersberg - Feen, Zwerge und gro\u00dfe Sch\u00e4tze\" width=\"500\" height=\"281\" src=\"https:\/\/www.youtube-nocookie.com\/embed\/Y2t1CeJVFIA?feature=oembed&amp;rel=0&amp;modestbranding=1\" frameborder=\"0\" allow=\"accelerometer; autoplay; clipboard-write; encrypted-media; gyroscope; picture-in-picture; web-share\" referrerpolicy=\"strict-origin-when-cross-origin\" allowfullscreen><\/iframe><\/p>\n<h3>Ledov\u00fd sv\u011bt Weissee<\/h3>\n<p>Uprost\u0159ed N\u00e1rodn\u00edho parku Vysok\u00e9 Taury mezi t\u0159i tis\u00edce metr\u016f vysok\u00fdmi vrcholy se rozprost\u00edr\u00e1 naprosto mimo\u0159\u00e1dn\u00fd <a href=\"https:\/\/www.gletscherwelt-weissee.at\/cs\/\" target=\"_blank\" rel=\"noopener\">sv\u011bt z\u00e1\u017eitk\u016f<\/a>. Jako stvo\u0159en\u00fd pro v\u00fdlet pln\u00fd dobrodru\u017estv\u00ed a objev\u016f.<\/p>\n<p><iframe title=\"Wei\u00dfsee Gletscherwelt \u2013 Timelapse SalzburgerLand\" width=\"500\" height=\"281\" src=\"https:\/\/www.youtube-nocookie.com\/embed\/dt8-fc9fPWM?feature=oembed&amp;rel=0&amp;modestbranding=1\" frameborder=\"0\" allow=\"accelerometer; autoplay; clipboard-write; encrypted-media; gyroscope; picture-in-picture; web-share\" referrerpolicy=\"strict-origin-when-cross-origin\" allowfullscreen><\/iframe><\/p>\n<h3>Krimmelsk\u00e9 vodop\u00e1dy a vodn\u00ed sv\u011bt<\/h3>\n<p>Vodop\u00e1dy v\u00a0<a href=\"https:\/\/www.wasserfaelle-krimml.at\/en\/\" target=\"_blank\" rel=\"noopener\">Krimmlu<\/a> se divoce \u0159\u00edt\u00ed skoro 400 metr\u016f z\u00a0hory dolu. Jde o naprosto jedine\u010dnou pod\u00edvanou. Je\u0161t\u011b aby ne. Jde o jeden z\u00a0nejkr\u00e1sn\u011bj\u0161\u00edch vodop\u00e1d\u016f sv\u011bta. I kdy\u017e ho pozorujete z\u00a0d\u00e1lky, c\u00edt\u00edte jemnou vodn\u00ed mlhovinu na k\u016f\u017ei.<\/p>\n<p><iframe title=\"Krimmler Wasserf\u00e4lle \u2013 Timelapse SalzburgerLand\" width=\"500\" height=\"281\" src=\"https:\/\/www.youtube-nocookie.com\/embed\/yZJ6AytSS9c?feature=oembed&amp;rel=0&amp;modestbranding=1\" frameborder=\"0\" allow=\"accelerometer; autoplay; clipboard-write; encrypted-media; gyroscope; picture-in-picture; web-share\" referrerpolicy=\"strict-origin-when-cross-origin\" allowfullscreen><\/iframe><\/p>\n<h3>Sout\u011bska Siegmund-Thun-Klamm, Kaprun<\/h3>\n<p>Proch\u00e1zka po l\u00e1vk\u00e1ch ze d\u0159eva nad k\u0159i\u0161\u0165\u00e1lov\u011b \u010distou vodou. Skv\u011bl\u00fd tip na letn\u00ed v\u00fdlet pro rodiny s\u00a0v\u011bt\u0161\u00edmi d\u011btmi. <a href=\"https:\/\/www.klamm-kaprun.at\/en\/\" target=\"_blank\" rel=\"noopener\">Sout\u011bska<\/a> je dlouh\u00e1 320 metr\u016f a cestou m\u016f\u017eete obdivovat prot\u00e9kaj\u00edc\u00ed \u0159eku Kapruner Ache v\u00a0jej\u00edch r\u016fzn\u00fdch podob\u00e1ch.<\/p>\n<p><iframe title=\"Mystical Night of Water in the Sigmund-Thun Klamm Kaprun\" width=\"500\" height=\"281\" src=\"https:\/\/www.youtube-nocookie.com\/embed\/Nwo_hOjEGQQ?feature=oembed&amp;rel=0&amp;modestbranding=1\" frameborder=\"0\" allow=\"accelerometer; autoplay; clipboard-write; encrypted-media; gyroscope; picture-in-picture; web-share\" referrerpolicy=\"strict-origin-when-cross-origin\" allowfullscreen><\/iframe><\/p>\n<h3>Lichten\u0161tejnsk\u00e1 sout\u011bska<\/h3>\n<p>N\u011bco opravdu mimo\u0159\u00e1dn\u00e9ho se ukr\u00fdv\u00e1 nedaleko okresn\u00edho m\u011bsta St. Johann im Pongau. 300 metr\u016f hlubok\u00e1 <a href=\"https:\/\/www.josalzburg.com\/en\/summer\/liechtenstein-gorge\" target=\"_blank\" rel=\"noopener\">roklina<\/a> je jednou z\u00a0nejhlub\u0161\u00edch a nejdel\u0161\u00edch v\u00a0Alp\u00e1ch. Na tenhle z\u00e1\u017eitek rozhodn\u011b jen tak nezapomenete.<\/p>\n<p><iframe title=\"Liechtensteinklamm in St. Johann in Salzburg\" width=\"500\" height=\"281\" src=\"https:\/\/www.youtube-nocookie.com\/embed\/knmZ4aueeDo?feature=oembed&amp;rel=0&amp;modestbranding=1\" frameborder=\"0\" allow=\"accelerometer; autoplay; clipboard-write; encrypted-media; gyroscope; picture-in-picture; web-share\" referrerpolicy=\"strict-origin-when-cross-origin\" allowfullscreen><\/iframe><\/p>\n<h3>Letn\u00ed sen. Lep\u0161\u00ed ne\u017e u mo\u0159e<\/h3>\n<p>Na ja\u0159e turistika, v\u00a0l\u00e9t\u011b koup\u00e1n\u00ed. U jezera <a href=\"https:\/\/www.salzburgerland.com\/cs\/10-top-vyletu-za-vodou\/\" target=\"_blank\" rel=\"noopener\">Fuschlsee<\/a> je mo\u017en\u00e9 v\u0161echno. M\u00e1 svoje kouzlo v\u00a0ka\u017ed\u00e9m ro\u010dn\u00edm obdob\u00ed. \u010cist\u00e1 voda a ta p\u0159\u00edroda okolo! Sem se budete cht\u00edt vracet.<\/p>\n<p><iframe title=\"Fuschlseeregion - Traumurlaub im SalzburgerLand Salzkammergut\" width=\"500\" height=\"281\" src=\"https:\/\/www.youtube-nocookie.com\/embed\/E8tBmBRit5s?feature=oembed&amp;rel=0&amp;modestbranding=1\" frameborder=\"0\" allow=\"accelerometer; autoplay; clipboard-write; encrypted-media; gyroscope; picture-in-picture; web-share\" referrerpolicy=\"strict-origin-when-cross-origin\" allowfullscreen><\/iframe><\/p>\n<h3>Reedsee Gastein<\/h3>\n<p>Nemus\u00edte to nutn\u011b zkou\u0161et doma, alespo\u0148 se v\u0161ak pod\u00edvejte. Provazochodectv\u00ed je mo\u017en\u00e9 provozovat i nad idylick\u00fdm horsk\u00fdm jezerem <a href=\"https:\/\/www.gasteinertal.com\/en\/reedsee-hike\/\" target=\"_blank\" rel=\"noopener\">Reedsee<\/a>. A pak \u0161ipku. Bezesporu jedno z nejkr\u00e1sn\u011bj\u0161\u00edch m\u00edst nad Gasteinem.<\/p>\n<p><iframe title=\"Logenplatz: Slackline am Reedsee, Gastein\" width=\"500\" height=\"281\" src=\"https:\/\/www.youtube-nocookie.com\/embed\/qgQVbGtIn0M?feature=oembed&amp;rel=0&amp;modestbranding=1\" frameborder=\"0\" allow=\"accelerometer; autoplay; clipboard-write; encrypted-media; gyroscope; picture-in-picture; web-share\" referrerpolicy=\"strict-origin-when-cross-origin\" allowfullscreen><\/iframe><\/p>\n<h3>Skanzen<\/h3>\n<p>M\u00e1te r\u00e1di p\u0159\u00edb\u011bhy z\u00a0d\u00e1vn\u00fdch \u010das\u016f nebo poh\u00e1dky? Pokud ano, tohle video se V\u00e1m bude l\u00edbit a ur\u010dit\u011b zatou\u017e\u00edte pod\u00edvat se do tohoto <a href=\"https:\/\/www.freilichtmuseum.com\/en\/visitors-information.html\" target=\"_blank\" rel=\"noopener\">skanzenu<\/a> v\u00a0Gro\u00dfmain 2 km od Salcburku. Celou oblast\u00ed se m\u016f\u017eete projet historick\u00fdm vyhl\u00eddkov\u00fdm vlakem. Projdete se kolem star\u00fdch statk\u016f a d\u00edlen, prohl\u00e9dnete si zem\u011bd\u011blsk\u00e9 usedlosti a osv\u011b\u017een\u00ed poskytuje i jezero a Kneippovy chodn\u00edky.<\/p>\n<p><iframe title=\"Erlebnis Salzburger Freilichtmuseum\" width=\"500\" height=\"281\" src=\"https:\/\/www.youtube-nocookie.com\/embed\/U2zP1Jzssew?feature=oembed&amp;rel=0&amp;modestbranding=1\" frameborder=\"0\" allow=\"accelerometer; autoplay; clipboard-write; encrypted-media; gyroscope; picture-in-picture; web-share\" referrerpolicy=\"strict-origin-when-cross-origin\" allowfullscreen><\/iframe><\/p>\n","protected":false},"excerpt":{"rendered":"<p>PROHL\u00cdDKA MUZE\u00cd Mozart\u016fv rodn\u00fd d\u016fm Co by byl Salcburk bez Mozarta? Tohle z\u00e1zra\u010dn\u00e9 d\u00edt\u011b, jak se nejslavn\u011bj\u0161\u00edmu synovi z m\u011bsta na \u0159ece Salze \u0159\u00edk\u00e1, doprov\u00e1z\u00ed n\u00e1v\u0161t\u011bvn\u00edky t\u00e9m\u011b\u0159 na ka\u017ed\u00e9m kroku. Projd\u011bte se rodi\u0161t\u011bm Wolfanga Amadea a poznejte fenomen\u00e1ln\u00edho skladatele a jeho \u017eivotn\u00ed p\u0159\u00edb\u011bh trochu bl\u00ed\u017ee. Vydejte se objevovat. Reziden\u010dn\u00ed galerie Reziden\u010dn\u00ed galerie se nach\u00e1z\u00ed ve [&hellip;]<\/p>\n","protected":false},"author":6,"featured_media":148472,"comment_status":"closed","ping_status":"closed","sticky":false,"template":"","format":"standard","meta":{"_acf_changed":false,"wl_entities_gutenberg":"","_relevanssi_hide_post":"","_relevanssi_hide_content":"","_relevanssi_pin_for_all":"","_relevanssi_pin_keywords":"","_relevanssi_unpin_keywords":"","_relevanssi_related_keywords":"","_relevanssi_related_include_ids":"","_relevanssi_related_exclude_ids":"","_relevanssi_related_no_append":"","_relevanssi_related_not_related":"","_relevanssi_related_posts":"","_relevanssi_noindex_reason":"","footnotes":""},"categories":[1],"tags":[],"wl_entity_type":[706],"class_list":["post-148471","post","type-post","status-publish","format-standard","has-post-thumbnail","hentry","category-uncategorized","wl_entity_type-article"],"acf":[],"yoast_head":"<!-- This site is optimized with the Yoast SEO Premium plugin v27.4 (Yoast SEO v27.4) - https:\/\/yoast.com\/product\/yoast-seo-premium-wordpress\/ -->\n<title>To mus\u00edte v l\u00e9t\u011b vid\u011bt \u00bb SalzburgerLand.com<\/title>\n<meta name=\"robots\" content=\"index, follow, max-snippet:-1, max-image-preview:large, max-video-preview:-1\" \/>\n<link rel=\"canonical\" href=\"https:\/\/www.salzburgerland.com\/cs\/to-musite-v-lete-videt\/\" \/>\n<meta property=\"og:locale\" content=\"cs_CZ\" \/>\n<meta property=\"og:type\" content=\"article\" \/>\n<meta property=\"og:title\" content=\"To mus\u00edte v l\u00e9t\u011b vid\u011bt\" \/>\n<meta property=\"og:description\" content=\"PROHL\u00cdDKA MUZE\u00cd Mozart\u016fv rodn\u00fd d\u016fm Co by byl Salcburk bez Mozarta? Tohle z\u00e1zra\u010dn\u00e9 d\u00edt\u011b, jak se nejslavn\u011bj\u0161\u00edmu synovi z m\u011bsta na \u0159ece Salze \u0159\u00edk\u00e1, doprov\u00e1z\u00ed\" \/>\n<meta property=\"og:url\" content=\"https:\/\/www.salzburgerland.com\/cs\/to-musite-v-lete-videt\/\" \/>\n<meta property=\"og:site_name\" content=\"SalzburgerLand.com\" \/>\n<meta property=\"article:publisher\" content=\"https:\/\/www.facebook.com\/visitsalzburgerland\/\" \/>\n<meta property=\"article:published_time\" content=\"2021-02-25T11:25:26+00:00\" \/>\n<meta property=\"article:modified_time\" content=\"2026-04-23T21:27:02+00:00\" \/>\n<meta property=\"og:image\" content=\"https:\/\/www.salzburgerland.com\/cs\/wp-content\/uploads\/2021\/02\/salzach_festung_bruecken-1-1170x658-1.jpg\" \/>\n\t<meta property=\"og:image:width\" content=\"1170\" \/>\n\t<meta property=\"og:image:height\" content=\"658\" \/>\n\t<meta property=\"og:image:type\" content=\"image\/jpeg\" \/>\n<meta name=\"author\" content=\"Andrea \u017d\u00e1\u010dkov\u00e1\" \/>\n<meta name=\"twitter:card\" content=\"summary_large_image\" \/>\n<meta name=\"twitter:creator\" content=\"@salzburgerland\" \/>\n<meta name=\"twitter:site\" content=\"@salzburgerland\" \/>\n<meta name=\"twitter:label1\" content=\"Napsal(a)\" \/>\n\t<meta name=\"twitter:data1\" content=\"Andrea \u017d\u00e1\u010dkov\u00e1\" \/>\n\t<meta name=\"twitter:label2\" content=\"Odhadovan\u00e1 doba \u010dten\u00ed\" \/>\n\t<meta name=\"twitter:data2\" content=\"5 minut\" \/>\n<script type=\"application\/ld+json\" class=\"yoast-schema-graph\">{\"@context\":\"https:\\\/\\\/schema.org\",\"@graph\":[{\"@type\":\"Article\",\"@id\":\"https:\\\/\\\/www.salzburgerland.com\\\/cs\\\/to-musite-v-lete-videt\\\/#article\",\"isPartOf\":{\"@id\":\"https:\\\/\\\/www.salzburgerland.com\\\/cs\\\/to-musite-v-lete-videt\\\/\"},\"author\":{\"name\":\"Andrea \u017d\u00e1\u010dkov\u00e1\",\"@id\":\"https:\\\/\\\/www.salzburgerland.com\\\/cs\\\/#\\\/schema\\\/person\\\/dd42a4661897004df109095dbf40eeff\"},\"headline\":\"To mus\u00edte v l\u00e9t\u011b vid\u011bt\",\"datePublished\":\"2021-02-25T11:25:26+00:00\",\"dateModified\":\"2026-04-23T21:27:02+00:00\",\"mainEntityOfPage\":{\"@id\":\"https:\\\/\\\/www.salzburgerland.com\\\/cs\\\/to-musite-v-lete-videt\\\/\"},\"wordCount\":1063,\"image\":{\"@id\":\"https:\\\/\\\/www.salzburgerland.com\\\/cs\\\/to-musite-v-lete-videt\\\/#primaryimage\"},\"thumbnailUrl\":\"https:\\\/\\\/www.salzburgerland.com\\\/cs\\\/wp-content\\\/uploads\\\/2021\\\/02\\\/salzach_festung_bruecken-1-1170x658-1.jpg\",\"articleSection\":[\"Uncategorized\"],\"inLanguage\":\"cs\"},{\"@type\":\"WebPage\",\"@id\":\"https:\\\/\\\/www.salzburgerland.com\\\/cs\\\/to-musite-v-lete-videt\\\/\",\"url\":\"https:\\\/\\\/www.salzburgerland.com\\\/cs\\\/to-musite-v-lete-videt\\\/\",\"name\":\"To mus\u00edte v l\u00e9t\u011b vid\u011bt \u00bb SalzburgerLand.com\",\"isPartOf\":{\"@id\":\"https:\\\/\\\/www.salzburgerland.com\\\/cs\\\/#website\"},\"primaryImageOfPage\":{\"@id\":\"https:\\\/\\\/www.salzburgerland.com\\\/cs\\\/to-musite-v-lete-videt\\\/#primaryimage\"},\"image\":{\"@id\":\"https:\\\/\\\/www.salzburgerland.com\\\/cs\\\/to-musite-v-lete-videt\\\/#primaryimage\"},\"thumbnailUrl\":\"https:\\\/\\\/www.salzburgerland.com\\\/cs\\\/wp-content\\\/uploads\\\/2021\\\/02\\\/salzach_festung_bruecken-1-1170x658-1.jpg\",\"datePublished\":\"2021-02-25T11:25:26+00:00\",\"dateModified\":\"2026-04-23T21:27:02+00:00\",\"author\":{\"@id\":\"https:\\\/\\\/www.salzburgerland.com\\\/cs\\\/#\\\/schema\\\/person\\\/dd42a4661897004df109095dbf40eeff\"},\"description\":\"Prohl\u00e9dn\u011bte si to nejhez\u010d\u00ed v Salcbursku a napl\u00e1nujte si z pohodl\u00ed domova sv\u00e9 letn\u00ed cestov\u00e1n\u00ed. Rozhodn\u011b se m\u00e1te na co t\u011b\u0161it!\",\"breadcrumb\":{\"@id\":\"https:\\\/\\\/www.salzburgerland.com\\\/cs\\\/to-musite-v-lete-videt\\\/#breadcrumb\"},\"inLanguage\":\"cs\",\"potentialAction\":[{\"@type\":\"ReadAction\",\"target\":[\"https:\\\/\\\/www.salzburgerland.com\\\/cs\\\/to-musite-v-lete-videt\\\/\"]}]},{\"@type\":\"ImageObject\",\"inLanguage\":\"cs\",\"@id\":\"https:\\\/\\\/www.salzburgerland.com\\\/cs\\\/to-musite-v-lete-videt\\\/#primaryimage\",\"url\":\"https:\\\/\\\/www.salzburgerland.com\\\/cs\\\/wp-content\\\/uploads\\\/2021\\\/02\\\/salzach_festung_bruecken-1-1170x658-1.jpg\",\"contentUrl\":\"https:\\\/\\\/www.salzburgerland.com\\\/cs\\\/wp-content\\\/uploads\\\/2021\\\/02\\\/salzach_festung_bruecken-1-1170x658-1.jpg\",\"width\":1170,\"height\":658,\"caption\":\"Panorama Salcburku z hory M\u00f6nchsberg \u00a9 SalzburgerLand Tourismus GmbH\"},{\"@type\":\"BreadcrumbList\",\"@id\":\"https:\\\/\\\/www.salzburgerland.com\\\/cs\\\/to-musite-v-lete-videt\\\/#breadcrumb\",\"itemListElement\":[{\"@type\":\"ListItem\",\"position\":1,\"name\":\"PRO TO \u017dIJEME\",\"item\":\"https:\\\/\\\/www.salzburgerland.com\\\/cs\\\/pro-to-zijeme\\\/\"},{\"@type\":\"ListItem\",\"position\":2,\"name\":\"To mus\u00edte v l\u00e9t\u011b vid\u011bt\"}]},{\"@type\":\"WebSite\",\"@id\":\"https:\\\/\\\/www.salzburgerland.com\\\/cs\\\/#website\",\"url\":\"https:\\\/\\\/www.salzburgerland.com\\\/cs\\\/\",\"name\":\"SalzburgerLand.com\",\"description\":\"Va\u0161e dovolen\u00e1 v Salcburku, Rakousko\",\"potentialAction\":[{\"@type\":\"SearchAction\",\"target\":{\"@type\":\"EntryPoint\",\"urlTemplate\":\"https:\\\/\\\/www.salzburgerland.com\\\/cs\\\/?s={search_term_string}\"},\"query-input\":{\"@type\":\"PropertyValueSpecification\",\"valueRequired\":true,\"valueName\":\"search_term_string\"}}],\"inLanguage\":\"cs\"},{\"@type\":\"Person\",\"@id\":\"https:\\\/\\\/www.salzburgerland.com\\\/cs\\\/#\\\/schema\\\/person\\\/dd42a4661897004df109095dbf40eeff\",\"name\":\"Andrea \u017d\u00e1\u010dkov\u00e1\",\"image\":{\"@type\":\"ImageObject\",\"inLanguage\":\"cs\",\"@id\":\"https:\\\/\\\/secure.gravatar.com\\\/avatar\\\/338deec8d231d56d0ab7b2b7d6d0aedbcb3eb05390f6c027fd5b7ebe87b67dbf?s=96&d=mm&r=g\",\"url\":\"https:\\\/\\\/secure.gravatar.com\\\/avatar\\\/338deec8d231d56d0ab7b2b7d6d0aedbcb3eb05390f6c027fd5b7ebe87b67dbf?s=96&d=mm&r=g\",\"contentUrl\":\"https:\\\/\\\/secure.gravatar.com\\\/avatar\\\/338deec8d231d56d0ab7b2b7d6d0aedbcb3eb05390f6c027fd5b7ebe87b67dbf?s=96&d=mm&r=g\",\"caption\":\"Andrea \u017d\u00e1\u010dkov\u00e1\"}}]}<\/script>\n<meta property=\"og:video\" content=\"https:\/\/www.youtube.com\/embed\/wxJHGh8f0LU\" \/>\n<meta property=\"og:video:type\" content=\"text\/html\" \/>\n<meta property=\"og:video:duration\" content=\"77\" \/>\n<meta property=\"og:video:width\" content=\"480\" \/>\n<meta property=\"og:video:height\" content=\"270\" \/>\n<meta property=\"ya:ovs:adult\" content=\"false\" \/>\n<meta property=\"ya:ovs:upload_date\" content=\"2021-02-25T11:25:26+00:00\" \/>\n<meta property=\"ya:ovs:allow_embed\" content=\"true\" \/>\n<!-- \/ Yoast SEO Premium plugin. -->","yoast_head_json":{"title":"To mus\u00edte v l\u00e9t\u011b vid\u011bt \u00bb SalzburgerLand.com","robots":{"index":"index","follow":"follow","max-snippet":"max-snippet:-1","max-image-preview":"max-image-preview:large","max-video-preview":"max-video-preview:-1"},"canonical":"https:\/\/www.salzburgerland.com\/cs\/to-musite-v-lete-videt\/","og_locale":"cs_CZ","og_type":"article","og_title":"To mus\u00edte v l\u00e9t\u011b vid\u011bt","og_description":"PROHL\u00cdDKA MUZE\u00cd Mozart\u016fv rodn\u00fd d\u016fm Co by byl Salcburk bez Mozarta? Tohle z\u00e1zra\u010dn\u00e9 d\u00edt\u011b, jak se nejslavn\u011bj\u0161\u00edmu synovi z m\u011bsta na \u0159ece Salze \u0159\u00edk\u00e1, doprov\u00e1z\u00ed","og_url":"https:\/\/www.salzburgerland.com\/cs\/to-musite-v-lete-videt\/","og_site_name":"SalzburgerLand.com","article_publisher":"https:\/\/www.facebook.com\/visitsalzburgerland\/","article_published_time":"2021-02-25T11:25:26+00:00","article_modified_time":"2026-04-23T21:27:02+00:00","og_image":[{"url":"https:\/\/www.salzburgerland.com\/cs\/wp-content\/uploads\/2021\/02\/salzach_festung_bruecken-1-1170x658-1.jpg","width":1170,"height":658,"type":"image\/jpeg"}],"author":"Andrea \u017d\u00e1\u010dkov\u00e1","twitter_card":"summary_large_image","twitter_creator":"@salzburgerland","twitter_site":"@salzburgerland","twitter_misc":{"Napsal(a)":"Andrea \u017d\u00e1\u010dkov\u00e1","Odhadovan\u00e1 doba \u010dten\u00ed":"5 minut"},"schema":{"@context":"https:\/\/schema.org","@graph":[{"@type":"Article","@id":"https:\/\/www.salzburgerland.com\/cs\/to-musite-v-lete-videt\/#article","isPartOf":{"@id":"https:\/\/www.salzburgerland.com\/cs\/to-musite-v-lete-videt\/"},"author":{"name":"Andrea \u017d\u00e1\u010dkov\u00e1","@id":"https:\/\/www.salzburgerland.com\/cs\/#\/schema\/person\/dd42a4661897004df109095dbf40eeff"},"headline":"To mus\u00edte v l\u00e9t\u011b vid\u011bt","datePublished":"2021-02-25T11:25:26+00:00","dateModified":"2026-04-23T21:27:02+00:00","mainEntityOfPage":{"@id":"https:\/\/www.salzburgerland.com\/cs\/to-musite-v-lete-videt\/"},"wordCount":1063,"image":{"@id":"https:\/\/www.salzburgerland.com\/cs\/to-musite-v-lete-videt\/#primaryimage"},"thumbnailUrl":"https:\/\/www.salzburgerland.com\/cs\/wp-content\/uploads\/2021\/02\/salzach_festung_bruecken-1-1170x658-1.jpg","articleSection":["Uncategorized"],"inLanguage":"cs"},{"@type":"WebPage","@id":"https:\/\/www.salzburgerland.com\/cs\/to-musite-v-lete-videt\/","url":"https:\/\/www.salzburgerland.com\/cs\/to-musite-v-lete-videt\/","name":"To mus\u00edte v l\u00e9t\u011b vid\u011bt \u00bb SalzburgerLand.com","isPartOf":{"@id":"https:\/\/www.salzburgerland.com\/cs\/#website"},"primaryImageOfPage":{"@id":"https:\/\/www.salzburgerland.com\/cs\/to-musite-v-lete-videt\/#primaryimage"},"image":{"@id":"https:\/\/www.salzburgerland.com\/cs\/to-musite-v-lete-videt\/#primaryimage"},"thumbnailUrl":"https:\/\/www.salzburgerland.com\/cs\/wp-content\/uploads\/2021\/02\/salzach_festung_bruecken-1-1170x658-1.jpg","datePublished":"2021-02-25T11:25:26+00:00","dateModified":"2026-04-23T21:27:02+00:00","author":{"@id":"https:\/\/www.salzburgerland.com\/cs\/#\/schema\/person\/dd42a4661897004df109095dbf40eeff"},"description":"Prohl\u00e9dn\u011bte si to nejhez\u010d\u00ed v Salcbursku a napl\u00e1nujte si z pohodl\u00ed domova sv\u00e9 letn\u00ed cestov\u00e1n\u00ed. Rozhodn\u011b se m\u00e1te na co t\u011b\u0161it!","breadcrumb":{"@id":"https:\/\/www.salzburgerland.com\/cs\/to-musite-v-lete-videt\/#breadcrumb"},"inLanguage":"cs","potentialAction":[{"@type":"ReadAction","target":["https:\/\/www.salzburgerland.com\/cs\/to-musite-v-lete-videt\/"]}]},{"@type":"ImageObject","inLanguage":"cs","@id":"https:\/\/www.salzburgerland.com\/cs\/to-musite-v-lete-videt\/#primaryimage","url":"https:\/\/www.salzburgerland.com\/cs\/wp-content\/uploads\/2021\/02\/salzach_festung_bruecken-1-1170x658-1.jpg","contentUrl":"https:\/\/www.salzburgerland.com\/cs\/wp-content\/uploads\/2021\/02\/salzach_festung_bruecken-1-1170x658-1.jpg","width":1170,"height":658,"caption":"Panorama Salcburku z hory M\u00f6nchsberg \u00a9 SalzburgerLand Tourismus GmbH"},{"@type":"BreadcrumbList","@id":"https:\/\/www.salzburgerland.com\/cs\/to-musite-v-lete-videt\/#breadcrumb","itemListElement":[{"@type":"ListItem","position":1,"name":"PRO TO \u017dIJEME","item":"https:\/\/www.salzburgerland.com\/cs\/pro-to-zijeme\/"},{"@type":"ListItem","position":2,"name":"To mus\u00edte v l\u00e9t\u011b vid\u011bt"}]},{"@type":"WebSite","@id":"https:\/\/www.salzburgerland.com\/cs\/#website","url":"https:\/\/www.salzburgerland.com\/cs\/","name":"SalzburgerLand.com","description":"Va\u0161e dovolen\u00e1 v Salcburku, Rakousko","potentialAction":[{"@type":"SearchAction","target":{"@type":"EntryPoint","urlTemplate":"https:\/\/www.salzburgerland.com\/cs\/?s={search_term_string}"},"query-input":{"@type":"PropertyValueSpecification","valueRequired":true,"valueName":"search_term_string"}}],"inLanguage":"cs"},{"@type":"Person","@id":"https:\/\/www.salzburgerland.com\/cs\/#\/schema\/person\/dd42a4661897004df109095dbf40eeff","name":"Andrea \u017d\u00e1\u010dkov\u00e1","image":{"@type":"ImageObject","inLanguage":"cs","@id":"https:\/\/secure.gravatar.com\/avatar\/338deec8d231d56d0ab7b2b7d6d0aedbcb3eb05390f6c027fd5b7ebe87b67dbf?s=96&d=mm&r=g","url":"https:\/\/secure.gravatar.com\/avatar\/338deec8d231d56d0ab7b2b7d6d0aedbcb3eb05390f6c027fd5b7ebe87b67dbf?s=96&d=mm&r=g","contentUrl":"https:\/\/secure.gravatar.com\/avatar\/338deec8d231d56d0ab7b2b7d6d0aedbcb3eb05390f6c027fd5b7ebe87b67dbf?s=96&d=mm&r=g","caption":"Andrea \u017d\u00e1\u010dkov\u00e1"}}]},"og_video":"https:\/\/www.youtube.com\/embed\/wxJHGh8f0LU","og_video_type":"text\/html","og_video_duration":"77","og_video_width":"480","og_video_height":"270","ya_ovs_adult":"false","ya_ovs_upload_date":"2021-02-25T11:25:26+00:00","ya_ovs_allow_embed":"true"},"_wl_alt_label":[],"wl:entity_url":"http:\/\/open.salzburgerland.com\/cs\/post\/letni_zazitky_v_salcbursku","_links":{"self":[{"href":"https:\/\/www.salzburgerland.com\/cs\/wp-json\/wp\/v2\/posts\/148471","targetHints":{"allow":["GET"]}}],"collection":[{"href":"https:\/\/www.salzburgerland.com\/cs\/wp-json\/wp\/v2\/posts"}],"about":[{"href":"https:\/\/www.salzburgerland.com\/cs\/wp-json\/wp\/v2\/types\/post"}],"author":[{"embeddable":true,"href":"https:\/\/www.salzburgerland.com\/cs\/wp-json\/wp\/v2\/users\/6"}],"replies":[{"embeddable":true,"href":"https:\/\/www.salzburgerland.com\/cs\/wp-json\/wp\/v2\/comments?post=148471"}],"version-history":[{"count":7,"href":"https:\/\/www.salzburgerland.com\/cs\/wp-json\/wp\/v2\/posts\/148471\/revisions"}],"predecessor-version":[{"id":156875,"href":"https:\/\/www.salzburgerland.com\/cs\/wp-json\/wp\/v2\/posts\/148471\/revisions\/156875"}],"wp:featuredmedia":[{"embeddable":true,"href":"https:\/\/www.salzburgerland.com\/cs\/wp-json\/wp\/v2\/media\/148472"}],"wp:attachment":[{"href":"https:\/\/www.salzburgerland.com\/cs\/wp-json\/wp\/v2\/media?parent=148471"}],"wp:term":[{"taxonomy":"category","embeddable":true,"href":"https:\/\/www.salzburgerland.com\/cs\/wp-json\/wp\/v2\/categories?post=148471"},{"taxonomy":"post_tag","embeddable":true,"href":"https:\/\/www.salzburgerland.com\/cs\/wp-json\/wp\/v2\/tags?post=148471"},{"taxonomy":"wl_entity_type","embeddable":true,"href":"https:\/\/www.salzburgerland.com\/cs\/wp-json\/wp\/v2\/wl_entity_type?post=148471"}],"curies":[{"name":"wp","href":"https:\/\/api.w.org\/{rel}","templated":true}]}}