{"id":147544,"date":"2020-08-27T16:52:27","date_gmt":"2020-08-27T14:52:27","guid":{"rendered":"https:\/\/www.salzburgerland.com\/cs\/?p=147544"},"modified":"2024-07-29T15:19:22","modified_gmt":"2024-07-29T13:19:22","slug":"pripraveno-na-farme","status":"publish","type":"post","link":"https:\/\/www.salzburgerland.com\/cs\/pripraveno-na-farme\/","title":{"rendered":"Uva\u0159eno na farm\u011b"},"content":{"rendered":"<p>Ingredience, ze kter\u00fdch se tady va\u0159\u00ed, poch\u00e1zej\u00ed samoz\u0159ejm\u011b z<strong>\u00a0region\u00e1ln\u00edho zem\u011bd\u011blstv\u00ed<\/strong> a z\u00a0m\u00edstn\u00edch zahrad, pol\u00ed, les\u016f a vod. Z\u00e1klad sez\u00f3nn\u00edch j\u00eddel tvo\u0159\u00ed na podzim nap\u0159\u00edklad \u010derstv\u011b sklizen\u00e1 jablka, <a href=\"https:\/\/www.salzburgerland.com\/cs\/cas-hrusek-v-salcbursku\/\">hru\u0161ky,<\/a> brambory, <a href=\"https:\/\/www.salzburgerland.com\/cs\/cas-dyni-v-salcbursku\/\">d\u00fdn\u011b<\/a> nebo <a href=\"https:\/\/www.salzburgerland.com\/cs\/cas-hlavkoveho-zeli-v-salcbursku\/\">zel\u00ed.<\/a> \u010casto se zde na podzimn\u00edm j\u00eddeln\u00ed\u010dku setk\u00e1te tak\u00e9 s masem z\u00a0alpsk\u00e9ho skotu, s lahodn\u00fdm pinzgausk\u00fdm hov\u011bz\u00edm nebo m\u016f\u017eete ochutnat v\u00fdborn\u00e9 ryby ze zdej\u0161\u00edch \u010dist\u00fdch potok\u016f a jezer. Salcbur\u0161t\u00ed myslivci dod\u00e1vaj\u00ed do hostinc\u016f a na chalupy <strong>\u010derstvou zv\u011b\u0159inu<\/strong> pro p\u0159\u00edpravu gul\u00e1\u0161\u016f, rag\u00fa, <a href=\"https:\/\/www.salzburgerland.com\/cs\/srnci-hrbet-spaldove-specle-dusena-dyne-a-karamelizovane-hrusky\/\">pe\u010den\u00ed<\/a> i pol\u00e9vek. <a href=\"https:\/\/www.salzburgerland.com\/cs\/recepty-ze-salcburska\/\">Recepty<\/a> jsou p\u0159itom v\u011bt\u0161inou snadn\u00e9 na p\u0159\u00edpravu, proto\u017ee na farm\u00e1ch je v\u017edycky spousta pr\u00e1ce. A\u0165 u\u017e ve stodole, na poli nebo na zahrad\u011b. \u010casu nen\u00ed nazbyt.<\/p>\n\n\t\t\t<div id=\"147544-1\" class=\"gallery gallery-147544 gallery-columns-3 gallery-size-1170_658\" itemscope itemtype=\"http:\/\/schema.org\/ImageGallery\">\n\t\t\t\t<ul class=\"gallery-row gallery-col-3 gallery-clear\">\n\t\t\t\t\t<li class=\"gallery-item col-3\" itemprop=\"associatedMedia\" itemscope itemtype=\"http:\/\/schema.org\/ImageObject\">\n\t\t\t\t\t\t<div class=\"gallery-icon landscape\"><a href=\"https:\/\/www.salzburgerland.com\/cs\/wp-content\/uploads\/2020\/08\/rs1150_dsc_8438-scr.jpg\" title=\"Rindsuppe\"><img decoding=\"async\" data-title=\"Poctiv\u00fd hov\u011bz\u00ed v\u00fdvar \u00a9 SalzburgerLand Tourismus, Achim Meurer\" title=\"Poctiv\u00fd hov\u011bz\u00ed v\u00fdvar \u00a9 SalzburgerLand Tourismus, Achim Meurer\" data-caption=\"Poctiv\u00fd hov\u011bz\u00ed v\u00fdvar \u00a9 SalzburgerLand Tourismus, Achim Meurer\" width=\"1100\" height=\"658\" src=\"https:\/\/www.salzburgerland.com\/cs\/wp-content\/uploads\/2020\/08\/rs1150_dsc_8438-scr-1100x658.jpg\" class=\"attachment-1170_658 size-1170_658\" alt=\"Hrnec pol\u00e9vky s hov\u011bz\u00edm masem, mrkv\u00ed a zeleninou - klasick\u00e1 pol\u00e9vka Recepty z farmy Salcbursko se va\u0159\u00ed ve v\u00fdvaru. (Zv\u011bt\u0161en\u00fd pohled)\" aria-describedby=\"figcaption-147544-147638\" itemprop=\"thumbnail\"><\/a><\/div>\n\t\t\t\t\t\t<span id=\"figcaption-147544-147638\" class=\"gallery-caption\" itemprop=\"caption\"><span aria-hidden=\"true\">Poctiv\u00fd hov\u011bz\u00ed v\u00fdvar \u00a9 SalzburgerLand Tourismus, Achim Meurer<\/span><\/span>\n\t\t\t\t\t<\/li>\n\t\t\t\t\t<li class=\"gallery-item col-3\" itemprop=\"associatedMedia\" itemscope itemtype=\"http:\/\/schema.org\/ImageObject\">\n\t\t\t\t\t\t<div class=\"gallery-icon landscape\"><a href=\"https:\/\/www.salzburgerland.com\/cs\/wp-content\/uploads\/2020\/08\/rs1148_dsc_8311-scr.jpg\" title=\"Kaspresskn\u00f6delsuppe\"><img decoding=\"async\" data-title=\"Pol\u00e9vka s knedl\u00ed(\u010d)kem Kaspresskn\u00f6delsuppe \u00a9 SalzburgerLand Tourismus, Achim Meurer\" title=\"Pol\u00e9vka s knedl\u00ed(\u010d)kem Kaspresskn\u00f6delsuppe \u00a9 SalzburgerLand Tourismus, Achim Meurer\" data-caption=\"Pol\u00e9vka s knedl\u00ed(\u010d)kem Kaspresskn\u00f6delsuppe \u00a9 SalzburgerLand Tourismus, Achim Meurer\" width=\"1100\" height=\"658\" src=\"https:\/\/www.salzburgerland.com\/cs\/wp-content\/uploads\/2020\/08\/rs1148_dsc_8311-scr-1100x658.jpg\" class=\"attachment-1170_658 size-1170_658\" alt=\"Pol\u00e9vka s knedl\u00ed(\u010d)kem Kaspresskn\u00f6delsuppe (Zv\u011bt\u0161en\u00fd pohled)\" aria-describedby=\"figcaption-147544-147639\" itemprop=\"thumbnail\"><\/a><\/div>\n\t\t\t\t\t\t<span id=\"figcaption-147544-147639\" class=\"gallery-caption\" itemprop=\"caption\"><span aria-hidden=\"true\">Pol\u00e9vka s knedl\u00ed(\u010d)kem Kaspresskn\u00f6delsuppe \u00a9 SalzburgerLand Tourismus, Achim Meurer<\/span><\/span>\n\t\t\t\t\t<\/li>\n\t\t\t\t\t<li class=\"gallery-item col-3\" itemprop=\"associatedMedia\" itemscope itemtype=\"http:\/\/schema.org\/ImageObject\">\n\t\t\t\t\t\t<div class=\"gallery-icon landscape\"><a href=\"https:\/\/www.salzburgerland.com\/cs\/wp-content\/uploads\/2020\/08\/rs2903_190225-slt-family-dsc_3343-scr.jpg\" title=\"Kasnocken mit gr\u00fcnen Salat\"><img decoding=\"async\" data-title=\"S\u00fdrov\u00e9 noky a sal\u00e1t \u00a9 SalzburgerLand Tourismus, Markus Berger\" title=\"S\u00fdrov\u00e9 noky a sal\u00e1t \u00a9 SalzburgerLand Tourismus, Markus Berger\" data-caption=\"S\u00fdrov\u00e9 noky a sal\u00e1t \u00a9 SalzburgerLand Tourismus, Markus Berger\" width=\"1100\" height=\"658\" src=\"https:\/\/www.salzburgerland.com\/cs\/wp-content\/uploads\/2020\/08\/rs2903_190225-slt-family-dsc_3343-scr-1100x658.jpg\" class=\"attachment-1170_658 size-1170_658\" alt=\"S\u00fdrov\u00e9 noky a zeln\u00fd sal\u00e1t (Zv\u011bt\u0161en\u00fd pohled)\" aria-describedby=\"figcaption-147544-147640\" itemprop=\"thumbnail\"><\/a><\/div>\n\t\t\t\t\t\t<span id=\"figcaption-147544-147640\" class=\"gallery-caption\" itemprop=\"caption\"><span aria-hidden=\"true\">S\u00fdrov\u00e9 noky a sal\u00e1t \u00a9 SalzburgerLand Tourismus, Markus Berger<\/span><\/span>\n\t\t\t\t\t<\/li>\n\t\t\t\t<\/ul>\n\t\t\t<\/div><!-- .gallery -->\n\n<h3>SALCBURSK\u00c9 SPECIALITY<\/h3>\n<p>Kdo hodn\u011b pracuje, pot\u0159ebuje tak\u00e9 hodn\u011b energie. Proto jsou origin\u00e1ln\u00ed recepty tradi\u010dn\u00ed selsk\u00e9 kuchyn\u011b n\u011bkdy trochu vydatn\u011bj\u0161\u00ed. <strong>Slan\u00e9 koblihy<\/strong> se zel\u00edm (Bauernkrapfen mit Sauerkraut), <strong>s\u00fdrov\u00e9 knedl\u00ed\u010dky<\/strong> (Kasnockn), zn\u00e1m\u00fd trhanec <a href=\"https:\/\/www.salzburgerland.com\/cs\/legendarni-kaiserschmarrn\/\" target=\"_blank\" rel=\"noopener noreferrer\"><strong>Kaiserschmarrn<\/strong> <\/a>nebo <strong>placi\u010dky s\u00a0bor\u016fvkami<\/strong> (Moosbeenockn) ale chutnaj\u00ed naprosto bezkonkuren\u010dn\u011b. Po ve\u010de\u0159i pak samoz\u0159ejm\u011b m\u016f\u017eete \u201ena slehnut\u00ed\u201c ochutnat sklenku <strong>schnapsu<\/strong> (Bauernschnaps). Ka\u017ed\u00fd region m\u00e1 sv\u00e9 vlastn\u00ed speciality, kter\u00e9 se p\u0159ed\u00e1vaj\u00ed v\u00a0rodin\u00e1ch z\u00a0generace na generaci. Jsou tu klasiky, kter\u00e9 nesm\u00ed na \u017e\u00e1dn\u00e9m stole na farm\u011b chyb\u011bt, ale tak\u00e9 lecjak\u00e1 j\u00eddla, kter\u00e1 u\u017e t\u00e9m\u011b\u0159 ve\u0161la v\u00a0zapomn\u011bn\u00ed.<\/p>\n<h3>UVA\u0158ENO NA FARM\u011a<\/h3>\n<p>Farm\u00e1\u0159ky a farm\u00e1\u0159i nab\u00edzej\u00ed mnoho kucha\u0159sk\u00fdch kurz\u016f, kter\u00e9 m\u016f\u017eete absolvovat nap\u0159\u00edklad v\u00a0r\u00e1mci <strong>dovolen\u00e9 na farm\u011b<\/strong>. R\u00e1di v\u00e1m uk\u00e1\u017eou, jak na to a sami pod jejich veden\u00edm p\u0159ilo\u017e\u00edte ruku k\u00a0d\u00edlu a leccos se nau\u010d\u00edte. Spole\u010dn\u011b si upe\u010dete k\u0159upav\u00fd chleba, pozn\u00e1te tajemstv\u00ed p\u0159\u00edpravy <strong>pln\u011bn\u00fdch ta\u0161ti\u010dek<\/strong> (Pinzgauer Bladln) nebo bor\u016fvkov\u00fdch knedl\u00ed\u010dk\u016f a placek (Moosbeernockn). Pak si budete moci i sami doma p\u0159ipravit nejlep\u0161\u00ed a nejobl\u00edben\u011bj\u0161\u00ed <strong>podzimn\u00ed recepty<\/strong> salcbursk\u00e9 venkovsk\u00e9 kuchyn\u011b.<\/p>\n<h3>TOP 3 PODZIMN\u00cd DOBROTY Z\u00a0FARM\u00c1\u0158SK\u00c9 KUCHYN\u011a<\/h3>\n<h4>SELSK\u00c9 KOBLIHY<\/h4>\n<p>Jedn\u00edm z\u00a0nejobl\u00edben\u011bj\u0161\u00edch j\u00eddel v\u00a0cel\u00e9m Salcbursku jsou koblihy, kter\u00e9 se p\u0159ipravuj\u00ed na mnoho zp\u016fsob\u016f. Zlatav\u00e9 sma\u017een\u00e9 selsk\u00e9 koblihy (Bauernkrapfen) se pod\u00e1vaj\u00ed podle regionu s\u00a0n\u00e1pln\u011bmi z\u00a0kysan\u00e9ho zel\u00ed, \u0161peku nebo ope\u010den\u00fdch brambor, ale tak\u00e9 nasladko, s\u00a0marmel\u00e1dou a posypan\u00e9 mou\u010dkov\u00fdm cukrem.<\/p>\n<div id=\"attachment_147641\" style=\"width: 1034px\" class=\"wp-caption alignnone\"><img decoding=\"async\" aria-describedby=\"caption-attachment-147641\" class=\"wp-image-147641\" src=\"https:\/\/cdn.salzburgerland.com\/cs\/wp-content\/uploads\/2020\/08\/meisis-reise-rauris-nationalpark-hohe-tauern-bauernkrapfen-1170x658-1-1024x569-1.jpg\" alt=\"\" width=\"1024\" height=\"569\" srcset=\"https:\/\/www.salzburgerland.com\/cs\/wp-content\/uploads\/2020\/08\/meisis-reise-rauris-nationalpark-hohe-tauern-bauernkrapfen-1170x658-1-1024x569-1.jpg 1024w, https:\/\/www.salzburgerland.com\/cs\/wp-content\/uploads\/2020\/08\/meisis-reise-rauris-nationalpark-hohe-tauern-bauernkrapfen-1170x658-1-1024x569-1-370x206.jpg 370w, https:\/\/www.salzburgerland.com\/cs\/wp-content\/uploads\/2020\/08\/meisis-reise-rauris-nationalpark-hohe-tauern-bauernkrapfen-1170x658-1-1024x569-1-768x427.jpg 768w, https:\/\/www.salzburgerland.com\/cs\/wp-content\/uploads\/2020\/08\/meisis-reise-rauris-nationalpark-hohe-tauern-bauernkrapfen-1170x658-1-1024x569-1-270x150.jpg 270w, https:\/\/www.salzburgerland.com\/cs\/wp-content\/uploads\/2020\/08\/meisis-reise-rauris-nationalpark-hohe-tauern-bauernkrapfen-1170x658-1-1024x569-1-540x300.jpg 540w\" sizes=\"(max-width: 1024px) 100vw, 1024px\"><p id=\"caption-attachment-147641\" class=\"wp-caption-text\">Tradi\u010dn\u00ed koblihy s d\u017eemem, posypan\u00e9 cukrem \u00a9 SalzburgerLand Tourismus, Michael Gr\u00f6\u00dfinger<\/p><\/div>\n<h4>JABLE\u010cN\u00c1 KOLE\u010cKA<\/h4>\n<p>Klasika mezi region\u00e1ln\u00edmi mou\u010dn\u00edky je sladk\u00e1 a \u0161\u0165avnat\u00e1. Na p\u0159\u00edpravu kole\u010dek <strong>Apfelradl<\/strong> se oloupaj\u00ed kyselej\u0161\u00ed jablka, kter\u00e1 se vypeckuj\u00ed, nakr\u00e1jej\u00ed na zhruba p\u016flcentimetrov\u00e9 pl\u00e1tky a obaluj\u00ed ve sladk\u00e9m pala\u010dinkov\u00e9m t\u011bst\u00ed\u010dku. Pot\u00e9 se ope\u010dou na p\u00e1nvi v\u00a0hork\u00e9m tuku, kde se rozvon\u00ed jejich \u010derstv\u00e9 jable\u010dn\u00e9 aroma. Nejl\u00e9pe chutnaj\u00ed, kdy\u017e je je\u0161t\u011b hork\u00e9 posypete sko\u0159icov\u00fdm cukrem. Pod\u00e1vaj\u00ed se s\u00a0brusinkov\u00fdm d\u017eemem.<\/p>\n<div id=\"attachment_147643\" style=\"width: 1034px\" class=\"wp-caption alignnone\"><img decoding=\"async\" aria-describedby=\"caption-attachment-147643\" class=\"wp-image-147643\" src=\"https:\/\/cdn.salzburgerland.com\/cs\/wp-content\/uploads\/2020\/08\/or_2842-1170x658-1-1024x569-1.jpg\" alt=\"\" width=\"1024\" height=\"569\" srcset=\"https:\/\/www.salzburgerland.com\/cs\/wp-content\/uploads\/2020\/08\/or_2842-1170x658-1-1024x569-1.jpg 1024w, https:\/\/www.salzburgerland.com\/cs\/wp-content\/uploads\/2020\/08\/or_2842-1170x658-1-1024x569-1-370x206.jpg 370w, https:\/\/www.salzburgerland.com\/cs\/wp-content\/uploads\/2020\/08\/or_2842-1170x658-1-1024x569-1-768x427.jpg 768w, https:\/\/www.salzburgerland.com\/cs\/wp-content\/uploads\/2020\/08\/or_2842-1170x658-1-1024x569-1-270x150.jpg 270w, https:\/\/www.salzburgerland.com\/cs\/wp-content\/uploads\/2020\/08\/or_2842-1170x658-1-1024x569-1-540x300.jpg 540w\" sizes=\"(max-width: 1024px) 100vw, 1024px\"><p id=\"caption-attachment-147643\" class=\"wp-caption-text\">Jable\u010dn\u00e1 kole\u010dka Pinzgauer Apfelradln \u00a9 SalzburgerLand Tourismus<\/p><\/div>\n<h4>S\u00ddROV\u00c9 KNEDL\u00cd\u010cKY<\/h4>\n<p>Z\u00e1kladem lahodn\u00fdch s\u00fdrov\u00fdch knedl\u00ed\u010dk\u016f <strong>Kaspresskn\u00f6del<\/strong> je pinzgausk\u00fd pivn\u00ed s\u00fdr, ml\u00e9ko, vejce, petr\u017eel a trochu mouky. Ze v\u0161ech t\u011bchto surovin se vypracuje t\u011bsto a z\u00a0n\u011bj kuli\u010dky, kter\u00e9 se stla\u010d\u00ed na plocho. Pak se ope\u010dou na p\u00e1nvi. N\u011bkomu tato specialita chutn\u00e1 \u010derstv\u00e1, p\u0159\u00edmo z\u00a0p\u00e1nvi\u010dky, jin\u00ed maj\u00ed s\u00fdrov\u00e9 knedl\u00ed\u010dky r\u00e1di v\u00a0ko\u0159en\u011bn\u00e9 pol\u00e9vce nebo se zeln\u00fdm sal\u00e1tem.<\/p>\n<div id=\"attachment_147642\" style=\"width: 1034px\" class=\"wp-caption alignnone\"><img decoding=\"async\" aria-describedby=\"caption-attachment-147642\" class=\"wp-image-147642\" src=\"https:\/\/cdn.salzburgerland.com\/cs\/wp-content\/uploads\/2020\/08\/5w5p_obertauern_boomcreativelabgmbh_02-1170x658-1-1024x569-1.jpg\" alt=\"\" width=\"1024\" height=\"569\" srcset=\"https:\/\/www.salzburgerland.com\/cs\/wp-content\/uploads\/2020\/08\/5w5p_obertauern_boomcreativelabgmbh_02-1170x658-1-1024x569-1.jpg 1024w, https:\/\/www.salzburgerland.com\/cs\/wp-content\/uploads\/2020\/08\/5w5p_obertauern_boomcreativelabgmbh_02-1170x658-1-1024x569-1-370x206.jpg 370w, https:\/\/www.salzburgerland.com\/cs\/wp-content\/uploads\/2020\/08\/5w5p_obertauern_boomcreativelabgmbh_02-1170x658-1-1024x569-1-768x427.jpg 768w, https:\/\/www.salzburgerland.com\/cs\/wp-content\/uploads\/2020\/08\/5w5p_obertauern_boomcreativelabgmbh_02-1170x658-1-1024x569-1-270x150.jpg 270w, https:\/\/www.salzburgerland.com\/cs\/wp-content\/uploads\/2020\/08\/5w5p_obertauern_boomcreativelabgmbh_02-1170x658-1-1024x569-1-540x300.jpg 540w\" sizes=\"(max-width: 1024px) 100vw, 1024px\"><p id=\"caption-attachment-147642\" class=\"wp-caption-text\">Vydatn\u00e1 pol\u00e9vka se s\u00fdrov\u00fdm knedl\u00ed\u010dkem \u00a9 Boom Creative Lab<\/p><\/div>\n","protected":false},"excerpt":{"rendered":"<p>Ingredience, ze kter\u00fdch se tady va\u0159\u00ed, poch\u00e1zej\u00ed samoz\u0159ejm\u011b z\u00a0region\u00e1ln\u00edho zem\u011bd\u011blstv\u00ed a z\u00a0m\u00edstn\u00edch zahrad, pol\u00ed, les\u016f a vod. Z\u00e1klad sez\u00f3nn\u00edch j\u00eddel tvo\u0159\u00ed na podzim nap\u0159\u00edklad \u010derstv\u011b sklizen\u00e1 jablka, hru\u0161ky, brambory, d\u00fdn\u011b nebo zel\u00ed. \u010casto se zde na podzimn\u00edm j\u00eddeln\u00ed\u010dku setk\u00e1te tak\u00e9 s masem z\u00a0alpsk\u00e9ho skotu, s lahodn\u00fdm pinzgausk\u00fdm hov\u011bz\u00edm nebo m\u016f\u017eete ochutnat v\u00fdborn\u00e9 ryby ze zdej\u0161\u00edch [&hellip;]<\/p>\n","protected":false},"author":6,"featured_media":147591,"comment_status":"closed","ping_status":"closed","sticky":false,"template":"","format":"standard","meta":{"_acf_changed":false,"wl_entities_gutenberg":"","_relevanssi_hide_post":"","_relevanssi_hide_content":"","_relevanssi_pin_for_all":"","_relevanssi_pin_keywords":"","_relevanssi_unpin_keywords":"","_relevanssi_related_keywords":"","_relevanssi_related_include_ids":"","_relevanssi_related_exclude_ids":"","_relevanssi_related_no_append":"","_relevanssi_related_not_related":"","_relevanssi_related_posts":"","_relevanssi_noindex_reason":"","footnotes":""},"categories":[1],"tags":[],"wl_entity_type":[706],"class_list":["post-147544","post","type-post","status-publish","format-standard","has-post-thumbnail","hentry","category-uncategorized","wl_entity_type-article"],"acf":[],"yoast_head":"<!-- This site is optimized with the Yoast SEO Premium plugin v27.4 (Yoast SEO v27.4) - https:\/\/yoast.com\/product\/yoast-seo-premium-wordpress\/ -->\n<title>Uva\u0159eno na farm\u011b \u00bb SalzburgerLand.com<\/title>\n<meta name=\"robots\" content=\"index, follow, max-snippet:-1, max-image-preview:large, max-video-preview:-1\" \/>\n<link rel=\"canonical\" href=\"https:\/\/www.salzburgerland.com\/cs\/pripraveno-na-farme\/\" \/>\n<meta property=\"og:locale\" content=\"cs_CZ\" \/>\n<meta property=\"og:type\" content=\"article\" \/>\n<meta property=\"og:title\" content=\"Uva\u0159eno na farm\u011b\" \/>\n<meta property=\"og:description\" content=\"Ingredience, ze kter\u00fdch se tady va\u0159\u00ed, poch\u00e1zej\u00ed samoz\u0159ejm\u011b z\u00a0region\u00e1ln\u00edho zem\u011bd\u011blstv\u00ed a z\u00a0m\u00edstn\u00edch zahrad, pol\u00ed, les\u016f a vod. Z\u00e1klad sez\u00f3nn\u00edch j\u00eddel tvo\u0159\u00ed\" \/>\n<meta property=\"og:url\" content=\"https:\/\/www.salzburgerland.com\/cs\/pripraveno-na-farme\/\" \/>\n<meta property=\"og:site_name\" content=\"SalzburgerLand.com\" \/>\n<meta property=\"article:publisher\" content=\"https:\/\/www.facebook.com\/visitsalzburgerland\/\" \/>\n<meta property=\"article:published_time\" content=\"2020-08-27T14:52:27+00:00\" \/>\n<meta property=\"article:modified_time\" content=\"2024-07-29T13:19:22+00:00\" \/>\n<meta property=\"og:image\" content=\"https:\/\/www.salzburgerland.com\/cs\/wp-content\/uploads\/2020\/08\/rs713_sujet_4_035-scr-1100x675.jpg\" \/>\n\t<meta property=\"og:image:width\" content=\"1100\" \/>\n\t<meta property=\"og:image:height\" content=\"675\" \/>\n\t<meta property=\"og:image:type\" content=\"image\/jpeg\" \/>\n<meta name=\"author\" content=\"Andrea \u017d\u00e1\u010dkov\u00e1\" \/>\n<meta name=\"twitter:card\" content=\"summary_large_image\" \/>\n<meta name=\"twitter:creator\" content=\"@salzburgerland\" \/>\n<meta name=\"twitter:site\" content=\"@salzburgerland\" \/>\n<meta name=\"twitter:label1\" content=\"Napsal(a)\" \/>\n\t<meta name=\"twitter:data1\" content=\"Andrea \u017d\u00e1\u010dkov\u00e1\" \/>\n\t<meta name=\"twitter:label2\" content=\"Odhadovan\u00e1 doba \u010dten\u00ed\" \/>\n\t<meta name=\"twitter:data2\" content=\"4 minuty\" \/>\n<script type=\"application\/ld+json\" class=\"yoast-schema-graph\">{\"@context\":\"https:\\\/\\\/schema.org\",\"@graph\":[{\"@type\":\"Article\",\"@id\":\"https:\\\/\\\/www.salzburgerland.com\\\/cs\\\/pripraveno-na-farme\\\/#article\",\"isPartOf\":{\"@id\":\"https:\\\/\\\/www.salzburgerland.com\\\/cs\\\/pripraveno-na-farme\\\/\"},\"author\":{\"name\":\"Andrea \u017d\u00e1\u010dkov\u00e1\",\"@id\":\"https:\\\/\\\/www.salzburgerland.com\\\/cs\\\/#\\\/schema\\\/person\\\/dd42a4661897004df109095dbf40eeff\"},\"headline\":\"Uva\u0159eno na farm\u011b\",\"datePublished\":\"2020-08-27T14:52:27+00:00\",\"dateModified\":\"2024-07-29T13:19:22+00:00\",\"mainEntityOfPage\":{\"@id\":\"https:\\\/\\\/www.salzburgerland.com\\\/cs\\\/pripraveno-na-farme\\\/\"},\"wordCount\":673,\"image\":{\"@id\":\"https:\\\/\\\/www.salzburgerland.com\\\/cs\\\/pripraveno-na-farme\\\/#primaryimage\"},\"thumbnailUrl\":\"https:\\\/\\\/www.salzburgerland.com\\\/cs\\\/wp-content\\\/uploads\\\/2020\\\/08\\\/rs713_sujet_4_035-scr.jpg\",\"articleSection\":[\"Uncategorized\"],\"inLanguage\":\"cs\"},{\"@type\":\"WebPage\",\"@id\":\"https:\\\/\\\/www.salzburgerland.com\\\/cs\\\/pripraveno-na-farme\\\/\",\"url\":\"https:\\\/\\\/www.salzburgerland.com\\\/cs\\\/pripraveno-na-farme\\\/\",\"name\":\"Uva\u0159eno na farm\u011b \u00bb SalzburgerLand.com\",\"isPartOf\":{\"@id\":\"https:\\\/\\\/www.salzburgerland.com\\\/cs\\\/#website\"},\"primaryImageOfPage\":{\"@id\":\"https:\\\/\\\/www.salzburgerland.com\\\/cs\\\/pripraveno-na-farme\\\/#primaryimage\"},\"image\":{\"@id\":\"https:\\\/\\\/www.salzburgerland.com\\\/cs\\\/pripraveno-na-farme\\\/#primaryimage\"},\"thumbnailUrl\":\"https:\\\/\\\/www.salzburgerland.com\\\/cs\\\/wp-content\\\/uploads\\\/2020\\\/08\\\/rs713_sujet_4_035-scr.jpg\",\"datePublished\":\"2020-08-27T14:52:27+00:00\",\"dateModified\":\"2024-07-29T13:19:22+00:00\",\"author\":{\"@id\":\"https:\\\/\\\/www.salzburgerland.com\\\/cs\\\/#\\\/schema\\\/person\\\/dd42a4661897004df109095dbf40eeff\"},\"description\":\"Nau\u010dte se klasiku alpsk\u00e9 venkovsk\u00e9 kuchyn\u011b s \u010derstv\u00fdmi region\u00e1ln\u00edmi ingrediencemi\",\"breadcrumb\":{\"@id\":\"https:\\\/\\\/www.salzburgerland.com\\\/cs\\\/pripraveno-na-farme\\\/#breadcrumb\"},\"inLanguage\":\"cs\",\"potentialAction\":[{\"@type\":\"ReadAction\",\"target\":[\"https:\\\/\\\/www.salzburgerland.com\\\/cs\\\/pripraveno-na-farme\\\/\"]}]},{\"@type\":\"ImageObject\",\"inLanguage\":\"cs\",\"@id\":\"https:\\\/\\\/www.salzburgerland.com\\\/cs\\\/pripraveno-na-farme\\\/#primaryimage\",\"url\":\"https:\\\/\\\/www.salzburgerland.com\\\/cs\\\/wp-content\\\/uploads\\\/2020\\\/08\\\/rs713_sujet_4_035-scr.jpg\",\"contentUrl\":\"https:\\\/\\\/www.salzburgerland.com\\\/cs\\\/wp-content\\\/uploads\\\/2020\\\/08\\\/rs713_sujet_4_035-scr.jpg\",\"width\":1100,\"height\":733,\"caption\":\"Selsk\u00e9 koblihy chutnaj\u00ed mal\u00fdm i velk\u00fdm \u00a9 SalzburgerLand Tourismus\"},{\"@type\":\"BreadcrumbList\",\"@id\":\"https:\\\/\\\/www.salzburgerland.com\\\/cs\\\/pripraveno-na-farme\\\/#breadcrumb\",\"itemListElement\":[{\"@type\":\"ListItem\",\"position\":1,\"name\":\"Farm\u00e1\u0159sk\u00fd podzim\",\"item\":\"https:\\\/\\\/www.salzburgerland.com\\\/cs\\\/farmarsky-podzim\\\/\"},{\"@type\":\"ListItem\",\"position\":2,\"name\":\"Uva\u0159eno na farm\u011b\"}]},{\"@type\":\"WebSite\",\"@id\":\"https:\\\/\\\/www.salzburgerland.com\\\/cs\\\/#website\",\"url\":\"https:\\\/\\\/www.salzburgerland.com\\\/cs\\\/\",\"name\":\"SalzburgerLand.com\",\"description\":\"Va\u0161e dovolen\u00e1 v Salcburku, Rakousko\",\"potentialAction\":[{\"@type\":\"SearchAction\",\"target\":{\"@type\":\"EntryPoint\",\"urlTemplate\":\"https:\\\/\\\/www.salzburgerland.com\\\/cs\\\/?s={search_term_string}\"},\"query-input\":{\"@type\":\"PropertyValueSpecification\",\"valueRequired\":true,\"valueName\":\"search_term_string\"}}],\"inLanguage\":\"cs\"},{\"@type\":\"Person\",\"@id\":\"https:\\\/\\\/www.salzburgerland.com\\\/cs\\\/#\\\/schema\\\/person\\\/dd42a4661897004df109095dbf40eeff\",\"name\":\"Andrea \u017d\u00e1\u010dkov\u00e1\",\"image\":{\"@type\":\"ImageObject\",\"inLanguage\":\"cs\",\"@id\":\"https:\\\/\\\/secure.gravatar.com\\\/avatar\\\/338deec8d231d56d0ab7b2b7d6d0aedbcb3eb05390f6c027fd5b7ebe87b67dbf?s=96&d=mm&r=g\",\"url\":\"https:\\\/\\\/secure.gravatar.com\\\/avatar\\\/338deec8d231d56d0ab7b2b7d6d0aedbcb3eb05390f6c027fd5b7ebe87b67dbf?s=96&d=mm&r=g\",\"contentUrl\":\"https:\\\/\\\/secure.gravatar.com\\\/avatar\\\/338deec8d231d56d0ab7b2b7d6d0aedbcb3eb05390f6c027fd5b7ebe87b67dbf?s=96&d=mm&r=g\",\"caption\":\"Andrea \u017d\u00e1\u010dkov\u00e1\"}}]}<\/script>\n<!-- \/ Yoast SEO Premium plugin. -->","yoast_head_json":{"title":"Uva\u0159eno na farm\u011b \u00bb SalzburgerLand.com","robots":{"index":"index","follow":"follow","max-snippet":"max-snippet:-1","max-image-preview":"max-image-preview:large","max-video-preview":"max-video-preview:-1"},"canonical":"https:\/\/www.salzburgerland.com\/cs\/pripraveno-na-farme\/","og_locale":"cs_CZ","og_type":"article","og_title":"Uva\u0159eno na farm\u011b","og_description":"Ingredience, ze kter\u00fdch se tady va\u0159\u00ed, poch\u00e1zej\u00ed samoz\u0159ejm\u011b z\u00a0region\u00e1ln\u00edho zem\u011bd\u011blstv\u00ed a z\u00a0m\u00edstn\u00edch zahrad, pol\u00ed, les\u016f a vod. Z\u00e1klad sez\u00f3nn\u00edch j\u00eddel tvo\u0159\u00ed","og_url":"https:\/\/www.salzburgerland.com\/cs\/pripraveno-na-farme\/","og_site_name":"SalzburgerLand.com","article_publisher":"https:\/\/www.facebook.com\/visitsalzburgerland\/","article_published_time":"2020-08-27T14:52:27+00:00","article_modified_time":"2024-07-29T13:19:22+00:00","og_image":[{"width":1100,"height":675,"url":"https:\/\/www.salzburgerland.com\/cs\/wp-content\/uploads\/2020\/08\/rs713_sujet_4_035-scr-1100x675.jpg","type":"image\/jpeg"}],"author":"Andrea \u017d\u00e1\u010dkov\u00e1","twitter_card":"summary_large_image","twitter_creator":"@salzburgerland","twitter_site":"@salzburgerland","twitter_misc":{"Napsal(a)":"Andrea \u017d\u00e1\u010dkov\u00e1","Odhadovan\u00e1 doba \u010dten\u00ed":"4 minuty"},"schema":{"@context":"https:\/\/schema.org","@graph":[{"@type":"Article","@id":"https:\/\/www.salzburgerland.com\/cs\/pripraveno-na-farme\/#article","isPartOf":{"@id":"https:\/\/www.salzburgerland.com\/cs\/pripraveno-na-farme\/"},"author":{"name":"Andrea \u017d\u00e1\u010dkov\u00e1","@id":"https:\/\/www.salzburgerland.com\/cs\/#\/schema\/person\/dd42a4661897004df109095dbf40eeff"},"headline":"Uva\u0159eno na farm\u011b","datePublished":"2020-08-27T14:52:27+00:00","dateModified":"2024-07-29T13:19:22+00:00","mainEntityOfPage":{"@id":"https:\/\/www.salzburgerland.com\/cs\/pripraveno-na-farme\/"},"wordCount":673,"image":{"@id":"https:\/\/www.salzburgerland.com\/cs\/pripraveno-na-farme\/#primaryimage"},"thumbnailUrl":"https:\/\/www.salzburgerland.com\/cs\/wp-content\/uploads\/2020\/08\/rs713_sujet_4_035-scr.jpg","articleSection":["Uncategorized"],"inLanguage":"cs"},{"@type":"WebPage","@id":"https:\/\/www.salzburgerland.com\/cs\/pripraveno-na-farme\/","url":"https:\/\/www.salzburgerland.com\/cs\/pripraveno-na-farme\/","name":"Uva\u0159eno na farm\u011b \u00bb SalzburgerLand.com","isPartOf":{"@id":"https:\/\/www.salzburgerland.com\/cs\/#website"},"primaryImageOfPage":{"@id":"https:\/\/www.salzburgerland.com\/cs\/pripraveno-na-farme\/#primaryimage"},"image":{"@id":"https:\/\/www.salzburgerland.com\/cs\/pripraveno-na-farme\/#primaryimage"},"thumbnailUrl":"https:\/\/www.salzburgerland.com\/cs\/wp-content\/uploads\/2020\/08\/rs713_sujet_4_035-scr.jpg","datePublished":"2020-08-27T14:52:27+00:00","dateModified":"2024-07-29T13:19:22+00:00","author":{"@id":"https:\/\/www.salzburgerland.com\/cs\/#\/schema\/person\/dd42a4661897004df109095dbf40eeff"},"description":"Nau\u010dte se klasiku alpsk\u00e9 venkovsk\u00e9 kuchyn\u011b s \u010derstv\u00fdmi region\u00e1ln\u00edmi ingrediencemi","breadcrumb":{"@id":"https:\/\/www.salzburgerland.com\/cs\/pripraveno-na-farme\/#breadcrumb"},"inLanguage":"cs","potentialAction":[{"@type":"ReadAction","target":["https:\/\/www.salzburgerland.com\/cs\/pripraveno-na-farme\/"]}]},{"@type":"ImageObject","inLanguage":"cs","@id":"https:\/\/www.salzburgerland.com\/cs\/pripraveno-na-farme\/#primaryimage","url":"https:\/\/www.salzburgerland.com\/cs\/wp-content\/uploads\/2020\/08\/rs713_sujet_4_035-scr.jpg","contentUrl":"https:\/\/www.salzburgerland.com\/cs\/wp-content\/uploads\/2020\/08\/rs713_sujet_4_035-scr.jpg","width":1100,"height":733,"caption":"Selsk\u00e9 koblihy chutnaj\u00ed mal\u00fdm i velk\u00fdm \u00a9 SalzburgerLand Tourismus"},{"@type":"BreadcrumbList","@id":"https:\/\/www.salzburgerland.com\/cs\/pripraveno-na-farme\/#breadcrumb","itemListElement":[{"@type":"ListItem","position":1,"name":"Farm\u00e1\u0159sk\u00fd podzim","item":"https:\/\/www.salzburgerland.com\/cs\/farmarsky-podzim\/"},{"@type":"ListItem","position":2,"name":"Uva\u0159eno na farm\u011b"}]},{"@type":"WebSite","@id":"https:\/\/www.salzburgerland.com\/cs\/#website","url":"https:\/\/www.salzburgerland.com\/cs\/","name":"SalzburgerLand.com","description":"Va\u0161e dovolen\u00e1 v Salcburku, Rakousko","potentialAction":[{"@type":"SearchAction","target":{"@type":"EntryPoint","urlTemplate":"https:\/\/www.salzburgerland.com\/cs\/?s={search_term_string}"},"query-input":{"@type":"PropertyValueSpecification","valueRequired":true,"valueName":"search_term_string"}}],"inLanguage":"cs"},{"@type":"Person","@id":"https:\/\/www.salzburgerland.com\/cs\/#\/schema\/person\/dd42a4661897004df109095dbf40eeff","name":"Andrea \u017d\u00e1\u010dkov\u00e1","image":{"@type":"ImageObject","inLanguage":"cs","@id":"https:\/\/secure.gravatar.com\/avatar\/338deec8d231d56d0ab7b2b7d6d0aedbcb3eb05390f6c027fd5b7ebe87b67dbf?s=96&d=mm&r=g","url":"https:\/\/secure.gravatar.com\/avatar\/338deec8d231d56d0ab7b2b7d6d0aedbcb3eb05390f6c027fd5b7ebe87b67dbf?s=96&d=mm&r=g","contentUrl":"https:\/\/secure.gravatar.com\/avatar\/338deec8d231d56d0ab7b2b7d6d0aedbcb3eb05390f6c027fd5b7ebe87b67dbf?s=96&d=mm&r=g","caption":"Andrea \u017d\u00e1\u010dkov\u00e1"}}]}},"_wl_alt_label":[],"wl:entity_url":"http:\/\/open.salzburgerland.com\/cs\/post\/pripraveno_na_farme","_links":{"self":[{"href":"https:\/\/www.salzburgerland.com\/cs\/wp-json\/wp\/v2\/posts\/147544","targetHints":{"allow":["GET"]}}],"collection":[{"href":"https:\/\/www.salzburgerland.com\/cs\/wp-json\/wp\/v2\/posts"}],"about":[{"href":"https:\/\/www.salzburgerland.com\/cs\/wp-json\/wp\/v2\/types\/post"}],"author":[{"embeddable":true,"href":"https:\/\/www.salzburgerland.com\/cs\/wp-json\/wp\/v2\/users\/6"}],"replies":[{"embeddable":true,"href":"https:\/\/www.salzburgerland.com\/cs\/wp-json\/wp\/v2\/comments?post=147544"}],"version-history":[{"count":11,"href":"https:\/\/www.salzburgerland.com\/cs\/wp-json\/wp\/v2\/posts\/147544\/revisions"}],"predecessor-version":[{"id":160191,"href":"https:\/\/www.salzburgerland.com\/cs\/wp-json\/wp\/v2\/posts\/147544\/revisions\/160191"}],"wp:featuredmedia":[{"embeddable":true,"href":"https:\/\/www.salzburgerland.com\/cs\/wp-json\/wp\/v2\/media\/147591"}],"wp:attachment":[{"href":"https:\/\/www.salzburgerland.com\/cs\/wp-json\/wp\/v2\/media?parent=147544"}],"wp:term":[{"taxonomy":"category","embeddable":true,"href":"https:\/\/www.salzburgerland.com\/cs\/wp-json\/wp\/v2\/categories?post=147544"},{"taxonomy":"post_tag","embeddable":true,"href":"https:\/\/www.salzburgerland.com\/cs\/wp-json\/wp\/v2\/tags?post=147544"},{"taxonomy":"wl_entity_type","embeddable":true,"href":"https:\/\/www.salzburgerland.com\/cs\/wp-json\/wp\/v2\/wl_entity_type?post=147544"}],"curies":[{"name":"wp","href":"https:\/\/api.w.org\/{rel}","templated":true}]}}