{"id":147539,"date":"2020-08-27T11:17:00","date_gmt":"2020-08-27T09:17:00","guid":{"rendered":"https:\/\/www.salzburgerland.com\/cs\/?p=147539"},"modified":"2026-03-03T20:00:12","modified_gmt":"2026-03-03T19:00:12","slug":"podivejte-se-na-farmarsky-podzim","status":"publish","type":"post","link":"https:\/\/www.salzburgerland.com\/cs\/podivejte-se-na-farmarsky-podzim\/","title":{"rendered":"Pod\u00edvejte se na Farm\u00e1\u0159sk\u00fd podzim"},"content":{"rendered":"<p>Pokud jste m\u011bli pocit, \u017ee v\u00a0Salcbursku na konci l\u00e9ta a\u017e do za\u010d\u00e1tku zimn\u00ed sez\u00f3ny v\u0161e utich\u00e1 a ned\u011bje se nic mimo\u0159\u00e1dn\u00e9ho, nen\u00ed tomu tak. Obdob\u00ed mezi dv\u011bma hlavn\u00edmi turistick\u00fdmi sez\u00f3nami je barevn\u00e9, vo\u0148av\u00e9, pln\u00e9 lahodn\u00fdch chut\u00ed, hudby, tance a z\u00e1bavy. Jedn\u00e1 se toti\u017e o dobu sklizn\u011b, <strong>do\u017e\u00ednek<\/strong> a oslav <a href=\"https:\/\/www.salzburgerland.com\/cs\/farmarsky-podzim\/\"><strong>Farm\u00e1\u0159sk\u00e9ho podzimu (Bauernherbst)<\/strong><\/a>. Ten se za\u010dal poprv\u00e9 po\u0159\u00e1dat v\u00a0roce 1996 v\u00a0m\u011bste\u010dku Obertrumm am See v\u00a0oblasti Salcbursk\u00e9 zem\u011b jezer odkud se rychle roz\u0161\u00ed\u0159il i do okoln\u00edch region\u016f. Od t\u00e9 doby se stal obl\u00edbenou a hojn\u011b nav\u0161t\u011bvovanou akc\u00ed, kdy v\u0161ichni slav\u00ed konec l\u00e9ta a u\u017e\u00edvaj\u00ed si dar\u016f p\u0159\u00edrody a \u00farody. A\u0165 u\u017e jsou to m\u00edstn\u00ed farm\u00e1\u0159i, spolky, ml\u00e1de\u017enick\u00e9 organizace, hostin\u0161t\u00ed nebo \u0159emesln\u00edci, Bauernherbst je o setk\u00e1v\u00e1n\u00ed lid\u00ed, o\u017eiven\u00ed tradic a oslav\u00e1ch tak, jak se slavilo po generace. Spole\u010dn\u011b se muzic\u00edruje, zp\u00edv\u00e1, tan\u010d\u00ed, sm\u011bje i hoduje. Bauernherbst je oslavou spole\u010dn\u00e9ho sou\u017eit\u00ed. A letos bude obzvl\u00e1\u0161t\u011b hudebn\u00ed!<\/p>\n<p><iframe title=\"Bauernherbst im SalzburgerLand\" width=\"500\" height=\"281\" src=\"https:\/\/www.youtube-nocookie.com\/embed\/vzsuMxBNyl8?feature=oembed&amp;rel=0&amp;modestbranding=1\" frameborder=\"0\" allow=\"accelerometer; autoplay; clipboard-write; encrypted-media; gyroscope; picture-in-picture; web-share\" referrerpolicy=\"strict-origin-when-cross-origin\" allowfullscreen><\/iframe><\/p>\n<h3>To nejlep\u0161\u00ed ze statk\u016f a sala\u0161\u00ed<\/h3>\n<p>S\u00a0koncem l\u00e9ta na hebk\u00fdch zelen\u00fdch horsk\u00fdch pastvin\u00e1ch se sala\u0161n\u00edci spolu se sv\u00fdmi hospod\u00e1\u0159sk\u00fdmi zv\u00ed\u0159aty vracej\u00ed zp\u011bt do \u00fadol\u00ed. Kr\u00e1vy ozdoben\u00e9 kv\u011btinami a pentlemi putuj\u00ed v\u00a0barevn\u00fdch <strong>pr\u016fvodech<\/strong> za obdivn\u00e9ho pohledu p\u0159ihl\u00ed\u017eej\u00edc\u00edch. Sedl\u00e1ci jdou p\u0159ed zimou naposledy na pole, aby p\u0159inesli seno, sklidili ovoce, obil\u00ed nebo zeleninu. Je \u010das, zpracovat sklize\u0148. Va\u0159\u00ed se <strong>d\u017eemy<\/strong>, lisuj\u00ed se <strong>\u0161\u0165\u00e1vy<\/strong>, z\u00a0ovoce se p\u00e1l\u00ed <strong>destil\u00e1ty<\/strong>, z\u00a0ud\u00edren von\u00ed<strong> slanina a klob\u00e1sy<\/strong>. Zem\u011bd\u011blci p\u0159in\u00e1\u0161ej\u00ed v\u0161echny tyto \u010derstv\u011b vyroben\u00e9 produkty na <strong>farm\u00e1\u0159sk\u00e9 trhy. <\/strong>U st\u00e1nk\u016f na farm\u00e1\u0159sk\u00fdch\u00a0trz\u00edch\u00a0m\u016f\u017eete ochutnat\u00a0dom\u00e1c\u00ed\u00a0produkty, s\u00fdry s v\u016fn\u00ed\u00a0<a href=\"https:\/\/www.salzburgerland.com\/cs\/cas-letnich-bylinek-v-salcbursku\/\">alpsk\u00fdch bylinek<\/a>, uzen\u00fd \u0161pek a klob\u00e1sy z ud\u00edrny, k\u0159upav\u00fd selsk\u00fd\u00a0chl\u00e9b, \u010derstv\u011b sklizen\u00e1 jablka,\u00a0hru\u0161ky,\u00a0dom\u00e1c\u00ed\u00a0p\u00e1lenky\u00a0nebo\u00a0ovocn\u00e9\u00a0mo\u0161ty a \u0161\u0165\u00e1vy.<\/p>\n\n\t\t\t<div id=\"147539-1\" class=\"gallery gallery-147539 gallery-columns-3 gallery-size-1170_658\" itemscope itemtype=\"http:\/\/schema.org\/ImageGallery\">\n\t\t\t\t<ul class=\"gallery-row gallery-col-3 gallery-clear\">\n\t\t\t\t\t<li class=\"gallery-item col-3\" itemprop=\"associatedMedia\" itemscope itemtype=\"http:\/\/schema.org\/ImageObject\">\n\t\t\t\t\t\t<div class=\"gallery-icon landscape\"><a href=\"https:\/\/www.salzburgerland.com\/cs\/wp-content\/uploads\/2020\/08\/bauernherbst-bad-hofgastein-1920x1067-1.jpg\" title=\"bauernherbst-bad-hofgastein-1920x1067-1\"><img decoding=\"async\" data-title=\"Venkovsk\u00e9 slavnosti v Bad Hofgasteinu \u00a9 Gasteinertal Tourismus GmbH\" title=\"Venkovsk\u00e9 slavnosti v Bad Hofgasteinu \u00a9 Gasteinertal Tourismus GmbH\" data-caption=\"Venkovsk\u00e9 slavnosti v Bad Hofgasteinu \u00a9 Gasteinertal Tourismus GmbH\" width=\"1170\" height=\"658\" src=\"https:\/\/www.salzburgerland.com\/cs\/wp-content\/uploads\/2020\/08\/bauernherbst-bad-hofgastein-1920x1067-1-1170x658.jpg\" class=\"attachment-1170_658 size-1170_658\" alt=\"Lid\u00e9 v tradi\u010dn\u00edch rakousk\u00fdch kroj\u00edch tan\u010d\u00ed za slune\u010dn\u00e9ho dne na festivalu Farm\u00e1\u0159sk\u00fd podzim Salcbursko. (Zv\u011bt\u0161en\u00fd pohled)\" srcset=\"https:\/\/www.salzburgerland.com\/cs\/wp-content\/uploads\/2020\/08\/bauernherbst-bad-hofgastein-1920x1067-1-1170x658.jpg 1170w, https:\/\/www.salzburgerland.com\/cs\/wp-content\/uploads\/2020\/08\/bauernherbst-bad-hofgastein-1920x1067-1-1200x675.jpg 1200w\" sizes=\"(max-width: 1170px) 100vw, 1170px\" aria-describedby=\"figcaption-147539-147599\" itemprop=\"thumbnail\"><\/a><\/div>\n\t\t\t\t\t\t<span id=\"figcaption-147539-147599\" class=\"gallery-caption\" itemprop=\"caption\"><span aria-hidden=\"true\">Venkovsk\u00e9 slavnosti v Bad Hofgasteinu \u00a9 Gasteinertal Tourismus GmbH<\/span><\/span>\n\t\t\t\t\t<\/li>\n\t\t\t\t\t<li class=\"gallery-item col-3\" itemprop=\"associatedMedia\" itemscope itemtype=\"http:\/\/schema.org\/ImageObject\">\n\t\t\t\t\t\t<div class=\"gallery-icon landscape\"><a href=\"https:\/\/www.salzburgerland.com\/cs\/wp-content\/uploads\/2020\/08\/bauernherbsteroeffnung20170827016-1-1920x1067-1.jpg\" title=\"bauernherbsteroeffnung20170827016-1-1920x1067-1\"><img decoding=\"async\" data-title=\"Ko\u0161 pln\u00fd farm\u00e1\u0159sk\u00fdch dobrot \u00a9 SalzburgerLand Tourismus\" title=\"Ko\u0161 pln\u00fd farm\u00e1\u0159sk\u00fdch dobrot \u00a9 SalzburgerLand Tourismus\" data-caption=\"Ko\u0161 pln\u00fd farm\u00e1\u0159sk\u00fdch dobrot \u00a9 SalzburgerLand Tourismus\" width=\"1170\" height=\"658\" src=\"https:\/\/www.salzburgerland.com\/cs\/wp-content\/uploads\/2020\/08\/bauernherbsteroeffnung20170827016-1-1920x1067-1-1170x658.jpg\" class=\"attachment-1170_658 size-1170_658\" alt=\"Usm\u011bvav\u00e1 \u017eena v tradi\u010dn\u00edm kroji p\u0159edstavuje ko\u0161\u00edk s pe\u010divem na slavnosti Farm\u00e1\u0159sk\u00fd podzim Salcbursko pod \u0161ir\u00fdm nebem. (Zv\u011bt\u0161en\u00fd pohled)\" srcset=\"https:\/\/www.salzburgerland.com\/cs\/wp-content\/uploads\/2020\/08\/bauernherbsteroeffnung20170827016-1-1920x1067-1-1170x658.jpg 1170w, https:\/\/www.salzburgerland.com\/cs\/wp-content\/uploads\/2020\/08\/bauernherbsteroeffnung20170827016-1-1920x1067-1-1200x675.jpg 1200w\" sizes=\"(max-width: 1170px) 100vw, 1170px\" aria-describedby=\"figcaption-147539-147600\" itemprop=\"thumbnail\"><\/a><\/div>\n\t\t\t\t\t\t<span id=\"figcaption-147539-147600\" class=\"gallery-caption\" itemprop=\"caption\"><span aria-hidden=\"true\">Ko\u0161 pln\u00fd farm\u00e1\u0159sk\u00fdch dobrot \u00a9 SalzburgerLand Tourismus<\/span><\/span>\n\t\t\t\t\t<\/li>\n\t\t\t\t\t<li class=\"gallery-item col-3\" itemprop=\"associatedMedia\" itemscope itemtype=\"http:\/\/schema.org\/ImageObject\">\n\t\t\t\t\t\t<div class=\"gallery-icon landscape\"><a href=\"https:\/\/www.salzburgerland.com\/cs\/wp-content\/uploads\/2020\/08\/servustv-bauernherbsthannesschuler-15-1920x1067-1.jpg\" title=\"servustv-bauernherbsthannesschuler-15-1920x1067-1\"><img decoding=\"async\" data-title=\"Zdoben\u00ed krav na pr\u016fvod \u00a9 SalzburgerLand Tourismus\" title=\"Zdoben\u00ed krav na pr\u016fvod \u00a9 SalzburgerLand Tourismus\" data-caption=\"Zdoben\u00ed krav na pr\u016fvod \u00a9 SalzburgerLand Tourismus\" width=\"1170\" height=\"658\" src=\"https:\/\/www.salzburgerland.com\/cs\/wp-content\/uploads\/2020\/08\/servustv-bauernherbsthannesschuler-15-1920x1067-1-1170x658.jpg\" class=\"attachment-1170_658 size-1170_658\" alt=\"Dva mu\u017ei zdob\u00ed kv\u011btinov\u00fdm v\u011bncem kr\u00e1vu na Farm\u00e1\u0159sk\u00e9m podzimu v Salcbursku na travnat\u00e9m dvo\u0159e. (Zv\u011bt\u0161en\u00fd pohled)\" srcset=\"https:\/\/www.salzburgerland.com\/cs\/wp-content\/uploads\/2020\/08\/servustv-bauernherbsthannesschuler-15-1920x1067-1-1170x658.jpg 1170w, https:\/\/www.salzburgerland.com\/cs\/wp-content\/uploads\/2020\/08\/servustv-bauernherbsthannesschuler-15-1920x1067-1-1200x675.jpg 1200w\" sizes=\"(max-width: 1170px) 100vw, 1170px\" aria-describedby=\"figcaption-147539-147601\" itemprop=\"thumbnail\"><\/a><\/div>\n\t\t\t\t\t\t<span id=\"figcaption-147539-147601\" class=\"gallery-caption\" itemprop=\"caption\"><span aria-hidden=\"true\">Zdoben\u00ed krav na pr\u016fvod \u00a9 SalzburgerLand Tourismus<\/span><\/span>\n\t\t\t\t\t<\/li>\n\t\t\t\t<\/ul>\n\t\t\t<\/div><!-- .gallery -->\n\n<h3>V\u0161ude se slav\u00ed, tan\u010d\u00ed a muzic\u00edruje<\/h3>\n<p>Po ka\u017edodenn\u00ed tvrd\u00e9 pr\u00e1ci na pol\u00edch, se zv\u00ed\u0159aty, p\u0159i v\u00fdrob\u011b s\u00fdr\u016f, m\u00e1sla, chleba, sklizni a posledn\u00ed senose\u010di je v\u0161ude zn\u00e1t <strong>radost ze \u017eivota<\/strong>. Lid\u00e9 tan\u010d\u00ed, zp\u00edvaj\u00ed, u\u017e\u00edvaj\u00ed si j\u00eddla, pit\u00ed a z\u00e1bavy, jak se tady \u0159\u00edk\u00e1 \u201eHoagaschtn\u201c.\u00a0 S hrdost\u00ed nos\u00ed <a href=\"https:\/\/www.salzburgerland.com\/cs\/zajimave-zvyky-a-tradice\/\"><strong>ko\u017een\u00e9 kalhoty, dirndly<\/strong> <\/a>a ukazuj\u00ed p\u0159ihl\u00ed\u017eej\u00edc\u00edm star\u00e1 <a href=\"https:\/\/www.salzburgerland.com\/cs\/zvyky-a-remesla\/\">\u0159emesla<\/a>. Na n\u00e1vs\u00edch vznikaj\u00ed um\u011bleck\u00e9 v\u00fdtvory ze sena a host\u00e9 si mohou vyzkou\u0161et vyr\u00e1b\u011bt ko\u0161\u00edky nebo sekat kosou.<\/p>\n<p>Pokud tedy str\u00e1v\u00edte dovolenou v Salcbursku v tomto bujar\u00e9m a p\u0159\u00edjemn\u00e9m obdob\u00ed, rozhodn\u011b nebudete litovat. Krom\u011b nejr\u016fzn\u011bj\u0161\u00edch aktivit a sport\u016f m\u00e1te \u0161anci poznat zdej\u0161\u00ed folklor a <strong>region\u00e1ln\u00ed kuchyni<\/strong>. Na programu je tradi\u010dn\u011b mnoho doprovodn\u00fdch akc\u00ed. Farm\u00e1\u0159sk\u00fd podzim je v\u00fdznamnou akc\u00ed, kter\u00e1 ji\u017e 30 let propojuje zem\u011bd\u011blstv\u00ed, region\u00e1ln\u00ed spolky, folklorn\u00ed skupiny, hospod\u00e1\u0159stv\u00ed a turismus. Posiluje se tak <strong>venkovsk\u00e1 a farm\u00e1\u0159sk\u00e1 kultura<\/strong>, kter\u00e1 je pro Salcbursko charakteristick\u00e1.<\/p>\n<h3>Farm\u00e1\u0159sk\u00fd podzim 2026<\/h3>\n<p data-start=\"177\" data-end=\"597\"><strong data-start=\"177\" data-end=\"193\">Bauernherbst<\/strong> letos slav\u00ed sv\u00e9 31. v\u00fdro\u010d\u00ed. Hudba, tanec a zp\u011bv tak budou prov\u00e1zet cel\u00e9 oslavy ve v\u0161ech 76 obc\u00edch, kter\u00e9 se do akce zapoj\u00ed. Program zahrnuje koncerty lidov\u00e9 hudby, j\u00f3dlov\u00e1n\u00ed, zp\u011bv \u201egstanzl\u201c, ale i klasickou hudbu pod \u0161ir\u00fdm nebem. Na mnoha m\u00edstech se n\u00e1v\u0161t\u011bvn\u00edci nebudou jen d\u00edvat, ale mohou se i sami zapojit, zazp\u00edvat si, zahr\u00e1t nebo z\u00fa\u010dastnit hudebn\u00edho workshopu.<\/p>\n<p data-start=\"599\" data-end=\"954\">Na programu budou tak\u00e9 hudebn\u00ed v\u00fdlety zn\u00e1m\u00e9 jako <strong data-start=\"647\" data-end=\"657\">\u201eRoas\u201c<\/strong>. Tento pojem vych\u00e1z\u00ed ze slova \u201eroasen\u201c, tedy putovat. B\u011bhem \u201eroas\u201c\u00a0se chod\u00ed od statku ke statku nebo od hostince k hostinci, p\u0159i\u010dem\u017e cestu doprov\u00e1z\u00ed \u017eiv\u00e1 hudba, p\u0159\u00e1telsk\u00e1 atmosf\u00e9ra a ochutn\u00e1vky m\u00edstn\u00edch specialit. Je to ide\u00e1ln\u00ed zp\u016fsob, jak spojit podzimn\u00ed toulky v hor\u00e1ch s alpskou gastronomi\u00ed.<\/p>\n\n\t\t\t<div id=\"147539-2\" class=\"gallery gallery-147539 gallery-columns-3 gallery-size-1170_658\" itemscope itemtype=\"http:\/\/schema.org\/ImageGallery\">\n\t\t\t\t<ul class=\"gallery-row gallery-col-3 gallery-clear\">\n\t\t\t\t\t<li class=\"gallery-item col-3\" itemprop=\"associatedMedia\" itemscope itemtype=\"http:\/\/schema.org\/ImageObject\">\n\t\t\t\t\t\t<div class=\"gallery-icon landscape\"><a href=\"https:\/\/www.salzburgerland.com\/cs\/wp-content\/uploads\/2020\/08\/rs3437_19139-0919-f-slt-bauernherbst_a07_044-lpr-1600x1067.jpg\" title=\"Musiker Heimatmuseum Arlerhof\"><img decoding=\"async\" data-title=\"Bauernherbst je v Salcbursku spojen s mnoha hudebn\u00edmi vystoupen\u00edmi \u00a9 SalzburgerLand Tourismus, Edward Groeger\" title=\"Bauernherbst je v Salcbursku spojen s mnoha hudebn\u00edmi vystoupen\u00edmi \u00a9 SalzburgerLand Tourismus, Edward Groeger\" data-caption=\"Bauernherbst je v Salcbursku spojen s mnoha hudebn\u00edmi vystoupen\u00edmi \u00a9 SalzburgerLand Tourismus, Edward Groeger\" width=\"1170\" height=\"658\" src=\"https:\/\/www.salzburgerland.com\/cs\/wp-content\/uploads\/2020\/08\/rs3437_19139-0919-f-slt-bauernherbst_a07_044-lpr-1170x658.jpg\" class=\"attachment-1170_658 size-1170_658\" alt=\"Muzikanti na Farm\u00e1\u0159sk\u00e9m podzimu p\u0159ed Heimatmuseum Arlerhof (Zv\u011bt\u0161en\u00fd pohled)\" srcset=\"https:\/\/www.salzburgerland.com\/cs\/wp-content\/uploads\/2020\/08\/rs3437_19139-0919-f-slt-bauernherbst_a07_044-lpr-1170x658.jpg 1170w, https:\/\/www.salzburgerland.com\/cs\/wp-content\/uploads\/2020\/08\/rs3437_19139-0919-f-slt-bauernherbst_a07_044-lpr-1200x675.jpg 1200w\" sizes=\"(max-width: 1170px) 100vw, 1170px\" aria-describedby=\"figcaption-147539-162685\" itemprop=\"thumbnail\"><\/a><\/div>\n\t\t\t\t\t\t<span id=\"figcaption-147539-162685\" class=\"gallery-caption\" itemprop=\"caption\"><span aria-hidden=\"true\">Bauernherbst je v Salcbursku spojen s mnoha hudebn\u00edmi vystoupen\u00edmi \u00a9 SalzburgerLand Tourismus, Edward Groeger<\/span><\/span>\n\t\t\t\t\t<\/li>\n\t\t\t\t\t<li class=\"gallery-item col-3\" itemprop=\"associatedMedia\" itemscope itemtype=\"http:\/\/schema.org\/ImageObject\">\n\t\t\t\t\t\t<div class=\"gallery-icon landscape\"><a href=\"https:\/\/www.salzburgerland.com\/cs\/wp-content\/uploads\/2020\/08\/rs4488_slt_bauernherbst20210810013-lpr-1601x1067.jpg\" title=\"Salzburger Bauernherbst 2021 Medientermin\"><img decoding=\"async\" data-title=\"Kroje a hudba jsou v\u0161ude \u00a9 SalzburgerLand Tourismus, Franz Neumayr\" title=\"Kroje a hudba jsou v\u0161ude \u00a9 SalzburgerLand Tourismus, Franz Neumayr\" data-caption=\"Kroje a hudba jsou v\u0161ude \u00a9 SalzburgerLand Tourismus, Franz Neumayr\" width=\"1170\" height=\"658\" src=\"https:\/\/www.salzburgerland.com\/cs\/wp-content\/uploads\/2020\/08\/rs4488_slt_bauernherbst20210810013-lpr-1170x658.jpg\" class=\"attachment-1170_658 size-1170_658\" alt=\"Hraje se na n\u00e1vs\u00edch, ve m\u011bstech i v hor\u00e1ch u sala\u0161\u00ed (Zv\u011bt\u0161en\u00fd pohled)\" srcset=\"https:\/\/www.salzburgerland.com\/cs\/wp-content\/uploads\/2020\/08\/rs4488_slt_bauernherbst20210810013-lpr-1170x658.jpg 1170w, https:\/\/www.salzburgerland.com\/cs\/wp-content\/uploads\/2020\/08\/rs4488_slt_bauernherbst20210810013-lpr-1200x675.jpg 1200w\" sizes=\"(max-width: 1170px) 100vw, 1170px\" aria-describedby=\"figcaption-147539-162684\" itemprop=\"thumbnail\"><\/a><\/div>\n\t\t\t\t\t\t<span id=\"figcaption-147539-162684\" class=\"gallery-caption\" itemprop=\"caption\"><span aria-hidden=\"true\">Kroje a hudba jsou v\u0161ude \u00a9 SalzburgerLand Tourismus, Franz Neumayr<\/span><\/span>\n\t\t\t\t\t<\/li>\n\t\t\t\t\t<li class=\"gallery-item col-3\" itemprop=\"associatedMedia\" itemscope itemtype=\"http:\/\/schema.org\/ImageObject\">\n\t\t\t\t\t\t<div class=\"gallery-icon landscape\"><a href=\"https:\/\/www.salzburgerland.com\/cs\/wp-content\/uploads\/2020\/08\/rs6106_slt_bauernherbst_auswahl-42-lpr-1601x1067.jpg\" title=\"Musik im Bauernherbst\"><img decoding=\"async\" data-title=\"Hudba a Bauernherbst k sob\u011b pat\u0159\u00ed \u00a9 SalzburgerLand Tourismus, Lisa Eiersebner\" title=\"Hudba a Bauernherbst k sob\u011b pat\u0159\u00ed \u00a9 SalzburgerLand Tourismus, Lisa Eiersebner\" data-caption=\"Hudba a Bauernherbst k sob\u011b pat\u0159\u00ed \u00a9 SalzburgerLand Tourismus, Lisa Eiersebner\" width=\"1170\" height=\"658\" src=\"https:\/\/www.salzburgerland.com\/cs\/wp-content\/uploads\/2020\/08\/rs6106_slt_bauernherbst_auswahl-42-lpr-1170x658.jpg\" class=\"attachment-1170_658 size-1170_658\" alt=\"Hudebn\u00ed vystoupen\u00ed lidov\u00fdch muzikant\u016f skv\u011ble dokresluj\u00ed atmosf\u00e9ru v kulis\u00e1ch hor (Zv\u011bt\u0161en\u00fd pohled)\" srcset=\"https:\/\/www.salzburgerland.com\/cs\/wp-content\/uploads\/2020\/08\/rs6106_slt_bauernherbst_auswahl-42-lpr-1170x658.jpg 1170w, https:\/\/www.salzburgerland.com\/cs\/wp-content\/uploads\/2020\/08\/rs6106_slt_bauernherbst_auswahl-42-lpr-1200x675.jpg 1200w\" sizes=\"(max-width: 1170px) 100vw, 1170px\" aria-describedby=\"figcaption-147539-162683\" itemprop=\"thumbnail\"><\/a><\/div>\n\t\t\t\t\t\t<span id=\"figcaption-147539-162683\" class=\"gallery-caption\" itemprop=\"caption\"><span aria-hidden=\"true\">Hudba a Bauernherbst k sob\u011b pat\u0159\u00ed \u00a9 SalzburgerLand Tourismus, Lisa Eiersebner<\/span><\/span>\n\t\t\t\t\t<\/li>\n\t\t\t\t<\/ul>\n\t\t\t<\/div><!-- .gallery -->\n\n<p data-start=\"956\" data-end=\"1422\">Lidov\u00ed muzikanti, rodinn\u00e9 hudebn\u00ed spolky s kytarami, alpsk\u00fdmi strunn\u00fdmi i dechov\u00fdmi n\u00e1stroji, harmonikami a j\u00f3dluj\u00edc\u00ed zp\u011bv\u00e1ci autenticky o\u017eivuj\u00ed Farm\u00e1\u0159sk\u00fd podzim po cel\u00e9m Salcbursku. S hudbou se setk\u00e1te nejen na ofici\u00e1ln\u00edm zah\u00e1jen\u00ed, ale i na slavnostech na statc\u00edch nebo p\u0159i vystoupen\u00edch folklorn\u00edch tane\u010dn\u00edch skupin na sala\u0161\u00edch a pastvin\u00e1ch. Spojen\u00ed turistiky v malebn\u00e9 alpsk\u00e9 p\u0159\u00edrod\u011b s hudebn\u00edm podkresem je nezapomenuteln\u00fdm z\u00e1\u017eitkem. A\u0165 u\u017e p\u011b\u0161ky, nebo na kole.<\/p>\n<div id=\"attachment_162689\" style=\"width: 1180px\" class=\"wp-caption alignnone\"><img decoding=\"async\" aria-describedby=\"caption-attachment-162689\" class=\"size-1170_658 wp-image-162689\" src=\"https:\/\/www.salzburgerland.com\/cs\/wp-content\/uploads\/2020\/08\/rs3267_190914-slt-bauernherbst-mex_9120_final-lpr-1170x658.jpg\" alt=\"Chlapec v salcbursk\u00e9m kroji na horsk\u00e9 louce zved\u00e1 nad hlavu bi\u010d p\u0159i vystoupen\u00ed Schnalzer\u016f, tradi\u010dn\u00edm alpsk\u00e9m zvyku s rytmick\u00fdm pr\u00e1sk\u00e1n\u00edm bi\u010di\" width=\"1170\" height=\"658\" srcset=\"https:\/\/www.salzburgerland.com\/cs\/wp-content\/uploads\/2020\/08\/rs3267_190914-slt-bauernherbst-mex_9120_final-lpr-1170x658.jpg 1170w, https:\/\/www.salzburgerland.com\/cs\/wp-content\/uploads\/2020\/08\/rs3267_190914-slt-bauernherbst-mex_9120_final-lpr-1200x675.jpg 1200w\" sizes=\"(max-width: 1170px) 100vw, 1170px\"><p id=\"caption-attachment-162689\" class=\"wp-caption-text\">Mal\u00fd Schnalzer na alpsk\u00e9 louce p\u0159i tradi\u010dn\u00edm pr\u00e1sk\u00e1n\u00ed bi\u010dem \u00a9 SalzburgerLand Tourismus, Markus Berger<\/p><\/div>\n<p data-start=\"1424\" data-end=\"1800\">Ofici\u00e1ln\u00ed zah\u00e1jen\u00ed jubilejn\u00edho ro\u010dn\u00edku prob\u011bhne <strong data-start=\"1472\" data-end=\"1505\">22. srpna 2026 v Maria Alm<\/strong>. Velk\u00fd slavnostn\u00ed pr\u016fvod, vystoupen\u00ed krojovan\u00fdch hudebn\u00edch kapel, tane\u010dn\u00edch skupin a Schnalzer\u016f, ochutn\u00e1vky tradi\u010dn\u00edch lah\u016fdek i d\u011btsk\u00fd program vytvo\u0159\u00ed nezapomenutelnou atmosf\u00e9ru. Po cel\u00e9m Salcbursku se uskute\u010dn\u00ed spousta akc\u00ed. Krom\u011b hudebn\u00edch z\u00e1\u017eitk\u016f nebudou chyb\u011bt trhy,\u00a0\u0159emesln\u00e9 uk\u00e1zky ani slavnosti sh\u00e1n\u011bn\u00ed dobytka z horsk\u00fdch pastvin. N\u00e1v\u0161t\u011bvn\u00edci si mohou vybrat podle sv\u00fdch z\u00e1jm\u016f. Od turistiky a outdoorov\u00fdch aktivit po gurm\u00e1nsk\u00e9 z\u00e1\u017eitky a wellness.<\/p>\n\n\t\t\t<div id=\"147539-3\" class=\"gallery gallery-147539 gallery-columns-3 gallery-size-1170_658\" itemscope itemtype=\"http:\/\/schema.org\/ImageGallery\">\n\t\t\t\t<ul class=\"gallery-row gallery-col-3 gallery-clear\">\n\t\t\t\t\t<li class=\"gallery-item col-3\" itemprop=\"associatedMedia\" itemscope itemtype=\"http:\/\/schema.org\/ImageObject\">\n\t\t\t\t\t\t<div class=\"gallery-icon landscape\"><a href=\"https:\/\/www.salzburgerland.com\/cs\/wp-content\/uploads\/2020\/08\/bauernherbsteroeffnung20170827015-1920x1067-1.jpg\" title=\"bauernherbsteroeffnung20170827015-1920x1067-1\"><img decoding=\"async\" data-title=\"Pr\u016fvod s hudbou \u00a9 SalzburgerLand Tourismus, Edward Groeger\" title=\"Pr\u016fvod s hudbou \u00a9 SalzburgerLand Tourismus, Edward Groeger\" data-caption=\"Pr\u016fvod s hudbou \u00a9 SalzburgerLand Tourismus, Edward Groeger\" width=\"1170\" height=\"658\" src=\"https:\/\/www.salzburgerland.com\/cs\/wp-content\/uploads\/2020\/08\/bauernherbsteroeffnung20170827015-1920x1067-1-1170x658.jpg\" class=\"attachment-1170_658 size-1170_658\" alt=\"Pochodov\u00e1 kapela v tradi\u010dn\u00edm rakousk\u00e9m od\u011bvu vystupuje na pr\u016fvodu Farm\u00e1\u0159sk\u00fd podzim Salcbursko. (Zv\u011bt\u0161en\u00fd pohled)\" srcset=\"https:\/\/www.salzburgerland.com\/cs\/wp-content\/uploads\/2020\/08\/bauernherbsteroeffnung20170827015-1920x1067-1-1170x658.jpg 1170w, https:\/\/www.salzburgerland.com\/cs\/wp-content\/uploads\/2020\/08\/bauernherbsteroeffnung20170827015-1920x1067-1-1200x675.jpg 1200w\" sizes=\"(max-width: 1170px) 100vw, 1170px\" aria-describedby=\"figcaption-147539-147602\" itemprop=\"thumbnail\"><\/a><\/div>\n\t\t\t\t\t\t<span id=\"figcaption-147539-147602\" class=\"gallery-caption\" itemprop=\"caption\"><span aria-hidden=\"true\">Pr\u016fvod s hudbou \u00a9 SalzburgerLand Tourismus, Edward Groeger<\/span><\/span>\n\t\t\t\t\t<\/li>\n\t\t\t\t\t<li class=\"gallery-item col-3\" itemprop=\"associatedMedia\" itemscope itemtype=\"http:\/\/schema.org\/ImageObject\">\n\t\t\t\t\t\t<div class=\"gallery-icon landscape\"><a href=\"https:\/\/www.salzburgerland.com\/cs\/wp-content\/uploads\/2020\/08\/bauernherbst-musikanten-e1479752195154-1920x920-1.jpg\" title=\"bauernherbst-musikanten-e1479752195154-1920x920-1\"><img decoding=\"async\" data-title=\"Hudba dokresluje atmosf\u00e9ru Farm\u00e1\u0159sk\u00e9ho podzimu \u00a9 SalzburgerLand Tourismus, Edward Groeger\" title=\"Hudba dokresluje atmosf\u00e9ru Farm\u00e1\u0159sk\u00e9ho podzimu \u00a9 SalzburgerLand Tourismus, Edward Groeger\" data-caption=\"Hudba dokresluje atmosf\u00e9ru Farm\u00e1\u0159sk\u00e9ho podzimu \u00a9 SalzburgerLand Tourismus, Edward Groeger\" width=\"1170\" height=\"658\" src=\"https:\/\/www.salzburgerland.com\/cs\/wp-content\/uploads\/2020\/08\/bauernherbst-musikanten-e1479752195154-1920x920-1-1170x658.jpg\" class=\"attachment-1170_658 size-1170_658\" alt=\"Hudebn\u00ed vystoupen\u00ed dvou trumpetist\u016f a harmonik\u00e1\u0159ky v kroj\u00edch na Farm\u00e1\u0159sk\u00e9m podzimu (Zv\u011bt\u0161en\u00fd pohled)\" srcset=\"https:\/\/www.salzburgerland.com\/cs\/wp-content\/uploads\/2020\/08\/bauernherbst-musikanten-e1479752195154-1920x920-1-1170x658.jpg 1170w, https:\/\/www.salzburgerland.com\/cs\/wp-content\/uploads\/2020\/08\/bauernherbst-musikanten-e1479752195154-1920x920-1-1200x675.jpg 1200w\" sizes=\"(max-width: 1170px) 100vw, 1170px\" aria-describedby=\"figcaption-147539-147603\" itemprop=\"thumbnail\"><\/a><\/div>\n\t\t\t\t\t\t<span id=\"figcaption-147539-147603\" class=\"gallery-caption\" itemprop=\"caption\"><span aria-hidden=\"true\">Hudba dokresluje atmosf\u00e9ru Farm\u00e1\u0159sk\u00e9ho podzimu \u00a9 SalzburgerLand Tourismus, Edward Groeger<\/span><\/span>\n\t\t\t\t\t<\/li>\n\t\t\t\t\t<li class=\"gallery-item col-3\" itemprop=\"associatedMedia\" itemscope itemtype=\"http:\/\/schema.org\/ImageObject\">\n\t\t\t\t\t\t<div class=\"gallery-icon landscape\"><a href=\"https:\/\/www.salzburgerland.com\/cs\/wp-content\/uploads\/2020\/08\/rs1247_15100-1015_bauernherbst_slt_a02_061-scr.jpg\" title=\"P\u00e4rchen mit Musiker\"><img decoding=\"async\" data-title=\"Muzikanti hraj\u00ed host\u016fm \u00a9 SalzburgerLand Tourismus, Edward Groeger\" title=\"Muzikanti hraj\u00ed host\u016fm \u00a9 SalzburgerLand Tourismus, Edward Groeger\" data-caption=\"Muzikanti hraj\u00ed host\u016fm \u00a9 SalzburgerLand Tourismus, Edward Groeger\" width=\"1100\" height=\"658\" src=\"https:\/\/www.salzburgerland.com\/cs\/wp-content\/uploads\/2020\/08\/rs1247_15100-1015_bauernherbst_slt_a02_061-scr-1100x658.jpg\" class=\"attachment-1170_658 size-1170_658\" alt=\"\u010cty\u0159i chlapci v tradi\u010dn\u00edch rakousk\u00fdch kroj\u00edch hraj\u00ed venku u zahradn\u00edho stolu Farm\u00e1\u0159sk\u00e9ho podzimu Salcbursko. (Zv\u011bt\u0161en\u00fd pohled)\" aria-describedby=\"figcaption-147539-147604\" itemprop=\"thumbnail\"><\/a><\/div>\n\t\t\t\t\t\t<span id=\"figcaption-147539-147604\" class=\"gallery-caption\" itemprop=\"caption\"><span aria-hidden=\"true\">Muzikanti hraj\u00ed host\u016fm \u00a9 SalzburgerLand Tourismus, Edward Groeger<\/span><\/span>\n\t\t\t\t\t<\/li>\n\t\t\t\t<\/ul>\n\t\t\t<\/div><!-- .gallery -->\n\n<h3>Oslavy dobr\u00e9ho j\u00eddla a pit\u00ed<\/h3>\n<p>V nab\u00eddce hostitel\u016f a podnik\u016f zapojen\u00fdch do oslav Farm\u00e1\u0159sk\u00e9ho podzimu samoz\u0159ejm\u011b nesm\u00ed chyb\u011bt typick\u00e1 region\u00e1ln\u00ed j\u00eddla a <a href=\"https:\/\/www.salzburgerland.com\/cs\/pripraveno-na-farme\/\"><strong>farm\u00e1\u0159sk\u00e9 speciality<\/strong><\/a> ze Salcburska. Jedn\u00e1 se nap\u0159\u00edklad o nejr\u016fzn\u011bj\u0161\u00ed druhy pokrm\u016f z v\u00fdborn\u00fdch <a href=\"https:\/\/www.salzburgerland.com\/cs\/salcbursky-lungau-kuchyne\/\" target=\"_blank\" rel=\"noopener\">lungausk\u00fdch brambor<\/a> (Lungauer Eachtling), obl\u00edben\u00e1 je z nich nap\u0159\u00edklad bramborov\u00e1 pol\u00e9vka (Lungauer Eachtlingsuppe).<\/p>\n<p>Za ochutn\u00e1n\u00ed stoj\u00ed tak\u00e9 pivn\u00ed masov\u00e9 knedl\u00ed\u010dky (Salzburger Bierfleischkn\u00f6del), zv\u011b\u0159ina z m\u00edstn\u00edch les\u016f, ryby, noky na mnoho zp\u016fsob\u016f, jako t\u0159eba bramborov\u00e9 <strong>Erdepfinidei<\/strong>,\u00a0<a href=\"https:\/\/www.salzburgerland.com\/cs\/salcburske-noky-schottnocken\/\">Pinzgauer Schottnockn<\/a>, sladk\u00e9 \u010di slan\u00e9 koblihy, z\u00e1viny, sladk\u00e9 ta\u0161ti\u010dky Hasen\u00f6rl, lahodn\u00e9 pl\u00e1tky jablek v pala\u010dinkov\u00e9m t\u011bst\u011b <strong>Apfelradl<\/strong> a dal\u0161\u00ed delikatesy. Vyjmenovat je v\u0161echny, by bylo na n\u011bkolik stran. Rozhodn\u011b se m\u016f\u017eete t\u011b\u0161it na opravdov\u00e9 kulin\u00e1\u0159sk\u00e9 pot\u011b\u0161en\u00ed pro chu\u0165ov\u00e9 bu\u0148ky.<\/p>\n<p>Po dobr\u00e9m j\u00eddle obvykle p\u0159ich\u00e1z\u00ed na \u0159adu i ochutn\u00e1vka p\u00e1lenky, t\u0159eba z\u00a0je\u0159abin, hru\u0161ek nebo brusinek. V\u00fdborn\u00e9 jsou i limon\u00e1dy z\u00a0bezu, malin a ovocn\u00e9 mo\u0161ty. Chu\u0165ov\u00fdm po\u017eitk\u016fm je na Farm\u00e1\u0159sk\u00e9m podzimu v\u011bnov\u00e1no mnoho akc\u00ed. Na z\u00e1v\u011br n\u00e1ro\u010dn\u00e9ho l\u00e9ta je kone\u010dn\u011b p\u0159\u00edle\u017eitost spole\u010dn\u011b\u00a0se pobavit, posed\u011bt,\u00a0<strong>tancovat<\/strong>\u00a0a dop\u0159\u00e1t si n\u011bco dobr\u00e9ho. Nast\u00e1v\u00e1 \u010das\u00a0spole\u010dn\u011b\u00a0slavit, u\u017e\u00edvat si dar\u016f p\u0159\u00edrody a \u00farody.<\/p>\n\n\t\t\t<div id=\"147539-4\" class=\"gallery gallery-147539 gallery-columns-3 gallery-size-1170_658\" itemscope itemtype=\"http:\/\/schema.org\/ImageGallery\">\n\t\t\t\t<ul class=\"gallery-row gallery-col-3 gallery-clear\">\n\t\t\t\t\t<li class=\"gallery-item col-3\" itemprop=\"associatedMedia\" itemscope itemtype=\"http:\/\/schema.org\/ImageObject\">\n\t\t\t\t\t\t<div class=\"gallery-icon landscape\"><a href=\"https:\/\/www.salzburgerland.com\/cs\/wp-content\/uploads\/2020\/08\/rs2033_salzburgerland_tourismus_brettljause_alm-lpr-1920x1067-1.jpg\" title=\"rs2033_salzburgerland_tourismus_brettljause_alm-lpr-1920x1067-1\"><img decoding=\"async\" data-title=\"Tradi\u010dn\u00ed sva\u010dina na prk\u00e9nku \u00a9 SalzburgerLand Tourismus\" title=\"Tradi\u010dn\u00ed sva\u010dina na prk\u00e9nku \u00a9 SalzburgerLand Tourismus\" data-caption=\"Tradi\u010dn\u00ed sva\u010dina na prk\u00e9nku \u00a9 SalzburgerLand Tourismus\" width=\"1170\" height=\"658\" src=\"https:\/\/www.salzburgerland.com\/cs\/wp-content\/uploads\/2020\/08\/rs2033_salzburgerland_tourismus_brettljause_alm-lpr-1920x1067-1-1170x658.jpg\" class=\"attachment-1170_658 size-1170_658\" alt=\"Prk\u00e9nko s pl\u00e1tky masa, s\u00fdrem, raj\u010daty a kysan\u00fdm zel\u00edm na farm\u00e1\u0159sk\u00fd podzim v Salcbursku. (Zv\u011bt\u0161en\u00fd pohled)\" srcset=\"https:\/\/www.salzburgerland.com\/cs\/wp-content\/uploads\/2020\/08\/rs2033_salzburgerland_tourismus_brettljause_alm-lpr-1920x1067-1-1170x658.jpg 1170w, https:\/\/www.salzburgerland.com\/cs\/wp-content\/uploads\/2020\/08\/rs2033_salzburgerland_tourismus_brettljause_alm-lpr-1920x1067-1-1200x675.jpg 1200w\" sizes=\"(max-width: 1170px) 100vw, 1170px\" aria-describedby=\"figcaption-147539-147605\" itemprop=\"thumbnail\"><\/a><\/div>\n\t\t\t\t\t\t<span id=\"figcaption-147539-147605\" class=\"gallery-caption\" itemprop=\"caption\"><span aria-hidden=\"true\">Tradi\u010dn\u00ed sva\u010dina na prk\u00e9nku \u00a9 SalzburgerLand Tourismus<\/span><\/span>\n\t\t\t\t\t<\/li>\n\t\t\t\t\t<li class=\"gallery-item col-3\" itemprop=\"associatedMedia\" itemscope itemtype=\"http:\/\/schema.org\/ImageObject\">\n\t\t\t\t\t\t<div class=\"gallery-icon landscape\"><a href=\"https:\/\/www.salzburgerland.com\/cs\/wp-content\/uploads\/2020\/08\/gainschnigg-huette-2-1920x1067-1.jpg\" title=\"gainschnigg-huette-2-1920x1067-1\"><img decoding=\"async\" data-title=\"Selsk\u00e9 koblihy s marmal\u00e1dou \u00a9 SalzburgerLand Tourismus\" title=\"Selsk\u00e9 koblihy s marmal\u00e1dou \u00a9 SalzburgerLand Tourismus\" data-caption=\"Selsk\u00e9 koblihy s marmal\u00e1dou \u00a9 SalzburgerLand Tourismus\" width=\"1170\" height=\"658\" src=\"https:\/\/www.salzburgerland.com\/cs\/wp-content\/uploads\/2020\/08\/gainschnigg-huette-2-1920x1067-1-1170x658.jpg\" class=\"attachment-1170_658 size-1170_658\" alt=\"T\u0159i koblihy pln\u011bn\u00e9 \u017eel\u00e9, posypan\u00e9 mou\u010dkov\u00fdm cukrem, m\u00e1tou a fialov\u00fdmi kv\u011bty evokuj\u00ed Farm\u00e1\u0159sk\u00fd podzim Salcbursko. (Zv\u011bt\u0161en\u00fd pohled)\" srcset=\"https:\/\/www.salzburgerland.com\/cs\/wp-content\/uploads\/2020\/08\/gainschnigg-huette-2-1920x1067-1-1170x658.jpg 1170w, https:\/\/www.salzburgerland.com\/cs\/wp-content\/uploads\/2020\/08\/gainschnigg-huette-2-1920x1067-1-1200x675.jpg 1200w\" sizes=\"(max-width: 1170px) 100vw, 1170px\" aria-describedby=\"figcaption-147539-147606\" itemprop=\"thumbnail\"><\/a><\/div>\n\t\t\t\t\t\t<span id=\"figcaption-147539-147606\" class=\"gallery-caption\" itemprop=\"caption\"><span aria-hidden=\"true\">Selsk\u00e9 koblihy s marmal\u00e1dou \u00a9 SalzburgerLand Tourismus<\/span><\/span>\n\t\t\t\t\t<\/li>\n\t\t\t\t\t<li class=\"gallery-item col-3\" itemprop=\"associatedMedia\" itemscope itemtype=\"http:\/\/schema.org\/ImageObject\">\n\t\t\t\t\t\t<div class=\"gallery-icon landscape\"><a href=\"https:\/\/www.salzburgerland.com\/cs\/wp-content\/uploads\/2020\/08\/rs1161_dsc_9026-lpr-1920x1067-1.jpg\" title=\"rs1161_dsc_9026-lpr-1920x1067-1\"><img decoding=\"async\" data-title=\"Kasnocken se s\u00fdrem a cibulkou \u00a9 SalzburgerLand Tourismus, Achim Maurer\" title=\"Kasnocken se s\u00fdrem a cibulkou \u00a9 SalzburgerLand Tourismus, Achim Maurer\" data-caption=\"Kasnocken se s\u00fdrem a cibulkou \u00a9 SalzburgerLand Tourismus, Achim Maurer\" width=\"1170\" height=\"658\" src=\"https:\/\/www.salzburgerland.com\/cs\/wp-content\/uploads\/2020\/08\/rs1161_dsc_9026-lpr-1920x1067-1-1170x658.jpg\" class=\"attachment-1170_658 size-1170_658\" alt=\"P\u00e1nev se s\u00fdrov\u00fdmi t\u011bstovinami inspirovan\u00fdmi Farm\u00e1\u0159sk\u00fdm podzimem Salcbursko, dopln\u011bn\u00e1 k\u0159upavou cibulkou a pa\u017eitkou. (Zv\u011bt\u0161en\u00fd pohled)\" srcset=\"https:\/\/www.salzburgerland.com\/cs\/wp-content\/uploads\/2020\/08\/rs1161_dsc_9026-lpr-1920x1067-1-1170x658.jpg 1170w, https:\/\/www.salzburgerland.com\/cs\/wp-content\/uploads\/2020\/08\/rs1161_dsc_9026-lpr-1920x1067-1-1200x675.jpg 1200w\" sizes=\"(max-width: 1170px) 100vw, 1170px\" aria-describedby=\"figcaption-147539-147607\" itemprop=\"thumbnail\"><\/a><\/div>\n\t\t\t\t\t\t<span id=\"figcaption-147539-147607\" class=\"gallery-caption\" itemprop=\"caption\"><span aria-hidden=\"true\">Kasnocken se s\u00fdrem a cibulkou \u00a9 SalzburgerLand Tourismus, Achim Maurer<\/span><\/span>\n\t\t\t\t\t<\/li>\n\t\t\t\t<\/ul>\n\t\t\t\t<ul class=\"gallery-row gallery-col-3 gallery-clear\">\n\t\t\t\t\t<li class=\"gallery-item col-3\" itemprop=\"associatedMedia\" itemscope itemtype=\"http:\/\/schema.org\/ImageObject\">\n\t\t\t\t\t\t<div class=\"gallery-icon landscape\"><a href=\"https:\/\/www.salzburgerland.com\/cs\/wp-content\/uploads\/2020\/08\/bauernherbsteroeffnung20170827119-1920x1067-1.jpg\" title=\"bauernherbsteroeffnung20170827119-1920x1067\"><img decoding=\"async\" data-title=\"Farm\u00e1\u0159sk\u00fd podzim 2017 \u00a9 Wagrain-Kleinarl Tourismus\" title=\"Farm\u00e1\u0159sk\u00fd podzim 2017 \u00a9 Wagrain-Kleinarl Tourismus\" data-caption=\"Farm\u00e1\u0159sk\u00fd podzim 2017 \u00a9 Wagrain-Kleinarl Tourismus\" width=\"1170\" height=\"658\" src=\"https:\/\/www.salzburgerland.com\/cs\/wp-content\/uploads\/2020\/08\/bauernherbsteroeffnung20170827119-1920x1067-1-1170x658.jpg\" class=\"attachment-1170_658 size-1170_658\" alt=\"Salcbursk\u00fd sedl\u00e1k v ko\u017een\u00fdch kalhot\u00e1ch p\u0159ipravuje na p\u00e1nvi jednu ze specialit (Zv\u011bt\u0161en\u00fd pohled)\" srcset=\"https:\/\/www.salzburgerland.com\/cs\/wp-content\/uploads\/2020\/08\/bauernherbsteroeffnung20170827119-1920x1067-1-1170x658.jpg 1170w, https:\/\/www.salzburgerland.com\/cs\/wp-content\/uploads\/2020\/08\/bauernherbsteroeffnung20170827119-1920x1067-1-1200x675.jpg 1200w\" sizes=\"(max-width: 1170px) 100vw, 1170px\" aria-describedby=\"figcaption-147539-156587\" itemprop=\"thumbnail\"><\/a><\/div>\n\t\t\t\t\t\t<span id=\"figcaption-147539-156587\" class=\"gallery-caption\" itemprop=\"caption\"><span aria-hidden=\"true\">Farm\u00e1\u0159sk\u00fd podzim 2017 \u00a9 Wagrain-Kleinarl Tourismus<\/span><\/span>\n\t\t\t\t\t<\/li>\n\t\t\t\t\t<li class=\"gallery-item col-3\" itemprop=\"associatedMedia\" itemscope itemtype=\"http:\/\/schema.org\/ImageObject\">\n\t\t\t\t\t\t<div class=\"gallery-icon landscape\"><a href=\"https:\/\/www.salzburgerland.com\/cs\/wp-content\/uploads\/2020\/08\/bauernherbst20160827175-1920x1067-1.jpg\" title=\"bauernherbst20160827175-1920x1067\"><img decoding=\"async\" data-title=\"Farm\u00e1\u0159sk\u00fd podzim 2016 \u00a9 Touristenverband Niedernsill\" title=\"Farm\u00e1\u0159sk\u00fd podzim 2016 \u00a9 Touristenverband Niedernsill\" data-caption=\"Farm\u00e1\u0159sk\u00fd podzim 2016 \u00a9 Touristenverband Niedernsill\" width=\"1170\" height=\"658\" src=\"https:\/\/www.salzburgerland.com\/cs\/wp-content\/uploads\/2020\/08\/bauernherbst20160827175-1920x1067-1-1170x658.jpg\" class=\"attachment-1170_658 size-1170_658\" alt=\"Na Farm\u00e1\u0159sk\u00e9m podzimu se v ulic\u00edch, na statc\u00edch i chalup\u00e1ch nab\u00edzej\u00ed sez\u00f3nn\u00ed region\u00e1ln\u00ed speciality (Zv\u011bt\u0161en\u00fd pohled)\" srcset=\"https:\/\/www.salzburgerland.com\/cs\/wp-content\/uploads\/2020\/08\/bauernherbst20160827175-1920x1067-1-1170x658.jpg 1170w, https:\/\/www.salzburgerland.com\/cs\/wp-content\/uploads\/2020\/08\/bauernherbst20160827175-1920x1067-1-1200x675.jpg 1200w\" sizes=\"(max-width: 1170px) 100vw, 1170px\" aria-describedby=\"figcaption-147539-156585\" itemprop=\"thumbnail\"><\/a><\/div>\n\t\t\t\t\t\t<span id=\"figcaption-147539-156585\" class=\"gallery-caption\" itemprop=\"caption\"><span aria-hidden=\"true\">Farm\u00e1\u0159sk\u00fd podzim 2016 \u00a9 Touristenverband Niedernsill<\/span><\/span>\n\t\t\t\t\t<\/li>\n\t\t\t\t\t<li class=\"gallery-item col-3\" itemprop=\"associatedMedia\" itemscope itemtype=\"http:\/\/schema.org\/ImageObject\">\n\t\t\t\t\t\t<div class=\"gallery-icon landscape\"><a href=\"https:\/\/www.salzburgerland.com\/cs\/wp-content\/uploads\/2020\/08\/bauernherbst20160827171-1920x1067-1.jpg\" title=\"bauernherbst20160827171-1920x1067\"><img decoding=\"async\" data-title=\"Tak vypadal Farm\u00e1\u0159sk\u00fd podzim 2016 \u00a9 Touristenverband Niedernsill\" title=\"Tak vypadal Farm\u00e1\u0159sk\u00fd podzim 2016 \u00a9 Touristenverband Niedernsill\" data-caption=\"Tak vypadal Farm\u00e1\u0159sk\u00fd podzim 2016 \u00a9 Touristenverband Niedernsill\" width=\"1170\" height=\"658\" src=\"https:\/\/www.salzburgerland.com\/cs\/wp-content\/uploads\/2020\/08\/bauernherbst20160827171-1920x1067-1-1170x658.jpg\" class=\"attachment-1170_658 size-1170_658\" alt=\"Trojice \u017een v kroji na n\u00e1m\u011bst\u00ed p\u0159i Farm\u00e1\u0159sk\u00e9m podzimu v roce 2016 (Zv\u011bt\u0161en\u00fd pohled)\" srcset=\"https:\/\/www.salzburgerland.com\/cs\/wp-content\/uploads\/2020\/08\/bauernherbst20160827171-1920x1067-1-1170x658.jpg 1170w, https:\/\/www.salzburgerland.com\/cs\/wp-content\/uploads\/2020\/08\/bauernherbst20160827171-1920x1067-1-1200x675.jpg 1200w\" sizes=\"(max-width: 1170px) 100vw, 1170px\" aria-describedby=\"figcaption-147539-156589\" itemprop=\"thumbnail\"><\/a><\/div>\n\t\t\t\t\t\t<span id=\"figcaption-147539-156589\" class=\"gallery-caption\" itemprop=\"caption\"><span aria-hidden=\"true\">Tak vypadal Farm\u00e1\u0159sk\u00fd podzim 2016 \u00a9 Touristenverband Niedernsill<\/span><\/span>\n\t\t\t\t\t<\/li>\n\t\t\t\t<\/ul>\n\t\t\t<\/div><!-- .gallery -->\n\n<h3>Farm\u00e1\u0159sk\u00fd podzim a tradice<\/h3>\n<p>Na Farm\u00e1\u0159sk\u00e9m podzimu o\u017e\u00edvaj\u00ed tradice,<a href=\"https:\/\/www.salzburgerland.com\/cs\/zvyky-a-remesla\/\"><strong> zvyky a \u0159emesla<\/strong><\/a> p\u0159ed\u00e1van\u00e1 z\u00a0generace na generaci. Jde o d\u016fle\u017eit\u00e9 hodnoty, kter\u00e9 jsou udr\u017eov\u00e1ny, rozv\u00edjeny a prezentov\u00e1ny host\u016fm. Lid\u00e9 v\u017edy u\u017easle sleduj\u00ed a obdivuj\u00ed sh\u00e1n\u011bn\u00ed skotu z\u00a0pastvin do \u00fadol\u00ed. Kr\u00e1vy jsou ozdoben\u00e9 kv\u011btinov\u00fdmi v\u011bnci, zvonci a barevn\u00fdmi stuhami, venkovskou atmosf\u00e9ru dokresluje v\u00fdzdoba ze sena, ze kter\u00e9ho jsou vyrobeny i zaj\u00edmav\u00e9 postavy. Ty jsou pozn\u00e1vac\u00edm znamen\u00edm festivalu a v\u00edtaj\u00ed hosty ji\u017e p\u0159i p\u0159\u00edjezdu do vsi. Unik\u00e1tn\u00ed pod\u00edvanou b\u00fdv\u00e1 vystoupen\u00ed tane\u010dn\u00edch skupin, takzvan\u00fdch Schuhplattlergruppen. Farm\u00e1\u0159sk\u00fd podzim je p\u0159ehl\u00eddkou v\u0161ech mo\u017en\u00fdch tradic a lidov\u00e9 kultury.<\/p>\n\n\t\t\t<div id=\"147539-5\" class=\"gallery gallery-147539 gallery-columns-3 gallery-size-1170_658\" itemscope itemtype=\"http:\/\/schema.org\/ImageGallery\">\n\t\t\t\t<ul class=\"gallery-row gallery-col-3 gallery-clear\">\n\t\t\t\t\t<li class=\"gallery-item col-3\" itemprop=\"associatedMedia\" itemscope itemtype=\"http:\/\/schema.org\/ImageObject\">\n\t\t\t\t\t\t<div class=\"gallery-icon landscape\"><a href=\"https:\/\/www.salzburgerland.com\/cs\/wp-content\/uploads\/2020\/08\/rs538__mg_10_11_salzb_1858_cmarkus_greber-lpr-1920x1067-1.jpg\" title=\"rs538__mg_10_11_salzb_1858_cmarkus_greber-lpr-1920x1067-1\"><img decoding=\"async\" data-title=\"Kr\u00e1vy ozdoben\u00e9 kv\u011btinami \u00a9 SalzburgerLand Tourismus\" title=\"Kr\u00e1vy ozdoben\u00e9 kv\u011btinami \u00a9 SalzburgerLand Tourismus\" data-caption=\"Kr\u00e1vy ozdoben\u00e9 kv\u011btinami \u00a9 SalzburgerLand Tourismus\" width=\"1170\" height=\"658\" src=\"https:\/\/www.salzburgerland.com\/cs\/wp-content\/uploads\/2020\/08\/rs538__mg_10_11_salzb_1858_cmarkus_greber-lpr-1920x1067-1-1170x658.jpg\" class=\"attachment-1170_658 size-1170_658\" alt=\"Kr\u00e1vy ozdoben\u00e9 kv\u011btinov\u00fdmi \u010delenkami se proch\u00e1zej\u00ed travnatou horskou krajinou na Farm\u00e1\u0159sk\u00e9m podzimu Salcbursko. (Zv\u011bt\u0161en\u00fd pohled)\" srcset=\"https:\/\/www.salzburgerland.com\/cs\/wp-content\/uploads\/2020\/08\/rs538__mg_10_11_salzb_1858_cmarkus_greber-lpr-1920x1067-1-1170x658.jpg 1170w, https:\/\/www.salzburgerland.com\/cs\/wp-content\/uploads\/2020\/08\/rs538__mg_10_11_salzb_1858_cmarkus_greber-lpr-1920x1067-1-1200x675.jpg 1200w\" sizes=\"(max-width: 1170px) 100vw, 1170px\" aria-describedby=\"figcaption-147539-147612\" itemprop=\"thumbnail\"><\/a><\/div>\n\t\t\t\t\t\t<span id=\"figcaption-147539-147612\" class=\"gallery-caption\" itemprop=\"caption\"><span aria-hidden=\"true\">Kr\u00e1vy ozdoben\u00e9 kv\u011btinami \u00a9 SalzburgerLand Tourismus<\/span><\/span>\n\t\t\t\t\t<\/li>\n\t\t\t\t\t<li class=\"gallery-item col-3\" itemprop=\"associatedMedia\" itemscope itemtype=\"http:\/\/schema.org\/ImageObject\">\n\t\t\t\t\t\t<div class=\"gallery-icon landscape\"><a href=\"https:\/\/www.salzburgerland.com\/cs\/wp-content\/uploads\/2020\/08\/rs693_cko_1979-hpr-1920x1067-1.jpg\" title=\"rs693_cko_1979-hpr-1920x1067-1\"><img decoding=\"async\" data-title=\"Aperschnalten aneb pr\u00e1sk\u00e1n\u00ed bi\u010dem \u00a9 SalzburgerLand Tourismus\" title=\"Aperschnalten aneb pr\u00e1sk\u00e1n\u00ed bi\u010dem \u00a9 SalzburgerLand Tourismus\" data-caption=\"Aperschnalten aneb pr\u00e1sk\u00e1n\u00ed bi\u010dem \u00a9 SalzburgerLand Tourismus\" width=\"1170\" height=\"658\" src=\"https:\/\/www.salzburgerland.com\/cs\/wp-content\/uploads\/2020\/08\/rs693_cko_1979-hpr-1920x1067-1-1170x658.jpg\" class=\"attachment-1170_658 size-1170_658\" alt=\"Mu\u017ei v tradi\u010dn\u00edch rakousk\u00fdch od\u011bvech jedou na ozdoben\u00fdch kon\u00edch v pr\u016fvodu Farm\u00e1\u0159sk\u00fd podzim Salcbursko. (Zv\u011bt\u0161en\u00fd pohled)\" srcset=\"https:\/\/www.salzburgerland.com\/cs\/wp-content\/uploads\/2020\/08\/rs693_cko_1979-hpr-1920x1067-1-1170x658.jpg 1170w, https:\/\/www.salzburgerland.com\/cs\/wp-content\/uploads\/2020\/08\/rs693_cko_1979-hpr-1920x1067-1-1200x675.jpg 1200w\" sizes=\"(max-width: 1170px) 100vw, 1170px\" aria-describedby=\"figcaption-147539-147613\" itemprop=\"thumbnail\"><\/a><\/div>\n\t\t\t\t\t\t<span id=\"figcaption-147539-147613\" class=\"gallery-caption\" itemprop=\"caption\"><span aria-hidden=\"true\">Aperschnalten aneb pr\u00e1sk\u00e1n\u00ed bi\u010dem \u00a9 SalzburgerLand Tourismus<\/span><\/span>\n\t\t\t\t\t<\/li>\n\t\t\t\t\t<li class=\"gallery-item col-3\" itemprop=\"associatedMedia\" itemscope itemtype=\"http:\/\/schema.org\/ImageObject\">\n\t\t\t\t\t\t<div class=\"gallery-icon landscape\"><a href=\"https:\/\/www.salzburgerland.com\/cs\/wp-content\/uploads\/2020\/08\/rs3447_19139-0919-f-slt-bauernherbst_a13_062-1920x1067-1.jpg\" title=\"rs3447_19139-0919-f-slt-bauernherbst_a13_062-1920x1067-1\"><img decoding=\"async\" data-title=\"Tradi\u010dn\u00ed tanec Schuhplattler \u00a9 SalzburgerLand Tourismus\" title=\"Tradi\u010dn\u00ed tanec Schuhplattler \u00a9 SalzburgerLand Tourismus\" data-caption=\"Tradi\u010dn\u00ed tanec Schuhplattler \u00a9 SalzburgerLand Tourismus\" width=\"1170\" height=\"658\" src=\"https:\/\/www.salzburgerland.com\/cs\/wp-content\/uploads\/2020\/08\/rs3447_19139-0919-f-slt-bauernherbst_a13_062-1920x1067-1-1170x658.jpg\" class=\"attachment-1170_658 size-1170_658\" alt=\"Chlapci v tradi\u010dn\u00edch kroj\u00edch p\u0159edv\u00e1d\u011bj\u00ed lidov\u00fd tanec na Farm\u00e1\u0159sk\u00e9m podzimu Salcbursko, v pozad\u00ed hory. (Zv\u011bt\u0161en\u00fd pohled)\" srcset=\"https:\/\/www.salzburgerland.com\/cs\/wp-content\/uploads\/2020\/08\/rs3447_19139-0919-f-slt-bauernherbst_a13_062-1920x1067-1-1170x658.jpg 1170w, https:\/\/www.salzburgerland.com\/cs\/wp-content\/uploads\/2020\/08\/rs3447_19139-0919-f-slt-bauernherbst_a13_062-1920x1067-1-1200x675.jpg 1200w\" sizes=\"(max-width: 1170px) 100vw, 1170px\" aria-describedby=\"figcaption-147539-147614\" itemprop=\"thumbnail\"><\/a><\/div>\n\t\t\t\t\t\t<span id=\"figcaption-147539-147614\" class=\"gallery-caption\" itemprop=\"caption\"><span aria-hidden=\"true\">Tradi\u010dn\u00ed tanec Schuhplattler \u00a9 SalzburgerLand Tourismus<\/span><\/span>\n\t\t\t\t\t<\/li>\n\t\t\t\t<\/ul>\n\t\t\t<\/div><!-- .gallery -->\n\n<h3>Z\u00e1\u017eitky v p\u0159\u00edrod\u011b<\/h3>\n<p>Zlatav\u00e9 podzimn\u00ed sv\u011btlo l\u00e1k\u00e1 k\u00a0dlouh\u00fdm t\u00far\u00e1m se <strong>sb\u00edr\u00e1n\u00edm <a href=\"https:\/\/www.salzburgerland.com\/cs\/cas-podzimnich-bylinek-v-salcbursku\/\">bylinek<\/a><\/strong> nebo k\u00a0proch\u00e1zk\u00e1m p\u0159es lesy a\u017e ke kr\u00e1sn\u00fdm salcbursk\u00fdm <strong>vodop\u00e1d\u016fm<\/strong>. V\u00fdhled do d\u00e1lky je na podzim mimo\u0159\u00e1dn\u011b jasn\u00fd, \u010dist\u00fd a podmaniv\u00fd. Vrcholy okoln\u00edch hor se zdaj\u00ed b\u00fdt t\u00e9m\u011b\u0159 nadosah. Na horsk\u00fdch pastvin\u00e1ch je v\u011bt\u0161\u00ed klid ne\u017e uprost\u0159ed l\u00e9ta, kr\u00e1vy jsou zp\u011bt v\u00a0\u00fadol\u00ed ve sv\u00fdch st\u00e1j\u00edch. Turist\u00e9 si zp\u0159\u00edjem\u0148uj\u00ed cestu na vrchol sb\u00edr\u00e1n\u00edm zral\u00fdch ostru\u017ein a brusinek. Pram\u00ednky na okraj\u00edch cest poskytuj\u00ed osv\u011b\u017een\u00ed a v\u00fdlet do lesa dod\u00e1v\u00e1 s\u00edlu k\u00a0dal\u0161\u00edm v\u00fdkon\u016fm.<\/p>\n\n\t\t\t<div id=\"147539-6\" class=\"gallery gallery-147539 gallery-columns-3 gallery-size-1170_658\" itemscope itemtype=\"http:\/\/schema.org\/ImageGallery\">\n\t\t\t\t<ul class=\"gallery-row gallery-col-3 gallery-clear\">\n\t\t\t\t\t<li class=\"gallery-item col-3\" itemprop=\"associatedMedia\" itemscope itemtype=\"http:\/\/schema.org\/ImageObject\">\n\t\t\t\t\t\t<div class=\"gallery-icon landscape\"><a href=\"https:\/\/www.salzburgerland.com\/cs\/wp-content\/uploads\/2020\/08\/rs51_12109-0912_slt_bauernherbst_a24_036-1-hpr-1920x1067-1.jpg\" title=\"rs51_12109-0912_slt_bauernherbst_a24_036-1-hpr-1920x1067-1\"><img decoding=\"async\" data-title=\"Podzimn\u00ed turistika \u00a9 SalzburgerLand Tourismus\" title=\"Podzimn\u00ed turistika \u00a9 SalzburgerLand Tourismus\" data-caption=\"Podzimn\u00ed turistika \u00a9 SalzburgerLand Tourismus\" width=\"1170\" height=\"658\" src=\"https:\/\/www.salzburgerland.com\/cs\/wp-content\/uploads\/2020\/08\/rs51_12109-0912_slt_bauernherbst_a24_036-1-hpr-1920x1067-1-1170x658.jpg\" class=\"attachment-1170_658 size-1170_658\" alt=\"Dva turist\u00e9 s holemi se usm\u00edvaj\u00ed na lidi v tradi\u010dn\u00edch kroj\u00edch b\u011bhem Farm\u00e1\u0159sk\u00e9ho podzimu v malebn\u00e9 vesnici Salcbursko. (Zv\u011bt\u0161en\u00fd pohled)\" srcset=\"https:\/\/www.salzburgerland.com\/cs\/wp-content\/uploads\/2020\/08\/rs51_12109-0912_slt_bauernherbst_a24_036-1-hpr-1920x1067-1-1170x658.jpg 1170w, https:\/\/www.salzburgerland.com\/cs\/wp-content\/uploads\/2020\/08\/rs51_12109-0912_slt_bauernherbst_a24_036-1-hpr-1920x1067-1-1200x675.jpg 1200w\" sizes=\"(max-width: 1170px) 100vw, 1170px\" aria-describedby=\"figcaption-147539-147616\" itemprop=\"thumbnail\"><\/a><\/div>\n\t\t\t\t\t\t<span id=\"figcaption-147539-147616\" class=\"gallery-caption\" itemprop=\"caption\"><span aria-hidden=\"true\">Podzimn\u00ed turistika \u00a9 SalzburgerLand Tourismus<\/span><\/span>\n\t\t\t\t\t<\/li>\n\t\t\t\t\t<li class=\"gallery-item col-3\" itemprop=\"associatedMedia\" itemscope itemtype=\"http:\/\/schema.org\/ImageObject\">\n\t\t\t\t\t\t<div class=\"gallery-icon landscape\"><a href=\"https:\/\/www.salzburgerland.com\/cs\/wp-content\/uploads\/2020\/08\/rs52_12109-0912_slt_bauernherbst_a25_036-1-hpr-1920x1067-1.jpg\" title=\"rs52_12109-0912_slt_bauernherbst_a25_036-1-hpr-1920x1067-1\"><img decoding=\"async\" data-title=\"Ide\u00e1ln\u00ed podzimn\u00ed po\u010das\u00ed i na kolo \u00a9 SalzburgerLand Tourismus\" title=\"Ide\u00e1ln\u00ed podzimn\u00ed po\u010das\u00ed i na kolo \u00a9 SalzburgerLand Tourismus\" data-caption=\"Ide\u00e1ln\u00ed podzimn\u00ed po\u010das\u00ed i na kolo \u00a9 SalzburgerLand Tourismus\" width=\"1170\" height=\"658\" src=\"https:\/\/www.salzburgerland.com\/cs\/wp-content\/uploads\/2020\/08\/rs52_12109-0912_slt_bauernherbst_a25_036-1-hpr-1920x1067-1-1170x658.jpg\" class=\"attachment-1170_658 size-1170_658\" alt=\"Dva lid\u00e9 jedou na kolech kolem skupiny Farm\u00e1\u0159sk\u00fd podzim Salcbursko v tradi\u010dn\u00edm kroji p\u0159ed \u017elut\u00fdm vesnick\u00fdm staven\u00edm. (Zv\u011bt\u0161en\u00fd pohled)\" srcset=\"https:\/\/www.salzburgerland.com\/cs\/wp-content\/uploads\/2020\/08\/rs52_12109-0912_slt_bauernherbst_a25_036-1-hpr-1920x1067-1-1170x658.jpg 1170w, https:\/\/www.salzburgerland.com\/cs\/wp-content\/uploads\/2020\/08\/rs52_12109-0912_slt_bauernherbst_a25_036-1-hpr-1920x1067-1-1200x675.jpg 1200w\" sizes=\"(max-width: 1170px) 100vw, 1170px\" aria-describedby=\"figcaption-147539-147617\" itemprop=\"thumbnail\"><\/a><\/div>\n\t\t\t\t\t\t<span id=\"figcaption-147539-147617\" class=\"gallery-caption\" itemprop=\"caption\"><span aria-hidden=\"true\">Ide\u00e1ln\u00ed podzimn\u00ed po\u010das\u00ed i na kolo \u00a9 SalzburgerLand Tourismus<\/span><\/span>\n\t\t\t\t\t<\/li>\n\t\t\t\t\t<li class=\"gallery-item col-3\" itemprop=\"associatedMedia\" itemscope itemtype=\"http:\/\/schema.org\/ImageObject\">\n\t\t\t\t\t\t<div class=\"gallery-icon landscape\"><a href=\"https:\/\/www.salzburgerland.com\/cs\/wp-content\/uploads\/2020\/08\/rs966_slt-kultur-sightseeing-84-hpr-1920x1067-1.jpg\" title=\"rs966_slt-kultur-sightseeing-84-hpr-1920x1067-1\"><img decoding=\"async\" data-title=\"Podzimn\u00ed v\u00fdlet okolo starod\u00e1vn\u00fdch chalup \u00a9 SalzburgerLand Tourismus\" title=\"Podzimn\u00ed v\u00fdlet okolo starod\u00e1vn\u00fdch chalup \u00a9 SalzburgerLand Tourismus\" data-caption=\"Podzimn\u00ed v\u00fdlet okolo starod\u00e1vn\u00fdch chalup \u00a9 SalzburgerLand Tourismus\" width=\"1170\" height=\"658\" src=\"https:\/\/www.salzburgerland.com\/cs\/wp-content\/uploads\/2020\/08\/rs966_slt-kultur-sightseeing-84-hpr-1920x1067-1-1170x658.jpg\" class=\"attachment-1170_658 size-1170_658\" alt=\"P\u00e1r stoj\u00ed na zahrad\u011b p\u0159ed venkovsk\u00fdm domem a u\u017e\u00edv\u00e1 si farm\u00e1\u0159sk\u00fd podzim v Salcbursku. (Zv\u011bt\u0161en\u00fd pohled)\" srcset=\"https:\/\/www.salzburgerland.com\/cs\/wp-content\/uploads\/2020\/08\/rs966_slt-kultur-sightseeing-84-hpr-1920x1067-1-1170x658.jpg 1170w, https:\/\/www.salzburgerland.com\/cs\/wp-content\/uploads\/2020\/08\/rs966_slt-kultur-sightseeing-84-hpr-1920x1067-1-1200x675.jpg 1200w\" sizes=\"(max-width: 1170px) 100vw, 1170px\" aria-describedby=\"figcaption-147539-147615\" itemprop=\"thumbnail\"><\/a><\/div>\n\t\t\t\t\t\t<span id=\"figcaption-147539-147615\" class=\"gallery-caption\" itemprop=\"caption\"><span aria-hidden=\"true\">Podzimn\u00ed v\u00fdlet okolo starod\u00e1vn\u00fdch chalup \u00a9 SalzburgerLand Tourismus<\/span><\/span>\n\t\t\t\t\t<\/li>\n\t\t\t\t<\/ul>\n\t\t\t<\/div><!-- .gallery -->\n\n<h3>Farm\u00e1\u0159sk\u00e9 manufaktury<\/h3>\n<p>Ru\u010dn\u00ed v\u00fdroba je vz\u00e1cnou komoditou. V\u00a0dob\u011b, kdy u\u017e v\u0161echno vyr\u00e1b\u00ed stroje, vzbuzuj\u00ed skute\u010dn\u00e1 <a href=\"https:\/\/www.salzburgerland.com\/cs\/zvyky-a-remesla\/\">\u0159emesla<\/a> velk\u00fd obdiv. \u201e\u017de tohle je\u0161t\u011b n\u011bkdo um\u00ed!\u201c oz\u00fdv\u00e1 \u010dasto s\u00a0z\u00a0\u00fast zaujat\u00fdch p\u0159ihl\u00ed\u017eej\u00edc\u00edch. Skute\u010dnou pastvou pro o\u010di je pohled na pe\u010dliv\u00e9 <strong>vy\u0161\u00edv\u00e1n\u00ed<\/strong> ko\u017een\u00fdch v\u00fdrobk\u016f pav\u00edm perem, krajk\u00e1\u0159stv\u00ed, na <strong>kov\u00e1\u0159e<\/strong>, kter\u00fd zrovna okov\u00e1v\u00e1 mohutn\u00e9ho norika, na v\u00fdrobu keramiky nebo \u0159ezb\u00e1\u0159stv\u00ed. N\u011bkdo plete ko\u0161\u00edky a \u0161atky, dal\u0161\u00ed zpracov\u00e1vaj\u00ed ov\u010d\u00ed vlnu, ze kter\u00fdch doslova pod rukama vznikaj\u00ed t\u0159eba p\u0159\u00edjemn\u011b tepl\u00e9 papu\u010de nebo d\u011btsk\u00e9 ba\u010dk\u016frky.<\/p>\n\n\t\t\t<div id=\"147539-7\" class=\"gallery gallery-147539 gallery-columns-3 gallery-size-1170_658\" itemscope itemtype=\"http:\/\/schema.org\/ImageGallery\">\n\t\t\t\t<ul class=\"gallery-row gallery-col-3 gallery-clear\">\n\t\t\t\t\t<li class=\"gallery-item col-3\" itemprop=\"associatedMedia\" itemscope itemtype=\"http:\/\/schema.org\/ImageObject\">\n\t\t\t\t\t\t<div class=\"gallery-icon landscape\"><a href=\"https:\/\/www.salzburgerland.com\/cs\/wp-content\/uploads\/2020\/08\/681scr.jpg\" title=\"Lederhose\"><img decoding=\"async\" data-title='Zdoben\u00e9 krojov\u00e9 kalhoty, tzv. \"Lederhosen\" (c) SalzburgerLand Tourismus, Coen Kossmann, Lederhose' title='Zdoben\u00e9 krojov\u00e9 kalhoty, tzv. \"Lederhosen\" (c) SalzburgerLand Tourismus, Coen Kossmann, Lederhose' data-caption='Zdoben\u00e9 krojov\u00e9 kalhoty, tzv. \"Lederhosen\" (c) SalzburgerLand Tourismus, Coen Kossmann, Lederhose' width=\"1100\" height=\"658\" src=\"https:\/\/www.salzburgerland.com\/cs\/wp-content\/uploads\/2020\/08\/681scr-1100x658.jpg\" class=\"attachment-1170_658 size-1170_658\" alt=\"Tradi\u010dn\u00ed vy\u0161\u00edvan\u00e9 ko\u017een\u00e9 kra\u0165asy vystaven\u00e9 na Farm\u00e1\u0159sk\u00e9m podzimu Salcbursko, na nich spo\u010d\u00edvaj\u00ed zdoben\u00e9 no\u017ee. (Zv\u011bt\u0161en\u00fd pohled)\" aria-describedby=\"figcaption-147539-147618\" itemprop=\"thumbnail\"><\/a><\/div>\n\t\t\t\t\t\t<span id=\"figcaption-147539-147618\" class=\"gallery-caption\" itemprop=\"caption\"><span aria-hidden=\"true\">Zdoben\u00e9 krojov\u00e9 kalhoty, tzv. \u201eLederhosen\u201c (c) SalzburgerLand Tourismus, Coen Kossmann, Lederhose<\/span><\/span>\n\t\t\t\t\t<\/li>\n\t\t\t\t\t<li class=\"gallery-item col-3\" itemprop=\"associatedMedia\" itemscope itemtype=\"http:\/\/schema.org\/ImageObject\">\n\t\t\t\t\t\t<div class=\"gallery-icon landscape\"><a href=\"https:\/\/www.salzburgerland.com\/cs\/wp-content\/uploads\/2020\/08\/rs765_wollstadl_2269-scr_wolle.jpg\" title=\"Wollstadl\"><img decoding=\"async\" data-title=\"V\u00fdrobky z vlny (c) SalzburgerLand Tourismus, Achim Meurer, Wollstadl\" title=\"V\u00fdrobky z vlny (c) SalzburgerLand Tourismus, Achim Meurer, Wollstadl\" data-caption=\"V\u00fdrobky z vlny (c) SalzburgerLand Tourismus, Achim Meurer, Wollstadl\" width=\"1100\" height=\"658\" src=\"https:\/\/www.salzburgerland.com\/cs\/wp-content\/uploads\/2020\/08\/rs765_wollstadl_2269-scr_wolle-1100x658.jpg\" class=\"attachment-1170_658 size-1170_658\" alt=\"Dva p\u00e1ry pleten\u00fdch d\u011btsk\u00fdch boti\u010dek, evokuj\u00edc\u00edch farm\u00e1\u0159sk\u00fd podzim Salcburska, na d\u0159ev\u011bn\u00e9 polici. (Zv\u011bt\u0161en\u00fd pohled)\" aria-describedby=\"figcaption-147539-147619\" itemprop=\"thumbnail\"><\/a><\/div>\n\t\t\t\t\t\t<span id=\"figcaption-147539-147619\" class=\"gallery-caption\" itemprop=\"caption\"><span aria-hidden=\"true\">V\u00fdrobky z vlny (c) SalzburgerLand Tourismus, Achim Meurer, Wollstadl<\/span><\/span>\n\t\t\t\t\t<\/li>\n\t\t\t\t\t<li class=\"gallery-item col-3\" itemprop=\"associatedMedia\" itemscope itemtype=\"http:\/\/schema.org\/ImageObject\">\n\t\t\t\t\t\t<div class=\"gallery-icon landscape\"><a href=\"https:\/\/www.salzburgerland.com\/cs\/wp-content\/uploads\/2020\/08\/rs2144_cko_9802-scr_kloeppeln.jpg\" title=\"Kl\u00f6ppeln\"><img decoding=\"async\" data-title=\"Pali\u010dkovan\u00e1 krajka \u00a9 SalzburgerLand Tourismus, Coen Kossmann, Kl\u00f6ppeln\" title=\"Pali\u010dkovan\u00e1 krajka \u00a9 SalzburgerLand Tourismus, Coen Kossmann, Kl\u00f6ppeln\" data-caption=\"Pali\u010dkovan\u00e1 krajka \u00a9 SalzburgerLand Tourismus, Coen Kossmann, Kl\u00f6ppeln\" width=\"1100\" height=\"658\" src=\"https:\/\/www.salzburgerland.com\/cs\/wp-content\/uploads\/2020\/08\/rs2144_cko_9802-scr_kloeppeln-1100x658.jpg\" class=\"attachment-1170_658 size-1170_658\" alt=\"Ruce tvo\u0159\u00edc\u00ed krajky s c\u00edvkami na krajkov\u00e9m pol\u0161t\u00e1\u0159i, kter\u00e9 jsou ozv\u011bnou \u0159emesln\u00e9 tradice Farm\u00e1\u0159sk\u00e9ho podzimu Salcbursko. (Zv\u011bt\u0161en\u00fd pohled)\" aria-describedby=\"figcaption-147539-147620\" itemprop=\"thumbnail\"><\/a><\/div>\n\t\t\t\t\t\t<span id=\"figcaption-147539-147620\" class=\"gallery-caption\" itemprop=\"caption\"><span aria-hidden=\"true\">Pali\u010dkovan\u00e1 krajka \u00a9 SalzburgerLand Tourismus, Coen Kossmann, Kl\u00f6ppeln<\/span><\/span>\n\t\t\t\t\t<\/li>\n\t\t\t\t<\/ul>\n\t\t\t<\/div><!-- .gallery -->\n\n<h3>Kroje mus\u00ed b\u00fdt<\/h3>\n<p>Jak to na venkov\u011b b\u00fdv\u00e1, ka\u017ed\u00e1 oblast m\u00e1 sv\u016fj typick\u00fd kroj.<strong> <a href=\"https:\/\/www.salzburgerland.com\/cs\/zajimave-zvyky-a-tradice\/\">Dirndl<\/a> <\/strong>pro d\u00e1my a <strong>ko\u017een\u00e9 kalhoty<\/strong> pro p\u00e1ny k Farm\u00e1\u0159sk\u00e9mu podzimu neodmysliteln\u011b pat\u0159\u00ed. Bez ohledu na to, zda jde o aktivn\u00edho \u00fa\u010dastn\u00edka tradi\u010dn\u00edch pr\u016fvod\u016f, farm\u00e1\u0159e, \u0159emesln\u00edka nebo prodejce na farm\u00e1\u0159sk\u00e9m trhu. Ka\u017ed\u00fd ho nos\u00ed s\u00a0hrdost\u00ed, v\u010detn\u011b mlad\u0161\u00ed generace. Vz\u00e1cn\u00e9 v\u00fd\u0161ivky s\u00a0rostlinn\u00fdmi motivy jako je nap\u0159\u00edklad \u201ekohoutek plamenn\u00fd\u201c na pongausk\u00e9m slavnostn\u00edm kroji nebo ru\u010dn\u011b vy\u0161\u00edvan\u00e9 kv\u011btiny na \u017eiv\u016ftc\u00edch flachausk\u00fdch d\u00e1vaj\u00ed znalc\u016fm p\u0159edstavu o p\u016fvodu nositele. V\u00a0Salcbursku je nap\u0159\u00edklad zn\u00e1mo v\u00edce ne\u017e 98 r\u016fzn\u00fdch region\u00e1ln\u00edch \u017eensk\u00fdch kroj\u016f, ale v\u0161echny maj\u00ed jedno spole\u010dn\u00e9. Dirndl slu\u0161\u00ed ka\u017ed\u00e9 \u017een\u011b.<\/p>\n\n\t\t\t<div id=\"147539-8\" class=\"gallery gallery-147539 gallery-columns-3 gallery-size-1170_658\" itemscope itemtype=\"http:\/\/schema.org\/ImageGallery\">\n\t\t\t\t<ul class=\"gallery-row gallery-col-3 gallery-clear\">\n\t\t\t\t\t<li class=\"gallery-item col-3\" itemprop=\"associatedMedia\" itemscope itemtype=\"http:\/\/schema.org\/ImageObject\">\n\t\t\t\t\t\t<div class=\"gallery-icon landscape\"><a href=\"https:\/\/www.salzburgerland.com\/cs\/wp-content\/uploads\/2020\/08\/rs3656_19144-1019-f-slt-bauernherbst_a11_043-1920x1067-1.jpg\" title=\"rs3656_19144-1019-f-slt-bauernherbst_a11_043-1920x1067-1\"><img decoding=\"async\" data-title=\"Tanec, hudba a barevn\u00e9 kroje k podzimu pat\u0159\u00ed \u00a9 SalzburgerLand Tourismus\" title=\"Tanec, hudba a barevn\u00e9 kroje k podzimu pat\u0159\u00ed \u00a9 SalzburgerLand Tourismus\" data-caption=\"Tanec, hudba a barevn\u00e9 kroje k podzimu pat\u0159\u00ed \u00a9 SalzburgerLand Tourismus\" width=\"1170\" height=\"658\" src=\"https:\/\/www.salzburgerland.com\/cs\/wp-content\/uploads\/2020\/08\/rs3656_19144-1019-f-slt-bauernherbst_a11_043-1920x1067-1-1170x658.jpg\" class=\"attachment-1170_658 size-1170_658\" alt=\"Lid\u00e9 v tradi\u010dn\u00edch rakousk\u00fdch kroj\u00edch slav\u00ed Farm\u00e1\u0159sk\u00fd podzim Salcbursko na travnat\u00e9m poli s horami za z\u00e1dy. (Zv\u011bt\u0161en\u00fd pohled)\" srcset=\"https:\/\/www.salzburgerland.com\/cs\/wp-content\/uploads\/2020\/08\/rs3656_19144-1019-f-slt-bauernherbst_a11_043-1920x1067-1-1170x658.jpg 1170w, https:\/\/www.salzburgerland.com\/cs\/wp-content\/uploads\/2020\/08\/rs3656_19144-1019-f-slt-bauernherbst_a11_043-1920x1067-1-1200x675.jpg 1200w\" sizes=\"(max-width: 1170px) 100vw, 1170px\" aria-describedby=\"figcaption-147539-147621\" itemprop=\"thumbnail\"><\/a><\/div>\n\t\t\t\t\t\t<span id=\"figcaption-147539-147621\" class=\"gallery-caption\" itemprop=\"caption\"><span aria-hidden=\"true\">Tanec, hudba a barevn\u00e9 kroje k podzimu pat\u0159\u00ed \u00a9 SalzburgerLand Tourismus<\/span><\/span>\n\t\t\t\t\t<\/li>\n\t\t\t\t\t<li class=\"gallery-item col-3\" itemprop=\"associatedMedia\" itemscope itemtype=\"http:\/\/schema.org\/ImageObject\">\n\t\t\t\t\t\t<div class=\"gallery-icon landscape\"><a href=\"https:\/\/www.salzburgerland.com\/cs\/wp-content\/uploads\/2020\/08\/rs2805_herbstmusi_8079-scr.jpg\" title=\"Herbstmusik\"><img decoding=\"async\" data-title=\"T\u00f3ny podzimu \u00a9 SalzburgerLand Tourismus, Andreas Hechenberger\" title=\"T\u00f3ny podzimu \u00a9 SalzburgerLand Tourismus, Andreas Hechenberger\" data-caption=\"T\u00f3ny podzimu \u00a9 SalzburgerLand Tourismus, Andreas Hechenberger\" width=\"1100\" height=\"658\" src=\"https:\/\/www.salzburgerland.com\/cs\/wp-content\/uploads\/2020\/08\/rs2805_herbstmusi_8079-scr-1100x658.jpg\" class=\"attachment-1170_658 size-1170_658\" alt=\"Mu\u017e hraje na kytaru na bal\u00edky sena, zat\u00edmco \u017eena houpe d\u00edt\u011b na travnat\u00e9m poli - prav\u00fd farm\u00e1\u0159sk\u00fd podzim Salcburska. (Zv\u011bt\u0161en\u00fd pohled)\" aria-describedby=\"figcaption-147539-147624\" itemprop=\"thumbnail\"><\/a><\/div>\n\t\t\t\t\t\t<span id=\"figcaption-147539-147624\" class=\"gallery-caption\" itemprop=\"caption\"><span aria-hidden=\"true\">T\u00f3ny podzimu \u00a9 SalzburgerLand Tourismus, Andreas Hechenberger<\/span><\/span>\n\t\t\t\t\t<\/li>\n\t\t\t\t\t<li class=\"gallery-item col-3\" itemprop=\"associatedMedia\" itemscope itemtype=\"http:\/\/schema.org\/ImageObject\">\n\t\t\t\t\t\t<div class=\"gallery-icon landscape\"><a href=\"https:\/\/www.salzburgerland.com\/cs\/wp-content\/uploads\/2020\/08\/rs349_10094-1010_bauernherbst_a18__184-1-1920x1067-1.jpg\" title=\"rs349_10094-1010_bauernherbst_a18__184-1-1920x1067-1\"><img decoding=\"async\" data-title=\"Kroje slu\u0161\u00ed i d\u011btem \u00a9 SalzburgerLand Tourismus\" title=\"Kroje slu\u0161\u00ed i d\u011btem \u00a9 SalzburgerLand Tourismus\" data-caption=\"Kroje slu\u0161\u00ed i d\u011btem \u00a9 SalzburgerLand Tourismus\" width=\"1170\" height=\"658\" src=\"https:\/\/www.salzburgerland.com\/cs\/wp-content\/uploads\/2020\/08\/rs349_10094-1010_bauernherbst_a18__184-1-1920x1067-1-1170x658.jpg\" class=\"attachment-1170_658 size-1170_658\" alt=\"\u0160est usm\u011bvav\u00fdch d\u011bt\u00ed v tradi\u010dn\u00edch rakousk\u00fdch kroj\u00edch si b\u011bhem Farm\u00e1\u0159sk\u00e9ho podzimu Salcbursko pochutn\u00e1v\u00e1 na pe\u010divu pod \u0161ir\u00fdm nebem. (Zv\u011bt\u0161en\u00fd pohled)\" srcset=\"https:\/\/www.salzburgerland.com\/cs\/wp-content\/uploads\/2020\/08\/rs349_10094-1010_bauernherbst_a18__184-1-1920x1067-1-1170x658.jpg 1170w, https:\/\/www.salzburgerland.com\/cs\/wp-content\/uploads\/2020\/08\/rs349_10094-1010_bauernherbst_a18__184-1-1920x1067-1-1200x675.jpg 1200w\" sizes=\"(max-width: 1170px) 100vw, 1170px\" aria-describedby=\"figcaption-147539-147622\" itemprop=\"thumbnail\"><\/a><\/div>\n\t\t\t\t\t\t<span id=\"figcaption-147539-147622\" class=\"gallery-caption\" itemprop=\"caption\"><span aria-hidden=\"true\">Kroje slu\u0161\u00ed i d\u011btem \u00a9 SalzburgerLand Tourismus<\/span><\/span>\n\t\t\t\t\t<\/li>\n\t\t\t\t<\/ul>\n\t\t\t<\/div><!-- .gallery -->\n\n<h3>Zaj\u00edmavosti o Salcbursk\u00e9m farm\u00e1\u0159sk\u00e9m podzimu<\/h3>\n<ul>\n<li>Farm\u00e1\u0159sk\u00fd podzim ofici\u00e1ln\u011b za\u010d\u00edn\u00e1 v\u017edy na konci srpna, ale ka\u017ed\u00fd rok v jin\u00e9m regionu Salcburska.<\/li>\n<li>V roce <strong>2025<\/strong> se slavnostn\u00ed zah\u00e1jen\u00ed konalo <strong>23. srpna<\/strong> <strong>v Dorfgasteinu <\/strong><\/li>\n<li>Od konce <strong>srpna 2025<\/strong> do za\u010d\u00e1tku listopadu prob\u00edhaly akce Farm\u00e1\u0159sk\u00e9ho podzimu\u00a0na <a href=\"https:\/\/www.salzburgerland.com\/de\/bauernherbst-orte\/\" target=\"_blank\" rel=\"noopener\">76 m\u00edstech<\/a> v Salcbursku.<\/li>\n<li>Na programu bylo p\u0159ibli\u017en\u011b <strong>2000<\/strong> kulturn\u00edch, hudebn\u00edch a kulin\u00e1\u0159sk\u00fdch <strong><a href=\"https:\/\/holiday.salzburgerland.com\/blsalzburg\/de\/event\/list?limSerialEvents=6B6F16DE-F2FC-46EE-97FD-1789C3006FAC%2Ce52c993e-41d4-430d-9d73-65ed8ffb4411%2C97ff7d93-16f8-459c-a681-2214f6895857&amp;_gl=1*1stls1v*_ga*MTA2Mzg2NzAwMS4xNjg5ODU3NzM1*_ga_1ESXS2W7WS*MTY5MDIzNjMwNC4xNS4xLjE2OTAyMzYzOTUuMzAuMC4w\" target=\"_blank\" rel=\"noopener\">akc\u00ed<\/a><\/strong>.<\/li>\n<li>Od sv\u00e9ho zalo\u017een\u00ed si slavnosti ka\u017edoro\u010dn\u011b u\u017e\u00edv\u00e1 p\u0159ibli\u017en\u011b <strong>500 000 n\u00e1v\u0161t\u011bvn\u00edk\u016f<\/strong>.<\/li>\n<li><strong>340 zapojen\u00fdch <a href=\"https:\/\/www.salzburgerland.com\/de\/bauernherbst-wirte\/pois\" target=\"_blank\" rel=\"noopener\">podnik\u016f<\/a>, <\/strong>kter\u00e9 nab\u00edzej\u00ed host\u016fm speci\u00e1ln\u00ed region\u00e1ln\u00ed dobroty.<\/li>\n<li><strong>Ji\u017e p\u0159es 30\u00a0 let<\/strong> tvo\u0159\u00ed Bauernherbst symbi\u00f3zu mezi zem\u011bd\u011blstv\u00edm, spolky a cestovn\u00edm ruchem. Posiluje rozvoj venkova a kultury.<\/li>\n<li>K \u00fasp\u011bchu Farm\u00e1\u0159sk\u00e9ho podzimu p\u0159isp\u00edv\u00e1 p\u0159ibli\u017en\u011b <strong>14 000 akt\u00e9r\u016f<\/strong> jako nap\u0159\u00edklad zem\u011bd\u011blc\u016f, \u0159emesln\u00edk\u016f, hostinsk\u00fdch, hudebn\u00edk\u016f a tane\u010dn\u00edk\u016f.<\/li>\n<li><strong>100% rozpoznatelnost<\/strong>: M\u00edsta kon\u00e1n\u00ed <strong>Farm\u00e1\u0159sk\u00e9ho podzimu \u2013 Bauernherbst<\/strong> pozn\u00e1te podle tabul\u00ed v obc\u00edch, s logem <strong>zelen\u00e9ho stromu<\/strong> a tak\u00e9 d\u00edky nep\u0159ehl\u00e9dnuteln\u00e9 v\u00fdzdob\u011b.<\/li>\n<li>K v\u00fdznamn\u00fdm partner\u016fm pat\u0159\u00ed salcbursk\u00e9 <a href=\"https:\/\/www.salzburgerland.com\/cs\/zazitkova-trasa-pro-priznivce-piva-a-koralky\/\" target=\"_blank\" rel=\"noopener\">pivovary<\/a>, ml\u00e9k\u00e1rny, manufaktury nebo v\u00fdrobci kroj\u016f.<\/li>\n<li>Bauernherbst\u00a0se poprv\u00e9\u00a0konal v roce 1996 ve Flachgau.<\/li>\n<\/ul>\n<div id=\"attachment_156593\" style=\"width: 1110px\" class=\"wp-caption alignnone\"><img decoding=\"async\" aria-describedby=\"caption-attachment-156593\" class=\"size-1170_658 wp-image-156593\" src=\"https:\/\/cdn.salzburgerland.com\/cs\/wp-content\/uploads\/2020\/08\/rs3131_pk_bauernherbst20190813055-scr-1100x658.jpg\" alt=\"\u00da\u010dastn\u00edci v kroj\u00edch dr\u017e\u00ed logo Farm\u00e1\u0159sk\u00e9ho podzimu, symbol stromu se zelen\u00fdm n\u00e1pisem Bauernherbst\" width=\"1100\" height=\"658\"><p id=\"caption-attachment-156593\" class=\"wp-caption-text\">Logo Farm\u00e1\u0159sk\u00e9ho podzimu \u00a9 SalzburgerLand Tourismus, Franz Neumayr<\/p><\/div>\n","protected":false},"excerpt":{"rendered":"<p>Pokud jste m\u011bli pocit, \u017ee v\u00a0Salcbursku na konci l\u00e9ta a\u017e do za\u010d\u00e1tku zimn\u00ed sez\u00f3ny v\u0161e utich\u00e1 a ned\u011bje se nic mimo\u0159\u00e1dn\u00e9ho, nen\u00ed tomu tak. Obdob\u00ed mezi dv\u011bma hlavn\u00edmi turistick\u00fdmi sez\u00f3nami je barevn\u00e9, vo\u0148av\u00e9, pln\u00e9 lahodn\u00fdch chut\u00ed, hudby, tance a z\u00e1bavy. Jedn\u00e1 se toti\u017e o dobu sklizn\u011b, do\u017e\u00ednek a oslav Farm\u00e1\u0159sk\u00e9ho podzimu (Bauernherbst). Ten se za\u010dal [&hellip;]<\/p>\n","protected":false},"author":6,"featured_media":162677,"comment_status":"closed","ping_status":"closed","sticky":false,"template":"","format":"standard","meta":{"_acf_changed":false,"wl_entities_gutenberg":"","_relevanssi_hide_post":"","_relevanssi_hide_content":"","_relevanssi_pin_for_all":"","_relevanssi_pin_keywords":"","_relevanssi_unpin_keywords":"","_relevanssi_related_keywords":"","_relevanssi_related_include_ids":"","_relevanssi_related_exclude_ids":"","_relevanssi_related_no_append":"","_relevanssi_related_not_related":"","_relevanssi_related_posts":"","_relevanssi_noindex_reason":"","footnotes":""},"categories":[1],"tags":[],"wl_entity_type":[706],"class_list":["post-147539","post","type-post","status-publish","format-standard","has-post-thumbnail","hentry","category-uncategorized","wl_entity_type-article"],"acf":[],"yoast_head":"<!-- This site is optimized with the Yoast SEO Premium plugin v27.4 (Yoast SEO v27.4) - https:\/\/yoast.com\/product\/yoast-seo-premium-wordpress\/ -->\n<title>Pod\u00edvejte se na Farm\u00e1\u0159sk\u00fd podzim \u00bb SalzburgerLand.com<\/title>\n<meta name=\"robots\" content=\"index, follow, max-snippet:-1, max-image-preview:large, max-video-preview:-1\" \/>\n<link rel=\"canonical\" href=\"https:\/\/www.salzburgerland.com\/cs\/podivejte-se-na-farmarsky-podzim\/\" \/>\n<meta property=\"og:locale\" content=\"cs_CZ\" \/>\n<meta property=\"og:type\" content=\"article\" \/>\n<meta property=\"og:title\" content=\"Pod\u00edvejte se na Farm\u00e1\u0159sk\u00fd podzim\" \/>\n<meta property=\"og:description\" content=\"Pokud jste m\u011bli pocit, \u017ee v\u00a0Salcbursku na konci l\u00e9ta a\u017e do za\u010d\u00e1tku zimn\u00ed sez\u00f3ny v\u0161e utich\u00e1 a ned\u011bje se nic mimo\u0159\u00e1dn\u00e9ho, nen\u00ed tomu tak. Obdob\u00ed mezi dv\u011bma\" \/>\n<meta property=\"og:url\" content=\"https:\/\/www.salzburgerland.com\/cs\/podivejte-se-na-farmarsky-podzim\/\" \/>\n<meta property=\"og:site_name\" content=\"SalzburgerLand.com\" \/>\n<meta property=\"article:publisher\" content=\"https:\/\/www.facebook.com\/visitsalzburgerland\/\" \/>\n<meta property=\"article:published_time\" content=\"2020-08-27T09:17:00+00:00\" \/>\n<meta property=\"article:modified_time\" content=\"2026-03-03T19:00:12+00:00\" \/>\n<meta property=\"og:image\" content=\"https:\/\/www.salzburgerland.com\/cs\/wp-content\/uploads\/2020\/08\/rs1253_15100-1015_bauernherbst_slt_a15_043-lpr-1200x675.jpg\" \/>\n\t<meta property=\"og:image:width\" content=\"1200\" \/>\n\t<meta property=\"og:image:height\" content=\"675\" \/>\n\t<meta property=\"og:image:type\" content=\"image\/jpeg\" \/>\n<meta name=\"author\" content=\"Andrea \u017d\u00e1\u010dkov\u00e1\" \/>\n<meta name=\"twitter:card\" content=\"summary_large_image\" \/>\n<meta name=\"twitter:creator\" content=\"@salzburgerland\" \/>\n<meta name=\"twitter:site\" content=\"@salzburgerland\" \/>\n<meta name=\"twitter:label1\" content=\"Napsal(a)\" \/>\n\t<meta name=\"twitter:data1\" content=\"Andrea \u017d\u00e1\u010dkov\u00e1\" \/>\n\t<meta name=\"twitter:label2\" content=\"Odhadovan\u00e1 doba \u010dten\u00ed\" \/>\n\t<meta name=\"twitter:data2\" content=\"10 minut\" \/>\n<script type=\"application\/ld+json\" class=\"yoast-schema-graph\">{\"@context\":\"https:\\\/\\\/schema.org\",\"@graph\":[{\"@type\":\"Article\",\"@id\":\"https:\\\/\\\/www.salzburgerland.com\\\/cs\\\/podivejte-se-na-farmarsky-podzim\\\/#article\",\"isPartOf\":{\"@id\":\"https:\\\/\\\/www.salzburgerland.com\\\/cs\\\/podivejte-se-na-farmarsky-podzim\\\/\"},\"author\":{\"name\":\"Andrea \u017d\u00e1\u010dkov\u00e1\",\"@id\":\"https:\\\/\\\/www.salzburgerland.com\\\/cs\\\/#\\\/schema\\\/person\\\/dd42a4661897004df109095dbf40eeff\"},\"headline\":\"Pod\u00edvejte se na Farm\u00e1\u0159sk\u00fd podzim\",\"datePublished\":\"2020-08-27T09:17:00+00:00\",\"dateModified\":\"2026-03-03T19:00:12+00:00\",\"mainEntityOfPage\":{\"@id\":\"https:\\\/\\\/www.salzburgerland.com\\\/cs\\\/podivejte-se-na-farmarsky-podzim\\\/\"},\"wordCount\":1987,\"image\":{\"@id\":\"https:\\\/\\\/www.salzburgerland.com\\\/cs\\\/podivejte-se-na-farmarsky-podzim\\\/#primaryimage\"},\"thumbnailUrl\":\"https:\\\/\\\/www.salzburgerland.com\\\/cs\\\/wp-content\\\/uploads\\\/2020\\\/08\\\/rs1253_15100-1015_bauernherbst_slt_a15_043-lpr.jpg\",\"articleSection\":[\"Uncategorized\"],\"inLanguage\":\"cs\"},{\"@type\":\"WebPage\",\"@id\":\"https:\\\/\\\/www.salzburgerland.com\\\/cs\\\/podivejte-se-na-farmarsky-podzim\\\/\",\"url\":\"https:\\\/\\\/www.salzburgerland.com\\\/cs\\\/podivejte-se-na-farmarsky-podzim\\\/\",\"name\":\"Pod\u00edvejte se na Farm\u00e1\u0159sk\u00fd podzim \u00bb SalzburgerLand.com\",\"isPartOf\":{\"@id\":\"https:\\\/\\\/www.salzburgerland.com\\\/cs\\\/#website\"},\"primaryImageOfPage\":{\"@id\":\"https:\\\/\\\/www.salzburgerland.com\\\/cs\\\/podivejte-se-na-farmarsky-podzim\\\/#primaryimage\"},\"image\":{\"@id\":\"https:\\\/\\\/www.salzburgerland.com\\\/cs\\\/podivejte-se-na-farmarsky-podzim\\\/#primaryimage\"},\"thumbnailUrl\":\"https:\\\/\\\/www.salzburgerland.com\\\/cs\\\/wp-content\\\/uploads\\\/2020\\\/08\\\/rs1253_15100-1015_bauernherbst_slt_a15_043-lpr.jpg\",\"datePublished\":\"2020-08-27T09:17:00+00:00\",\"dateModified\":\"2026-03-03T19:00:12+00:00\",\"author\":{\"@id\":\"https:\\\/\\\/www.salzburgerland.com\\\/cs\\\/#\\\/schema\\\/person\\\/dd42a4661897004df109095dbf40eeff\"},\"description\":\"Farm\u00e1\u0159sk\u00fd podzim ve znamen\u00ed oslav, po\u017eitk\u016f a folkloru.\",\"breadcrumb\":{\"@id\":\"https:\\\/\\\/www.salzburgerland.com\\\/cs\\\/podivejte-se-na-farmarsky-podzim\\\/#breadcrumb\"},\"inLanguage\":\"cs\",\"potentialAction\":[{\"@type\":\"ReadAction\",\"target\":[\"https:\\\/\\\/www.salzburgerland.com\\\/cs\\\/podivejte-se-na-farmarsky-podzim\\\/\"]}]},{\"@type\":\"ImageObject\",\"inLanguage\":\"cs\",\"@id\":\"https:\\\/\\\/www.salzburgerland.com\\\/cs\\\/podivejte-se-na-farmarsky-podzim\\\/#primaryimage\",\"url\":\"https:\\\/\\\/www.salzburgerland.com\\\/cs\\\/wp-content\\\/uploads\\\/2020\\\/08\\\/rs1253_15100-1015_bauernherbst_slt_a15_043-lpr.jpg\",\"contentUrl\":\"https:\\\/\\\/www.salzburgerland.com\\\/cs\\\/wp-content\\\/uploads\\\/2020\\\/08\\\/rs1253_15100-1015_bauernherbst_slt_a15_043-lpr.jpg\",\"width\":2000,\"height\":1335,\"caption\":\"Farm\u00e1\u0159sk\u00fd podzim se ponese v hudebn\u00edm duchu \u00a9 SalzburgerLand Tourismus, Edward Groeger\"},{\"@type\":\"BreadcrumbList\",\"@id\":\"https:\\\/\\\/www.salzburgerland.com\\\/cs\\\/podivejte-se-na-farmarsky-podzim\\\/#breadcrumb\",\"itemListElement\":[{\"@type\":\"ListItem\",\"position\":1,\"name\":\"Farm\u00e1\u0159sk\u00fd podzim\",\"item\":\"https:\\\/\\\/www.salzburgerland.com\\\/cs\\\/farmarsky-podzim\\\/\"},{\"@type\":\"ListItem\",\"position\":2,\"name\":\"Pod\u00edvejte se na Farm\u00e1\u0159sk\u00fd podzim\"}]},{\"@type\":\"WebSite\",\"@id\":\"https:\\\/\\\/www.salzburgerland.com\\\/cs\\\/#website\",\"url\":\"https:\\\/\\\/www.salzburgerland.com\\\/cs\\\/\",\"name\":\"SalzburgerLand.com\",\"description\":\"Va\u0161e dovolen\u00e1 v Salcburku, Rakousko\",\"potentialAction\":[{\"@type\":\"SearchAction\",\"target\":{\"@type\":\"EntryPoint\",\"urlTemplate\":\"https:\\\/\\\/www.salzburgerland.com\\\/cs\\\/?s={search_term_string}\"},\"query-input\":{\"@type\":\"PropertyValueSpecification\",\"valueRequired\":true,\"valueName\":\"search_term_string\"}}],\"inLanguage\":\"cs\"},{\"@type\":\"Person\",\"@id\":\"https:\\\/\\\/www.salzburgerland.com\\\/cs\\\/#\\\/schema\\\/person\\\/dd42a4661897004df109095dbf40eeff\",\"name\":\"Andrea \u017d\u00e1\u010dkov\u00e1\",\"image\":{\"@type\":\"ImageObject\",\"inLanguage\":\"cs\",\"@id\":\"https:\\\/\\\/secure.gravatar.com\\\/avatar\\\/338deec8d231d56d0ab7b2b7d6d0aedbcb3eb05390f6c027fd5b7ebe87b67dbf?s=96&d=mm&r=g\",\"url\":\"https:\\\/\\\/secure.gravatar.com\\\/avatar\\\/338deec8d231d56d0ab7b2b7d6d0aedbcb3eb05390f6c027fd5b7ebe87b67dbf?s=96&d=mm&r=g\",\"contentUrl\":\"https:\\\/\\\/secure.gravatar.com\\\/avatar\\\/338deec8d231d56d0ab7b2b7d6d0aedbcb3eb05390f6c027fd5b7ebe87b67dbf?s=96&d=mm&r=g\",\"caption\":\"Andrea \u017d\u00e1\u010dkov\u00e1\"}}]}<\/script>\n<meta property=\"og:video\" content=\"https:\/\/www.youtube.com\/embed\/1UObfpva-G0\" \/>\n<meta property=\"og:video:type\" content=\"text\/html\" \/>\n<meta property=\"og:video:duration\" content=\"96\" \/>\n<meta property=\"og:video:width\" content=\"480\" \/>\n<meta property=\"og:video:height\" content=\"270\" \/>\n<meta property=\"ya:ovs:adult\" content=\"false\" \/>\n<meta property=\"ya:ovs:upload_date\" content=\"2020-08-27T09:17:00+00:00\" \/>\n<meta property=\"ya:ovs:allow_embed\" content=\"true\" \/>\n<!-- \/ Yoast SEO Premium plugin. -->","yoast_head_json":{"title":"Pod\u00edvejte se na Farm\u00e1\u0159sk\u00fd podzim \u00bb SalzburgerLand.com","robots":{"index":"index","follow":"follow","max-snippet":"max-snippet:-1","max-image-preview":"max-image-preview:large","max-video-preview":"max-video-preview:-1"},"canonical":"https:\/\/www.salzburgerland.com\/cs\/podivejte-se-na-farmarsky-podzim\/","og_locale":"cs_CZ","og_type":"article","og_title":"Pod\u00edvejte se na Farm\u00e1\u0159sk\u00fd podzim","og_description":"Pokud jste m\u011bli pocit, \u017ee v\u00a0Salcbursku na konci l\u00e9ta a\u017e do za\u010d\u00e1tku zimn\u00ed sez\u00f3ny v\u0161e utich\u00e1 a ned\u011bje se nic mimo\u0159\u00e1dn\u00e9ho, nen\u00ed tomu tak. Obdob\u00ed mezi dv\u011bma","og_url":"https:\/\/www.salzburgerland.com\/cs\/podivejte-se-na-farmarsky-podzim\/","og_site_name":"SalzburgerLand.com","article_publisher":"https:\/\/www.facebook.com\/visitsalzburgerland\/","article_published_time":"2020-08-27T09:17:00+00:00","article_modified_time":"2026-03-03T19:00:12+00:00","og_image":[{"width":1200,"height":675,"url":"https:\/\/www.salzburgerland.com\/cs\/wp-content\/uploads\/2020\/08\/rs1253_15100-1015_bauernherbst_slt_a15_043-lpr-1200x675.jpg","type":"image\/jpeg"}],"author":"Andrea \u017d\u00e1\u010dkov\u00e1","twitter_card":"summary_large_image","twitter_creator":"@salzburgerland","twitter_site":"@salzburgerland","twitter_misc":{"Napsal(a)":"Andrea \u017d\u00e1\u010dkov\u00e1","Odhadovan\u00e1 doba \u010dten\u00ed":"10 minut"},"schema":{"@context":"https:\/\/schema.org","@graph":[{"@type":"Article","@id":"https:\/\/www.salzburgerland.com\/cs\/podivejte-se-na-farmarsky-podzim\/#article","isPartOf":{"@id":"https:\/\/www.salzburgerland.com\/cs\/podivejte-se-na-farmarsky-podzim\/"},"author":{"name":"Andrea \u017d\u00e1\u010dkov\u00e1","@id":"https:\/\/www.salzburgerland.com\/cs\/#\/schema\/person\/dd42a4661897004df109095dbf40eeff"},"headline":"Pod\u00edvejte se na Farm\u00e1\u0159sk\u00fd podzim","datePublished":"2020-08-27T09:17:00+00:00","dateModified":"2026-03-03T19:00:12+00:00","mainEntityOfPage":{"@id":"https:\/\/www.salzburgerland.com\/cs\/podivejte-se-na-farmarsky-podzim\/"},"wordCount":1987,"image":{"@id":"https:\/\/www.salzburgerland.com\/cs\/podivejte-se-na-farmarsky-podzim\/#primaryimage"},"thumbnailUrl":"https:\/\/www.salzburgerland.com\/cs\/wp-content\/uploads\/2020\/08\/rs1253_15100-1015_bauernherbst_slt_a15_043-lpr.jpg","articleSection":["Uncategorized"],"inLanguage":"cs"},{"@type":"WebPage","@id":"https:\/\/www.salzburgerland.com\/cs\/podivejte-se-na-farmarsky-podzim\/","url":"https:\/\/www.salzburgerland.com\/cs\/podivejte-se-na-farmarsky-podzim\/","name":"Pod\u00edvejte se na Farm\u00e1\u0159sk\u00fd podzim \u00bb SalzburgerLand.com","isPartOf":{"@id":"https:\/\/www.salzburgerland.com\/cs\/#website"},"primaryImageOfPage":{"@id":"https:\/\/www.salzburgerland.com\/cs\/podivejte-se-na-farmarsky-podzim\/#primaryimage"},"image":{"@id":"https:\/\/www.salzburgerland.com\/cs\/podivejte-se-na-farmarsky-podzim\/#primaryimage"},"thumbnailUrl":"https:\/\/www.salzburgerland.com\/cs\/wp-content\/uploads\/2020\/08\/rs1253_15100-1015_bauernherbst_slt_a15_043-lpr.jpg","datePublished":"2020-08-27T09:17:00+00:00","dateModified":"2026-03-03T19:00:12+00:00","author":{"@id":"https:\/\/www.salzburgerland.com\/cs\/#\/schema\/person\/dd42a4661897004df109095dbf40eeff"},"description":"Farm\u00e1\u0159sk\u00fd podzim ve znamen\u00ed oslav, po\u017eitk\u016f a folkloru.","breadcrumb":{"@id":"https:\/\/www.salzburgerland.com\/cs\/podivejte-se-na-farmarsky-podzim\/#breadcrumb"},"inLanguage":"cs","potentialAction":[{"@type":"ReadAction","target":["https:\/\/www.salzburgerland.com\/cs\/podivejte-se-na-farmarsky-podzim\/"]}]},{"@type":"ImageObject","inLanguage":"cs","@id":"https:\/\/www.salzburgerland.com\/cs\/podivejte-se-na-farmarsky-podzim\/#primaryimage","url":"https:\/\/www.salzburgerland.com\/cs\/wp-content\/uploads\/2020\/08\/rs1253_15100-1015_bauernherbst_slt_a15_043-lpr.jpg","contentUrl":"https:\/\/www.salzburgerland.com\/cs\/wp-content\/uploads\/2020\/08\/rs1253_15100-1015_bauernherbst_slt_a15_043-lpr.jpg","width":2000,"height":1335,"caption":"Farm\u00e1\u0159sk\u00fd podzim se ponese v hudebn\u00edm duchu \u00a9 SalzburgerLand Tourismus, Edward Groeger"},{"@type":"BreadcrumbList","@id":"https:\/\/www.salzburgerland.com\/cs\/podivejte-se-na-farmarsky-podzim\/#breadcrumb","itemListElement":[{"@type":"ListItem","position":1,"name":"Farm\u00e1\u0159sk\u00fd podzim","item":"https:\/\/www.salzburgerland.com\/cs\/farmarsky-podzim\/"},{"@type":"ListItem","position":2,"name":"Pod\u00edvejte se na Farm\u00e1\u0159sk\u00fd podzim"}]},{"@type":"WebSite","@id":"https:\/\/www.salzburgerland.com\/cs\/#website","url":"https:\/\/www.salzburgerland.com\/cs\/","name":"SalzburgerLand.com","description":"Va\u0161e dovolen\u00e1 v Salcburku, Rakousko","potentialAction":[{"@type":"SearchAction","target":{"@type":"EntryPoint","urlTemplate":"https:\/\/www.salzburgerland.com\/cs\/?s={search_term_string}"},"query-input":{"@type":"PropertyValueSpecification","valueRequired":true,"valueName":"search_term_string"}}],"inLanguage":"cs"},{"@type":"Person","@id":"https:\/\/www.salzburgerland.com\/cs\/#\/schema\/person\/dd42a4661897004df109095dbf40eeff","name":"Andrea \u017d\u00e1\u010dkov\u00e1","image":{"@type":"ImageObject","inLanguage":"cs","@id":"https:\/\/secure.gravatar.com\/avatar\/338deec8d231d56d0ab7b2b7d6d0aedbcb3eb05390f6c027fd5b7ebe87b67dbf?s=96&d=mm&r=g","url":"https:\/\/secure.gravatar.com\/avatar\/338deec8d231d56d0ab7b2b7d6d0aedbcb3eb05390f6c027fd5b7ebe87b67dbf?s=96&d=mm&r=g","contentUrl":"https:\/\/secure.gravatar.com\/avatar\/338deec8d231d56d0ab7b2b7d6d0aedbcb3eb05390f6c027fd5b7ebe87b67dbf?s=96&d=mm&r=g","caption":"Andrea \u017d\u00e1\u010dkov\u00e1"}}]},"og_video":"https:\/\/www.youtube.com\/embed\/1UObfpva-G0","og_video_type":"text\/html","og_video_duration":"96","og_video_width":"480","og_video_height":"270","ya_ovs_adult":"false","ya_ovs_upload_date":"2020-08-27T09:17:00+00:00","ya_ovs_allow_embed":"true"},"_wl_alt_label":[],"wl:entity_url":"http:\/\/open.salzburgerland.com\/cs\/post\/podivejte_se_na_farmarsky_podzim","_links":{"self":[{"href":"https:\/\/www.salzburgerland.com\/cs\/wp-json\/wp\/v2\/posts\/147539","targetHints":{"allow":["GET"]}}],"collection":[{"href":"https:\/\/www.salzburgerland.com\/cs\/wp-json\/wp\/v2\/posts"}],"about":[{"href":"https:\/\/www.salzburgerland.com\/cs\/wp-json\/wp\/v2\/types\/post"}],"author":[{"embeddable":true,"href":"https:\/\/www.salzburgerland.com\/cs\/wp-json\/wp\/v2\/users\/6"}],"replies":[{"embeddable":true,"href":"https:\/\/www.salzburgerland.com\/cs\/wp-json\/wp\/v2\/comments?post=147539"}],"version-history":[{"count":23,"href":"https:\/\/www.salzburgerland.com\/cs\/wp-json\/wp\/v2\/posts\/147539\/revisions"}],"predecessor-version":[{"id":163919,"href":"https:\/\/www.salzburgerland.com\/cs\/wp-json\/wp\/v2\/posts\/147539\/revisions\/163919"}],"wp:featuredmedia":[{"embeddable":true,"href":"https:\/\/www.salzburgerland.com\/cs\/wp-json\/wp\/v2\/media\/162677"}],"wp:attachment":[{"href":"https:\/\/www.salzburgerland.com\/cs\/wp-json\/wp\/v2\/media?parent=147539"}],"wp:term":[{"taxonomy":"category","embeddable":true,"href":"https:\/\/www.salzburgerland.com\/cs\/wp-json\/wp\/v2\/categories?post=147539"},{"taxonomy":"post_tag","embeddable":true,"href":"https:\/\/www.salzburgerland.com\/cs\/wp-json\/wp\/v2\/tags?post=147539"},{"taxonomy":"wl_entity_type","embeddable":true,"href":"https:\/\/www.salzburgerland.com\/cs\/wp-json\/wp\/v2\/wl_entity_type?post=147539"}],"curies":[{"name":"wp","href":"https:\/\/api.w.org\/{rel}","templated":true}]}}