{"id":147317,"date":"2020-07-08T11:48:32","date_gmt":"2020-07-08T09:48:32","guid":{"rendered":"https:\/\/www.salzburgerland.com\/cs\/?p=147317"},"modified":"2023-07-20T23:58:02","modified_gmt":"2023-07-20T21:58:02","slug":"smazene-vejce-s-liskovym-tatarakem","status":"publish","type":"post","link":"https:\/\/www.salzburgerland.com\/cs\/smazene-vejce-s-liskovym-tatarakem\/","title":{"rendered":"Sma\u017een\u00e9 vejce s li\u0161kov\u00fdm tatar\u00e1kem"},"content":{"rendered":"<p>Tento modern\u00ed recept poch\u00e1z\u00ed od Franze Meilingera, vedouc\u00edho restaurace <a href=\"https:\/\/weyerhof.at\/en\/restaurant-en\/\" target=\"_blank\" rel=\"noopener noreferrer\">Wayerhof<\/a> v Brambergu, v rekrea\u010dn\u00ed oblasti Wildkogel-Arena. Jeho restauraci najdete i v presti\u017en\u00edch mezin\u00e1rodn\u00edch kulin\u00e1\u0159sk\u00fdch pr\u016fvodc\u00edch jako je Gault &amp; Millau nebo falstaff. Pokud byste m\u011bli z\u00e1jem ochutnat u samotn\u00e9ho mistra, v nab\u00eddce je tato pochoutka pod origin\u00e1ln\u00edm n\u00e1zvem jako Gebackenes Ei auf Eierschwammerltatar mit marinierten Kr\u00e4utern, knusprigem Speck und Kr\u00e4\u00fctermajon\u00e4se\u201c.<\/p>\n<p>Recept pro 4 osoby<\/p>\n<h3>Co budete pot\u0159ebovat na tatar\u00e1\u010dek z li\u0161ek<\/h3>\n<p>4 vejce<br>\ncca 600 gram\u016f \u010derstv\u00fdch li\u0161ek<br>\n1 mal\u00e1 cibule<br>\n1 strou\u017eek \u010desneku<br>\n10 pl\u00e1tk\u016f \u0161peku, jemn\u011b nakr\u00e1jen\u00e9ho<br>\n1 mal\u00fd kousek m\u00e1sla<br>\n\u0161alv\u011bj, petr\u017eel, s\u016fl, pep\u0159, mu\u0161k\u00e1t, km\u00edn, citronov\u00e1 \u0161\u0165\u00e1va<\/p>\n<p><strong>Na marinovan\u00e9 bylinky<\/strong><br>\nKerbl\u00edk, pa\u017eitka, major\u00e1nka, petr\u017eel, tymi\u00e1n, olivov\u00fd olej, medov\u00fd ocet<\/p>\n<p><strong>Na majon\u00e9zu<\/strong><br>\ncca \u00bc l \u0159epkov\u00e9ho oleje<br>\n1 \u017eloutek<br>\nHo\u0159\u010dice<br>\nS\u016fl<br>\ncitronov\u00e1 \u0161\u0165\u00e1va<\/p>\n<p>D\u00e1le mouka, vejce, strouhanka na sma\u017een\u00ed<\/p>\n<h3>Jak na to<\/h3>\n<p>Vejce dejte va\u0159it p\u0159ibli\u017en\u011b na 5 minut, pot\u00e9 je prudce zchla\u010fte ledovou vodou a dejte stranou. Opatrn\u011b je oloupejte a posypejte sol\u00ed. Obalte v mouce, vaj\u00ed\u010dku a strouhance. Sma\u017ete cca na 170 stup\u0148\u016f.<br>\nNakr\u00e1jenou cibuli, nasekan\u00fd \u010desnek a 2 pl\u00e1tky nadrobno nakr\u00e1jen\u00e9ho \u0161peku zah\u0159ejte na p\u00e1nvi. Pot\u00e9 p\u0159idejte li\u0161ky. V\u0161echno sma\u017ete tak dlouho, dokud se neodpa\u0159\u00ed tekutina. Oko\u0159e\u0148te sol\u00ed, km\u00ednem, pep\u0159em a mu\u0161k\u00e1tov\u00fdm o\u0159\u00ed\u0161kem. P\u0159idejte nakr\u00e1jenou petr\u017eelku, jemn\u011b pokr\u00e1jenou \u0161alv\u011bj, m\u00e1slo a trochu citronov\u00e9 \u0161\u0165\u00e1vy, a je\u0161t\u011b jednou v\u0161echno ope\u010dte. Ope\u010den\u00e9 li\u0161ky dejte na prk\u00e9nko, nadrobno pokr\u00e1jejte a n\u00e1sledn\u011b op\u011bt vra\u0165te do p\u00e1nve stranou.<\/p>\n<p>Rozlo\u017ete si \u0161pek na velkou p\u00e1nev vylo\u017eenou pe\u010dic\u00edm pap\u00edrem. Zat\u00ed\u017e\u00edte hrncem a op\u00e9k\u00e1te pomalu na plotn\u011b. P\u0159ebyte\u010dn\u00fd tuk osu\u0161te kuchy\u0148skou ut\u011brkou.<br>\nD\u00e1le si p\u0159ipravte majon\u00e9zu. \u017dloutek sm\u00edchejte s trochou vody, p\u0159idejte olej, s\u016fl, pep\u0159, ho\u0159\u010dici a citronovou \u0161\u0165\u00e1vu. Na z\u00e1v\u011br je\u0161t\u011b nakr\u00e1jenou petr\u017eelku a pa\u017eitku \u2013 hotovo!<br>\nBylinky si omyjeme a vybereme nejlep\u0161\u00ed listy a \u010d\u00e1sti. Zlehka marinujeme s trochou soli, pep\u0159e, medov\u00e9ho a olivov\u00e9ho octa.<br>\nNa z\u00e1v\u011br rozd\u011blte tatar\u00e1\u010dek na tal\u00ed\u0159e a na n\u011b posa\u010fte sma\u017een\u00e1 vejce. Okolo rozd\u011blte marinovan\u00e9 bylinky a l\u017ei\u010dkou nakapejte na tal\u00ed\u0159 trochu majon\u00e9zy. Serv\u00edrujte s k\u0159upav\u00fdm \u0161pekem.<\/p>\n<p>\u00a0<\/p>\n","protected":false},"excerpt":{"rendered":"<p>Tento modern\u00ed recept poch\u00e1z\u00ed od Franze Meilingera, vedouc\u00edho restaurace Wayerhof v Brambergu, v rekrea\u010dn\u00ed oblasti Wildkogel-Arena. Jeho restauraci najdete i v presti\u017en\u00edch mezin\u00e1rodn\u00edch kulin\u00e1\u0159sk\u00fdch pr\u016fvodc\u00edch jako je Gault &amp; Millau nebo falstaff. Pokud byste m\u011bli z\u00e1jem ochutnat u samotn\u00e9ho mistra, v nab\u00eddce je tato pochoutka pod origin\u00e1ln\u00edm n\u00e1zvem jako Gebackenes Ei auf Eierschwammerltatar mit marinierten [&hellip;]<\/p>\n","protected":false},"author":6,"featured_media":147318,"comment_status":"closed","ping_status":"closed","sticky":false,"template":"","format":"standard","meta":{"_acf_changed":false,"wl_entities_gutenberg":"","_relevanssi_hide_post":"","_relevanssi_hide_content":"","_relevanssi_pin_for_all":"","_relevanssi_pin_keywords":"","_relevanssi_unpin_keywords":"","_relevanssi_related_keywords":"","_relevanssi_related_include_ids":"","_relevanssi_related_exclude_ids":"","_relevanssi_related_no_append":"","_relevanssi_related_not_related":"","_relevanssi_related_posts":"","_relevanssi_noindex_reason":"","footnotes":""},"categories":[1],"tags":[],"wl_entity_type":[706],"class_list":["post-147317","post","type-post","status-publish","format-standard","has-post-thumbnail","hentry","category-uncategorized","wl_entity_type-article"],"acf":[],"yoast_head":"<!-- This site is optimized with the Yoast SEO Premium plugin v27.4 (Yoast SEO v27.4) - https:\/\/yoast.com\/product\/yoast-seo-premium-wordpress\/ -->\n<title>Sma\u017een\u00e9 vejce s li\u0161kov\u00fdm tatar\u00e1kem \u00bb SalzburgerLand.com<\/title>\n<meta name=\"robots\" content=\"index, follow, max-snippet:-1, max-image-preview:large, max-video-preview:-1\" \/>\n<link rel=\"canonical\" href=\"https:\/\/www.salzburgerland.com\/cs\/smazene-vejce-s-liskovym-tatarakem\/\" \/>\n<meta property=\"og:locale\" content=\"cs_CZ\" \/>\n<meta property=\"og:type\" content=\"article\" \/>\n<meta property=\"og:title\" content=\"Sma\u017een\u00e9 vejce s li\u0161kov\u00fdm tatar\u00e1kem\" \/>\n<meta property=\"og:description\" content=\"Tento modern\u00ed recept poch\u00e1z\u00ed od Franze Meilingera, vedouc\u00edho restaurace Wayerhof v Brambergu, v rekrea\u010dn\u00ed oblasti Wildkogel-Arena. Jeho restauraci najdete\" \/>\n<meta property=\"og:url\" content=\"https:\/\/www.salzburgerland.com\/cs\/smazene-vejce-s-liskovym-tatarakem\/\" \/>\n<meta property=\"og:site_name\" content=\"SalzburgerLand.com\" \/>\n<meta property=\"article:publisher\" content=\"https:\/\/www.facebook.com\/visitsalzburgerland\/\" \/>\n<meta property=\"article:published_time\" content=\"2020-07-08T09:48:32+00:00\" \/>\n<meta property=\"article:modified_time\" content=\"2023-07-20T21:58:02+00:00\" \/>\n<meta property=\"og:image\" content=\"https:\/\/www.salzburgerland.com\/cs\/wp-content\/uploads\/2020\/07\/almsommer012-1200x675.jpg\" \/>\n\t<meta property=\"og:image:width\" content=\"1200\" \/>\n\t<meta property=\"og:image:height\" content=\"675\" \/>\n\t<meta property=\"og:image:type\" content=\"image\/jpeg\" \/>\n<meta name=\"author\" content=\"Andrea \u017d\u00e1\u010dkov\u00e1\" \/>\n<meta name=\"twitter:card\" content=\"summary_large_image\" \/>\n<meta name=\"twitter:creator\" content=\"@salzburgerland\" \/>\n<meta name=\"twitter:site\" content=\"@salzburgerland\" \/>\n<meta name=\"twitter:label1\" content=\"Napsal(a)\" \/>\n\t<meta name=\"twitter:data1\" content=\"Andrea \u017d\u00e1\u010dkov\u00e1\" \/>\n\t<meta name=\"twitter:label2\" content=\"Odhadovan\u00e1 doba \u010dten\u00ed\" \/>\n\t<meta name=\"twitter:data2\" content=\"2 minuty\" \/>\n<script type=\"application\/ld+json\" class=\"yoast-schema-graph\">{\"@context\":\"https:\\\/\\\/schema.org\",\"@graph\":[{\"@type\":\"Article\",\"@id\":\"https:\\\/\\\/www.salzburgerland.com\\\/cs\\\/smazene-vejce-s-liskovym-tatarakem\\\/#article\",\"isPartOf\":{\"@id\":\"https:\\\/\\\/www.salzburgerland.com\\\/cs\\\/smazene-vejce-s-liskovym-tatarakem\\\/\"},\"author\":{\"name\":\"Andrea \u017d\u00e1\u010dkov\u00e1\",\"@id\":\"https:\\\/\\\/www.salzburgerland.com\\\/cs\\\/#\\\/schema\\\/person\\\/dd42a4661897004df109095dbf40eeff\"},\"headline\":\"Sma\u017een\u00e9 vejce s li\u0161kov\u00fdm tatar\u00e1kem\",\"datePublished\":\"2020-07-08T09:48:32+00:00\",\"dateModified\":\"2023-07-20T21:58:02+00:00\",\"mainEntityOfPage\":{\"@id\":\"https:\\\/\\\/www.salzburgerland.com\\\/cs\\\/smazene-vejce-s-liskovym-tatarakem\\\/\"},\"wordCount\":452,\"image\":{\"@id\":\"https:\\\/\\\/www.salzburgerland.com\\\/cs\\\/smazene-vejce-s-liskovym-tatarakem\\\/#primaryimage\"},\"thumbnailUrl\":\"https:\\\/\\\/www.salzburgerland.com\\\/cs\\\/wp-content\\\/uploads\\\/2020\\\/07\\\/almsommer012.jpg\",\"articleSection\":[\"Uncategorized\"],\"inLanguage\":\"cs\"},{\"@type\":\"WebPage\",\"@id\":\"https:\\\/\\\/www.salzburgerland.com\\\/cs\\\/smazene-vejce-s-liskovym-tatarakem\\\/\",\"url\":\"https:\\\/\\\/www.salzburgerland.com\\\/cs\\\/smazene-vejce-s-liskovym-tatarakem\\\/\",\"name\":\"Sma\u017een\u00e9 vejce s li\u0161kov\u00fdm tatar\u00e1kem \u00bb SalzburgerLand.com\",\"isPartOf\":{\"@id\":\"https:\\\/\\\/www.salzburgerland.com\\\/cs\\\/#website\"},\"primaryImageOfPage\":{\"@id\":\"https:\\\/\\\/www.salzburgerland.com\\\/cs\\\/smazene-vejce-s-liskovym-tatarakem\\\/#primaryimage\"},\"image\":{\"@id\":\"https:\\\/\\\/www.salzburgerland.com\\\/cs\\\/smazene-vejce-s-liskovym-tatarakem\\\/#primaryimage\"},\"thumbnailUrl\":\"https:\\\/\\\/www.salzburgerland.com\\\/cs\\\/wp-content\\\/uploads\\\/2020\\\/07\\\/almsommer012.jpg\",\"datePublished\":\"2020-07-08T09:48:32+00:00\",\"dateModified\":\"2023-07-20T21:58:02+00:00\",\"author\":{\"@id\":\"https:\\\/\\\/www.salzburgerland.com\\\/cs\\\/#\\\/schema\\\/person\\\/dd42a4661897004df109095dbf40eeff\"},\"description\":\"Recept od prvot\u0159\u00eddn\u00edho kucha\u0159e ze salcbursk\u00e9 oblasti Wildkogel-Arena ohrom\u00ed ka\u017ed\u00e9ho hosta.\",\"breadcrumb\":{\"@id\":\"https:\\\/\\\/www.salzburgerland.com\\\/cs\\\/smazene-vejce-s-liskovym-tatarakem\\\/#breadcrumb\"},\"inLanguage\":\"cs\",\"potentialAction\":[{\"@type\":\"ReadAction\",\"target\":[\"https:\\\/\\\/www.salzburgerland.com\\\/cs\\\/smazene-vejce-s-liskovym-tatarakem\\\/\"]}]},{\"@type\":\"ImageObject\",\"inLanguage\":\"cs\",\"@id\":\"https:\\\/\\\/www.salzburgerland.com\\\/cs\\\/smazene-vejce-s-liskovym-tatarakem\\\/#primaryimage\",\"url\":\"https:\\\/\\\/www.salzburgerland.com\\\/cs\\\/wp-content\\\/uploads\\\/2020\\\/07\\\/almsommer012.jpg\",\"contentUrl\":\"https:\\\/\\\/www.salzburgerland.com\\\/cs\\\/wp-content\\\/uploads\\\/2020\\\/07\\\/almsommer012.jpg\",\"width\":1920,\"height\":1272,\"caption\":\"Sma\u017een\u00e9 vejce s li\u0161kov\u00fdm tatar\u00e1kem \u00a9 Eierschwammerltartar Claus Muhr\\\/Satel Film 2012\"},{\"@type\":\"BreadcrumbList\",\"@id\":\"https:\\\/\\\/www.salzburgerland.com\\\/cs\\\/smazene-vejce-s-liskovym-tatarakem\\\/#breadcrumb\",\"itemListElement\":[{\"@type\":\"ListItem\",\"position\":1,\"name\":\"Jak\u00e1 je salcbursk\u00e1 kuchyn\u011b\",\"item\":\"https:\\\/\\\/www.salzburgerland.com\\\/cs\\\/jaka-je-salcburska-kuchyne\\\/\"},{\"@type\":\"ListItem\",\"position\":2,\"name\":\"Sma\u017een\u00e9 vejce s li\u0161kov\u00fdm tatar\u00e1kem\"}]},{\"@type\":\"WebSite\",\"@id\":\"https:\\\/\\\/www.salzburgerland.com\\\/cs\\\/#website\",\"url\":\"https:\\\/\\\/www.salzburgerland.com\\\/cs\\\/\",\"name\":\"SalzburgerLand.com\",\"description\":\"Va\u0161e dovolen\u00e1 v Salcburku, Rakousko\",\"potentialAction\":[{\"@type\":\"SearchAction\",\"target\":{\"@type\":\"EntryPoint\",\"urlTemplate\":\"https:\\\/\\\/www.salzburgerland.com\\\/cs\\\/?s={search_term_string}\"},\"query-input\":{\"@type\":\"PropertyValueSpecification\",\"valueRequired\":true,\"valueName\":\"search_term_string\"}}],\"inLanguage\":\"cs\"},{\"@type\":\"Person\",\"@id\":\"https:\\\/\\\/www.salzburgerland.com\\\/cs\\\/#\\\/schema\\\/person\\\/dd42a4661897004df109095dbf40eeff\",\"name\":\"Andrea \u017d\u00e1\u010dkov\u00e1\",\"image\":{\"@type\":\"ImageObject\",\"inLanguage\":\"cs\",\"@id\":\"https:\\\/\\\/secure.gravatar.com\\\/avatar\\\/338deec8d231d56d0ab7b2b7d6d0aedbcb3eb05390f6c027fd5b7ebe87b67dbf?s=96&d=mm&r=g\",\"url\":\"https:\\\/\\\/secure.gravatar.com\\\/avatar\\\/338deec8d231d56d0ab7b2b7d6d0aedbcb3eb05390f6c027fd5b7ebe87b67dbf?s=96&d=mm&r=g\",\"contentUrl\":\"https:\\\/\\\/secure.gravatar.com\\\/avatar\\\/338deec8d231d56d0ab7b2b7d6d0aedbcb3eb05390f6c027fd5b7ebe87b67dbf?s=96&d=mm&r=g\",\"caption\":\"Andrea \u017d\u00e1\u010dkov\u00e1\"}}]}<\/script>\n<!-- \/ Yoast SEO Premium plugin. -->","yoast_head_json":{"title":"Sma\u017een\u00e9 vejce s li\u0161kov\u00fdm tatar\u00e1kem \u00bb SalzburgerLand.com","robots":{"index":"index","follow":"follow","max-snippet":"max-snippet:-1","max-image-preview":"max-image-preview:large","max-video-preview":"max-video-preview:-1"},"canonical":"https:\/\/www.salzburgerland.com\/cs\/smazene-vejce-s-liskovym-tatarakem\/","og_locale":"cs_CZ","og_type":"article","og_title":"Sma\u017een\u00e9 vejce s li\u0161kov\u00fdm tatar\u00e1kem","og_description":"Tento modern\u00ed recept poch\u00e1z\u00ed od Franze Meilingera, vedouc\u00edho restaurace Wayerhof v Brambergu, v rekrea\u010dn\u00ed oblasti Wildkogel-Arena. Jeho restauraci najdete","og_url":"https:\/\/www.salzburgerland.com\/cs\/smazene-vejce-s-liskovym-tatarakem\/","og_site_name":"SalzburgerLand.com","article_publisher":"https:\/\/www.facebook.com\/visitsalzburgerland\/","article_published_time":"2020-07-08T09:48:32+00:00","article_modified_time":"2023-07-20T21:58:02+00:00","og_image":[{"width":1200,"height":675,"url":"https:\/\/www.salzburgerland.com\/cs\/wp-content\/uploads\/2020\/07\/almsommer012-1200x675.jpg","type":"image\/jpeg"}],"author":"Andrea \u017d\u00e1\u010dkov\u00e1","twitter_card":"summary_large_image","twitter_creator":"@salzburgerland","twitter_site":"@salzburgerland","twitter_misc":{"Napsal(a)":"Andrea \u017d\u00e1\u010dkov\u00e1","Odhadovan\u00e1 doba \u010dten\u00ed":"2 minuty"},"schema":{"@context":"https:\/\/schema.org","@graph":[{"@type":"Article","@id":"https:\/\/www.salzburgerland.com\/cs\/smazene-vejce-s-liskovym-tatarakem\/#article","isPartOf":{"@id":"https:\/\/www.salzburgerland.com\/cs\/smazene-vejce-s-liskovym-tatarakem\/"},"author":{"name":"Andrea \u017d\u00e1\u010dkov\u00e1","@id":"https:\/\/www.salzburgerland.com\/cs\/#\/schema\/person\/dd42a4661897004df109095dbf40eeff"},"headline":"Sma\u017een\u00e9 vejce s li\u0161kov\u00fdm tatar\u00e1kem","datePublished":"2020-07-08T09:48:32+00:00","dateModified":"2023-07-20T21:58:02+00:00","mainEntityOfPage":{"@id":"https:\/\/www.salzburgerland.com\/cs\/smazene-vejce-s-liskovym-tatarakem\/"},"wordCount":452,"image":{"@id":"https:\/\/www.salzburgerland.com\/cs\/smazene-vejce-s-liskovym-tatarakem\/#primaryimage"},"thumbnailUrl":"https:\/\/www.salzburgerland.com\/cs\/wp-content\/uploads\/2020\/07\/almsommer012.jpg","articleSection":["Uncategorized"],"inLanguage":"cs"},{"@type":"WebPage","@id":"https:\/\/www.salzburgerland.com\/cs\/smazene-vejce-s-liskovym-tatarakem\/","url":"https:\/\/www.salzburgerland.com\/cs\/smazene-vejce-s-liskovym-tatarakem\/","name":"Sma\u017een\u00e9 vejce s li\u0161kov\u00fdm tatar\u00e1kem \u00bb SalzburgerLand.com","isPartOf":{"@id":"https:\/\/www.salzburgerland.com\/cs\/#website"},"primaryImageOfPage":{"@id":"https:\/\/www.salzburgerland.com\/cs\/smazene-vejce-s-liskovym-tatarakem\/#primaryimage"},"image":{"@id":"https:\/\/www.salzburgerland.com\/cs\/smazene-vejce-s-liskovym-tatarakem\/#primaryimage"},"thumbnailUrl":"https:\/\/www.salzburgerland.com\/cs\/wp-content\/uploads\/2020\/07\/almsommer012.jpg","datePublished":"2020-07-08T09:48:32+00:00","dateModified":"2023-07-20T21:58:02+00:00","author":{"@id":"https:\/\/www.salzburgerland.com\/cs\/#\/schema\/person\/dd42a4661897004df109095dbf40eeff"},"description":"Recept od prvot\u0159\u00eddn\u00edho kucha\u0159e ze salcbursk\u00e9 oblasti Wildkogel-Arena ohrom\u00ed ka\u017ed\u00e9ho hosta.","breadcrumb":{"@id":"https:\/\/www.salzburgerland.com\/cs\/smazene-vejce-s-liskovym-tatarakem\/#breadcrumb"},"inLanguage":"cs","potentialAction":[{"@type":"ReadAction","target":["https:\/\/www.salzburgerland.com\/cs\/smazene-vejce-s-liskovym-tatarakem\/"]}]},{"@type":"ImageObject","inLanguage":"cs","@id":"https:\/\/www.salzburgerland.com\/cs\/smazene-vejce-s-liskovym-tatarakem\/#primaryimage","url":"https:\/\/www.salzburgerland.com\/cs\/wp-content\/uploads\/2020\/07\/almsommer012.jpg","contentUrl":"https:\/\/www.salzburgerland.com\/cs\/wp-content\/uploads\/2020\/07\/almsommer012.jpg","width":1920,"height":1272,"caption":"Sma\u017een\u00e9 vejce s li\u0161kov\u00fdm tatar\u00e1kem \u00a9 Eierschwammerltartar Claus Muhr\/Satel Film 2012"},{"@type":"BreadcrumbList","@id":"https:\/\/www.salzburgerland.com\/cs\/smazene-vejce-s-liskovym-tatarakem\/#breadcrumb","itemListElement":[{"@type":"ListItem","position":1,"name":"Jak\u00e1 je salcbursk\u00e1 kuchyn\u011b","item":"https:\/\/www.salzburgerland.com\/cs\/jaka-je-salcburska-kuchyne\/"},{"@type":"ListItem","position":2,"name":"Sma\u017een\u00e9 vejce s li\u0161kov\u00fdm tatar\u00e1kem"}]},{"@type":"WebSite","@id":"https:\/\/www.salzburgerland.com\/cs\/#website","url":"https:\/\/www.salzburgerland.com\/cs\/","name":"SalzburgerLand.com","description":"Va\u0161e dovolen\u00e1 v Salcburku, Rakousko","potentialAction":[{"@type":"SearchAction","target":{"@type":"EntryPoint","urlTemplate":"https:\/\/www.salzburgerland.com\/cs\/?s={search_term_string}"},"query-input":{"@type":"PropertyValueSpecification","valueRequired":true,"valueName":"search_term_string"}}],"inLanguage":"cs"},{"@type":"Person","@id":"https:\/\/www.salzburgerland.com\/cs\/#\/schema\/person\/dd42a4661897004df109095dbf40eeff","name":"Andrea \u017d\u00e1\u010dkov\u00e1","image":{"@type":"ImageObject","inLanguage":"cs","@id":"https:\/\/secure.gravatar.com\/avatar\/338deec8d231d56d0ab7b2b7d6d0aedbcb3eb05390f6c027fd5b7ebe87b67dbf?s=96&d=mm&r=g","url":"https:\/\/secure.gravatar.com\/avatar\/338deec8d231d56d0ab7b2b7d6d0aedbcb3eb05390f6c027fd5b7ebe87b67dbf?s=96&d=mm&r=g","contentUrl":"https:\/\/secure.gravatar.com\/avatar\/338deec8d231d56d0ab7b2b7d6d0aedbcb3eb05390f6c027fd5b7ebe87b67dbf?s=96&d=mm&r=g","caption":"Andrea \u017d\u00e1\u010dkov\u00e1"}}]}},"_wl_alt_label":[],"wl:entity_url":"http:\/\/open.salzburgerland.com\/cs\/post\/smazene_vejce_s_liskovym_tatarakem","_links":{"self":[{"href":"https:\/\/www.salzburgerland.com\/cs\/wp-json\/wp\/v2\/posts\/147317","targetHints":{"allow":["GET"]}}],"collection":[{"href":"https:\/\/www.salzburgerland.com\/cs\/wp-json\/wp\/v2\/posts"}],"about":[{"href":"https:\/\/www.salzburgerland.com\/cs\/wp-json\/wp\/v2\/types\/post"}],"author":[{"embeddable":true,"href":"https:\/\/www.salzburgerland.com\/cs\/wp-json\/wp\/v2\/users\/6"}],"replies":[{"embeddable":true,"href":"https:\/\/www.salzburgerland.com\/cs\/wp-json\/wp\/v2\/comments?post=147317"}],"version-history":[{"count":2,"href":"https:\/\/www.salzburgerland.com\/cs\/wp-json\/wp\/v2\/posts\/147317\/revisions"}],"predecessor-version":[{"id":156471,"href":"https:\/\/www.salzburgerland.com\/cs\/wp-json\/wp\/v2\/posts\/147317\/revisions\/156471"}],"wp:featuredmedia":[{"embeddable":true,"href":"https:\/\/www.salzburgerland.com\/cs\/wp-json\/wp\/v2\/media\/147318"}],"wp:attachment":[{"href":"https:\/\/www.salzburgerland.com\/cs\/wp-json\/wp\/v2\/media?parent=147317"}],"wp:term":[{"taxonomy":"category","embeddable":true,"href":"https:\/\/www.salzburgerland.com\/cs\/wp-json\/wp\/v2\/categories?post=147317"},{"taxonomy":"post_tag","embeddable":true,"href":"https:\/\/www.salzburgerland.com\/cs\/wp-json\/wp\/v2\/tags?post=147317"},{"taxonomy":"wl_entity_type","embeddable":true,"href":"https:\/\/www.salzburgerland.com\/cs\/wp-json\/wp\/v2\/wl_entity_type?post=147317"}],"curies":[{"name":"wp","href":"https:\/\/api.w.org\/{rel}","templated":true}]}}