{"id":146974,"date":"2020-03-12T23:35:17","date_gmt":"2020-03-12T22:35:17","guid":{"rendered":"https:\/\/www.salzburgerland.com\/cs\/?p=146974"},"modified":"2020-04-10T00:55:52","modified_gmt":"2020-04-09T22:55:52","slug":"konec-zimni-sezony-v-salcbursku","status":"publish","type":"post","link":"https:\/\/www.salzburgerland.com\/cs\/konec-zimni-sezony-v-salcbursku\/","title":{"rendered":"BRZY NASHLEDANOU V SALCBURSKU!"},"content":{"rendered":"<p>Mil\u00ed p\u0159\u00edznivci Salcburska,<\/p>\n<p>Salcbursk\u00fd turismus pln\u011b podporuje snahy rakousk\u00e9 vl\u00e1dy a mezin\u00e1rodn\u00edch spole\u010denstv\u00ed, co nejv\u00edce zamezit \u0161\u00ed\u0159en\u00ed koronaviru.<\/p>\n<p>Jsme p\u0159esv\u011bd\u010deni, \u017ee spole\u010dn\u00fdm \u00fasil\u00edm a se vz\u00e1jemn\u00fdm respektem v\u00a0na\u0161\u00ed spole\u010dnosti t\u00e9to v\u00fdzv\u011b dok\u00e1\u017eeme \u010delit, abychom ji co nejd\u0159\u00edve p\u0159ekonali. Po krizi nastane \u010das, kdy si budeme o to v\u00edce v\u00e1\u017eit a u\u017e\u00edvat mo\u017enosti cestovat, b\u00fdt voln\u011b v\u00a0p\u0159\u00edrod\u011b, a\u0165 u\u017e v\u00a0hor\u00e1ch, v les\u00edch nebo u jezer v\u00a0Salcbursku.<\/p>\n<p><b>Cht\u011bli bychom vyu\u017e\u00edt t\u00e9to p\u0159\u00edle\u017eitosti a srde\u010dn\u011b v\u00e1m pod\u011bkovat za p\u0159\u00edze\u0148 v\u00a0posledn\u00edch letech. U\u017e se moc t\u011b\u0161\u00edme, a\u017e v\u00e1s budeme moci op\u011bt p\u0159iv\u00edtat u n\u00e1s v\u00a0Salcbursku. <\/b><\/p>\n<p>Do t\u00e9 doby v\u00e1m p\u0159ejeme p\u0159edev\u0161\u00edm jedno: opatrujte se a z\u016fsta\u0148te zdrav\u00ed!<\/p>\n<p>Brzy na vid\u011bnou!<br>\nV\u00e1\u0161 t\u00fdm ze Salcburska<\/p>\n<p><strong>#spolutodame <span data-sheets-value='{\"1\":2,\"2\":\"#spoludoma\"}' data-sheets-userformat='{\"2\":4765,\"3\":{\"1\":0},\"5\":{\"1\":[{\"1\":2,\"2\":0,\"5\":[null,2,0]},{\"1\":0,\"2\":0,\"3\":3},{\"1\":1,\"2\":0,\"4\":1}]},\"6\":{\"1\":[{\"1\":2,\"2\":0,\"5\":[null,2,0]},{\"1\":0,\"2\":0,\"3\":3},{\"1\":1,\"2\":0,\"4\":1}]},\"7\":{\"1\":[{\"1\":2,\"2\":0,\"5\":[null,2,0]},{\"1\":0,\"2\":0,\"3\":3},{\"1\":1,\"2\":0,\"4\":1}]},\"10\":2,\"12\":0,\"15\":\"arial,sans,sans-serif\"}'>#spoludoma<br>\n<\/span>#SalzburgerLand #DaheimZeit #stayathome<\/strong><\/p>\n<div id=\"attachment_147003\" style=\"width: 1034px\" class=\"wp-caption alignnone\"><img decoding=\"async\" aria-describedby=\"caption-attachment-147003\" class=\"wp-image-147003 size-medium\" src=\"https:\/\/cdn.salzburgerland.com\/cs\/wp-content\/uploads\/2020\/03\/pilgershooting-eugendorf-by-michael-groessinger-img_4287-1170x658-1-1024x569.jpg\" alt=\"\" width=\"1024\" height=\"569\" srcset=\"https:\/\/www.salzburgerland.com\/cs\/wp-content\/uploads\/2020\/03\/pilgershooting-eugendorf-by-michael-groessinger-img_4287-1170x658-1-1024x569.jpg 1024w, https:\/\/www.salzburgerland.com\/cs\/wp-content\/uploads\/2020\/03\/pilgershooting-eugendorf-by-michael-groessinger-img_4287-1170x658-1-370x206.jpg 370w, https:\/\/www.salzburgerland.com\/cs\/wp-content\/uploads\/2020\/03\/pilgershooting-eugendorf-by-michael-groessinger-img_4287-1170x658-1-270x150.jpg 270w, https:\/\/www.salzburgerland.com\/cs\/wp-content\/uploads\/2020\/03\/pilgershooting-eugendorf-by-michael-groessinger-img_4287-1170x658-1-540x300.jpg 540w\" sizes=\"(max-width: 1024px) 100vw, 1024px\"><p id=\"caption-attachment-147003\" class=\"wp-caption-text\">Poutn\u00edci na Jakobsweg \u00a9 SalzburgerLand Tourismus, Michael Groessinger<\/p><\/div>\n<p>\u00a0<\/p>\n<p>\u00a0<\/p>\n","protected":false},"excerpt":{"rendered":"<p>Mil\u00ed p\u0159\u00edznivci Salcburska, Salcbursk\u00fd turismus pln\u011b podporuje snahy rakousk\u00e9 vl\u00e1dy a mezin\u00e1rodn\u00edch spole\u010denstv\u00ed, co nejv\u00edce zamezit \u0161\u00ed\u0159en\u00ed koronaviru. Jsme p\u0159esv\u011bd\u010deni, \u017ee spole\u010dn\u00fdm \u00fasil\u00edm a se vz\u00e1jemn\u00fdm respektem v\u00a0na\u0161\u00ed spole\u010dnosti t\u00e9to v\u00fdzv\u011b dok\u00e1\u017eeme \u010delit, abychom ji co nejd\u0159\u00edve p\u0159ekonali. Po krizi nastane \u010das, kdy si budeme o to v\u00edce v\u00e1\u017eit a u\u017e\u00edvat mo\u017enosti cestovat, b\u00fdt voln\u011b [&hellip;]<\/p>\n","protected":false},"author":6,"featured_media":147002,"comment_status":"closed","ping_status":"closed","sticky":false,"template":"","format":"standard","meta":{"_acf_changed":false,"wl_entities_gutenberg":"","_relevanssi_hide_post":"","_relevanssi_hide_content":"","_relevanssi_pin_for_all":"","_relevanssi_pin_keywords":"","_relevanssi_unpin_keywords":"","_relevanssi_related_keywords":"","_relevanssi_related_include_ids":"","_relevanssi_related_exclude_ids":"","_relevanssi_related_no_append":"","_relevanssi_related_not_related":"","_relevanssi_related_posts":"","_relevanssi_noindex_reason":"","footnotes":""},"categories":[1],"tags":[],"wl_entity_type":[706],"class_list":["post-146974","post","type-post","status-publish","format-standard","has-post-thumbnail","hentry","category-uncategorized","wl_entity_type-article"],"acf":[],"yoast_head":"<!-- This site is optimized with the Yoast SEO Premium plugin v27.4 (Yoast SEO v27.4) - https:\/\/yoast.com\/product\/yoast-seo-premium-wordpress\/ -->\n<title>BRZY NASHLEDANOU V SALCBURSKU! \u00bb SalzburgerLand.com<\/title>\n<meta name=\"robots\" content=\"index, follow, max-snippet:-1, max-image-preview:large, max-video-preview:-1\" \/>\n<link rel=\"canonical\" href=\"https:\/\/www.salzburgerland.com\/cs\/konec-zimni-sezony-v-salcbursku\/\" \/>\n<meta property=\"og:locale\" content=\"cs_CZ\" \/>\n<meta property=\"og:type\" content=\"article\" \/>\n<meta property=\"og:title\" content=\"BRZY NASHLEDANOU V SALCBURSKU!\" \/>\n<meta property=\"og:description\" content=\"Mil\u00ed p\u0159\u00edznivci Salcburska, Salcbursk\u00fd turismus pln\u011b podporuje snahy rakousk\u00e9 vl\u00e1dy a mezin\u00e1rodn\u00edch spole\u010denstv\u00ed, co nejv\u00edce zamezit \u0161\u00ed\u0159en\u00ed koronaviru.\" \/>\n<meta property=\"og:url\" content=\"https:\/\/www.salzburgerland.com\/cs\/konec-zimni-sezony-v-salcbursku\/\" \/>\n<meta property=\"og:site_name\" content=\"SalzburgerLand.com\" \/>\n<meta property=\"article:publisher\" content=\"https:\/\/www.facebook.com\/visitsalzburgerland\/\" \/>\n<meta property=\"article:published_time\" content=\"2020-03-12T22:35:17+00:00\" \/>\n<meta property=\"article:modified_time\" content=\"2020-04-09T22:55:52+00:00\" \/>\n<meta property=\"og:image\" content=\"https:\/\/www.salzburgerland.com\/cs\/wp-content\/uploads\/2020\/03\/rs2882_2019-04-01-slt-makartplatz-by-michael-groessinger-img_8487-eine-ebene-scr-1100x675.jpg\" \/>\n\t<meta property=\"og:image:width\" content=\"1100\" \/>\n\t<meta property=\"og:image:height\" content=\"675\" \/>\n\t<meta property=\"og:image:type\" content=\"image\/jpeg\" \/>\n<meta name=\"author\" content=\"Andrea \u017d\u00e1\u010dkov\u00e1\" \/>\n<meta name=\"twitter:card\" content=\"summary_large_image\" \/>\n<meta name=\"twitter:creator\" content=\"@salzburgerland\" \/>\n<meta name=\"twitter:site\" content=\"@salzburgerland\" \/>\n<meta name=\"twitter:label1\" content=\"Napsal(a)\" \/>\n\t<meta name=\"twitter:data1\" content=\"Andrea \u017d\u00e1\u010dkov\u00e1\" \/>\n\t<meta name=\"twitter:label2\" content=\"Odhadovan\u00e1 doba \u010dten\u00ed\" \/>\n\t<meta name=\"twitter:data2\" content=\"1 minuta\" \/>\n<script type=\"application\/ld+json\" class=\"yoast-schema-graph\">{\"@context\":\"https:\\\/\\\/schema.org\",\"@graph\":[{\"@type\":\"Article\",\"@id\":\"https:\\\/\\\/www.salzburgerland.com\\\/cs\\\/konec-zimni-sezony-v-salcbursku\\\/#article\",\"isPartOf\":{\"@id\":\"https:\\\/\\\/www.salzburgerland.com\\\/cs\\\/konec-zimni-sezony-v-salcbursku\\\/\"},\"author\":{\"name\":\"Andrea \u017d\u00e1\u010dkov\u00e1\",\"@id\":\"https:\\\/\\\/www.salzburgerland.com\\\/cs\\\/#\\\/schema\\\/person\\\/dd42a4661897004df109095dbf40eeff\"},\"headline\":\"BRZY NASHLEDANOU V SALCBURSKU!\",\"datePublished\":\"2020-03-12T22:35:17+00:00\",\"dateModified\":\"2020-04-09T22:55:52+00:00\",\"mainEntityOfPage\":{\"@id\":\"https:\\\/\\\/www.salzburgerland.com\\\/cs\\\/konec-zimni-sezony-v-salcbursku\\\/\"},\"wordCount\":194,\"image\":{\"@id\":\"https:\\\/\\\/www.salzburgerland.com\\\/cs\\\/konec-zimni-sezony-v-salcbursku\\\/#primaryimage\"},\"thumbnailUrl\":\"https:\\\/\\\/www.salzburgerland.com\\\/cs\\\/wp-content\\\/uploads\\\/2020\\\/03\\\/rs2882_2019-04-01-slt-makartplatz-by-michael-groessinger-img_8487-eine-ebene-scr.jpg\",\"articleSection\":[\"Uncategorized\"],\"inLanguage\":\"cs\"},{\"@type\":\"WebPage\",\"@id\":\"https:\\\/\\\/www.salzburgerland.com\\\/cs\\\/konec-zimni-sezony-v-salcbursku\\\/\",\"url\":\"https:\\\/\\\/www.salzburgerland.com\\\/cs\\\/konec-zimni-sezony-v-salcbursku\\\/\",\"name\":\"BRZY NASHLEDANOU V SALCBURSKU! \u00bb SalzburgerLand.com\",\"isPartOf\":{\"@id\":\"https:\\\/\\\/www.salzburgerland.com\\\/cs\\\/#website\"},\"primaryImageOfPage\":{\"@id\":\"https:\\\/\\\/www.salzburgerland.com\\\/cs\\\/konec-zimni-sezony-v-salcbursku\\\/#primaryimage\"},\"image\":{\"@id\":\"https:\\\/\\\/www.salzburgerland.com\\\/cs\\\/konec-zimni-sezony-v-salcbursku\\\/#primaryimage\"},\"thumbnailUrl\":\"https:\\\/\\\/www.salzburgerland.com\\\/cs\\\/wp-content\\\/uploads\\\/2020\\\/03\\\/rs2882_2019-04-01-slt-makartplatz-by-michael-groessinger-img_8487-eine-ebene-scr.jpg\",\"datePublished\":\"2020-03-12T22:35:17+00:00\",\"dateModified\":\"2020-04-09T22:55:52+00:00\",\"author\":{\"@id\":\"https:\\\/\\\/www.salzburgerland.com\\\/cs\\\/#\\\/schema\\\/person\\\/dd42a4661897004df109095dbf40eeff\"},\"description\":\"T\u011b\u0161\u00edme se na v\u00e1s\",\"breadcrumb\":{\"@id\":\"https:\\\/\\\/www.salzburgerland.com\\\/cs\\\/konec-zimni-sezony-v-salcbursku\\\/#breadcrumb\"},\"inLanguage\":\"cs\",\"potentialAction\":[{\"@type\":\"ReadAction\",\"target\":[\"https:\\\/\\\/www.salzburgerland.com\\\/cs\\\/konec-zimni-sezony-v-salcbursku\\\/\"]}]},{\"@type\":\"ImageObject\",\"inLanguage\":\"cs\",\"@id\":\"https:\\\/\\\/www.salzburgerland.com\\\/cs\\\/konec-zimni-sezony-v-salcbursku\\\/#primaryimage\",\"url\":\"https:\\\/\\\/www.salzburgerland.com\\\/cs\\\/wp-content\\\/uploads\\\/2020\\\/03\\\/rs2882_2019-04-01-slt-makartplatz-by-michael-groessinger-img_8487-eine-ebene-scr.jpg\",\"contentUrl\":\"https:\\\/\\\/www.salzburgerland.com\\\/cs\\\/wp-content\\\/uploads\\\/2020\\\/03\\\/rs2882_2019-04-01-slt-makartplatz-by-michael-groessinger-img_8487-eine-ebene-scr.jpg\",\"width\":1100,\"height\":733,\"caption\":\"Rozkvetl\u00e9 magnolie v Salcburku \u00a9 SalzburgerLand Tourismus, Michael Groessinger, Makartplatz Magnolien\"},{\"@type\":\"BreadcrumbList\",\"@id\":\"https:\\\/\\\/www.salzburgerland.com\\\/cs\\\/konec-zimni-sezony-v-salcbursku\\\/#breadcrumb\",\"itemListElement\":[{\"@type\":\"ListItem\",\"position\":1,\"name\":\"Salcbursko\",\"item\":\"https:\\\/\\\/www.salzburgerland.com\\\/cs\\\/salcbursko\\\/\"},{\"@type\":\"ListItem\",\"position\":2,\"name\":\"BRZY NASHLEDANOU V SALCBURSKU!\"}]},{\"@type\":\"WebSite\",\"@id\":\"https:\\\/\\\/www.salzburgerland.com\\\/cs\\\/#website\",\"url\":\"https:\\\/\\\/www.salzburgerland.com\\\/cs\\\/\",\"name\":\"SalzburgerLand.com\",\"description\":\"Va\u0161e dovolen\u00e1 v Salcburku, Rakousko\",\"potentialAction\":[{\"@type\":\"SearchAction\",\"target\":{\"@type\":\"EntryPoint\",\"urlTemplate\":\"https:\\\/\\\/www.salzburgerland.com\\\/cs\\\/?s={search_term_string}\"},\"query-input\":{\"@type\":\"PropertyValueSpecification\",\"valueRequired\":true,\"valueName\":\"search_term_string\"}}],\"inLanguage\":\"cs\"},{\"@type\":\"Person\",\"@id\":\"https:\\\/\\\/www.salzburgerland.com\\\/cs\\\/#\\\/schema\\\/person\\\/dd42a4661897004df109095dbf40eeff\",\"name\":\"Andrea \u017d\u00e1\u010dkov\u00e1\",\"image\":{\"@type\":\"ImageObject\",\"inLanguage\":\"cs\",\"@id\":\"https:\\\/\\\/secure.gravatar.com\\\/avatar\\\/338deec8d231d56d0ab7b2b7d6d0aedbcb3eb05390f6c027fd5b7ebe87b67dbf?s=96&d=mm&r=g\",\"url\":\"https:\\\/\\\/secure.gravatar.com\\\/avatar\\\/338deec8d231d56d0ab7b2b7d6d0aedbcb3eb05390f6c027fd5b7ebe87b67dbf?s=96&d=mm&r=g\",\"contentUrl\":\"https:\\\/\\\/secure.gravatar.com\\\/avatar\\\/338deec8d231d56d0ab7b2b7d6d0aedbcb3eb05390f6c027fd5b7ebe87b67dbf?s=96&d=mm&r=g\",\"caption\":\"Andrea \u017d\u00e1\u010dkov\u00e1\"}}]}<\/script>\n<!-- \/ Yoast SEO Premium plugin. -->","yoast_head_json":{"title":"BRZY NASHLEDANOU V SALCBURSKU! \u00bb SalzburgerLand.com","robots":{"index":"index","follow":"follow","max-snippet":"max-snippet:-1","max-image-preview":"max-image-preview:large","max-video-preview":"max-video-preview:-1"},"canonical":"https:\/\/www.salzburgerland.com\/cs\/konec-zimni-sezony-v-salcbursku\/","og_locale":"cs_CZ","og_type":"article","og_title":"BRZY NASHLEDANOU V SALCBURSKU!","og_description":"Mil\u00ed p\u0159\u00edznivci Salcburska, Salcbursk\u00fd turismus pln\u011b podporuje snahy rakousk\u00e9 vl\u00e1dy a mezin\u00e1rodn\u00edch spole\u010denstv\u00ed, co nejv\u00edce zamezit \u0161\u00ed\u0159en\u00ed koronaviru.","og_url":"https:\/\/www.salzburgerland.com\/cs\/konec-zimni-sezony-v-salcbursku\/","og_site_name":"SalzburgerLand.com","article_publisher":"https:\/\/www.facebook.com\/visitsalzburgerland\/","article_published_time":"2020-03-12T22:35:17+00:00","article_modified_time":"2020-04-09T22:55:52+00:00","og_image":[{"width":1100,"height":675,"url":"https:\/\/www.salzburgerland.com\/cs\/wp-content\/uploads\/2020\/03\/rs2882_2019-04-01-slt-makartplatz-by-michael-groessinger-img_8487-eine-ebene-scr-1100x675.jpg","type":"image\/jpeg"}],"author":"Andrea \u017d\u00e1\u010dkov\u00e1","twitter_card":"summary_large_image","twitter_creator":"@salzburgerland","twitter_site":"@salzburgerland","twitter_misc":{"Napsal(a)":"Andrea \u017d\u00e1\u010dkov\u00e1","Odhadovan\u00e1 doba \u010dten\u00ed":"1 minuta"},"schema":{"@context":"https:\/\/schema.org","@graph":[{"@type":"Article","@id":"https:\/\/www.salzburgerland.com\/cs\/konec-zimni-sezony-v-salcbursku\/#article","isPartOf":{"@id":"https:\/\/www.salzburgerland.com\/cs\/konec-zimni-sezony-v-salcbursku\/"},"author":{"name":"Andrea \u017d\u00e1\u010dkov\u00e1","@id":"https:\/\/www.salzburgerland.com\/cs\/#\/schema\/person\/dd42a4661897004df109095dbf40eeff"},"headline":"BRZY NASHLEDANOU V SALCBURSKU!","datePublished":"2020-03-12T22:35:17+00:00","dateModified":"2020-04-09T22:55:52+00:00","mainEntityOfPage":{"@id":"https:\/\/www.salzburgerland.com\/cs\/konec-zimni-sezony-v-salcbursku\/"},"wordCount":194,"image":{"@id":"https:\/\/www.salzburgerland.com\/cs\/konec-zimni-sezony-v-salcbursku\/#primaryimage"},"thumbnailUrl":"https:\/\/www.salzburgerland.com\/cs\/wp-content\/uploads\/2020\/03\/rs2882_2019-04-01-slt-makartplatz-by-michael-groessinger-img_8487-eine-ebene-scr.jpg","articleSection":["Uncategorized"],"inLanguage":"cs"},{"@type":"WebPage","@id":"https:\/\/www.salzburgerland.com\/cs\/konec-zimni-sezony-v-salcbursku\/","url":"https:\/\/www.salzburgerland.com\/cs\/konec-zimni-sezony-v-salcbursku\/","name":"BRZY NASHLEDANOU V SALCBURSKU! \u00bb SalzburgerLand.com","isPartOf":{"@id":"https:\/\/www.salzburgerland.com\/cs\/#website"},"primaryImageOfPage":{"@id":"https:\/\/www.salzburgerland.com\/cs\/konec-zimni-sezony-v-salcbursku\/#primaryimage"},"image":{"@id":"https:\/\/www.salzburgerland.com\/cs\/konec-zimni-sezony-v-salcbursku\/#primaryimage"},"thumbnailUrl":"https:\/\/www.salzburgerland.com\/cs\/wp-content\/uploads\/2020\/03\/rs2882_2019-04-01-slt-makartplatz-by-michael-groessinger-img_8487-eine-ebene-scr.jpg","datePublished":"2020-03-12T22:35:17+00:00","dateModified":"2020-04-09T22:55:52+00:00","author":{"@id":"https:\/\/www.salzburgerland.com\/cs\/#\/schema\/person\/dd42a4661897004df109095dbf40eeff"},"description":"T\u011b\u0161\u00edme se na v\u00e1s","breadcrumb":{"@id":"https:\/\/www.salzburgerland.com\/cs\/konec-zimni-sezony-v-salcbursku\/#breadcrumb"},"inLanguage":"cs","potentialAction":[{"@type":"ReadAction","target":["https:\/\/www.salzburgerland.com\/cs\/konec-zimni-sezony-v-salcbursku\/"]}]},{"@type":"ImageObject","inLanguage":"cs","@id":"https:\/\/www.salzburgerland.com\/cs\/konec-zimni-sezony-v-salcbursku\/#primaryimage","url":"https:\/\/www.salzburgerland.com\/cs\/wp-content\/uploads\/2020\/03\/rs2882_2019-04-01-slt-makartplatz-by-michael-groessinger-img_8487-eine-ebene-scr.jpg","contentUrl":"https:\/\/www.salzburgerland.com\/cs\/wp-content\/uploads\/2020\/03\/rs2882_2019-04-01-slt-makartplatz-by-michael-groessinger-img_8487-eine-ebene-scr.jpg","width":1100,"height":733,"caption":"Rozkvetl\u00e9 magnolie v Salcburku \u00a9 SalzburgerLand Tourismus, Michael Groessinger, Makartplatz Magnolien"},{"@type":"BreadcrumbList","@id":"https:\/\/www.salzburgerland.com\/cs\/konec-zimni-sezony-v-salcbursku\/#breadcrumb","itemListElement":[{"@type":"ListItem","position":1,"name":"Salcbursko","item":"https:\/\/www.salzburgerland.com\/cs\/salcbursko\/"},{"@type":"ListItem","position":2,"name":"BRZY NASHLEDANOU V SALCBURSKU!"}]},{"@type":"WebSite","@id":"https:\/\/www.salzburgerland.com\/cs\/#website","url":"https:\/\/www.salzburgerland.com\/cs\/","name":"SalzburgerLand.com","description":"Va\u0161e dovolen\u00e1 v Salcburku, Rakousko","potentialAction":[{"@type":"SearchAction","target":{"@type":"EntryPoint","urlTemplate":"https:\/\/www.salzburgerland.com\/cs\/?s={search_term_string}"},"query-input":{"@type":"PropertyValueSpecification","valueRequired":true,"valueName":"search_term_string"}}],"inLanguage":"cs"},{"@type":"Person","@id":"https:\/\/www.salzburgerland.com\/cs\/#\/schema\/person\/dd42a4661897004df109095dbf40eeff","name":"Andrea \u017d\u00e1\u010dkov\u00e1","image":{"@type":"ImageObject","inLanguage":"cs","@id":"https:\/\/secure.gravatar.com\/avatar\/338deec8d231d56d0ab7b2b7d6d0aedbcb3eb05390f6c027fd5b7ebe87b67dbf?s=96&d=mm&r=g","url":"https:\/\/secure.gravatar.com\/avatar\/338deec8d231d56d0ab7b2b7d6d0aedbcb3eb05390f6c027fd5b7ebe87b67dbf?s=96&d=mm&r=g","contentUrl":"https:\/\/secure.gravatar.com\/avatar\/338deec8d231d56d0ab7b2b7d6d0aedbcb3eb05390f6c027fd5b7ebe87b67dbf?s=96&d=mm&r=g","caption":"Andrea \u017d\u00e1\u010dkov\u00e1"}}]}},"_wl_alt_label":[],"wl:entity_url":"http:\/\/open.salzburgerland.com\/cs\/post\/konec_zimni_sezony_v_salcbursku","_links":{"self":[{"href":"https:\/\/www.salzburgerland.com\/cs\/wp-json\/wp\/v2\/posts\/146974","targetHints":{"allow":["GET"]}}],"collection":[{"href":"https:\/\/www.salzburgerland.com\/cs\/wp-json\/wp\/v2\/posts"}],"about":[{"href":"https:\/\/www.salzburgerland.com\/cs\/wp-json\/wp\/v2\/types\/post"}],"author":[{"embeddable":true,"href":"https:\/\/www.salzburgerland.com\/cs\/wp-json\/wp\/v2\/users\/6"}],"replies":[{"embeddable":true,"href":"https:\/\/www.salzburgerland.com\/cs\/wp-json\/wp\/v2\/comments?post=146974"}],"version-history":[{"count":5,"href":"https:\/\/www.salzburgerland.com\/cs\/wp-json\/wp\/v2\/posts\/146974\/revisions"}],"predecessor-version":[{"id":147109,"href":"https:\/\/www.salzburgerland.com\/cs\/wp-json\/wp\/v2\/posts\/146974\/revisions\/147109"}],"wp:featuredmedia":[{"embeddable":true,"href":"https:\/\/www.salzburgerland.com\/cs\/wp-json\/wp\/v2\/media\/147002"}],"wp:attachment":[{"href":"https:\/\/www.salzburgerland.com\/cs\/wp-json\/wp\/v2\/media?parent=146974"}],"wp:term":[{"taxonomy":"category","embeddable":true,"href":"https:\/\/www.salzburgerland.com\/cs\/wp-json\/wp\/v2\/categories?post=146974"},{"taxonomy":"post_tag","embeddable":true,"href":"https:\/\/www.salzburgerland.com\/cs\/wp-json\/wp\/v2\/tags?post=146974"},{"taxonomy":"wl_entity_type","embeddable":true,"href":"https:\/\/www.salzburgerland.com\/cs\/wp-json\/wp\/v2\/wl_entity_type?post=146974"}],"curies":[{"name":"wp","href":"https:\/\/api.w.org\/{rel}","templated":true}]}}