{"id":145612,"date":"2019-07-19T15:05:40","date_gmt":"2019-07-19T13:05:40","guid":{"rendered":"https:\/\/www.salzburgerland.com\/cs\/?p=145612"},"modified":"2022-04-12T17:20:06","modified_gmt":"2022-04-12T15:20:06","slug":"borovice-je-kralovnou-alp","status":"publish","type":"post","link":"https:\/\/www.salzburgerland.com\/cs\/borovice-je-kralovnou-alp\/","title":{"rendered":"Borovice je kr\u00e1lovnou Alp"},"content":{"rendered":"<div id=\"attachment_145614\" style=\"width: 1180px\" class=\"wp-caption alignnone\"><img decoding=\"async\" aria-describedby=\"caption-attachment-145614\" class=\"wp-image-145614\" src=\"https:\/\/cdn.salzburgerland.com\/cs\/wp-content\/uploads\/2019\/07\/gastein_graukogel_zirbe-1170x658.jpg\" alt=\"\" width=\"1170\" height=\"658\" srcset=\"https:\/\/www.salzburgerland.com\/cs\/wp-content\/uploads\/2019\/07\/gastein_graukogel_zirbe-1170x658.jpg 1170w, https:\/\/www.salzburgerland.com\/cs\/wp-content\/uploads\/2019\/07\/gastein_graukogel_zirbe-1170x658-768x432.jpg 768w\" sizes=\"(max-width: 1170px) 100vw, 1170px\"><p id=\"caption-attachment-145614\" class=\"wp-caption-text\">Borovice maj\u00ed sv\u00e9 nezam\u011bniteln\u00e9 kouzlo, v\u011bd\u00ed to i m\u00edstn\u00ed pr\u016fvodci \u00a9 SalzburgerLand Tourismus, Peter Zeitlhofer<\/p><\/div>\n<p>Dvouseda\u010dkov\u00e1 lanovka na horu Graukogel nad m\u011bstem <a href=\"https:\/\/www.salzburgerland.com\/cs\/gastein-v-lete\/\">Bad<\/a> Gastein jede pomal\u00fdm tempem a\u017e do v\u00fd\u0161ky 900 metr\u016f. Vzn\u00e1\u0161\u00ed se nad korunami smrk\u016f k\u00a0les\u016fm, kde se v\u00a0tomto podneb\u00ed dob\u0159e da\u0159\u00ed obzvl\u00e1\u0161t\u011b jedn\u011bm z nejodoln\u011bj\u0161\u00edch jehli\u010dnat\u00fdch strom\u016f, kter\u00fdmi jsou borovice. Omamn\u011b s\u00e1laj\u00ed svou nezam\u011bnitelnou v\u016fni prysky\u0159ice. Tu m\u00e1 krom\u011b \u0161tr\u016fdlu, hudby a p\u0159\u00edrody v\u0161eobecn\u011b, r\u00e1d i jeden z\u00a0m\u00edstn\u00edch pr\u016fvodc\u016f a znalc\u016f t\u00e9to oblasti, Hans Naglmayr. Jedn\u00edm z\u00a0jeho nejobl\u00edben\u011bj\u0161\u00edch m\u00edst je nau\u010dn\u00e1 stezka Zirbenweg na Graukogelu ve v\u00fd\u0161ce zhruba 2000 nad mo\u0159em.<\/p>\n<p>P\u0159es smrkov\u00e9 porosty se lanovkou dostanete a\u017e do kr\u00e1lovstv\u00ed borovic, na kter\u00fdch ve v\u011btru povl\u00e1vaj\u00ed li\u0161ejn\u00edky jm\u00e9nem provazovky. Jsou zn\u00e1mkou vynikaj\u00edc\u00ed kvality ovzdu\u0161\u00ed. Na okruhu Zirbenweg se m\u016f\u017eete vydat ve sm\u011bru na jih a zp\u011bt k\u00a0chalup\u011b Graukogelh\u00fctte. Pokud p\u016fjdete rychle, zabere v\u00e1m cesta pouh\u00fdch t\u0159icet minut. S\u00a0pr\u016fvodcem trv\u00e1 cesta a\u017e t\u0159i nebo \u010dty\u0159i hodiny, proto\u017ee je tady na ka\u017ed\u00e9m kroku spousta zaj\u00edmavost\u00ed k\u00a0vid\u011bn\u00ed a vypr\u00e1v\u011bn\u00ed. Jako nap\u0159\u00edklad to, pro\u010d se tady turist\u016fm tolik t\u0159pyt\u00ed podr\u00e1\u017eky. Ulp\u00edv\u00e1 na nich toti\u017e takzvan\u00fd muskovit, sv\u011btl\u00fd druh sl\u00eddy, kter\u00fd p\u0159ipom\u00edn\u00e1 d\u016fle\u017eitou roli \u00fadol\u00ed Gasteinertal v\u00a0t\u011b\u017eb\u011b zlata.<\/p>\n<div id=\"attachment_145364\" style=\"width: 1034px\" class=\"wp-caption alignnone\"><img decoding=\"async\" aria-describedby=\"caption-attachment-145364\" class=\"wp-image-145364 size-1170_658\" src=\"https:\/\/cdn.salzburgerland.com\/cs\/wp-content\/uploads\/2019\/05\/zw14_dsc_7142_michel_edv-1024x658.jpg\" alt=\"\" width=\"1024\" height=\"658\"><p id=\"caption-attachment-145364\" class=\"wp-caption-text\">Nau\u010dn\u00e1 stezka Zirbenweg \u00a9 SalzburgerLand Tourismus, Gasteinertal<\/p><\/div>\n<h3>Kde borov\u00fd zav\u00e1n\u00ed h\u00e1j<\/h3>\n<p>Do kouzeln\u00e9ho sv\u011bta borovic se sm\u011ble m\u016f\u017eete vydat s celou rodinou. Zirbenweg je nen\u00e1ro\u010dnou a\u017e snadnou t\u00farou, kter\u00e1 je v\u0161ak velice zaj\u00edmav\u00e1. Pod v\u00e1mi se bude rozprost\u00edrat star\u00e9 l\u00e1ze\u0148sk\u00e9\u00a0m\u011bsto Bad Gastein se sv\u00fdmi elegantn\u00edmi secesn\u00edmi hotely, obklopen\u00fdmi stromy. M\u00edsto bylo kdysi vybudov\u00e1no uprost\u0159ed svahu, a tak je i dnes \u010dlov\u011bk p\u0159ekvapen, kdy\u017e stoj\u00ed mezi honosn\u00fdmi hotely, a p\u0159itom se c\u00edt\u00ed trochu jako v\u00a0lese, kter\u00fd se tady rozprost\u00edral d\u00e1vno v\u00a0minulosti.<\/p>\n<div id=\"attachment_145616\" style=\"width: 1180px\" class=\"wp-caption alignnone\"><img decoding=\"async\" aria-describedby=\"caption-attachment-145616\" class=\"wp-image-145616\" src=\"https:\/\/cdn.salzburgerland.com\/cs\/wp-content\/uploads\/2019\/07\/zirbwneg-3-1170x658.jpg\" alt=\"\" width=\"1170\" height=\"658\" srcset=\"https:\/\/www.salzburgerland.com\/cs\/wp-content\/uploads\/2019\/07\/zirbwneg-3-1170x658.jpg 1170w, https:\/\/www.salzburgerland.com\/cs\/wp-content\/uploads\/2019\/07\/zirbwneg-3-1170x658-768x432.jpg 768w\" sizes=\"(max-width: 1170px) 100vw, 1170px\"><p id=\"caption-attachment-145616\" class=\"wp-caption-text\">Odpo\u010dinek na Zirbenweg \u00a9 SalzburgerLand Tourismus, Michael Gr\u00f6ssinger<\/p><\/div>\n<p>Na Graukogelu jsou krom\u011b toho turist\u00e9 obklopeni tak\u00e9 vrcholy hor Stubnerkogel, Feuersang a Schareck. Oz\u00fdv\u00e1 se tady sm\u00edch d\u011bt\u00ed i dosp\u011bl\u00fdch. N\u011bkdo se houpe na houpa\u010dce, jin\u00ed se schov\u00e1vaj\u00ed a dov\u00e1d\u011bj\u00ed v hn\u00edzdech z borovic. Z vyhl\u00eddkov\u00fdch plo\u0161in, d\u0159ev\u011bn\u00fdch leh\u00e1tek a lavi\u010dek se otev\u00edr\u00e1 p\u0159ekr\u00e1sn\u00e9 panorama. V\u0161echno, co lemuje\u00a0nau\u010dnou stezku, je vyrobeno z\u00a0p\u0159\u00edrodn\u00edch materi\u00e1l\u016f. Zam\u011b\u0159me ale pozornost na hlavn\u00ed hv\u011bzdu t\u00e9to oblasti, kterou je samotn\u00e1 borovice. Jde o velmi odoln\u00fd strom, kter\u00fd vydr\u017e\u00ed teploty a\u017e -40 stup\u0148\u016f. Proto jsou zde tak\u00e9 k vid\u011bn\u00ed borovice tak \u00factyhodn\u00e9ho st\u00e1\u0159\u00ed. Ty na vrcholu Graukogelu maj\u00ed a\u017e neuv\u011b\u0159iteln\u00fdch tis\u00edc let!<\/p>\n<h3>Pta\u010d\u00ed zahradn\u00edk borov\u00fdch les\u016f<\/h3>\n<p>Borovice limba \u017eije v symbi\u00f3ze se zaj\u00edmav\u00fdm, b\u00edlo\u010dern\u00fdm pt\u00e1kem, o\u0159e\u0161n\u00edkem kropenat\u00fdm z \u010deledi krkavcovit\u00fdch. Sem\u00ednka uvnit\u0159 borov\u00fdch \u0161i\u0161ek jsou p\u0159\u00edli\u0161 t\u011b\u017ek\u00e1 na to, aby je roznesl v\u00edtr, tak\u017ee k jejich \u0161\u00ed\u0159en\u00ed p\u0159isp\u00edv\u00e1 tento ope\u0159enec. O\u0159e\u0161n\u00edk kropenat\u00fd se \u017eiv\u00ed sem\u00ednky borovic a r\u00e1d si je na zimu schov\u00e1v\u00e1 na r\u016fzn\u00fdch vyv\u00fd\u0161enin\u00e1ch, jako nap\u0159\u00edklad prohlubn\u00edch kamen\u016f nebo ve skaln\u00edch bloc\u00edch. Ty nejsou v zim\u011b kv\u016fli v\u011btru \u010dasto pokryty sn\u011bhem. Pt\u00e1ci tak mohou snadn\u011bji naj\u00edt sv\u00e9 z\u00e1soby. Tam, kde na sv\u016fj \u00fakryt zapomenou, m\u016f\u017ee znovu vyr\u016fst mal\u00e1 borovice. Na <strong>Graukogelu<\/strong> se ostatn\u011b sami p\u0159esv\u011bd\u010d\u00edte tom, \u017ee v\u011bt\u0161ina mal\u00fdch borovic skute\u010dn\u011b vyr\u016fst\u00e1 v kopc\u00edch.<\/p>\n<h3>Lesn\u00ed l\u00e1zn\u011b pro t\u011blo i mysl<\/h3>\n<img decoding=\"async\" class=\"wp-image-145613\" src=\"https:\/\/cdn.salzburgerland.com\/cs\/wp-content\/uploads\/2019\/07\/gastein-alpine-bathing-1-1170x658.jpg\" alt=\"\" width=\"1170\" height=\"658\" srcset=\"https:\/\/www.salzburgerland.com\/cs\/wp-content\/uploads\/2019\/07\/gastein-alpine-bathing-1-1170x658.jpg 1170w, https:\/\/www.salzburgerland.com\/cs\/wp-content\/uploads\/2019\/07\/gastein-alpine-bathing-1-1170x658-768x432.jpg 768w\" sizes=\"(max-width: 1170px) 100vw, 1170px\">\n<p>Spr\u00e1vce N\u00e1rodn\u00edho parku a pr\u016fvodce Hans Naglmayr tak\u00e9 vysv\u011btluje, pro\u010d je d\u016fle\u017eit\u00e9 i mrtv\u00e9 d\u0159evo, kter\u00e9 v kr\u00e1tk\u00e9 vegeta\u010dn\u00ed z\u00f3n\u011b ve v\u00fd\u0161ce 1900 metr\u016f \u010dasto v\u00edce ne\u017e sto let neshnije a nerozpadne se. Jsou tu stromy, kter\u00e9 zem\u0159ely p\u0159ed n\u011bkolika desetilet\u00edmi. \u201eTyto oblasti pat\u0159\u00ed k nejintenzivn\u011bj\u0161\u00edm a nejsiln\u011bj\u0161\u00edm m\u00edst\u016fm, kter\u00e9 zn\u00e1m,\u201c \u0159\u00edk\u00e1 Hans Naglmayr, kter\u00fd podle sv\u00fdch slov na Graukogelu na\u010derp\u00e1v\u00e1 energii a u\u017e\u00edv\u00e1 si klid. \u00da\u010dinky borovic jsou ji\u017e nyn\u00ed i v\u011bdecky prok\u00e1z\u00e1ny. Nap\u0159\u00edklad ti, kte\u0159\u00ed sp\u00ed v m\u00edstnosti oblo\u017een\u00e9 borov\u00fdm d\u0159evem, maj\u00ed lep\u0161\u00ed tepovou frekvenci. Takov\u00e9 pokoje \u0161\u00ed\u0159\u00ed svou jedine\u010dnou v\u016fni i po sto letech. Pe\u010divo uskladn\u011bn\u00e9 v chlebovce z borov\u00e9ho d\u0159eva tak\u00e9 neplesniv\u00ed.<\/p>\n<p>Les je ide\u00e1ln\u00edm m\u00edstem pro relaxaci, co\u017e se v\u00ed ji\u017e dlouho. Gasteintertal je zn\u00e1m\u00fd <a href=\"https:\/\/www.salzburgerland.com\/cs\/salcburske-termaly\/\">term\u00e1ln\u00edmi l\u00e1zn\u011bmi<\/a>, ale najdete tu i zaj\u00edmav\u00e9 mo\u017enosti odpo\u010dinku v lese. Efekt programu \u201eAlpine Spa Forest Bathing\u201c spo\u010d\u00edv\u00e1 v souzn\u011bn\u00ed s p\u0159\u00edrodu, co\u017e je do jist\u00e9 m\u00edry st\u00e1le ne p\u0159\u00edli\u0161 zn\u00e1mou, ov\u0161em velice \u00fa\u010dinnou formou p\u00e9\u010de o zdrav\u00ed. A\u0165 u\u017e o to fyzick\u00e9 nebo du\u0161evn\u00ed. Vliv v\u011bdom\u00e9ho vn\u00edm\u00e1n\u00ed p\u0159\u00edrody a prostoru lesa v kombinaci s pozitivn\u00edmi my\u0161lenkov\u00fdmi impulzy \u010dlov\u011bku a\u017e p\u0159ekvapiv\u011b sv\u011bd\u010d\u00ed.<\/p>\n<h3>Vnit\u0159n\u00ed balanc<\/h3>\n<p>Zdrav\u00fd vlhk\u00fd vzduch m\u00e1 zklid\u0148uj\u00edc\u00ed \u00fa\u010dinek na pr\u016fdu\u0161ky a \u010dlov\u011bk s\u00e1m od sebe hloub\u011bji d\u00fdch\u00e1. Ve vlastn\u00edm rytmu, kter\u00fd \u010dasto v b\u011b\u017en\u00e9m \u017eivot\u011b ignoruje. Mysl a t\u011blo se pozitivn\u011b nalad\u00ed d\u00edky aromatick\u00fdm l\u00e1tk\u00e1m, terpen\u016fm a prysky\u0159ic\u00edm. Na zelen\u011b barevn\u00e9 frekvence reaguje t\u011blo, mysl i du\u0161e. Mezi jednotliv\u00fdmi stanovi\u0161ti si nap\u0159\u00edklad m\u016f\u017eete vyzkou\u0161et r\u016fzn\u00e9 varianty ch\u016fze, d\u00fdch\u00e1n\u00ed a my\u0161len\u00ed, podle okoln\u00edch podm\u00ednek a ur\u010dit\u00fdch t\u00e9mat. T\u00edmto zp\u016fsobem mohou t\u011blo a mysl dokonale spolupracovat a vybalancovat vnit\u0159n\u00ed harmonii.<\/p>\n<p>Vlhk\u00fd mech, omamn\u00e1 sv\u011b\u017eest, kter\u00e1 proud\u00ed p\u0159\u00edmo ze strom\u016f. Pl\u00edce napl\u0148uje \u010dist\u00fd kysl\u00edk. Kdy\u017e le\u017e\u00edte na palouku a poslouch\u00e1te cvrlik\u00e1n\u00ed pt\u00e1k\u016f na obloze a v\u00a0korun\u00e1ch, uv\u011bdom\u00edte si, jak se zklid\u0148ujete, zpomalujete a p\u0159izp\u016fsobujete se rytmu lesa.<\/p>\n<p>Studie dokazuj\u00ed \u017ee v\u011bdom\u00fd a aktivn\u00ed pohyb v\u00a0lese sni\u017euje krevn\u00ed tlak, zvy\u0161uje schopnost koncentrace a posiluje imunitn\u00ed syst\u00e9m. V\u00a0lese maj\u00ed negativn\u00ed emoce jen m\u00e1lo prostoru. Obavy a hn\u011bv zmiz\u00ed. Lesn\u00ed v\u016fn\u011b a zelen\u00e1 barva evolu\u010dn\u011b uklid\u0148uj\u00ed, evokuj\u00ed domov a rovnov\u00e1hu. V\u00a0Bad Hofgasteinu jsou aktu\u00e1ln\u011b dostupn\u00e9 dv\u011b trasy \u201eAlpine Spa Forest Bathing\u201c. M\u016f\u017eete si je proj\u00edt zcela individu\u00e1ln\u011b. Jedna vede po stop\u00e1ch hornictv\u00ed do Angertalu, druh\u00e1 z\u00a0Bad Hofgasteinu k\u00a0vodop\u00e1du a ke kapli\u010dce sv. Anny (Annenkapelle). V\u00a0informa\u010dn\u00edch centrech a turistick\u00fdch spolc\u00edch m\u016f\u017eete z\u00edskat zdarma pr\u016fvodce, kter\u00fd popisuje jednotliv\u00e9 zast\u00e1vky a poskytuje konkr\u00e9tn\u00ed tipy pro odpo\u010dinek v\u00a0lese. <a href=\"http:\/\/www.badhofgastein.at\/\">www.badhofgastein.at<\/a><\/p>\n<h3>Tajemstv\u00ed ukryt\u00e9 mezi borovicemi<\/h3>\n<div id=\"attachment_145615\" style=\"width: 1180px\" class=\"wp-caption alignnone\"><img decoding=\"async\" aria-describedby=\"caption-attachment-145615\" class=\"wp-image-145615\" src=\"https:\/\/cdn.salzburgerland.com\/cs\/wp-content\/uploads\/2019\/07\/wiegenwald3-1170x658.jpg\" alt=\"\" width=\"1170\" height=\"658\" srcset=\"https:\/\/www.salzburgerland.com\/cs\/wp-content\/uploads\/2019\/07\/wiegenwald3-1170x658.jpg 1170w, https:\/\/www.salzburgerland.com\/cs\/wp-content\/uploads\/2019\/07\/wiegenwald3-1170x658-768x432.jpg 768w\" sizes=\"(max-width: 1170px) 100vw, 1170px\"><p id=\"caption-attachment-145615\" class=\"wp-caption-text\">\u00a9 SalzburgerLand Tourismus, Michael Gr\u00f6ssinger \u2013 V\u00fdhled na sv\u011bt hor Uttendorf\/Wei\u00dfsee<!--<\/span-->dd&gt;<\/p><\/div>\n<p>Les \u201eWiegenwald der Zirben\u201c najde s\u00e1m jen ten, kdo se dob\u0159e vyzn\u00e1 v\u00a0zadn\u00edm \u00fadol\u00ed Stubachtal v\u00a0obci <a href=\"https:\/\/www.salzburgerland.com\/cs\/prazdninovy-region-narodni-park-vysoke-taury-v-lete\/\">N\u00e1rodn\u00edho<\/a> parku Uttendorf\/Wei\u00dfsee. Nejsou tu \u017e\u00e1dn\u00e9 zna\u010dky a rozcestn\u00edky, kter\u00e9 odkazuj\u00ed na malou p\u0159\u00edrodn\u00ed idylu v\u00a01800 metrech nad mo\u0159em. Aby nebyl citliv\u00fd p\u0159\u00edrodn\u00ed prostor lesa naru\u0161en, mohou se do Wigenwaldu lid\u00e9 vydat jen v doprovodu\u00a0spr\u00e1vc\u016f N\u00e1rodn\u00edho parku. Nejen \u017ee p\u0159ivedou sv\u00e9 sv\u011b\u0159ence spolehliv\u011b zp\u011bt do civilizace, ale vyznaj\u00ed se tak\u00e9 ve zvl\u00e1\u0161tnostech lesa, mezi n\u011b\u017e pat\u0159\u00ed a\u017e 1000 let star\u00e9 borovice.<\/p>\n<p>T\u00edm, \u017ee se sem nen\u00ed mo\u017en\u00e9 tak snadno dostat, obklopuje Wiegenwald der Zirben zvl\u00e1\u0161tn\u00ed tajemn\u00e1 aura. Na jeho objeven\u00ed \u010dlov\u011bk pot\u0159ebuje \u010das, ale tak\u00e9 trochu v\u00fddr\u017ee. Ale \u017e\u00e1dn\u00fd strach. V\u00fdprava je vhodn\u00e1 pro v\u0161echny, jak potvrzuj\u00ed spr\u00e1vcov\u00e9 a pr\u016fvodci N\u00e1rodn\u00edho parku Vysok\u00e9 Taury. V\u00fdchoz\u00ed bod v\u00fdpravy je Enzingerboden v\u00a0z\u00e1v\u011bru \u00fadol\u00ed Stubachtalu, 17 kilometr\u016f od centra. T\u00e9to n\u00e1horn\u00ed plo\u0161in\u011b ve v\u00fd\u0161ce 1500 metr\u016f dominuje n\u00e1dr\u017e vodn\u00ed elektr\u00e1rny.<\/p>\n<p>Zat\u00edmco dnes zde lid\u00e9 tr\u00e1v\u00ed dovolenou ve dvou hotelech a v soukrom\u00fdch apartm\u00e1nech, je\u0161t\u011b v\u00a0polovin\u011b 20. stolet\u00ed se na Enzingerboden nach\u00e1zely obytn\u00e9 domy, skladovac\u00ed prostory, jedno pohostinstv\u00ed, a dokonce i jednot\u0159\u00eddka pro d\u011bti zam\u011bstnanc\u016f elektr\u00e1rny. Dodnes m\u00e1 Enzingerboden sv\u016fj jedine\u010dn\u00fd, drsn\u00fd, pr\u016fmyslov\u00fd \u0161arm \u010das\u016f d\u00e1vno minul\u00fdch, a to v\u0161e uprost\u0159ed skvostn\u00e9ho sv\u011bta hor.<\/p>\n<h3><strong>\u017d\u00e1dn\u00e9 zna\u010den\u00ed, ale pr\u016fvodci cestu znaj\u00ed <\/strong><\/h3>\n<div id=\"attachment_145617\" style=\"width: 1180px\" class=\"wp-caption alignnone\"><img decoding=\"async\" aria-describedby=\"caption-attachment-145617\" class=\"wp-image-145617\" src=\"https:\/\/cdn.salzburgerland.com\/cs\/wp-content\/uploads\/2019\/07\/wiegenwald-1170x658.jpg\" alt=\"\" width=\"1170\" height=\"658\" srcset=\"https:\/\/www.salzburgerland.com\/cs\/wp-content\/uploads\/2019\/07\/wiegenwald-1170x658.jpg 1170w, https:\/\/www.salzburgerland.com\/cs\/wp-content\/uploads\/2019\/07\/wiegenwald-1170x658-768x432.jpg 768w\" sizes=\"(max-width: 1170px) 100vw, 1170px\"><p id=\"caption-attachment-145617\" class=\"wp-caption-text\">\u00a9 SalzburgerLand Tourismus, Michael Gr\u00f6ssinger \u2013 S pr\u016fvocem N\u00e1rodn\u00edho parku ve Wiegenwaldu \u2013 Uttendorf\/Wei\u00dfsee<\/p><\/div>\n<p>N\u00e1v\u0161t\u011bvn\u00edci mus\u00ed z\u00a0Enzingerboden nejd\u0159\u00edve stoupat vzh\u016fru. Je pot\u0159eba p\u0159ekonat 200 v\u00fd\u0161kov\u00fdch metr\u016f a po p\u016fl hodin\u011b u\u017e zna\u010dka odkazuje na to, \u017ee se turist\u00e9 nach\u00e1zej\u00ed ve vn\u011bj\u0161\u00ed z\u00f3n\u011b N\u00e1rodn\u00edho parku Vysok\u00e9 Taury. D\u011blaj\u00ed se pauzy na pit\u00ed a v\u00fdklad pr\u016fvodc\u016f, nap\u0159\u00edklad o mechu, li\u0161ejn\u00edc\u00edch nebo kapradin\u00e1ch, kter\u00e9 pokr\u00fdvaj\u00ed kameny i stromy. Brzy se objevuj\u00ed smrkov\u00e9 lesy, tajemn\u00e1 v\u0159esovi\u0161t\u011b, romantick\u00e1 \u010dern\u00e1 jez\u00edrka, borovice a mod\u0159\u00edny. N\u011bkoho napadne, \u017ee takhle to vypad\u00e1 v\u00a0Kanad\u011b nebo ve \u0160v\u00e9dsku. \u010clov\u011bk u\u017e by si dokonce mohl myslet, \u017ee pr\u00e1v\u011b zahl\u00e9dl losa. Samoz\u0159ejm\u011b tady \u017e\u00e1dn\u00ed nejsou, ale mnohem pravd\u011bpodobn\u011bji tady uvid\u00edte jeleny. D\u00edky nim tak\u00e9 z\u00edskalo jedno z\u00a0jez\u00edrek \u201eHirschlacke\u201c sv\u016fj n\u00e1zev.<\/p>\n<h3>Ob\u0159i, kte\u0159\u00ed p\u0159e\u017eij\u00ed t\u00e9m\u011b\u0159 v\u0161e<\/h3>\n<p>V\u0161ude se rozprost\u00edr\u00e1 klid, jde se \u00fazkou stezkou. Na temn\u00fdch slatinn\u00fdch jez\u00edrc\u00edch se proh\u00e1n\u011bj\u00ed vodom\u011brky, okolo von\u00ed bor\u016fvky, kter\u00e9 rostou pod\u00e9l cesty. Les je po\u0159\u00e1d tajemn\u011bj\u0161\u00ed. Tady vl\u00e1dne \u201ekr\u00e1lovna Alp\u201c. Wiegenwald je jedn\u00edm z m\u00edst, kde se s n\u00ed v N\u00e1rodn\u00edm parku Vysok\u00e9 Taury setk\u00e1te nej\u010dast\u011bji. Prastar\u00e9 borovice s\u00a0hrubou a drsnou strukturou k\u016fry. Je a\u017e neuv\u011b\u0159iteln\u00e9, jak dlouho tady tito ob\u0159i stoj\u00ed. Drsn\u00e9 zimy, such\u00e1 l\u00e9ta, blesky a sn\u011bhov\u00e9 bou\u0159e. To v\u0161e borovice p\u0159e\u017eily. Na n\u011bkter\u00fdch jsou vid\u011bt i \u00fadery blesk\u016f. P\u0159esto \u017eij\u00ed d\u00e1l.<\/p>\n<p>Vyza\u0159uj\u00ed neobvyklou s\u00edlu a t\u00e9m\u011b\u0159 magickou energii. Se sv\u00fdmi ko\u0159eny hluboko v\u00a0zemi dokazuj\u00ed, s\u00a0\u010d\u00edm v\u0161\u00edm z dovedou bojovat. Je to t\u00e9m\u011b\u0159 jako metafora v\u016fle a chuti lidstva, p\u0159e\u017e\u00edt. Vzdorovat okoln\u00edm vliv\u016fm, z\u016fstat siln\u011b zako\u0159en\u011bni a dr\u017eet se p\u0159i \u017eivot\u011b. \u017dij\u00ed tu i vz\u00e1cn\u00e1 zv\u00ed\u0159ata, alpsk\u00fd salamandr, o\u0159e\u0161n\u00edk kropenat\u00fd nebo vz\u00e1cn\u00e9 druhy rostlin mezi n\u011b\u017e pat\u0159\u00ed neonov\u011b \u017elut\u011b z\u00e1\u0159iv\u00fd li\u0161ejn\u00edk, kter\u00fd se v\u00a0d\u00e1vn\u00fdch dob\u00e1ch vyu\u017e\u00edval jako jedovat\u00e1 n\u00e1vnada proti li\u0161k\u00e1m nebo vlk\u016fm.<\/p>\n<p>A jde se po\u0159\u00e1d v\u00fd\u0161 a v\u00fd\u0161. Po v\u0159esovi\u0161ti je za n\u00e1mi i borov\u00fd les. V oblasti 1800 metr\u016f nad mo\u0159em jsme v\u00a0\u0159\u00ed\u0161i kle\u010d\u00ed. Uprost\u0159ed stoj\u00ed chalupa Stierbichlh\u00fctte. Ji\u017e po desetilet\u00ed je v\u00a0soukrom\u00e9m vlastnictv\u00ed a slou\u017e\u00ed jako ubytov\u00e1n\u00ed pro myslivce, kte\u0159\u00ed vyu\u017e\u00edvaj\u00ed Wiegenwald jako loveck\u00fd rev\u00edr. Otev\u00edr\u00e1 se odsud gigantick\u00fd pohled na Gr\u00fcnsee, st\u0159edn\u00ed stanici lanovky a ledovcov\u00fd sv\u011bt Wei\u00dfsee. Wiegenwald pomalu miz\u00ed v d\u00e1li a do \u00fadol\u00ed op\u011bt jezd\u00ed lanovka. P\u0159\u00edrodn\u00ed n\u00e1dhera odhaluje sv\u00e1 tajemstv\u00ed jen p\u00e1r hodin. A v\u00a0tom je naprosto jedine\u010dn\u00e1. Te\u010f u\u017e z\u016fst\u00e1vaj\u00ed br\u00e1ny do kouzeln\u00e9 \u0159\u00ed\u0161e borovic op\u011bt uzav\u0159eny.<\/p>\n<p><iframe title=\"Zauberhafte W\u00e4lder in Uttendorf\" width=\"500\" height=\"281\" src=\"https:\/\/www.youtube-nocookie.com\/embed\/bm72eVYX9gI?feature=oembed&amp;rel=0&amp;modestbranding=1\" frameborder=\"0\" allow=\"accelerometer; autoplay; clipboard-write; encrypted-media; gyroscope; picture-in-picture; web-share\" referrerpolicy=\"strict-origin-when-cross-origin\" allowfullscreen><\/iframe><\/p>\n","protected":false},"excerpt":{"rendered":"<p>Dvouseda\u010dkov\u00e1 lanovka na horu Graukogel nad m\u011bstem Bad Gastein jede pomal\u00fdm tempem a\u017e do v\u00fd\u0161ky 900 metr\u016f. Vzn\u00e1\u0161\u00ed se nad korunami smrk\u016f k\u00a0les\u016fm, kde se v\u00a0tomto podneb\u00ed dob\u0159e da\u0159\u00ed obzvl\u00e1\u0161t\u011b jedn\u011bm z nejodoln\u011bj\u0161\u00edch jehli\u010dnat\u00fdch strom\u016f, kter\u00fdmi jsou borovice. Omamn\u011b s\u00e1laj\u00ed svou nezam\u011bnitelnou v\u016fni prysky\u0159ice. Tu m\u00e1 krom\u011b \u0161tr\u016fdlu, hudby a p\u0159\u00edrody v\u0161eobecn\u011b, r\u00e1d i jeden [&hellip;]<\/p>\n","protected":false},"author":6,"featured_media":145363,"comment_status":"closed","ping_status":"closed","sticky":false,"template":"","format":"standard","meta":{"_acf_changed":false,"wl_entities_gutenberg":"","_relevanssi_hide_post":"","_relevanssi_hide_content":"","_relevanssi_pin_for_all":"","_relevanssi_pin_keywords":"","_relevanssi_unpin_keywords":"","_relevanssi_related_keywords":"","_relevanssi_related_include_ids":"","_relevanssi_related_exclude_ids":"","_relevanssi_related_no_append":"","_relevanssi_related_not_related":"","_relevanssi_related_posts":"","_relevanssi_noindex_reason":"","footnotes":""},"categories":[1],"tags":[],"wl_entity_type":[706],"class_list":["post-145612","post","type-post","status-publish","format-standard","has-post-thumbnail","hentry","category-uncategorized","wl_entity_type-article"],"acf":[],"yoast_head":"<!-- This site is optimized with the Yoast SEO Premium plugin v27.4 (Yoast SEO v27.4) - https:\/\/yoast.com\/product\/yoast-seo-premium-wordpress\/ -->\n<title>Borovice je kr\u00e1lovnou Alp \u00bb SalzburgerLand.com<\/title>\n<meta name=\"robots\" content=\"index, follow, max-snippet:-1, max-image-preview:large, max-video-preview:-1\" \/>\n<link rel=\"canonical\" href=\"https:\/\/www.salzburgerland.com\/cs\/borovice-je-kralovnou-alp\/\" \/>\n<meta property=\"og:locale\" content=\"cs_CZ\" \/>\n<meta property=\"og:type\" content=\"article\" \/>\n<meta property=\"og:title\" content=\"Borovice je kr\u00e1lovnou Alp\" \/>\n<meta property=\"og:description\" content=\"Dvouseda\u010dkov\u00e1 lanovka na horu Graukogel nad m\u011bstem Bad Gastein jede pomal\u00fdm tempem a\u017e do v\u00fd\u0161ky 900 metr\u016f. Vzn\u00e1\u0161\u00ed se nad korunami smrk\u016f k\u00a0les\u016fm, kde se\" \/>\n<meta property=\"og:url\" content=\"https:\/\/www.salzburgerland.com\/cs\/borovice-je-kralovnou-alp\/\" \/>\n<meta property=\"og:site_name\" content=\"SalzburgerLand.com\" \/>\n<meta property=\"article:publisher\" content=\"https:\/\/www.facebook.com\/visitsalzburgerland\/\" \/>\n<meta property=\"article:published_time\" content=\"2019-07-19T13:05:40+00:00\" \/>\n<meta property=\"article:modified_time\" content=\"2022-04-12T15:20:06+00:00\" \/>\n<meta property=\"og:image\" content=\"https:\/\/www.salzburgerland.com\/cs\/wp-content\/uploads\/2019\/05\/zw14_dsc_6875_michel_edv-1024x675.jpg\" \/>\n\t<meta property=\"og:image:width\" content=\"1024\" \/>\n\t<meta property=\"og:image:height\" content=\"675\" \/>\n\t<meta property=\"og:image:type\" content=\"image\/jpeg\" \/>\n<meta name=\"author\" content=\"Andrea \u017d\u00e1\u010dkov\u00e1\" \/>\n<meta name=\"twitter:card\" content=\"summary_large_image\" \/>\n<meta name=\"twitter:creator\" content=\"@salzburgerland\" \/>\n<meta name=\"twitter:site\" content=\"@salzburgerland\" \/>\n<meta name=\"twitter:label1\" content=\"Napsal(a)\" \/>\n\t<meta name=\"twitter:data1\" content=\"Andrea \u017d\u00e1\u010dkov\u00e1\" \/>\n\t<meta name=\"twitter:label2\" content=\"Odhadovan\u00e1 doba \u010dten\u00ed\" \/>\n\t<meta name=\"twitter:data2\" content=\"10 minut\" \/>\n<script type=\"application\/ld+json\" class=\"yoast-schema-graph\">{\"@context\":\"https:\\\/\\\/schema.org\",\"@graph\":[{\"@type\":\"Article\",\"@id\":\"https:\\\/\\\/www.salzburgerland.com\\\/cs\\\/borovice-je-kralovnou-alp\\\/#article\",\"isPartOf\":{\"@id\":\"https:\\\/\\\/www.salzburgerland.com\\\/cs\\\/borovice-je-kralovnou-alp\\\/\"},\"author\":{\"name\":\"Andrea \u017d\u00e1\u010dkov\u00e1\",\"@id\":\"https:\\\/\\\/www.salzburgerland.com\\\/cs\\\/#\\\/schema\\\/person\\\/dd42a4661897004df109095dbf40eeff\"},\"headline\":\"Borovice je kr\u00e1lovnou Alp\",\"datePublished\":\"2019-07-19T13:05:40+00:00\",\"dateModified\":\"2022-04-12T15:20:06+00:00\",\"mainEntityOfPage\":{\"@id\":\"https:\\\/\\\/www.salzburgerland.com\\\/cs\\\/borovice-je-kralovnou-alp\\\/\"},\"wordCount\":2115,\"image\":{\"@id\":\"https:\\\/\\\/www.salzburgerland.com\\\/cs\\\/borovice-je-kralovnou-alp\\\/#primaryimage\"},\"thumbnailUrl\":\"https:\\\/\\\/www.salzburgerland.com\\\/cs\\\/wp-content\\\/uploads\\\/2019\\\/05\\\/zw14_dsc_6875_michel_edv.jpg\",\"articleSection\":[\"Uncategorized\"],\"inLanguage\":\"cs\"},{\"@type\":\"WebPage\",\"@id\":\"https:\\\/\\\/www.salzburgerland.com\\\/cs\\\/borovice-je-kralovnou-alp\\\/\",\"url\":\"https:\\\/\\\/www.salzburgerland.com\\\/cs\\\/borovice-je-kralovnou-alp\\\/\",\"name\":\"Borovice je kr\u00e1lovnou Alp \u00bb SalzburgerLand.com\",\"isPartOf\":{\"@id\":\"https:\\\/\\\/www.salzburgerland.com\\\/cs\\\/#website\"},\"primaryImageOfPage\":{\"@id\":\"https:\\\/\\\/www.salzburgerland.com\\\/cs\\\/borovice-je-kralovnou-alp\\\/#primaryimage\"},\"image\":{\"@id\":\"https:\\\/\\\/www.salzburgerland.com\\\/cs\\\/borovice-je-kralovnou-alp\\\/#primaryimage\"},\"thumbnailUrl\":\"https:\\\/\\\/www.salzburgerland.com\\\/cs\\\/wp-content\\\/uploads\\\/2019\\\/05\\\/zw14_dsc_6875_michel_edv.jpg\",\"datePublished\":\"2019-07-19T13:05:40+00:00\",\"dateModified\":\"2022-04-12T15:20:06+00:00\",\"author\":{\"@id\":\"https:\\\/\\\/www.salzburgerland.com\\\/cs\\\/#\\\/schema\\\/person\\\/dd42a4661897004df109095dbf40eeff\"},\"description\":\"Tis\u00edc let star\u00e9 borovice na nau\u010dn\u00e9 stezce, nedot\u010den\u00fd magick\u00fd les, keltsk\u00e1 vesnice a poklady p\u0159\u00edrodn\u00edho l\u00e9\u010ditelstv\u00ed\",\"breadcrumb\":{\"@id\":\"https:\\\/\\\/www.salzburgerland.com\\\/cs\\\/borovice-je-kralovnou-alp\\\/#breadcrumb\"},\"inLanguage\":\"cs\",\"potentialAction\":[{\"@type\":\"ReadAction\",\"target\":[\"https:\\\/\\\/www.salzburgerland.com\\\/cs\\\/borovice-je-kralovnou-alp\\\/\"]}]},{\"@type\":\"ImageObject\",\"inLanguage\":\"cs\",\"@id\":\"https:\\\/\\\/www.salzburgerland.com\\\/cs\\\/borovice-je-kralovnou-alp\\\/#primaryimage\",\"url\":\"https:\\\/\\\/www.salzburgerland.com\\\/cs\\\/wp-content\\\/uploads\\\/2019\\\/05\\\/zw14_dsc_6875_michel_edv.jpg\",\"contentUrl\":\"https:\\\/\\\/www.salzburgerland.com\\\/cs\\\/wp-content\\\/uploads\\\/2019\\\/05\\\/zw14_dsc_6875_michel_edv.jpg\",\"width\":1024,\"height\":684,\"caption\":\"V\u0161e se tady to\u010d\u00ed okolo borovic \u00a9 SalzburgerLand Tourismus, Gasteinertal\"},{\"@type\":\"BreadcrumbList\",\"@id\":\"https:\\\/\\\/www.salzburgerland.com\\\/cs\\\/borovice-je-kralovnou-alp\\\/#breadcrumb\",\"itemListElement\":[{\"@type\":\"ListItem\",\"position\":1,\"name\":\"Poklady salcbursk\u00fdch les\u016f\",\"item\":\"https:\\\/\\\/www.salzburgerland.com\\\/cs\\\/poklady-salcburskych-lesu\\\/\"},{\"@type\":\"ListItem\",\"position\":2,\"name\":\"Borovice je kr\u00e1lovnou Alp\"}]},{\"@type\":\"WebSite\",\"@id\":\"https:\\\/\\\/www.salzburgerland.com\\\/cs\\\/#website\",\"url\":\"https:\\\/\\\/www.salzburgerland.com\\\/cs\\\/\",\"name\":\"SalzburgerLand.com\",\"description\":\"Va\u0161e dovolen\u00e1 v Salcburku, Rakousko\",\"potentialAction\":[{\"@type\":\"SearchAction\",\"target\":{\"@type\":\"EntryPoint\",\"urlTemplate\":\"https:\\\/\\\/www.salzburgerland.com\\\/cs\\\/?s={search_term_string}\"},\"query-input\":{\"@type\":\"PropertyValueSpecification\",\"valueRequired\":true,\"valueName\":\"search_term_string\"}}],\"inLanguage\":\"cs\"},{\"@type\":\"Person\",\"@id\":\"https:\\\/\\\/www.salzburgerland.com\\\/cs\\\/#\\\/schema\\\/person\\\/dd42a4661897004df109095dbf40eeff\",\"name\":\"Andrea \u017d\u00e1\u010dkov\u00e1\",\"image\":{\"@type\":\"ImageObject\",\"inLanguage\":\"cs\",\"@id\":\"https:\\\/\\\/secure.gravatar.com\\\/avatar\\\/338deec8d231d56d0ab7b2b7d6d0aedbcb3eb05390f6c027fd5b7ebe87b67dbf?s=96&d=mm&r=g\",\"url\":\"https:\\\/\\\/secure.gravatar.com\\\/avatar\\\/338deec8d231d56d0ab7b2b7d6d0aedbcb3eb05390f6c027fd5b7ebe87b67dbf?s=96&d=mm&r=g\",\"contentUrl\":\"https:\\\/\\\/secure.gravatar.com\\\/avatar\\\/338deec8d231d56d0ab7b2b7d6d0aedbcb3eb05390f6c027fd5b7ebe87b67dbf?s=96&d=mm&r=g\",\"caption\":\"Andrea \u017d\u00e1\u010dkov\u00e1\"}}]}<\/script>\n<meta property=\"og:video\" content=\"https:\/\/www.youtube.com\/embed\/bm72eVYX9gI\" \/>\n<meta property=\"og:video:type\" content=\"text\/html\" \/>\n<meta property=\"og:video:duration\" content=\"25\" \/>\n<meta property=\"og:video:width\" content=\"480\" \/>\n<meta property=\"og:video:height\" content=\"270\" \/>\n<meta property=\"ya:ovs:adult\" content=\"false\" \/>\n<meta property=\"ya:ovs:upload_date\" content=\"2019-07-19T13:05:40+00:00\" \/>\n<meta property=\"ya:ovs:allow_embed\" content=\"true\" \/>\n<!-- \/ Yoast SEO Premium plugin. -->","yoast_head_json":{"title":"Borovice je kr\u00e1lovnou Alp \u00bb SalzburgerLand.com","robots":{"index":"index","follow":"follow","max-snippet":"max-snippet:-1","max-image-preview":"max-image-preview:large","max-video-preview":"max-video-preview:-1"},"canonical":"https:\/\/www.salzburgerland.com\/cs\/borovice-je-kralovnou-alp\/","og_locale":"cs_CZ","og_type":"article","og_title":"Borovice je kr\u00e1lovnou Alp","og_description":"Dvouseda\u010dkov\u00e1 lanovka na horu Graukogel nad m\u011bstem Bad Gastein jede pomal\u00fdm tempem a\u017e do v\u00fd\u0161ky 900 metr\u016f. Vzn\u00e1\u0161\u00ed se nad korunami smrk\u016f k\u00a0les\u016fm, kde se","og_url":"https:\/\/www.salzburgerland.com\/cs\/borovice-je-kralovnou-alp\/","og_site_name":"SalzburgerLand.com","article_publisher":"https:\/\/www.facebook.com\/visitsalzburgerland\/","article_published_time":"2019-07-19T13:05:40+00:00","article_modified_time":"2022-04-12T15:20:06+00:00","og_image":[{"width":1024,"height":675,"url":"https:\/\/www.salzburgerland.com\/cs\/wp-content\/uploads\/2019\/05\/zw14_dsc_6875_michel_edv-1024x675.jpg","type":"image\/jpeg"}],"author":"Andrea \u017d\u00e1\u010dkov\u00e1","twitter_card":"summary_large_image","twitter_creator":"@salzburgerland","twitter_site":"@salzburgerland","twitter_misc":{"Napsal(a)":"Andrea \u017d\u00e1\u010dkov\u00e1","Odhadovan\u00e1 doba \u010dten\u00ed":"10 minut"},"schema":{"@context":"https:\/\/schema.org","@graph":[{"@type":"Article","@id":"https:\/\/www.salzburgerland.com\/cs\/borovice-je-kralovnou-alp\/#article","isPartOf":{"@id":"https:\/\/www.salzburgerland.com\/cs\/borovice-je-kralovnou-alp\/"},"author":{"name":"Andrea \u017d\u00e1\u010dkov\u00e1","@id":"https:\/\/www.salzburgerland.com\/cs\/#\/schema\/person\/dd42a4661897004df109095dbf40eeff"},"headline":"Borovice je kr\u00e1lovnou Alp","datePublished":"2019-07-19T13:05:40+00:00","dateModified":"2022-04-12T15:20:06+00:00","mainEntityOfPage":{"@id":"https:\/\/www.salzburgerland.com\/cs\/borovice-je-kralovnou-alp\/"},"wordCount":2115,"image":{"@id":"https:\/\/www.salzburgerland.com\/cs\/borovice-je-kralovnou-alp\/#primaryimage"},"thumbnailUrl":"https:\/\/www.salzburgerland.com\/cs\/wp-content\/uploads\/2019\/05\/zw14_dsc_6875_michel_edv.jpg","articleSection":["Uncategorized"],"inLanguage":"cs"},{"@type":"WebPage","@id":"https:\/\/www.salzburgerland.com\/cs\/borovice-je-kralovnou-alp\/","url":"https:\/\/www.salzburgerland.com\/cs\/borovice-je-kralovnou-alp\/","name":"Borovice je kr\u00e1lovnou Alp \u00bb SalzburgerLand.com","isPartOf":{"@id":"https:\/\/www.salzburgerland.com\/cs\/#website"},"primaryImageOfPage":{"@id":"https:\/\/www.salzburgerland.com\/cs\/borovice-je-kralovnou-alp\/#primaryimage"},"image":{"@id":"https:\/\/www.salzburgerland.com\/cs\/borovice-je-kralovnou-alp\/#primaryimage"},"thumbnailUrl":"https:\/\/www.salzburgerland.com\/cs\/wp-content\/uploads\/2019\/05\/zw14_dsc_6875_michel_edv.jpg","datePublished":"2019-07-19T13:05:40+00:00","dateModified":"2022-04-12T15:20:06+00:00","author":{"@id":"https:\/\/www.salzburgerland.com\/cs\/#\/schema\/person\/dd42a4661897004df109095dbf40eeff"},"description":"Tis\u00edc let star\u00e9 borovice na nau\u010dn\u00e9 stezce, nedot\u010den\u00fd magick\u00fd les, keltsk\u00e1 vesnice a poklady p\u0159\u00edrodn\u00edho l\u00e9\u010ditelstv\u00ed","breadcrumb":{"@id":"https:\/\/www.salzburgerland.com\/cs\/borovice-je-kralovnou-alp\/#breadcrumb"},"inLanguage":"cs","potentialAction":[{"@type":"ReadAction","target":["https:\/\/www.salzburgerland.com\/cs\/borovice-je-kralovnou-alp\/"]}]},{"@type":"ImageObject","inLanguage":"cs","@id":"https:\/\/www.salzburgerland.com\/cs\/borovice-je-kralovnou-alp\/#primaryimage","url":"https:\/\/www.salzburgerland.com\/cs\/wp-content\/uploads\/2019\/05\/zw14_dsc_6875_michel_edv.jpg","contentUrl":"https:\/\/www.salzburgerland.com\/cs\/wp-content\/uploads\/2019\/05\/zw14_dsc_6875_michel_edv.jpg","width":1024,"height":684,"caption":"V\u0161e se tady to\u010d\u00ed okolo borovic \u00a9 SalzburgerLand Tourismus, Gasteinertal"},{"@type":"BreadcrumbList","@id":"https:\/\/www.salzburgerland.com\/cs\/borovice-je-kralovnou-alp\/#breadcrumb","itemListElement":[{"@type":"ListItem","position":1,"name":"Poklady salcbursk\u00fdch les\u016f","item":"https:\/\/www.salzburgerland.com\/cs\/poklady-salcburskych-lesu\/"},{"@type":"ListItem","position":2,"name":"Borovice je kr\u00e1lovnou Alp"}]},{"@type":"WebSite","@id":"https:\/\/www.salzburgerland.com\/cs\/#website","url":"https:\/\/www.salzburgerland.com\/cs\/","name":"SalzburgerLand.com","description":"Va\u0161e dovolen\u00e1 v Salcburku, Rakousko","potentialAction":[{"@type":"SearchAction","target":{"@type":"EntryPoint","urlTemplate":"https:\/\/www.salzburgerland.com\/cs\/?s={search_term_string}"},"query-input":{"@type":"PropertyValueSpecification","valueRequired":true,"valueName":"search_term_string"}}],"inLanguage":"cs"},{"@type":"Person","@id":"https:\/\/www.salzburgerland.com\/cs\/#\/schema\/person\/dd42a4661897004df109095dbf40eeff","name":"Andrea \u017d\u00e1\u010dkov\u00e1","image":{"@type":"ImageObject","inLanguage":"cs","@id":"https:\/\/secure.gravatar.com\/avatar\/338deec8d231d56d0ab7b2b7d6d0aedbcb3eb05390f6c027fd5b7ebe87b67dbf?s=96&d=mm&r=g","url":"https:\/\/secure.gravatar.com\/avatar\/338deec8d231d56d0ab7b2b7d6d0aedbcb3eb05390f6c027fd5b7ebe87b67dbf?s=96&d=mm&r=g","contentUrl":"https:\/\/secure.gravatar.com\/avatar\/338deec8d231d56d0ab7b2b7d6d0aedbcb3eb05390f6c027fd5b7ebe87b67dbf?s=96&d=mm&r=g","caption":"Andrea \u017d\u00e1\u010dkov\u00e1"}}]},"og_video":"https:\/\/www.youtube.com\/embed\/bm72eVYX9gI","og_video_type":"text\/html","og_video_duration":"25","og_video_width":"480","og_video_height":"270","ya_ovs_adult":"false","ya_ovs_upload_date":"2019-07-19T13:05:40+00:00","ya_ovs_allow_embed":"true"},"_wl_alt_label":[],"wl:entity_url":"http:\/\/open.salzburgerland.com\/cs\/post\/borovice_je_kralovnou_alp","_links":{"self":[{"href":"https:\/\/www.salzburgerland.com\/cs\/wp-json\/wp\/v2\/posts\/145612","targetHints":{"allow":["GET"]}}],"collection":[{"href":"https:\/\/www.salzburgerland.com\/cs\/wp-json\/wp\/v2\/posts"}],"about":[{"href":"https:\/\/www.salzburgerland.com\/cs\/wp-json\/wp\/v2\/types\/post"}],"author":[{"embeddable":true,"href":"https:\/\/www.salzburgerland.com\/cs\/wp-json\/wp\/v2\/users\/6"}],"replies":[{"embeddable":true,"href":"https:\/\/www.salzburgerland.com\/cs\/wp-json\/wp\/v2\/comments?post=145612"}],"version-history":[{"count":3,"href":"https:\/\/www.salzburgerland.com\/cs\/wp-json\/wp\/v2\/posts\/145612\/revisions"}],"predecessor-version":[{"id":151293,"href":"https:\/\/www.salzburgerland.com\/cs\/wp-json\/wp\/v2\/posts\/145612\/revisions\/151293"}],"wp:featuredmedia":[{"embeddable":true,"href":"https:\/\/www.salzburgerland.com\/cs\/wp-json\/wp\/v2\/media\/145363"}],"wp:attachment":[{"href":"https:\/\/www.salzburgerland.com\/cs\/wp-json\/wp\/v2\/media?parent=145612"}],"wp:term":[{"taxonomy":"category","embeddable":true,"href":"https:\/\/www.salzburgerland.com\/cs\/wp-json\/wp\/v2\/categories?post=145612"},{"taxonomy":"post_tag","embeddable":true,"href":"https:\/\/www.salzburgerland.com\/cs\/wp-json\/wp\/v2\/tags?post=145612"},{"taxonomy":"wl_entity_type","embeddable":true,"href":"https:\/\/www.salzburgerland.com\/cs\/wp-json\/wp\/v2\/wl_entity_type?post=145612"}],"curies":[{"name":"wp","href":"https:\/\/api.w.org\/{rel}","templated":true}]}}