{"id":144375,"date":"2018-10-01T14:13:26","date_gmt":"2018-10-01T12:13:26","guid":{"rendered":"https:\/\/www.salzburgerland.com\/cs\/?post_type=entity&#038;p=144375"},"modified":"2026-03-22T01:10:44","modified_gmt":"2026-03-22T00:10:44","slug":"salcbursky-lungau-obrovska-podivana-hrdina-samson","status":"publish","type":"post","link":"https:\/\/www.salzburgerland.com\/cs\/salcbursky-lungau-obrovska-podivana-hrdina-samson\/","title":{"rendered":"Obrovsk\u00e1 pod\u00edvan\u00e1"},"content":{"rendered":"<p>Kdy\u017e p\u0159ich\u00e1z\u00ed <span class=\"textannotation disambiguated wl-thing\" id=\"urn:enhancement-073d8eb3-46b9-fad8-ba57-4807add4d993\" itemid=\"http:\/\/open.salzburgerland.com\/cs\/entity\/samson\">Samson<\/span>, jsou v\u0161ichni v\u00a0lungausk\u00fdch obc\u00edch a okol\u00ed v\u00a0pozoru. Obr s\u00a0dlouh\u00fdmi \u010dern\u00fdmi vlasy, v\u00a0brn\u011bn\u00ed a t\u0159pytiv\u00e9 p\u0159ilb\u011b d\u016fstojn\u011b kr\u00e1\u010d\u00ed ulicemi. Doprov\u00e1zej\u00ed ho trpasl\u00edci. Tu a tam se <span class=\"textannotation disambiguated wl-thing\" id=\"urn:enhancement-96f7d9b5-5c59-d7bc-45c2-bf9c494fab73\" itemid=\"http:\/\/open.salzburgerland.com\/cs\/entity\/samson\">Samson<\/span> se svou suitou d\u00e1 do tance. O spr\u00e1vn\u00fd rytmus a takt se sv\u011bdomit\u011b staraj\u00ed krojovan\u00ed muzikanti a muzikantky z\u00a0m\u00edstn\u00edch folklorn\u00edch hudebn\u00edch spolk\u016f. P\u011bt a\u017e osm metr\u016f vysokou a t\u00e9m\u011b\u0159 80 kilometr\u016f t\u011b\u017ekou postavu <span class=\"textannotation disambiguated wl-thing\" id=\"urn:enhancement-9f873c5f-5416-a27b-00e2-0398a255d63a\" itemid=\"http:\/\/open.salzburgerland.com\/cs\/entity\/samson\">Samsona<\/span> nos\u00ed <span class=\"textannotation disambiguated wl-thing\" id=\"urn:enhancement-071c1284-8a97-3c82-f7d5-1dfddc8cfd47\" itemid=\"http:\/\/open.salzburgerland.com\/cs\/entity\/tradicni\">tradi\u010dn\u011b<\/span> svobodn\u00ed mu\u017ei z\u00a0vesnic, kde se oslavy konaj\u00ed. Figura je vyrobena ze d\u0159eva nebo leh\u010d\u00edho kovu. Chlapci balancuj\u00ed pod t\u00edhou obra uvnit\u0159 konstrukce v <span class=\"textannotation disambiguated wl-thing\" id=\"urn:enhancement-80a6660d-60d4-8290-8a30-5b15107b610c\" itemid=\"http:\/\/open.salzburgerland.com\/cs\/entity\/samson\">Samsonov\u011b<\/span> t\u011ble. V\u00a0n\u011bkter\u00fdch obc\u00edch tvo\u0159\u00ed doprovod tak\u00e9 nejr\u016fzn\u011bj\u0161\u00ed spolky jako nap\u0159\u00edklad \u017eeny v\u00a0<span class=\"textannotation disambiguated wl-thing\" id=\"urn:enhancement-3fe03137-f33a-ab7d-c75d-db37f3d3e706\" itemid=\"http:\/\/open.salzburgerland.com\/cs\/entity\/kroj\">kroj\u00edch<\/span>, st\u0159elci nebo mlad\u00ed lid\u00e9 v\u00a0p\u0159ekr\u00e1sn\u011b barevn\u00fdch od\u011bvech.<\/p>\n<div id=\"attachment_164560\" style=\"width: 1180px\" class=\"wp-caption alignnone\"><img decoding=\"async\" aria-describedby=\"caption-attachment-164560\" class=\"size-1170_658 wp-image-164560\" src=\"https:\/\/www.salzburgerland.com\/cs\/wp-content\/uploads\/2022\/04\/samson-tamsweg-salzburger-lungau-3-1170x658.jpg\" alt=\"Postava ve velk\u00e9m kost\u00fdmu s velkou maskou na hlav\u011b vede pr\u016fvod s obrem Samsonem v obci Tamsweg v Salcbursk\u00e9m Lungau\" width=\"1170\" height=\"658\" srcset=\"https:\/\/www.salzburgerland.com\/cs\/wp-content\/uploads\/2022\/04\/samson-tamsweg-salzburger-lungau-3-1170x658.jpg 1170w, https:\/\/www.salzburgerland.com\/cs\/wp-content\/uploads\/2022\/04\/samson-tamsweg-salzburger-lungau-3-1200x675.jpg 1200w\" sizes=\"(max-width: 1170px) 100vw, 1170px\"><p id=\"caption-attachment-164560\" class=\"wp-caption-text\">Samsonovy pr\u016fvody v obci Tamsweg \u00a9 Salzburger Lungau<\/p><\/div>\n<h3><strong>SYMBOL S\u00cdLY<br>\n<\/strong><\/h3>\n<p>Samson p\u0159edstavuje biblickou postavu hrdiny a je z\u00e1rove\u0148 symbolem <span class=\"textannotation disambiguated wl-place\" id=\"urn:enhancement-21c25a96-abc4-05e4-4e51-f53451fedc13\" itemid=\"http:\/\/open.salzburgerland.com\/cs\/entity\/lungau\">Lungau<\/span>. Obr je zpodob\u0148ovan\u00fd jako \u0159\u00edmsk\u00fd legion\u00e1\u0159 nebo voj\u00e1k z napoleonsk\u00e9ho obdob\u00ed. Od roku 2010 byla tato akce zapsan\u00e1 na seznam rakousk\u00e9ho kulturn\u00edho d\u011bdictv\u00ed <span class=\"textannotation disambiguated wl-thing\" id=\"urn:enhancement-df7a94a2-ef9b-76f6-0902-07f0c4fe6d30\" itemid=\"http:\/\/open.salzburgerland.com\/cs\/entity\/unesco\">UNESCO<\/span>. \u00a0Postava obra b\u00fdv\u00e1 v <a href=\"https:\/\/www.biosphaerenpark.eu\/#\" target=\"_blank\" rel=\"noopener noreferrer\">biosf\u00e9rick\u00e9m parku <\/a>Salcbursk\u00fd Lungau\u00a0spojov\u00e1na s\u00a0mnoha m\u00fdty, <span class=\"textannotation disambiguated wl-thing\" id=\"urn:enhancement-ebe3ad2e-d1ad-fe2e-7397-256fbe57c746\" itemid=\"http:\/\/open.salzburgerland.com\/cs\/entity\/legendami\">legendami<\/span> a b\u00e1jemi. O <span class=\"textannotation disambiguated wl-thing\" id=\"urn:enhancement-9650e6bb-d7f2-05da-bdcc-077f53b25e87\" itemid=\"http:\/\/open.salzburgerland.com\/cs\/entity\/samson\">Samsonovi<\/span> se zde objevuje prvn\u00ed zm\u00ednka ji\u017e v\u00a0roce 1635. Symbolizuje staroz\u00e1konn\u00ed postavu s\u00a0nadlidsk\u00fdmi schopnostmi. Tato velk\u00e1 s\u00edla m\u00e1 b\u00fdt podle <span class=\"textannotation disambiguated wl-thing\" id=\"urn:enhancement-73ab14d7-bfde-e5b7-2870-afb589bbe952\" itemid=\"http:\/\/open.salzburgerland.com\/cs\/entity\/legendami\">legend<\/span> skryta v\u00a0jeho dlouh\u00fdch vlasech. <span class=\"textannotation disambiguated wl-thing\" id=\"urn:enhancement-d8bb5d90-1cc5-212c-38a2-04d0213b0fff\" itemid=\"http:\/\/open.salzburgerland.com\/cs\/entity\/samson\">Samson<\/span> b\u00fdv\u00e1 spojov\u00e1n tak\u00e9 s\u00a0bojem \u017did\u016f, kdy osl\u00ed \u010delist\u00ed zabil tis\u00edce jejich nep\u0159\u00e1tel, Fili\u0161t\u00edn\u016f. Dodnes m\u00e1 mnoho figur obr\u016f v\u00a0ruce tak\u00e9 tuto kost, jako symbol s\u00edly.<\/p>\n<p>V\u00a0cel\u00fdch Alp\u00e1ch se nach\u00e1z\u00ed 12 takov\u00fdch postav. Deset v\u00a0<span class=\"textannotation disambiguated wl-place\" id=\"urn:enhancement-ff8a6980-64dd-ee15-8ef6-8d9b0c13b052\" itemid=\"http:\/\/open.salzburgerland.com\/cs\/entity\/lungau\">Lungau<\/span> a dv\u011b ve \u0160t\u00fdrsku. K\u00a0lungausk\u00fdm obc\u00edm pat\u0159\u00ed <a href=\"https:\/\/www.salzburgerland.com\/cs\/mariapfarr-mauterndorf\/\" target=\"_blank\" rel=\"noopener noreferrer\">Mariapfarr, Mauterndorf,<\/a> Muhr, Ramingstein, St. Andr\u00e4, St. Margarethen, St. Michael, Tamsweg, Unternberg a W\u00f6lting. V\u00a0p\u0159ilehl\u00e9m \u0160t\u00fdrsku jde o Krakaudorf a Murau. Pr\u016fvody a tance souvisej\u00edc\u00ed s\u00a0hrdinou <span class=\"textannotation disambiguated wl-thing\" id=\"urn:enhancement-ad735d20-88f6-1a89-0640-7868f7774fd3\" itemid=\"http:\/\/open.salzburgerland.com\/cs\/entity\/samson\">Samsonem<\/span> se konaj\u00ed po n\u011bkolik dn\u016f, v\u011bt\u0161inou od kv\u011btna do z\u00e1\u0159\u00ed. Jsou tedy neodmysliteln\u011b spjat\u00e9 s\u00a0<span class=\"textannotation disambiguated wl-event\" id=\"urn:enhancement-dbe4c4fc-b4cf-64a3-4b9a-6b4ab8556d52\" itemid=\"http:\/\/open.salzburgerland.com\/cs\/entity\/lungauskym_letem_na_pastvinach\">lungausk\u00fdm l\u00e9tem na pastvin\u00e1ch<\/span> a oslavami podzimu na venkov\u011b.<\/p>\n<div id=\"attachment_145384\" style=\"width: 1034px\" class=\"wp-caption alignnone\"><img decoding=\"async\" aria-describedby=\"caption-attachment-145384\" class=\"size-1170_658 wp-image-145384\" src=\"https:\/\/www.salzburgerland.com\/cs\/wp-content\/uploads\/2019\/05\/samsontreffen-frl_lungau-1-1024x658.jpg\" alt=\"Lid\u00e9 se shroma\u017e\u010fuj\u00ed pod \u0161ir\u00fdm nebem na Salcbursk\u00e9m lungau l\u00e9to kolem barevn\u00fdch ob\u0159\u00edch soch, v pozad\u00ed je kostel.\" width=\"1024\" height=\"658\"><p id=\"caption-attachment-145384\" class=\"wp-caption-text\">Setk\u00e1n\u00ed obr\u016f Samson\u016f v Lungau \u00a9 Salzburger Lungau<\/p><\/div>\n<h3><strong>VELK\u00c1 UD\u00c1LOST PRO M\u00cdSTN\u00cd I TURISTY<\/strong><\/h3>\n<p>Podobn\u00e9 <span class=\"textannotation disambiguated wl-thing\" id=\"urn:local-text-annotation-n6ih8a34havki5ktnyflq1yeogjwrbpl\" itemid=\"http:\/\/open.salzburgerland.com\/cs\/entity\/pruvody\">pr\u016fvody<\/span> jsou k\u00a0vid\u011bn\u00ed nap\u0159\u00edklad v\u00a0n\u011bkter\u00fdch \u0161pan\u011blsk\u00fdch, portugalsk\u00fdch nebo francouzsk\u00fdch vesnic\u00edch. V\u00a0<span class=\"textannotation disambiguated wl-place\" id=\"urn:enhancement-4c72a005-dbb4-fd85-0cf2-82f0cdde8318\" itemid=\"http:\/\/open.salzburgerland.com\/cs\/entity\/lungau\">Lungau<\/span> se v\u0161ak takov\u00e9 proces\u00ed odehr\u00e1v\u00e1 za p\u0159ihl\u00ed\u017een\u00ed po\u010detn\u00e9ho obecenstva v kulis\u00e1ch idylicky zelen\u00e9 alpsk\u00e9 krajiny.<\/p>\n<p>Velik\u00fdmi a kr\u00e1sn\u011b zdoben\u00fdmi postavami jsou fascinovan\u00ed mlad\u00ed, sta\u0159\u00ed, m\u00edstn\u00ed obyvatel\u00e9, ale tak\u00e9 turist\u00e9. Kdy\u017e figura obra <span class=\"textannotation disambiguated wl-thing\" id=\"urn:enhancement-d653385b-588b-35da-e580-6a80d72ee82e\" itemid=\"http:\/\/open.salzburgerland.com\/cs\/entity\/samson\">Samsona<\/span> v\u00a0doprovodu dvou trpasl\u00edk\u016f proch\u00e1z\u00ed ulicemi a n\u00e1m\u011bst\u00edmi, je to impozantn\u00ed pod\u00edvan\u00e1. Stejn\u011b jako nap\u0159\u00edklad pr\u016fvody s\u00a0kv\u011btinami zdob\u00edc\u00edmi barokn\u00ed sloupy (Prangstangen). Lid\u00e9 z <span class=\"textannotation disambiguated wl-place\" id=\"urn:enhancement-f3943622-1fee-9168-4047-08e5a838b213\" itemid=\"http:\/\/open.salzburgerland.com\/cs\/entity\/lungau\">Lungau<\/span> jsou na tyto dv\u011b slavn\u00e9 tradice po pr\u00e1vu velice hrd\u00ed.<\/p>\n","protected":false},"excerpt":{"rendered":"<p>Kdy\u017e p\u0159ich\u00e1z\u00ed Samson, jsou v\u0161ichni v\u00a0lungausk\u00fdch obc\u00edch a okol\u00ed v\u00a0pozoru. Obr s\u00a0dlouh\u00fdmi \u010dern\u00fdmi vlasy, v\u00a0brn\u011bn\u00ed a t\u0159pytiv\u00e9 p\u0159ilb\u011b d\u016fstojn\u011b kr\u00e1\u010d\u00ed ulicemi. Doprov\u00e1zej\u00ed ho trpasl\u00edci. Tu a tam se Samson se svou suitou d\u00e1 do tance. O spr\u00e1vn\u00fd rytmus a takt se sv\u011bdomit\u011b staraj\u00ed krojovan\u00ed muzikanti a muzikantky z\u00a0m\u00edstn\u00edch folklorn\u00edch hudebn\u00edch spolk\u016f. P\u011bt a\u017e osm metr\u016f [&hellip;]<\/p>\n","protected":false},"author":6,"featured_media":164563,"comment_status":"closed","ping_status":"closed","sticky":false,"template":"","format":"standard","meta":{"_acf_changed":false,"wl_entities_gutenberg":"","_relevanssi_hide_post":"","_relevanssi_hide_content":"","_relevanssi_pin_for_all":"","_relevanssi_pin_keywords":"","_relevanssi_unpin_keywords":"","_relevanssi_related_keywords":"","_relevanssi_related_include_ids":"","_relevanssi_related_exclude_ids":"","_relevanssi_related_no_append":"","_relevanssi_related_not_related":"","_relevanssi_related_posts":"","_relevanssi_noindex_reason":"","footnotes":""},"categories":[1],"tags":[],"wl_entity_type":[706],"class_list":["post-144375","post","type-post","status-publish","format-standard","has-post-thumbnail","hentry","category-uncategorized","wl_entity_type-article"],"acf":[],"yoast_head":"<!-- This site is optimized with the Yoast SEO Premium plugin v27.4 (Yoast SEO v27.4) - https:\/\/yoast.com\/product\/yoast-seo-premium-wordpress\/ -->\n<title>Obrovsk\u00e1 pod\u00edvan\u00e1 \u00bb SalzburgerLand.com<\/title>\n<meta name=\"robots\" content=\"index, follow, max-snippet:-1, max-image-preview:large, max-video-preview:-1\" \/>\n<link rel=\"canonical\" href=\"https:\/\/www.salzburgerland.com\/cs\/salcbursky-lungau-obrovska-podivana-hrdina-samson\/\" \/>\n<meta property=\"og:locale\" content=\"cs_CZ\" \/>\n<meta property=\"og:type\" content=\"article\" \/>\n<meta property=\"og:title\" content=\"Obrovsk\u00e1 pod\u00edvan\u00e1\" \/>\n<meta property=\"og:description\" content=\"Kdy\u017e p\u0159ich\u00e1z\u00ed Samson, jsou v\u0161ichni v\u00a0lungausk\u00fdch obc\u00edch a okol\u00ed v\u00a0pozoru. Obr s\u00a0dlouh\u00fdmi \u010dern\u00fdmi vlasy, v\u00a0brn\u011bn\u00ed a t\u0159pytiv\u00e9 p\u0159ilb\u011b d\u016fstojn\u011b kr\u00e1\u010d\u00ed ulicemi.\" \/>\n<meta property=\"og:url\" content=\"https:\/\/www.salzburgerland.com\/cs\/salcbursky-lungau-obrovska-podivana-hrdina-samson\/\" \/>\n<meta property=\"og:site_name\" content=\"SalzburgerLand.com\" \/>\n<meta property=\"article:publisher\" content=\"https:\/\/www.facebook.com\/visitsalzburgerland\/\" \/>\n<meta property=\"article:published_time\" content=\"2018-10-01T12:13:26+00:00\" \/>\n<meta property=\"article:modified_time\" content=\"2026-03-22T00:10:44+00:00\" \/>\n<meta property=\"og:image\" content=\"https:\/\/www.salzburgerland.com\/cs\/wp-content\/uploads\/2018\/10\/samsontreffen-2022-salzburger-lungau-12-1200x675.jpg\" \/>\n\t<meta property=\"og:image:width\" content=\"1200\" \/>\n\t<meta property=\"og:image:height\" content=\"675\" \/>\n\t<meta property=\"og:image:type\" content=\"image\/jpeg\" \/>\n<meta name=\"author\" content=\"Andrea \u017d\u00e1\u010dkov\u00e1\" \/>\n<meta name=\"twitter:card\" content=\"summary_large_image\" \/>\n<meta name=\"twitter:creator\" content=\"@salzburgerland\" \/>\n<meta name=\"twitter:site\" content=\"@salzburgerland\" \/>\n<meta name=\"twitter:label1\" content=\"Napsal(a)\" \/>\n\t<meta name=\"twitter:data1\" content=\"Andrea \u017d\u00e1\u010dkov\u00e1\" \/>\n\t<meta name=\"twitter:label2\" content=\"Odhadovan\u00e1 doba \u010dten\u00ed\" \/>\n\t<meta name=\"twitter:data2\" content=\"4 minuty\" \/>\n<script type=\"application\/ld+json\" class=\"yoast-schema-graph\">{\"@context\":\"https:\\\/\\\/schema.org\",\"@graph\":[{\"@type\":\"Article\",\"@id\":\"https:\\\/\\\/www.salzburgerland.com\\\/cs\\\/salcbursky-lungau-obrovska-podivana-hrdina-samson\\\/#article\",\"isPartOf\":{\"@id\":\"https:\\\/\\\/www.salzburgerland.com\\\/cs\\\/salcbursky-lungau-obrovska-podivana-hrdina-samson\\\/\"},\"author\":{\"name\":\"Andrea \u017d\u00e1\u010dkov\u00e1\",\"@id\":\"https:\\\/\\\/www.salzburgerland.com\\\/cs\\\/#\\\/schema\\\/person\\\/dd42a4661897004df109095dbf40eeff\"},\"headline\":\"Obrovsk\u00e1 pod\u00edvan\u00e1\",\"datePublished\":\"2018-10-01T12:13:26+00:00\",\"dateModified\":\"2026-03-22T00:10:44+00:00\",\"mainEntityOfPage\":{\"@id\":\"https:\\\/\\\/www.salzburgerland.com\\\/cs\\\/salcbursky-lungau-obrovska-podivana-hrdina-samson\\\/\"},\"wordCount\":538,\"image\":{\"@id\":\"https:\\\/\\\/www.salzburgerland.com\\\/cs\\\/salcbursky-lungau-obrovska-podivana-hrdina-samson\\\/#primaryimage\"},\"thumbnailUrl\":\"https:\\\/\\\/www.salzburgerland.com\\\/cs\\\/wp-content\\\/uploads\\\/2018\\\/10\\\/samsontreffen-2022-salzburger-lungau-12.jpg\",\"articleSection\":[\"Uncategorized\"],\"inLanguage\":\"cs\"},{\"@type\":\"WebPage\",\"@id\":\"https:\\\/\\\/www.salzburgerland.com\\\/cs\\\/salcbursky-lungau-obrovska-podivana-hrdina-samson\\\/\",\"url\":\"https:\\\/\\\/www.salzburgerland.com\\\/cs\\\/salcbursky-lungau-obrovska-podivana-hrdina-samson\\\/\",\"name\":\"Obrovsk\u00e1 pod\u00edvan\u00e1 \u00bb SalzburgerLand.com\",\"isPartOf\":{\"@id\":\"https:\\\/\\\/www.salzburgerland.com\\\/cs\\\/#website\"},\"primaryImageOfPage\":{\"@id\":\"https:\\\/\\\/www.salzburgerland.com\\\/cs\\\/salcbursky-lungau-obrovska-podivana-hrdina-samson\\\/#primaryimage\"},\"image\":{\"@id\":\"https:\\\/\\\/www.salzburgerland.com\\\/cs\\\/salcbursky-lungau-obrovska-podivana-hrdina-samson\\\/#primaryimage\"},\"thumbnailUrl\":\"https:\\\/\\\/www.salzburgerland.com\\\/cs\\\/wp-content\\\/uploads\\\/2018\\\/10\\\/samsontreffen-2022-salzburger-lungau-12.jpg\",\"datePublished\":\"2018-10-01T12:13:26+00:00\",\"dateModified\":\"2026-03-22T00:10:44+00:00\",\"author\":{\"@id\":\"https:\\\/\\\/www.salzburgerland.com\\\/cs\\\/#\\\/schema\\\/person\\\/dd42a4661897004df109095dbf40eeff\"},\"description\":\"Symbolem Lungau je biblick\u00fd obr Samson. Pr\u016fvody s no\u0161en\u00edm a\u017e osm metr\u016f vysok\u00fdch postav, zpodob\u0148uj\u00edc\u00edch tohoto hrdinu, se konaj\u00ed v letn\u00edch m\u011bs\u00edc\u00edch. Od roku 2010 je \u00fachvatn\u00e1 tradice dokonce zaps\u00e1na na sezam UNESCO.\",\"breadcrumb\":{\"@id\":\"https:\\\/\\\/www.salzburgerland.com\\\/cs\\\/salcbursky-lungau-obrovska-podivana-hrdina-samson\\\/#breadcrumb\"},\"inLanguage\":\"cs\",\"potentialAction\":[{\"@type\":\"ReadAction\",\"target\":[\"https:\\\/\\\/www.salzburgerland.com\\\/cs\\\/salcbursky-lungau-obrovska-podivana-hrdina-samson\\\/\"]}]},{\"@type\":\"ImageObject\",\"inLanguage\":\"cs\",\"@id\":\"https:\\\/\\\/www.salzburgerland.com\\\/cs\\\/salcbursky-lungau-obrovska-podivana-hrdina-samson\\\/#primaryimage\",\"url\":\"https:\\\/\\\/www.salzburgerland.com\\\/cs\\\/wp-content\\\/uploads\\\/2018\\\/10\\\/samsontreffen-2022-salzburger-lungau-12.jpg\",\"contentUrl\":\"https:\\\/\\\/www.salzburgerland.com\\\/cs\\\/wp-content\\\/uploads\\\/2018\\\/10\\\/samsontreffen-2022-salzburger-lungau-12.jpg\",\"width\":1920,\"height\":1280,\"caption\":\"Samson je jedn\u00edm z nejv\u011bt\u0161\u00edch symbol\u016f Lungau, a to doslova \u00a9 Salzburger Lungau\"},{\"@type\":\"BreadcrumbList\",\"@id\":\"https:\\\/\\\/www.salzburgerland.com\\\/cs\\\/salcbursky-lungau-obrovska-podivana-hrdina-samson\\\/#breadcrumb\",\"itemListElement\":[{\"@type\":\"ListItem\",\"position\":1,\"name\":\"Salcbursk\u00fd Lungau v l\u00e9t\u011b\",\"item\":\"https:\\\/\\\/www.salzburgerland.com\\\/cs\\\/salcbursky-lungau-v-lete\\\/\"},{\"@type\":\"ListItem\",\"position\":2,\"name\":\"Obrovsk\u00e1 pod\u00edvan\u00e1\"}]},{\"@type\":\"WebSite\",\"@id\":\"https:\\\/\\\/www.salzburgerland.com\\\/cs\\\/#website\",\"url\":\"https:\\\/\\\/www.salzburgerland.com\\\/cs\\\/\",\"name\":\"SalzburgerLand.com\",\"description\":\"Va\u0161e dovolen\u00e1 v Salcburku, Rakousko\",\"potentialAction\":[{\"@type\":\"SearchAction\",\"target\":{\"@type\":\"EntryPoint\",\"urlTemplate\":\"https:\\\/\\\/www.salzburgerland.com\\\/cs\\\/?s={search_term_string}\"},\"query-input\":{\"@type\":\"PropertyValueSpecification\",\"valueRequired\":true,\"valueName\":\"search_term_string\"}}],\"inLanguage\":\"cs\"},{\"@type\":\"Person\",\"@id\":\"https:\\\/\\\/www.salzburgerland.com\\\/cs\\\/#\\\/schema\\\/person\\\/dd42a4661897004df109095dbf40eeff\",\"name\":\"Andrea \u017d\u00e1\u010dkov\u00e1\",\"image\":{\"@type\":\"ImageObject\",\"inLanguage\":\"cs\",\"@id\":\"https:\\\/\\\/secure.gravatar.com\\\/avatar\\\/338deec8d231d56d0ab7b2b7d6d0aedbcb3eb05390f6c027fd5b7ebe87b67dbf?s=96&d=mm&r=g\",\"url\":\"https:\\\/\\\/secure.gravatar.com\\\/avatar\\\/338deec8d231d56d0ab7b2b7d6d0aedbcb3eb05390f6c027fd5b7ebe87b67dbf?s=96&d=mm&r=g\",\"contentUrl\":\"https:\\\/\\\/secure.gravatar.com\\\/avatar\\\/338deec8d231d56d0ab7b2b7d6d0aedbcb3eb05390f6c027fd5b7ebe87b67dbf?s=96&d=mm&r=g\",\"caption\":\"Andrea \u017d\u00e1\u010dkov\u00e1\"}}]}<\/script>\n<!-- \/ Yoast SEO Premium plugin. -->","yoast_head_json":{"title":"Obrovsk\u00e1 pod\u00edvan\u00e1 \u00bb SalzburgerLand.com","robots":{"index":"index","follow":"follow","max-snippet":"max-snippet:-1","max-image-preview":"max-image-preview:large","max-video-preview":"max-video-preview:-1"},"canonical":"https:\/\/www.salzburgerland.com\/cs\/salcbursky-lungau-obrovska-podivana-hrdina-samson\/","og_locale":"cs_CZ","og_type":"article","og_title":"Obrovsk\u00e1 pod\u00edvan\u00e1","og_description":"Kdy\u017e p\u0159ich\u00e1z\u00ed Samson, jsou v\u0161ichni v\u00a0lungausk\u00fdch obc\u00edch a okol\u00ed v\u00a0pozoru. Obr s\u00a0dlouh\u00fdmi \u010dern\u00fdmi vlasy, v\u00a0brn\u011bn\u00ed a t\u0159pytiv\u00e9 p\u0159ilb\u011b d\u016fstojn\u011b kr\u00e1\u010d\u00ed ulicemi.","og_url":"https:\/\/www.salzburgerland.com\/cs\/salcbursky-lungau-obrovska-podivana-hrdina-samson\/","og_site_name":"SalzburgerLand.com","article_publisher":"https:\/\/www.facebook.com\/visitsalzburgerland\/","article_published_time":"2018-10-01T12:13:26+00:00","article_modified_time":"2026-03-22T00:10:44+00:00","og_image":[{"width":1200,"height":675,"url":"https:\/\/www.salzburgerland.com\/cs\/wp-content\/uploads\/2018\/10\/samsontreffen-2022-salzburger-lungau-12-1200x675.jpg","type":"image\/jpeg"}],"author":"Andrea \u017d\u00e1\u010dkov\u00e1","twitter_card":"summary_large_image","twitter_creator":"@salzburgerland","twitter_site":"@salzburgerland","twitter_misc":{"Napsal(a)":"Andrea \u017d\u00e1\u010dkov\u00e1","Odhadovan\u00e1 doba \u010dten\u00ed":"4 minuty"},"schema":{"@context":"https:\/\/schema.org","@graph":[{"@type":"Article","@id":"https:\/\/www.salzburgerland.com\/cs\/salcbursky-lungau-obrovska-podivana-hrdina-samson\/#article","isPartOf":{"@id":"https:\/\/www.salzburgerland.com\/cs\/salcbursky-lungau-obrovska-podivana-hrdina-samson\/"},"author":{"name":"Andrea \u017d\u00e1\u010dkov\u00e1","@id":"https:\/\/www.salzburgerland.com\/cs\/#\/schema\/person\/dd42a4661897004df109095dbf40eeff"},"headline":"Obrovsk\u00e1 pod\u00edvan\u00e1","datePublished":"2018-10-01T12:13:26+00:00","dateModified":"2026-03-22T00:10:44+00:00","mainEntityOfPage":{"@id":"https:\/\/www.salzburgerland.com\/cs\/salcbursky-lungau-obrovska-podivana-hrdina-samson\/"},"wordCount":538,"image":{"@id":"https:\/\/www.salzburgerland.com\/cs\/salcbursky-lungau-obrovska-podivana-hrdina-samson\/#primaryimage"},"thumbnailUrl":"https:\/\/www.salzburgerland.com\/cs\/wp-content\/uploads\/2018\/10\/samsontreffen-2022-salzburger-lungau-12.jpg","articleSection":["Uncategorized"],"inLanguage":"cs"},{"@type":"WebPage","@id":"https:\/\/www.salzburgerland.com\/cs\/salcbursky-lungau-obrovska-podivana-hrdina-samson\/","url":"https:\/\/www.salzburgerland.com\/cs\/salcbursky-lungau-obrovska-podivana-hrdina-samson\/","name":"Obrovsk\u00e1 pod\u00edvan\u00e1 \u00bb SalzburgerLand.com","isPartOf":{"@id":"https:\/\/www.salzburgerland.com\/cs\/#website"},"primaryImageOfPage":{"@id":"https:\/\/www.salzburgerland.com\/cs\/salcbursky-lungau-obrovska-podivana-hrdina-samson\/#primaryimage"},"image":{"@id":"https:\/\/www.salzburgerland.com\/cs\/salcbursky-lungau-obrovska-podivana-hrdina-samson\/#primaryimage"},"thumbnailUrl":"https:\/\/www.salzburgerland.com\/cs\/wp-content\/uploads\/2018\/10\/samsontreffen-2022-salzburger-lungau-12.jpg","datePublished":"2018-10-01T12:13:26+00:00","dateModified":"2026-03-22T00:10:44+00:00","author":{"@id":"https:\/\/www.salzburgerland.com\/cs\/#\/schema\/person\/dd42a4661897004df109095dbf40eeff"},"description":"Symbolem Lungau je biblick\u00fd obr Samson. Pr\u016fvody s no\u0161en\u00edm a\u017e osm metr\u016f vysok\u00fdch postav, zpodob\u0148uj\u00edc\u00edch tohoto hrdinu, se konaj\u00ed v letn\u00edch m\u011bs\u00edc\u00edch. Od roku 2010 je \u00fachvatn\u00e1 tradice dokonce zaps\u00e1na na sezam UNESCO.","breadcrumb":{"@id":"https:\/\/www.salzburgerland.com\/cs\/salcbursky-lungau-obrovska-podivana-hrdina-samson\/#breadcrumb"},"inLanguage":"cs","potentialAction":[{"@type":"ReadAction","target":["https:\/\/www.salzburgerland.com\/cs\/salcbursky-lungau-obrovska-podivana-hrdina-samson\/"]}]},{"@type":"ImageObject","inLanguage":"cs","@id":"https:\/\/www.salzburgerland.com\/cs\/salcbursky-lungau-obrovska-podivana-hrdina-samson\/#primaryimage","url":"https:\/\/www.salzburgerland.com\/cs\/wp-content\/uploads\/2018\/10\/samsontreffen-2022-salzburger-lungau-12.jpg","contentUrl":"https:\/\/www.salzburgerland.com\/cs\/wp-content\/uploads\/2018\/10\/samsontreffen-2022-salzburger-lungau-12.jpg","width":1920,"height":1280,"caption":"Samson je jedn\u00edm z nejv\u011bt\u0161\u00edch symbol\u016f Lungau, a to doslova \u00a9 Salzburger Lungau"},{"@type":"BreadcrumbList","@id":"https:\/\/www.salzburgerland.com\/cs\/salcbursky-lungau-obrovska-podivana-hrdina-samson\/#breadcrumb","itemListElement":[{"@type":"ListItem","position":1,"name":"Salcbursk\u00fd Lungau v l\u00e9t\u011b","item":"https:\/\/www.salzburgerland.com\/cs\/salcbursky-lungau-v-lete\/"},{"@type":"ListItem","position":2,"name":"Obrovsk\u00e1 pod\u00edvan\u00e1"}]},{"@type":"WebSite","@id":"https:\/\/www.salzburgerland.com\/cs\/#website","url":"https:\/\/www.salzburgerland.com\/cs\/","name":"SalzburgerLand.com","description":"Va\u0161e dovolen\u00e1 v Salcburku, Rakousko","potentialAction":[{"@type":"SearchAction","target":{"@type":"EntryPoint","urlTemplate":"https:\/\/www.salzburgerland.com\/cs\/?s={search_term_string}"},"query-input":{"@type":"PropertyValueSpecification","valueRequired":true,"valueName":"search_term_string"}}],"inLanguage":"cs"},{"@type":"Person","@id":"https:\/\/www.salzburgerland.com\/cs\/#\/schema\/person\/dd42a4661897004df109095dbf40eeff","name":"Andrea \u017d\u00e1\u010dkov\u00e1","image":{"@type":"ImageObject","inLanguage":"cs","@id":"https:\/\/secure.gravatar.com\/avatar\/338deec8d231d56d0ab7b2b7d6d0aedbcb3eb05390f6c027fd5b7ebe87b67dbf?s=96&d=mm&r=g","url":"https:\/\/secure.gravatar.com\/avatar\/338deec8d231d56d0ab7b2b7d6d0aedbcb3eb05390f6c027fd5b7ebe87b67dbf?s=96&d=mm&r=g","contentUrl":"https:\/\/secure.gravatar.com\/avatar\/338deec8d231d56d0ab7b2b7d6d0aedbcb3eb05390f6c027fd5b7ebe87b67dbf?s=96&d=mm&r=g","caption":"Andrea \u017d\u00e1\u010dkov\u00e1"}}]}},"_wl_alt_label":[],"wl:entity_url":"http:\/\/open.salzburgerland.com\/cs\/entity\/obrovska_podivana__hrdina_samson","_links":{"self":[{"href":"https:\/\/www.salzburgerland.com\/cs\/wp-json\/wp\/v2\/posts\/144375","targetHints":{"allow":["GET"]}}],"collection":[{"href":"https:\/\/www.salzburgerland.com\/cs\/wp-json\/wp\/v2\/posts"}],"about":[{"href":"https:\/\/www.salzburgerland.com\/cs\/wp-json\/wp\/v2\/types\/post"}],"author":[{"embeddable":true,"href":"https:\/\/www.salzburgerland.com\/cs\/wp-json\/wp\/v2\/users\/6"}],"replies":[{"embeddable":true,"href":"https:\/\/www.salzburgerland.com\/cs\/wp-json\/wp\/v2\/comments?post=144375"}],"version-history":[{"count":10,"href":"https:\/\/www.salzburgerland.com\/cs\/wp-json\/wp\/v2\/posts\/144375\/revisions"}],"predecessor-version":[{"id":164568,"href":"https:\/\/www.salzburgerland.com\/cs\/wp-json\/wp\/v2\/posts\/144375\/revisions\/164568"}],"wp:featuredmedia":[{"embeddable":true,"href":"https:\/\/www.salzburgerland.com\/cs\/wp-json\/wp\/v2\/media\/164563"}],"wp:attachment":[{"href":"https:\/\/www.salzburgerland.com\/cs\/wp-json\/wp\/v2\/media?parent=144375"}],"wp:term":[{"taxonomy":"category","embeddable":true,"href":"https:\/\/www.salzburgerland.com\/cs\/wp-json\/wp\/v2\/categories?post=144375"},{"taxonomy":"post_tag","embeddable":true,"href":"https:\/\/www.salzburgerland.com\/cs\/wp-json\/wp\/v2\/tags?post=144375"},{"taxonomy":"wl_entity_type","embeddable":true,"href":"https:\/\/www.salzburgerland.com\/cs\/wp-json\/wp\/v2\/wl_entity_type?post=144375"}],"curies":[{"name":"wp","href":"https:\/\/api.w.org\/{rel}","templated":true}]}}