{"id":143978,"date":"2018-01-25T13:00:07","date_gmt":"2018-01-25T12:00:07","guid":{"rendered":"https:\/\/www.salzburgerland.com\/cs\/?p=143978"},"modified":"2026-02-22T23:13:16","modified_gmt":"2026-02-22T22:13:16","slug":"adidas-infinite-trails","status":"publish","type":"post","link":"https:\/\/www.salzburgerland.com\/cs\/adidas-infinite-trails\/","title":{"rendered":"ADIDAS TERREX INFINITE TRAILS"},"content":{"rendered":"<p>Trailov\u00fd b\u011b\u017eeck\u00fd z\u00e1vod extra t\u0159\u00eddy <a href=\"https:\/\/infinite-trails.com\/en\/\" target=\"_blank\" rel=\"noopener noreferrer\">\u201eadidas TERREX INFINITE TRAILS<\/a>\u201c se op\u011bt uskute\u010dn\u00ed <span>od<strong> 4. do 6. z\u00e1\u0159\u00ed 2026 <\/strong><\/span>v Salcbursku. Koncept t\u00e9to akce byl vyvinut ve spolupr\u00e1ci se \u0161pi\u010dkov\u00fdmi sportovci a slibuje v\u0161em b\u011b\u017ec\u016fm skv\u011bl\u00e9 z\u00e1\u017eitky, p\u0159\u00edle\u017eitost k vrcholn\u00fdm sportovn\u00edm v\u00fdkon\u016fm i spoustu z\u00e1bavy. Program bude nabit\u00fd do posledn\u00ed minuty. C\u00edlov\u00fdmi vrcholy jsou t\u0159i <a href=\"https:\/\/www.salzburgerland.com\/cs\/gastein\/\" target=\"_blank\" rel=\"noopener\">gasteinsk\u00e9 hory<\/a>.<\/p>\n<p><iframe title=\"Recap - adidas TERREX INFINITE TRAILS 2024\ud83d\udd25\" width=\"500\" height=\"281\" src=\"https:\/\/www.youtube-nocookie.com\/embed\/_8W5fdYRM8k?feature=oembed&amp;rel=0&amp;modestbranding=1\" frameborder=\"0\" allow=\"accelerometer; autoplay; clipboard-write; encrypted-media; gyroscope; picture-in-picture; web-share\" referrerpolicy=\"strict-origin-when-cross-origin\" allowfullscreen><\/iframe><\/p>\n<h3>adidas TERREX INFINITE TRAILS ve zkratce<\/h3>\n<ul>\n<li>Trailov\u00e9 z\u00e1vody se t\u011b\u0161\u00ed st\u00e1le v\u011bt\u0161\u00ed popularit\u011b. Na akci pod n\u00e1zvem <b>adidas TERREX INFINITE TRAILS <\/b>se bude z\u00e1vodit v r\u016fzn\u00fdch kategori\u00edch.<\/li>\n<li><span>T\u00fdmy budou\u00a0<\/span><strong>slo\u017eeny jak ze za\u010d\u00e1te\u010dn\u00edk\u016f, tak z profesion\u00e1l\u016f<\/strong><span>. Ka\u017ed\u00fd\u00a0<\/span><strong>t\u0159\u00ed\u010dlenn\u00fd<\/strong><span>\u00a0t\u00fdm ub\u011bhne ve \u0161tafet\u011b\u00a0<\/span><strong>celkem 100 kilometr\u016f<\/strong><span>\u00a0a p\u0159ekon\u00e1<\/span><strong><span>\u00a0<\/span>p\u0159ev\u00fd\u0161en\u00ed 7600 metr\u016f<\/strong><span>.<\/span><\/li>\n<li><strong>V sobotu<\/strong><span>\u00a0<\/span>se<span>\u00a0<\/span><strong>t\u0159\u00ed\u010dlenn\u00e9<\/strong><span>\u00a0<\/span>t\u00fdmy utkaj\u00ed v \u017eensk\u00fdch, mu\u017esk\u00fdch a sm\u00ed\u0161en\u00fdch kategori\u00edch. Ka\u017ed\u00fd \u010dlen t\u00fdmu absolvuje<span>\u00a0<\/span><strong>jedno<\/strong><span>\u00a0<\/span><strong>ze t\u0159\u00ed kol<\/strong>\u00a0v n\u00e1dhern\u00e9 alpsk\u00e9 krajin\u011b Gasteinu.<\/li>\n<li>Okruhy\u00a0<strong>se li\u0161\u00ed tak\u00e9 d\u00e9lkou a p\u0159ev\u00fd\u0161en\u00edm<\/strong>:<span>\u00a0<\/span><strong>21 km\/1900<\/strong><span>\u00a0<\/span>m,<span>\u00a0<\/span><strong>35 km\/2700<\/strong><span>\u00a0<\/span>m,<span>\u00a0<\/span><strong>44 km\/3000<\/strong><span>\u00a0<\/span>m.<\/li>\n<li>Pro<span>\u00a0<\/span><strong>individu\u00e1ln\u00ed b\u011b\u017ece<\/strong><span>\u00a0<\/span>se budou konat<span>\u00a0<\/span><strong>ultra distance<\/strong>\u00a0<strong>na 15, 30, 45<\/strong><span>\u00a0<\/span>a<strong><span>\u00a0<\/span>65 kilometr\u016f<\/strong><span>\u00a0<\/span>s p\u0159ev\u00fd\u0161en\u00edm 5 000 metr\u016f, v\u010detn\u011b t\u0159\u00ed vrchol\u016f v Gasteinu.<\/li>\n<\/ul>\n<p>V\u00edce informac\u00ed najdete na webov\u00fdch str\u00e1nk\u00e1ch <a href=\"https:\/\/www.gastein.com\/cz\/udalosti\/summer\/adidas-infinite-trails-world-championships\/\" target=\"_blank\" rel=\"noopener noreferrer\">Gasteinu<\/a>.<\/p>\n<h3>Gastein i Adidas fand\u00ed udr\u017eitelnosti<\/h3>\n<p>Akce je vyvrcholen\u00edm projektu Trail Running, kter\u00fd vytvo\u0159ila spole\u010dnost Adidas. Hled\u00e1n\u00ed ide\u00e1ln\u00edho m\u00edsta trvalo p\u0159ed prvn\u00edm ro\u010dn\u00edkem z\u00e1vod\u016f v roce 2018 n\u011bkolik m\u011bs\u00edc\u016f. Volba padla na <strong>Gastein<\/strong>. Region organiz\u00e1tory zaujal sv\u00fdm promy\u0161len\u00fdm konceptem udr\u017eitelnosti, <strong>ochranou \u017eivotn\u00edho prost\u0159ed\u00ed<\/strong>, optim\u00e1ln\u00edm vyu\u017eit\u00edm horsk\u00fdch tras a perfektn\u00ed infrastrukturou. B\u011bhem z\u00e1vodu se klade maxim\u00e1ln\u00ed d\u016fraz na <strong>ohleduplnost k p\u0159\u00edrod\u011b<\/strong>.<\/p>\n\n\t\t\t<div id=\"143978-1\" class=\"gallery gallery-143978 gallery-columns-3 gallery-size-1170_658\" itemscope itemtype=\"http:\/\/schema.org\/ImageGallery\">\n\t\t\t\t<ul class=\"gallery-row gallery-col-3 gallery-clear\">\n\t\t\t\t\t<li class=\"gallery-item col-3\" itemprop=\"associatedMedia\" itemscope itemtype=\"http:\/\/schema.org\/ImageObject\">\n\t\t\t\t\t\t<div class=\"gallery-icon landscape\"><a href=\"https:\/\/www.salzburgerland.com\/cs\/wp-content\/uploads\/2018\/01\/ait_bc_ss_18_michael_mueller__1788-1200x675-1.jpg\" title=\"ait_bc_ss_18_michael_mueller__1788-1200x675\"><img decoding=\"async\" data-title=\"Vzru\u0161uj\u00edc\u00ed \u0161tafeta adidas INFINITE TRAILS \u00a9 Gasteinertal Tourismus GmbH\" title=\"Vzru\u0161uj\u00edc\u00ed \u0161tafeta adidas INFINITE TRAILS \u00a9 Gasteinertal Tourismus GmbH\" data-caption=\"Vzru\u0161uj\u00edc\u00ed \u0161tafeta adidas INFINITE TRAILS \u00a9 Gasteinertal Tourismus GmbH\" width=\"1170\" height=\"658\" src=\"https:\/\/www.salzburgerland.com\/cs\/wp-content\/uploads\/2018\/01\/ait_bc_ss_18_michael_mueller__1788-1200x675-1-1170x658.jpg\" class=\"attachment-1170_658 size-1170_658\" alt=\"Ka\u017ed\u00fd \u00fasek z\u00e1vod\u016f Adidas Terrex Infinite Trails m\u00e1 jinou vzd\u00e1lenost, d\u00e9lku a nadmo\u0159skou v\u00fd\u0161ku. (Zv\u011bt\u0161en\u00fd pohled)\" srcset=\"https:\/\/www.salzburgerland.com\/cs\/wp-content\/uploads\/2018\/01\/ait_bc_ss_18_michael_mueller__1788-1200x675-1-1170x658.jpg 1170w, https:\/\/www.salzburgerland.com\/cs\/wp-content\/uploads\/2018\/01\/ait_bc_ss_18_michael_mueller__1788-1200x675-1-768x432.jpg 768w, https:\/\/www.salzburgerland.com\/cs\/wp-content\/uploads\/2018\/01\/ait_bc_ss_18_michael_mueller__1788-1200x675-1.jpg 1200w\" sizes=\"(max-width: 1170px) 100vw, 1170px\" aria-describedby=\"figcaption-143978-155513\" itemprop=\"thumbnail\"><\/a><\/div>\n\t\t\t\t\t\t<span id=\"figcaption-143978-155513\" class=\"gallery-caption\" itemprop=\"caption\"><span aria-hidden=\"true\">Vzru\u0161uj\u00edc\u00ed \u0161tafeta adidas INFINITE TRAILS \u00a9 Gasteinertal Tourismus GmbH<\/span><\/span>\n\t\t\t\t\t<\/li>\n\t\t\t\t\t<li class=\"gallery-item col-3\" itemprop=\"associatedMedia\" itemscope itemtype=\"http:\/\/schema.org\/ImageObject\">\n\t\t\t\t\t\t<div class=\"gallery-icon landscape\"><a href=\"https:\/\/www.salzburgerland.com\/cs\/wp-content\/uploads\/2018\/01\/ait_bc_ss_18_michael_mueller__4471-1200x675-1.jpg\" title=\"ait_bc_ss_18_michael_mueller__4471-1200x675\"><img decoding=\"async\" data-title=\"Z\u00e1vody nab\u00edzej\u00ed pestr\u00fd alpsk\u00fd ter\u00e9n \u00a9 Gasteinertal Tourismus GmbH\" title=\"Z\u00e1vody nab\u00edzej\u00ed pestr\u00fd alpsk\u00fd ter\u00e9n \u00a9 Gasteinertal Tourismus GmbH\" data-caption=\"Z\u00e1vody nab\u00edzej\u00ed pestr\u00fd alpsk\u00fd ter\u00e9n \u00a9 Gasteinertal Tourismus GmbH\" width=\"1170\" height=\"658\" src=\"https:\/\/www.salzburgerland.com\/cs\/wp-content\/uploads\/2018\/01\/ait_bc_ss_18_michael_mueller__4471-1200x675-1-1170x658.jpg\" class=\"attachment-1170_658 size-1170_658\" alt=\"B\u011bh\u00e1n\u00ed a z\u00e1vody v hor\u00e1ch jsou st\u00e1le popul\u00e1rn\u011bj\u0161\u00ed. V Gasteinu se kr\u00e1sa krajiny m\u00eds\u00ed se sportovn\u00edm z\u00e1\u017eitkem b\u011bhem z\u00e1vod\u016f Adidas Infinite Trails (Zv\u011bt\u0161en\u00fd pohled)\" srcset=\"https:\/\/www.salzburgerland.com\/cs\/wp-content\/uploads\/2018\/01\/ait_bc_ss_18_michael_mueller__4471-1200x675-1-1170x658.jpg 1170w, https:\/\/www.salzburgerland.com\/cs\/wp-content\/uploads\/2018\/01\/ait_bc_ss_18_michael_mueller__4471-1200x675-1-768x432.jpg 768w, https:\/\/www.salzburgerland.com\/cs\/wp-content\/uploads\/2018\/01\/ait_bc_ss_18_michael_mueller__4471-1200x675-1.jpg 1200w\" sizes=\"(max-width: 1170px) 100vw, 1170px\" aria-describedby=\"figcaption-143978-155514\" itemprop=\"thumbnail\"><\/a><\/div>\n\t\t\t\t\t\t<span id=\"figcaption-143978-155514\" class=\"gallery-caption\" itemprop=\"caption\"><span aria-hidden=\"true\">Z\u00e1vody nab\u00edzej\u00ed pestr\u00fd alpsk\u00fd ter\u00e9n \u00a9 Gasteinertal Tourismus GmbH<\/span><\/span>\n\t\t\t\t\t<\/li>\n\t\t\t\t\t<li class=\"gallery-item col-3\" itemprop=\"associatedMedia\" itemscope itemtype=\"http:\/\/schema.org\/ImageObject\">\n\t\t\t\t\t\t<div class=\"gallery-icon landscape\"><a href=\"https:\/\/www.salzburgerland.com\/cs\/wp-content\/uploads\/2018\/01\/cjklatt_ait19_relayloop2_6512-1200x675-1.jpg\" title=\"cjklatt_ait19_relayloop2_6512-1200x675\"><img decoding=\"async\" data-title=\"Velk\u00fd d\u016fraz je kladen na udr\u017eitelnost a co nejmen\u0161\u00ed ekologickou stopu \u00a9 Gasteinertal Tourismus GmbH\" title=\"Velk\u00fd d\u016fraz je kladen na udr\u017eitelnost a co nejmen\u0161\u00ed ekologickou stopu \u00a9 Gasteinertal Tourismus GmbH\" data-caption=\"Velk\u00fd d\u016fraz je kladen na udr\u017eitelnost a co nejmen\u0161\u00ed ekologickou stopu \u00a9 Gasteinertal Tourismus GmbH\" width=\"1170\" height=\"658\" src=\"https:\/\/www.salzburgerland.com\/cs\/wp-content\/uploads\/2018\/01\/cjklatt_ait19_relayloop2_6512-1200x675-1-1170x658.jpg\" class=\"attachment-1170_658 size-1170_658\" alt=\"Do Gasteinu jezd\u00ed na z\u00e1vody Adidas Infinite Trails b\u011b\u017eci z cel\u00e9ho sv\u011bta. V t\u00fdmech budou jak za\u010d\u00e1te\u010dn\u00edci, tak profesion\u00e1lov\u00e9 (Zv\u011bt\u0161en\u00fd pohled)\" srcset=\"https:\/\/www.salzburgerland.com\/cs\/wp-content\/uploads\/2018\/01\/cjklatt_ait19_relayloop2_6512-1200x675-1-1170x658.jpg 1170w, https:\/\/www.salzburgerland.com\/cs\/wp-content\/uploads\/2018\/01\/cjklatt_ait19_relayloop2_6512-1200x675-1-768x432.jpg 768w, https:\/\/www.salzburgerland.com\/cs\/wp-content\/uploads\/2018\/01\/cjklatt_ait19_relayloop2_6512-1200x675-1.jpg 1200w\" sizes=\"(max-width: 1170px) 100vw, 1170px\" aria-describedby=\"figcaption-143978-155515\" itemprop=\"thumbnail\"><\/a><\/div>\n\t\t\t\t\t\t<span id=\"figcaption-143978-155515\" class=\"gallery-caption\" itemprop=\"caption\"><span aria-hidden=\"true\">Velk\u00fd d\u016fraz je kladen na udr\u017eitelnost a co nejmen\u0161\u00ed ekologickou stopu \u00a9 Gasteinertal Tourismus GmbH<\/span><\/span>\n\t\t\t\t\t<\/li>\n\t\t\t\t<\/ul>\n\t\t\t<\/div><!-- .gallery -->\n\n<h3>Pro\u010d vyrazit do Gasteinu<\/h3>\n<ul>\n<li><span>Trail running je st\u00e1le popul\u00e1rn\u011bj\u0161\u00ed. Opust\u00edte m\u011bstsk\u00e9 trasy, zn\u00e1m\u00e9 cesty a vychutn\u00e1te si <strong>fascinuj\u00edc\u00ed z\u00e1\u017eitky z alpsk\u00e9 p\u0159\u00edrody<\/strong>.<\/span><\/li>\n<li>Gasteinsk\u00e9 \u00fadol\u00ed je n\u00e1dhern\u00e9 m\u00edsto se <strong>zelen\u00fdmi lesy, alpsk\u00fdmi pastvinami<\/strong> a kr\u00e1sn\u00fdmi ter\u00e9ny pro maxim\u00e1ln\u00ed <strong>po\u017eitek z b\u011bh\u00e1n\u00ed<\/strong>.<\/li>\n<li><strong>Atmosf\u00e9ra z\u00e1vod\u016f<\/strong> je nezapomenuteln\u00e1. Organiz\u00e1to\u0159i dbaj\u00ed na <strong>udr\u017eitelnost a ohleduplnost<\/strong> k okoln\u00ed p\u0159\u00edrod\u011b.<\/li>\n<li>M\u016f\u017eete poznat Gastein s obcemi\u00a0<strong>Dorfgastein, Bad Hofgastein<\/strong>\u00a0a<span>\u00a0<\/span><strong>Bad Gastein<\/strong>. Jde o p\u0159\u00edjemn\u00e9 rekrea\u010dn\u00ed oblasti s atraktivn\u00edmi v\u00fdletn\u00edmi c\u00edli a dlouhou, zaj\u00edmavou histori\u00ed.<\/li>\n<li>Najdete tady <strong>pestr\u00fd program<\/strong> i mimo z\u00e1vody.<\/li>\n<li>Za n\u00e1v\u0161t\u011bvu stoj\u00ed l\u00e1ze\u0148sk\u00e9 m\u011bsto Bad Gastein se secesn\u00edmi domy a hotely a p\u0159edev\u0161\u00edm <a href=\"https:\/\/www.salzburgerland.com\/cs\/gastein-wellness\/\"><strong>term\u00e1ln\u00edmi l\u00e1zn\u011bmi<\/strong><\/a>, kde si u\u017eijete wellnes a odpo\u010dinek s v\u00fdhledem na p\u0159ekr\u00e1sn\u00e9 vrcholy <strong>N\u00e1rodn\u00edho parku <a href=\"https:\/\/www.salzburgerland.com\/cs\/prazdninovy-region-narodni-park-vysoke-taury-dovolena-pro-zdravi\/\">Vysok\u00e9 Taury<\/a><\/strong>. Term\u00e1ly jsou i v nedalek\u00e9m Bad Hofgasteinu.<\/li>\n<li>Dal\u0161\u00ed inspiraci, pro\u010d nav\u0161t\u00edvit <strong>Gastein<\/strong> najdete <a href=\"https:\/\/www.salzburgerland.com\/cs\/gastein-v-lete\/\" target=\"_blank\" rel=\"noopener\">zde<\/a>.<\/li>\n<li>P\u0159ed z\u00e1vody doporu\u010dujeme m\u00edt samoz\u0159ejm\u011b <strong>natr\u00e9nov\u00e1no<\/strong>. Bu\u010fte p\u0159ipraveni na <a href=\"https:\/\/www.salzburgerland.com\/cs\/bezpecnost-v-horach-v-lete\/\"><strong>n\u00e1strahy vysokohorsk\u00fdch oblast\u00ed<\/strong><\/a>.<\/li>\n<\/ul>\n\n\t\t\t<div id=\"143978-2\" class=\"gallery gallery-143978 gallery-columns-3 gallery-size-1170_658\" itemscope itemtype=\"http:\/\/schema.org\/ImageGallery\">\n\t\t\t\t<ul class=\"gallery-row gallery-col-3 gallery-clear\">\n\t\t\t\t\t<li class=\"gallery-item col-3\" itemprop=\"associatedMedia\" itemscope itemtype=\"http:\/\/schema.org\/ImageObject\">\n\t\t\t\t\t\t<div class=\"gallery-icon landscape\"><a href=\"https:\/\/www.salzburgerland.com\/cs\/wp-content\/uploads\/2021\/10\/gastein-panorama-vom-bad-gastein-gehort-zu-den-markantesten-in-den-alpen--daniel-ausweger-1920x1067.jpg\" title=\"Panorama vom Bad Gastein geh\u00f6rt zu den markantesten in den Alpen\"><img decoding=\"async\" data-title=\"Panorama Bad Gasteinu pat\u0159\u00ed k t\u011bm nejv\u00fdrazn\u011bj\u0161\u00edm v Alp\u00e1ch \u00a9 Daniel Ausweger\" title=\"Panorama Bad Gasteinu pat\u0159\u00ed k t\u011bm nejv\u00fdrazn\u011bj\u0161\u00edm v Alp\u00e1ch \u00a9 Daniel Ausweger\" data-caption=\"Panorama Bad Gasteinu pat\u0159\u00ed k t\u011bm nejv\u00fdrazn\u011bj\u0161\u00edm v Alp\u00e1ch \u00a9 Daniel Ausweger\" width=\"1170\" height=\"658\" src=\"https:\/\/www.salzburgerland.com\/cs\/wp-content\/uploads\/2021\/10\/gastein-panorama-vom-bad-gastein-gehort-zu-den-markantesten-in-den-alpen--daniel-ausweger-1170x658.jpg\" class=\"attachment-1170_658 size-1170_658\" alt=\"Panorama vom Bad Gastein geh\u00f6rt zu den markantesten in den Alpen (Zv\u011bt\u0161en\u00fd pohled)\" srcset=\"https:\/\/www.salzburgerland.com\/cs\/wp-content\/uploads\/2021\/10\/gastein-panorama-vom-bad-gastein-gehort-zu-den-markantesten-in-den-alpen--daniel-ausweger-1170x658.jpg 1170w, https:\/\/www.salzburgerland.com\/cs\/wp-content\/uploads\/2021\/10\/gastein-panorama-vom-bad-gastein-gehort-zu-den-markantesten-in-den-alpen--daniel-ausweger-1200x675.jpg 1200w\" sizes=\"(max-width: 1170px) 100vw, 1170px\" aria-describedby=\"figcaption-143978-150136\" itemprop=\"thumbnail\"><\/a><\/div>\n\t\t\t\t\t\t<span id=\"figcaption-143978-150136\" class=\"gallery-caption\" itemprop=\"caption\"><span aria-hidden=\"true\">Panorama Bad Gasteinu pat\u0159\u00ed k t\u011bm nejv\u00fdrazn\u011bj\u0161\u00edm v Alp\u00e1ch \u00a9 Daniel Ausweger<\/span><\/span>\n\t\t\t\t\t<\/li>\n\t\t\t\t\t<li class=\"gallery-item col-3\" itemprop=\"associatedMedia\" itemscope itemtype=\"http:\/\/schema.org\/ImageObject\">\n\t\t\t\t\t\t<div class=\"gallery-icon landscape\"><a href=\"https:\/\/www.salzburgerland.com\/cs\/wp-content\/uploads\/2020\/08\/felsentherme_036-1920x1067.jpg\" title=\"Felsentherme_036\"><img decoding=\"async\" data-title=\"Zaslou\u017een\u00fd odpo\u010dinek v term\u00e1ln\u00edch l\u00e1zn\u00edch \u00a9  Cathrine Stukhard\" title=\"Zaslou\u017een\u00fd odpo\u010dinek v term\u00e1ln\u00edch l\u00e1zn\u00edch \u00a9  Cathrine Stukhard\" data-caption=\"Zaslou\u017een\u00fd odpo\u010dinek v term\u00e1ln\u00edch l\u00e1zn\u00edch \u00a9  Cathrine Stukhard\" width=\"1170\" height=\"658\" src=\"https:\/\/www.salzburgerland.com\/cs\/wp-content\/uploads\/2020\/08\/felsentherme_036-1170x658.jpg\" class=\"attachment-1170_658 size-1170_658\" alt=\"P\u0159\u00edmo v centru Bad Gasteinu vyv\u011br\u00e1 na 18 pramen\u016f term\u00e1ln\u00ed vody s obsahem radonu (Zv\u011bt\u0161en\u00fd pohled)\" srcset=\"https:\/\/www.salzburgerland.com\/cs\/wp-content\/uploads\/2020\/08\/felsentherme_036-1170x658.jpg 1170w, https:\/\/www.salzburgerland.com\/cs\/wp-content\/uploads\/2020\/08\/felsentherme_036-1200x675.jpg 1200w\" sizes=\"(max-width: 1170px) 100vw, 1170px\" aria-describedby=\"figcaption-143978-147743\" itemprop=\"thumbnail\"><\/a><\/div>\n\t\t\t\t\t\t<span id=\"figcaption-143978-147743\" class=\"gallery-caption\" itemprop=\"caption\"><span aria-hidden=\"true\">Zaslou\u017een\u00fd odpo\u010dinek v term\u00e1ln\u00edch l\u00e1zn\u00edch \u00a9  Cathrine Stukhard<\/span><\/span>\n\t\t\t\t\t<\/li>\n\t\t\t\t\t<li class=\"gallery-item col-3\" itemprop=\"associatedMedia\" itemscope itemtype=\"http:\/\/schema.org\/ImageObject\">\n\t\t\t\t\t\t<div class=\"gallery-icon landscape\"><a href=\"https:\/\/www.salzburgerland.com\/cs\/wp-content\/uploads\/2024\/04\/stubnerkogel-graukogel-im-sommer-c-marktl-photography-1-1601x1067.jpg\" title=\"stubnerkogel-graukogel-im-sommer-c-marktl-photography-1\"><img decoding=\"async\" data-title=\"Visut\u00fd most na Stubnerkogelu v hor\u00e1ch nad Bad Gasteinem \u00a9 Gasteiner Bergbahnen AG\" title=\"Visut\u00fd most na Stubnerkogelu v hor\u00e1ch nad Bad Gasteinem \u00a9 Gasteiner Bergbahnen AG\" data-caption=\"Visut\u00fd most na Stubnerkogelu v hor\u00e1ch nad Bad Gasteinem \u00a9 Gasteiner Bergbahnen AG\" width=\"1170\" height=\"658\" src=\"https:\/\/www.salzburgerland.com\/cs\/wp-content\/uploads\/2024\/04\/stubnerkogel-graukogel-im-sommer-c-marktl-photography-1-1170x658.jpg\" class=\"attachment-1170_658 size-1170_658\" alt=\"Visut\u00fd most na Stubnerkogelu v hor\u00e1ch nad Bad Gasteinem (Zv\u011bt\u0161en\u00fd pohled)\" srcset=\"https:\/\/www.salzburgerland.com\/cs\/wp-content\/uploads\/2024\/04\/stubnerkogel-graukogel-im-sommer-c-marktl-photography-1-1170x658.jpg 1170w, https:\/\/www.salzburgerland.com\/cs\/wp-content\/uploads\/2024\/04\/stubnerkogel-graukogel-im-sommer-c-marktl-photography-1-1200x675.jpg 1200w\" sizes=\"(max-width: 1170px) 100vw, 1170px\" aria-describedby=\"figcaption-143978-161197\" itemprop=\"thumbnail\"><\/a><\/div>\n\t\t\t\t\t\t<span id=\"figcaption-143978-161197\" class=\"gallery-caption\" itemprop=\"caption\"><span aria-hidden=\"true\">Visut\u00fd most na Stubnerkogelu v hor\u00e1ch nad Bad Gasteinem \u00a9 Gasteiner Bergbahnen AG<\/span><\/span>\n\t\t\t\t\t<\/li>\n\t\t\t\t<\/ul>\n\t\t\t<\/div><!-- .gallery -->\n\n","protected":false},"excerpt":{"rendered":"<p>Trailov\u00fd b\u011b\u017eeck\u00fd z\u00e1vod extra t\u0159\u00eddy \u201eadidas TERREX INFINITE TRAILS\u201c se op\u011bt uskute\u010dn\u00ed od 4. do 6. z\u00e1\u0159\u00ed 2026 v Salcbursku. Koncept t\u00e9to akce byl vyvinut ve spolupr\u00e1ci se \u0161pi\u010dkov\u00fdmi sportovci a slibuje v\u0161em b\u011b\u017ec\u016fm skv\u011bl\u00e9 z\u00e1\u017eitky, p\u0159\u00edle\u017eitost k vrcholn\u00fdm sportovn\u00edm v\u00fdkon\u016fm i spoustu z\u00e1bavy. Program bude nabit\u00fd do posledn\u00ed minuty. C\u00edlov\u00fdmi vrcholy jsou t\u0159i gasteinsk\u00e9 [&hellip;]<\/p>\n","protected":false},"author":6,"featured_media":155508,"comment_status":"closed","ping_status":"closed","sticky":false,"template":"","format":"standard","meta":{"_acf_changed":false,"wl_entities_gutenberg":"","_relevanssi_hide_post":"","_relevanssi_hide_content":"","_relevanssi_pin_for_all":"","_relevanssi_pin_keywords":"","_relevanssi_unpin_keywords":"","_relevanssi_related_keywords":"","_relevanssi_related_include_ids":"","_relevanssi_related_exclude_ids":"","_relevanssi_related_no_append":"","_relevanssi_related_not_related":"","_relevanssi_related_posts":"","_relevanssi_noindex_reason":"","footnotes":""},"categories":[1],"tags":[],"wl_entity_type":[4],"class_list":["post-143978","post","type-post","status-publish","format-standard","has-post-thumbnail","hentry","category-uncategorized","wl_entity_type-event"],"acf":[],"yoast_head":"<!-- This site is optimized with the Yoast SEO Premium plugin v27.4 (Yoast SEO v27.4) - https:\/\/yoast.com\/product\/yoast-seo-premium-wordpress\/ -->\n<title>ADIDAS TERREX INFINITE TRAILS \u00bb SalzburgerLand.com<\/title>\n<meta name=\"robots\" content=\"index, follow, max-snippet:-1, max-image-preview:large, max-video-preview:-1\" \/>\n<link rel=\"canonical\" href=\"https:\/\/www.salzburgerland.com\/cs\/adidas-infinite-trails\/\" \/>\n<meta property=\"og:locale\" content=\"cs_CZ\" \/>\n<meta property=\"og:type\" content=\"article\" \/>\n<meta property=\"og:title\" content=\"ADIDAS TERREX INFINITE TRAILS\" \/>\n<meta property=\"og:description\" content=\"Trailov\u00fd b\u011b\u017eeck\u00fd z\u00e1vod extra t\u0159\u00eddy \u201eadidas TERREX INFINITE TRAILS\u201c se op\u011bt uskute\u010dn\u00ed od 4. do 6. z\u00e1\u0159\u00ed 2026 v Salcbursku. Koncept t\u00e9to akce byl vyvinut ve\" \/>\n<meta property=\"og:url\" content=\"https:\/\/www.salzburgerland.com\/cs\/adidas-infinite-trails\/\" \/>\n<meta property=\"og:site_name\" content=\"SalzburgerLand.com\" \/>\n<meta property=\"article:publisher\" content=\"https:\/\/www.facebook.com\/visitsalzburgerland\/\" \/>\n<meta property=\"article:published_time\" content=\"2018-01-25T12:00:07+00:00\" \/>\n<meta property=\"article:modified_time\" content=\"2026-02-22T22:13:16+00:00\" \/>\n<meta property=\"og:image\" content=\"https:\/\/www.salzburgerland.com\/cs\/wp-content\/uploads\/2018\/01\/mm_ait2022_15296-1200x675.jpg\" \/>\n\t<meta property=\"og:image:width\" content=\"1200\" \/>\n\t<meta property=\"og:image:height\" content=\"675\" \/>\n\t<meta property=\"og:image:type\" content=\"image\/jpeg\" \/>\n<meta name=\"author\" content=\"Andrea \u017d\u00e1\u010dkov\u00e1\" \/>\n<meta name=\"twitter:card\" content=\"summary_large_image\" \/>\n<meta name=\"twitter:creator\" content=\"@salzburgerland\" \/>\n<meta name=\"twitter:site\" content=\"@salzburgerland\" \/>\n<meta name=\"twitter:label1\" content=\"Napsal(a)\" \/>\n\t<meta name=\"twitter:data1\" content=\"Andrea \u017d\u00e1\u010dkov\u00e1\" \/>\n\t<meta name=\"twitter:label2\" content=\"Odhadovan\u00e1 doba \u010dten\u00ed\" \/>\n\t<meta name=\"twitter:data2\" content=\"3 minuty\" \/>\n<script type=\"application\/ld+json\" class=\"yoast-schema-graph\">{\"@context\":\"https:\\\/\\\/schema.org\",\"@graph\":[{\"@type\":\"Article\",\"@id\":\"https:\\\/\\\/www.salzburgerland.com\\\/cs\\\/adidas-infinite-trails\\\/#article\",\"isPartOf\":{\"@id\":\"https:\\\/\\\/www.salzburgerland.com\\\/cs\\\/adidas-infinite-trails\\\/\"},\"author\":{\"name\":\"Andrea \u017d\u00e1\u010dkov\u00e1\",\"@id\":\"https:\\\/\\\/www.salzburgerland.com\\\/cs\\\/#\\\/schema\\\/person\\\/dd42a4661897004df109095dbf40eeff\"},\"headline\":\"ADIDAS TERREX INFINITE TRAILS\",\"datePublished\":\"2018-01-25T12:00:07+00:00\",\"dateModified\":\"2026-02-22T22:13:16+00:00\",\"mainEntityOfPage\":{\"@id\":\"https:\\\/\\\/www.salzburgerland.com\\\/cs\\\/adidas-infinite-trails\\\/\"},\"wordCount\":559,\"image\":{\"@id\":\"https:\\\/\\\/www.salzburgerland.com\\\/cs\\\/adidas-infinite-trails\\\/#primaryimage\"},\"thumbnailUrl\":\"https:\\\/\\\/www.salzburgerland.com\\\/cs\\\/wp-content\\\/uploads\\\/2018\\\/01\\\/mm_ait2022_15296.jpg\",\"articleSection\":[\"Uncategorized\"],\"inLanguage\":\"cs\"},{\"@type\":\"WebPage\",\"@id\":\"https:\\\/\\\/www.salzburgerland.com\\\/cs\\\/adidas-infinite-trails\\\/\",\"url\":\"https:\\\/\\\/www.salzburgerland.com\\\/cs\\\/adidas-infinite-trails\\\/\",\"name\":\"ADIDAS TERREX INFINITE TRAILS \u00bb SalzburgerLand.com\",\"isPartOf\":{\"@id\":\"https:\\\/\\\/www.salzburgerland.com\\\/cs\\\/#website\"},\"primaryImageOfPage\":{\"@id\":\"https:\\\/\\\/www.salzburgerland.com\\\/cs\\\/adidas-infinite-trails\\\/#primaryimage\"},\"image\":{\"@id\":\"https:\\\/\\\/www.salzburgerland.com\\\/cs\\\/adidas-infinite-trails\\\/#primaryimage\"},\"thumbnailUrl\":\"https:\\\/\\\/www.salzburgerland.com\\\/cs\\\/wp-content\\\/uploads\\\/2018\\\/01\\\/mm_ait2022_15296.jpg\",\"datePublished\":\"2018-01-25T12:00:07+00:00\",\"dateModified\":\"2026-02-22T22:13:16+00:00\",\"author\":{\"@id\":\"https:\\\/\\\/www.salzburgerland.com\\\/cs\\\/#\\\/schema\\\/person\\\/dd42a4661897004df109095dbf40eeff\"},\"description\":\"Salcbursk\u00e1 oblast Gasteinertal se v z\u00e1\u0159\u00ed 2026 op\u011bt stane mezin\u00e1rodn\u00edm d\u011bji\u0161t\u011bm z\u00e1vod\u016f \u201eadidas TERREX INFINITE TRAILS\u201c. Publikum i \u00fa\u010dastn\u00edci se mohou t\u011b\u0161it na skv\u011bl\u00e9 podm\u00ednky ke sportovn\u00edm v\u00fdkon\u016fm a na rozmanit\u00fd doprovodn\u00fd program.\",\"breadcrumb\":{\"@id\":\"https:\\\/\\\/www.salzburgerland.com\\\/cs\\\/adidas-infinite-trails\\\/#breadcrumb\"},\"inLanguage\":\"cs\",\"potentialAction\":[{\"@type\":\"ReadAction\",\"target\":[\"https:\\\/\\\/www.salzburgerland.com\\\/cs\\\/adidas-infinite-trails\\\/\"]}]},{\"@type\":\"ImageObject\",\"inLanguage\":\"cs\",\"@id\":\"https:\\\/\\\/www.salzburgerland.com\\\/cs\\\/adidas-infinite-trails\\\/#primaryimage\",\"url\":\"https:\\\/\\\/www.salzburgerland.com\\\/cs\\\/wp-content\\\/uploads\\\/2018\\\/01\\\/mm_ait2022_15296.jpg\",\"contentUrl\":\"https:\\\/\\\/www.salzburgerland.com\\\/cs\\\/wp-content\\\/uploads\\\/2018\\\/01\\\/mm_ait2022_15296.jpg\",\"width\":1600,\"height\":1067,\"caption\":\"Legend\u00e1rn\u00ed z\u00e1vod adidas TERREX INFINITE TRAILS v Gasteinu \u00a9 MANUEL MARKTL manuelmarktl.com\"},{\"@type\":\"BreadcrumbList\",\"@id\":\"https:\\\/\\\/www.salzburgerland.com\\\/cs\\\/adidas-infinite-trails\\\/#breadcrumb\",\"itemListElement\":[{\"@type\":\"ListItem\",\"position\":1,\"name\":\"Salcbursko\",\"item\":\"https:\\\/\\\/www.salzburgerland.com\\\/cs\\\/salcbursko\\\/\"},{\"@type\":\"ListItem\",\"position\":2,\"name\":\"ADIDAS TERREX INFINITE TRAILS\"}]},{\"@type\":\"WebSite\",\"@id\":\"https:\\\/\\\/www.salzburgerland.com\\\/cs\\\/#website\",\"url\":\"https:\\\/\\\/www.salzburgerland.com\\\/cs\\\/\",\"name\":\"SalzburgerLand.com\",\"description\":\"Va\u0161e dovolen\u00e1 v Salcburku, Rakousko\",\"potentialAction\":[{\"@type\":\"SearchAction\",\"target\":{\"@type\":\"EntryPoint\",\"urlTemplate\":\"https:\\\/\\\/www.salzburgerland.com\\\/cs\\\/?s={search_term_string}\"},\"query-input\":{\"@type\":\"PropertyValueSpecification\",\"valueRequired\":true,\"valueName\":\"search_term_string\"}}],\"inLanguage\":\"cs\"},{\"@type\":\"Person\",\"@id\":\"https:\\\/\\\/www.salzburgerland.com\\\/cs\\\/#\\\/schema\\\/person\\\/dd42a4661897004df109095dbf40eeff\",\"name\":\"Andrea \u017d\u00e1\u010dkov\u00e1\",\"image\":{\"@type\":\"ImageObject\",\"inLanguage\":\"cs\",\"@id\":\"https:\\\/\\\/secure.gravatar.com\\\/avatar\\\/338deec8d231d56d0ab7b2b7d6d0aedbcb3eb05390f6c027fd5b7ebe87b67dbf?s=96&d=mm&r=g\",\"url\":\"https:\\\/\\\/secure.gravatar.com\\\/avatar\\\/338deec8d231d56d0ab7b2b7d6d0aedbcb3eb05390f6c027fd5b7ebe87b67dbf?s=96&d=mm&r=g\",\"contentUrl\":\"https:\\\/\\\/secure.gravatar.com\\\/avatar\\\/338deec8d231d56d0ab7b2b7d6d0aedbcb3eb05390f6c027fd5b7ebe87b67dbf?s=96&d=mm&r=g\",\"caption\":\"Andrea \u017d\u00e1\u010dkov\u00e1\"}}]}<\/script>\n<meta property=\"og:video\" content=\"https:\/\/www.youtube.com\/embed\/XbtqRJsqKrw\" \/>\n<meta property=\"og:video:type\" content=\"text\/html\" \/>\n<meta property=\"og:video:duration\" content=\"59\" \/>\n<meta property=\"og:video:width\" content=\"480\" \/>\n<meta property=\"og:video:height\" content=\"270\" \/>\n<meta property=\"ya:ovs:adult\" content=\"false\" \/>\n<meta property=\"ya:ovs:upload_date\" content=\"2018-01-25T12:00:07+00:00\" \/>\n<meta property=\"ya:ovs:allow_embed\" content=\"true\" \/>\n<!-- \/ Yoast SEO Premium plugin. -->","yoast_head_json":{"title":"ADIDAS TERREX INFINITE TRAILS \u00bb SalzburgerLand.com","robots":{"index":"index","follow":"follow","max-snippet":"max-snippet:-1","max-image-preview":"max-image-preview:large","max-video-preview":"max-video-preview:-1"},"canonical":"https:\/\/www.salzburgerland.com\/cs\/adidas-infinite-trails\/","og_locale":"cs_CZ","og_type":"article","og_title":"ADIDAS TERREX INFINITE TRAILS","og_description":"Trailov\u00fd b\u011b\u017eeck\u00fd z\u00e1vod extra t\u0159\u00eddy \u201eadidas TERREX INFINITE TRAILS\u201c se op\u011bt uskute\u010dn\u00ed od 4. do 6. z\u00e1\u0159\u00ed 2026 v Salcbursku. Koncept t\u00e9to akce byl vyvinut ve","og_url":"https:\/\/www.salzburgerland.com\/cs\/adidas-infinite-trails\/","og_site_name":"SalzburgerLand.com","article_publisher":"https:\/\/www.facebook.com\/visitsalzburgerland\/","article_published_time":"2018-01-25T12:00:07+00:00","article_modified_time":"2026-02-22T22:13:16+00:00","og_image":[{"width":1200,"height":675,"url":"https:\/\/www.salzburgerland.com\/cs\/wp-content\/uploads\/2018\/01\/mm_ait2022_15296-1200x675.jpg","type":"image\/jpeg"}],"author":"Andrea \u017d\u00e1\u010dkov\u00e1","twitter_card":"summary_large_image","twitter_creator":"@salzburgerland","twitter_site":"@salzburgerland","twitter_misc":{"Napsal(a)":"Andrea \u017d\u00e1\u010dkov\u00e1","Odhadovan\u00e1 doba \u010dten\u00ed":"3 minuty"},"schema":{"@context":"https:\/\/schema.org","@graph":[{"@type":"Article","@id":"https:\/\/www.salzburgerland.com\/cs\/adidas-infinite-trails\/#article","isPartOf":{"@id":"https:\/\/www.salzburgerland.com\/cs\/adidas-infinite-trails\/"},"author":{"name":"Andrea \u017d\u00e1\u010dkov\u00e1","@id":"https:\/\/www.salzburgerland.com\/cs\/#\/schema\/person\/dd42a4661897004df109095dbf40eeff"},"headline":"ADIDAS TERREX INFINITE TRAILS","datePublished":"2018-01-25T12:00:07+00:00","dateModified":"2026-02-22T22:13:16+00:00","mainEntityOfPage":{"@id":"https:\/\/www.salzburgerland.com\/cs\/adidas-infinite-trails\/"},"wordCount":559,"image":{"@id":"https:\/\/www.salzburgerland.com\/cs\/adidas-infinite-trails\/#primaryimage"},"thumbnailUrl":"https:\/\/www.salzburgerland.com\/cs\/wp-content\/uploads\/2018\/01\/mm_ait2022_15296.jpg","articleSection":["Uncategorized"],"inLanguage":"cs"},{"@type":"WebPage","@id":"https:\/\/www.salzburgerland.com\/cs\/adidas-infinite-trails\/","url":"https:\/\/www.salzburgerland.com\/cs\/adidas-infinite-trails\/","name":"ADIDAS TERREX INFINITE TRAILS \u00bb SalzburgerLand.com","isPartOf":{"@id":"https:\/\/www.salzburgerland.com\/cs\/#website"},"primaryImageOfPage":{"@id":"https:\/\/www.salzburgerland.com\/cs\/adidas-infinite-trails\/#primaryimage"},"image":{"@id":"https:\/\/www.salzburgerland.com\/cs\/adidas-infinite-trails\/#primaryimage"},"thumbnailUrl":"https:\/\/www.salzburgerland.com\/cs\/wp-content\/uploads\/2018\/01\/mm_ait2022_15296.jpg","datePublished":"2018-01-25T12:00:07+00:00","dateModified":"2026-02-22T22:13:16+00:00","author":{"@id":"https:\/\/www.salzburgerland.com\/cs\/#\/schema\/person\/dd42a4661897004df109095dbf40eeff"},"description":"Salcbursk\u00e1 oblast Gasteinertal se v z\u00e1\u0159\u00ed 2026 op\u011bt stane mezin\u00e1rodn\u00edm d\u011bji\u0161t\u011bm z\u00e1vod\u016f \u201eadidas TERREX INFINITE TRAILS\u201c. Publikum i \u00fa\u010dastn\u00edci se mohou t\u011b\u0161it na skv\u011bl\u00e9 podm\u00ednky ke sportovn\u00edm v\u00fdkon\u016fm a na rozmanit\u00fd doprovodn\u00fd program.","breadcrumb":{"@id":"https:\/\/www.salzburgerland.com\/cs\/adidas-infinite-trails\/#breadcrumb"},"inLanguage":"cs","potentialAction":[{"@type":"ReadAction","target":["https:\/\/www.salzburgerland.com\/cs\/adidas-infinite-trails\/"]}]},{"@type":"ImageObject","inLanguage":"cs","@id":"https:\/\/www.salzburgerland.com\/cs\/adidas-infinite-trails\/#primaryimage","url":"https:\/\/www.salzburgerland.com\/cs\/wp-content\/uploads\/2018\/01\/mm_ait2022_15296.jpg","contentUrl":"https:\/\/www.salzburgerland.com\/cs\/wp-content\/uploads\/2018\/01\/mm_ait2022_15296.jpg","width":1600,"height":1067,"caption":"Legend\u00e1rn\u00ed z\u00e1vod adidas TERREX INFINITE TRAILS v Gasteinu \u00a9 MANUEL MARKTL manuelmarktl.com"},{"@type":"BreadcrumbList","@id":"https:\/\/www.salzburgerland.com\/cs\/adidas-infinite-trails\/#breadcrumb","itemListElement":[{"@type":"ListItem","position":1,"name":"Salcbursko","item":"https:\/\/www.salzburgerland.com\/cs\/salcbursko\/"},{"@type":"ListItem","position":2,"name":"ADIDAS TERREX INFINITE TRAILS"}]},{"@type":"WebSite","@id":"https:\/\/www.salzburgerland.com\/cs\/#website","url":"https:\/\/www.salzburgerland.com\/cs\/","name":"SalzburgerLand.com","description":"Va\u0161e dovolen\u00e1 v Salcburku, Rakousko","potentialAction":[{"@type":"SearchAction","target":{"@type":"EntryPoint","urlTemplate":"https:\/\/www.salzburgerland.com\/cs\/?s={search_term_string}"},"query-input":{"@type":"PropertyValueSpecification","valueRequired":true,"valueName":"search_term_string"}}],"inLanguage":"cs"},{"@type":"Person","@id":"https:\/\/www.salzburgerland.com\/cs\/#\/schema\/person\/dd42a4661897004df109095dbf40eeff","name":"Andrea \u017d\u00e1\u010dkov\u00e1","image":{"@type":"ImageObject","inLanguage":"cs","@id":"https:\/\/secure.gravatar.com\/avatar\/338deec8d231d56d0ab7b2b7d6d0aedbcb3eb05390f6c027fd5b7ebe87b67dbf?s=96&d=mm&r=g","url":"https:\/\/secure.gravatar.com\/avatar\/338deec8d231d56d0ab7b2b7d6d0aedbcb3eb05390f6c027fd5b7ebe87b67dbf?s=96&d=mm&r=g","contentUrl":"https:\/\/secure.gravatar.com\/avatar\/338deec8d231d56d0ab7b2b7d6d0aedbcb3eb05390f6c027fd5b7ebe87b67dbf?s=96&d=mm&r=g","caption":"Andrea \u017d\u00e1\u010dkov\u00e1"}}]},"og_video":"https:\/\/www.youtube.com\/embed\/XbtqRJsqKrw","og_video_type":"text\/html","og_video_duration":"59","og_video_width":"480","og_video_height":"270","ya_ovs_adult":"false","ya_ovs_upload_date":"2018-01-25T12:00:07+00:00","ya_ovs_allow_embed":"true"},"_wl_alt_label":[],"wl:entity_url":"http:\/\/open.salzburgerland.com\/cs\/post\/adidas_infinite_trails_world_championships","_links":{"self":[{"href":"https:\/\/www.salzburgerland.com\/cs\/wp-json\/wp\/v2\/posts\/143978","targetHints":{"allow":["GET"]}}],"collection":[{"href":"https:\/\/www.salzburgerland.com\/cs\/wp-json\/wp\/v2\/posts"}],"about":[{"href":"https:\/\/www.salzburgerland.com\/cs\/wp-json\/wp\/v2\/types\/post"}],"author":[{"embeddable":true,"href":"https:\/\/www.salzburgerland.com\/cs\/wp-json\/wp\/v2\/users\/6"}],"replies":[{"embeddable":true,"href":"https:\/\/www.salzburgerland.com\/cs\/wp-json\/wp\/v2\/comments?post=143978"}],"version-history":[{"count":17,"href":"https:\/\/www.salzburgerland.com\/cs\/wp-json\/wp\/v2\/posts\/143978\/revisions"}],"predecessor-version":[{"id":163860,"href":"https:\/\/www.salzburgerland.com\/cs\/wp-json\/wp\/v2\/posts\/143978\/revisions\/163860"}],"wp:featuredmedia":[{"embeddable":true,"href":"https:\/\/www.salzburgerland.com\/cs\/wp-json\/wp\/v2\/media\/155508"}],"wp:attachment":[{"href":"https:\/\/www.salzburgerland.com\/cs\/wp-json\/wp\/v2\/media?parent=143978"}],"wp:term":[{"taxonomy":"category","embeddable":true,"href":"https:\/\/www.salzburgerland.com\/cs\/wp-json\/wp\/v2\/categories?post=143978"},{"taxonomy":"post_tag","embeddable":true,"href":"https:\/\/www.salzburgerland.com\/cs\/wp-json\/wp\/v2\/tags?post=143978"},{"taxonomy":"wl_entity_type","embeddable":true,"href":"https:\/\/www.salzburgerland.com\/cs\/wp-json\/wp\/v2\/wl_entity_type?post=143978"}],"curies":[{"name":"wp","href":"https:\/\/api.w.org\/{rel}","templated":true}]}}