{"id":143967,"date":"2018-02-13T15:22:34","date_gmt":"2018-02-13T14:22:34","guid":{"rendered":"https:\/\/www.salzburgerland.com\/cs\/?p=143967"},"modified":"2025-07-14T15:28:37","modified_gmt":"2025-07-14T13:28:37","slug":"salcbursky-saalachtal-vylety-na-horskych-elektrokolech","status":"publish","type":"post","link":"https:\/\/www.salzburgerland.com\/cs\/salcbursky-saalachtal-vylety-na-horskych-elektrokolech\/","title":{"rendered":"V\u00fdlety na horsk\u00fdch elektrokolech"},"content":{"rendered":"<p>P\u0159i j\u00edzd\u011b autem do Wei\u00dfbachu jsem v\u017edy obdivovala velk\u00e9 potrub\u00ed na p\u0159\u00edkr\u00fdch skaln\u00edch st\u011bn\u00e1ch. \u201eKam asi vedou? Jak\u00fd tok z\u00e1sobuje elektr\u00e1rnu, ve kter\u00e9 se z\u00edsk\u00e1v\u00e1 proud ze s\u00edly vody?\u201c Tyto ot\u00e1zky jsem se rozhodla dnes rozlousknout a domluvila jsem se na setk\u00e1n\u00ed s\u00a0Waltraud Lohfeyer z\u00a0Loferu. Waltraud je pr\u016fvodkyn\u011b a instruktorka cyklistiky v\u00a0Salcbursk\u00e9m Saalachtalu. Hned po na\u0161em setk\u00e1n\u00ed mi na mou ot\u00e1zku ohledn\u011b vodn\u00edho zdroje pro elektr\u00e1rnu se sm\u00edchem navrhla: \u201eTak tuhle v\u00fdpravu nahoru k\u00a0p\u0159ehrad\u011b Die\u00dfbachstausee m\u016f\u017eeme podniknout na horsk\u00fdch elektrokolech! T\u00edm se cel\u00fd kolob\u011bh uzav\u0159e a d\u00edky nabit\u00fdm bateri\u00edm u\u0161et\u0159\u00edme s\u00edly.\u201c<\/p>\n<h3>ODBO\u010cKA K SEN\u00cdKU V P\u0158\u00cdRODN\u00cdM PARKU WEI\u00dfBACH<\/h3>\n<p><a href=\"https:\/\/www.lofer.com\/en\/things-to-do-in-summer\/e-mountain-bike\/\" target=\"_blank\" rel=\"noopener noreferrer\">Horsk\u00e9 elektrokolo<\/a> si p\u016fj\u010duji p\u0159\u00edmo v\u00a0Loferu a Waltraud mi d\u00e1v\u00e1 hned n\u011bkolik rad ohledn\u011b jeho pou\u017e\u00edv\u00e1n\u00ed. Na zah\u0159\u00e1t\u00ed jedeme pod\u00e9l Saalachu po <a href=\"https:\/\/www.salzburgerland.com\/en\/tauern-cycle-trail\/\" target=\"_blank\" rel=\"noopener noreferrer\">Taursk\u00e9 cyklostezce <\/a>\u00a0do Wei\u00dfbachu. Smaragdov\u011b zelen\u00e1 voda v\u00a0\u0159ece n\u00e1s prov\u00e1z\u00ed po 13 km dlouh\u00e9 trase a\u017e do Wei\u00dfbachu. Tady ji\u017e vid\u00edme z\u00a0d\u00e1lky prvn\u00ed lezce na skaln\u00edch plotn\u00e1ch nad horolezeckou vesni\u010dkou. Zdol\u00e1vaj\u00ed st\u011bny na horolezeck\u00e9 stezce \u201eZahme Gams\u201c (krotk\u00fd kamz\u00edk). Jedeme centrem a odbo\u010dujeme po <a href=\"https:\/\/www.salzburgerland.com\/de\/magazin\/der-hirschbichl-ein-ort-mit-besonderer-historie-und-ausgangspunkt-fuer-zahlreiche-bike-und-wandertouren\/\" target=\"_blank\" rel=\"noopener noreferrer\">Hirschlbichler Landesstra\u00dfe <\/a>do Hinterthalu. D\u00edky motoru elektrokola pro n\u00e1s ale nen\u00ed tato strm\u00e1 asfaltka \u017e\u00e1dn\u00fd probl\u00e9m. \u201ePoj\u010f, ud\u011bl\u00e1me si kr\u00e1tkou zast\u00e1vku s prohl\u00eddkou\u00a0sen\u00edku,\u201c \u0159\u00edk\u00e1 Waltraud a tak vlo\u017e\u00edme do na\u0161eho programu p\u0159est\u00e1vku, abychom se tady v\u00a0N\u00e1rodn\u00edm parku Wei\u00dfbach dozv\u011bd\u011bly v\u00edce o m\u00edstn\u00edm hospod\u00e1\u0159stv\u00ed, zpracov\u00e1v\u00e1n\u00ed d\u0159eva nebo o v\u00fdrob\u011b \u0161indelov\u00fdch st\u0159ech a plot\u016f v\u00a0regionu Pinzgau.<\/p>\n<h3>ZAPLAVEN\u00c1 PASTVINA<\/h3>\n<p>Po pou\u010dn\u00e9 pauze op\u011bt nased\u00e1me na kola. Pokra\u010dujeme vzh\u016fru po lesn\u00edch cest\u00e1ch, p\u0159es p\u0159ekr\u00e1sn\u011b zelen\u00e9 louky <a href=\"https:\/\/regio.outdooractive.com\/oar-salzburger-saalachtal\/de\/tour\/mountainbike\/mit-dem-e-bike-zum-diessbachstausee\/23942463\/#dmdtab=oax-tab1\" target=\"_blank\" rel=\"noopener noreferrer\">Kallbrunnalm<\/a>. Na starobyl\u00e9 sala\u0161i Kash\u00fctte zdrav\u00edme pan\u00ed Helgu, kter\u00e1 ji\u017e v\u00edt\u00e1 prvn\u00ed hosty. Slibujeme, \u017ee se pozd\u011bji zastav\u00edme a jedeme d\u00e1l. Po kr\u00e1tk\u00e9m \u00faseku do kopce m\u016f\u017eeme kone\u010dn\u011b stanout p\u0159ed ohromnou vodn\u00ed plochou. A\u017e jsem z\u00a0toho p\u0159ekr\u00e1sn\u00e9ho pohledu naprosto on\u011bm\u011bla. Horsk\u00e1 \u00fabo\u010d\u00ed se zrcadl\u00ed v\u00a0klidn\u00e9 vodn\u00ed hladin\u011b. Strm\u00e9 skaln\u00ed st\u011bny zasahuj\u00ed a\u017e k\u00a0vod\u011b a zelen\u00e9 kosod\u0159eviny o\u017eivuj\u00ed \u0161e\u010f okoln\u00edch hornin. Tu a tam je\u0161t\u011b n\u011bkde kvete r\u016f\u017eov\u00fd p\u011bni\u0161n\u00edk a p\u0159isp\u00edv\u00e1 tak sv\u00fdmi pestr\u00fdmi punt\u00edky do t\u00e9to idylick\u00e9 scen\u00e9rie. \u201eDie\u00dfbachstausee je\u0161t\u011b v\u016fbec nen\u00ed tak star\u00e1,\u201c \u0159\u00edk\u00e1 Waltraud a dod\u00e1v\u00e1: \u201eP\u0159ed p\u016flstolet\u00edm tady je\u0161t\u011b byla jen horsk\u00e1 pastvina a v\u0161ude kolem kr\u00e1vy sp\u00e1saj\u00edc\u00ed tr\u00e1vu. Die\u00dfbachalm byla poprv\u00e9 p\u00edsemn\u011b dolo\u017eena ji\u017e roku 1386 a nach\u00e1zela se tady tak\u00e9 sala\u0161. V\u00a0roce 1961 byla zatopena cel\u00e1 pastvina v\u010detn\u011b sala\u0161e. P\u0159ehradn\u00ed hr\u00e1z o d\u00e9lce p\u0159ibli\u017en\u011b jednoho kilometru je 26 metr\u016f vysok\u00e1 a udr\u017e\u00ed t\u00e9m\u011b\u0159 5 milion\u016f kub\u00edk\u016f vody.\u201c<\/p>\n<div id=\"attachment_144104\" style=\"width: 1180px\" class=\"wp-caption alignnone\"><img decoding=\"async\" aria-describedby=\"caption-attachment-144104\" class=\"wp-image-144104\" src=\"https:\/\/cdn.salzburgerland.com\/cs\/wp-content\/uploads\/2018\/02\/neu-diesbachstausee-spiegelung-1170x658.jpg\" alt=\"\" width=\"1170\" height=\"658\" srcset=\"https:\/\/www.salzburgerland.com\/cs\/wp-content\/uploads\/2018\/02\/neu-diesbachstausee-spiegelung-1170x658.jpg 1170w, https:\/\/www.salzburgerland.com\/cs\/wp-content\/uploads\/2018\/02\/neu-diesbachstausee-spiegelung-1170x658-768x432.jpg 768w\" sizes=\"(max-width: 1170px) 100vw, 1170px\"><p id=\"caption-attachment-144104\" class=\"wp-caption-text\">\u00a9 SalzburgerLand Tourismus \u2013 Zrcadlen\u00ed na Diesbachstausee<\/p><\/div>\n<h3>ENERGIE Z HORSK\u00c9HO JEZERA<\/h3>\n<p>S\u00a0\u00fa\u017easem se d\u00edv\u00e1m p\u0159ed sebe do nekone\u010dn\u011b hlubok\u00e9 vody. Vn\u00edm\u00e1m tuto klidnou hladinu sp\u00ed\u0161e jako idylick\u00e9 horsk\u00e9 jezero, ne\u017e jako p\u0159ehradu vytvo\u0159enou \u010dlov\u011bkem.\u00a0 Rozhl\u00ed\u017e\u00edm se a hled\u00e1m v\u00fdrazn\u00e9 potrub\u00ed, kter\u00e9 jsem v\u017edy vid\u011bla z\u00a0auta. Pak mi Waltraud \u0159\u00edk\u00e1: \u201eZ jezera te\u010de voda v\u00edce ne\u017e 1500 metr\u016f dlouh\u00fdmi \u0161tolami p\u0159es sk\u00e1ly ke st\u011bn\u011b hr\u00e1ze. Tady pad\u00e1 do okolo 700 metr\u016f dlouh\u00e9ho potrub\u00ed, jednoho z\u00a0nejp\u0159\u00edk\u0159ej\u0161\u00edch v Evrop\u011b. Tak doraz\u00ed voda a\u017e k\u00a0elektr\u00e1rn\u011b v\u00a0Die\u00dfbachu a pak d\u00e1le putuje do Saalachu. Zat\u00edmco si m\u00e1ch\u00e1me nohy ve studen\u00e9 vod\u011b v jeze\u0159e, p\u0159edstavuji si strm\u00fd p\u00e1d vody z\u00a0tohoto horsk\u00e9ho jezera rozprost\u00edraj\u00edc\u00edho se v\u00a0tak p\u0159ekr\u00e1sn\u00e9 p\u0159\u00edrod\u011b. Pak tak\u00e9 turb\u00edny elektr\u00e1rny. V\u00fdhled je tu neuv\u011b\u0159iteln\u00fd. Za n\u00e1mi se ty\u010d\u00ed Seehorn a h\u0159bet Hundstodu. V\u00a0d\u00e1lce je mo\u017en\u00e9 rozpoznat i horskou boudu Ingolst\u00e4dter Haus. Po n\u011bjak\u00e9m \u010dase \u0159\u00edk\u00e1 Waltraud se sm\u00edchem: \u201eTak\u017ee moje z\u00e1soby energie jsou op\u011bt na\u010derpan\u00e9, co bys \u0159ekla na n\u00e1v\u0161t\u011bvu sala\u0161e?\u201c<\/p>\n<h3>ZAJ\u00cd\u017d\u010eKA K P\u0158\u00cdRODN\u00cdMU KOUPALI\u0160TI VORDERKASERKLAMM<\/h3>\n<p>Jsem okam\u017eit\u011b p\u0159ipraven\u00e1 vyrazit, proto\u017ee p\u0159i my\u0161lence na dom\u00e1c\u00ed chl\u00e9b se s\u00fdrem a bezovou \u0161\u0165\u00e1vu mi \u00fapln\u011b kru\u010d\u00ed v\u00a0b\u0159i\u0161e. Jedeme proto jako s\u00a0v\u011btrem o z\u00e1vod zp\u011bt a parkujeme kola u Helgy na terase sala\u0161e. Jsme srde\u010dn\u011b p\u0159iv\u00edt\u00e1ny a u\u017e\u00edv\u00e1me si pohodov\u00fd oddych na horsk\u00e9 pastvin\u011b. Slunce zat\u00edm dos\u00e1hlo sv\u00e9ho nejvy\u0161\u0161\u00edho bodu, a kdy\u017e jsme op\u011bt na t\u00e9 sam\u00e9 cest\u011b dolu do \u00fadol\u00ed, u\u017e je odpoledn\u00ed letn\u00ed vedro opravdu zn\u00e1t. \u201eCo bys \u0159ekla je\u0161t\u011b mal\u00e9 odbo\u010dce k\u00a0<a href=\"https:\/\/www.lofer.com\/en\/things-to-do-in-summer\/white-water\/wild-swimming\/naturbadegebiet-vorderkaser\/\" target=\"_blank\" rel=\"noopener noreferrer\">p\u0159\u00edrodn\u00edmu koupali\u0161ti Vorderkaserklamm<\/a>? M\u00e1me to po cest\u011b a byl by to super z\u00e1v\u011br t\u00e9to \u201evodn\u00ed tour\u201c. Mohly bychom si dop\u0159\u00e1t perfektn\u00ed mix t\u00e9 klidn\u00e9 i klokotaj\u00edc\u00ed vody,\u201c \u0159\u00edk\u00e1 Waltraud. Souhlasn\u011b k\u00fdv\u00e1m. Skok do studen\u00e9 vody ve Vorderkaserklamm bude dal\u0161\u00edm skv\u011bl\u00fdm zpest\u0159en\u00edm na\u0161eho v\u00fdletu. Jedeme tedy okolo Lamprechtsh\u00f6hle pod\u00e9l Saalachu k\u00a0p\u0159\u00edrodn\u00edmu koupali\u0161ti a t\u011b\u0161\u00edme se na osv\u011b\u017een\u00ed.<\/p>\n\n\t\t\t<div id=\"143967-1\" class=\"gallery gallery-143967 gallery-columns-3 gallery-size-1170_658\" itemscope itemtype=\"http:\/\/schema.org\/ImageGallery\">\n\t\t\t\t<ul class=\"gallery-row gallery-col-3 gallery-clear\">\n\t\t\t\t\t<li class=\"gallery-item col-3\" itemprop=\"associatedMedia\" itemscope itemtype=\"http:\/\/schema.org\/ImageObject\">\n\t\t\t\t\t\t<div class=\"gallery-icon landscape\"><a href=\"https:\/\/www.salzburgerland.com\/cs\/wp-content\/uploads\/2018\/02\/e-bike-unken-salzburger-s-1920x1067.jpg\" title=\"e-bike-unken--salzburger-s-1920x1067\"><img decoding=\"async\" data-title=\"\u00a9 SalzburgerLand Tourismus - V\u00fdlet na elektro kolech v Unkenu \" title=\"\u00a9 SalzburgerLand Tourismus - V\u00fdlet na elektro kolech v Unkenu \" data-caption=\"\u00a9 SalzburgerLand Tourismus - V\u00fdlet na elektro kolech v Unkenu \" width=\"1170\" height=\"658\" src=\"https:\/\/www.salzburgerland.com\/cs\/wp-content\/uploads\/2018\/02\/e-bike-unken-salzburger-s-1920x1067-1170x658.jpg\" class=\"attachment-1170_658 size-1170_658\" alt=\"T\u0159i lid\u00e9 jedou na kolech po travnat\u00e9m poli se \u017elut\u00fdmi kv\u011bty, obklopen\u00e9m vysok\u00fdmi borovicemi a horami. (Zv\u011bt\u0161en\u00fd pohled)\" srcset=\"https:\/\/www.salzburgerland.com\/cs\/wp-content\/uploads\/2018\/02\/e-bike-unken-salzburger-s-1920x1067-1170x658.jpg 1170w, https:\/\/www.salzburgerland.com\/cs\/wp-content\/uploads\/2018\/02\/e-bike-unken-salzburger-s-1920x1067-1200x675.jpg 1200w\" sizes=\"(max-width: 1170px) 100vw, 1170px\" aria-describedby=\"figcaption-143967-144038\" itemprop=\"thumbnail\"><\/a><\/div>\n\t\t\t\t\t\t<span id=\"figcaption-143967-144038\" class=\"gallery-caption\" itemprop=\"caption\"><span aria-hidden=\"true\">\u00a9 SalzburgerLand Tourismus \u2013 V\u00fdlet na elektro kolech v Unkenu <\/span><\/span>\n\t\t\t\t\t<\/li>\n\t\t\t\t\t<li class=\"gallery-item col-3\" itemprop=\"associatedMedia\" itemscope itemtype=\"http:\/\/schema.org\/ImageObject\">\n\t\t\t\t\t\t<div class=\"gallery-icon landscape\"><a href=\"https:\/\/www.salzburgerland.com\/cs\/wp-content\/uploads\/2018\/02\/kallbrunnalm-0-achim-meur-1920x1067.jpg\" title=\"kallbrunnalm-0--achim-meur-1920x1067\"><img decoding=\"async\" data-title=\"\u00a9 SalzburgerLand Tourismus, Achim Meurer - Kallbrunnalm\" title=\"\u00a9 SalzburgerLand Tourismus, Achim Meurer - Kallbrunnalm\" data-caption=\"\u00a9 SalzburgerLand Tourismus, Achim Meurer - Kallbrunnalm\" width=\"1170\" height=\"658\" src=\"https:\/\/www.salzburgerland.com\/cs\/wp-content\/uploads\/2018\/02\/kallbrunnalm-0-achim-meur-1920x1067-1170x658.jpg\" class=\"attachment-1170_658 size-1170_658\" alt=\"Slunn\u00e1 horsk\u00e1 krajina s roztrou\u0161en\u00fdmi chatami, klikat\u00fdmi cestami, zelen\u00fdmi kopci a hust\u00fdm lesem pod jasnou oblohou. (Zv\u011bt\u0161en\u00fd pohled)\" srcset=\"https:\/\/www.salzburgerland.com\/cs\/wp-content\/uploads\/2018\/02\/kallbrunnalm-0-achim-meur-1920x1067-1170x658.jpg 1170w, https:\/\/www.salzburgerland.com\/cs\/wp-content\/uploads\/2018\/02\/kallbrunnalm-0-achim-meur-1920x1067-1200x675.jpg 1200w\" sizes=\"(max-width: 1170px) 100vw, 1170px\" aria-describedby=\"figcaption-143967-144039\" itemprop=\"thumbnail\"><\/a><\/div>\n\t\t\t\t\t\t<span id=\"figcaption-143967-144039\" class=\"gallery-caption\" itemprop=\"caption\"><span aria-hidden=\"true\">\u00a9 SalzburgerLand Tourismus, Achim Meurer \u2013 Kallbrunnalm<\/span><\/span>\n\t\t\t\t\t<\/li>\n\t\t\t\t\t<li class=\"gallery-item col-3\" itemprop=\"associatedMedia\" itemscope itemtype=\"http:\/\/schema.org\/ImageObject\">\n\t\t\t\t\t\t<div class=\"gallery-icon landscape\"><a href=\"https:\/\/www.salzburgerland.com\/cs\/wp-content\/uploads\/2018\/02\/kaese-kallbrunnalm-achim-m-1920x1067.jpg\" title=\"kaese-kallbrunnalm--achim-m-1920x1067\"><img decoding=\"async\" data-title=\"\u00a9 SalzburgerLand Tourismus, Achim Meurer - Lahodn\u00e9 s\u00fdry na Kallbrunnalm\" title=\"\u00a9 SalzburgerLand Tourismus, Achim Meurer - Lahodn\u00e9 s\u00fdry na Kallbrunnalm\" data-caption=\"\u00a9 SalzburgerLand Tourismus, Achim Meurer - Lahodn\u00e9 s\u00fdry na Kallbrunnalm\" width=\"1170\" height=\"658\" src=\"https:\/\/www.salzburgerland.com\/cs\/wp-content\/uploads\/2018\/02\/kaese-kallbrunnalm-achim-m-1920x1067-1170x658.jpg\" class=\"attachment-1170_658 size-1170_658\" alt=\"Kole\u010dko s\u00fdra s vy\u0159\u00edznut\u00fdm kl\u00ednem, vystaven\u00e9 na d\u0159ev\u011bn\u00e9 polici s dal\u0161\u00edmi kole\u010dky s\u00fdra. (Zv\u011bt\u0161en\u00fd pohled)\" srcset=\"https:\/\/www.salzburgerland.com\/cs\/wp-content\/uploads\/2018\/02\/kaese-kallbrunnalm-achim-m-1920x1067-1170x658.jpg 1170w, https:\/\/www.salzburgerland.com\/cs\/wp-content\/uploads\/2018\/02\/kaese-kallbrunnalm-achim-m-1920x1067-1200x675.jpg 1200w\" sizes=\"(max-width: 1170px) 100vw, 1170px\" aria-describedby=\"figcaption-143967-144040\" itemprop=\"thumbnail\"><\/a><\/div>\n\t\t\t\t\t\t<span id=\"figcaption-143967-144040\" class=\"gallery-caption\" itemprop=\"caption\"><span aria-hidden=\"true\">\u00a9 SalzburgerLand Tourismus, Achim Meurer \u2013 Lahodn\u00e9 s\u00fdry na Kallbrunnalm<\/span><\/span>\n\t\t\t\t\t<\/li>\n\t\t\t\t<\/ul>\n\t\t\t<\/div><!-- .gallery -->\n\n","protected":false},"excerpt":{"rendered":"<p>P\u0159i j\u00edzd\u011b autem do Wei\u00dfbachu jsem v\u017edy obdivovala velk\u00e9 potrub\u00ed na p\u0159\u00edkr\u00fdch skaln\u00edch st\u011bn\u00e1ch. \u201eKam asi vedou? Jak\u00fd tok z\u00e1sobuje elektr\u00e1rnu, ve kter\u00e9 se z\u00edsk\u00e1v\u00e1 proud ze s\u00edly vody?\u201c Tyto ot\u00e1zky jsem se rozhodla dnes rozlousknout a domluvila jsem se na setk\u00e1n\u00ed s\u00a0Waltraud Lohfeyer z\u00a0Loferu. Waltraud je pr\u016fvodkyn\u011b a instruktorka cyklistiky v\u00a0Salcbursk\u00e9m Saalachtalu. Hned po [&hellip;]<\/p>\n","protected":false},"author":2,"featured_media":144037,"comment_status":"closed","ping_status":"closed","sticky":false,"template":"","format":"standard","meta":{"_acf_changed":false,"wl_entities_gutenberg":"","_relevanssi_hide_post":"","_relevanssi_hide_content":"","_relevanssi_pin_for_all":"","_relevanssi_pin_keywords":"","_relevanssi_unpin_keywords":"","_relevanssi_related_keywords":"","_relevanssi_related_include_ids":"","_relevanssi_related_exclude_ids":"","_relevanssi_related_no_append":"","_relevanssi_related_not_related":"","_relevanssi_related_posts":"","_relevanssi_noindex_reason":"","footnotes":""},"categories":[1],"tags":[],"wl_entity_type":[706],"class_list":["post-143967","post","type-post","status-publish","format-standard","has-post-thumbnail","hentry","category-uncategorized","wl_entity_type-article"],"acf":[],"yoast_head":"<!-- This site is optimized with the Yoast SEO Premium plugin v27.4 (Yoast SEO v27.4) - https:\/\/yoast.com\/product\/yoast-seo-premium-wordpress\/ -->\n<title>V\u00fdlety na horsk\u00fdch elektrokolech \u00bb SalzburgerLand.com<\/title>\n<meta name=\"robots\" content=\"index, follow, max-snippet:-1, max-image-preview:large, max-video-preview:-1\" \/>\n<link rel=\"canonical\" href=\"https:\/\/www.salzburgerland.com\/cs\/salcbursky-saalachtal-vylety-na-horskych-elektrokolech\/\" \/>\n<meta property=\"og:locale\" content=\"cs_CZ\" \/>\n<meta property=\"og:type\" content=\"article\" \/>\n<meta property=\"og:title\" content=\"V\u00fdlety na horsk\u00fdch elektrokolech\" \/>\n<meta property=\"og:description\" content=\"P\u0159i j\u00edzd\u011b autem do Wei\u00dfbachu jsem v\u017edy obdivovala velk\u00e9 potrub\u00ed na p\u0159\u00edkr\u00fdch skaln\u00edch st\u011bn\u00e1ch. \u201eKam asi vedou? Jak\u00fd tok z\u00e1sobuje elektr\u00e1rnu, ve kter\u00e9 se\" \/>\n<meta property=\"og:url\" content=\"https:\/\/www.salzburgerland.com\/cs\/salcbursky-saalachtal-vylety-na-horskych-elektrokolech\/\" \/>\n<meta property=\"og:site_name\" content=\"SalzburgerLand.com\" \/>\n<meta property=\"article:publisher\" content=\"https:\/\/www.facebook.com\/visitsalzburgerland\/\" \/>\n<meta property=\"article:published_time\" content=\"2018-02-13T14:22:34+00:00\" \/>\n<meta property=\"article:modified_time\" content=\"2025-07-14T13:28:37+00:00\" \/>\n<meta property=\"og:image\" content=\"https:\/\/www.salzburgerland.com\/cs\/wp-content\/uploads\/2018\/02\/diessbachstausee-c-naturpar-1170x658.jpg\" \/>\n\t<meta property=\"og:image:width\" content=\"1170\" \/>\n\t<meta property=\"og:image:height\" content=\"658\" \/>\n\t<meta property=\"og:image:type\" content=\"image\/jpeg\" \/>\n<meta name=\"author\" content=\"Martin Reichhart\" \/>\n<meta name=\"twitter:card\" content=\"summary_large_image\" \/>\n<meta name=\"twitter:creator\" content=\"@szimmerebner\" \/>\n<meta name=\"twitter:site\" content=\"@salzburgerland\" \/>\n<meta name=\"twitter:label1\" content=\"Napsal(a)\" \/>\n\t<meta name=\"twitter:data1\" content=\"Martin Reichhart\" \/>\n\t<meta name=\"twitter:label2\" content=\"Odhadovan\u00e1 doba \u010dten\u00ed\" \/>\n\t<meta name=\"twitter:data2\" content=\"5 minut\" \/>\n<script type=\"application\/ld+json\" class=\"yoast-schema-graph\">{\"@context\":\"https:\\\/\\\/schema.org\",\"@graph\":[{\"@type\":\"Article\",\"@id\":\"https:\\\/\\\/www.salzburgerland.com\\\/cs\\\/salcbursky-saalachtal-vylety-na-horskych-elektrokolech\\\/#article\",\"isPartOf\":{\"@id\":\"https:\\\/\\\/www.salzburgerland.com\\\/cs\\\/salcbursky-saalachtal-vylety-na-horskych-elektrokolech\\\/\"},\"author\":{\"name\":\"Martin Reichhart\",\"@id\":\"https:\\\/\\\/www.salzburgerland.com\\\/cs\\\/#\\\/schema\\\/person\\\/c9d7feeed6619c39d4fdb05c9a4d6cca\"},\"headline\":\"V\u00fdlety na horsk\u00fdch elektrokolech\",\"datePublished\":\"2018-02-13T14:22:34+00:00\",\"dateModified\":\"2025-07-14T13:28:37+00:00\",\"mainEntityOfPage\":{\"@id\":\"https:\\\/\\\/www.salzburgerland.com\\\/cs\\\/salcbursky-saalachtal-vylety-na-horskych-elektrokolech\\\/\"},\"wordCount\":987,\"image\":{\"@id\":\"https:\\\/\\\/www.salzburgerland.com\\\/cs\\\/salcbursky-saalachtal-vylety-na-horskych-elektrokolech\\\/#primaryimage\"},\"thumbnailUrl\":\"https:\\\/\\\/www.salzburgerland.com\\\/cs\\\/wp-content\\\/uploads\\\/2018\\\/02\\\/diessbachstausee-c-naturpar-1170x658.jpg\",\"articleSection\":[\"Uncategorized\"],\"inLanguage\":\"cs\"},{\"@type\":\"WebPage\",\"@id\":\"https:\\\/\\\/www.salzburgerland.com\\\/cs\\\/salcbursky-saalachtal-vylety-na-horskych-elektrokolech\\\/\",\"url\":\"https:\\\/\\\/www.salzburgerland.com\\\/cs\\\/salcbursky-saalachtal-vylety-na-horskych-elektrokolech\\\/\",\"name\":\"V\u00fdlety na horsk\u00fdch elektrokolech \u00bb SalzburgerLand.com\",\"isPartOf\":{\"@id\":\"https:\\\/\\\/www.salzburgerland.com\\\/cs\\\/#website\"},\"primaryImageOfPage\":{\"@id\":\"https:\\\/\\\/www.salzburgerland.com\\\/cs\\\/salcbursky-saalachtal-vylety-na-horskych-elektrokolech\\\/#primaryimage\"},\"image\":{\"@id\":\"https:\\\/\\\/www.salzburgerland.com\\\/cs\\\/salcbursky-saalachtal-vylety-na-horskych-elektrokolech\\\/#primaryimage\"},\"thumbnailUrl\":\"https:\\\/\\\/www.salzburgerland.com\\\/cs\\\/wp-content\\\/uploads\\\/2018\\\/02\\\/diessbachstausee-c-naturpar-1170x658.jpg\",\"datePublished\":\"2018-02-13T14:22:34+00:00\",\"dateModified\":\"2025-07-14T13:28:37+00:00\",\"author\":{\"@id\":\"https:\\\/\\\/www.salzburgerland.com\\\/cs\\\/#\\\/schema\\\/person\\\/c9d7feeed6619c39d4fdb05c9a4d6cca\"},\"description\":\"Vydejte se s v\u011btrem o z\u00e1vod za nejv\u011bt\u0161\u00edmi kr\u00e1sami p\u0159\u00edrody a u\u017eijte si osv\u011b\u017een\u00ed v pr\u016fzra\u010dn\u011b \u010dist\u00e9 vod\u011b.\",\"breadcrumb\":{\"@id\":\"https:\\\/\\\/www.salzburgerland.com\\\/cs\\\/salcbursky-saalachtal-vylety-na-horskych-elektrokolech\\\/#breadcrumb\"},\"inLanguage\":\"cs\",\"potentialAction\":[{\"@type\":\"ReadAction\",\"target\":[\"https:\\\/\\\/www.salzburgerland.com\\\/cs\\\/salcbursky-saalachtal-vylety-na-horskych-elektrokolech\\\/\"]}]},{\"@type\":\"ImageObject\",\"inLanguage\":\"cs\",\"@id\":\"https:\\\/\\\/www.salzburgerland.com\\\/cs\\\/salcbursky-saalachtal-vylety-na-horskych-elektrokolech\\\/#primaryimage\",\"url\":\"https:\\\/\\\/www.salzburgerland.com\\\/cs\\\/wp-content\\\/uploads\\\/2018\\\/02\\\/diessbachstausee-c-naturpar-1170x658.jpg\",\"contentUrl\":\"https:\\\/\\\/www.salzburgerland.com\\\/cs\\\/wp-content\\\/uploads\\\/2018\\\/02\\\/diessbachstausee-c-naturpar-1170x658.jpg\",\"width\":1170,\"height\":658,\"caption\":\"Klidn\u00e9 horsk\u00e9 jezero obklopen\u00e9 borovicemi a vysokou tr\u00e1vou s horami v pozad\u00ed pod modrou oblohou.\"},{\"@type\":\"BreadcrumbList\",\"@id\":\"https:\\\/\\\/www.salzburgerland.com\\\/cs\\\/salcbursky-saalachtal-vylety-na-horskych-elektrokolech\\\/#breadcrumb\",\"itemListElement\":[{\"@type\":\"ListItem\",\"position\":1,\"name\":\"Dovolen\u00e1 u vody: sport, v\u00fdlety i odpo\u010dinek\",\"item\":\"https:\\\/\\\/www.salzburgerland.com\\\/cs\\\/vodni-a-trendy-sporty\\\/\"},{\"@type\":\"ListItem\",\"position\":2,\"name\":\"V\u00fdlety na horsk\u00fdch elektrokolech\"}]},{\"@type\":\"WebSite\",\"@id\":\"https:\\\/\\\/www.salzburgerland.com\\\/cs\\\/#website\",\"url\":\"https:\\\/\\\/www.salzburgerland.com\\\/cs\\\/\",\"name\":\"SalzburgerLand.com\",\"description\":\"Va\u0161e dovolen\u00e1 v Salcburku, Rakousko\",\"potentialAction\":[{\"@type\":\"SearchAction\",\"target\":{\"@type\":\"EntryPoint\",\"urlTemplate\":\"https:\\\/\\\/www.salzburgerland.com\\\/cs\\\/?s={search_term_string}\"},\"query-input\":{\"@type\":\"PropertyValueSpecification\",\"valueRequired\":true,\"valueName\":\"search_term_string\"}}],\"inLanguage\":\"cs\"},{\"@type\":\"Person\",\"@id\":\"https:\\\/\\\/www.salzburgerland.com\\\/cs\\\/#\\\/schema\\\/person\\\/c9d7feeed6619c39d4fdb05c9a4d6cca\",\"name\":\"Martin Reichhart\",\"image\":{\"@type\":\"ImageObject\",\"inLanguage\":\"cs\",\"@id\":\"https:\\\/\\\/secure.gravatar.com\\\/avatar\\\/73ac0a7e0024469f4895f5b46afd440f0769fcd707e13acdc08ad354195d3493?s=96&d=mm&r=g\",\"url\":\"https:\\\/\\\/secure.gravatar.com\\\/avatar\\\/73ac0a7e0024469f4895f5b46afd440f0769fcd707e13acdc08ad354195d3493?s=96&d=mm&r=g\",\"contentUrl\":\"https:\\\/\\\/secure.gravatar.com\\\/avatar\\\/73ac0a7e0024469f4895f5b46afd440f0769fcd707e13acdc08ad354195d3493?s=96&d=mm&r=g\",\"caption\":\"Martin Reichhart\"},\"sameAs\":[\"https:\\\/\\\/x.com\\\/szimmerebner\"]}]}<\/script>\n<!-- \/ Yoast SEO Premium plugin. -->","yoast_head_json":{"title":"V\u00fdlety na horsk\u00fdch elektrokolech \u00bb SalzburgerLand.com","robots":{"index":"index","follow":"follow","max-snippet":"max-snippet:-1","max-image-preview":"max-image-preview:large","max-video-preview":"max-video-preview:-1"},"canonical":"https:\/\/www.salzburgerland.com\/cs\/salcbursky-saalachtal-vylety-na-horskych-elektrokolech\/","og_locale":"cs_CZ","og_type":"article","og_title":"V\u00fdlety na horsk\u00fdch elektrokolech","og_description":"P\u0159i j\u00edzd\u011b autem do Wei\u00dfbachu jsem v\u017edy obdivovala velk\u00e9 potrub\u00ed na p\u0159\u00edkr\u00fdch skaln\u00edch st\u011bn\u00e1ch. \u201eKam asi vedou? Jak\u00fd tok z\u00e1sobuje elektr\u00e1rnu, ve kter\u00e9 se","og_url":"https:\/\/www.salzburgerland.com\/cs\/salcbursky-saalachtal-vylety-na-horskych-elektrokolech\/","og_site_name":"SalzburgerLand.com","article_publisher":"https:\/\/www.facebook.com\/visitsalzburgerland\/","article_published_time":"2018-02-13T14:22:34+00:00","article_modified_time":"2025-07-14T13:28:37+00:00","og_image":[{"url":"https:\/\/www.salzburgerland.com\/cs\/wp-content\/uploads\/2018\/02\/diessbachstausee-c-naturpar-1170x658.jpg","width":1170,"height":658,"type":"image\/jpeg"}],"author":"Martin Reichhart","twitter_card":"summary_large_image","twitter_creator":"@szimmerebner","twitter_site":"@salzburgerland","twitter_misc":{"Napsal(a)":"Martin Reichhart","Odhadovan\u00e1 doba \u010dten\u00ed":"5 minut"},"schema":{"@context":"https:\/\/schema.org","@graph":[{"@type":"Article","@id":"https:\/\/www.salzburgerland.com\/cs\/salcbursky-saalachtal-vylety-na-horskych-elektrokolech\/#article","isPartOf":{"@id":"https:\/\/www.salzburgerland.com\/cs\/salcbursky-saalachtal-vylety-na-horskych-elektrokolech\/"},"author":{"name":"Martin Reichhart","@id":"https:\/\/www.salzburgerland.com\/cs\/#\/schema\/person\/c9d7feeed6619c39d4fdb05c9a4d6cca"},"headline":"V\u00fdlety na horsk\u00fdch elektrokolech","datePublished":"2018-02-13T14:22:34+00:00","dateModified":"2025-07-14T13:28:37+00:00","mainEntityOfPage":{"@id":"https:\/\/www.salzburgerland.com\/cs\/salcbursky-saalachtal-vylety-na-horskych-elektrokolech\/"},"wordCount":987,"image":{"@id":"https:\/\/www.salzburgerland.com\/cs\/salcbursky-saalachtal-vylety-na-horskych-elektrokolech\/#primaryimage"},"thumbnailUrl":"https:\/\/www.salzburgerland.com\/cs\/wp-content\/uploads\/2018\/02\/diessbachstausee-c-naturpar-1170x658.jpg","articleSection":["Uncategorized"],"inLanguage":"cs"},{"@type":"WebPage","@id":"https:\/\/www.salzburgerland.com\/cs\/salcbursky-saalachtal-vylety-na-horskych-elektrokolech\/","url":"https:\/\/www.salzburgerland.com\/cs\/salcbursky-saalachtal-vylety-na-horskych-elektrokolech\/","name":"V\u00fdlety na horsk\u00fdch elektrokolech \u00bb SalzburgerLand.com","isPartOf":{"@id":"https:\/\/www.salzburgerland.com\/cs\/#website"},"primaryImageOfPage":{"@id":"https:\/\/www.salzburgerland.com\/cs\/salcbursky-saalachtal-vylety-na-horskych-elektrokolech\/#primaryimage"},"image":{"@id":"https:\/\/www.salzburgerland.com\/cs\/salcbursky-saalachtal-vylety-na-horskych-elektrokolech\/#primaryimage"},"thumbnailUrl":"https:\/\/www.salzburgerland.com\/cs\/wp-content\/uploads\/2018\/02\/diessbachstausee-c-naturpar-1170x658.jpg","datePublished":"2018-02-13T14:22:34+00:00","dateModified":"2025-07-14T13:28:37+00:00","author":{"@id":"https:\/\/www.salzburgerland.com\/cs\/#\/schema\/person\/c9d7feeed6619c39d4fdb05c9a4d6cca"},"description":"Vydejte se s v\u011btrem o z\u00e1vod za nejv\u011bt\u0161\u00edmi kr\u00e1sami p\u0159\u00edrody a u\u017eijte si osv\u011b\u017een\u00ed v pr\u016fzra\u010dn\u011b \u010dist\u00e9 vod\u011b.","breadcrumb":{"@id":"https:\/\/www.salzburgerland.com\/cs\/salcbursky-saalachtal-vylety-na-horskych-elektrokolech\/#breadcrumb"},"inLanguage":"cs","potentialAction":[{"@type":"ReadAction","target":["https:\/\/www.salzburgerland.com\/cs\/salcbursky-saalachtal-vylety-na-horskych-elektrokolech\/"]}]},{"@type":"ImageObject","inLanguage":"cs","@id":"https:\/\/www.salzburgerland.com\/cs\/salcbursky-saalachtal-vylety-na-horskych-elektrokolech\/#primaryimage","url":"https:\/\/www.salzburgerland.com\/cs\/wp-content\/uploads\/2018\/02\/diessbachstausee-c-naturpar-1170x658.jpg","contentUrl":"https:\/\/www.salzburgerland.com\/cs\/wp-content\/uploads\/2018\/02\/diessbachstausee-c-naturpar-1170x658.jpg","width":1170,"height":658,"caption":"Klidn\u00e9 horsk\u00e9 jezero obklopen\u00e9 borovicemi a vysokou tr\u00e1vou s horami v pozad\u00ed pod modrou oblohou."},{"@type":"BreadcrumbList","@id":"https:\/\/www.salzburgerland.com\/cs\/salcbursky-saalachtal-vylety-na-horskych-elektrokolech\/#breadcrumb","itemListElement":[{"@type":"ListItem","position":1,"name":"Dovolen\u00e1 u vody: sport, v\u00fdlety i odpo\u010dinek","item":"https:\/\/www.salzburgerland.com\/cs\/vodni-a-trendy-sporty\/"},{"@type":"ListItem","position":2,"name":"V\u00fdlety na horsk\u00fdch elektrokolech"}]},{"@type":"WebSite","@id":"https:\/\/www.salzburgerland.com\/cs\/#website","url":"https:\/\/www.salzburgerland.com\/cs\/","name":"SalzburgerLand.com","description":"Va\u0161e dovolen\u00e1 v Salcburku, Rakousko","potentialAction":[{"@type":"SearchAction","target":{"@type":"EntryPoint","urlTemplate":"https:\/\/www.salzburgerland.com\/cs\/?s={search_term_string}"},"query-input":{"@type":"PropertyValueSpecification","valueRequired":true,"valueName":"search_term_string"}}],"inLanguage":"cs"},{"@type":"Person","@id":"https:\/\/www.salzburgerland.com\/cs\/#\/schema\/person\/c9d7feeed6619c39d4fdb05c9a4d6cca","name":"Martin Reichhart","image":{"@type":"ImageObject","inLanguage":"cs","@id":"https:\/\/secure.gravatar.com\/avatar\/73ac0a7e0024469f4895f5b46afd440f0769fcd707e13acdc08ad354195d3493?s=96&d=mm&r=g","url":"https:\/\/secure.gravatar.com\/avatar\/73ac0a7e0024469f4895f5b46afd440f0769fcd707e13acdc08ad354195d3493?s=96&d=mm&r=g","contentUrl":"https:\/\/secure.gravatar.com\/avatar\/73ac0a7e0024469f4895f5b46afd440f0769fcd707e13acdc08ad354195d3493?s=96&d=mm&r=g","caption":"Martin Reichhart"},"sameAs":["https:\/\/x.com\/szimmerebner"]}]}},"_wl_alt_label":[],"wl:entity_url":"http:\/\/open.salzburgerland.com\/cs\/post\/vylety_na_horskych_elektrokolech","_links":{"self":[{"href":"https:\/\/www.salzburgerland.com\/cs\/wp-json\/wp\/v2\/posts\/143967","targetHints":{"allow":["GET"]}}],"collection":[{"href":"https:\/\/www.salzburgerland.com\/cs\/wp-json\/wp\/v2\/posts"}],"about":[{"href":"https:\/\/www.salzburgerland.com\/cs\/wp-json\/wp\/v2\/types\/post"}],"author":[{"embeddable":true,"href":"https:\/\/www.salzburgerland.com\/cs\/wp-json\/wp\/v2\/users\/2"}],"replies":[{"embeddable":true,"href":"https:\/\/www.salzburgerland.com\/cs\/wp-json\/wp\/v2\/comments?post=143967"}],"version-history":[{"count":7,"href":"https:\/\/www.salzburgerland.com\/cs\/wp-json\/wp\/v2\/posts\/143967\/revisions"}],"predecessor-version":[{"id":162555,"href":"https:\/\/www.salzburgerland.com\/cs\/wp-json\/wp\/v2\/posts\/143967\/revisions\/162555"}],"wp:featuredmedia":[{"embeddable":true,"href":"https:\/\/www.salzburgerland.com\/cs\/wp-json\/wp\/v2\/media\/144037"}],"wp:attachment":[{"href":"https:\/\/www.salzburgerland.com\/cs\/wp-json\/wp\/v2\/media?parent=143967"}],"wp:term":[{"taxonomy":"category","embeddable":true,"href":"https:\/\/www.salzburgerland.com\/cs\/wp-json\/wp\/v2\/categories?post=143967"},{"taxonomy":"post_tag","embeddable":true,"href":"https:\/\/www.salzburgerland.com\/cs\/wp-json\/wp\/v2\/tags?post=143967"},{"taxonomy":"wl_entity_type","embeddable":true,"href":"https:\/\/www.salzburgerland.com\/cs\/wp-json\/wp\/v2\/wl_entity_type?post=143967"}],"curies":[{"name":"wp","href":"https:\/\/api.w.org\/{rel}","templated":true}]}}