{"id":139,"date":"2016-11-16T17:54:48","date_gmt":"2016-11-16T17:54:48","guid":{"rendered":"https:\/\/www.onebigpark.at\/cs\/?p=139"},"modified":"2022-07-03T23:00:54","modified_gmt":"2022-07-03T21:00:54","slug":"certifikovane-chalupy","status":"publish","type":"post","link":"https:\/\/www.salzburgerland.com\/cs\/certifikovane-chalupy\/","title":{"rendered":"Sala\u0161e s certifik\u00e1tem"},"content":{"rendered":"<p>Ka\u017ed\u00e1 t\u00fara m\u00e1 sv\u016fj c\u00edl. V\u00a0Salcbursku jsou j\u00edm nej\u010dast\u011bji monument\u00e1ln\u00ed vrcholy, ke kter\u00fdm se d\u00e1 vystoupat metr po metru a\u017e tam, odkud je pak mo\u017en\u00e9 \u017easnout p\u0159i pohledu do \u00fadol\u00ed. Je\u0161t\u011b p\u0159ed t\u00edm, ne\u017e se turist\u00e9 dostanou \u00fapln\u011b nahoru, \u010dek\u00e1 na n\u011b na sametov\u011b zelen\u00fdch horsk\u00fdch pastvin\u00e1ch odm\u011bna v\u00a0podob\u011b starobyl\u00e9, tradi\u010dn\u00ed a<strong> \u00fatuln\u00e9 sala\u0161e<\/strong>. Proto\u017ee na hor\u00e1ch na \u010derstv\u00e9m vzduchu rychle vytr\u00e1v\u00ed, m\u016f\u017eete si tady dop\u0159\u00e1t ty nejlep\u0161\u00ed region\u00e1ln\u00ed <strong>lah\u016fdky<\/strong> jako je nap\u0159\u00edklad sklenice studen\u00e9ho podm\u00e1sl\u00ed s\u00a0brusinkovou marmel\u00e1dou.<\/p>\n<h3>\u201eGrias di\u201c na sala\u0161i<\/h3>\n<p>P\u0159i sestupu z\u00a0vrcholu zp\u00e1tky dolu se endorfiny vyplavuj\u00ed do krevn\u00edho ob\u011bhu. S\u00a0ka\u017ed\u00fdm dal\u0161\u00edm krokem se \u010dlov\u011bk st\u00e1le v\u00edce t\u011b\u0161\u00ed na zast\u00e1vku s\u00a0n\u011b\u010d\u00edm dobr\u00fdm. O \u201ehudebn\u00ed\u201c doprovod se cestou na sala\u0161 staraj\u00ed kravsk\u00e9 zvonce. U d\u0159ev\u011bn\u00e9ho oplocen\u00ed chalupy je pak mo\u017en\u00e9 zjistit, jestli jste tady na t\u00e9 spr\u00e1vn\u00e9 adrese. <strong>Oran\u017eov\u00e9 logo<\/strong> certifikovan\u00fdch sala\u0161\u00ed na pastvin\u00e1ch ji\u017e z\u00a0d\u00e1lky signalizuje, \u017ee tady se daj\u00ed o\u010dek\u00e1vat naprosto autentick\u00e9 z\u00e1\u017eitky.<\/p>\n\n\t\t\t<div id=\"139-1\" class=\"gallery gallery-139 gallery-columns-3 gallery-size-1170_658\" itemscope itemtype=\"http:\/\/schema.org\/ImageGallery\">\n\t\t\t\t<ul class=\"gallery-row gallery-col-3 gallery-clear\">\n\t\t\t\t\t<li class=\"gallery-item col-3\" itemprop=\"associatedMedia\" itemscope itemtype=\"http:\/\/schema.org\/ImageObject\">\n\t\t\t\t\t\t<div class=\"gallery-icon landscape\"><a href=\"https:\/\/www.salzburgerland.com\/cs\/wp-content\/uploads\/2016\/11\/rs540__mk_10_11_salzb_0904_cmaria_knollr-lpr-1920x1067.jpg\" title=\"Eingang zur Almh\u00fctte\"><img decoding=\"async\" data-title=\"D\u0159ev\u011bn\u00e1 horsk\u00e1 sala\u0161 \u00a9 SalzburgerLand Tourismus, Maria Knoll \" title=\"D\u0159ev\u011bn\u00e1 horsk\u00e1 sala\u0161 \u00a9 SalzburgerLand Tourismus, Maria Knoll \" data-caption=\"D\u0159ev\u011bn\u00e1 horsk\u00e1 sala\u0161 \u00a9 SalzburgerLand Tourismus, Maria Knoll \" width=\"1170\" height=\"658\" src=\"https:\/\/www.salzburgerland.com\/cs\/wp-content\/uploads\/2016\/11\/rs540__mk_10_11_salzb_0904_cmaria_knollr-lpr-1170x658.jpg\" class=\"attachment-1170_658 size-1170_658\" alt=\"Autentick\u00e9 letn\u00ed sala\u0161e na pastvin\u00e1ch v Salcbursku s venkovn\u00edm posezen\u00edm a lidmi stoluj\u00edc\u00edmi pod modrou oblohou. (Zv\u011bt\u0161en\u00fd pohled)\" srcset=\"https:\/\/www.salzburgerland.com\/cs\/wp-content\/uploads\/2016\/11\/rs540__mk_10_11_salzb_0904_cmaria_knollr-lpr-1170x658.jpg 1170w, https:\/\/www.salzburgerland.com\/cs\/wp-content\/uploads\/2016\/11\/rs540__mk_10_11_salzb_0904_cmaria_knollr-lpr-1200x675.jpg 1200w\" sizes=\"(max-width: 1170px) 100vw, 1170px\" aria-describedby=\"figcaption-139-146887\" itemprop=\"thumbnail\"><\/a><\/div>\n\t\t\t\t\t\t<span id=\"figcaption-139-146887\" class=\"gallery-caption\" itemprop=\"caption\"><span aria-hidden=\"true\">D\u0159ev\u011bn\u00e1 horsk\u00e1 sala\u0161 \u00a9 SalzburgerLand Tourismus, Maria Knoll <\/span><\/span>\n\t\t\t\t\t<\/li>\n\t\t\t\t\t<li class=\"gallery-item col-3\" itemprop=\"associatedMedia\" itemscope itemtype=\"http:\/\/schema.org\/ImageObject\">\n\t\t\t\t\t\t<div class=\"gallery-icon landscape\"><a href=\"https:\/\/www.salzburgerland.com\/cs\/wp-content\/uploads\/2016\/11\/rs1224_dsc_0406-lpr-1920x1067.jpg\" title=\"Alm\"><img decoding=\"async\" data-title=\"Sala\u0161 na pastvin\u00e1ch pod alpsk\u00fdmi \u0161t\u00edty \u00a9 SalzburgerLand Tourismus, Achim Meurer\" title=\"Sala\u0161 na pastvin\u00e1ch pod alpsk\u00fdmi \u0161t\u00edty \u00a9 SalzburgerLand Tourismus, Achim Meurer\" data-caption=\"Sala\u0161 na pastvin\u00e1ch pod alpsk\u00fdmi \u0161t\u00edty \u00a9 SalzburgerLand Tourismus, Achim Meurer\" width=\"1170\" height=\"658\" src=\"https:\/\/www.salzburgerland.com\/cs\/wp-content\/uploads\/2016\/11\/rs1224_dsc_0406-lpr-1170x658.jpg\" class=\"attachment-1170_658 size-1170_658\" alt=\"Na travnat\u00e9m kopci se skalnat\u00fdmi horami pod jasn\u011b modrou oblohou stoj\u00ed autentick\u00e1 d\u0159ev\u011bn\u00e1 chata. (Zv\u011bt\u0161en\u00fd pohled)\" srcset=\"https:\/\/www.salzburgerland.com\/cs\/wp-content\/uploads\/2016\/11\/rs1224_dsc_0406-lpr-1170x658.jpg 1170w, https:\/\/www.salzburgerland.com\/cs\/wp-content\/uploads\/2016\/11\/rs1224_dsc_0406-lpr-1200x675.jpg 1200w\" sizes=\"(max-width: 1170px) 100vw, 1170px\" aria-describedby=\"figcaption-139-146888\" itemprop=\"thumbnail\"><\/a><\/div>\n\t\t\t\t\t\t<span id=\"figcaption-139-146888\" class=\"gallery-caption\" itemprop=\"caption\"><span aria-hidden=\"true\">Sala\u0161 na pastvin\u00e1ch pod alpsk\u00fdmi \u0161t\u00edty \u00a9 SalzburgerLand Tourismus, Achim Meurer<\/span><\/span>\n\t\t\t\t\t<\/li>\n\t\t\t\t\t<li class=\"gallery-item col-3\" itemprop=\"associatedMedia\" itemscope itemtype=\"http:\/\/schema.org\/ImageObject\">\n\t\t\t\t\t\t<div class=\"gallery-icon landscape\"><a href=\"https:\/\/www.salzburgerland.com\/cs\/wp-content\/uploads\/2016\/11\/rs1246_gria-di-lpr-1920x1067.jpg\" title=\"Gria\u00df di!\"><img decoding=\"async\" data-title='\"V\u00edtejte!\"\u00a9 SalzburgerLand Tourismus, Achim Meurer' title='\"V\u00edtejte!\"\u00a9 SalzburgerLand Tourismus, Achim Meurer' data-caption='\"V\u00edtejte!\"\u00a9 SalzburgerLand Tourismus, Achim Meurer' width=\"1170\" height=\"658\" src=\"https:\/\/www.salzburgerland.com\/cs\/wp-content\/uploads\/2016\/11\/rs1246_gria-di-lpr-1170x658.jpg\" class=\"attachment-1170_658 size-1170_658\" alt=\"Na d\u0159ev\u011bn\u00e9 st\u011bn\u011b vis\u00ed rustik\u00e1ln\u00ed autentick\u00e1 cedule s v\u00fd\u0159ezem kr\u00e1vy a n\u00e1pisem Gria\u00df di!. (Zv\u011bt\u0161en\u00fd pohled)\" srcset=\"https:\/\/www.salzburgerland.com\/cs\/wp-content\/uploads\/2016\/11\/rs1246_gria-di-lpr-1170x658.jpg 1170w, https:\/\/www.salzburgerland.com\/cs\/wp-content\/uploads\/2016\/11\/rs1246_gria-di-lpr-1200x675.jpg 1200w\" sizes=\"(max-width: 1170px) 100vw, 1170px\" aria-describedby=\"figcaption-139-146889\" itemprop=\"thumbnail\"><\/a><\/div>\n\t\t\t\t\t\t<span id=\"figcaption-139-146889\" class=\"gallery-caption\" itemprop=\"caption\"><span aria-hidden=\"true\">\u201eV\u00edtejte!\u201c\u00a9 SalzburgerLand Tourismus, Achim Meurer<\/span><\/span>\n\t\t\t\t\t<\/li>\n\t\t\t\t<\/ul>\n\t\t\t<\/div><!-- .gallery -->\n\n<p>Ka\u017ed\u00fd rok zku\u0161en\u00e1 porota nominuje ze v\u0161ech region\u016f v\u00a0zemi deset chalup. Ty se pak p\u0159edstav\u00ed v\u00a0rakousk\u00e9m den\u00edku Kronenzeitung. \u010cten\u00e1\u0159i b\u011bhem letn\u00edch m\u011bs\u00edc\u016f hlasuj\u00ed pro sv\u00e9 nejobl\u00edben\u011bj\u0161\u00ed chalupy. Ofici\u00e1ln\u00ed vyhl\u00e1\u0161en\u00ed v\u00edt\u011bz\u016f se uskute\u010dn\u00ed na podzim a v\u00edt\u011bz z\u00edsk\u00e1 velk\u00fd zvonec, kter\u00fd pak m\u016f\u017ee na \u201eLetn\u00ed sala\u0161i roku\u201c zn\u00edt a\u017e do dal\u0161\u00ed volby p\u0159\u00ed\u0161t\u00ed rok. Mezi hlavn\u00ed krit\u00e9ria p\u0159i oce\u0148ov\u00e1n\u00ed chalup pat\u0159\u00ed autentick\u00fd vzhled a dostupnost po turistick\u00fdch stezk\u00e1ch nebo lanovkou. Pro imobiln\u00ed osoby je v\u0161ak mo\u017en\u00e9 p\u0159\u00edjezd k\u00a0sala\u0161\u00edm tak\u00e9 speci\u00e1ln\u00edmi taxi transfery.<\/p>\n<div id=\"attachment_146893\" style=\"width: 1180px\" class=\"wp-caption alignnone\"><img decoding=\"async\" aria-describedby=\"caption-attachment-146893\" class=\"wp-image-146893 size-1170_658\" src=\"https:\/\/cdn.salzburgerland.com\/cs\/wp-content\/uploads\/2016\/11\/rs2465_almssommerhuette20181015001-lpr-1170x658.jpg\" alt=\"\" width=\"1170\" height=\"658\" srcset=\"https:\/\/www.salzburgerland.com\/cs\/wp-content\/uploads\/2016\/11\/rs2465_almssommerhuette20181015001-lpr-1170x658.jpg 1170w, https:\/\/www.salzburgerland.com\/cs\/wp-content\/uploads\/2016\/11\/rs2465_almssommerhuette20181015001-lpr-1200x675.jpg 1200w\" sizes=\"(max-width: 1170px) 100vw, 1170px\"><p id=\"caption-attachment-146893\" class=\"wp-caption-text\">Jedna z letn\u00edch sala\u0161\u00ed ocen\u011bn\u00e1 v posledn\u00edch letech, Erlbachh\u00fctte, Postalm \u00a9 SalzburgerLand Tourismus, Franz Neumayr<\/p><\/div>\n<p>Ocen\u011bn\u00e9 sala\u0161e na pastvin\u00e1ch musej\u00ed b\u00fdt obhospoda\u0159ov\u00e1ny tradi\u010dn\u00edm zp\u016fsobem a horsk\u00e9 louky mus\u00ed sp\u00e1sat skot. Nab\u00edzen\u00e1 j\u00eddla jsou vyrobena p\u0159\u00edmo na m\u00edst\u011b z\u00a0dom\u00e1c\u00edch nebo alespo\u0148 <strong>region\u00e1ln\u00edch produkt\u016f<\/strong>.\u00a0 Samoz\u0159ejmost\u00ed je spl\u0148ov\u00e1n\u00ed hygienick\u00fdch norem a p\u0159edpis\u016f.<\/p>\n<h3>Sala\u0161e spl\u0148uj\u00ed p\u0159\u00edsn\u00e1 krit\u00e9ria<\/h3>\n<p>Kdy\u017e \u010dlov\u011bk otev\u0159e d\u0159ev\u011bn\u00e1 vr\u00e1tka u takov\u00e9 sala\u0161e, ihned jeho \u010dichov\u00e9 bu\u0148ky pot\u011b\u0161\u00ed v\u016fn\u011b tradi\u010dn\u00edch horsk\u00fdch j\u00eddel a selka ho p\u0159iv\u00edt\u00e1 sv\u00fdm srde\u010dn\u00fdm pozdravem <strong>\u201eGrias di\u201c!<\/strong> Z tal\u00ed\u0159e hork\u00e9 pol\u00e9vky s pinzgausk\u00fdmi s\u00fdrov\u00fdmi knedl\u00ed\u010dky stoup\u00e1 p\u00e1ra, d\u00e1le se pod\u00e1vaj\u00ed nap\u0159\u00edklad selsk\u00e9 koblihy s kysel\u00fdm zel\u00edm, bezov\u00e9 pyr\u00e9 a nebo sladk\u00fd c\u00edsa\u0159sk\u00fd trhanec. Nen\u00ed tedy divu, \u017ee p\u0159\u00edchoz\u00ed host\u00e9 rychle zasednou na lavici na proslun\u011bn\u00e9 terase a nechaj\u00ed si p\u0159in\u00e9st n\u011bco k sn\u011bdku. Nejen pohled na okoln\u00ed prost\u0159ed\u00ed a v\u016fn\u011b, ale tak\u00e9 chut\u011b hraj\u00ed d\u016fle\u017eitou roli. Salcbursk\u00e1 kuchyn\u011b v\u00e1m na sala\u0161\u00edch v hor\u00e1ch rychle zachutn\u00e1!<\/p>\n<div id=\"attachment_146891\" style=\"width: 1180px\" class=\"wp-caption alignnone\"><img decoding=\"async\" aria-describedby=\"caption-attachment-146891\" class=\"size-1170_658 wp-image-146891\" src=\"https:\/\/cdn.salzburgerland.com\/cs\/wp-content\/uploads\/2016\/11\/rs2747_t2_064-lpr-1170x658.jpg\" alt=\"\" width=\"1170\" height=\"658\" srcset=\"https:\/\/www.salzburgerland.com\/cs\/wp-content\/uploads\/2016\/11\/rs2747_t2_064-lpr-1170x658.jpg 1170w, https:\/\/www.salzburgerland.com\/cs\/wp-content\/uploads\/2016\/11\/rs2747_t2_064-lpr-1200x675.jpg 1200w\" sizes=\"(max-width: 1170px) 100vw, 1170px\"><p id=\"caption-attachment-146891\" class=\"wp-caption-text\">Rodinn\u00e1 pauza na Mitterastenalm v Raurisu \u00a9 SalzburgerLand Tourismus, Tom Son<\/p><\/div>\n<p>N\u011bkter\u00e9 sala\u0161e se v\u011bnuj\u00ed speci\u00e1ln\u00edm tematick\u00fdm oblastem. Jsou tu nap\u0159\u00edklad pastviny pro ko\u010d\u00e1rky, speci\u00e1ln\u011b upraven\u00e9 pro n\u00e1v\u0161t\u011bvn\u00edky s\u00a0mal\u00fdmi d\u011btmi. Po zpevn\u011bn\u00fdch cest\u00e1ch se tedy k\u00a0sala\u0161\u00edm dostanou rodi\u010de s\u00a0ko\u010d\u00e1rkem naprosto hrav\u011b. Na po\u017eadavky t\u011bch nejmen\u0161\u00edch jsou d\u00e1le zam\u011b\u0159eny pastviny pro d\u011bti.<\/p>\n<div id=\"attachment_146890\" style=\"width: 1180px\" class=\"wp-caption alignnone\"><img decoding=\"async\" aria-describedby=\"caption-attachment-146890\" class=\"wp-image-146890 size-1170_658\" src=\"https:\/\/cdn.salzburgerland.com\/cs\/wp-content\/uploads\/2016\/11\/rs369__n4g2450-lpr-1170x658.jpg\" alt=\"\" width=\"1170\" height=\"658\" srcset=\"https:\/\/www.salzburgerland.com\/cs\/wp-content\/uploads\/2016\/11\/rs369__n4g2450-lpr-1170x658.jpg 1170w, https:\/\/www.salzburgerland.com\/cs\/wp-content\/uploads\/2016\/11\/rs369__n4g2450-lpr-1200x675.jpg 1200w\" sizes=\"(max-width: 1170px) 100vw, 1170px\"><p id=\"caption-attachment-146890\" class=\"wp-caption-text\">V p\u0159\u00edrod\u011b pod horami \u00a9 SalzburgerLand Tourismus<\/p><\/div>\n<p>Nab\u00edzej\u00ed nap\u0159\u00edklad mini zoo s\u00a0mo\u017enost\u00ed pohlazen\u00ed a krmen\u00ed zv\u00ed\u0159\u00e1tek, prol\u00e9za\u010dky ze d\u0159eva, z\u00e1\u017eitkov\u00e9 stezky nebo h\u0159i\u0161t\u011b. Svoje speci\u00e1ln\u00ed pastviny maj\u00ed i bike\u0159i. Na sala\u0161e vedou trasy pro horsk\u00e1 kola a takov\u00e1 m\u00edsta jsou snadno poznat u\u017e z\u00a0d\u00e1lky podle mno\u017estv\u00ed kol op\u0159en\u00fdch o plot chalupy. Zaj\u00edmavost\u00ed jsou dokonce i horsk\u00e9 pastviny zam\u011b\u0159en\u00e9 na hudbu, v\u00fdtvarn\u00e9 um\u011bn\u00ed, literaturu nebo divadlo.<\/p>\n<p>Pokud zav\u00edt\u00e1te na sala\u0161 a ochutn\u00e1te n\u011bco z\u00a0region\u00e1ln\u00edch delikates, nem\u011bli byste ale tak\u00e9 zapomenout na raz\u00edtko z\u00a0pastviny. Kdy\u017e jich \u010dlov\u011bk nasb\u00edr\u00e1 na speci\u00e1ln\u00ed turistickou karti\u010dku 10, z\u00edsk\u00e1 d\u0159ev\u011bn\u00e9 prk\u00e9nko. I doma si tak m\u016f\u017ee u\u017e\u00edt sva\u010dinu na prk\u00e9nku jako na hor\u00e1ch a zavzpom\u00ednat tak na p\u0159\u00edjemn\u00e9 dny dovolen\u00e9 str\u00e1ven\u00e9 na sala\u0161\u00edch.<\/p>\n<p>U\u017eijte si dovolenou bez nep\u0159\u00edjemnost\u00ed a pamatujte na z\u00e1sady <strong>bezpe\u010dnosti<\/strong>. V\u00edce m\u016f\u017eete naj\u00edt <a href=\"https:\/\/www.salzburgerland.com\/cs\/bezpecnost-v-horach-v-lete\/\" target=\"_blank\" rel=\"noopener noreferrer\">zde<\/a>. Zjist\u011bte tak\u00e9 v\u00edce informac\u00ed o Salcbursku. Pod\u00edvejte se do na\u0161eho <a href=\"https:\/\/www.salzburgerland.com\/cs\/shop\/\" target=\"_blank\" rel=\"noopener noreferrer\">online shopu<\/a> s <strong>prospekty, magaz\u00edny a bro\u017eury<\/strong>, kter\u00e9 jsme pro v\u00e1s p\u0159ipravili! Jedn\u00e1 se o Pr\u016fvodce s automapou Salcburska, bro\u017euru L\u00e9to na pastvin\u00e1ch nebo Letn\u00ed magaz\u00edn.<\/p>\n","protected":false},"excerpt":{"rendered":"<p>Ka\u017ed\u00e1 t\u00fara m\u00e1 sv\u016fj c\u00edl. V\u00a0Salcbursku jsou j\u00edm nej\u010dast\u011bji monument\u00e1ln\u00ed vrcholy, ke kter\u00fdm se d\u00e1 vystoupat metr po metru a\u017e tam, odkud je pak mo\u017en\u00e9 \u017easnout p\u0159i pohledu do \u00fadol\u00ed. Je\u0161t\u011b p\u0159ed t\u00edm, ne\u017e se turist\u00e9 dostanou \u00fapln\u011b nahoru, \u010dek\u00e1 na n\u011b na sametov\u011b zelen\u00fdch horsk\u00fdch pastvin\u00e1ch odm\u011bna v\u00a0podob\u011b starobyl\u00e9, tradi\u010dn\u00ed a \u00fatuln\u00e9 sala\u0161e. Proto\u017ee [&hellip;]<\/p>\n","protected":false},"author":6,"featured_media":151211,"comment_status":"closed","ping_status":"closed","sticky":false,"template":"","format":"standard","meta":{"_acf_changed":false,"wl_entities_gutenberg":"","_relevanssi_hide_post":"","_relevanssi_hide_content":"","_relevanssi_pin_for_all":"","_relevanssi_pin_keywords":"","_relevanssi_unpin_keywords":"","_relevanssi_related_keywords":"","_relevanssi_related_include_ids":"","_relevanssi_related_exclude_ids":"","_relevanssi_related_no_append":"","_relevanssi_related_not_related":"","_relevanssi_related_posts":"","_relevanssi_noindex_reason":"","footnotes":""},"categories":[1],"tags":[],"wl_entity_type":[706],"class_list":["post-139","post","type-post","status-publish","format-standard","has-post-thumbnail","hentry","category-uncategorized","wl_entity_type-article"],"acf":[],"yoast_head":"<!-- This site is optimized with the Yoast SEO Premium plugin v27.4 (Yoast SEO v27.4) - https:\/\/yoast.com\/product\/yoast-seo-premium-wordpress\/ -->\n<title>Sala\u0161e s certifik\u00e1tem \u00bb SalzburgerLand.com<\/title>\n<meta name=\"robots\" content=\"index, follow, max-snippet:-1, max-image-preview:large, max-video-preview:-1\" \/>\n<link rel=\"canonical\" href=\"https:\/\/www.salzburgerland.com\/cs\/certifikovane-chalupy\/\" \/>\n<meta property=\"og:locale\" content=\"cs_CZ\" \/>\n<meta property=\"og:type\" content=\"article\" \/>\n<meta property=\"og:title\" content=\"Sala\u0161e s certifik\u00e1tem\" \/>\n<meta property=\"og:description\" content=\"Ka\u017ed\u00e1 t\u00fara m\u00e1 sv\u016fj c\u00edl. V\u00a0Salcbursku jsou j\u00edm nej\u010dast\u011bji monument\u00e1ln\u00ed vrcholy, ke kter\u00fdm se d\u00e1 vystoupat metr po metru a\u017e tam, odkud je pak mo\u017en\u00e9 \u017easnout\" \/>\n<meta property=\"og:url\" content=\"https:\/\/www.salzburgerland.com\/cs\/certifikovane-chalupy\/\" \/>\n<meta property=\"og:site_name\" content=\"SalzburgerLand.com\" \/>\n<meta property=\"article:publisher\" content=\"https:\/\/www.facebook.com\/visitsalzburgerland\/\" \/>\n<meta property=\"article:published_time\" content=\"2016-11-16T17:54:48+00:00\" \/>\n<meta property=\"article:modified_time\" content=\"2022-07-03T21:00:54+00:00\" \/>\n<meta property=\"og:image\" content=\"https:\/\/www.salzburgerland.com\/cs\/wp-content\/uploads\/2016\/11\/altenmarkt-zauchensee-tourismus_sommer_lackenalmen-1-1170x658-1.jpg\" \/>\n\t<meta property=\"og:image:width\" content=\"1170\" \/>\n\t<meta property=\"og:image:height\" content=\"658\" \/>\n\t<meta property=\"og:image:type\" content=\"image\/jpeg\" \/>\n<meta name=\"author\" content=\"Andrea \u017d\u00e1\u010dkov\u00e1\" \/>\n<meta name=\"twitter:card\" content=\"summary_large_image\" \/>\n<meta name=\"twitter:creator\" content=\"@salzburgerland\" \/>\n<meta name=\"twitter:site\" content=\"@salzburgerland\" \/>\n<meta name=\"twitter:label1\" content=\"Napsal(a)\" \/>\n\t<meta name=\"twitter:data1\" content=\"Andrea \u017d\u00e1\u010dkov\u00e1\" \/>\n\t<meta name=\"twitter:label2\" content=\"Odhadovan\u00e1 doba \u010dten\u00ed\" \/>\n\t<meta name=\"twitter:data2\" content=\"5 minut\" \/>\n<script type=\"application\/ld+json\" class=\"yoast-schema-graph\">{\"@context\":\"https:\\\/\\\/schema.org\",\"@graph\":[{\"@type\":\"Article\",\"@id\":\"https:\\\/\\\/www.salzburgerland.com\\\/cs\\\/certifikovane-chalupy\\\/#article\",\"isPartOf\":{\"@id\":\"https:\\\/\\\/www.salzburgerland.com\\\/cs\\\/certifikovane-chalupy\\\/\"},\"author\":{\"name\":\"Andrea \u017d\u00e1\u010dkov\u00e1\",\"@id\":\"https:\\\/\\\/www.salzburgerland.com\\\/cs\\\/#\\\/schema\\\/person\\\/dd42a4661897004df109095dbf40eeff\"},\"headline\":\"Sala\u0161e s certifik\u00e1tem\",\"datePublished\":\"2016-11-16T17:54:48+00:00\",\"dateModified\":\"2022-07-03T21:00:54+00:00\",\"mainEntityOfPage\":{\"@id\":\"https:\\\/\\\/www.salzburgerland.com\\\/cs\\\/certifikovane-chalupy\\\/\"},\"wordCount\":901,\"image\":{\"@id\":\"https:\\\/\\\/www.salzburgerland.com\\\/cs\\\/certifikovane-chalupy\\\/#primaryimage\"},\"thumbnailUrl\":\"https:\\\/\\\/www.salzburgerland.com\\\/cs\\\/wp-content\\\/uploads\\\/2016\\\/11\\\/altenmarkt-zauchensee-tourismus_sommer_lackenalmen-1-1170x658-1.jpg\",\"articleSection\":[\"Uncategorized\"],\"inLanguage\":\"cs\"},{\"@type\":\"WebPage\",\"@id\":\"https:\\\/\\\/www.salzburgerland.com\\\/cs\\\/certifikovane-chalupy\\\/\",\"url\":\"https:\\\/\\\/www.salzburgerland.com\\\/cs\\\/certifikovane-chalupy\\\/\",\"name\":\"Sala\u0161e s certifik\u00e1tem \u00bb SalzburgerLand.com\",\"isPartOf\":{\"@id\":\"https:\\\/\\\/www.salzburgerland.com\\\/cs\\\/#website\"},\"primaryImageOfPage\":{\"@id\":\"https:\\\/\\\/www.salzburgerland.com\\\/cs\\\/certifikovane-chalupy\\\/#primaryimage\"},\"image\":{\"@id\":\"https:\\\/\\\/www.salzburgerland.com\\\/cs\\\/certifikovane-chalupy\\\/#primaryimage\"},\"thumbnailUrl\":\"https:\\\/\\\/www.salzburgerland.com\\\/cs\\\/wp-content\\\/uploads\\\/2016\\\/11\\\/altenmarkt-zauchensee-tourismus_sommer_lackenalmen-1-1170x658-1.jpg\",\"datePublished\":\"2016-11-16T17:54:48+00:00\",\"dateModified\":\"2022-07-03T21:00:54+00:00\",\"author\":{\"@id\":\"https:\\\/\\\/www.salzburgerland.com\\\/cs\\\/#\\\/schema\\\/person\\\/dd42a4661897004df109095dbf40eeff\"},\"description\":\"Na v\u00edce ne\u017e 1800 obhospoda\u0159ovan\u00fdch horsk\u00fdch pastvin\u00e1ch v Salcbursku je mo\u017en\u00e9 naj\u00edt celkem 550 obydlen\u00fdch sala\u0161\u00ed. 171 z nich se m\u016f\u017ee pochlubit speci\u00e1ln\u00edm ocen\u011bn\u00edm \u201eAlmsommerh\u00fctte\u201c. Tento certifik\u00e1t z\u00edsk\u00e1vaj\u00ed pouze prov\u011b\u0159en\u00e9 a tradi\u010dn\u00ed chalupy spl\u0148uj\u00edc\u00ed p\u0159\u00edsn\u00e1 krit\u00e9ria. N\u00e1v\u0161t\u011bvn\u00edci se na nich mohou spolehnout na region\u00e1ln\u00ed produkty a autentickou atmosf\u00e9ru.\",\"breadcrumb\":{\"@id\":\"https:\\\/\\\/www.salzburgerland.com\\\/cs\\\/certifikovane-chalupy\\\/#breadcrumb\"},\"inLanguage\":\"cs\",\"potentialAction\":[{\"@type\":\"ReadAction\",\"target\":[\"https:\\\/\\\/www.salzburgerland.com\\\/cs\\\/certifikovane-chalupy\\\/\"]}]},{\"@type\":\"ImageObject\",\"inLanguage\":\"cs\",\"@id\":\"https:\\\/\\\/www.salzburgerland.com\\\/cs\\\/certifikovane-chalupy\\\/#primaryimage\",\"url\":\"https:\\\/\\\/www.salzburgerland.com\\\/cs\\\/wp-content\\\/uploads\\\/2016\\\/11\\\/altenmarkt-zauchensee-tourismus_sommer_lackenalmen-1-1170x658-1.jpg\",\"contentUrl\":\"https:\\\/\\\/www.salzburgerland.com\\\/cs\\\/wp-content\\\/uploads\\\/2016\\\/11\\\/altenmarkt-zauchensee-tourismus_sommer_lackenalmen-1-1170x658-1.jpg\",\"width\":1170,\"height\":658,\"caption\":\"Sala\u0161e na pastvin\u00e1ch v turistick\u00e9 oblasti Altenmarkt-Zauchensee \u00a9 Altenmarkt-Zauchensee Tourismus\\\/Hans Huber Photos\"},{\"@type\":\"BreadcrumbList\",\"@id\":\"https:\\\/\\\/www.salzburgerland.com\\\/cs\\\/certifikovane-chalupy\\\/#breadcrumb\",\"itemListElement\":[{\"@type\":\"ListItem\",\"position\":1,\"name\":\"Salcbursk\u00e9 l\u00e9to na pastvin\u00e1ch\",\"item\":\"https:\\\/\\\/www.salzburgerland.com\\\/cs\\\/salcburske-leto-na-pastvinach\\\/\"},{\"@type\":\"ListItem\",\"position\":2,\"name\":\"Sala\u0161e s certifik\u00e1tem\"}]},{\"@type\":\"WebSite\",\"@id\":\"https:\\\/\\\/www.salzburgerland.com\\\/cs\\\/#website\",\"url\":\"https:\\\/\\\/www.salzburgerland.com\\\/cs\\\/\",\"name\":\"SalzburgerLand.com\",\"description\":\"Va\u0161e dovolen\u00e1 v Salcburku, Rakousko\",\"potentialAction\":[{\"@type\":\"SearchAction\",\"target\":{\"@type\":\"EntryPoint\",\"urlTemplate\":\"https:\\\/\\\/www.salzburgerland.com\\\/cs\\\/?s={search_term_string}\"},\"query-input\":{\"@type\":\"PropertyValueSpecification\",\"valueRequired\":true,\"valueName\":\"search_term_string\"}}],\"inLanguage\":\"cs\"},{\"@type\":\"Person\",\"@id\":\"https:\\\/\\\/www.salzburgerland.com\\\/cs\\\/#\\\/schema\\\/person\\\/dd42a4661897004df109095dbf40eeff\",\"name\":\"Andrea \u017d\u00e1\u010dkov\u00e1\",\"image\":{\"@type\":\"ImageObject\",\"inLanguage\":\"cs\",\"@id\":\"https:\\\/\\\/secure.gravatar.com\\\/avatar\\\/338deec8d231d56d0ab7b2b7d6d0aedbcb3eb05390f6c027fd5b7ebe87b67dbf?s=96&d=mm&r=g\",\"url\":\"https:\\\/\\\/secure.gravatar.com\\\/avatar\\\/338deec8d231d56d0ab7b2b7d6d0aedbcb3eb05390f6c027fd5b7ebe87b67dbf?s=96&d=mm&r=g\",\"contentUrl\":\"https:\\\/\\\/secure.gravatar.com\\\/avatar\\\/338deec8d231d56d0ab7b2b7d6d0aedbcb3eb05390f6c027fd5b7ebe87b67dbf?s=96&d=mm&r=g\",\"caption\":\"Andrea \u017d\u00e1\u010dkov\u00e1\"}}]}<\/script>\n<meta property=\"og:video\" content=\"https:\/\/www.youtube.com\/embed\/LUiivIMGAB8\" \/>\n<meta property=\"og:video:type\" content=\"text\/html\" \/>\n<meta property=\"og:video:duration\" content=\"63\" \/>\n<meta property=\"og:video:width\" content=\"480\" \/>\n<meta property=\"og:video:height\" content=\"270\" \/>\n<meta property=\"ya:ovs:adult\" content=\"false\" \/>\n<meta property=\"ya:ovs:upload_date\" content=\"2016-11-16T17:54:48+00:00\" \/>\n<meta property=\"ya:ovs:allow_embed\" content=\"true\" \/>\n<!-- \/ Yoast SEO Premium plugin. -->","yoast_head_json":{"title":"Sala\u0161e s certifik\u00e1tem \u00bb SalzburgerLand.com","robots":{"index":"index","follow":"follow","max-snippet":"max-snippet:-1","max-image-preview":"max-image-preview:large","max-video-preview":"max-video-preview:-1"},"canonical":"https:\/\/www.salzburgerland.com\/cs\/certifikovane-chalupy\/","og_locale":"cs_CZ","og_type":"article","og_title":"Sala\u0161e s certifik\u00e1tem","og_description":"Ka\u017ed\u00e1 t\u00fara m\u00e1 sv\u016fj c\u00edl. V\u00a0Salcbursku jsou j\u00edm nej\u010dast\u011bji monument\u00e1ln\u00ed vrcholy, ke kter\u00fdm se d\u00e1 vystoupat metr po metru a\u017e tam, odkud je pak mo\u017en\u00e9 \u017easnout","og_url":"https:\/\/www.salzburgerland.com\/cs\/certifikovane-chalupy\/","og_site_name":"SalzburgerLand.com","article_publisher":"https:\/\/www.facebook.com\/visitsalzburgerland\/","article_published_time":"2016-11-16T17:54:48+00:00","article_modified_time":"2022-07-03T21:00:54+00:00","og_image":[{"url":"https:\/\/www.salzburgerland.com\/cs\/wp-content\/uploads\/2016\/11\/altenmarkt-zauchensee-tourismus_sommer_lackenalmen-1-1170x658-1.jpg","width":1170,"height":658,"type":"image\/jpeg"}],"author":"Andrea \u017d\u00e1\u010dkov\u00e1","twitter_card":"summary_large_image","twitter_creator":"@salzburgerland","twitter_site":"@salzburgerland","twitter_misc":{"Napsal(a)":"Andrea \u017d\u00e1\u010dkov\u00e1","Odhadovan\u00e1 doba \u010dten\u00ed":"5 minut"},"schema":{"@context":"https:\/\/schema.org","@graph":[{"@type":"Article","@id":"https:\/\/www.salzburgerland.com\/cs\/certifikovane-chalupy\/#article","isPartOf":{"@id":"https:\/\/www.salzburgerland.com\/cs\/certifikovane-chalupy\/"},"author":{"name":"Andrea \u017d\u00e1\u010dkov\u00e1","@id":"https:\/\/www.salzburgerland.com\/cs\/#\/schema\/person\/dd42a4661897004df109095dbf40eeff"},"headline":"Sala\u0161e s certifik\u00e1tem","datePublished":"2016-11-16T17:54:48+00:00","dateModified":"2022-07-03T21:00:54+00:00","mainEntityOfPage":{"@id":"https:\/\/www.salzburgerland.com\/cs\/certifikovane-chalupy\/"},"wordCount":901,"image":{"@id":"https:\/\/www.salzburgerland.com\/cs\/certifikovane-chalupy\/#primaryimage"},"thumbnailUrl":"https:\/\/www.salzburgerland.com\/cs\/wp-content\/uploads\/2016\/11\/altenmarkt-zauchensee-tourismus_sommer_lackenalmen-1-1170x658-1.jpg","articleSection":["Uncategorized"],"inLanguage":"cs"},{"@type":"WebPage","@id":"https:\/\/www.salzburgerland.com\/cs\/certifikovane-chalupy\/","url":"https:\/\/www.salzburgerland.com\/cs\/certifikovane-chalupy\/","name":"Sala\u0161e s certifik\u00e1tem \u00bb SalzburgerLand.com","isPartOf":{"@id":"https:\/\/www.salzburgerland.com\/cs\/#website"},"primaryImageOfPage":{"@id":"https:\/\/www.salzburgerland.com\/cs\/certifikovane-chalupy\/#primaryimage"},"image":{"@id":"https:\/\/www.salzburgerland.com\/cs\/certifikovane-chalupy\/#primaryimage"},"thumbnailUrl":"https:\/\/www.salzburgerland.com\/cs\/wp-content\/uploads\/2016\/11\/altenmarkt-zauchensee-tourismus_sommer_lackenalmen-1-1170x658-1.jpg","datePublished":"2016-11-16T17:54:48+00:00","dateModified":"2022-07-03T21:00:54+00:00","author":{"@id":"https:\/\/www.salzburgerland.com\/cs\/#\/schema\/person\/dd42a4661897004df109095dbf40eeff"},"description":"Na v\u00edce ne\u017e 1800 obhospoda\u0159ovan\u00fdch horsk\u00fdch pastvin\u00e1ch v Salcbursku je mo\u017en\u00e9 naj\u00edt celkem 550 obydlen\u00fdch sala\u0161\u00ed. 171 z nich se m\u016f\u017ee pochlubit speci\u00e1ln\u00edm ocen\u011bn\u00edm \u201eAlmsommerh\u00fctte\u201c. Tento certifik\u00e1t z\u00edsk\u00e1vaj\u00ed pouze prov\u011b\u0159en\u00e9 a tradi\u010dn\u00ed chalupy spl\u0148uj\u00edc\u00ed p\u0159\u00edsn\u00e1 krit\u00e9ria. N\u00e1v\u0161t\u011bvn\u00edci se na nich mohou spolehnout na region\u00e1ln\u00ed produkty a autentickou atmosf\u00e9ru.","breadcrumb":{"@id":"https:\/\/www.salzburgerland.com\/cs\/certifikovane-chalupy\/#breadcrumb"},"inLanguage":"cs","potentialAction":[{"@type":"ReadAction","target":["https:\/\/www.salzburgerland.com\/cs\/certifikovane-chalupy\/"]}]},{"@type":"ImageObject","inLanguage":"cs","@id":"https:\/\/www.salzburgerland.com\/cs\/certifikovane-chalupy\/#primaryimage","url":"https:\/\/www.salzburgerland.com\/cs\/wp-content\/uploads\/2016\/11\/altenmarkt-zauchensee-tourismus_sommer_lackenalmen-1-1170x658-1.jpg","contentUrl":"https:\/\/www.salzburgerland.com\/cs\/wp-content\/uploads\/2016\/11\/altenmarkt-zauchensee-tourismus_sommer_lackenalmen-1-1170x658-1.jpg","width":1170,"height":658,"caption":"Sala\u0161e na pastvin\u00e1ch v turistick\u00e9 oblasti Altenmarkt-Zauchensee \u00a9 Altenmarkt-Zauchensee Tourismus\/Hans Huber Photos"},{"@type":"BreadcrumbList","@id":"https:\/\/www.salzburgerland.com\/cs\/certifikovane-chalupy\/#breadcrumb","itemListElement":[{"@type":"ListItem","position":1,"name":"Salcbursk\u00e9 l\u00e9to na pastvin\u00e1ch","item":"https:\/\/www.salzburgerland.com\/cs\/salcburske-leto-na-pastvinach\/"},{"@type":"ListItem","position":2,"name":"Sala\u0161e s certifik\u00e1tem"}]},{"@type":"WebSite","@id":"https:\/\/www.salzburgerland.com\/cs\/#website","url":"https:\/\/www.salzburgerland.com\/cs\/","name":"SalzburgerLand.com","description":"Va\u0161e dovolen\u00e1 v Salcburku, Rakousko","potentialAction":[{"@type":"SearchAction","target":{"@type":"EntryPoint","urlTemplate":"https:\/\/www.salzburgerland.com\/cs\/?s={search_term_string}"},"query-input":{"@type":"PropertyValueSpecification","valueRequired":true,"valueName":"search_term_string"}}],"inLanguage":"cs"},{"@type":"Person","@id":"https:\/\/www.salzburgerland.com\/cs\/#\/schema\/person\/dd42a4661897004df109095dbf40eeff","name":"Andrea \u017d\u00e1\u010dkov\u00e1","image":{"@type":"ImageObject","inLanguage":"cs","@id":"https:\/\/secure.gravatar.com\/avatar\/338deec8d231d56d0ab7b2b7d6d0aedbcb3eb05390f6c027fd5b7ebe87b67dbf?s=96&d=mm&r=g","url":"https:\/\/secure.gravatar.com\/avatar\/338deec8d231d56d0ab7b2b7d6d0aedbcb3eb05390f6c027fd5b7ebe87b67dbf?s=96&d=mm&r=g","contentUrl":"https:\/\/secure.gravatar.com\/avatar\/338deec8d231d56d0ab7b2b7d6d0aedbcb3eb05390f6c027fd5b7ebe87b67dbf?s=96&d=mm&r=g","caption":"Andrea \u017d\u00e1\u010dkov\u00e1"}}]},"og_video":"https:\/\/www.youtube.com\/embed\/LUiivIMGAB8","og_video_type":"text\/html","og_video_duration":"63","og_video_width":"480","og_video_height":"270","ya_ovs_adult":"false","ya_ovs_upload_date":"2016-11-16T17:54:48+00:00","ya_ovs_allow_embed":"true"},"_wl_alt_label":[],"wl:entity_url":"http:\/\/open.salzburgerland.com\/cs\/post\/certifikovane_chalupy","_links":{"self":[{"href":"https:\/\/www.salzburgerland.com\/cs\/wp-json\/wp\/v2\/posts\/139","targetHints":{"allow":["GET"]}}],"collection":[{"href":"https:\/\/www.salzburgerland.com\/cs\/wp-json\/wp\/v2\/posts"}],"about":[{"href":"https:\/\/www.salzburgerland.com\/cs\/wp-json\/wp\/v2\/types\/post"}],"author":[{"embeddable":true,"href":"https:\/\/www.salzburgerland.com\/cs\/wp-json\/wp\/v2\/users\/6"}],"replies":[{"embeddable":true,"href":"https:\/\/www.salzburgerland.com\/cs\/wp-json\/wp\/v2\/comments?post=139"}],"version-history":[{"count":5,"href":"https:\/\/www.salzburgerland.com\/cs\/wp-json\/wp\/v2\/posts\/139\/revisions"}],"predecessor-version":[{"id":151225,"href":"https:\/\/www.salzburgerland.com\/cs\/wp-json\/wp\/v2\/posts\/139\/revisions\/151225"}],"wp:featuredmedia":[{"embeddable":true,"href":"https:\/\/www.salzburgerland.com\/cs\/wp-json\/wp\/v2\/media\/151211"}],"wp:attachment":[{"href":"https:\/\/www.salzburgerland.com\/cs\/wp-json\/wp\/v2\/media?parent=139"}],"wp:term":[{"taxonomy":"category","embeddable":true,"href":"https:\/\/www.salzburgerland.com\/cs\/wp-json\/wp\/v2\/categories?post=139"},{"taxonomy":"post_tag","embeddable":true,"href":"https:\/\/www.salzburgerland.com\/cs\/wp-json\/wp\/v2\/tags?post=139"},{"taxonomy":"wl_entity_type","embeddable":true,"href":"https:\/\/www.salzburgerland.com\/cs\/wp-json\/wp\/v2\/wl_entity_type?post=139"}],"curies":[{"name":"wp","href":"https:\/\/api.w.org\/{rel}","templated":true}]}}